{"id":2250,"date":"2025-11-10T15:56:23","date_gmt":"2025-11-10T18:56:23","guid":{"rendered":"https:\/\/sudoesteacontece.com.br\/?p=2250"},"modified":"2025-11-10T15:56:35","modified_gmt":"2025-11-10T18:56:35","slug":"tarcisio-lidera-corrida-para-unir-direita-em-2026-mostra-pesquisa","status":"publish","type":"post","link":"https:\/\/sudoesteacontece.com.br\/?p=2250","title":{"rendered":"Tarc\u00edsio lidera corrida para unir direita em 2026, mostra pesquisa"},"content":{"rendered":"<div class=\"wp-block-image\">\n<figure class=\"aligncenter size-full\"><img fetchpriority=\"high\" decoding=\"async\" width=\"600\" height=\"400\" src=\"http:\/\/sudoesteacontece.com.br\/wp-content\/uploads\/2025\/11\/tarcisio-de-freitas_governo-de-sp.jpg\" alt=\"\" class=\"wp-image-2273\" srcset=\"https:\/\/sudoesteacontece.com.br\/wp-content\/uploads\/2025\/11\/tarcisio-de-freitas_governo-de-sp.jpg 600w, https:\/\/sudoesteacontece.com.br\/wp-content\/uploads\/2025\/11\/tarcisio-de-freitas_governo-de-sp-300x200.jpg 300w\" sizes=\"(max-width: 600px) 100vw, 600px\" \/><\/figure>\n<\/div>\n\n\n<p>O governador de S\u00e3o Paulo, Tarc\u00edsio de Freitas (Republicanos), \u00e9 visto por parlamentares como o principal nome capaz de unir a direita nas elei\u00e7\u00f5es presidenciais de 2026.<\/p>\n\n\n\n<p>Levantamento do Ranking dos Pol\u00edticos, divulgado nesta segunda-feira (10) pelo Estad\u00e3o, mostra que Tarc\u00edsio mant\u00e9m vantagem expressiva sobre outros poss\u00edveis candidatos.<\/p>\n\n\n\n<p>Pesquisa ouviu 134 parlamentares,107 deputados de 20 partidos e 27 senadores de 12 legendas, entre os dias 21 e 31 de outubro. O \u00edndice de confian\u00e7a \u00e9 de 95%, com margem de erro de dois pontos percentuais.<\/p>\n\n\n\n<p>Na C\u00e2mara dos Deputados, 48,6% dos entrevistados apontaram Tarc\u00edsio como o l\u00edder natural da direita. Ele aparece \u00e0 frente de Eduardo Bolsonaro (15%), Michelle Bolsonaro (13,1%), Ratinho J\u00fanior (9,3%) e Romeu Zema (3,7%).<\/p>\n\n\n\n<p>Entre os senadores, o governador paulista tamb\u00e9m lidera com 44,5% das men\u00e7\u00f5es. Eduardo e Michelle Bolsonaro v\u00eam em seguida, empatados com 14,8%, e Ratinho J\u00fanior aparece com 7,4%.<\/p>\n\n\n\n<p>Os n\u00fameros mostram que Tarc\u00edsio consolidou seu papel de sucessor pol\u00edtico de Jair Bolsonaro, embora o ex-presidente ainda n\u00e3o tenha declarado apoio p\u00fablico a nenhum nome.<\/p>\n\n\n\n<p>Para o diretor de opera\u00e7\u00f5es do Ranking dos Pol\u00edticos, Luan Sperandio, o cen\u00e1rio \u00e9 de lideran\u00e7a isolada, mas sem unidade no campo conservador. \u201cTarc\u00edsio \u00e9 o nome mais forte, por\u00e9m h\u00e1 um ambiente de dispers\u00e3o pol\u00edtica\u201d, avaliou.<\/p>\n\n\n\n<p>Mesmo com a vantagem, 67% dos deputados e 63% dos senadores acreditam que a direita chegar\u00e1 dividida em 2026. Apenas cerca de 30% veem chance de uni\u00e3o por meio de alian\u00e7as.<\/p>\n\n\n\n<p>Fragmenta\u00e7\u00e3o pode abrir espa\u00e7o para disputas internas e dificultar a defini\u00e7\u00e3o de uma candidatura \u00fanica. Sperandio alerta que ataques entre nomes do mesmo campo ideol\u00f3gico podem enfraquecer a direita num eventual segundo turno.<\/p>\n\n\n\n<p>Outros governadores, como Ratinho J\u00fanior (PSD) e Ronaldo Caiado (Uni\u00e3o Brasil), tentam se projetar nacionalmente, mas ainda n\u00e3o alcan\u00e7am o mesmo reconhecimento.<\/p>\n\n\n\n<p>Apesar disso, especialistas apontam que novos l\u00edderes regionais devem ganhar for\u00e7a nas pr\u00f3ximas elei\u00e7\u00f5es, compondo uma \u201cnova gera\u00e7\u00e3o\u201d de pol\u00edticos conservadores.<\/p>\n\n\n\n<p>Levantamento refor\u00e7a que a aus\u00eancia de Jair Bolsonaro no pleito deixa um v\u00e1cuo de lideran\u00e7a, e Tarc\u00edsio surge como o nome mais vi\u00e1vel para ocupar esse espa\u00e7o em 2026.<\/p>\n","protected":false},"excerpt":{"rendered":"<p>O governador de S\u00e3o Paulo, Tarc\u00edsio de Freitas (Republicanos), \u00e9 visto por parlamentares como o principal nome capaz de unir a direita nas elei\u00e7\u00f5es presidenciais de 2026. Levantamento do Ranking dos Pol\u00edticos, divulgado nesta segunda-feira (10) pelo Estad\u00e3o, mostra que Tarc\u00edsio mant\u00e9m vantagem expressiva sobre outros poss\u00edveis candidatos. Pesquisa ouviu 134 parlamentares,107 deputados de 20 partidos e 27 senadores de 12 legendas, entre os dias 21 e 31 de outubro. O \u00edndice de confian\u00e7a \u00e9 de 95%, com margem de erro de dois pontos percentuais. Na C\u00e2mara dos Deputados, 48,6% dos entrevistados apontaram Tarc\u00edsio como o l\u00edder natural da direita. Ele aparece \u00e0 frente de Eduardo Bolsonaro (15%), Michelle Bolsonaro (13,1%), Ratinho J\u00fanior (9,3%) e Romeu Zema (3,7%). Entre os senadores, o governador paulista tamb\u00e9m lidera com 44,5% das men\u00e7\u00f5es. Eduardo e Michelle Bolsonaro v\u00eam em seguida, empatados com 14,8%, e Ratinho J\u00fanior aparece com 7,4%. Os n\u00fameros mostram que Tarc\u00edsio consolidou seu papel de sucessor pol\u00edtico de Jair Bolsonaro, embora o ex-presidente ainda n\u00e3o tenha declarado apoio p\u00fablico a nenhum nome. Para o diretor de opera\u00e7\u00f5es do Ranking dos Pol\u00edticos, Luan Sperandio, o cen\u00e1rio \u00e9 de lideran\u00e7a isolada, mas sem unidade no campo conservador. \u201cTarc\u00edsio \u00e9 o nome mais forte, por\u00e9m h\u00e1 um ambiente de dispers\u00e3o pol\u00edtica\u201d, avaliou. Mesmo com a vantagem, 67% dos deputados e 63% dos senadores acreditam que a direita chegar\u00e1 dividida em 2026. Apenas cerca de 30% veem chance de uni\u00e3o por meio de alian\u00e7as. Fragmenta\u00e7\u00e3o pode abrir espa\u00e7o para disputas internas e dificultar a defini\u00e7\u00e3o de uma candidatura \u00fanica. Sperandio alerta que ataques entre nomes do mesmo campo ideol\u00f3gico podem enfraquecer a direita num eventual segundo turno. Outros governadores, como Ratinho J\u00fanior (PSD) e Ronaldo Caiado (Uni\u00e3o Brasil), tentam se projetar nacionalmente, mas ainda n\u00e3o alcan\u00e7am o mesmo reconhecimento. Apesar disso, especialistas apontam que novos l\u00edderes regionais devem ganhar for\u00e7a nas pr\u00f3ximas elei\u00e7\u00f5es, compondo uma \u201cnova gera\u00e7\u00e3o\u201d de pol\u00edticos conservadores. Levantamento refor\u00e7a que a aus\u00eancia de Jair Bolsonaro no pleito deixa um v\u00e1cuo de lideran\u00e7a, e Tarc\u00edsio surge como o nome mais vi\u00e1vel para ocupar esse espa\u00e7o em 2026.<\/p>\n","protected":false},"author":2,"featured_media":2273,"comment_status":"open","ping_status":"open","sticky":false,"template":"","format":"standard","meta":{"footnotes":""},"categories":[53,58,6],"tags":[],"class_list":["post-2250","post","type-post","status-publish","format-standard","has-post-thumbnail","hentry","category-brasil","category-eleicoes-2026","category-politica"],"yoast_head":"<!-- This site is optimized with the Yoast SEO plugin v26.5 - https:\/\/yoast.com\/wordpress\/plugins\/seo\/ -->\n<title>Tarc\u00edsio lidera corrida para unir direita em 2026, mostra pesquisa - Sudoesteacontece<\/title>\n<meta name=\"robots\" content=\"index, follow, max-snippet:-1, max-image-preview:large, max-video-preview:-1\" \/>\n<link rel=\"canonical\" href=\"https:\/\/sudoesteacontece.com.br\/?p=2250\" \/>\n<meta property=\"og:locale\" content=\"pt_BR\" \/>\n<meta property=\"og:type\" content=\"article\" \/>\n<meta property=\"og:title\" content=\"Tarc\u00edsio lidera corrida para unir direita em 2026, mostra pesquisa - Sudoesteacontece\" \/>\n<meta property=\"og:description\" content=\"O governador de S\u00e3o Paulo, Tarc\u00edsio de Freitas (Republicanos), \u00e9 visto por parlamentares como o principal nome capaz de unir a direita nas elei\u00e7\u00f5es presidenciais de 2026. Levantamento do Ranking dos Pol\u00edticos, divulgado nesta segunda-feira (10) pelo Estad\u00e3o, mostra que Tarc\u00edsio mant\u00e9m vantagem expressiva sobre outros poss\u00edveis candidatos. Pesquisa ouviu 134 parlamentares,107 deputados de 20 partidos e 27 senadores de 12 legendas, entre os dias 21 e 31 de outubro. O \u00edndice de confian\u00e7a \u00e9 de 95%, com margem de erro de dois pontos percentuais. Na C\u00e2mara dos Deputados, 48,6% dos entrevistados apontaram Tarc\u00edsio como o l\u00edder natural da direita. Ele aparece \u00e0 frente de Eduardo Bolsonaro (15%), Michelle Bolsonaro (13,1%), Ratinho J\u00fanior (9,3%) e Romeu Zema (3,7%). Entre os senadores, o governador paulista tamb\u00e9m lidera com 44,5% das men\u00e7\u00f5es. Eduardo e Michelle Bolsonaro v\u00eam em seguida, empatados com 14,8%, e Ratinho J\u00fanior aparece com 7,4%. Os n\u00fameros mostram que Tarc\u00edsio consolidou seu papel de sucessor pol\u00edtico de Jair Bolsonaro, embora o ex-presidente ainda n\u00e3o tenha declarado apoio p\u00fablico a nenhum nome. Para o diretor de opera\u00e7\u00f5es do Ranking dos Pol\u00edticos, Luan Sperandio, o cen\u00e1rio \u00e9 de lideran\u00e7a isolada, mas sem unidade no campo conservador. \u201cTarc\u00edsio \u00e9 o nome mais forte, por\u00e9m h\u00e1 um ambiente de dispers\u00e3o pol\u00edtica\u201d, avaliou. Mesmo com a vantagem, 67% dos deputados e 63% dos senadores acreditam que a direita chegar\u00e1 dividida em 2026. Apenas cerca de 30% veem chance de uni\u00e3o por meio de alian\u00e7as. Fragmenta\u00e7\u00e3o pode abrir espa\u00e7o para disputas internas e dificultar a defini\u00e7\u00e3o de uma candidatura \u00fanica. Sperandio alerta que ataques entre nomes do mesmo campo ideol\u00f3gico podem enfraquecer a direita num eventual segundo turno. Outros governadores, como Ratinho J\u00fanior (PSD) e Ronaldo Caiado (Uni\u00e3o Brasil), tentam se projetar nacionalmente, mas ainda n\u00e3o alcan\u00e7am o mesmo reconhecimento. Apesar disso, especialistas apontam que novos l\u00edderes regionais devem ganhar for\u00e7a nas pr\u00f3ximas elei\u00e7\u00f5es, compondo uma \u201cnova gera\u00e7\u00e3o\u201d de pol\u00edticos conservadores. Levantamento refor\u00e7a que a aus\u00eancia de Jair Bolsonaro no pleito deixa um v\u00e1cuo de lideran\u00e7a, e Tarc\u00edsio surge como o nome mais vi\u00e1vel para ocupar esse espa\u00e7o em 2026.\" \/>\n<meta property=\"og:url\" content=\"https:\/\/sudoesteacontece.com.br\/?p=2250\" \/>\n<meta property=\"og:site_name\" content=\"Sudoesteacontece\" \/>\n<meta property=\"article:publisher\" content=\"https:\/\/www.facebook.com\/sudoesteacontece\/?locale=pt_BR\" \/>\n<meta property=\"article:published_time\" content=\"2025-11-10T18:56:23+00:00\" \/>\n<meta property=\"article:modified_time\" content=\"2025-11-10T18:56:35+00:00\" \/>\n<meta property=\"og:image\" content=\"https:\/\/sudoesteacontece.com.br\/wp-content\/uploads\/2025\/11\/tarcisio-de-freitas_governo-de-sp.jpg\" \/>\n\t<meta property=\"og:image:width\" content=\"600\" \/>\n\t<meta property=\"og:image:height\" content=\"400\" \/>\n\t<meta property=\"og:image:type\" content=\"image\/jpeg\" \/>\n<meta name=\"author\" content=\"Washington Tiago\" \/>\n<meta name=\"twitter:card\" content=\"summary_large_image\" \/>\n<meta name=\"twitter:label1\" content=\"Escrito por\" \/>\n\t<meta name=\"twitter:data1\" content=\"Washington Tiago\" \/>\n\t<meta name=\"twitter:label2\" content=\"Est. tempo de leitura\" \/>\n\t<meta name=\"twitter:data2\" content=\"2 minutos\" \/>\n<script type=\"application\/ld+json\" class=\"yoast-schema-graph\">{\"@context\":\"https:\/\/schema.org\",\"@graph\":[{\"@type\":\"Article\",\"@id\":\"https:\/\/sudoesteacontece.com.br\/?p=2250#article\",\"isPartOf\":{\"@id\":\"https:\/\/sudoesteacontece.com.br\/?p=2250\"},\"author\":{\"name\":\"Washington Tiago\",\"@id\":\"https:\/\/sudoesteacontece.com.br\/#\/schema\/person\/3cf2cf009926a9683ebc29d5379fa79c\"},\"headline\":\"Tarc\u00edsio lidera corrida para unir direita em 2026, mostra pesquisa\",\"datePublished\":\"2025-11-10T18:56:23+00:00\",\"dateModified\":\"2025-11-10T18:56:35+00:00\",\"mainEntityOfPage\":{\"@id\":\"https:\/\/sudoesteacontece.com.br\/?p=2250\"},\"wordCount\":381,\"commentCount\":0,\"publisher\":{\"@id\":\"https:\/\/sudoesteacontece.com.br\/#organization\"},\"image\":{\"@id\":\"https:\/\/sudoesteacontece.com.br\/?p=2250#primaryimage\"},\"thumbnailUrl\":\"https:\/\/sudoesteacontece.com.br\/wp-content\/uploads\/2025\/11\/tarcisio-de-freitas_governo-de-sp.jpg\",\"articleSection\":[\"Brasil\",\"Elei\u00e7\u00f5es 2026\",\"Pol\u00edtica\"],\"inLanguage\":\"pt-BR\",\"potentialAction\":[{\"@type\":\"CommentAction\",\"name\":\"Comment\",\"target\":[\"https:\/\/sudoesteacontece.com.br\/?p=2250#respond\"]}]},{\"@type\":\"WebPage\",\"@id\":\"https:\/\/sudoesteacontece.com.br\/?p=2250\",\"url\":\"https:\/\/sudoesteacontece.com.br\/?p=2250\",\"name\":\"Tarc\u00edsio lidera corrida para unir direita em 2026, mostra pesquisa - Sudoesteacontece\",\"isPartOf\":{\"@id\":\"https:\/\/sudoesteacontece.com.br\/#website\"},\"primaryImageOfPage\":{\"@id\":\"https:\/\/sudoesteacontece.com.br\/?p=2250#primaryimage\"},\"image\":{\"@id\":\"https:\/\/sudoesteacontece.com.br\/?p=2250#primaryimage\"},\"thumbnailUrl\":\"https:\/\/sudoesteacontece.com.br\/wp-content\/uploads\/2025\/11\/tarcisio-de-freitas_governo-de-sp.jpg\",\"datePublished\":\"2025-11-10T18:56:23+00:00\",\"dateModified\":\"2025-11-10T18:56:35+00:00\",\"breadcrumb\":{\"@id\":\"https:\/\/sudoesteacontece.com.br\/?p=2250#breadcrumb\"},\"inLanguage\":\"pt-BR\",\"potentialAction\":[{\"@type\":\"ReadAction\",\"target\":[\"https:\/\/sudoesteacontece.com.br\/?p=2250\"]}]},{\"@type\":\"ImageObject\",\"inLanguage\":\"pt-BR\",\"@id\":\"https:\/\/sudoesteacontece.com.br\/?p=2250#primaryimage\",\"url\":\"https:\/\/sudoesteacontece.com.br\/wp-content\/uploads\/2025\/11\/tarcisio-de-freitas_governo-de-sp.jpg\",\"contentUrl\":\"https:\/\/sudoesteacontece.com.br\/wp-content\/uploads\/2025\/11\/tarcisio-de-freitas_governo-de-sp.jpg\",\"width\":600,\"height\":400},{\"@type\":\"BreadcrumbList\",\"@id\":\"https:\/\/sudoesteacontece.com.br\/?p=2250#breadcrumb\",\"itemListElement\":[{\"@type\":\"ListItem\",\"position\":1,\"name\":\"In\u00edcio\",\"item\":\"https:\/\/sudoesteacontece.com.br\/\"},{\"@type\":\"ListItem\",\"position\":2,\"name\":\"Tarc\u00edsio lidera corrida para unir direita em 2026, mostra pesquisa\"}]},{\"@type\":\"WebSite\",\"@id\":\"https:\/\/sudoesteacontece.com.br\/#website\",\"url\":\"https:\/\/sudoesteacontece.com.br\/\",\"name\":\"Sudoesteacontece\",\"description\":\"\",\"publisher\":{\"@id\":\"https:\/\/sudoesteacontece.com.br\/#organization\"},\"potentialAction\":[{\"@type\":\"SearchAction\",\"target\":{\"@type\":\"EntryPoint\",\"urlTemplate\":\"https:\/\/sudoesteacontece.com.br\/?s={search_term_string}\"},\"query-input\":{\"@type\":\"PropertyValueSpecification\",\"valueRequired\":true,\"valueName\":\"search_term_string\"}}],\"inLanguage\":\"pt-BR\"},{\"@type\":\"Organization\",\"@id\":\"https:\/\/sudoesteacontece.com.br\/#organization\",\"name\":\"Sudoesteacontece\",\"url\":\"https:\/\/sudoesteacontece.com.br\/\",\"logo\":{\"@type\":\"ImageObject\",\"inLanguage\":\"pt-BR\",\"@id\":\"https:\/\/sudoesteacontece.com.br\/#\/schema\/logo\/image\/\",\"url\":\"https:\/\/sudoesteacontece.com.br\/wp-content\/uploads\/2025\/12\/cropped-logo-2-180x180-1.png\",\"contentUrl\":\"https:\/\/sudoesteacontece.com.br\/wp-content\/uploads\/2025\/12\/cropped-logo-2-180x180-1.png\",\"width\":180,\"height\":180,\"caption\":\"Sudoesteacontece\"},\"image\":{\"@id\":\"https:\/\/sudoesteacontece.com.br\/#\/schema\/logo\/image\/\"},\"sameAs\":[\"https:\/\/www.facebook.com\/sudoesteacontece\/?locale=pt_BR\"]},{\"@type\":\"Person\",\"@id\":\"https:\/\/sudoesteacontece.com.br\/#\/schema\/person\/3cf2cf009926a9683ebc29d5379fa79c\",\"name\":\"Washington Tiago\",\"image\":{\"@type\":\"ImageObject\",\"inLanguage\":\"pt-BR\",\"@id\":\"https:\/\/sudoesteacontece.com.br\/#\/schema\/person\/image\/\",\"url\":\"https:\/\/secure.gravatar.com\/avatar\/33c43b8668157e040f9d1fe93c354bf087cbd8ba36270c1163198bd3ddcf2a56?s=96&d=mm&r=g\",\"contentUrl\":\"https:\/\/secure.gravatar.com\/avatar\/33c43b8668157e040f9d1fe93c354bf087cbd8ba36270c1163198bd3ddcf2a56?s=96&d=mm&r=g\",\"caption\":\"Washington Tiago\"},\"url\":\"https:\/\/sudoesteacontece.com.br\/?author=2\"}]}<\/script>\n<!-- \/ Yoast SEO plugin. -->","yoast_head_json":{"title":"Tarc\u00edsio lidera corrida para unir direita em 2026, mostra pesquisa - Sudoesteacontece","robots":{"index":"index","follow":"follow","max-snippet":"max-snippet:-1","max-image-preview":"max-image-preview:large","max-video-preview":"max-video-preview:-1"},"canonical":"https:\/\/sudoesteacontece.com.br\/?p=2250","og_locale":"pt_BR","og_type":"article","og_title":"Tarc\u00edsio lidera corrida para unir direita em 2026, mostra pesquisa - Sudoesteacontece","og_description":"O governador de S\u00e3o Paulo, Tarc\u00edsio de Freitas (Republicanos), \u00e9 visto por parlamentares como o principal nome capaz de unir a direita nas elei\u00e7\u00f5es presidenciais de 2026. Levantamento do Ranking dos Pol\u00edticos, divulgado nesta segunda-feira (10) pelo Estad\u00e3o, mostra que Tarc\u00edsio mant\u00e9m vantagem expressiva sobre outros poss\u00edveis candidatos. Pesquisa ouviu 134 parlamentares,107 deputados de 20 partidos e 27 senadores de 12 legendas, entre os dias 21 e 31 de outubro. O \u00edndice de confian\u00e7a \u00e9 de 95%, com margem de erro de dois pontos percentuais. Na C\u00e2mara dos Deputados, 48,6% dos entrevistados apontaram Tarc\u00edsio como o l\u00edder natural da direita. Ele aparece \u00e0 frente de Eduardo Bolsonaro (15%), Michelle Bolsonaro (13,1%), Ratinho J\u00fanior (9,3%) e Romeu Zema (3,7%). Entre os senadores, o governador paulista tamb\u00e9m lidera com 44,5% das men\u00e7\u00f5es. Eduardo e Michelle Bolsonaro v\u00eam em seguida, empatados com 14,8%, e Ratinho J\u00fanior aparece com 7,4%. Os n\u00fameros mostram que Tarc\u00edsio consolidou seu papel de sucessor pol\u00edtico de Jair Bolsonaro, embora o ex-presidente ainda n\u00e3o tenha declarado apoio p\u00fablico a nenhum nome. Para o diretor de opera\u00e7\u00f5es do Ranking dos Pol\u00edticos, Luan Sperandio, o cen\u00e1rio \u00e9 de lideran\u00e7a isolada, mas sem unidade no campo conservador. \u201cTarc\u00edsio \u00e9 o nome mais forte, por\u00e9m h\u00e1 um ambiente de dispers\u00e3o pol\u00edtica\u201d, avaliou. Mesmo com a vantagem, 67% dos deputados e 63% dos senadores acreditam que a direita chegar\u00e1 dividida em 2026. Apenas cerca de 30% veem chance de uni\u00e3o por meio de alian\u00e7as. Fragmenta\u00e7\u00e3o pode abrir espa\u00e7o para disputas internas e dificultar a defini\u00e7\u00e3o de uma candidatura \u00fanica. Sperandio alerta que ataques entre nomes do mesmo campo ideol\u00f3gico podem enfraquecer a direita num eventual segundo turno. Outros governadores, como Ratinho J\u00fanior (PSD) e Ronaldo Caiado (Uni\u00e3o Brasil), tentam se projetar nacionalmente, mas ainda n\u00e3o alcan\u00e7am o mesmo reconhecimento. Apesar disso, especialistas apontam que novos l\u00edderes regionais devem ganhar for\u00e7a nas pr\u00f3ximas elei\u00e7\u00f5es, compondo uma \u201cnova gera\u00e7\u00e3o\u201d de pol\u00edticos conservadores. Levantamento refor\u00e7a que a aus\u00eancia de Jair Bolsonaro no pleito deixa um v\u00e1cuo de lideran\u00e7a, e Tarc\u00edsio surge como o nome mais vi\u00e1vel para ocupar esse espa\u00e7o em 2026.","og_url":"https:\/\/sudoesteacontece.com.br\/?p=2250","og_site_name":"Sudoesteacontece","article_publisher":"https:\/\/www.facebook.com\/sudoesteacontece\/?locale=pt_BR","article_published_time":"2025-11-10T18:56:23+00:00","article_modified_time":"2025-11-10T18:56:35+00:00","og_image":[{"width":600,"height":400,"url":"https:\/\/sudoesteacontece.com.br\/wp-content\/uploads\/2025\/11\/tarcisio-de-freitas_governo-de-sp.jpg","type":"image\/jpeg"}],"author":"Washington Tiago","twitter_card":"summary_large_image","twitter_misc":{"Escrito por":"Washington Tiago","Est. tempo de leitura":"2 minutos"},"schema":{"@context":"https:\/\/schema.org","@graph":[{"@type":"Article","@id":"https:\/\/sudoesteacontece.com.br\/?p=2250#article","isPartOf":{"@id":"https:\/\/sudoesteacontece.com.br\/?p=2250"},"author":{"name":"Washington Tiago","@id":"https:\/\/sudoesteacontece.com.br\/#\/schema\/person\/3cf2cf009926a9683ebc29d5379fa79c"},"headline":"Tarc\u00edsio lidera corrida para unir direita em 2026, mostra pesquisa","datePublished":"2025-11-10T18:56:23+00:00","dateModified":"2025-11-10T18:56:35+00:00","mainEntityOfPage":{"@id":"https:\/\/sudoesteacontece.com.br\/?p=2250"},"wordCount":381,"commentCount":0,"publisher":{"@id":"https:\/\/sudoesteacontece.com.br\/#organization"},"image":{"@id":"https:\/\/sudoesteacontece.com.br\/?p=2250#primaryimage"},"thumbnailUrl":"https:\/\/sudoesteacontece.com.br\/wp-content\/uploads\/2025\/11\/tarcisio-de-freitas_governo-de-sp.jpg","articleSection":["Brasil","Elei\u00e7\u00f5es 2026","Pol\u00edtica"],"inLanguage":"pt-BR","potentialAction":[{"@type":"CommentAction","name":"Comment","target":["https:\/\/sudoesteacontece.com.br\/?p=2250#respond"]}]},{"@type":"WebPage","@id":"https:\/\/sudoesteacontece.com.br\/?p=2250","url":"https:\/\/sudoesteacontece.com.br\/?p=2250","name":"Tarc\u00edsio lidera corrida para unir direita em 2026, mostra pesquisa - Sudoesteacontece","isPartOf":{"@id":"https:\/\/sudoesteacontece.com.br\/#website"},"primaryImageOfPage":{"@id":"https:\/\/sudoesteacontece.com.br\/?p=2250#primaryimage"},"image":{"@id":"https:\/\/sudoesteacontece.com.br\/?p=2250#primaryimage"},"thumbnailUrl":"https:\/\/sudoesteacontece.com.br\/wp-content\/uploads\/2025\/11\/tarcisio-de-freitas_governo-de-sp.jpg","datePublished":"2025-11-10T18:56:23+00:00","dateModified":"2025-11-10T18:56:35+00:00","breadcrumb":{"@id":"https:\/\/sudoesteacontece.com.br\/?p=2250#breadcrumb"},"inLanguage":"pt-BR","potentialAction":[{"@type":"ReadAction","target":["https:\/\/sudoesteacontece.com.br\/?p=2250"]}]},{"@type":"ImageObject","inLanguage":"pt-BR","@id":"https:\/\/sudoesteacontece.com.br\/?p=2250#primaryimage","url":"https:\/\/sudoesteacontece.com.br\/wp-content\/uploads\/2025\/11\/tarcisio-de-freitas_governo-de-sp.jpg","contentUrl":"https:\/\/sudoesteacontece.com.br\/wp-content\/uploads\/2025\/11\/tarcisio-de-freitas_governo-de-sp.jpg","width":600,"height":400},{"@type":"BreadcrumbList","@id":"https:\/\/sudoesteacontece.com.br\/?p=2250#breadcrumb","itemListElement":[{"@type":"ListItem","position":1,"name":"In\u00edcio","item":"https:\/\/sudoesteacontece.com.br\/"},{"@type":"ListItem","position":2,"name":"Tarc\u00edsio lidera corrida para unir direita em 2026, mostra pesquisa"}]},{"@type":"WebSite","@id":"https:\/\/sudoesteacontece.com.br\/#website","url":"https:\/\/sudoesteacontece.com.br\/","name":"Sudoesteacontece","description":"","publisher":{"@id":"https:\/\/sudoesteacontece.com.br\/#organization"},"potentialAction":[{"@type":"SearchAction","target":{"@type":"EntryPoint","urlTemplate":"https:\/\/sudoesteacontece.com.br\/?s={search_term_string}"},"query-input":{"@type":"PropertyValueSpecification","valueRequired":true,"valueName":"search_term_string"}}],"inLanguage":"pt-BR"},{"@type":"Organization","@id":"https:\/\/sudoesteacontece.com.br\/#organization","name":"Sudoesteacontece","url":"https:\/\/sudoesteacontece.com.br\/","logo":{"@type":"ImageObject","inLanguage":"pt-BR","@id":"https:\/\/sudoesteacontece.com.br\/#\/schema\/logo\/image\/","url":"https:\/\/sudoesteacontece.com.br\/wp-content\/uploads\/2025\/12\/cropped-logo-2-180x180-1.png","contentUrl":"https:\/\/sudoesteacontece.com.br\/wp-content\/uploads\/2025\/12\/cropped-logo-2-180x180-1.png","width":180,"height":180,"caption":"Sudoesteacontece"},"image":{"@id":"https:\/\/sudoesteacontece.com.br\/#\/schema\/logo\/image\/"},"sameAs":["https:\/\/www.facebook.com\/sudoesteacontece\/?locale=pt_BR"]},{"@type":"Person","@id":"https:\/\/sudoesteacontece.com.br\/#\/schema\/person\/3cf2cf009926a9683ebc29d5379fa79c","name":"Washington Tiago","image":{"@type":"ImageObject","inLanguage":"pt-BR","@id":"https:\/\/sudoesteacontece.com.br\/#\/schema\/person\/image\/","url":"https:\/\/secure.gravatar.com\/avatar\/33c43b8668157e040f9d1fe93c354bf087cbd8ba36270c1163198bd3ddcf2a56?s=96&d=mm&r=g","contentUrl":"https:\/\/secure.gravatar.com\/avatar\/33c43b8668157e040f9d1fe93c354bf087cbd8ba36270c1163198bd3ddcf2a56?s=96&d=mm&r=g","caption":"Washington Tiago"},"url":"https:\/\/sudoesteacontece.com.br\/?author=2"}]}},"_links":{"self":[{"href":"https:\/\/sudoesteacontece.com.br\/index.php?rest_route=\/wp\/v2\/posts\/2250","targetHints":{"allow":["GET"]}}],"collection":[{"href":"https:\/\/sudoesteacontece.com.br\/index.php?rest_route=\/wp\/v2\/posts"}],"about":[{"href":"https:\/\/sudoesteacontece.com.br\/index.php?rest_route=\/wp\/v2\/types\/post"}],"author":[{"embeddable":true,"href":"https:\/\/sudoesteacontece.com.br\/index.php?rest_route=\/wp\/v2\/users\/2"}],"replies":[{"embeddable":true,"href":"https:\/\/sudoesteacontece.com.br\/index.php?rest_route=%2Fwp%2Fv2%2Fcomments&post=2250"}],"version-history":[{"count":0,"href":"https:\/\/sudoesteacontece.com.br\/index.php?rest_route=\/wp\/v2\/posts\/2250\/revisions"}],"wp:featuredmedia":[{"embeddable":true,"href":"https:\/\/sudoesteacontece.com.br\/index.php?rest_route=\/wp\/v2\/media\/2273"}],"wp:attachment":[{"href":"https:\/\/sudoesteacontece.com.br\/index.php?rest_route=%2Fwp%2Fv2%2Fmedia&parent=2250"}],"wp:term":[{"taxonomy":"category","embeddable":true,"href":"https:\/\/sudoesteacontece.com.br\/index.php?rest_route=%2Fwp%2Fv2%2Fcategories&post=2250"},{"taxonomy":"post_tag","embeddable":true,"href":"https:\/\/sudoesteacontece.com.br\/index.php?rest_route=%2Fwp%2Fv2%2Ftags&post=2250"}],"curies":[{"name":"wp","href":"https:\/\/api.w.org\/{rel}","templated":true}]}}