{"id":2252,"date":"2025-11-10T16:10:59","date_gmt":"2025-11-10T19:10:59","guid":{"rendered":"https:\/\/sudoesteacontece.com.br\/?p=2252"},"modified":"2025-11-10T16:11:05","modified_gmt":"2025-11-10T19:11:05","slug":"primeira-prova-do-enem-2025-tem-27-de-abstencao-e-eliminacoes-recorde","status":"publish","type":"post","link":"https:\/\/sudoesteacontece.com.br\/?p=2252","title":{"rendered":"Primeira prova do Enem 2025 tem 27% de absten\u00e7\u00e3o e elimina\u00e7\u00f5es recorde"},"content":{"rendered":"<div class=\"wp-block-image\">\n<figure class=\"aligncenter size-large\"><img fetchpriority=\"high\" decoding=\"async\" width=\"1024\" height=\"768\" src=\"http:\/\/sudoesteacontece.com.br\/wp-content\/uploads\/2025\/11\/Primeira-prova-do-Enem-2025-tem-27-de-abstencao-e-eliminacoes-recorde-sudoeste-acontece-1-1024x768.jpg\" alt=\"\" class=\"wp-image-2280\" srcset=\"https:\/\/sudoesteacontece.com.br\/wp-content\/uploads\/2025\/11\/Primeira-prova-do-Enem-2025-tem-27-de-abstencao-e-eliminacoes-recorde-sudoeste-acontece-1-1024x768.jpg 1024w, https:\/\/sudoesteacontece.com.br\/wp-content\/uploads\/2025\/11\/Primeira-prova-do-Enem-2025-tem-27-de-abstencao-e-eliminacoes-recorde-sudoeste-acontece-1-300x225.jpg 300w, https:\/\/sudoesteacontece.com.br\/wp-content\/uploads\/2025\/11\/Primeira-prova-do-Enem-2025-tem-27-de-abstencao-e-eliminacoes-recorde-sudoeste-acontece-1-768x576.jpg 768w, https:\/\/sudoesteacontece.com.br\/wp-content\/uploads\/2025\/11\/Primeira-prova-do-Enem-2025-tem-27-de-abstencao-e-eliminacoes-recorde-sudoeste-acontece-1-1536x1152.jpg 1536w, https:\/\/sudoesteacontece.com.br\/wp-content\/uploads\/2025\/11\/Primeira-prova-do-Enem-2025-tem-27-de-abstencao-e-eliminacoes-recorde-sudoeste-acontece-1.jpg 1600w\" sizes=\"(max-width: 1024px) 100vw, 1024px\" \/><figcaption class=\"wp-element-caption\">Foto Washington Tiago Sudoeste Acontece<\/figcaption><\/figure>\n<\/div>\n\n\n<p>Primeiro dia do Enem 2025 registrou 27% de absten\u00e7\u00e3o no Brasil. O \u00edndice \u00e9 semelhante ao de 2024 (26,6%) e menor que o de 2023 (28,1%).<\/p>\n\n\n\n<p>Mais de 4,8 milh\u00f5es de estudantes estavam inscritos nesta edi\u00e7\u00e3o, segundo o ministro da Educa\u00e7\u00e3o, Camilo Santana. Ao todo, 3.240 participantes foram eliminados por descumprirem regras do exame.<\/p>\n\n\n\n<p>Entre as infra\u00e7\u00f5es est\u00e3o o uso de materiais impressos, o abandono da sala antes do hor\u00e1rio permitido e o porte de aparelhos eletr\u00f4nicos. As situa\u00e7\u00f5es resultaram em desclassifica\u00e7\u00e3o imediata.<\/p>\n\n\n\n<p>Ministro destacou que a aplica\u00e7\u00e3o ocorreu dentro da normalidade. As provas foram realizadas em 1.805 munic\u00edpios, com apoio de mais de 300 mil colaboradores em todo o pa\u00eds.<\/p>\n\n\n\n<p>Primeiro dia avaliou Linguagens, C\u00f3digos e suas Tecnologias, Ci\u00eancias Humanas e a reda\u00e7\u00e3o. Tema da reda\u00e7\u00e3o \u201cPerspectivas acerca do envelhecimento na sociedade brasileira\u201d, foi elogiado por especialistas.<\/p>\n\n\n\n<p>Professores apontaram que a escolha valoriza o debate sobre o envelhecimento, o combate ao etarismo e os direitos da popula\u00e7\u00e3o idosa, cada vez mais presente no cen\u00e1rio social.<\/p>\n\n\n\n<p>Gabarito oficial das provas aplicadas no domingo (9) ser\u00e1 divulgado na quinta-feira (13). O segundo dia do Enem ocorre no pr\u00f3ximo domingo (16), com as provas de Matem\u00e1tica e Ci\u00eancias da Natureza.<\/p>\n","protected":false},"excerpt":{"rendered":"<p>Primeiro dia do Enem 2025 registrou 27% de absten\u00e7\u00e3o no Brasil. O \u00edndice \u00e9 semelhante ao de 2024 (26,6%) e menor que o de 2023 (28,1%). Mais de 4,8 milh\u00f5es de estudantes estavam inscritos nesta edi\u00e7\u00e3o, segundo o ministro da Educa\u00e7\u00e3o, Camilo Santana. Ao todo, 3.240 participantes foram eliminados por descumprirem regras do exame. Entre as infra\u00e7\u00f5es est\u00e3o o uso de materiais impressos, o abandono da sala antes do hor\u00e1rio permitido e o porte de aparelhos eletr\u00f4nicos. As situa\u00e7\u00f5es resultaram em desclassifica\u00e7\u00e3o imediata. Ministro destacou que a aplica\u00e7\u00e3o ocorreu dentro da normalidade. As provas foram realizadas em 1.805 munic\u00edpios, com apoio de mais de 300 mil colaboradores em todo o pa\u00eds. Primeiro dia avaliou Linguagens, C\u00f3digos e suas Tecnologias, Ci\u00eancias Humanas e a reda\u00e7\u00e3o. Tema da reda\u00e7\u00e3o \u201cPerspectivas acerca do envelhecimento na sociedade brasileira\u201d, foi elogiado por especialistas. Professores apontaram que a escolha valoriza o debate sobre o envelhecimento, o combate ao etarismo e os direitos da popula\u00e7\u00e3o idosa, cada vez mais presente no cen\u00e1rio social. Gabarito oficial das provas aplicadas no domingo (9) ser\u00e1 divulgado na quinta-feira (13). O segundo dia do Enem ocorre no pr\u00f3ximo domingo (16), com as provas de Matem\u00e1tica e Ci\u00eancias da Natureza.<\/p>\n","protected":false},"author":2,"featured_media":2280,"comment_status":"open","ping_status":"open","sticky":false,"template":"","format":"standard","meta":{"footnotes":""},"categories":[53,43],"tags":[],"class_list":["post-2252","post","type-post","status-publish","format-standard","has-post-thumbnail","hentry","category-brasil","category-educacao"],"yoast_head":"<!-- This site is optimized with the Yoast SEO plugin v26.5 - https:\/\/yoast.com\/wordpress\/plugins\/seo\/ -->\n<title>Primeira prova do Enem 2025 tem 27% de absten\u00e7\u00e3o e elimina\u00e7\u00f5es recorde - Sudoesteacontece<\/title>\n<meta name=\"robots\" content=\"index, follow, max-snippet:-1, max-image-preview:large, max-video-preview:-1\" \/>\n<link rel=\"canonical\" href=\"https:\/\/sudoesteacontece.com.br\/?p=2252\" \/>\n<meta property=\"og:locale\" content=\"pt_BR\" \/>\n<meta property=\"og:type\" content=\"article\" \/>\n<meta property=\"og:title\" content=\"Primeira prova do Enem 2025 tem 27% de absten\u00e7\u00e3o e elimina\u00e7\u00f5es recorde - Sudoesteacontece\" \/>\n<meta property=\"og:description\" content=\"Primeiro dia do Enem 2025 registrou 27% de absten\u00e7\u00e3o no Brasil. O \u00edndice \u00e9 semelhante ao de 2024 (26,6%) e menor que o de 2023 (28,1%). Mais de 4,8 milh\u00f5es de estudantes estavam inscritos nesta edi\u00e7\u00e3o, segundo o ministro da Educa\u00e7\u00e3o, Camilo Santana. Ao todo, 3.240 participantes foram eliminados por descumprirem regras do exame. Entre as infra\u00e7\u00f5es est\u00e3o o uso de materiais impressos, o abandono da sala antes do hor\u00e1rio permitido e o porte de aparelhos eletr\u00f4nicos. As situa\u00e7\u00f5es resultaram em desclassifica\u00e7\u00e3o imediata. Ministro destacou que a aplica\u00e7\u00e3o ocorreu dentro da normalidade. As provas foram realizadas em 1.805 munic\u00edpios, com apoio de mais de 300 mil colaboradores em todo o pa\u00eds. Primeiro dia avaliou Linguagens, C\u00f3digos e suas Tecnologias, Ci\u00eancias Humanas e a reda\u00e7\u00e3o. Tema da reda\u00e7\u00e3o \u201cPerspectivas acerca do envelhecimento na sociedade brasileira\u201d, foi elogiado por especialistas. Professores apontaram que a escolha valoriza o debate sobre o envelhecimento, o combate ao etarismo e os direitos da popula\u00e7\u00e3o idosa, cada vez mais presente no cen\u00e1rio social. Gabarito oficial das provas aplicadas no domingo (9) ser\u00e1 divulgado na quinta-feira (13). O segundo dia do Enem ocorre no pr\u00f3ximo domingo (16), com as provas de Matem\u00e1tica e Ci\u00eancias da Natureza.\" \/>\n<meta property=\"og:url\" content=\"https:\/\/sudoesteacontece.com.br\/?p=2252\" \/>\n<meta property=\"og:site_name\" content=\"Sudoesteacontece\" \/>\n<meta property=\"article:publisher\" content=\"https:\/\/www.facebook.com\/sudoesteacontece\/?locale=pt_BR\" \/>\n<meta property=\"article:published_time\" content=\"2025-11-10T19:10:59+00:00\" \/>\n<meta property=\"article:modified_time\" content=\"2025-11-10T19:11:05+00:00\" \/>\n<meta property=\"og:image\" content=\"https:\/\/sudoesteacontece.com.br\/wp-content\/uploads\/2025\/11\/Primeira-prova-do-Enem-2025-tem-27-de-abstencao-e-eliminacoes-recorde-sudoeste-acontece-1.jpg\" \/>\n\t<meta property=\"og:image:width\" content=\"1600\" \/>\n\t<meta property=\"og:image:height\" content=\"1200\" \/>\n\t<meta property=\"og:image:type\" content=\"image\/jpeg\" \/>\n<meta name=\"author\" content=\"Washington Tiago\" \/>\n<meta name=\"twitter:card\" content=\"summary_large_image\" \/>\n<meta name=\"twitter:label1\" content=\"Escrito por\" \/>\n\t<meta name=\"twitter:data1\" content=\"Washington Tiago\" \/>\n\t<meta name=\"twitter:label2\" content=\"Est. tempo de leitura\" \/>\n\t<meta name=\"twitter:data2\" content=\"1 minuto\" \/>\n<script type=\"application\/ld+json\" class=\"yoast-schema-graph\">{\"@context\":\"https:\/\/schema.org\",\"@graph\":[{\"@type\":\"Article\",\"@id\":\"https:\/\/sudoesteacontece.com.br\/?p=2252#article\",\"isPartOf\":{\"@id\":\"https:\/\/sudoesteacontece.com.br\/?p=2252\"},\"author\":{\"name\":\"Washington Tiago\",\"@id\":\"https:\/\/sudoesteacontece.com.br\/#\/schema\/person\/3cf2cf009926a9683ebc29d5379fa79c\"},\"headline\":\"Primeira prova do Enem 2025 tem 27% de absten\u00e7\u00e3o e elimina\u00e7\u00f5es recorde\",\"datePublished\":\"2025-11-10T19:10:59+00:00\",\"dateModified\":\"2025-11-10T19:11:05+00:00\",\"mainEntityOfPage\":{\"@id\":\"https:\/\/sudoesteacontece.com.br\/?p=2252\"},\"wordCount\":223,\"commentCount\":0,\"publisher\":{\"@id\":\"https:\/\/sudoesteacontece.com.br\/#organization\"},\"image\":{\"@id\":\"https:\/\/sudoesteacontece.com.br\/?p=2252#primaryimage\"},\"thumbnailUrl\":\"https:\/\/sudoesteacontece.com.br\/wp-content\/uploads\/2025\/11\/Primeira-prova-do-Enem-2025-tem-27-de-abstencao-e-eliminacoes-recorde-sudoeste-acontece-1.jpg\",\"articleSection\":[\"Brasil\",\"Educa\u00e7\u00e3o\"],\"inLanguage\":\"pt-BR\",\"potentialAction\":[{\"@type\":\"CommentAction\",\"name\":\"Comment\",\"target\":[\"https:\/\/sudoesteacontece.com.br\/?p=2252#respond\"]}]},{\"@type\":\"WebPage\",\"@id\":\"https:\/\/sudoesteacontece.com.br\/?p=2252\",\"url\":\"https:\/\/sudoesteacontece.com.br\/?p=2252\",\"name\":\"Primeira prova do Enem 2025 tem 27% de absten\u00e7\u00e3o e elimina\u00e7\u00f5es recorde - Sudoesteacontece\",\"isPartOf\":{\"@id\":\"https:\/\/sudoesteacontece.com.br\/#website\"},\"primaryImageOfPage\":{\"@id\":\"https:\/\/sudoesteacontece.com.br\/?p=2252#primaryimage\"},\"image\":{\"@id\":\"https:\/\/sudoesteacontece.com.br\/?p=2252#primaryimage\"},\"thumbnailUrl\":\"https:\/\/sudoesteacontece.com.br\/wp-content\/uploads\/2025\/11\/Primeira-prova-do-Enem-2025-tem-27-de-abstencao-e-eliminacoes-recorde-sudoeste-acontece-1.jpg\",\"datePublished\":\"2025-11-10T19:10:59+00:00\",\"dateModified\":\"2025-11-10T19:11:05+00:00\",\"breadcrumb\":{\"@id\":\"https:\/\/sudoesteacontece.com.br\/?p=2252#breadcrumb\"},\"inLanguage\":\"pt-BR\",\"potentialAction\":[{\"@type\":\"ReadAction\",\"target\":[\"https:\/\/sudoesteacontece.com.br\/?p=2252\"]}]},{\"@type\":\"ImageObject\",\"inLanguage\":\"pt-BR\",\"@id\":\"https:\/\/sudoesteacontece.com.br\/?p=2252#primaryimage\",\"url\":\"https:\/\/sudoesteacontece.com.br\/wp-content\/uploads\/2025\/11\/Primeira-prova-do-Enem-2025-tem-27-de-abstencao-e-eliminacoes-recorde-sudoeste-acontece-1.jpg\",\"contentUrl\":\"https:\/\/sudoesteacontece.com.br\/wp-content\/uploads\/2025\/11\/Primeira-prova-do-Enem-2025-tem-27-de-abstencao-e-eliminacoes-recorde-sudoeste-acontece-1.jpg\",\"width\":1600,\"height\":1200,\"caption\":\"Foto Washington Tiago Sudoeste Acontece\"},{\"@type\":\"BreadcrumbList\",\"@id\":\"https:\/\/sudoesteacontece.com.br\/?p=2252#breadcrumb\",\"itemListElement\":[{\"@type\":\"ListItem\",\"position\":1,\"name\":\"In\u00edcio\",\"item\":\"https:\/\/sudoesteacontece.com.br\/\"},{\"@type\":\"ListItem\",\"position\":2,\"name\":\"Primeira prova do Enem 2025 tem 27% de absten\u00e7\u00e3o e elimina\u00e7\u00f5es recorde\"}]},{\"@type\":\"WebSite\",\"@id\":\"https:\/\/sudoesteacontece.com.br\/#website\",\"url\":\"https:\/\/sudoesteacontece.com.br\/\",\"name\":\"Sudoesteacontece\",\"description\":\"\",\"publisher\":{\"@id\":\"https:\/\/sudoesteacontece.com.br\/#organization\"},\"potentialAction\":[{\"@type\":\"SearchAction\",\"target\":{\"@type\":\"EntryPoint\",\"urlTemplate\":\"https:\/\/sudoesteacontece.com.br\/?s={search_term_string}\"},\"query-input\":{\"@type\":\"PropertyValueSpecification\",\"valueRequired\":true,\"valueName\":\"search_term_string\"}}],\"inLanguage\":\"pt-BR\"},{\"@type\":\"Organization\",\"@id\":\"https:\/\/sudoesteacontece.com.br\/#organization\",\"name\":\"Sudoesteacontece\",\"url\":\"https:\/\/sudoesteacontece.com.br\/\",\"logo\":{\"@type\":\"ImageObject\",\"inLanguage\":\"pt-BR\",\"@id\":\"https:\/\/sudoesteacontece.com.br\/#\/schema\/logo\/image\/\",\"url\":\"https:\/\/sudoesteacontece.com.br\/wp-content\/uploads\/2025\/12\/cropped-logo-2-180x180-1.png\",\"contentUrl\":\"https:\/\/sudoesteacontece.com.br\/wp-content\/uploads\/2025\/12\/cropped-logo-2-180x180-1.png\",\"width\":180,\"height\":180,\"caption\":\"Sudoesteacontece\"},\"image\":{\"@id\":\"https:\/\/sudoesteacontece.com.br\/#\/schema\/logo\/image\/\"},\"sameAs\":[\"https:\/\/www.facebook.com\/sudoesteacontece\/?locale=pt_BR\"]},{\"@type\":\"Person\",\"@id\":\"https:\/\/sudoesteacontece.com.br\/#\/schema\/person\/3cf2cf009926a9683ebc29d5379fa79c\",\"name\":\"Washington Tiago\",\"image\":{\"@type\":\"ImageObject\",\"inLanguage\":\"pt-BR\",\"@id\":\"https:\/\/sudoesteacontece.com.br\/#\/schema\/person\/image\/\",\"url\":\"https:\/\/secure.gravatar.com\/avatar\/33c43b8668157e040f9d1fe93c354bf087cbd8ba36270c1163198bd3ddcf2a56?s=96&d=mm&r=g\",\"contentUrl\":\"https:\/\/secure.gravatar.com\/avatar\/33c43b8668157e040f9d1fe93c354bf087cbd8ba36270c1163198bd3ddcf2a56?s=96&d=mm&r=g\",\"caption\":\"Washington Tiago\"},\"url\":\"https:\/\/sudoesteacontece.com.br\/?author=2\"}]}<\/script>\n<!-- \/ Yoast SEO plugin. -->","yoast_head_json":{"title":"Primeira prova do Enem 2025 tem 27% de absten\u00e7\u00e3o e elimina\u00e7\u00f5es recorde - Sudoesteacontece","robots":{"index":"index","follow":"follow","max-snippet":"max-snippet:-1","max-image-preview":"max-image-preview:large","max-video-preview":"max-video-preview:-1"},"canonical":"https:\/\/sudoesteacontece.com.br\/?p=2252","og_locale":"pt_BR","og_type":"article","og_title":"Primeira prova do Enem 2025 tem 27% de absten\u00e7\u00e3o e elimina\u00e7\u00f5es recorde - Sudoesteacontece","og_description":"Primeiro dia do Enem 2025 registrou 27% de absten\u00e7\u00e3o no Brasil. O \u00edndice \u00e9 semelhante ao de 2024 (26,6%) e menor que o de 2023 (28,1%). Mais de 4,8 milh\u00f5es de estudantes estavam inscritos nesta edi\u00e7\u00e3o, segundo o ministro da Educa\u00e7\u00e3o, Camilo Santana. Ao todo, 3.240 participantes foram eliminados por descumprirem regras do exame. Entre as infra\u00e7\u00f5es est\u00e3o o uso de materiais impressos, o abandono da sala antes do hor\u00e1rio permitido e o porte de aparelhos eletr\u00f4nicos. As situa\u00e7\u00f5es resultaram em desclassifica\u00e7\u00e3o imediata. Ministro destacou que a aplica\u00e7\u00e3o ocorreu dentro da normalidade. As provas foram realizadas em 1.805 munic\u00edpios, com apoio de mais de 300 mil colaboradores em todo o pa\u00eds. Primeiro dia avaliou Linguagens, C\u00f3digos e suas Tecnologias, Ci\u00eancias Humanas e a reda\u00e7\u00e3o. Tema da reda\u00e7\u00e3o \u201cPerspectivas acerca do envelhecimento na sociedade brasileira\u201d, foi elogiado por especialistas. Professores apontaram que a escolha valoriza o debate sobre o envelhecimento, o combate ao etarismo e os direitos da popula\u00e7\u00e3o idosa, cada vez mais presente no cen\u00e1rio social. Gabarito oficial das provas aplicadas no domingo (9) ser\u00e1 divulgado na quinta-feira (13). O segundo dia do Enem ocorre no pr\u00f3ximo domingo (16), com as provas de Matem\u00e1tica e Ci\u00eancias da Natureza.","og_url":"https:\/\/sudoesteacontece.com.br\/?p=2252","og_site_name":"Sudoesteacontece","article_publisher":"https:\/\/www.facebook.com\/sudoesteacontece\/?locale=pt_BR","article_published_time":"2025-11-10T19:10:59+00:00","article_modified_time":"2025-11-10T19:11:05+00:00","og_image":[{"width":1600,"height":1200,"url":"https:\/\/sudoesteacontece.com.br\/wp-content\/uploads\/2025\/11\/Primeira-prova-do-Enem-2025-tem-27-de-abstencao-e-eliminacoes-recorde-sudoeste-acontece-1.jpg","type":"image\/jpeg"}],"author":"Washington Tiago","twitter_card":"summary_large_image","twitter_misc":{"Escrito por":"Washington Tiago","Est. tempo de leitura":"1 minuto"},"schema":{"@context":"https:\/\/schema.org","@graph":[{"@type":"Article","@id":"https:\/\/sudoesteacontece.com.br\/?p=2252#article","isPartOf":{"@id":"https:\/\/sudoesteacontece.com.br\/?p=2252"},"author":{"name":"Washington Tiago","@id":"https:\/\/sudoesteacontece.com.br\/#\/schema\/person\/3cf2cf009926a9683ebc29d5379fa79c"},"headline":"Primeira prova do Enem 2025 tem 27% de absten\u00e7\u00e3o e elimina\u00e7\u00f5es recorde","datePublished":"2025-11-10T19:10:59+00:00","dateModified":"2025-11-10T19:11:05+00:00","mainEntityOfPage":{"@id":"https:\/\/sudoesteacontece.com.br\/?p=2252"},"wordCount":223,"commentCount":0,"publisher":{"@id":"https:\/\/sudoesteacontece.com.br\/#organization"},"image":{"@id":"https:\/\/sudoesteacontece.com.br\/?p=2252#primaryimage"},"thumbnailUrl":"https:\/\/sudoesteacontece.com.br\/wp-content\/uploads\/2025\/11\/Primeira-prova-do-Enem-2025-tem-27-de-abstencao-e-eliminacoes-recorde-sudoeste-acontece-1.jpg","articleSection":["Brasil","Educa\u00e7\u00e3o"],"inLanguage":"pt-BR","potentialAction":[{"@type":"CommentAction","name":"Comment","target":["https:\/\/sudoesteacontece.com.br\/?p=2252#respond"]}]},{"@type":"WebPage","@id":"https:\/\/sudoesteacontece.com.br\/?p=2252","url":"https:\/\/sudoesteacontece.com.br\/?p=2252","name":"Primeira prova do Enem 2025 tem 27% de absten\u00e7\u00e3o e elimina\u00e7\u00f5es recorde - Sudoesteacontece","isPartOf":{"@id":"https:\/\/sudoesteacontece.com.br\/#website"},"primaryImageOfPage":{"@id":"https:\/\/sudoesteacontece.com.br\/?p=2252#primaryimage"},"image":{"@id":"https:\/\/sudoesteacontece.com.br\/?p=2252#primaryimage"},"thumbnailUrl":"https:\/\/sudoesteacontece.com.br\/wp-content\/uploads\/2025\/11\/Primeira-prova-do-Enem-2025-tem-27-de-abstencao-e-eliminacoes-recorde-sudoeste-acontece-1.jpg","datePublished":"2025-11-10T19:10:59+00:00","dateModified":"2025-11-10T19:11:05+00:00","breadcrumb":{"@id":"https:\/\/sudoesteacontece.com.br\/?p=2252#breadcrumb"},"inLanguage":"pt-BR","potentialAction":[{"@type":"ReadAction","target":["https:\/\/sudoesteacontece.com.br\/?p=2252"]}]},{"@type":"ImageObject","inLanguage":"pt-BR","@id":"https:\/\/sudoesteacontece.com.br\/?p=2252#primaryimage","url":"https:\/\/sudoesteacontece.com.br\/wp-content\/uploads\/2025\/11\/Primeira-prova-do-Enem-2025-tem-27-de-abstencao-e-eliminacoes-recorde-sudoeste-acontece-1.jpg","contentUrl":"https:\/\/sudoesteacontece.com.br\/wp-content\/uploads\/2025\/11\/Primeira-prova-do-Enem-2025-tem-27-de-abstencao-e-eliminacoes-recorde-sudoeste-acontece-1.jpg","width":1600,"height":1200,"caption":"Foto Washington Tiago Sudoeste Acontece"},{"@type":"BreadcrumbList","@id":"https:\/\/sudoesteacontece.com.br\/?p=2252#breadcrumb","itemListElement":[{"@type":"ListItem","position":1,"name":"In\u00edcio","item":"https:\/\/sudoesteacontece.com.br\/"},{"@type":"ListItem","position":2,"name":"Primeira prova do Enem 2025 tem 27% de absten\u00e7\u00e3o e elimina\u00e7\u00f5es recorde"}]},{"@type":"WebSite","@id":"https:\/\/sudoesteacontece.com.br\/#website","url":"https:\/\/sudoesteacontece.com.br\/","name":"Sudoesteacontece","description":"","publisher":{"@id":"https:\/\/sudoesteacontece.com.br\/#organization"},"potentialAction":[{"@type":"SearchAction","target":{"@type":"EntryPoint","urlTemplate":"https:\/\/sudoesteacontece.com.br\/?s={search_term_string}"},"query-input":{"@type":"PropertyValueSpecification","valueRequired":true,"valueName":"search_term_string"}}],"inLanguage":"pt-BR"},{"@type":"Organization","@id":"https:\/\/sudoesteacontece.com.br\/#organization","name":"Sudoesteacontece","url":"https:\/\/sudoesteacontece.com.br\/","logo":{"@type":"ImageObject","inLanguage":"pt-BR","@id":"https:\/\/sudoesteacontece.com.br\/#\/schema\/logo\/image\/","url":"https:\/\/sudoesteacontece.com.br\/wp-content\/uploads\/2025\/12\/cropped-logo-2-180x180-1.png","contentUrl":"https:\/\/sudoesteacontece.com.br\/wp-content\/uploads\/2025\/12\/cropped-logo-2-180x180-1.png","width":180,"height":180,"caption":"Sudoesteacontece"},"image":{"@id":"https:\/\/sudoesteacontece.com.br\/#\/schema\/logo\/image\/"},"sameAs":["https:\/\/www.facebook.com\/sudoesteacontece\/?locale=pt_BR"]},{"@type":"Person","@id":"https:\/\/sudoesteacontece.com.br\/#\/schema\/person\/3cf2cf009926a9683ebc29d5379fa79c","name":"Washington Tiago","image":{"@type":"ImageObject","inLanguage":"pt-BR","@id":"https:\/\/sudoesteacontece.com.br\/#\/schema\/person\/image\/","url":"https:\/\/secure.gravatar.com\/avatar\/33c43b8668157e040f9d1fe93c354bf087cbd8ba36270c1163198bd3ddcf2a56?s=96&d=mm&r=g","contentUrl":"https:\/\/secure.gravatar.com\/avatar\/33c43b8668157e040f9d1fe93c354bf087cbd8ba36270c1163198bd3ddcf2a56?s=96&d=mm&r=g","caption":"Washington Tiago"},"url":"https:\/\/sudoesteacontece.com.br\/?author=2"}]}},"_links":{"self":[{"href":"https:\/\/sudoesteacontece.com.br\/index.php?rest_route=\/wp\/v2\/posts\/2252","targetHints":{"allow":["GET"]}}],"collection":[{"href":"https:\/\/sudoesteacontece.com.br\/index.php?rest_route=\/wp\/v2\/posts"}],"about":[{"href":"https:\/\/sudoesteacontece.com.br\/index.php?rest_route=\/wp\/v2\/types\/post"}],"author":[{"embeddable":true,"href":"https:\/\/sudoesteacontece.com.br\/index.php?rest_route=\/wp\/v2\/users\/2"}],"replies":[{"embeddable":true,"href":"https:\/\/sudoesteacontece.com.br\/index.php?rest_route=%2Fwp%2Fv2%2Fcomments&post=2252"}],"version-history":[{"count":0,"href":"https:\/\/sudoesteacontece.com.br\/index.php?rest_route=\/wp\/v2\/posts\/2252\/revisions"}],"wp:featuredmedia":[{"embeddable":true,"href":"https:\/\/sudoesteacontece.com.br\/index.php?rest_route=\/wp\/v2\/media\/2280"}],"wp:attachment":[{"href":"https:\/\/sudoesteacontece.com.br\/index.php?rest_route=%2Fwp%2Fv2%2Fmedia&parent=2252"}],"wp:term":[{"taxonomy":"category","embeddable":true,"href":"https:\/\/sudoesteacontece.com.br\/index.php?rest_route=%2Fwp%2Fv2%2Fcategories&post=2252"},{"taxonomy":"post_tag","embeddable":true,"href":"https:\/\/sudoesteacontece.com.br\/index.php?rest_route=%2Fwp%2Fv2%2Ftags&post=2252"}],"curies":[{"name":"wp","href":"https:\/\/api.w.org\/{rel}","templated":true}]}}