{"id":2253,"date":"2025-11-10T16:07:09","date_gmt":"2025-11-10T19:07:09","guid":{"rendered":"https:\/\/sudoesteacontece.com.br\/?p=2253"},"modified":"2025-11-10T16:07:10","modified_gmt":"2025-11-10T19:07:10","slug":"caminhao-carregado-de-telhas-tomba-em-praca-de-palmas-de-monte-alto","status":"publish","type":"post","link":"https:\/\/sudoesteacontece.com.br\/?p=2253","title":{"rendered":"Caminh\u00e3o carregado de telhas tomba em pra\u00e7a de Palmas de Monte Alto"},"content":{"rendered":"<div class=\"wp-block-image\">\n<figure class=\"aligncenter size-full\"><img fetchpriority=\"high\" decoding=\"async\" width=\"742\" height=\"582\" src=\"http:\/\/sudoesteacontece.com.br\/wp-content\/uploads\/2025\/11\/ACIDENTE-PALMAS-DE-MONTE-ALTO.jpg\" alt=\"\" class=\"wp-image-2278\" srcset=\"https:\/\/sudoesteacontece.com.br\/wp-content\/uploads\/2025\/11\/ACIDENTE-PALMAS-DE-MONTE-ALTO.jpg 742w, https:\/\/sudoesteacontece.com.br\/wp-content\/uploads\/2025\/11\/ACIDENTE-PALMAS-DE-MONTE-ALTO-300x235.jpg 300w\" sizes=\"(max-width: 742px) 100vw, 742px\" \/><\/figure>\n<\/div>\n\n\n<p>Um caminh\u00e3o carregado de telhas tombou na madrugada desta segunda-feira (10) em Palmas de Monte Alto, no sudoeste baiano. Acidente ocorreu por volta das 2h, na Pra\u00e7a Messias Nogueira, no bairro Nova Palmas.<\/p>\n\n\n\n<p>Ve\u00edculo ficou destru\u00eddo e parte da carga se espalhou pela via. Motorista, identificado como Laurivan, n\u00e3o sofreu ferimentos graves. Ele reclamou apenas de dores leves ap\u00f3s o impacto.<\/p>\n\n\n\n<p>Moradores relataram um forte barulho no momento do tombamento. At\u00e9 a manh\u00e3 desta segunda, o caminh\u00e3o e as telhas danificadas ainda estavam no local.<\/p>\n\n\n\n<p>Segundo informa\u00e7\u00f5es, o mesmo caminh\u00e3o j\u00e1 havia se envolvido em outro acidente neste ano. Em mar\u00e7o, o ve\u00edculo tombou enquanto transportava uma carga de carv\u00e3o em Riacho de Santana (BA).<\/p>\n\n\n\n<p>As causas do novo acidente ainda ser\u00e3o apuradas. A \u00e1rea foi isolada por moradores at\u00e9 a retirada do caminh\u00e3o e da carga.<\/p>\n","protected":false},"excerpt":{"rendered":"<p>Um caminh\u00e3o carregado de telhas tombou na madrugada desta segunda-feira (10) em Palmas de Monte Alto, no sudoeste baiano. Acidente ocorreu por volta das 2h, na Pra\u00e7a Messias Nogueira, no bairro Nova Palmas. Ve\u00edculo ficou destru\u00eddo e parte da carga se espalhou pela via. Motorista, identificado como Laurivan, n\u00e3o sofreu ferimentos graves. Ele reclamou apenas de dores leves ap\u00f3s o impacto. Moradores relataram um forte barulho no momento do tombamento. At\u00e9 a manh\u00e3 desta segunda, o caminh\u00e3o e as telhas danificadas ainda estavam no local. Segundo informa\u00e7\u00f5es, o mesmo caminh\u00e3o j\u00e1 havia se envolvido em outro acidente neste ano. Em mar\u00e7o, o ve\u00edculo tombou enquanto transportava uma carga de carv\u00e3o em Riacho de Santana (BA). As causas do novo acidente ainda ser\u00e3o apuradas. A \u00e1rea foi isolada por moradores at\u00e9 a retirada do caminh\u00e3o e da carga.<\/p>\n","protected":false},"author":2,"featured_media":2278,"comment_status":"open","ping_status":"open","sticky":false,"template":"","format":"standard","meta":{"footnotes":""},"categories":[5,4,48],"tags":[],"class_list":["post-2253","post","type-post","status-publish","format-standard","has-post-thumbnail","hentry","category-acidente","category-cidades","category-palmas-de-monte-alto"],"yoast_head":"<!-- This site is optimized with the Yoast SEO plugin v26.5 - https:\/\/yoast.com\/wordpress\/plugins\/seo\/ -->\n<title>Caminh\u00e3o carregado de telhas tomba em pra\u00e7a de Palmas de Monte Alto - Sudoesteacontece<\/title>\n<meta name=\"robots\" content=\"index, follow, max-snippet:-1, max-image-preview:large, max-video-preview:-1\" \/>\n<link rel=\"canonical\" href=\"https:\/\/sudoesteacontece.com.br\/?p=2253\" \/>\n<meta property=\"og:locale\" content=\"pt_BR\" \/>\n<meta property=\"og:type\" content=\"article\" \/>\n<meta property=\"og:title\" content=\"Caminh\u00e3o carregado de telhas tomba em pra\u00e7a de Palmas de Monte Alto - Sudoesteacontece\" \/>\n<meta property=\"og:description\" content=\"Um caminh\u00e3o carregado de telhas tombou na madrugada desta segunda-feira (10) em Palmas de Monte Alto, no sudoeste baiano. Acidente ocorreu por volta das 2h, na Pra\u00e7a Messias Nogueira, no bairro Nova Palmas. Ve\u00edculo ficou destru\u00eddo e parte da carga se espalhou pela via. Motorista, identificado como Laurivan, n\u00e3o sofreu ferimentos graves. Ele reclamou apenas de dores leves ap\u00f3s o impacto. Moradores relataram um forte barulho no momento do tombamento. At\u00e9 a manh\u00e3 desta segunda, o caminh\u00e3o e as telhas danificadas ainda estavam no local. Segundo informa\u00e7\u00f5es, o mesmo caminh\u00e3o j\u00e1 havia se envolvido em outro acidente neste ano. Em mar\u00e7o, o ve\u00edculo tombou enquanto transportava uma carga de carv\u00e3o em Riacho de Santana (BA). As causas do novo acidente ainda ser\u00e3o apuradas. A \u00e1rea foi isolada por moradores at\u00e9 a retirada do caminh\u00e3o e da carga.\" \/>\n<meta property=\"og:url\" content=\"https:\/\/sudoesteacontece.com.br\/?p=2253\" \/>\n<meta property=\"og:site_name\" content=\"Sudoesteacontece\" \/>\n<meta property=\"article:publisher\" content=\"https:\/\/www.facebook.com\/sudoesteacontece\/?locale=pt_BR\" \/>\n<meta property=\"article:published_time\" content=\"2025-11-10T19:07:09+00:00\" \/>\n<meta property=\"article:modified_time\" content=\"2025-11-10T19:07:10+00:00\" \/>\n<meta property=\"og:image\" content=\"https:\/\/sudoesteacontece.com.br\/wp-content\/uploads\/2025\/11\/ACIDENTE-PALMAS-DE-MONTE-ALTO.jpg\" \/>\n\t<meta property=\"og:image:width\" content=\"742\" \/>\n\t<meta property=\"og:image:height\" content=\"582\" \/>\n\t<meta property=\"og:image:type\" content=\"image\/jpeg\" \/>\n<meta name=\"author\" content=\"Washington Tiago\" \/>\n<meta name=\"twitter:card\" content=\"summary_large_image\" \/>\n<meta name=\"twitter:label1\" content=\"Escrito por\" \/>\n\t<meta name=\"twitter:data1\" content=\"Washington Tiago\" \/>\n\t<meta name=\"twitter:label2\" content=\"Est. tempo de leitura\" \/>\n\t<meta name=\"twitter:data2\" content=\"1 minuto\" \/>\n<script type=\"application\/ld+json\" class=\"yoast-schema-graph\">{\"@context\":\"https:\/\/schema.org\",\"@graph\":[{\"@type\":\"Article\",\"@id\":\"https:\/\/sudoesteacontece.com.br\/?p=2253#article\",\"isPartOf\":{\"@id\":\"https:\/\/sudoesteacontece.com.br\/?p=2253\"},\"author\":{\"name\":\"Washington Tiago\",\"@id\":\"https:\/\/sudoesteacontece.com.br\/#\/schema\/person\/3cf2cf009926a9683ebc29d5379fa79c\"},\"headline\":\"Caminh\u00e3o carregado de telhas tomba em pra\u00e7a de Palmas de Monte Alto\",\"datePublished\":\"2025-11-10T19:07:09+00:00\",\"dateModified\":\"2025-11-10T19:07:10+00:00\",\"mainEntityOfPage\":{\"@id\":\"https:\/\/sudoesteacontece.com.br\/?p=2253\"},\"wordCount\":164,\"commentCount\":0,\"publisher\":{\"@id\":\"https:\/\/sudoesteacontece.com.br\/#organization\"},\"image\":{\"@id\":\"https:\/\/sudoesteacontece.com.br\/?p=2253#primaryimage\"},\"thumbnailUrl\":\"https:\/\/sudoesteacontece.com.br\/wp-content\/uploads\/2025\/11\/ACIDENTE-PALMAS-DE-MONTE-ALTO.jpg\",\"articleSection\":[\"Acidente\",\"Cidades\",\"Palmas de Monte Alto\"],\"inLanguage\":\"pt-BR\",\"potentialAction\":[{\"@type\":\"CommentAction\",\"name\":\"Comment\",\"target\":[\"https:\/\/sudoesteacontece.com.br\/?p=2253#respond\"]}]},{\"@type\":\"WebPage\",\"@id\":\"https:\/\/sudoesteacontece.com.br\/?p=2253\",\"url\":\"https:\/\/sudoesteacontece.com.br\/?p=2253\",\"name\":\"Caminh\u00e3o carregado de telhas tomba em pra\u00e7a de Palmas de Monte Alto - Sudoesteacontece\",\"isPartOf\":{\"@id\":\"https:\/\/sudoesteacontece.com.br\/#website\"},\"primaryImageOfPage\":{\"@id\":\"https:\/\/sudoesteacontece.com.br\/?p=2253#primaryimage\"},\"image\":{\"@id\":\"https:\/\/sudoesteacontece.com.br\/?p=2253#primaryimage\"},\"thumbnailUrl\":\"https:\/\/sudoesteacontece.com.br\/wp-content\/uploads\/2025\/11\/ACIDENTE-PALMAS-DE-MONTE-ALTO.jpg\",\"datePublished\":\"2025-11-10T19:07:09+00:00\",\"dateModified\":\"2025-11-10T19:07:10+00:00\",\"breadcrumb\":{\"@id\":\"https:\/\/sudoesteacontece.com.br\/?p=2253#breadcrumb\"},\"inLanguage\":\"pt-BR\",\"potentialAction\":[{\"@type\":\"ReadAction\",\"target\":[\"https:\/\/sudoesteacontece.com.br\/?p=2253\"]}]},{\"@type\":\"ImageObject\",\"inLanguage\":\"pt-BR\",\"@id\":\"https:\/\/sudoesteacontece.com.br\/?p=2253#primaryimage\",\"url\":\"https:\/\/sudoesteacontece.com.br\/wp-content\/uploads\/2025\/11\/ACIDENTE-PALMAS-DE-MONTE-ALTO.jpg\",\"contentUrl\":\"https:\/\/sudoesteacontece.com.br\/wp-content\/uploads\/2025\/11\/ACIDENTE-PALMAS-DE-MONTE-ALTO.jpg\",\"width\":742,\"height\":582},{\"@type\":\"BreadcrumbList\",\"@id\":\"https:\/\/sudoesteacontece.com.br\/?p=2253#breadcrumb\",\"itemListElement\":[{\"@type\":\"ListItem\",\"position\":1,\"name\":\"In\u00edcio\",\"item\":\"https:\/\/sudoesteacontece.com.br\/\"},{\"@type\":\"ListItem\",\"position\":2,\"name\":\"Caminh\u00e3o carregado de telhas tomba em pra\u00e7a de Palmas de Monte Alto\"}]},{\"@type\":\"WebSite\",\"@id\":\"https:\/\/sudoesteacontece.com.br\/#website\",\"url\":\"https:\/\/sudoesteacontece.com.br\/\",\"name\":\"Sudoesteacontece\",\"description\":\"\",\"publisher\":{\"@id\":\"https:\/\/sudoesteacontece.com.br\/#organization\"},\"potentialAction\":[{\"@type\":\"SearchAction\",\"target\":{\"@type\":\"EntryPoint\",\"urlTemplate\":\"https:\/\/sudoesteacontece.com.br\/?s={search_term_string}\"},\"query-input\":{\"@type\":\"PropertyValueSpecification\",\"valueRequired\":true,\"valueName\":\"search_term_string\"}}],\"inLanguage\":\"pt-BR\"},{\"@type\":\"Organization\",\"@id\":\"https:\/\/sudoesteacontece.com.br\/#organization\",\"name\":\"Sudoesteacontece\",\"url\":\"https:\/\/sudoesteacontece.com.br\/\",\"logo\":{\"@type\":\"ImageObject\",\"inLanguage\":\"pt-BR\",\"@id\":\"https:\/\/sudoesteacontece.com.br\/#\/schema\/logo\/image\/\",\"url\":\"https:\/\/sudoesteacontece.com.br\/wp-content\/uploads\/2025\/12\/cropped-logo-2-180x180-1.png\",\"contentUrl\":\"https:\/\/sudoesteacontece.com.br\/wp-content\/uploads\/2025\/12\/cropped-logo-2-180x180-1.png\",\"width\":180,\"height\":180,\"caption\":\"Sudoesteacontece\"},\"image\":{\"@id\":\"https:\/\/sudoesteacontece.com.br\/#\/schema\/logo\/image\/\"},\"sameAs\":[\"https:\/\/www.facebook.com\/sudoesteacontece\/?locale=pt_BR\"]},{\"@type\":\"Person\",\"@id\":\"https:\/\/sudoesteacontece.com.br\/#\/schema\/person\/3cf2cf009926a9683ebc29d5379fa79c\",\"name\":\"Washington Tiago\",\"image\":{\"@type\":\"ImageObject\",\"inLanguage\":\"pt-BR\",\"@id\":\"https:\/\/sudoesteacontece.com.br\/#\/schema\/person\/image\/\",\"url\":\"https:\/\/secure.gravatar.com\/avatar\/33c43b8668157e040f9d1fe93c354bf087cbd8ba36270c1163198bd3ddcf2a56?s=96&d=mm&r=g\",\"contentUrl\":\"https:\/\/secure.gravatar.com\/avatar\/33c43b8668157e040f9d1fe93c354bf087cbd8ba36270c1163198bd3ddcf2a56?s=96&d=mm&r=g\",\"caption\":\"Washington Tiago\"},\"url\":\"https:\/\/sudoesteacontece.com.br\/?author=2\"}]}<\/script>\n<!-- \/ Yoast SEO plugin. -->","yoast_head_json":{"title":"Caminh\u00e3o carregado de telhas tomba em pra\u00e7a de Palmas de Monte Alto - Sudoesteacontece","robots":{"index":"index","follow":"follow","max-snippet":"max-snippet:-1","max-image-preview":"max-image-preview:large","max-video-preview":"max-video-preview:-1"},"canonical":"https:\/\/sudoesteacontece.com.br\/?p=2253","og_locale":"pt_BR","og_type":"article","og_title":"Caminh\u00e3o carregado de telhas tomba em pra\u00e7a de Palmas de Monte Alto - Sudoesteacontece","og_description":"Um caminh\u00e3o carregado de telhas tombou na madrugada desta segunda-feira (10) em Palmas de Monte Alto, no sudoeste baiano. Acidente ocorreu por volta das 2h, na Pra\u00e7a Messias Nogueira, no bairro Nova Palmas. Ve\u00edculo ficou destru\u00eddo e parte da carga se espalhou pela via. Motorista, identificado como Laurivan, n\u00e3o sofreu ferimentos graves. Ele reclamou apenas de dores leves ap\u00f3s o impacto. Moradores relataram um forte barulho no momento do tombamento. At\u00e9 a manh\u00e3 desta segunda, o caminh\u00e3o e as telhas danificadas ainda estavam no local. Segundo informa\u00e7\u00f5es, o mesmo caminh\u00e3o j\u00e1 havia se envolvido em outro acidente neste ano. Em mar\u00e7o, o ve\u00edculo tombou enquanto transportava uma carga de carv\u00e3o em Riacho de Santana (BA). As causas do novo acidente ainda ser\u00e3o apuradas. A \u00e1rea foi isolada por moradores at\u00e9 a retirada do caminh\u00e3o e da carga.","og_url":"https:\/\/sudoesteacontece.com.br\/?p=2253","og_site_name":"Sudoesteacontece","article_publisher":"https:\/\/www.facebook.com\/sudoesteacontece\/?locale=pt_BR","article_published_time":"2025-11-10T19:07:09+00:00","article_modified_time":"2025-11-10T19:07:10+00:00","og_image":[{"width":742,"height":582,"url":"https:\/\/sudoesteacontece.com.br\/wp-content\/uploads\/2025\/11\/ACIDENTE-PALMAS-DE-MONTE-ALTO.jpg","type":"image\/jpeg"}],"author":"Washington Tiago","twitter_card":"summary_large_image","twitter_misc":{"Escrito por":"Washington Tiago","Est. tempo de leitura":"1 minuto"},"schema":{"@context":"https:\/\/schema.org","@graph":[{"@type":"Article","@id":"https:\/\/sudoesteacontece.com.br\/?p=2253#article","isPartOf":{"@id":"https:\/\/sudoesteacontece.com.br\/?p=2253"},"author":{"name":"Washington Tiago","@id":"https:\/\/sudoesteacontece.com.br\/#\/schema\/person\/3cf2cf009926a9683ebc29d5379fa79c"},"headline":"Caminh\u00e3o carregado de telhas tomba em pra\u00e7a de Palmas de Monte Alto","datePublished":"2025-11-10T19:07:09+00:00","dateModified":"2025-11-10T19:07:10+00:00","mainEntityOfPage":{"@id":"https:\/\/sudoesteacontece.com.br\/?p=2253"},"wordCount":164,"commentCount":0,"publisher":{"@id":"https:\/\/sudoesteacontece.com.br\/#organization"},"image":{"@id":"https:\/\/sudoesteacontece.com.br\/?p=2253#primaryimage"},"thumbnailUrl":"https:\/\/sudoesteacontece.com.br\/wp-content\/uploads\/2025\/11\/ACIDENTE-PALMAS-DE-MONTE-ALTO.jpg","articleSection":["Acidente","Cidades","Palmas de Monte Alto"],"inLanguage":"pt-BR","potentialAction":[{"@type":"CommentAction","name":"Comment","target":["https:\/\/sudoesteacontece.com.br\/?p=2253#respond"]}]},{"@type":"WebPage","@id":"https:\/\/sudoesteacontece.com.br\/?p=2253","url":"https:\/\/sudoesteacontece.com.br\/?p=2253","name":"Caminh\u00e3o carregado de telhas tomba em pra\u00e7a de Palmas de Monte Alto - Sudoesteacontece","isPartOf":{"@id":"https:\/\/sudoesteacontece.com.br\/#website"},"primaryImageOfPage":{"@id":"https:\/\/sudoesteacontece.com.br\/?p=2253#primaryimage"},"image":{"@id":"https:\/\/sudoesteacontece.com.br\/?p=2253#primaryimage"},"thumbnailUrl":"https:\/\/sudoesteacontece.com.br\/wp-content\/uploads\/2025\/11\/ACIDENTE-PALMAS-DE-MONTE-ALTO.jpg","datePublished":"2025-11-10T19:07:09+00:00","dateModified":"2025-11-10T19:07:10+00:00","breadcrumb":{"@id":"https:\/\/sudoesteacontece.com.br\/?p=2253#breadcrumb"},"inLanguage":"pt-BR","potentialAction":[{"@type":"ReadAction","target":["https:\/\/sudoesteacontece.com.br\/?p=2253"]}]},{"@type":"ImageObject","inLanguage":"pt-BR","@id":"https:\/\/sudoesteacontece.com.br\/?p=2253#primaryimage","url":"https:\/\/sudoesteacontece.com.br\/wp-content\/uploads\/2025\/11\/ACIDENTE-PALMAS-DE-MONTE-ALTO.jpg","contentUrl":"https:\/\/sudoesteacontece.com.br\/wp-content\/uploads\/2025\/11\/ACIDENTE-PALMAS-DE-MONTE-ALTO.jpg","width":742,"height":582},{"@type":"BreadcrumbList","@id":"https:\/\/sudoesteacontece.com.br\/?p=2253#breadcrumb","itemListElement":[{"@type":"ListItem","position":1,"name":"In\u00edcio","item":"https:\/\/sudoesteacontece.com.br\/"},{"@type":"ListItem","position":2,"name":"Caminh\u00e3o carregado de telhas tomba em pra\u00e7a de Palmas de Monte Alto"}]},{"@type":"WebSite","@id":"https:\/\/sudoesteacontece.com.br\/#website","url":"https:\/\/sudoesteacontece.com.br\/","name":"Sudoesteacontece","description":"","publisher":{"@id":"https:\/\/sudoesteacontece.com.br\/#organization"},"potentialAction":[{"@type":"SearchAction","target":{"@type":"EntryPoint","urlTemplate":"https:\/\/sudoesteacontece.com.br\/?s={search_term_string}"},"query-input":{"@type":"PropertyValueSpecification","valueRequired":true,"valueName":"search_term_string"}}],"inLanguage":"pt-BR"},{"@type":"Organization","@id":"https:\/\/sudoesteacontece.com.br\/#organization","name":"Sudoesteacontece","url":"https:\/\/sudoesteacontece.com.br\/","logo":{"@type":"ImageObject","inLanguage":"pt-BR","@id":"https:\/\/sudoesteacontece.com.br\/#\/schema\/logo\/image\/","url":"https:\/\/sudoesteacontece.com.br\/wp-content\/uploads\/2025\/12\/cropped-logo-2-180x180-1.png","contentUrl":"https:\/\/sudoesteacontece.com.br\/wp-content\/uploads\/2025\/12\/cropped-logo-2-180x180-1.png","width":180,"height":180,"caption":"Sudoesteacontece"},"image":{"@id":"https:\/\/sudoesteacontece.com.br\/#\/schema\/logo\/image\/"},"sameAs":["https:\/\/www.facebook.com\/sudoesteacontece\/?locale=pt_BR"]},{"@type":"Person","@id":"https:\/\/sudoesteacontece.com.br\/#\/schema\/person\/3cf2cf009926a9683ebc29d5379fa79c","name":"Washington Tiago","image":{"@type":"ImageObject","inLanguage":"pt-BR","@id":"https:\/\/sudoesteacontece.com.br\/#\/schema\/person\/image\/","url":"https:\/\/secure.gravatar.com\/avatar\/33c43b8668157e040f9d1fe93c354bf087cbd8ba36270c1163198bd3ddcf2a56?s=96&d=mm&r=g","contentUrl":"https:\/\/secure.gravatar.com\/avatar\/33c43b8668157e040f9d1fe93c354bf087cbd8ba36270c1163198bd3ddcf2a56?s=96&d=mm&r=g","caption":"Washington Tiago"},"url":"https:\/\/sudoesteacontece.com.br\/?author=2"}]}},"_links":{"self":[{"href":"https:\/\/sudoesteacontece.com.br\/index.php?rest_route=\/wp\/v2\/posts\/2253","targetHints":{"allow":["GET"]}}],"collection":[{"href":"https:\/\/sudoesteacontece.com.br\/index.php?rest_route=\/wp\/v2\/posts"}],"about":[{"href":"https:\/\/sudoesteacontece.com.br\/index.php?rest_route=\/wp\/v2\/types\/post"}],"author":[{"embeddable":true,"href":"https:\/\/sudoesteacontece.com.br\/index.php?rest_route=\/wp\/v2\/users\/2"}],"replies":[{"embeddable":true,"href":"https:\/\/sudoesteacontece.com.br\/index.php?rest_route=%2Fwp%2Fv2%2Fcomments&post=2253"}],"version-history":[{"count":0,"href":"https:\/\/sudoesteacontece.com.br\/index.php?rest_route=\/wp\/v2\/posts\/2253\/revisions"}],"wp:featuredmedia":[{"embeddable":true,"href":"https:\/\/sudoesteacontece.com.br\/index.php?rest_route=\/wp\/v2\/media\/2278"}],"wp:attachment":[{"href":"https:\/\/sudoesteacontece.com.br\/index.php?rest_route=%2Fwp%2Fv2%2Fmedia&parent=2253"}],"wp:term":[{"taxonomy":"category","embeddable":true,"href":"https:\/\/sudoesteacontece.com.br\/index.php?rest_route=%2Fwp%2Fv2%2Fcategories&post=2253"},{"taxonomy":"post_tag","embeddable":true,"href":"https:\/\/sudoesteacontece.com.br\/index.php?rest_route=%2Fwp%2Fv2%2Ftags&post=2253"}],"curies":[{"name":"wp","href":"https:\/\/api.w.org\/{rel}","templated":true}]}}