{"id":2255,"date":"2025-11-10T16:19:01","date_gmt":"2025-11-10T19:19:01","guid":{"rendered":"https:\/\/sudoesteacontece.com.br\/?p=2255"},"modified":"2025-11-10T16:19:03","modified_gmt":"2025-11-10T19:19:03","slug":"policia-militar-recupera-carro-e-moto-roubados-em-cacule","status":"publish","type":"post","link":"https:\/\/sudoesteacontece.com.br\/?p=2255","title":{"rendered":"Pol\u00edcia Militar recupera carro e moto roubados em Cacul\u00e9"},"content":{"rendered":"\n<figure class=\"wp-block-image size-full\"><img fetchpriority=\"high\" decoding=\"async\" width=\"750\" height=\"395\" src=\"http:\/\/sudoesteacontece.com.br\/wp-content\/uploads\/2025\/11\/Policia-Militar-recupera-carro-e-moto-roubados-em-Cacule-sudoeste-acontece.jpg\" alt=\"\" class=\"wp-image-2284\" srcset=\"https:\/\/sudoesteacontece.com.br\/wp-content\/uploads\/2025\/11\/Policia-Militar-recupera-carro-e-moto-roubados-em-Cacule-sudoeste-acontece.jpg 750w, https:\/\/sudoesteacontece.com.br\/wp-content\/uploads\/2025\/11\/Policia-Militar-recupera-carro-e-moto-roubados-em-Cacule-sudoeste-acontece-300x158.jpg 300w\" sizes=\"(max-width: 750px) 100vw, 750px\" \/><\/figure>\n\n\n\n<p>Pol\u00edcia Militar da Bahia recuperou dois ve\u00edculos com restri\u00e7\u00e3o de furto e roubo neste domingo (9), em Cacul\u00e9, no Sudoeste baiano. As a\u00e7\u00f5es foram realizadas pela 94\u00aa Companhia Independente (94\u00aa CIPM), sediada em Caetit\u00e9.<\/p>\n\n\n\n<p>Moradores denunciaram que um Fiat Palio branco circulava em alta velocidade pela Avenida Dr. Ant\u00f4nio Muniz, colocando pedestres em risco. A guarni\u00e7\u00e3o iniciou rondas e localizou o ve\u00edculo pouco depois das 16h20.<\/p>\n\n\n\n<p>Motorista foi abordado e n\u00e3o apresentou nenhum documento pessoal nem do carro. A checagem revelou que o autom\u00f3vel tinha placa adulterada e registro de furto e roubo. O ve\u00edculo foi apreendido e levado ao p\u00e1tio do pelot\u00e3o para posterior encaminhamento \u00e0 Delegacia de Pol\u00edcia Civil.<\/p>\n\n\n\n<p>Cerca de uma hora depois, por volta das 17h40, os militares receberam nova den\u00fancia. Uma motocicleta estaria abandonada em uma estrada vicinal que d\u00e1 acesso \u00e0 comunidade de Comocoxico, na zona rural do munic\u00edpio.<\/p>\n\n\n<div class=\"wp-block-image\">\n<figure class=\"aligncenter size-full\"><img decoding=\"async\" width=\"750\" height=\"395\" src=\"http:\/\/sudoesteacontece.com.br\/wp-content\/uploads\/2025\/11\/4045-sudoeste-bahia-1762764008511419-1.jpg\" alt=\"\" class=\"wp-image-2285\" srcset=\"https:\/\/sudoesteacontece.com.br\/wp-content\/uploads\/2025\/11\/4045-sudoeste-bahia-1762764008511419-1.jpg 750w, https:\/\/sudoesteacontece.com.br\/wp-content\/uploads\/2025\/11\/4045-sudoeste-bahia-1762764008511419-1-300x158.jpg 300w\" sizes=\"(max-width: 750px) 100vw, 750px\" \/><\/figure>\n<\/div>\n\n\n<p>No local, os policiais encontraram uma Honda CG Titan 150 vermelha. Ap\u00f3s consulta, constataram que a moto havia sido roubada em setembro e vinha sendo usada em assaltos na cidade. O ve\u00edculo tamb\u00e9m foi apreendido e encaminhado \u00e0 Delegacia.<\/p>\n\n\n\n<p>Pol\u00edcia Militar destacou que as a\u00e7\u00f5es integradas e o apoio da comunidade t\u00eam sido fundamentais para recuperar ve\u00edculos roubados e coibir crimes na regi\u00e3o.<\/p>\n","protected":false},"excerpt":{"rendered":"<p>Pol\u00edcia Militar da Bahia recuperou dois ve\u00edculos com restri\u00e7\u00e3o de furto e roubo neste domingo (9), em Cacul\u00e9, no Sudoeste baiano. As a\u00e7\u00f5es foram realizadas pela 94\u00aa Companhia Independente (94\u00aa CIPM), sediada em Caetit\u00e9. Moradores denunciaram que um Fiat Palio branco circulava em alta velocidade pela Avenida Dr. Ant\u00f4nio Muniz, colocando pedestres em risco. A guarni\u00e7\u00e3o iniciou rondas e localizou o ve\u00edculo pouco depois das 16h20. Motorista foi abordado e n\u00e3o apresentou nenhum documento pessoal nem do carro. A checagem revelou que o autom\u00f3vel tinha placa adulterada e registro de furto e roubo. O ve\u00edculo foi apreendido e levado ao p\u00e1tio do pelot\u00e3o para posterior encaminhamento \u00e0 Delegacia de Pol\u00edcia Civil. Cerca de uma hora depois, por volta das 17h40, os militares receberam nova den\u00fancia. Uma motocicleta estaria abandonada em uma estrada vicinal que d\u00e1 acesso \u00e0 comunidade de Comocoxico, na zona rural do munic\u00edpio. No local, os policiais encontraram uma Honda CG Titan 150 vermelha. Ap\u00f3s consulta, constataram que a moto havia sido roubada em setembro e vinha sendo usada em assaltos na cidade. O ve\u00edculo tamb\u00e9m foi apreendido e encaminhado \u00e0 Delegacia. Pol\u00edcia Militar destacou que as a\u00e7\u00f5es integradas e o apoio da comunidade t\u00eam sido fundamentais para recuperar ve\u00edculos roubados e coibir crimes na regi\u00e3o.<\/p>\n","protected":false},"author":2,"featured_media":2284,"comment_status":"open","ping_status":"open","sticky":false,"template":"","format":"standard","meta":{"footnotes":""},"categories":[57,3],"tags":[],"class_list":["post-2255","post","type-post","status-publish","format-standard","has-post-thumbnail","hentry","category-cacule","category-policia"],"yoast_head":"<!-- This site is optimized with the Yoast SEO plugin v26.5 - https:\/\/yoast.com\/wordpress\/plugins\/seo\/ -->\n<title>Pol\u00edcia Militar recupera carro e moto roubados em Cacul\u00e9 - Sudoesteacontece<\/title>\n<meta name=\"robots\" content=\"index, follow, max-snippet:-1, max-image-preview:large, max-video-preview:-1\" \/>\n<link rel=\"canonical\" href=\"https:\/\/sudoesteacontece.com.br\/?p=2255\" \/>\n<meta property=\"og:locale\" content=\"pt_BR\" \/>\n<meta property=\"og:type\" content=\"article\" \/>\n<meta property=\"og:title\" content=\"Pol\u00edcia Militar recupera carro e moto roubados em Cacul\u00e9 - Sudoesteacontece\" \/>\n<meta property=\"og:description\" content=\"Pol\u00edcia Militar da Bahia recuperou dois ve\u00edculos com restri\u00e7\u00e3o de furto e roubo neste domingo (9), em Cacul\u00e9, no Sudoeste baiano. As a\u00e7\u00f5es foram realizadas pela 94\u00aa Companhia Independente (94\u00aa CIPM), sediada em Caetit\u00e9. Moradores denunciaram que um Fiat Palio branco circulava em alta velocidade pela Avenida Dr. Ant\u00f4nio Muniz, colocando pedestres em risco. A guarni\u00e7\u00e3o iniciou rondas e localizou o ve\u00edculo pouco depois das 16h20. Motorista foi abordado e n\u00e3o apresentou nenhum documento pessoal nem do carro. A checagem revelou que o autom\u00f3vel tinha placa adulterada e registro de furto e roubo. O ve\u00edculo foi apreendido e levado ao p\u00e1tio do pelot\u00e3o para posterior encaminhamento \u00e0 Delegacia de Pol\u00edcia Civil. Cerca de uma hora depois, por volta das 17h40, os militares receberam nova den\u00fancia. Uma motocicleta estaria abandonada em uma estrada vicinal que d\u00e1 acesso \u00e0 comunidade de Comocoxico, na zona rural do munic\u00edpio. No local, os policiais encontraram uma Honda CG Titan 150 vermelha. Ap\u00f3s consulta, constataram que a moto havia sido roubada em setembro e vinha sendo usada em assaltos na cidade. O ve\u00edculo tamb\u00e9m foi apreendido e encaminhado \u00e0 Delegacia. Pol\u00edcia Militar destacou que as a\u00e7\u00f5es integradas e o apoio da comunidade t\u00eam sido fundamentais para recuperar ve\u00edculos roubados e coibir crimes na regi\u00e3o.\" \/>\n<meta property=\"og:url\" content=\"https:\/\/sudoesteacontece.com.br\/?p=2255\" \/>\n<meta property=\"og:site_name\" content=\"Sudoesteacontece\" \/>\n<meta property=\"article:publisher\" content=\"https:\/\/www.facebook.com\/sudoesteacontece\/?locale=pt_BR\" \/>\n<meta property=\"article:published_time\" content=\"2025-11-10T19:19:01+00:00\" \/>\n<meta property=\"article:modified_time\" content=\"2025-11-10T19:19:03+00:00\" \/>\n<meta property=\"og:image\" content=\"https:\/\/sudoesteacontece.com.br\/wp-content\/uploads\/2025\/11\/Policia-Militar-recupera-carro-e-moto-roubados-em-Cacule-sudoeste-acontece.jpg\" \/>\n\t<meta property=\"og:image:width\" content=\"750\" \/>\n\t<meta property=\"og:image:height\" content=\"395\" \/>\n\t<meta property=\"og:image:type\" content=\"image\/jpeg\" \/>\n<meta name=\"author\" content=\"Washington Tiago\" \/>\n<meta name=\"twitter:card\" content=\"summary_large_image\" \/>\n<meta name=\"twitter:label1\" content=\"Escrito por\" \/>\n\t<meta name=\"twitter:data1\" content=\"Washington Tiago\" \/>\n\t<meta name=\"twitter:label2\" content=\"Est. tempo de leitura\" \/>\n\t<meta name=\"twitter:data2\" content=\"1 minuto\" \/>\n<script type=\"application\/ld+json\" class=\"yoast-schema-graph\">{\"@context\":\"https:\/\/schema.org\",\"@graph\":[{\"@type\":\"Article\",\"@id\":\"https:\/\/sudoesteacontece.com.br\/?p=2255#article\",\"isPartOf\":{\"@id\":\"https:\/\/sudoesteacontece.com.br\/?p=2255\"},\"author\":{\"name\":\"Washington Tiago\",\"@id\":\"https:\/\/sudoesteacontece.com.br\/#\/schema\/person\/3cf2cf009926a9683ebc29d5379fa79c\"},\"headline\":\"Pol\u00edcia Militar recupera carro e moto roubados em Cacul\u00e9\",\"datePublished\":\"2025-11-10T19:19:01+00:00\",\"dateModified\":\"2025-11-10T19:19:03+00:00\",\"mainEntityOfPage\":{\"@id\":\"https:\/\/sudoesteacontece.com.br\/?p=2255\"},\"wordCount\":234,\"commentCount\":0,\"publisher\":{\"@id\":\"https:\/\/sudoesteacontece.com.br\/#organization\"},\"image\":{\"@id\":\"https:\/\/sudoesteacontece.com.br\/?p=2255#primaryimage\"},\"thumbnailUrl\":\"https:\/\/sudoesteacontece.com.br\/wp-content\/uploads\/2025\/11\/Policia-Militar-recupera-carro-e-moto-roubados-em-Cacule-sudoeste-acontece.jpg\",\"articleSection\":[\"Cacul\u00e9\",\"Pol\u00edcia\"],\"inLanguage\":\"pt-BR\",\"potentialAction\":[{\"@type\":\"CommentAction\",\"name\":\"Comment\",\"target\":[\"https:\/\/sudoesteacontece.com.br\/?p=2255#respond\"]}]},{\"@type\":\"WebPage\",\"@id\":\"https:\/\/sudoesteacontece.com.br\/?p=2255\",\"url\":\"https:\/\/sudoesteacontece.com.br\/?p=2255\",\"name\":\"Pol\u00edcia Militar recupera carro e moto roubados em Cacul\u00e9 - Sudoesteacontece\",\"isPartOf\":{\"@id\":\"https:\/\/sudoesteacontece.com.br\/#website\"},\"primaryImageOfPage\":{\"@id\":\"https:\/\/sudoesteacontece.com.br\/?p=2255#primaryimage\"},\"image\":{\"@id\":\"https:\/\/sudoesteacontece.com.br\/?p=2255#primaryimage\"},\"thumbnailUrl\":\"https:\/\/sudoesteacontece.com.br\/wp-content\/uploads\/2025\/11\/Policia-Militar-recupera-carro-e-moto-roubados-em-Cacule-sudoeste-acontece.jpg\",\"datePublished\":\"2025-11-10T19:19:01+00:00\",\"dateModified\":\"2025-11-10T19:19:03+00:00\",\"breadcrumb\":{\"@id\":\"https:\/\/sudoesteacontece.com.br\/?p=2255#breadcrumb\"},\"inLanguage\":\"pt-BR\",\"potentialAction\":[{\"@type\":\"ReadAction\",\"target\":[\"https:\/\/sudoesteacontece.com.br\/?p=2255\"]}]},{\"@type\":\"ImageObject\",\"inLanguage\":\"pt-BR\",\"@id\":\"https:\/\/sudoesteacontece.com.br\/?p=2255#primaryimage\",\"url\":\"https:\/\/sudoesteacontece.com.br\/wp-content\/uploads\/2025\/11\/Policia-Militar-recupera-carro-e-moto-roubados-em-Cacule-sudoeste-acontece.jpg\",\"contentUrl\":\"https:\/\/sudoesteacontece.com.br\/wp-content\/uploads\/2025\/11\/Policia-Militar-recupera-carro-e-moto-roubados-em-Cacule-sudoeste-acontece.jpg\",\"width\":750,\"height\":395},{\"@type\":\"BreadcrumbList\",\"@id\":\"https:\/\/sudoesteacontece.com.br\/?p=2255#breadcrumb\",\"itemListElement\":[{\"@type\":\"ListItem\",\"position\":1,\"name\":\"In\u00edcio\",\"item\":\"https:\/\/sudoesteacontece.com.br\/\"},{\"@type\":\"ListItem\",\"position\":2,\"name\":\"Pol\u00edcia Militar recupera carro e moto roubados em Cacul\u00e9\"}]},{\"@type\":\"WebSite\",\"@id\":\"https:\/\/sudoesteacontece.com.br\/#website\",\"url\":\"https:\/\/sudoesteacontece.com.br\/\",\"name\":\"Sudoesteacontece\",\"description\":\"\",\"publisher\":{\"@id\":\"https:\/\/sudoesteacontece.com.br\/#organization\"},\"potentialAction\":[{\"@type\":\"SearchAction\",\"target\":{\"@type\":\"EntryPoint\",\"urlTemplate\":\"https:\/\/sudoesteacontece.com.br\/?s={search_term_string}\"},\"query-input\":{\"@type\":\"PropertyValueSpecification\",\"valueRequired\":true,\"valueName\":\"search_term_string\"}}],\"inLanguage\":\"pt-BR\"},{\"@type\":\"Organization\",\"@id\":\"https:\/\/sudoesteacontece.com.br\/#organization\",\"name\":\"Sudoesteacontece\",\"url\":\"https:\/\/sudoesteacontece.com.br\/\",\"logo\":{\"@type\":\"ImageObject\",\"inLanguage\":\"pt-BR\",\"@id\":\"https:\/\/sudoesteacontece.com.br\/#\/schema\/logo\/image\/\",\"url\":\"https:\/\/sudoesteacontece.com.br\/wp-content\/uploads\/2025\/12\/cropped-logo-2-180x180-1.png\",\"contentUrl\":\"https:\/\/sudoesteacontece.com.br\/wp-content\/uploads\/2025\/12\/cropped-logo-2-180x180-1.png\",\"width\":180,\"height\":180,\"caption\":\"Sudoesteacontece\"},\"image\":{\"@id\":\"https:\/\/sudoesteacontece.com.br\/#\/schema\/logo\/image\/\"},\"sameAs\":[\"https:\/\/www.facebook.com\/sudoesteacontece\/?locale=pt_BR\"]},{\"@type\":\"Person\",\"@id\":\"https:\/\/sudoesteacontece.com.br\/#\/schema\/person\/3cf2cf009926a9683ebc29d5379fa79c\",\"name\":\"Washington Tiago\",\"image\":{\"@type\":\"ImageObject\",\"inLanguage\":\"pt-BR\",\"@id\":\"https:\/\/sudoesteacontece.com.br\/#\/schema\/person\/image\/\",\"url\":\"https:\/\/secure.gravatar.com\/avatar\/33c43b8668157e040f9d1fe93c354bf087cbd8ba36270c1163198bd3ddcf2a56?s=96&d=mm&r=g\",\"contentUrl\":\"https:\/\/secure.gravatar.com\/avatar\/33c43b8668157e040f9d1fe93c354bf087cbd8ba36270c1163198bd3ddcf2a56?s=96&d=mm&r=g\",\"caption\":\"Washington Tiago\"},\"url\":\"https:\/\/sudoesteacontece.com.br\/?author=2\"}]}<\/script>\n<!-- \/ Yoast SEO plugin. -->","yoast_head_json":{"title":"Pol\u00edcia Militar recupera carro e moto roubados em Cacul\u00e9 - Sudoesteacontece","robots":{"index":"index","follow":"follow","max-snippet":"max-snippet:-1","max-image-preview":"max-image-preview:large","max-video-preview":"max-video-preview:-1"},"canonical":"https:\/\/sudoesteacontece.com.br\/?p=2255","og_locale":"pt_BR","og_type":"article","og_title":"Pol\u00edcia Militar recupera carro e moto roubados em Cacul\u00e9 - Sudoesteacontece","og_description":"Pol\u00edcia Militar da Bahia recuperou dois ve\u00edculos com restri\u00e7\u00e3o de furto e roubo neste domingo (9), em Cacul\u00e9, no Sudoeste baiano. As a\u00e7\u00f5es foram realizadas pela 94\u00aa Companhia Independente (94\u00aa CIPM), sediada em Caetit\u00e9. Moradores denunciaram que um Fiat Palio branco circulava em alta velocidade pela Avenida Dr. Ant\u00f4nio Muniz, colocando pedestres em risco. A guarni\u00e7\u00e3o iniciou rondas e localizou o ve\u00edculo pouco depois das 16h20. Motorista foi abordado e n\u00e3o apresentou nenhum documento pessoal nem do carro. A checagem revelou que o autom\u00f3vel tinha placa adulterada e registro de furto e roubo. O ve\u00edculo foi apreendido e levado ao p\u00e1tio do pelot\u00e3o para posterior encaminhamento \u00e0 Delegacia de Pol\u00edcia Civil. Cerca de uma hora depois, por volta das 17h40, os militares receberam nova den\u00fancia. Uma motocicleta estaria abandonada em uma estrada vicinal que d\u00e1 acesso \u00e0 comunidade de Comocoxico, na zona rural do munic\u00edpio. No local, os policiais encontraram uma Honda CG Titan 150 vermelha. Ap\u00f3s consulta, constataram que a moto havia sido roubada em setembro e vinha sendo usada em assaltos na cidade. O ve\u00edculo tamb\u00e9m foi apreendido e encaminhado \u00e0 Delegacia. Pol\u00edcia Militar destacou que as a\u00e7\u00f5es integradas e o apoio da comunidade t\u00eam sido fundamentais para recuperar ve\u00edculos roubados e coibir crimes na regi\u00e3o.","og_url":"https:\/\/sudoesteacontece.com.br\/?p=2255","og_site_name":"Sudoesteacontece","article_publisher":"https:\/\/www.facebook.com\/sudoesteacontece\/?locale=pt_BR","article_published_time":"2025-11-10T19:19:01+00:00","article_modified_time":"2025-11-10T19:19:03+00:00","og_image":[{"width":750,"height":395,"url":"https:\/\/sudoesteacontece.com.br\/wp-content\/uploads\/2025\/11\/Policia-Militar-recupera-carro-e-moto-roubados-em-Cacule-sudoeste-acontece.jpg","type":"image\/jpeg"}],"author":"Washington Tiago","twitter_card":"summary_large_image","twitter_misc":{"Escrito por":"Washington Tiago","Est. tempo de leitura":"1 minuto"},"schema":{"@context":"https:\/\/schema.org","@graph":[{"@type":"Article","@id":"https:\/\/sudoesteacontece.com.br\/?p=2255#article","isPartOf":{"@id":"https:\/\/sudoesteacontece.com.br\/?p=2255"},"author":{"name":"Washington Tiago","@id":"https:\/\/sudoesteacontece.com.br\/#\/schema\/person\/3cf2cf009926a9683ebc29d5379fa79c"},"headline":"Pol\u00edcia Militar recupera carro e moto roubados em Cacul\u00e9","datePublished":"2025-11-10T19:19:01+00:00","dateModified":"2025-11-10T19:19:03+00:00","mainEntityOfPage":{"@id":"https:\/\/sudoesteacontece.com.br\/?p=2255"},"wordCount":234,"commentCount":0,"publisher":{"@id":"https:\/\/sudoesteacontece.com.br\/#organization"},"image":{"@id":"https:\/\/sudoesteacontece.com.br\/?p=2255#primaryimage"},"thumbnailUrl":"https:\/\/sudoesteacontece.com.br\/wp-content\/uploads\/2025\/11\/Policia-Militar-recupera-carro-e-moto-roubados-em-Cacule-sudoeste-acontece.jpg","articleSection":["Cacul\u00e9","Pol\u00edcia"],"inLanguage":"pt-BR","potentialAction":[{"@type":"CommentAction","name":"Comment","target":["https:\/\/sudoesteacontece.com.br\/?p=2255#respond"]}]},{"@type":"WebPage","@id":"https:\/\/sudoesteacontece.com.br\/?p=2255","url":"https:\/\/sudoesteacontece.com.br\/?p=2255","name":"Pol\u00edcia Militar recupera carro e moto roubados em Cacul\u00e9 - Sudoesteacontece","isPartOf":{"@id":"https:\/\/sudoesteacontece.com.br\/#website"},"primaryImageOfPage":{"@id":"https:\/\/sudoesteacontece.com.br\/?p=2255#primaryimage"},"image":{"@id":"https:\/\/sudoesteacontece.com.br\/?p=2255#primaryimage"},"thumbnailUrl":"https:\/\/sudoesteacontece.com.br\/wp-content\/uploads\/2025\/11\/Policia-Militar-recupera-carro-e-moto-roubados-em-Cacule-sudoeste-acontece.jpg","datePublished":"2025-11-10T19:19:01+00:00","dateModified":"2025-11-10T19:19:03+00:00","breadcrumb":{"@id":"https:\/\/sudoesteacontece.com.br\/?p=2255#breadcrumb"},"inLanguage":"pt-BR","potentialAction":[{"@type":"ReadAction","target":["https:\/\/sudoesteacontece.com.br\/?p=2255"]}]},{"@type":"ImageObject","inLanguage":"pt-BR","@id":"https:\/\/sudoesteacontece.com.br\/?p=2255#primaryimage","url":"https:\/\/sudoesteacontece.com.br\/wp-content\/uploads\/2025\/11\/Policia-Militar-recupera-carro-e-moto-roubados-em-Cacule-sudoeste-acontece.jpg","contentUrl":"https:\/\/sudoesteacontece.com.br\/wp-content\/uploads\/2025\/11\/Policia-Militar-recupera-carro-e-moto-roubados-em-Cacule-sudoeste-acontece.jpg","width":750,"height":395},{"@type":"BreadcrumbList","@id":"https:\/\/sudoesteacontece.com.br\/?p=2255#breadcrumb","itemListElement":[{"@type":"ListItem","position":1,"name":"In\u00edcio","item":"https:\/\/sudoesteacontece.com.br\/"},{"@type":"ListItem","position":2,"name":"Pol\u00edcia Militar recupera carro e moto roubados em Cacul\u00e9"}]},{"@type":"WebSite","@id":"https:\/\/sudoesteacontece.com.br\/#website","url":"https:\/\/sudoesteacontece.com.br\/","name":"Sudoesteacontece","description":"","publisher":{"@id":"https:\/\/sudoesteacontece.com.br\/#organization"},"potentialAction":[{"@type":"SearchAction","target":{"@type":"EntryPoint","urlTemplate":"https:\/\/sudoesteacontece.com.br\/?s={search_term_string}"},"query-input":{"@type":"PropertyValueSpecification","valueRequired":true,"valueName":"search_term_string"}}],"inLanguage":"pt-BR"},{"@type":"Organization","@id":"https:\/\/sudoesteacontece.com.br\/#organization","name":"Sudoesteacontece","url":"https:\/\/sudoesteacontece.com.br\/","logo":{"@type":"ImageObject","inLanguage":"pt-BR","@id":"https:\/\/sudoesteacontece.com.br\/#\/schema\/logo\/image\/","url":"https:\/\/sudoesteacontece.com.br\/wp-content\/uploads\/2025\/12\/cropped-logo-2-180x180-1.png","contentUrl":"https:\/\/sudoesteacontece.com.br\/wp-content\/uploads\/2025\/12\/cropped-logo-2-180x180-1.png","width":180,"height":180,"caption":"Sudoesteacontece"},"image":{"@id":"https:\/\/sudoesteacontece.com.br\/#\/schema\/logo\/image\/"},"sameAs":["https:\/\/www.facebook.com\/sudoesteacontece\/?locale=pt_BR"]},{"@type":"Person","@id":"https:\/\/sudoesteacontece.com.br\/#\/schema\/person\/3cf2cf009926a9683ebc29d5379fa79c","name":"Washington Tiago","image":{"@type":"ImageObject","inLanguage":"pt-BR","@id":"https:\/\/sudoesteacontece.com.br\/#\/schema\/person\/image\/","url":"https:\/\/secure.gravatar.com\/avatar\/33c43b8668157e040f9d1fe93c354bf087cbd8ba36270c1163198bd3ddcf2a56?s=96&d=mm&r=g","contentUrl":"https:\/\/secure.gravatar.com\/avatar\/33c43b8668157e040f9d1fe93c354bf087cbd8ba36270c1163198bd3ddcf2a56?s=96&d=mm&r=g","caption":"Washington Tiago"},"url":"https:\/\/sudoesteacontece.com.br\/?author=2"}]}},"_links":{"self":[{"href":"https:\/\/sudoesteacontece.com.br\/index.php?rest_route=\/wp\/v2\/posts\/2255","targetHints":{"allow":["GET"]}}],"collection":[{"href":"https:\/\/sudoesteacontece.com.br\/index.php?rest_route=\/wp\/v2\/posts"}],"about":[{"href":"https:\/\/sudoesteacontece.com.br\/index.php?rest_route=\/wp\/v2\/types\/post"}],"author":[{"embeddable":true,"href":"https:\/\/sudoesteacontece.com.br\/index.php?rest_route=\/wp\/v2\/users\/2"}],"replies":[{"embeddable":true,"href":"https:\/\/sudoesteacontece.com.br\/index.php?rest_route=%2Fwp%2Fv2%2Fcomments&post=2255"}],"version-history":[{"count":0,"href":"https:\/\/sudoesteacontece.com.br\/index.php?rest_route=\/wp\/v2\/posts\/2255\/revisions"}],"wp:featuredmedia":[{"embeddable":true,"href":"https:\/\/sudoesteacontece.com.br\/index.php?rest_route=\/wp\/v2\/media\/2284"}],"wp:attachment":[{"href":"https:\/\/sudoesteacontece.com.br\/index.php?rest_route=%2Fwp%2Fv2%2Fmedia&parent=2255"}],"wp:term":[{"taxonomy":"category","embeddable":true,"href":"https:\/\/sudoesteacontece.com.br\/index.php?rest_route=%2Fwp%2Fv2%2Fcategories&post=2255"},{"taxonomy":"post_tag","embeddable":true,"href":"https:\/\/sudoesteacontece.com.br\/index.php?rest_route=%2Fwp%2Fv2%2Ftags&post=2255"}],"curies":[{"name":"wp","href":"https:\/\/api.w.org\/{rel}","templated":true}]}}