{"id":2256,"date":"2025-11-10T16:22:26","date_gmt":"2025-11-10T19:22:26","guid":{"rendered":"https:\/\/sudoesteacontece.com.br\/?p=2256"},"modified":"2025-11-10T16:24:27","modified_gmt":"2025-11-10T19:24:27","slug":"mulher-morre-apos-sofrer-descarga-eletrica-em-iuiu","status":"publish","type":"post","link":"https:\/\/sudoesteacontece.com.br\/?p=2256","title":{"rendered":"Mulher morre ap\u00f3s sofrer descarga el\u00e9trica em Iuiu"},"content":{"rendered":"\n<figure class=\"wp-block-image size-large\"><img fetchpriority=\"high\" decoding=\"async\" width=\"1024\" height=\"576\" src=\"http:\/\/sudoesteacontece.com.br\/wp-content\/uploads\/2025\/11\/Homem-morre-ao-sofrer-descarga-eletrica-enquanto-trabalhava-em-fazenda-na-zona-rural-de-Jacaraci-sudoeste-acontece-iml-1024x576.jpg\" alt=\"\" class=\"wp-image-2139\" srcset=\"https:\/\/sudoesteacontece.com.br\/wp-content\/uploads\/2025\/11\/Homem-morre-ao-sofrer-descarga-eletrica-enquanto-trabalhava-em-fazenda-na-zona-rural-de-Jacaraci-sudoeste-acontece-iml-1024x576.jpg 1024w, https:\/\/sudoesteacontece.com.br\/wp-content\/uploads\/2025\/11\/Homem-morre-ao-sofrer-descarga-eletrica-enquanto-trabalhava-em-fazenda-na-zona-rural-de-Jacaraci-sudoeste-acontece-iml-300x169.jpg 300w, https:\/\/sudoesteacontece.com.br\/wp-content\/uploads\/2025\/11\/Homem-morre-ao-sofrer-descarga-eletrica-enquanto-trabalhava-em-fazenda-na-zona-rural-de-Jacaraci-sudoeste-acontece-iml-768x432.jpg 768w, https:\/\/sudoesteacontece.com.br\/wp-content\/uploads\/2025\/11\/Homem-morre-ao-sofrer-descarga-eletrica-enquanto-trabalhava-em-fazenda-na-zona-rural-de-Jacaraci-sudoeste-acontece-iml.jpg 1032w\" sizes=\"(max-width: 1024px) 100vw, 1024px\" \/><figcaption class=\"wp-element-caption\">Foto Washington Tiago<\/figcaption><\/figure>\n\n\n\n<p>Uma mulher de 49 anos morreu ap\u00f3s sofrer uma descarga el\u00e9trica na tarde deste domingo (9), em Iuiu, no sudoeste da Bahia. A v\u00edtima foi identificada como Lucimar Neves da Silva, segundo informou a Pol\u00edcia Militar.<\/p>\n\n\n\n<p>Os policiais foram acionados por volta das 14h e encontraram a mulher j\u00e1 sem sinais vitais. O Servi\u00e7o de Atendimento M\u00f3vel de Urg\u00eancia (SAMU) esteve no local e confirmou a morte.<\/p>\n\n\n\n<p>Familiares contaram que Lucimar lavava roupas quando recebeu o choque. Ela teria segurado uma extens\u00e3o el\u00e9trica com a m\u00e3o molhada, hip\u00f3tese que ser\u00e1 analisada pela per\u00edcia.<\/p>\n\n\n\n<p>Corpo foi levado para o Instituto M\u00e9dico Legal (IML) de Guanambi, onde passar\u00e1 por necropsia. Caso est\u00e1 sendo investigado pela Pol\u00edcia Civil.<\/p>\n","protected":false},"excerpt":{"rendered":"<p>Uma mulher de 49 anos morreu ap\u00f3s sofrer uma descarga el\u00e9trica na tarde deste domingo (9), em Iuiu, no sudoeste da Bahia. A v\u00edtima foi identificada como Lucimar Neves da Silva, segundo informou a Pol\u00edcia Militar. Os policiais foram acionados por volta das 14h e encontraram a mulher j\u00e1 sem sinais vitais. O Servi\u00e7o de Atendimento M\u00f3vel de Urg\u00eancia (SAMU) esteve no local e confirmou a morte. Familiares contaram que Lucimar lavava roupas quando recebeu o choque. Ela teria segurado uma extens\u00e3o el\u00e9trica com a m\u00e3o molhada, hip\u00f3tese que ser\u00e1 analisada pela per\u00edcia. Corpo foi levado para o Instituto M\u00e9dico Legal (IML) de Guanambi, onde passar\u00e1 por necropsia. Caso est\u00e1 sendo investigado pela Pol\u00edcia Civil.<\/p>\n","protected":false},"author":2,"featured_media":2139,"comment_status":"open","ping_status":"open","sticky":false,"template":"","format":"standard","meta":{"footnotes":""},"categories":[4,87,3],"tags":[],"class_list":["post-2256","post","type-post","status-publish","format-standard","has-post-thumbnail","hentry","category-cidades","category-iuiu","category-policia"],"yoast_head":"<!-- This site is optimized with the Yoast SEO plugin v26.5 - https:\/\/yoast.com\/wordpress\/plugins\/seo\/ -->\n<title>Mulher morre ap\u00f3s sofrer descarga el\u00e9trica em Iuiu - Sudoesteacontece<\/title>\n<meta name=\"robots\" content=\"index, follow, max-snippet:-1, max-image-preview:large, max-video-preview:-1\" \/>\n<link rel=\"canonical\" href=\"https:\/\/sudoesteacontece.com.br\/?p=2256\" \/>\n<meta property=\"og:locale\" content=\"pt_BR\" \/>\n<meta property=\"og:type\" content=\"article\" \/>\n<meta property=\"og:title\" content=\"Mulher morre ap\u00f3s sofrer descarga el\u00e9trica em Iuiu - Sudoesteacontece\" \/>\n<meta property=\"og:description\" content=\"Uma mulher de 49 anos morreu ap\u00f3s sofrer uma descarga el\u00e9trica na tarde deste domingo (9), em Iuiu, no sudoeste da Bahia. A v\u00edtima foi identificada como Lucimar Neves da Silva, segundo informou a Pol\u00edcia Militar. Os policiais foram acionados por volta das 14h e encontraram a mulher j\u00e1 sem sinais vitais. O Servi\u00e7o de Atendimento M\u00f3vel de Urg\u00eancia (SAMU) esteve no local e confirmou a morte. Familiares contaram que Lucimar lavava roupas quando recebeu o choque. Ela teria segurado uma extens\u00e3o el\u00e9trica com a m\u00e3o molhada, hip\u00f3tese que ser\u00e1 analisada pela per\u00edcia. Corpo foi levado para o Instituto M\u00e9dico Legal (IML) de Guanambi, onde passar\u00e1 por necropsia. Caso est\u00e1 sendo investigado pela Pol\u00edcia Civil.\" \/>\n<meta property=\"og:url\" content=\"https:\/\/sudoesteacontece.com.br\/?p=2256\" \/>\n<meta property=\"og:site_name\" content=\"Sudoesteacontece\" \/>\n<meta property=\"article:publisher\" content=\"https:\/\/www.facebook.com\/sudoesteacontece\/?locale=pt_BR\" \/>\n<meta property=\"article:published_time\" content=\"2025-11-10T19:22:26+00:00\" \/>\n<meta property=\"article:modified_time\" content=\"2025-11-10T19:24:27+00:00\" \/>\n<meta property=\"og:image\" content=\"https:\/\/sudoesteacontece.com.br\/wp-content\/uploads\/2025\/11\/Homem-morre-ao-sofrer-descarga-eletrica-enquanto-trabalhava-em-fazenda-na-zona-rural-de-Jacaraci-sudoeste-acontece-iml.jpg\" \/>\n\t<meta property=\"og:image:width\" content=\"1032\" \/>\n\t<meta property=\"og:image:height\" content=\"581\" \/>\n\t<meta property=\"og:image:type\" content=\"image\/jpeg\" \/>\n<meta name=\"author\" content=\"Washington Tiago\" \/>\n<meta name=\"twitter:card\" content=\"summary_large_image\" \/>\n<meta name=\"twitter:label1\" content=\"Escrito por\" \/>\n\t<meta name=\"twitter:data1\" content=\"Washington Tiago\" \/>\n\t<meta name=\"twitter:label2\" content=\"Est. tempo de leitura\" \/>\n\t<meta name=\"twitter:data2\" content=\"1 minuto\" \/>\n<script type=\"application\/ld+json\" class=\"yoast-schema-graph\">{\"@context\":\"https:\/\/schema.org\",\"@graph\":[{\"@type\":\"Article\",\"@id\":\"https:\/\/sudoesteacontece.com.br\/?p=2256#article\",\"isPartOf\":{\"@id\":\"https:\/\/sudoesteacontece.com.br\/?p=2256\"},\"author\":{\"name\":\"Washington Tiago\",\"@id\":\"https:\/\/sudoesteacontece.com.br\/#\/schema\/person\/3cf2cf009926a9683ebc29d5379fa79c\"},\"headline\":\"Mulher morre ap\u00f3s sofrer descarga el\u00e9trica em Iuiu\",\"datePublished\":\"2025-11-10T19:22:26+00:00\",\"dateModified\":\"2025-11-10T19:24:27+00:00\",\"mainEntityOfPage\":{\"@id\":\"https:\/\/sudoesteacontece.com.br\/?p=2256\"},\"wordCount\":140,\"commentCount\":0,\"publisher\":{\"@id\":\"https:\/\/sudoesteacontece.com.br\/#organization\"},\"image\":{\"@id\":\"https:\/\/sudoesteacontece.com.br\/?p=2256#primaryimage\"},\"thumbnailUrl\":\"https:\/\/sudoesteacontece.com.br\/wp-content\/uploads\/2025\/11\/Homem-morre-ao-sofrer-descarga-eletrica-enquanto-trabalhava-em-fazenda-na-zona-rural-de-Jacaraci-sudoeste-acontece-iml.jpg\",\"articleSection\":[\"Cidades\",\"Iuiu\",\"Pol\u00edcia\"],\"inLanguage\":\"pt-BR\",\"potentialAction\":[{\"@type\":\"CommentAction\",\"name\":\"Comment\",\"target\":[\"https:\/\/sudoesteacontece.com.br\/?p=2256#respond\"]}]},{\"@type\":\"WebPage\",\"@id\":\"https:\/\/sudoesteacontece.com.br\/?p=2256\",\"url\":\"https:\/\/sudoesteacontece.com.br\/?p=2256\",\"name\":\"Mulher morre ap\u00f3s sofrer descarga el\u00e9trica em Iuiu - Sudoesteacontece\",\"isPartOf\":{\"@id\":\"https:\/\/sudoesteacontece.com.br\/#website\"},\"primaryImageOfPage\":{\"@id\":\"https:\/\/sudoesteacontece.com.br\/?p=2256#primaryimage\"},\"image\":{\"@id\":\"https:\/\/sudoesteacontece.com.br\/?p=2256#primaryimage\"},\"thumbnailUrl\":\"https:\/\/sudoesteacontece.com.br\/wp-content\/uploads\/2025\/11\/Homem-morre-ao-sofrer-descarga-eletrica-enquanto-trabalhava-em-fazenda-na-zona-rural-de-Jacaraci-sudoeste-acontece-iml.jpg\",\"datePublished\":\"2025-11-10T19:22:26+00:00\",\"dateModified\":\"2025-11-10T19:24:27+00:00\",\"breadcrumb\":{\"@id\":\"https:\/\/sudoesteacontece.com.br\/?p=2256#breadcrumb\"},\"inLanguage\":\"pt-BR\",\"potentialAction\":[{\"@type\":\"ReadAction\",\"target\":[\"https:\/\/sudoesteacontece.com.br\/?p=2256\"]}]},{\"@type\":\"ImageObject\",\"inLanguage\":\"pt-BR\",\"@id\":\"https:\/\/sudoesteacontece.com.br\/?p=2256#primaryimage\",\"url\":\"https:\/\/sudoesteacontece.com.br\/wp-content\/uploads\/2025\/11\/Homem-morre-ao-sofrer-descarga-eletrica-enquanto-trabalhava-em-fazenda-na-zona-rural-de-Jacaraci-sudoeste-acontece-iml.jpg\",\"contentUrl\":\"https:\/\/sudoesteacontece.com.br\/wp-content\/uploads\/2025\/11\/Homem-morre-ao-sofrer-descarga-eletrica-enquanto-trabalhava-em-fazenda-na-zona-rural-de-Jacaraci-sudoeste-acontece-iml.jpg\",\"width\":1032,\"height\":581,\"caption\":\"Foto Washington Tiago\"},{\"@type\":\"BreadcrumbList\",\"@id\":\"https:\/\/sudoesteacontece.com.br\/?p=2256#breadcrumb\",\"itemListElement\":[{\"@type\":\"ListItem\",\"position\":1,\"name\":\"In\u00edcio\",\"item\":\"https:\/\/sudoesteacontece.com.br\/\"},{\"@type\":\"ListItem\",\"position\":2,\"name\":\"Mulher morre ap\u00f3s sofrer descarga el\u00e9trica em Iuiu\"}]},{\"@type\":\"WebSite\",\"@id\":\"https:\/\/sudoesteacontece.com.br\/#website\",\"url\":\"https:\/\/sudoesteacontece.com.br\/\",\"name\":\"Sudoesteacontece\",\"description\":\"\",\"publisher\":{\"@id\":\"https:\/\/sudoesteacontece.com.br\/#organization\"},\"potentialAction\":[{\"@type\":\"SearchAction\",\"target\":{\"@type\":\"EntryPoint\",\"urlTemplate\":\"https:\/\/sudoesteacontece.com.br\/?s={search_term_string}\"},\"query-input\":{\"@type\":\"PropertyValueSpecification\",\"valueRequired\":true,\"valueName\":\"search_term_string\"}}],\"inLanguage\":\"pt-BR\"},{\"@type\":\"Organization\",\"@id\":\"https:\/\/sudoesteacontece.com.br\/#organization\",\"name\":\"Sudoesteacontece\",\"url\":\"https:\/\/sudoesteacontece.com.br\/\",\"logo\":{\"@type\":\"ImageObject\",\"inLanguage\":\"pt-BR\",\"@id\":\"https:\/\/sudoesteacontece.com.br\/#\/schema\/logo\/image\/\",\"url\":\"https:\/\/sudoesteacontece.com.br\/wp-content\/uploads\/2025\/12\/cropped-logo-2-180x180-1.png\",\"contentUrl\":\"https:\/\/sudoesteacontece.com.br\/wp-content\/uploads\/2025\/12\/cropped-logo-2-180x180-1.png\",\"width\":180,\"height\":180,\"caption\":\"Sudoesteacontece\"},\"image\":{\"@id\":\"https:\/\/sudoesteacontece.com.br\/#\/schema\/logo\/image\/\"},\"sameAs\":[\"https:\/\/www.facebook.com\/sudoesteacontece\/?locale=pt_BR\"]},{\"@type\":\"Person\",\"@id\":\"https:\/\/sudoesteacontece.com.br\/#\/schema\/person\/3cf2cf009926a9683ebc29d5379fa79c\",\"name\":\"Washington Tiago\",\"image\":{\"@type\":\"ImageObject\",\"inLanguage\":\"pt-BR\",\"@id\":\"https:\/\/sudoesteacontece.com.br\/#\/schema\/person\/image\/\",\"url\":\"https:\/\/secure.gravatar.com\/avatar\/33c43b8668157e040f9d1fe93c354bf087cbd8ba36270c1163198bd3ddcf2a56?s=96&d=mm&r=g\",\"contentUrl\":\"https:\/\/secure.gravatar.com\/avatar\/33c43b8668157e040f9d1fe93c354bf087cbd8ba36270c1163198bd3ddcf2a56?s=96&d=mm&r=g\",\"caption\":\"Washington Tiago\"},\"url\":\"https:\/\/sudoesteacontece.com.br\/?author=2\"}]}<\/script>\n<!-- \/ Yoast SEO plugin. -->","yoast_head_json":{"title":"Mulher morre ap\u00f3s sofrer descarga el\u00e9trica em Iuiu - Sudoesteacontece","robots":{"index":"index","follow":"follow","max-snippet":"max-snippet:-1","max-image-preview":"max-image-preview:large","max-video-preview":"max-video-preview:-1"},"canonical":"https:\/\/sudoesteacontece.com.br\/?p=2256","og_locale":"pt_BR","og_type":"article","og_title":"Mulher morre ap\u00f3s sofrer descarga el\u00e9trica em Iuiu - Sudoesteacontece","og_description":"Uma mulher de 49 anos morreu ap\u00f3s sofrer uma descarga el\u00e9trica na tarde deste domingo (9), em Iuiu, no sudoeste da Bahia. A v\u00edtima foi identificada como Lucimar Neves da Silva, segundo informou a Pol\u00edcia Militar. Os policiais foram acionados por volta das 14h e encontraram a mulher j\u00e1 sem sinais vitais. O Servi\u00e7o de Atendimento M\u00f3vel de Urg\u00eancia (SAMU) esteve no local e confirmou a morte. Familiares contaram que Lucimar lavava roupas quando recebeu o choque. Ela teria segurado uma extens\u00e3o el\u00e9trica com a m\u00e3o molhada, hip\u00f3tese que ser\u00e1 analisada pela per\u00edcia. Corpo foi levado para o Instituto M\u00e9dico Legal (IML) de Guanambi, onde passar\u00e1 por necropsia. Caso est\u00e1 sendo investigado pela Pol\u00edcia Civil.","og_url":"https:\/\/sudoesteacontece.com.br\/?p=2256","og_site_name":"Sudoesteacontece","article_publisher":"https:\/\/www.facebook.com\/sudoesteacontece\/?locale=pt_BR","article_published_time":"2025-11-10T19:22:26+00:00","article_modified_time":"2025-11-10T19:24:27+00:00","og_image":[{"width":1032,"height":581,"url":"https:\/\/sudoesteacontece.com.br\/wp-content\/uploads\/2025\/11\/Homem-morre-ao-sofrer-descarga-eletrica-enquanto-trabalhava-em-fazenda-na-zona-rural-de-Jacaraci-sudoeste-acontece-iml.jpg","type":"image\/jpeg"}],"author":"Washington Tiago","twitter_card":"summary_large_image","twitter_misc":{"Escrito por":"Washington Tiago","Est. tempo de leitura":"1 minuto"},"schema":{"@context":"https:\/\/schema.org","@graph":[{"@type":"Article","@id":"https:\/\/sudoesteacontece.com.br\/?p=2256#article","isPartOf":{"@id":"https:\/\/sudoesteacontece.com.br\/?p=2256"},"author":{"name":"Washington Tiago","@id":"https:\/\/sudoesteacontece.com.br\/#\/schema\/person\/3cf2cf009926a9683ebc29d5379fa79c"},"headline":"Mulher morre ap\u00f3s sofrer descarga el\u00e9trica em Iuiu","datePublished":"2025-11-10T19:22:26+00:00","dateModified":"2025-11-10T19:24:27+00:00","mainEntityOfPage":{"@id":"https:\/\/sudoesteacontece.com.br\/?p=2256"},"wordCount":140,"commentCount":0,"publisher":{"@id":"https:\/\/sudoesteacontece.com.br\/#organization"},"image":{"@id":"https:\/\/sudoesteacontece.com.br\/?p=2256#primaryimage"},"thumbnailUrl":"https:\/\/sudoesteacontece.com.br\/wp-content\/uploads\/2025\/11\/Homem-morre-ao-sofrer-descarga-eletrica-enquanto-trabalhava-em-fazenda-na-zona-rural-de-Jacaraci-sudoeste-acontece-iml.jpg","articleSection":["Cidades","Iuiu","Pol\u00edcia"],"inLanguage":"pt-BR","potentialAction":[{"@type":"CommentAction","name":"Comment","target":["https:\/\/sudoesteacontece.com.br\/?p=2256#respond"]}]},{"@type":"WebPage","@id":"https:\/\/sudoesteacontece.com.br\/?p=2256","url":"https:\/\/sudoesteacontece.com.br\/?p=2256","name":"Mulher morre ap\u00f3s sofrer descarga el\u00e9trica em Iuiu - Sudoesteacontece","isPartOf":{"@id":"https:\/\/sudoesteacontece.com.br\/#website"},"primaryImageOfPage":{"@id":"https:\/\/sudoesteacontece.com.br\/?p=2256#primaryimage"},"image":{"@id":"https:\/\/sudoesteacontece.com.br\/?p=2256#primaryimage"},"thumbnailUrl":"https:\/\/sudoesteacontece.com.br\/wp-content\/uploads\/2025\/11\/Homem-morre-ao-sofrer-descarga-eletrica-enquanto-trabalhava-em-fazenda-na-zona-rural-de-Jacaraci-sudoeste-acontece-iml.jpg","datePublished":"2025-11-10T19:22:26+00:00","dateModified":"2025-11-10T19:24:27+00:00","breadcrumb":{"@id":"https:\/\/sudoesteacontece.com.br\/?p=2256#breadcrumb"},"inLanguage":"pt-BR","potentialAction":[{"@type":"ReadAction","target":["https:\/\/sudoesteacontece.com.br\/?p=2256"]}]},{"@type":"ImageObject","inLanguage":"pt-BR","@id":"https:\/\/sudoesteacontece.com.br\/?p=2256#primaryimage","url":"https:\/\/sudoesteacontece.com.br\/wp-content\/uploads\/2025\/11\/Homem-morre-ao-sofrer-descarga-eletrica-enquanto-trabalhava-em-fazenda-na-zona-rural-de-Jacaraci-sudoeste-acontece-iml.jpg","contentUrl":"https:\/\/sudoesteacontece.com.br\/wp-content\/uploads\/2025\/11\/Homem-morre-ao-sofrer-descarga-eletrica-enquanto-trabalhava-em-fazenda-na-zona-rural-de-Jacaraci-sudoeste-acontece-iml.jpg","width":1032,"height":581,"caption":"Foto Washington Tiago"},{"@type":"BreadcrumbList","@id":"https:\/\/sudoesteacontece.com.br\/?p=2256#breadcrumb","itemListElement":[{"@type":"ListItem","position":1,"name":"In\u00edcio","item":"https:\/\/sudoesteacontece.com.br\/"},{"@type":"ListItem","position":2,"name":"Mulher morre ap\u00f3s sofrer descarga el\u00e9trica em Iuiu"}]},{"@type":"WebSite","@id":"https:\/\/sudoesteacontece.com.br\/#website","url":"https:\/\/sudoesteacontece.com.br\/","name":"Sudoesteacontece","description":"","publisher":{"@id":"https:\/\/sudoesteacontece.com.br\/#organization"},"potentialAction":[{"@type":"SearchAction","target":{"@type":"EntryPoint","urlTemplate":"https:\/\/sudoesteacontece.com.br\/?s={search_term_string}"},"query-input":{"@type":"PropertyValueSpecification","valueRequired":true,"valueName":"search_term_string"}}],"inLanguage":"pt-BR"},{"@type":"Organization","@id":"https:\/\/sudoesteacontece.com.br\/#organization","name":"Sudoesteacontece","url":"https:\/\/sudoesteacontece.com.br\/","logo":{"@type":"ImageObject","inLanguage":"pt-BR","@id":"https:\/\/sudoesteacontece.com.br\/#\/schema\/logo\/image\/","url":"https:\/\/sudoesteacontece.com.br\/wp-content\/uploads\/2025\/12\/cropped-logo-2-180x180-1.png","contentUrl":"https:\/\/sudoesteacontece.com.br\/wp-content\/uploads\/2025\/12\/cropped-logo-2-180x180-1.png","width":180,"height":180,"caption":"Sudoesteacontece"},"image":{"@id":"https:\/\/sudoesteacontece.com.br\/#\/schema\/logo\/image\/"},"sameAs":["https:\/\/www.facebook.com\/sudoesteacontece\/?locale=pt_BR"]},{"@type":"Person","@id":"https:\/\/sudoesteacontece.com.br\/#\/schema\/person\/3cf2cf009926a9683ebc29d5379fa79c","name":"Washington Tiago","image":{"@type":"ImageObject","inLanguage":"pt-BR","@id":"https:\/\/sudoesteacontece.com.br\/#\/schema\/person\/image\/","url":"https:\/\/secure.gravatar.com\/avatar\/33c43b8668157e040f9d1fe93c354bf087cbd8ba36270c1163198bd3ddcf2a56?s=96&d=mm&r=g","contentUrl":"https:\/\/secure.gravatar.com\/avatar\/33c43b8668157e040f9d1fe93c354bf087cbd8ba36270c1163198bd3ddcf2a56?s=96&d=mm&r=g","caption":"Washington Tiago"},"url":"https:\/\/sudoesteacontece.com.br\/?author=2"}]}},"_links":{"self":[{"href":"https:\/\/sudoesteacontece.com.br\/index.php?rest_route=\/wp\/v2\/posts\/2256","targetHints":{"allow":["GET"]}}],"collection":[{"href":"https:\/\/sudoesteacontece.com.br\/index.php?rest_route=\/wp\/v2\/posts"}],"about":[{"href":"https:\/\/sudoesteacontece.com.br\/index.php?rest_route=\/wp\/v2\/types\/post"}],"author":[{"embeddable":true,"href":"https:\/\/sudoesteacontece.com.br\/index.php?rest_route=\/wp\/v2\/users\/2"}],"replies":[{"embeddable":true,"href":"https:\/\/sudoesteacontece.com.br\/index.php?rest_route=%2Fwp%2Fv2%2Fcomments&post=2256"}],"version-history":[{"count":0,"href":"https:\/\/sudoesteacontece.com.br\/index.php?rest_route=\/wp\/v2\/posts\/2256\/revisions"}],"wp:featuredmedia":[{"embeddable":true,"href":"https:\/\/sudoesteacontece.com.br\/index.php?rest_route=\/wp\/v2\/media\/2139"}],"wp:attachment":[{"href":"https:\/\/sudoesteacontece.com.br\/index.php?rest_route=%2Fwp%2Fv2%2Fmedia&parent=2256"}],"wp:term":[{"taxonomy":"category","embeddable":true,"href":"https:\/\/sudoesteacontece.com.br\/index.php?rest_route=%2Fwp%2Fv2%2Fcategories&post=2256"},{"taxonomy":"post_tag","embeddable":true,"href":"https:\/\/sudoesteacontece.com.br\/index.php?rest_route=%2Fwp%2Fv2%2Ftags&post=2256"}],"curies":[{"name":"wp","href":"https:\/\/api.w.org\/{rel}","templated":true}]}}