{"id":2257,"date":"2025-11-10T16:28:57","date_gmt":"2025-11-10T19:28:57","guid":{"rendered":"https:\/\/sudoesteacontece.com.br\/?p=2257"},"modified":"2025-11-10T16:28:58","modified_gmt":"2025-11-10T19:28:58","slug":"fabricio-abrantes-decreta-estado-de-emergencia-apos-fortes-chuvas-em-brumado","status":"publish","type":"post","link":"https:\/\/sudoesteacontece.com.br\/?p=2257","title":{"rendered":"Fabr\u00edcio Abrantes decreta estado de emerg\u00eancia ap\u00f3s fortes chuvas em Brumado"},"content":{"rendered":"<div class=\"wp-block-image\">\n<figure class=\"aligncenter size-large\"><img fetchpriority=\"high\" decoding=\"async\" width=\"1024\" height=\"683\" src=\"http:\/\/sudoesteacontece.com.br\/wp-content\/uploads\/2025\/10\/Prefeito-de-Brumado-aproxima-governo-da-populacao-com-o-Gabinete-Aberto-no-bairro-Esconso-sudoeste-acontede-1024x683.jpg\" alt=\"\" class=\"wp-image-1264\" srcset=\"https:\/\/sudoesteacontece.com.br\/wp-content\/uploads\/2025\/10\/Prefeito-de-Brumado-aproxima-governo-da-populacao-com-o-Gabinete-Aberto-no-bairro-Esconso-sudoeste-acontede-1024x683.jpg 1024w, https:\/\/sudoesteacontece.com.br\/wp-content\/uploads\/2025\/10\/Prefeito-de-Brumado-aproxima-governo-da-populacao-com-o-Gabinete-Aberto-no-bairro-Esconso-sudoeste-acontede-300x200.jpg 300w, https:\/\/sudoesteacontece.com.br\/wp-content\/uploads\/2025\/10\/Prefeito-de-Brumado-aproxima-governo-da-populacao-com-o-Gabinete-Aberto-no-bairro-Esconso-sudoeste-acontede-768x512.jpg 768w, https:\/\/sudoesteacontece.com.br\/wp-content\/uploads\/2025\/10\/Prefeito-de-Brumado-aproxima-governo-da-populacao-com-o-Gabinete-Aberto-no-bairro-Esconso-sudoeste-acontede-1536x1024.jpg 1536w, https:\/\/sudoesteacontece.com.br\/wp-content\/uploads\/2025\/10\/Prefeito-de-Brumado-aproxima-governo-da-populacao-com-o-Gabinete-Aberto-no-bairro-Esconso-sudoeste-acontede-2048x1365.jpg 2048w\" sizes=\"(max-width: 1024px) 100vw, 1024px\" \/><\/figure>\n<\/div>\n\n\n<p>Prefeito anunciou medidas imediatas para conter danos e pediu apoio dos governos estadual e federal. O prefeito de Brumado, Fabr\u00edcio Abrantes (Avante), decretou estado de emerg\u00eancia nesta segunda-feira (10) ap\u00f3s as fortes chuvas que atingiram o munic\u00edpio no fim de semana.<\/p>\n\n\n\n<p>Segundo o gestor, as equipes da prefeitura atuaram desde o in\u00edcio das precipita\u00e7\u00f5es em diferentes pontos da cidade para conter alagamentos e reduzir riscos.<\/p>\n\n\n\n<p>\u201cAs chuvas foram intensas. Nossas equipes trabalharam juntas para diminuir os impactos causados pelos ventos, raios e enxurradas\u201d, afirmou Fabr\u00edcio.<\/p>\n\n\n\n<p>Com o decreto, o munic\u00edpio poder\u00e1 solicitar apoio do Governo do Estado, do Governo Federal e da Defesa Civil Nacional para a\u00e7\u00f5es de reconstru\u00e7\u00e3o e assist\u00eancia \u00e0s fam\u00edlias afetadas.<\/p>\n\n\n\n<p>Entre as medidas imediatas est\u00e3o a amplia\u00e7\u00e3o das equipes de tapa-buracos, poda de \u00e1rvores e manuten\u00e7\u00e3o de esgoto, para restaurar a mobilidade e evitar novos transtornos.<\/p>\n\n\n\n<p>\u201cOs ventos arrancaram \u00e1rvores, algumas ca\u00edram sobre casas e vias. Tudo ser\u00e1 tratado com prioridade\u201d, destacou o prefeito.<\/p>\n\n\n\n<p>A Defesa Civil Municipal (CEOC) segue monitorando \u00e1reas de risco e dando suporte \u00e0s fam\u00edlias desabrigadas. T\u00e9cnicos tamb\u00e9m avaliam im\u00f3veis com risco de desabamento.<\/p>\n\n\n\n<p>Fabr\u00edcio encerrou a reuni\u00e3o agradecendo o empenho das equipes e o apoio da popula\u00e7\u00e3o.<\/p>\n\n\n\n<p>\u201cAgrade\u00e7o a todos que est\u00e3o unidos para amenizar os estragos. Que Deus continue nos aben\u00e7oando\u201d, concluiu.<\/p>\n","protected":false},"excerpt":{"rendered":"<p>Prefeito anunciou medidas imediatas para conter danos e pediu apoio dos governos estadual e federal. O prefeito de Brumado, Fabr\u00edcio Abrantes (Avante), decretou estado de emerg\u00eancia nesta segunda-feira (10) ap\u00f3s as fortes chuvas que atingiram o munic\u00edpio no fim de semana. Segundo o gestor, as equipes da prefeitura atuaram desde o in\u00edcio das precipita\u00e7\u00f5es em diferentes pontos da cidade para conter alagamentos e reduzir riscos. \u201cAs chuvas foram intensas. Nossas equipes trabalharam juntas para diminuir os impactos causados pelos ventos, raios e enxurradas\u201d, afirmou Fabr\u00edcio. Com o decreto, o munic\u00edpio poder\u00e1 solicitar apoio do Governo do Estado, do Governo Federal e da Defesa Civil Nacional para a\u00e7\u00f5es de reconstru\u00e7\u00e3o e assist\u00eancia \u00e0s fam\u00edlias afetadas. Entre as medidas imediatas est\u00e3o a amplia\u00e7\u00e3o das equipes de tapa-buracos, poda de \u00e1rvores e manuten\u00e7\u00e3o de esgoto, para restaurar a mobilidade e evitar novos transtornos. \u201cOs ventos arrancaram \u00e1rvores, algumas ca\u00edram sobre casas e vias. Tudo ser\u00e1 tratado com prioridade\u201d, destacou o prefeito. A Defesa Civil Municipal (CEOC) segue monitorando \u00e1reas de risco e dando suporte \u00e0s fam\u00edlias desabrigadas. T\u00e9cnicos tamb\u00e9m avaliam im\u00f3veis com risco de desabamento. Fabr\u00edcio encerrou a reuni\u00e3o agradecendo o empenho das equipes e o apoio da popula\u00e7\u00e3o. \u201cAgrade\u00e7o a todos que est\u00e3o unidos para amenizar os estragos. Que Deus continue nos aben\u00e7oando\u201d, concluiu.<\/p>\n","protected":false},"author":2,"featured_media":1264,"comment_status":"open","ping_status":"open","sticky":false,"template":"","format":"standard","meta":{"footnotes":""},"categories":[10,4,6],"tags":[],"class_list":["post-2257","post","type-post","status-publish","format-standard","has-post-thumbnail","hentry","category-brumado","category-cidades","category-politica"],"yoast_head":"<!-- This site is optimized with the Yoast SEO plugin v26.5 - https:\/\/yoast.com\/wordpress\/plugins\/seo\/ -->\n<title>Fabr\u00edcio Abrantes decreta estado de emerg\u00eancia ap\u00f3s fortes chuvas em Brumado - Sudoesteacontece<\/title>\n<meta name=\"robots\" content=\"index, follow, max-snippet:-1, max-image-preview:large, max-video-preview:-1\" \/>\n<link rel=\"canonical\" href=\"https:\/\/sudoesteacontece.com.br\/?p=2257\" \/>\n<meta property=\"og:locale\" content=\"pt_BR\" \/>\n<meta property=\"og:type\" content=\"article\" \/>\n<meta property=\"og:title\" content=\"Fabr\u00edcio Abrantes decreta estado de emerg\u00eancia ap\u00f3s fortes chuvas em Brumado - Sudoesteacontece\" \/>\n<meta property=\"og:description\" content=\"Prefeito anunciou medidas imediatas para conter danos e pediu apoio dos governos estadual e federal. O prefeito de Brumado, Fabr\u00edcio Abrantes (Avante), decretou estado de emerg\u00eancia nesta segunda-feira (10) ap\u00f3s as fortes chuvas que atingiram o munic\u00edpio no fim de semana. Segundo o gestor, as equipes da prefeitura atuaram desde o in\u00edcio das precipita\u00e7\u00f5es em diferentes pontos da cidade para conter alagamentos e reduzir riscos. \u201cAs chuvas foram intensas. Nossas equipes trabalharam juntas para diminuir os impactos causados pelos ventos, raios e enxurradas\u201d, afirmou Fabr\u00edcio. Com o decreto, o munic\u00edpio poder\u00e1 solicitar apoio do Governo do Estado, do Governo Federal e da Defesa Civil Nacional para a\u00e7\u00f5es de reconstru\u00e7\u00e3o e assist\u00eancia \u00e0s fam\u00edlias afetadas. Entre as medidas imediatas est\u00e3o a amplia\u00e7\u00e3o das equipes de tapa-buracos, poda de \u00e1rvores e manuten\u00e7\u00e3o de esgoto, para restaurar a mobilidade e evitar novos transtornos. \u201cOs ventos arrancaram \u00e1rvores, algumas ca\u00edram sobre casas e vias. Tudo ser\u00e1 tratado com prioridade\u201d, destacou o prefeito. A Defesa Civil Municipal (CEOC) segue monitorando \u00e1reas de risco e dando suporte \u00e0s fam\u00edlias desabrigadas. T\u00e9cnicos tamb\u00e9m avaliam im\u00f3veis com risco de desabamento. Fabr\u00edcio encerrou a reuni\u00e3o agradecendo o empenho das equipes e o apoio da popula\u00e7\u00e3o. \u201cAgrade\u00e7o a todos que est\u00e3o unidos para amenizar os estragos. Que Deus continue nos aben\u00e7oando\u201d, concluiu.\" \/>\n<meta property=\"og:url\" content=\"https:\/\/sudoesteacontece.com.br\/?p=2257\" \/>\n<meta property=\"og:site_name\" content=\"Sudoesteacontece\" \/>\n<meta property=\"article:publisher\" content=\"https:\/\/www.facebook.com\/sudoesteacontece\/?locale=pt_BR\" \/>\n<meta property=\"article:published_time\" content=\"2025-11-10T19:28:57+00:00\" \/>\n<meta property=\"article:modified_time\" content=\"2025-11-10T19:28:58+00:00\" \/>\n<meta property=\"og:image\" content=\"https:\/\/sudoesteacontece.com.br\/wp-content\/uploads\/2025\/10\/Prefeito-de-Brumado-aproxima-governo-da-populacao-com-o-Gabinete-Aberto-no-bairro-Esconso-sudoeste-acontede-scaled.jpg\" \/>\n\t<meta property=\"og:image:width\" content=\"2560\" \/>\n\t<meta property=\"og:image:height\" content=\"1707\" \/>\n\t<meta property=\"og:image:type\" content=\"image\/jpeg\" \/>\n<meta name=\"author\" content=\"Washington Tiago\" \/>\n<meta name=\"twitter:card\" content=\"summary_large_image\" \/>\n<meta name=\"twitter:label1\" content=\"Escrito por\" \/>\n\t<meta name=\"twitter:data1\" content=\"Washington Tiago\" \/>\n\t<meta name=\"twitter:label2\" content=\"Est. tempo de leitura\" \/>\n\t<meta name=\"twitter:data2\" content=\"1 minuto\" \/>\n<script type=\"application\/ld+json\" class=\"yoast-schema-graph\">{\"@context\":\"https:\/\/schema.org\",\"@graph\":[{\"@type\":\"Article\",\"@id\":\"https:\/\/sudoesteacontece.com.br\/?p=2257#article\",\"isPartOf\":{\"@id\":\"https:\/\/sudoesteacontece.com.br\/?p=2257\"},\"author\":{\"name\":\"Washington Tiago\",\"@id\":\"https:\/\/sudoesteacontece.com.br\/#\/schema\/person\/3cf2cf009926a9683ebc29d5379fa79c\"},\"headline\":\"Fabr\u00edcio Abrantes decreta estado de emerg\u00eancia ap\u00f3s fortes chuvas em Brumado\",\"datePublished\":\"2025-11-10T19:28:57+00:00\",\"dateModified\":\"2025-11-10T19:28:58+00:00\",\"mainEntityOfPage\":{\"@id\":\"https:\/\/sudoesteacontece.com.br\/?p=2257\"},\"wordCount\":251,\"commentCount\":0,\"publisher\":{\"@id\":\"https:\/\/sudoesteacontece.com.br\/#organization\"},\"image\":{\"@id\":\"https:\/\/sudoesteacontece.com.br\/?p=2257#primaryimage\"},\"thumbnailUrl\":\"https:\/\/sudoesteacontece.com.br\/wp-content\/uploads\/2025\/10\/Prefeito-de-Brumado-aproxima-governo-da-populacao-com-o-Gabinete-Aberto-no-bairro-Esconso-sudoeste-acontede-scaled.jpg\",\"articleSection\":[\"Brumado\",\"Cidades\",\"Pol\u00edtica\"],\"inLanguage\":\"pt-BR\",\"potentialAction\":[{\"@type\":\"CommentAction\",\"name\":\"Comment\",\"target\":[\"https:\/\/sudoesteacontece.com.br\/?p=2257#respond\"]}]},{\"@type\":\"WebPage\",\"@id\":\"https:\/\/sudoesteacontece.com.br\/?p=2257\",\"url\":\"https:\/\/sudoesteacontece.com.br\/?p=2257\",\"name\":\"Fabr\u00edcio Abrantes decreta estado de emerg\u00eancia ap\u00f3s fortes chuvas em Brumado - Sudoesteacontece\",\"isPartOf\":{\"@id\":\"https:\/\/sudoesteacontece.com.br\/#website\"},\"primaryImageOfPage\":{\"@id\":\"https:\/\/sudoesteacontece.com.br\/?p=2257#primaryimage\"},\"image\":{\"@id\":\"https:\/\/sudoesteacontece.com.br\/?p=2257#primaryimage\"},\"thumbnailUrl\":\"https:\/\/sudoesteacontece.com.br\/wp-content\/uploads\/2025\/10\/Prefeito-de-Brumado-aproxima-governo-da-populacao-com-o-Gabinete-Aberto-no-bairro-Esconso-sudoeste-acontede-scaled.jpg\",\"datePublished\":\"2025-11-10T19:28:57+00:00\",\"dateModified\":\"2025-11-10T19:28:58+00:00\",\"breadcrumb\":{\"@id\":\"https:\/\/sudoesteacontece.com.br\/?p=2257#breadcrumb\"},\"inLanguage\":\"pt-BR\",\"potentialAction\":[{\"@type\":\"ReadAction\",\"target\":[\"https:\/\/sudoesteacontece.com.br\/?p=2257\"]}]},{\"@type\":\"ImageObject\",\"inLanguage\":\"pt-BR\",\"@id\":\"https:\/\/sudoesteacontece.com.br\/?p=2257#primaryimage\",\"url\":\"https:\/\/sudoesteacontece.com.br\/wp-content\/uploads\/2025\/10\/Prefeito-de-Brumado-aproxima-governo-da-populacao-com-o-Gabinete-Aberto-no-bairro-Esconso-sudoeste-acontede-scaled.jpg\",\"contentUrl\":\"https:\/\/sudoesteacontece.com.br\/wp-content\/uploads\/2025\/10\/Prefeito-de-Brumado-aproxima-governo-da-populacao-com-o-Gabinete-Aberto-no-bairro-Esconso-sudoeste-acontede-scaled.jpg\",\"width\":2560,\"height\":1707},{\"@type\":\"BreadcrumbList\",\"@id\":\"https:\/\/sudoesteacontece.com.br\/?p=2257#breadcrumb\",\"itemListElement\":[{\"@type\":\"ListItem\",\"position\":1,\"name\":\"In\u00edcio\",\"item\":\"https:\/\/sudoesteacontece.com.br\/\"},{\"@type\":\"ListItem\",\"position\":2,\"name\":\"Fabr\u00edcio Abrantes decreta estado de emerg\u00eancia ap\u00f3s fortes chuvas em Brumado\"}]},{\"@type\":\"WebSite\",\"@id\":\"https:\/\/sudoesteacontece.com.br\/#website\",\"url\":\"https:\/\/sudoesteacontece.com.br\/\",\"name\":\"Sudoesteacontece\",\"description\":\"\",\"publisher\":{\"@id\":\"https:\/\/sudoesteacontece.com.br\/#organization\"},\"potentialAction\":[{\"@type\":\"SearchAction\",\"target\":{\"@type\":\"EntryPoint\",\"urlTemplate\":\"https:\/\/sudoesteacontece.com.br\/?s={search_term_string}\"},\"query-input\":{\"@type\":\"PropertyValueSpecification\",\"valueRequired\":true,\"valueName\":\"search_term_string\"}}],\"inLanguage\":\"pt-BR\"},{\"@type\":\"Organization\",\"@id\":\"https:\/\/sudoesteacontece.com.br\/#organization\",\"name\":\"Sudoesteacontece\",\"url\":\"https:\/\/sudoesteacontece.com.br\/\",\"logo\":{\"@type\":\"ImageObject\",\"inLanguage\":\"pt-BR\",\"@id\":\"https:\/\/sudoesteacontece.com.br\/#\/schema\/logo\/image\/\",\"url\":\"https:\/\/sudoesteacontece.com.br\/wp-content\/uploads\/2025\/12\/cropped-logo-2-180x180-1.png\",\"contentUrl\":\"https:\/\/sudoesteacontece.com.br\/wp-content\/uploads\/2025\/12\/cropped-logo-2-180x180-1.png\",\"width\":180,\"height\":180,\"caption\":\"Sudoesteacontece\"},\"image\":{\"@id\":\"https:\/\/sudoesteacontece.com.br\/#\/schema\/logo\/image\/\"},\"sameAs\":[\"https:\/\/www.facebook.com\/sudoesteacontece\/?locale=pt_BR\"]},{\"@type\":\"Person\",\"@id\":\"https:\/\/sudoesteacontece.com.br\/#\/schema\/person\/3cf2cf009926a9683ebc29d5379fa79c\",\"name\":\"Washington Tiago\",\"image\":{\"@type\":\"ImageObject\",\"inLanguage\":\"pt-BR\",\"@id\":\"https:\/\/sudoesteacontece.com.br\/#\/schema\/person\/image\/\",\"url\":\"https:\/\/secure.gravatar.com\/avatar\/33c43b8668157e040f9d1fe93c354bf087cbd8ba36270c1163198bd3ddcf2a56?s=96&d=mm&r=g\",\"contentUrl\":\"https:\/\/secure.gravatar.com\/avatar\/33c43b8668157e040f9d1fe93c354bf087cbd8ba36270c1163198bd3ddcf2a56?s=96&d=mm&r=g\",\"caption\":\"Washington Tiago\"},\"url\":\"https:\/\/sudoesteacontece.com.br\/?author=2\"}]}<\/script>\n<!-- \/ Yoast SEO plugin. -->","yoast_head_json":{"title":"Fabr\u00edcio Abrantes decreta estado de emerg\u00eancia ap\u00f3s fortes chuvas em Brumado - Sudoesteacontece","robots":{"index":"index","follow":"follow","max-snippet":"max-snippet:-1","max-image-preview":"max-image-preview:large","max-video-preview":"max-video-preview:-1"},"canonical":"https:\/\/sudoesteacontece.com.br\/?p=2257","og_locale":"pt_BR","og_type":"article","og_title":"Fabr\u00edcio Abrantes decreta estado de emerg\u00eancia ap\u00f3s fortes chuvas em Brumado - Sudoesteacontece","og_description":"Prefeito anunciou medidas imediatas para conter danos e pediu apoio dos governos estadual e federal. O prefeito de Brumado, Fabr\u00edcio Abrantes (Avante), decretou estado de emerg\u00eancia nesta segunda-feira (10) ap\u00f3s as fortes chuvas que atingiram o munic\u00edpio no fim de semana. Segundo o gestor, as equipes da prefeitura atuaram desde o in\u00edcio das precipita\u00e7\u00f5es em diferentes pontos da cidade para conter alagamentos e reduzir riscos. \u201cAs chuvas foram intensas. Nossas equipes trabalharam juntas para diminuir os impactos causados pelos ventos, raios e enxurradas\u201d, afirmou Fabr\u00edcio. Com o decreto, o munic\u00edpio poder\u00e1 solicitar apoio do Governo do Estado, do Governo Federal e da Defesa Civil Nacional para a\u00e7\u00f5es de reconstru\u00e7\u00e3o e assist\u00eancia \u00e0s fam\u00edlias afetadas. Entre as medidas imediatas est\u00e3o a amplia\u00e7\u00e3o das equipes de tapa-buracos, poda de \u00e1rvores e manuten\u00e7\u00e3o de esgoto, para restaurar a mobilidade e evitar novos transtornos. \u201cOs ventos arrancaram \u00e1rvores, algumas ca\u00edram sobre casas e vias. Tudo ser\u00e1 tratado com prioridade\u201d, destacou o prefeito. A Defesa Civil Municipal (CEOC) segue monitorando \u00e1reas de risco e dando suporte \u00e0s fam\u00edlias desabrigadas. T\u00e9cnicos tamb\u00e9m avaliam im\u00f3veis com risco de desabamento. Fabr\u00edcio encerrou a reuni\u00e3o agradecendo o empenho das equipes e o apoio da popula\u00e7\u00e3o. \u201cAgrade\u00e7o a todos que est\u00e3o unidos para amenizar os estragos. Que Deus continue nos aben\u00e7oando\u201d, concluiu.","og_url":"https:\/\/sudoesteacontece.com.br\/?p=2257","og_site_name":"Sudoesteacontece","article_publisher":"https:\/\/www.facebook.com\/sudoesteacontece\/?locale=pt_BR","article_published_time":"2025-11-10T19:28:57+00:00","article_modified_time":"2025-11-10T19:28:58+00:00","og_image":[{"width":2560,"height":1707,"url":"https:\/\/sudoesteacontece.com.br\/wp-content\/uploads\/2025\/10\/Prefeito-de-Brumado-aproxima-governo-da-populacao-com-o-Gabinete-Aberto-no-bairro-Esconso-sudoeste-acontede-scaled.jpg","type":"image\/jpeg"}],"author":"Washington Tiago","twitter_card":"summary_large_image","twitter_misc":{"Escrito por":"Washington Tiago","Est. tempo de leitura":"1 minuto"},"schema":{"@context":"https:\/\/schema.org","@graph":[{"@type":"Article","@id":"https:\/\/sudoesteacontece.com.br\/?p=2257#article","isPartOf":{"@id":"https:\/\/sudoesteacontece.com.br\/?p=2257"},"author":{"name":"Washington Tiago","@id":"https:\/\/sudoesteacontece.com.br\/#\/schema\/person\/3cf2cf009926a9683ebc29d5379fa79c"},"headline":"Fabr\u00edcio Abrantes decreta estado de emerg\u00eancia ap\u00f3s fortes chuvas em Brumado","datePublished":"2025-11-10T19:28:57+00:00","dateModified":"2025-11-10T19:28:58+00:00","mainEntityOfPage":{"@id":"https:\/\/sudoesteacontece.com.br\/?p=2257"},"wordCount":251,"commentCount":0,"publisher":{"@id":"https:\/\/sudoesteacontece.com.br\/#organization"},"image":{"@id":"https:\/\/sudoesteacontece.com.br\/?p=2257#primaryimage"},"thumbnailUrl":"https:\/\/sudoesteacontece.com.br\/wp-content\/uploads\/2025\/10\/Prefeito-de-Brumado-aproxima-governo-da-populacao-com-o-Gabinete-Aberto-no-bairro-Esconso-sudoeste-acontede-scaled.jpg","articleSection":["Brumado","Cidades","Pol\u00edtica"],"inLanguage":"pt-BR","potentialAction":[{"@type":"CommentAction","name":"Comment","target":["https:\/\/sudoesteacontece.com.br\/?p=2257#respond"]}]},{"@type":"WebPage","@id":"https:\/\/sudoesteacontece.com.br\/?p=2257","url":"https:\/\/sudoesteacontece.com.br\/?p=2257","name":"Fabr\u00edcio Abrantes decreta estado de emerg\u00eancia ap\u00f3s fortes chuvas em Brumado - Sudoesteacontece","isPartOf":{"@id":"https:\/\/sudoesteacontece.com.br\/#website"},"primaryImageOfPage":{"@id":"https:\/\/sudoesteacontece.com.br\/?p=2257#primaryimage"},"image":{"@id":"https:\/\/sudoesteacontece.com.br\/?p=2257#primaryimage"},"thumbnailUrl":"https:\/\/sudoesteacontece.com.br\/wp-content\/uploads\/2025\/10\/Prefeito-de-Brumado-aproxima-governo-da-populacao-com-o-Gabinete-Aberto-no-bairro-Esconso-sudoeste-acontede-scaled.jpg","datePublished":"2025-11-10T19:28:57+00:00","dateModified":"2025-11-10T19:28:58+00:00","breadcrumb":{"@id":"https:\/\/sudoesteacontece.com.br\/?p=2257#breadcrumb"},"inLanguage":"pt-BR","potentialAction":[{"@type":"ReadAction","target":["https:\/\/sudoesteacontece.com.br\/?p=2257"]}]},{"@type":"ImageObject","inLanguage":"pt-BR","@id":"https:\/\/sudoesteacontece.com.br\/?p=2257#primaryimage","url":"https:\/\/sudoesteacontece.com.br\/wp-content\/uploads\/2025\/10\/Prefeito-de-Brumado-aproxima-governo-da-populacao-com-o-Gabinete-Aberto-no-bairro-Esconso-sudoeste-acontede-scaled.jpg","contentUrl":"https:\/\/sudoesteacontece.com.br\/wp-content\/uploads\/2025\/10\/Prefeito-de-Brumado-aproxima-governo-da-populacao-com-o-Gabinete-Aberto-no-bairro-Esconso-sudoeste-acontede-scaled.jpg","width":2560,"height":1707},{"@type":"BreadcrumbList","@id":"https:\/\/sudoesteacontece.com.br\/?p=2257#breadcrumb","itemListElement":[{"@type":"ListItem","position":1,"name":"In\u00edcio","item":"https:\/\/sudoesteacontece.com.br\/"},{"@type":"ListItem","position":2,"name":"Fabr\u00edcio Abrantes decreta estado de emerg\u00eancia ap\u00f3s fortes chuvas em Brumado"}]},{"@type":"WebSite","@id":"https:\/\/sudoesteacontece.com.br\/#website","url":"https:\/\/sudoesteacontece.com.br\/","name":"Sudoesteacontece","description":"","publisher":{"@id":"https:\/\/sudoesteacontece.com.br\/#organization"},"potentialAction":[{"@type":"SearchAction","target":{"@type":"EntryPoint","urlTemplate":"https:\/\/sudoesteacontece.com.br\/?s={search_term_string}"},"query-input":{"@type":"PropertyValueSpecification","valueRequired":true,"valueName":"search_term_string"}}],"inLanguage":"pt-BR"},{"@type":"Organization","@id":"https:\/\/sudoesteacontece.com.br\/#organization","name":"Sudoesteacontece","url":"https:\/\/sudoesteacontece.com.br\/","logo":{"@type":"ImageObject","inLanguage":"pt-BR","@id":"https:\/\/sudoesteacontece.com.br\/#\/schema\/logo\/image\/","url":"https:\/\/sudoesteacontece.com.br\/wp-content\/uploads\/2025\/12\/cropped-logo-2-180x180-1.png","contentUrl":"https:\/\/sudoesteacontece.com.br\/wp-content\/uploads\/2025\/12\/cropped-logo-2-180x180-1.png","width":180,"height":180,"caption":"Sudoesteacontece"},"image":{"@id":"https:\/\/sudoesteacontece.com.br\/#\/schema\/logo\/image\/"},"sameAs":["https:\/\/www.facebook.com\/sudoesteacontece\/?locale=pt_BR"]},{"@type":"Person","@id":"https:\/\/sudoesteacontece.com.br\/#\/schema\/person\/3cf2cf009926a9683ebc29d5379fa79c","name":"Washington Tiago","image":{"@type":"ImageObject","inLanguage":"pt-BR","@id":"https:\/\/sudoesteacontece.com.br\/#\/schema\/person\/image\/","url":"https:\/\/secure.gravatar.com\/avatar\/33c43b8668157e040f9d1fe93c354bf087cbd8ba36270c1163198bd3ddcf2a56?s=96&d=mm&r=g","contentUrl":"https:\/\/secure.gravatar.com\/avatar\/33c43b8668157e040f9d1fe93c354bf087cbd8ba36270c1163198bd3ddcf2a56?s=96&d=mm&r=g","caption":"Washington Tiago"},"url":"https:\/\/sudoesteacontece.com.br\/?author=2"}]}},"_links":{"self":[{"href":"https:\/\/sudoesteacontece.com.br\/index.php?rest_route=\/wp\/v2\/posts\/2257","targetHints":{"allow":["GET"]}}],"collection":[{"href":"https:\/\/sudoesteacontece.com.br\/index.php?rest_route=\/wp\/v2\/posts"}],"about":[{"href":"https:\/\/sudoesteacontece.com.br\/index.php?rest_route=\/wp\/v2\/types\/post"}],"author":[{"embeddable":true,"href":"https:\/\/sudoesteacontece.com.br\/index.php?rest_route=\/wp\/v2\/users\/2"}],"replies":[{"embeddable":true,"href":"https:\/\/sudoesteacontece.com.br\/index.php?rest_route=%2Fwp%2Fv2%2Fcomments&post=2257"}],"version-history":[{"count":0,"href":"https:\/\/sudoesteacontece.com.br\/index.php?rest_route=\/wp\/v2\/posts\/2257\/revisions"}],"wp:featuredmedia":[{"embeddable":true,"href":"https:\/\/sudoesteacontece.com.br\/index.php?rest_route=\/wp\/v2\/media\/1264"}],"wp:attachment":[{"href":"https:\/\/sudoesteacontece.com.br\/index.php?rest_route=%2Fwp%2Fv2%2Fmedia&parent=2257"}],"wp:term":[{"taxonomy":"category","embeddable":true,"href":"https:\/\/sudoesteacontece.com.br\/index.php?rest_route=%2Fwp%2Fv2%2Fcategories&post=2257"},{"taxonomy":"post_tag","embeddable":true,"href":"https:\/\/sudoesteacontece.com.br\/index.php?rest_route=%2Fwp%2Fv2%2Ftags&post=2257"}],"curies":[{"name":"wp","href":"https:\/\/api.w.org\/{rel}","templated":true}]}}