{"id":2258,"date":"2025-11-10T16:31:14","date_gmt":"2025-11-10T19:31:14","guid":{"rendered":"https:\/\/sudoesteacontece.com.br\/?p=2258"},"modified":"2025-11-10T16:31:22","modified_gmt":"2025-11-10T19:31:22","slug":"a-culpa-e-de-quem-traficante-que-expulsou-2-mil-moradores-de-distrito-no-ceara-e-solto-pela-justica","status":"publish","type":"post","link":"https:\/\/sudoesteacontece.com.br\/?p=2258","title":{"rendered":"A culpa \u00e9 de quem? Traficante que expulsou 2 mil moradores de distrito no Cear\u00e1 \u00e9 solto pela Justi\u00e7a"},"content":{"rendered":"<div class=\"wp-block-image\">\n<figure class=\"aligncenter size-large\"><img fetchpriority=\"high\" decoding=\"async\" width=\"1024\" height=\"576\" src=\"http:\/\/sudoesteacontece.com.br\/wp-content\/uploads\/2025\/11\/A-culpa-e-de-quem-Traficante-que-expulsou-2-mil-moradores-de-distrito-no-Ceara-e-solto-pela-Justica-sudoeste-acontece-1024x576.jpg\" alt=\"\" class=\"wp-image-2289\" srcset=\"https:\/\/sudoesteacontece.com.br\/wp-content\/uploads\/2025\/11\/A-culpa-e-de-quem-Traficante-que-expulsou-2-mil-moradores-de-distrito-no-Ceara-e-solto-pela-Justica-sudoeste-acontece-1024x576.jpg 1024w, https:\/\/sudoesteacontece.com.br\/wp-content\/uploads\/2025\/11\/A-culpa-e-de-quem-Traficante-que-expulsou-2-mil-moradores-de-distrito-no-Ceara-e-solto-pela-Justica-sudoeste-acontece-300x169.jpg 300w, https:\/\/sudoesteacontece.com.br\/wp-content\/uploads\/2025\/11\/A-culpa-e-de-quem-Traficante-que-expulsou-2-mil-moradores-de-distrito-no-Ceara-e-solto-pela-Justica-sudoeste-acontece-768x432.jpg 768w, https:\/\/sudoesteacontece.com.br\/wp-content\/uploads\/2025\/11\/A-culpa-e-de-quem-Traficante-que-expulsou-2-mil-moradores-de-distrito-no-Ceara-e-solto-pela-Justica-sudoeste-acontece-1536x864.jpg 1536w, https:\/\/sudoesteacontece.com.br\/wp-content\/uploads\/2025\/11\/A-culpa-e-de-quem-Traficante-que-expulsou-2-mil-moradores-de-distrito-no-Ceara-e-solto-pela-Justica-sudoeste-acontece.jpg 1600w\" sizes=\"(max-width: 1024px) 100vw, 1024px\" \/><\/figure>\n<\/div>\n\n\n<p>Jos\u00e9 Witals da Silva Naz\u00e1rio, o \u201cPlayboy\u201d, foi absolvido de acusa\u00e7\u00f5es e voltou a comandar fac\u00e7\u00e3o em Morada Nova.<\/p>\n\n\n\n<p>Uma decis\u00e3o da Vara de Delitos de Organiza\u00e7\u00f5es Criminosas do Tribunal de Justi\u00e7a do Cear\u00e1 (TJCE) resultou na soltura de Jos\u00e9 Witals da Silva Naz\u00e1rio, conhecido como Playboy, apontado como o homem que expulsou cerca de 2 mil moradores do distrito de Uiraponga, em Morada Nova, interior do estado.<\/p>\n\n\n\n<p>A medida foi revelada pela coluna Andreza Matais, do Metr\u00f3poles.<\/p>\n\n\n\n<p>Playboy havia sido absolvido em 2024 das acusa\u00e7\u00f5es de integra\u00e7\u00e3o a organiza\u00e7\u00e3o criminosa, porte ilegal de arma, corrup\u00e7\u00e3o de menores e outros crimes. Ap\u00f3s sair da pris\u00e3o, ele retomou o controle de uma fac\u00e7\u00e3o local e intensificou o confronto com seu antigo aliado, Gilberto de Oliveira Cazuza, o \u201cMingau\u201d.<\/p>\n\n\n\n<p>A disputa levou \u00e0 expuls\u00e3o em massa de moradores, transformando o distrito em uma \u201ccidade fantasma\u201d. Escolas, um posto de sa\u00fade e uma igreja fecharam as portas. Segundo relatos, apenas cinco fam\u00edlias permanecem na comunidade.<\/p>\n\n\n\n<p>Na den\u00fancia original, o Minist\u00e9rio P\u00fablico do Cear\u00e1 (MP-CE) apontava Playboy como integrante dos Guardi\u00f5es do Estado (GDE), grupo envolvido em execu\u00e7\u00f5es e ataques ligados ao tr\u00e1fico.<\/p>\n\n\n\n<p>O juiz, por\u00e9m, considerou insuficientes as provas de associa\u00e7\u00e3o est\u00e1vel com a fac\u00e7\u00e3o.<\/p>\n\n\n\n<p>\u201cO conjunto de provas n\u00e3o demonstra que os r\u00e9us se associaram de forma est\u00e1vel para a pr\u00e1tica de crimes\u201d, diz trecho da decis\u00e3o.<\/p>\n","protected":false},"excerpt":{"rendered":"<p>Jos\u00e9 Witals da Silva Naz\u00e1rio, o \u201cPlayboy\u201d, foi absolvido de acusa\u00e7\u00f5es e voltou a comandar fac\u00e7\u00e3o em Morada Nova. Uma decis\u00e3o da Vara de Delitos de Organiza\u00e7\u00f5es Criminosas do Tribunal de Justi\u00e7a do Cear\u00e1 (TJCE) resultou na soltura de Jos\u00e9 Witals da Silva Naz\u00e1rio, conhecido como Playboy, apontado como o homem que expulsou cerca de 2 mil moradores do distrito de Uiraponga, em Morada Nova, interior do estado. A medida foi revelada pela coluna Andreza Matais, do Metr\u00f3poles. Playboy havia sido absolvido em 2024 das acusa\u00e7\u00f5es de integra\u00e7\u00e3o a organiza\u00e7\u00e3o criminosa, porte ilegal de arma, corrup\u00e7\u00e3o de menores e outros crimes. Ap\u00f3s sair da pris\u00e3o, ele retomou o controle de uma fac\u00e7\u00e3o local e intensificou o confronto com seu antigo aliado, Gilberto de Oliveira Cazuza, o \u201cMingau\u201d. A disputa levou \u00e0 expuls\u00e3o em massa de moradores, transformando o distrito em uma \u201ccidade fantasma\u201d. Escolas, um posto de sa\u00fade e uma igreja fecharam as portas. Segundo relatos, apenas cinco fam\u00edlias permanecem na comunidade. Na den\u00fancia original, o Minist\u00e9rio P\u00fablico do Cear\u00e1 (MP-CE) apontava Playboy como integrante dos Guardi\u00f5es do Estado (GDE), grupo envolvido em execu\u00e7\u00f5es e ataques ligados ao tr\u00e1fico. O juiz, por\u00e9m, considerou insuficientes as provas de associa\u00e7\u00e3o est\u00e1vel com a fac\u00e7\u00e3o. \u201cO conjunto de provas n\u00e3o demonstra que os r\u00e9us se associaram de forma est\u00e1vel para a pr\u00e1tica de crimes\u201d, diz trecho da decis\u00e3o.<\/p>\n","protected":false},"author":2,"featured_media":2289,"comment_status":"open","ping_status":"open","sticky":false,"template":"","format":"standard","meta":{"footnotes":""},"categories":[53,13,3,6],"tags":[],"class_list":["post-2258","post","type-post","status-publish","format-standard","has-post-thumbnail","hentry","category-brasil","category-justica","category-policia","category-politica"],"yoast_head":"<!-- This site is optimized with the Yoast SEO plugin v26.5 - https:\/\/yoast.com\/wordpress\/plugins\/seo\/ -->\n<title>A culpa \u00e9 de quem? Traficante que expulsou 2 mil moradores de distrito no Cear\u00e1 \u00e9 solto pela Justi\u00e7a - Sudoesteacontece<\/title>\n<meta name=\"robots\" content=\"index, follow, max-snippet:-1, max-image-preview:large, max-video-preview:-1\" \/>\n<link rel=\"canonical\" href=\"https:\/\/sudoesteacontece.com.br\/?p=2258\" \/>\n<meta property=\"og:locale\" content=\"pt_BR\" \/>\n<meta property=\"og:type\" content=\"article\" \/>\n<meta property=\"og:title\" content=\"A culpa \u00e9 de quem? Traficante que expulsou 2 mil moradores de distrito no Cear\u00e1 \u00e9 solto pela Justi\u00e7a - Sudoesteacontece\" \/>\n<meta property=\"og:description\" content=\"Jos\u00e9 Witals da Silva Naz\u00e1rio, o \u201cPlayboy\u201d, foi absolvido de acusa\u00e7\u00f5es e voltou a comandar fac\u00e7\u00e3o em Morada Nova. Uma decis\u00e3o da Vara de Delitos de Organiza\u00e7\u00f5es Criminosas do Tribunal de Justi\u00e7a do Cear\u00e1 (TJCE) resultou na soltura de Jos\u00e9 Witals da Silva Naz\u00e1rio, conhecido como Playboy, apontado como o homem que expulsou cerca de 2 mil moradores do distrito de Uiraponga, em Morada Nova, interior do estado. A medida foi revelada pela coluna Andreza Matais, do Metr\u00f3poles. Playboy havia sido absolvido em 2024 das acusa\u00e7\u00f5es de integra\u00e7\u00e3o a organiza\u00e7\u00e3o criminosa, porte ilegal de arma, corrup\u00e7\u00e3o de menores e outros crimes. Ap\u00f3s sair da pris\u00e3o, ele retomou o controle de uma fac\u00e7\u00e3o local e intensificou o confronto com seu antigo aliado, Gilberto de Oliveira Cazuza, o \u201cMingau\u201d. A disputa levou \u00e0 expuls\u00e3o em massa de moradores, transformando o distrito em uma \u201ccidade fantasma\u201d. Escolas, um posto de sa\u00fade e uma igreja fecharam as portas. Segundo relatos, apenas cinco fam\u00edlias permanecem na comunidade. Na den\u00fancia original, o Minist\u00e9rio P\u00fablico do Cear\u00e1 (MP-CE) apontava Playboy como integrante dos Guardi\u00f5es do Estado (GDE), grupo envolvido em execu\u00e7\u00f5es e ataques ligados ao tr\u00e1fico. O juiz, por\u00e9m, considerou insuficientes as provas de associa\u00e7\u00e3o est\u00e1vel com a fac\u00e7\u00e3o. \u201cO conjunto de provas n\u00e3o demonstra que os r\u00e9us se associaram de forma est\u00e1vel para a pr\u00e1tica de crimes\u201d, diz trecho da decis\u00e3o.\" \/>\n<meta property=\"og:url\" content=\"https:\/\/sudoesteacontece.com.br\/?p=2258\" \/>\n<meta property=\"og:site_name\" content=\"Sudoesteacontece\" \/>\n<meta property=\"article:publisher\" content=\"https:\/\/www.facebook.com\/sudoesteacontece\/?locale=pt_BR\" \/>\n<meta property=\"article:published_time\" content=\"2025-11-10T19:31:14+00:00\" \/>\n<meta property=\"article:modified_time\" content=\"2025-11-10T19:31:22+00:00\" \/>\n<meta property=\"og:image\" content=\"https:\/\/sudoesteacontece.com.br\/wp-content\/uploads\/2025\/11\/A-culpa-e-de-quem-Traficante-que-expulsou-2-mil-moradores-de-distrito-no-Ceara-e-solto-pela-Justica-sudoeste-acontece.jpg\" \/>\n\t<meta property=\"og:image:width\" content=\"1600\" \/>\n\t<meta property=\"og:image:height\" content=\"900\" \/>\n\t<meta property=\"og:image:type\" content=\"image\/jpeg\" \/>\n<meta name=\"author\" content=\"Washington Tiago\" \/>\n<meta name=\"twitter:card\" content=\"summary_large_image\" \/>\n<meta name=\"twitter:label1\" content=\"Escrito por\" \/>\n\t<meta name=\"twitter:data1\" content=\"Washington Tiago\" \/>\n\t<meta name=\"twitter:label2\" content=\"Est. tempo de leitura\" \/>\n\t<meta name=\"twitter:data2\" content=\"1 minuto\" \/>\n<script type=\"application\/ld+json\" class=\"yoast-schema-graph\">{\"@context\":\"https:\/\/schema.org\",\"@graph\":[{\"@type\":\"Article\",\"@id\":\"https:\/\/sudoesteacontece.com.br\/?p=2258#article\",\"isPartOf\":{\"@id\":\"https:\/\/sudoesteacontece.com.br\/?p=2258\"},\"author\":{\"name\":\"Washington Tiago\",\"@id\":\"https:\/\/sudoesteacontece.com.br\/#\/schema\/person\/3cf2cf009926a9683ebc29d5379fa79c\"},\"headline\":\"A culpa \u00e9 de quem? Traficante que expulsou 2 mil moradores de distrito no Cear\u00e1 \u00e9 solto pela Justi\u00e7a\",\"datePublished\":\"2025-11-10T19:31:14+00:00\",\"dateModified\":\"2025-11-10T19:31:22+00:00\",\"mainEntityOfPage\":{\"@id\":\"https:\/\/sudoesteacontece.com.br\/?p=2258\"},\"wordCount\":272,\"commentCount\":0,\"publisher\":{\"@id\":\"https:\/\/sudoesteacontece.com.br\/#organization\"},\"image\":{\"@id\":\"https:\/\/sudoesteacontece.com.br\/?p=2258#primaryimage\"},\"thumbnailUrl\":\"https:\/\/sudoesteacontece.com.br\/wp-content\/uploads\/2025\/11\/A-culpa-e-de-quem-Traficante-que-expulsou-2-mil-moradores-de-distrito-no-Ceara-e-solto-pela-Justica-sudoeste-acontece.jpg\",\"articleSection\":[\"Brasil\",\"Justi\u00e7a\",\"Pol\u00edcia\",\"Pol\u00edtica\"],\"inLanguage\":\"pt-BR\",\"potentialAction\":[{\"@type\":\"CommentAction\",\"name\":\"Comment\",\"target\":[\"https:\/\/sudoesteacontece.com.br\/?p=2258#respond\"]}]},{\"@type\":\"WebPage\",\"@id\":\"https:\/\/sudoesteacontece.com.br\/?p=2258\",\"url\":\"https:\/\/sudoesteacontece.com.br\/?p=2258\",\"name\":\"A culpa \u00e9 de quem? Traficante que expulsou 2 mil moradores de distrito no Cear\u00e1 \u00e9 solto pela Justi\u00e7a - Sudoesteacontece\",\"isPartOf\":{\"@id\":\"https:\/\/sudoesteacontece.com.br\/#website\"},\"primaryImageOfPage\":{\"@id\":\"https:\/\/sudoesteacontece.com.br\/?p=2258#primaryimage\"},\"image\":{\"@id\":\"https:\/\/sudoesteacontece.com.br\/?p=2258#primaryimage\"},\"thumbnailUrl\":\"https:\/\/sudoesteacontece.com.br\/wp-content\/uploads\/2025\/11\/A-culpa-e-de-quem-Traficante-que-expulsou-2-mil-moradores-de-distrito-no-Ceara-e-solto-pela-Justica-sudoeste-acontece.jpg\",\"datePublished\":\"2025-11-10T19:31:14+00:00\",\"dateModified\":\"2025-11-10T19:31:22+00:00\",\"breadcrumb\":{\"@id\":\"https:\/\/sudoesteacontece.com.br\/?p=2258#breadcrumb\"},\"inLanguage\":\"pt-BR\",\"potentialAction\":[{\"@type\":\"ReadAction\",\"target\":[\"https:\/\/sudoesteacontece.com.br\/?p=2258\"]}]},{\"@type\":\"ImageObject\",\"inLanguage\":\"pt-BR\",\"@id\":\"https:\/\/sudoesteacontece.com.br\/?p=2258#primaryimage\",\"url\":\"https:\/\/sudoesteacontece.com.br\/wp-content\/uploads\/2025\/11\/A-culpa-e-de-quem-Traficante-que-expulsou-2-mil-moradores-de-distrito-no-Ceara-e-solto-pela-Justica-sudoeste-acontece.jpg\",\"contentUrl\":\"https:\/\/sudoesteacontece.com.br\/wp-content\/uploads\/2025\/11\/A-culpa-e-de-quem-Traficante-que-expulsou-2-mil-moradores-de-distrito-no-Ceara-e-solto-pela-Justica-sudoeste-acontece.jpg\",\"width\":1600,\"height\":900},{\"@type\":\"BreadcrumbList\",\"@id\":\"https:\/\/sudoesteacontece.com.br\/?p=2258#breadcrumb\",\"itemListElement\":[{\"@type\":\"ListItem\",\"position\":1,\"name\":\"In\u00edcio\",\"item\":\"https:\/\/sudoesteacontece.com.br\/\"},{\"@type\":\"ListItem\",\"position\":2,\"name\":\"A culpa \u00e9 de quem? Traficante que expulsou 2 mil moradores de distrito no Cear\u00e1 \u00e9 solto pela Justi\u00e7a\"}]},{\"@type\":\"WebSite\",\"@id\":\"https:\/\/sudoesteacontece.com.br\/#website\",\"url\":\"https:\/\/sudoesteacontece.com.br\/\",\"name\":\"Sudoesteacontece\",\"description\":\"\",\"publisher\":{\"@id\":\"https:\/\/sudoesteacontece.com.br\/#organization\"},\"potentialAction\":[{\"@type\":\"SearchAction\",\"target\":{\"@type\":\"EntryPoint\",\"urlTemplate\":\"https:\/\/sudoesteacontece.com.br\/?s={search_term_string}\"},\"query-input\":{\"@type\":\"PropertyValueSpecification\",\"valueRequired\":true,\"valueName\":\"search_term_string\"}}],\"inLanguage\":\"pt-BR\"},{\"@type\":\"Organization\",\"@id\":\"https:\/\/sudoesteacontece.com.br\/#organization\",\"name\":\"Sudoesteacontece\",\"url\":\"https:\/\/sudoesteacontece.com.br\/\",\"logo\":{\"@type\":\"ImageObject\",\"inLanguage\":\"pt-BR\",\"@id\":\"https:\/\/sudoesteacontece.com.br\/#\/schema\/logo\/image\/\",\"url\":\"https:\/\/sudoesteacontece.com.br\/wp-content\/uploads\/2025\/12\/cropped-logo-2-180x180-1.png\",\"contentUrl\":\"https:\/\/sudoesteacontece.com.br\/wp-content\/uploads\/2025\/12\/cropped-logo-2-180x180-1.png\",\"width\":180,\"height\":180,\"caption\":\"Sudoesteacontece\"},\"image\":{\"@id\":\"https:\/\/sudoesteacontece.com.br\/#\/schema\/logo\/image\/\"},\"sameAs\":[\"https:\/\/www.facebook.com\/sudoesteacontece\/?locale=pt_BR\"]},{\"@type\":\"Person\",\"@id\":\"https:\/\/sudoesteacontece.com.br\/#\/schema\/person\/3cf2cf009926a9683ebc29d5379fa79c\",\"name\":\"Washington Tiago\",\"image\":{\"@type\":\"ImageObject\",\"inLanguage\":\"pt-BR\",\"@id\":\"https:\/\/sudoesteacontece.com.br\/#\/schema\/person\/image\/\",\"url\":\"https:\/\/secure.gravatar.com\/avatar\/33c43b8668157e040f9d1fe93c354bf087cbd8ba36270c1163198bd3ddcf2a56?s=96&d=mm&r=g\",\"contentUrl\":\"https:\/\/secure.gravatar.com\/avatar\/33c43b8668157e040f9d1fe93c354bf087cbd8ba36270c1163198bd3ddcf2a56?s=96&d=mm&r=g\",\"caption\":\"Washington Tiago\"},\"url\":\"https:\/\/sudoesteacontece.com.br\/?author=2\"}]}<\/script>\n<!-- \/ Yoast SEO plugin. -->","yoast_head_json":{"title":"A culpa \u00e9 de quem? Traficante que expulsou 2 mil moradores de distrito no Cear\u00e1 \u00e9 solto pela Justi\u00e7a - Sudoesteacontece","robots":{"index":"index","follow":"follow","max-snippet":"max-snippet:-1","max-image-preview":"max-image-preview:large","max-video-preview":"max-video-preview:-1"},"canonical":"https:\/\/sudoesteacontece.com.br\/?p=2258","og_locale":"pt_BR","og_type":"article","og_title":"A culpa \u00e9 de quem? Traficante que expulsou 2 mil moradores de distrito no Cear\u00e1 \u00e9 solto pela Justi\u00e7a - Sudoesteacontece","og_description":"Jos\u00e9 Witals da Silva Naz\u00e1rio, o \u201cPlayboy\u201d, foi absolvido de acusa\u00e7\u00f5es e voltou a comandar fac\u00e7\u00e3o em Morada Nova. Uma decis\u00e3o da Vara de Delitos de Organiza\u00e7\u00f5es Criminosas do Tribunal de Justi\u00e7a do Cear\u00e1 (TJCE) resultou na soltura de Jos\u00e9 Witals da Silva Naz\u00e1rio, conhecido como Playboy, apontado como o homem que expulsou cerca de 2 mil moradores do distrito de Uiraponga, em Morada Nova, interior do estado. A medida foi revelada pela coluna Andreza Matais, do Metr\u00f3poles. Playboy havia sido absolvido em 2024 das acusa\u00e7\u00f5es de integra\u00e7\u00e3o a organiza\u00e7\u00e3o criminosa, porte ilegal de arma, corrup\u00e7\u00e3o de menores e outros crimes. Ap\u00f3s sair da pris\u00e3o, ele retomou o controle de uma fac\u00e7\u00e3o local e intensificou o confronto com seu antigo aliado, Gilberto de Oliveira Cazuza, o \u201cMingau\u201d. A disputa levou \u00e0 expuls\u00e3o em massa de moradores, transformando o distrito em uma \u201ccidade fantasma\u201d. Escolas, um posto de sa\u00fade e uma igreja fecharam as portas. Segundo relatos, apenas cinco fam\u00edlias permanecem na comunidade. Na den\u00fancia original, o Minist\u00e9rio P\u00fablico do Cear\u00e1 (MP-CE) apontava Playboy como integrante dos Guardi\u00f5es do Estado (GDE), grupo envolvido em execu\u00e7\u00f5es e ataques ligados ao tr\u00e1fico. O juiz, por\u00e9m, considerou insuficientes as provas de associa\u00e7\u00e3o est\u00e1vel com a fac\u00e7\u00e3o. \u201cO conjunto de provas n\u00e3o demonstra que os r\u00e9us se associaram de forma est\u00e1vel para a pr\u00e1tica de crimes\u201d, diz trecho da decis\u00e3o.","og_url":"https:\/\/sudoesteacontece.com.br\/?p=2258","og_site_name":"Sudoesteacontece","article_publisher":"https:\/\/www.facebook.com\/sudoesteacontece\/?locale=pt_BR","article_published_time":"2025-11-10T19:31:14+00:00","article_modified_time":"2025-11-10T19:31:22+00:00","og_image":[{"width":1600,"height":900,"url":"https:\/\/sudoesteacontece.com.br\/wp-content\/uploads\/2025\/11\/A-culpa-e-de-quem-Traficante-que-expulsou-2-mil-moradores-de-distrito-no-Ceara-e-solto-pela-Justica-sudoeste-acontece.jpg","type":"image\/jpeg"}],"author":"Washington Tiago","twitter_card":"summary_large_image","twitter_misc":{"Escrito por":"Washington Tiago","Est. tempo de leitura":"1 minuto"},"schema":{"@context":"https:\/\/schema.org","@graph":[{"@type":"Article","@id":"https:\/\/sudoesteacontece.com.br\/?p=2258#article","isPartOf":{"@id":"https:\/\/sudoesteacontece.com.br\/?p=2258"},"author":{"name":"Washington Tiago","@id":"https:\/\/sudoesteacontece.com.br\/#\/schema\/person\/3cf2cf009926a9683ebc29d5379fa79c"},"headline":"A culpa \u00e9 de quem? Traficante que expulsou 2 mil moradores de distrito no Cear\u00e1 \u00e9 solto pela Justi\u00e7a","datePublished":"2025-11-10T19:31:14+00:00","dateModified":"2025-11-10T19:31:22+00:00","mainEntityOfPage":{"@id":"https:\/\/sudoesteacontece.com.br\/?p=2258"},"wordCount":272,"commentCount":0,"publisher":{"@id":"https:\/\/sudoesteacontece.com.br\/#organization"},"image":{"@id":"https:\/\/sudoesteacontece.com.br\/?p=2258#primaryimage"},"thumbnailUrl":"https:\/\/sudoesteacontece.com.br\/wp-content\/uploads\/2025\/11\/A-culpa-e-de-quem-Traficante-que-expulsou-2-mil-moradores-de-distrito-no-Ceara-e-solto-pela-Justica-sudoeste-acontece.jpg","articleSection":["Brasil","Justi\u00e7a","Pol\u00edcia","Pol\u00edtica"],"inLanguage":"pt-BR","potentialAction":[{"@type":"CommentAction","name":"Comment","target":["https:\/\/sudoesteacontece.com.br\/?p=2258#respond"]}]},{"@type":"WebPage","@id":"https:\/\/sudoesteacontece.com.br\/?p=2258","url":"https:\/\/sudoesteacontece.com.br\/?p=2258","name":"A culpa \u00e9 de quem? Traficante que expulsou 2 mil moradores de distrito no Cear\u00e1 \u00e9 solto pela Justi\u00e7a - Sudoesteacontece","isPartOf":{"@id":"https:\/\/sudoesteacontece.com.br\/#website"},"primaryImageOfPage":{"@id":"https:\/\/sudoesteacontece.com.br\/?p=2258#primaryimage"},"image":{"@id":"https:\/\/sudoesteacontece.com.br\/?p=2258#primaryimage"},"thumbnailUrl":"https:\/\/sudoesteacontece.com.br\/wp-content\/uploads\/2025\/11\/A-culpa-e-de-quem-Traficante-que-expulsou-2-mil-moradores-de-distrito-no-Ceara-e-solto-pela-Justica-sudoeste-acontece.jpg","datePublished":"2025-11-10T19:31:14+00:00","dateModified":"2025-11-10T19:31:22+00:00","breadcrumb":{"@id":"https:\/\/sudoesteacontece.com.br\/?p=2258#breadcrumb"},"inLanguage":"pt-BR","potentialAction":[{"@type":"ReadAction","target":["https:\/\/sudoesteacontece.com.br\/?p=2258"]}]},{"@type":"ImageObject","inLanguage":"pt-BR","@id":"https:\/\/sudoesteacontece.com.br\/?p=2258#primaryimage","url":"https:\/\/sudoesteacontece.com.br\/wp-content\/uploads\/2025\/11\/A-culpa-e-de-quem-Traficante-que-expulsou-2-mil-moradores-de-distrito-no-Ceara-e-solto-pela-Justica-sudoeste-acontece.jpg","contentUrl":"https:\/\/sudoesteacontece.com.br\/wp-content\/uploads\/2025\/11\/A-culpa-e-de-quem-Traficante-que-expulsou-2-mil-moradores-de-distrito-no-Ceara-e-solto-pela-Justica-sudoeste-acontece.jpg","width":1600,"height":900},{"@type":"BreadcrumbList","@id":"https:\/\/sudoesteacontece.com.br\/?p=2258#breadcrumb","itemListElement":[{"@type":"ListItem","position":1,"name":"In\u00edcio","item":"https:\/\/sudoesteacontece.com.br\/"},{"@type":"ListItem","position":2,"name":"A culpa \u00e9 de quem? Traficante que expulsou 2 mil moradores de distrito no Cear\u00e1 \u00e9 solto pela Justi\u00e7a"}]},{"@type":"WebSite","@id":"https:\/\/sudoesteacontece.com.br\/#website","url":"https:\/\/sudoesteacontece.com.br\/","name":"Sudoesteacontece","description":"","publisher":{"@id":"https:\/\/sudoesteacontece.com.br\/#organization"},"potentialAction":[{"@type":"SearchAction","target":{"@type":"EntryPoint","urlTemplate":"https:\/\/sudoesteacontece.com.br\/?s={search_term_string}"},"query-input":{"@type":"PropertyValueSpecification","valueRequired":true,"valueName":"search_term_string"}}],"inLanguage":"pt-BR"},{"@type":"Organization","@id":"https:\/\/sudoesteacontece.com.br\/#organization","name":"Sudoesteacontece","url":"https:\/\/sudoesteacontece.com.br\/","logo":{"@type":"ImageObject","inLanguage":"pt-BR","@id":"https:\/\/sudoesteacontece.com.br\/#\/schema\/logo\/image\/","url":"https:\/\/sudoesteacontece.com.br\/wp-content\/uploads\/2025\/12\/cropped-logo-2-180x180-1.png","contentUrl":"https:\/\/sudoesteacontece.com.br\/wp-content\/uploads\/2025\/12\/cropped-logo-2-180x180-1.png","width":180,"height":180,"caption":"Sudoesteacontece"},"image":{"@id":"https:\/\/sudoesteacontece.com.br\/#\/schema\/logo\/image\/"},"sameAs":["https:\/\/www.facebook.com\/sudoesteacontece\/?locale=pt_BR"]},{"@type":"Person","@id":"https:\/\/sudoesteacontece.com.br\/#\/schema\/person\/3cf2cf009926a9683ebc29d5379fa79c","name":"Washington Tiago","image":{"@type":"ImageObject","inLanguage":"pt-BR","@id":"https:\/\/sudoesteacontece.com.br\/#\/schema\/person\/image\/","url":"https:\/\/secure.gravatar.com\/avatar\/33c43b8668157e040f9d1fe93c354bf087cbd8ba36270c1163198bd3ddcf2a56?s=96&d=mm&r=g","contentUrl":"https:\/\/secure.gravatar.com\/avatar\/33c43b8668157e040f9d1fe93c354bf087cbd8ba36270c1163198bd3ddcf2a56?s=96&d=mm&r=g","caption":"Washington Tiago"},"url":"https:\/\/sudoesteacontece.com.br\/?author=2"}]}},"_links":{"self":[{"href":"https:\/\/sudoesteacontece.com.br\/index.php?rest_route=\/wp\/v2\/posts\/2258","targetHints":{"allow":["GET"]}}],"collection":[{"href":"https:\/\/sudoesteacontece.com.br\/index.php?rest_route=\/wp\/v2\/posts"}],"about":[{"href":"https:\/\/sudoesteacontece.com.br\/index.php?rest_route=\/wp\/v2\/types\/post"}],"author":[{"embeddable":true,"href":"https:\/\/sudoesteacontece.com.br\/index.php?rest_route=\/wp\/v2\/users\/2"}],"replies":[{"embeddable":true,"href":"https:\/\/sudoesteacontece.com.br\/index.php?rest_route=%2Fwp%2Fv2%2Fcomments&post=2258"}],"version-history":[{"count":0,"href":"https:\/\/sudoesteacontece.com.br\/index.php?rest_route=\/wp\/v2\/posts\/2258\/revisions"}],"wp:featuredmedia":[{"embeddable":true,"href":"https:\/\/sudoesteacontece.com.br\/index.php?rest_route=\/wp\/v2\/media\/2289"}],"wp:attachment":[{"href":"https:\/\/sudoesteacontece.com.br\/index.php?rest_route=%2Fwp%2Fv2%2Fmedia&parent=2258"}],"wp:term":[{"taxonomy":"category","embeddable":true,"href":"https:\/\/sudoesteacontece.com.br\/index.php?rest_route=%2Fwp%2Fv2%2Fcategories&post=2258"},{"taxonomy":"post_tag","embeddable":true,"href":"https:\/\/sudoesteacontece.com.br\/index.php?rest_route=%2Fwp%2Fv2%2Ftags&post=2258"}],"curies":[{"name":"wp","href":"https:\/\/api.w.org\/{rel}","templated":true}]}}