{"id":2293,"date":"2025-11-11T09:00:06","date_gmt":"2025-11-11T12:00:06","guid":{"rendered":"https:\/\/sudoesteacontece.com.br\/?p=2293"},"modified":"2025-11-11T09:00:10","modified_gmt":"2025-11-11T12:00:10","slug":"chuvas-fortes-deixam-42-pessoas-desalojadas-e-causam-ventos-de-70-km-h-em-vitoria-da-conquista","status":"publish","type":"post","link":"https:\/\/sudoesteacontece.com.br\/?p=2293","title":{"rendered":"Chuvas fortes deixam 42 pessoas desalojadas e causam ventos de 70 km\/h em Vit\u00f3ria da Conquista"},"content":{"rendered":"<div class=\"wp-block-image\">\n<figure class=\"aligncenter size-full\"><img fetchpriority=\"high\" decoding=\"async\" width=\"600\" height=\"401\" src=\"http:\/\/sudoesteacontece.com.br\/wp-content\/uploads\/2025\/11\/Chuvas-fortes-deixam-42-pessoas-desalojadas-e-causam-ventos-de-70-kmh-em-Vitoria-da-Conquista-sudoeste-acontece.jpg\" alt=\"\" class=\"wp-image-2307\" srcset=\"https:\/\/sudoesteacontece.com.br\/wp-content\/uploads\/2025\/11\/Chuvas-fortes-deixam-42-pessoas-desalojadas-e-causam-ventos-de-70-kmh-em-Vitoria-da-Conquista-sudoeste-acontece.jpg 600w, https:\/\/sudoesteacontece.com.br\/wp-content\/uploads\/2025\/11\/Chuvas-fortes-deixam-42-pessoas-desalojadas-e-causam-ventos-de-70-kmh-em-Vitoria-da-Conquista-sudoeste-acontece-300x201.jpg 300w\" sizes=\"(max-width: 600px) 100vw, 600px\" \/><\/figure>\n<\/div>\n\n\n<p>As fortes chuvas que atingiram Vit\u00f3ria da Conquista nas \u00faltimas 24 horas provocaram alagamentos, quedas de \u00e1rvores e dezenas de desabrigados. Segundo a Defesa Civil, a ventania chegou a 70 km\/h e o volume de \u00e1gua acumulado foi de 72 mil\u00edmetros em apenas seis horas, mais de 80% desse total em 40 minutos, um fen\u00f4meno considerado at\u00edpico para o munic\u00edpio.<\/p>\n\n\n\n<p>O engenheiro Jo\u00e3o Gabriel Santos Queiroz, da Defesa Civil, explicou que 42 pessoas ficaram desalojadas ap\u00f3s terem suas casas invadidas pela \u00e1gua. Todas est\u00e3o recebendo acolhimento e assist\u00eancia emergencial da prefeitura.<\/p>\n\n\n\n<p>Durante entrevista ao programa UP Not\u00edcias, Queiroz destacou o risco de transitar em locais alagados. Ele comentou o caso do motorista que foi arrastado pela enxurrada na Avenida Caracas. \u201cDurante o pico da chuva, aquele motorista n\u00e3o deveria estar ali. Sistema de drenagem n\u00e3o comporta um volume t\u00e3o alto em t\u00e3o pouco tempo\u201d, alertou.<\/p>\n\n\n\n<p>Engenheiro tamb\u00e9m citou o canal da Avenida Brumado, que recebeu melhorias estruturais, mas ainda sofre com o excesso de \u00e1gua em eventos extremos. Defesa Civil segue monitorando \u00e1reas cr\u00edticas e refor\u00e7ando orienta\u00e7\u00f5es \u00e0 popula\u00e7\u00e3o para evitar travessias em enxurradas e buscar locais seguros durante tempestades.<\/p>\n\n\n\n<p>Munic\u00edpio permanece em estado de aten\u00e7\u00e3o, e novas medidas preventivas est\u00e3o sendo avaliadas para reduzir os impactos das pr\u00f3ximas chuvas.<\/p>\n","protected":false},"excerpt":{"rendered":"<p>As fortes chuvas que atingiram Vit\u00f3ria da Conquista nas \u00faltimas 24 horas provocaram alagamentos, quedas de \u00e1rvores e dezenas de desabrigados. Segundo a Defesa Civil, a ventania chegou a 70 km\/h e o volume de \u00e1gua acumulado foi de 72 mil\u00edmetros em apenas seis horas, mais de 80% desse total em 40 minutos, um fen\u00f4meno considerado at\u00edpico para o munic\u00edpio. O engenheiro Jo\u00e3o Gabriel Santos Queiroz, da Defesa Civil, explicou que 42 pessoas ficaram desalojadas ap\u00f3s terem suas casas invadidas pela \u00e1gua. Todas est\u00e3o recebendo acolhimento e assist\u00eancia emergencial da prefeitura. Durante entrevista ao programa UP Not\u00edcias, Queiroz destacou o risco de transitar em locais alagados. Ele comentou o caso do motorista que foi arrastado pela enxurrada na Avenida Caracas. \u201cDurante o pico da chuva, aquele motorista n\u00e3o deveria estar ali. Sistema de drenagem n\u00e3o comporta um volume t\u00e3o alto em t\u00e3o pouco tempo\u201d, alertou. Engenheiro tamb\u00e9m citou o canal da Avenida Brumado, que recebeu melhorias estruturais, mas ainda sofre com o excesso de \u00e1gua em eventos extremos. Defesa Civil segue monitorando \u00e1reas cr\u00edticas e refor\u00e7ando orienta\u00e7\u00f5es \u00e0 popula\u00e7\u00e3o para evitar travessias em enxurradas e buscar locais seguros durante tempestades. Munic\u00edpio permanece em estado de aten\u00e7\u00e3o, e novas medidas preventivas est\u00e3o sendo avaliadas para reduzir os impactos das pr\u00f3ximas chuvas.<\/p>\n","protected":false},"author":2,"featured_media":2307,"comment_status":"open","ping_status":"open","sticky":false,"template":"","format":"standard","meta":{"footnotes":""},"categories":[4,8],"tags":[],"class_list":["post-2293","post","type-post","status-publish","format-standard","has-post-thumbnail","hentry","category-cidades","category-vitoria-da-conquista"],"yoast_head":"<!-- This site is optimized with the Yoast SEO plugin v26.5 - https:\/\/yoast.com\/wordpress\/plugins\/seo\/ -->\n<title>Chuvas fortes deixam 42 pessoas desalojadas e causam ventos de 70 km\/h em Vit\u00f3ria da Conquista - Sudoesteacontece<\/title>\n<meta name=\"robots\" content=\"index, follow, max-snippet:-1, max-image-preview:large, max-video-preview:-1\" \/>\n<link rel=\"canonical\" href=\"https:\/\/sudoesteacontece.com.br\/?p=2293\" \/>\n<meta property=\"og:locale\" content=\"pt_BR\" \/>\n<meta property=\"og:type\" content=\"article\" \/>\n<meta property=\"og:title\" content=\"Chuvas fortes deixam 42 pessoas desalojadas e causam ventos de 70 km\/h em Vit\u00f3ria da Conquista - Sudoesteacontece\" \/>\n<meta property=\"og:description\" content=\"As fortes chuvas que atingiram Vit\u00f3ria da Conquista nas \u00faltimas 24 horas provocaram alagamentos, quedas de \u00e1rvores e dezenas de desabrigados. Segundo a Defesa Civil, a ventania chegou a 70 km\/h e o volume de \u00e1gua acumulado foi de 72 mil\u00edmetros em apenas seis horas, mais de 80% desse total em 40 minutos, um fen\u00f4meno considerado at\u00edpico para o munic\u00edpio. O engenheiro Jo\u00e3o Gabriel Santos Queiroz, da Defesa Civil, explicou que 42 pessoas ficaram desalojadas ap\u00f3s terem suas casas invadidas pela \u00e1gua. Todas est\u00e3o recebendo acolhimento e assist\u00eancia emergencial da prefeitura. Durante entrevista ao programa UP Not\u00edcias, Queiroz destacou o risco de transitar em locais alagados. Ele comentou o caso do motorista que foi arrastado pela enxurrada na Avenida Caracas. \u201cDurante o pico da chuva, aquele motorista n\u00e3o deveria estar ali. Sistema de drenagem n\u00e3o comporta um volume t\u00e3o alto em t\u00e3o pouco tempo\u201d, alertou. Engenheiro tamb\u00e9m citou o canal da Avenida Brumado, que recebeu melhorias estruturais, mas ainda sofre com o excesso de \u00e1gua em eventos extremos. Defesa Civil segue monitorando \u00e1reas cr\u00edticas e refor\u00e7ando orienta\u00e7\u00f5es \u00e0 popula\u00e7\u00e3o para evitar travessias em enxurradas e buscar locais seguros durante tempestades. Munic\u00edpio permanece em estado de aten\u00e7\u00e3o, e novas medidas preventivas est\u00e3o sendo avaliadas para reduzir os impactos das pr\u00f3ximas chuvas.\" \/>\n<meta property=\"og:url\" content=\"https:\/\/sudoesteacontece.com.br\/?p=2293\" \/>\n<meta property=\"og:site_name\" content=\"Sudoesteacontece\" \/>\n<meta property=\"article:publisher\" content=\"https:\/\/www.facebook.com\/sudoesteacontece\/?locale=pt_BR\" \/>\n<meta property=\"article:published_time\" content=\"2025-11-11T12:00:06+00:00\" \/>\n<meta property=\"article:modified_time\" content=\"2025-11-11T12:00:10+00:00\" \/>\n<meta property=\"og:image\" content=\"https:\/\/sudoesteacontece.com.br\/wp-content\/uploads\/2025\/11\/Chuvas-fortes-deixam-42-pessoas-desalojadas-e-causam-ventos-de-70-kmh-em-Vitoria-da-Conquista-sudoeste-acontece.jpg\" \/>\n\t<meta property=\"og:image:width\" content=\"600\" \/>\n\t<meta property=\"og:image:height\" content=\"401\" \/>\n\t<meta property=\"og:image:type\" content=\"image\/jpeg\" \/>\n<meta name=\"author\" content=\"Washington Tiago\" \/>\n<meta name=\"twitter:card\" content=\"summary_large_image\" \/>\n<meta name=\"twitter:label1\" content=\"Escrito por\" \/>\n\t<meta name=\"twitter:data1\" content=\"Washington Tiago\" \/>\n\t<meta name=\"twitter:label2\" content=\"Est. tempo de leitura\" \/>\n\t<meta name=\"twitter:data2\" content=\"1 minuto\" \/>\n<script type=\"application\/ld+json\" class=\"yoast-schema-graph\">{\"@context\":\"https:\/\/schema.org\",\"@graph\":[{\"@type\":\"Article\",\"@id\":\"https:\/\/sudoesteacontece.com.br\/?p=2293#article\",\"isPartOf\":{\"@id\":\"https:\/\/sudoesteacontece.com.br\/?p=2293\"},\"author\":{\"name\":\"Washington Tiago\",\"@id\":\"https:\/\/sudoesteacontece.com.br\/#\/schema\/person\/3cf2cf009926a9683ebc29d5379fa79c\"},\"headline\":\"Chuvas fortes deixam 42 pessoas desalojadas e causam ventos de 70 km\/h em Vit\u00f3ria da Conquista\",\"datePublished\":\"2025-11-11T12:00:06+00:00\",\"dateModified\":\"2025-11-11T12:00:10+00:00\",\"mainEntityOfPage\":{\"@id\":\"https:\/\/sudoesteacontece.com.br\/?p=2293\"},\"wordCount\":243,\"commentCount\":0,\"publisher\":{\"@id\":\"https:\/\/sudoesteacontece.com.br\/#organization\"},\"image\":{\"@id\":\"https:\/\/sudoesteacontece.com.br\/?p=2293#primaryimage\"},\"thumbnailUrl\":\"https:\/\/sudoesteacontece.com.br\/wp-content\/uploads\/2025\/11\/Chuvas-fortes-deixam-42-pessoas-desalojadas-e-causam-ventos-de-70-kmh-em-Vitoria-da-Conquista-sudoeste-acontece.jpg\",\"articleSection\":[\"Cidades\",\"Vit\u00f3ria da Conquista\"],\"inLanguage\":\"pt-BR\",\"potentialAction\":[{\"@type\":\"CommentAction\",\"name\":\"Comment\",\"target\":[\"https:\/\/sudoesteacontece.com.br\/?p=2293#respond\"]}]},{\"@type\":\"WebPage\",\"@id\":\"https:\/\/sudoesteacontece.com.br\/?p=2293\",\"url\":\"https:\/\/sudoesteacontece.com.br\/?p=2293\",\"name\":\"Chuvas fortes deixam 42 pessoas desalojadas e causam ventos de 70 km\/h em Vit\u00f3ria da Conquista - Sudoesteacontece\",\"isPartOf\":{\"@id\":\"https:\/\/sudoesteacontece.com.br\/#website\"},\"primaryImageOfPage\":{\"@id\":\"https:\/\/sudoesteacontece.com.br\/?p=2293#primaryimage\"},\"image\":{\"@id\":\"https:\/\/sudoesteacontece.com.br\/?p=2293#primaryimage\"},\"thumbnailUrl\":\"https:\/\/sudoesteacontece.com.br\/wp-content\/uploads\/2025\/11\/Chuvas-fortes-deixam-42-pessoas-desalojadas-e-causam-ventos-de-70-kmh-em-Vitoria-da-Conquista-sudoeste-acontece.jpg\",\"datePublished\":\"2025-11-11T12:00:06+00:00\",\"dateModified\":\"2025-11-11T12:00:10+00:00\",\"breadcrumb\":{\"@id\":\"https:\/\/sudoesteacontece.com.br\/?p=2293#breadcrumb\"},\"inLanguage\":\"pt-BR\",\"potentialAction\":[{\"@type\":\"ReadAction\",\"target\":[\"https:\/\/sudoesteacontece.com.br\/?p=2293\"]}]},{\"@type\":\"ImageObject\",\"inLanguage\":\"pt-BR\",\"@id\":\"https:\/\/sudoesteacontece.com.br\/?p=2293#primaryimage\",\"url\":\"https:\/\/sudoesteacontece.com.br\/wp-content\/uploads\/2025\/11\/Chuvas-fortes-deixam-42-pessoas-desalojadas-e-causam-ventos-de-70-kmh-em-Vitoria-da-Conquista-sudoeste-acontece.jpg\",\"contentUrl\":\"https:\/\/sudoesteacontece.com.br\/wp-content\/uploads\/2025\/11\/Chuvas-fortes-deixam-42-pessoas-desalojadas-e-causam-ventos-de-70-kmh-em-Vitoria-da-Conquista-sudoeste-acontece.jpg\",\"width\":600,\"height\":401},{\"@type\":\"BreadcrumbList\",\"@id\":\"https:\/\/sudoesteacontece.com.br\/?p=2293#breadcrumb\",\"itemListElement\":[{\"@type\":\"ListItem\",\"position\":1,\"name\":\"In\u00edcio\",\"item\":\"https:\/\/sudoesteacontece.com.br\/\"},{\"@type\":\"ListItem\",\"position\":2,\"name\":\"Chuvas fortes deixam 42 pessoas desalojadas e causam ventos de 70 km\/h em Vit\u00f3ria da Conquista\"}]},{\"@type\":\"WebSite\",\"@id\":\"https:\/\/sudoesteacontece.com.br\/#website\",\"url\":\"https:\/\/sudoesteacontece.com.br\/\",\"name\":\"Sudoesteacontece\",\"description\":\"\",\"publisher\":{\"@id\":\"https:\/\/sudoesteacontece.com.br\/#organization\"},\"potentialAction\":[{\"@type\":\"SearchAction\",\"target\":{\"@type\":\"EntryPoint\",\"urlTemplate\":\"https:\/\/sudoesteacontece.com.br\/?s={search_term_string}\"},\"query-input\":{\"@type\":\"PropertyValueSpecification\",\"valueRequired\":true,\"valueName\":\"search_term_string\"}}],\"inLanguage\":\"pt-BR\"},{\"@type\":\"Organization\",\"@id\":\"https:\/\/sudoesteacontece.com.br\/#organization\",\"name\":\"Sudoesteacontece\",\"url\":\"https:\/\/sudoesteacontece.com.br\/\",\"logo\":{\"@type\":\"ImageObject\",\"inLanguage\":\"pt-BR\",\"@id\":\"https:\/\/sudoesteacontece.com.br\/#\/schema\/logo\/image\/\",\"url\":\"https:\/\/sudoesteacontece.com.br\/wp-content\/uploads\/2025\/12\/cropped-logo-2-180x180-1.png\",\"contentUrl\":\"https:\/\/sudoesteacontece.com.br\/wp-content\/uploads\/2025\/12\/cropped-logo-2-180x180-1.png\",\"width\":180,\"height\":180,\"caption\":\"Sudoesteacontece\"},\"image\":{\"@id\":\"https:\/\/sudoesteacontece.com.br\/#\/schema\/logo\/image\/\"},\"sameAs\":[\"https:\/\/www.facebook.com\/sudoesteacontece\/?locale=pt_BR\"]},{\"@type\":\"Person\",\"@id\":\"https:\/\/sudoesteacontece.com.br\/#\/schema\/person\/3cf2cf009926a9683ebc29d5379fa79c\",\"name\":\"Washington Tiago\",\"image\":{\"@type\":\"ImageObject\",\"inLanguage\":\"pt-BR\",\"@id\":\"https:\/\/sudoesteacontece.com.br\/#\/schema\/person\/image\/\",\"url\":\"https:\/\/secure.gravatar.com\/avatar\/33c43b8668157e040f9d1fe93c354bf087cbd8ba36270c1163198bd3ddcf2a56?s=96&d=mm&r=g\",\"contentUrl\":\"https:\/\/secure.gravatar.com\/avatar\/33c43b8668157e040f9d1fe93c354bf087cbd8ba36270c1163198bd3ddcf2a56?s=96&d=mm&r=g\",\"caption\":\"Washington Tiago\"},\"url\":\"https:\/\/sudoesteacontece.com.br\/?author=2\"}]}<\/script>\n<!-- \/ Yoast SEO plugin. -->","yoast_head_json":{"title":"Chuvas fortes deixam 42 pessoas desalojadas e causam ventos de 70 km\/h em Vit\u00f3ria da Conquista - Sudoesteacontece","robots":{"index":"index","follow":"follow","max-snippet":"max-snippet:-1","max-image-preview":"max-image-preview:large","max-video-preview":"max-video-preview:-1"},"canonical":"https:\/\/sudoesteacontece.com.br\/?p=2293","og_locale":"pt_BR","og_type":"article","og_title":"Chuvas fortes deixam 42 pessoas desalojadas e causam ventos de 70 km\/h em Vit\u00f3ria da Conquista - Sudoesteacontece","og_description":"As fortes chuvas que atingiram Vit\u00f3ria da Conquista nas \u00faltimas 24 horas provocaram alagamentos, quedas de \u00e1rvores e dezenas de desabrigados. Segundo a Defesa Civil, a ventania chegou a 70 km\/h e o volume de \u00e1gua acumulado foi de 72 mil\u00edmetros em apenas seis horas, mais de 80% desse total em 40 minutos, um fen\u00f4meno considerado at\u00edpico para o munic\u00edpio. O engenheiro Jo\u00e3o Gabriel Santos Queiroz, da Defesa Civil, explicou que 42 pessoas ficaram desalojadas ap\u00f3s terem suas casas invadidas pela \u00e1gua. Todas est\u00e3o recebendo acolhimento e assist\u00eancia emergencial da prefeitura. Durante entrevista ao programa UP Not\u00edcias, Queiroz destacou o risco de transitar em locais alagados. Ele comentou o caso do motorista que foi arrastado pela enxurrada na Avenida Caracas. \u201cDurante o pico da chuva, aquele motorista n\u00e3o deveria estar ali. Sistema de drenagem n\u00e3o comporta um volume t\u00e3o alto em t\u00e3o pouco tempo\u201d, alertou. Engenheiro tamb\u00e9m citou o canal da Avenida Brumado, que recebeu melhorias estruturais, mas ainda sofre com o excesso de \u00e1gua em eventos extremos. Defesa Civil segue monitorando \u00e1reas cr\u00edticas e refor\u00e7ando orienta\u00e7\u00f5es \u00e0 popula\u00e7\u00e3o para evitar travessias em enxurradas e buscar locais seguros durante tempestades. Munic\u00edpio permanece em estado de aten\u00e7\u00e3o, e novas medidas preventivas est\u00e3o sendo avaliadas para reduzir os impactos das pr\u00f3ximas chuvas.","og_url":"https:\/\/sudoesteacontece.com.br\/?p=2293","og_site_name":"Sudoesteacontece","article_publisher":"https:\/\/www.facebook.com\/sudoesteacontece\/?locale=pt_BR","article_published_time":"2025-11-11T12:00:06+00:00","article_modified_time":"2025-11-11T12:00:10+00:00","og_image":[{"width":600,"height":401,"url":"https:\/\/sudoesteacontece.com.br\/wp-content\/uploads\/2025\/11\/Chuvas-fortes-deixam-42-pessoas-desalojadas-e-causam-ventos-de-70-kmh-em-Vitoria-da-Conquista-sudoeste-acontece.jpg","type":"image\/jpeg"}],"author":"Washington Tiago","twitter_card":"summary_large_image","twitter_misc":{"Escrito por":"Washington Tiago","Est. tempo de leitura":"1 minuto"},"schema":{"@context":"https:\/\/schema.org","@graph":[{"@type":"Article","@id":"https:\/\/sudoesteacontece.com.br\/?p=2293#article","isPartOf":{"@id":"https:\/\/sudoesteacontece.com.br\/?p=2293"},"author":{"name":"Washington Tiago","@id":"https:\/\/sudoesteacontece.com.br\/#\/schema\/person\/3cf2cf009926a9683ebc29d5379fa79c"},"headline":"Chuvas fortes deixam 42 pessoas desalojadas e causam ventos de 70 km\/h em Vit\u00f3ria da Conquista","datePublished":"2025-11-11T12:00:06+00:00","dateModified":"2025-11-11T12:00:10+00:00","mainEntityOfPage":{"@id":"https:\/\/sudoesteacontece.com.br\/?p=2293"},"wordCount":243,"commentCount":0,"publisher":{"@id":"https:\/\/sudoesteacontece.com.br\/#organization"},"image":{"@id":"https:\/\/sudoesteacontece.com.br\/?p=2293#primaryimage"},"thumbnailUrl":"https:\/\/sudoesteacontece.com.br\/wp-content\/uploads\/2025\/11\/Chuvas-fortes-deixam-42-pessoas-desalojadas-e-causam-ventos-de-70-kmh-em-Vitoria-da-Conquista-sudoeste-acontece.jpg","articleSection":["Cidades","Vit\u00f3ria da Conquista"],"inLanguage":"pt-BR","potentialAction":[{"@type":"CommentAction","name":"Comment","target":["https:\/\/sudoesteacontece.com.br\/?p=2293#respond"]}]},{"@type":"WebPage","@id":"https:\/\/sudoesteacontece.com.br\/?p=2293","url":"https:\/\/sudoesteacontece.com.br\/?p=2293","name":"Chuvas fortes deixam 42 pessoas desalojadas e causam ventos de 70 km\/h em Vit\u00f3ria da Conquista - Sudoesteacontece","isPartOf":{"@id":"https:\/\/sudoesteacontece.com.br\/#website"},"primaryImageOfPage":{"@id":"https:\/\/sudoesteacontece.com.br\/?p=2293#primaryimage"},"image":{"@id":"https:\/\/sudoesteacontece.com.br\/?p=2293#primaryimage"},"thumbnailUrl":"https:\/\/sudoesteacontece.com.br\/wp-content\/uploads\/2025\/11\/Chuvas-fortes-deixam-42-pessoas-desalojadas-e-causam-ventos-de-70-kmh-em-Vitoria-da-Conquista-sudoeste-acontece.jpg","datePublished":"2025-11-11T12:00:06+00:00","dateModified":"2025-11-11T12:00:10+00:00","breadcrumb":{"@id":"https:\/\/sudoesteacontece.com.br\/?p=2293#breadcrumb"},"inLanguage":"pt-BR","potentialAction":[{"@type":"ReadAction","target":["https:\/\/sudoesteacontece.com.br\/?p=2293"]}]},{"@type":"ImageObject","inLanguage":"pt-BR","@id":"https:\/\/sudoesteacontece.com.br\/?p=2293#primaryimage","url":"https:\/\/sudoesteacontece.com.br\/wp-content\/uploads\/2025\/11\/Chuvas-fortes-deixam-42-pessoas-desalojadas-e-causam-ventos-de-70-kmh-em-Vitoria-da-Conquista-sudoeste-acontece.jpg","contentUrl":"https:\/\/sudoesteacontece.com.br\/wp-content\/uploads\/2025\/11\/Chuvas-fortes-deixam-42-pessoas-desalojadas-e-causam-ventos-de-70-kmh-em-Vitoria-da-Conquista-sudoeste-acontece.jpg","width":600,"height":401},{"@type":"BreadcrumbList","@id":"https:\/\/sudoesteacontece.com.br\/?p=2293#breadcrumb","itemListElement":[{"@type":"ListItem","position":1,"name":"In\u00edcio","item":"https:\/\/sudoesteacontece.com.br\/"},{"@type":"ListItem","position":2,"name":"Chuvas fortes deixam 42 pessoas desalojadas e causam ventos de 70 km\/h em Vit\u00f3ria da Conquista"}]},{"@type":"WebSite","@id":"https:\/\/sudoesteacontece.com.br\/#website","url":"https:\/\/sudoesteacontece.com.br\/","name":"Sudoesteacontece","description":"","publisher":{"@id":"https:\/\/sudoesteacontece.com.br\/#organization"},"potentialAction":[{"@type":"SearchAction","target":{"@type":"EntryPoint","urlTemplate":"https:\/\/sudoesteacontece.com.br\/?s={search_term_string}"},"query-input":{"@type":"PropertyValueSpecification","valueRequired":true,"valueName":"search_term_string"}}],"inLanguage":"pt-BR"},{"@type":"Organization","@id":"https:\/\/sudoesteacontece.com.br\/#organization","name":"Sudoesteacontece","url":"https:\/\/sudoesteacontece.com.br\/","logo":{"@type":"ImageObject","inLanguage":"pt-BR","@id":"https:\/\/sudoesteacontece.com.br\/#\/schema\/logo\/image\/","url":"https:\/\/sudoesteacontece.com.br\/wp-content\/uploads\/2025\/12\/cropped-logo-2-180x180-1.png","contentUrl":"https:\/\/sudoesteacontece.com.br\/wp-content\/uploads\/2025\/12\/cropped-logo-2-180x180-1.png","width":180,"height":180,"caption":"Sudoesteacontece"},"image":{"@id":"https:\/\/sudoesteacontece.com.br\/#\/schema\/logo\/image\/"},"sameAs":["https:\/\/www.facebook.com\/sudoesteacontece\/?locale=pt_BR"]},{"@type":"Person","@id":"https:\/\/sudoesteacontece.com.br\/#\/schema\/person\/3cf2cf009926a9683ebc29d5379fa79c","name":"Washington Tiago","image":{"@type":"ImageObject","inLanguage":"pt-BR","@id":"https:\/\/sudoesteacontece.com.br\/#\/schema\/person\/image\/","url":"https:\/\/secure.gravatar.com\/avatar\/33c43b8668157e040f9d1fe93c354bf087cbd8ba36270c1163198bd3ddcf2a56?s=96&d=mm&r=g","contentUrl":"https:\/\/secure.gravatar.com\/avatar\/33c43b8668157e040f9d1fe93c354bf087cbd8ba36270c1163198bd3ddcf2a56?s=96&d=mm&r=g","caption":"Washington Tiago"},"url":"https:\/\/sudoesteacontece.com.br\/?author=2"}]}},"_links":{"self":[{"href":"https:\/\/sudoesteacontece.com.br\/index.php?rest_route=\/wp\/v2\/posts\/2293","targetHints":{"allow":["GET"]}}],"collection":[{"href":"https:\/\/sudoesteacontece.com.br\/index.php?rest_route=\/wp\/v2\/posts"}],"about":[{"href":"https:\/\/sudoesteacontece.com.br\/index.php?rest_route=\/wp\/v2\/types\/post"}],"author":[{"embeddable":true,"href":"https:\/\/sudoesteacontece.com.br\/index.php?rest_route=\/wp\/v2\/users\/2"}],"replies":[{"embeddable":true,"href":"https:\/\/sudoesteacontece.com.br\/index.php?rest_route=%2Fwp%2Fv2%2Fcomments&post=2293"}],"version-history":[{"count":0,"href":"https:\/\/sudoesteacontece.com.br\/index.php?rest_route=\/wp\/v2\/posts\/2293\/revisions"}],"wp:featuredmedia":[{"embeddable":true,"href":"https:\/\/sudoesteacontece.com.br\/index.php?rest_route=\/wp\/v2\/media\/2307"}],"wp:attachment":[{"href":"https:\/\/sudoesteacontece.com.br\/index.php?rest_route=%2Fwp%2Fv2%2Fmedia&parent=2293"}],"wp:term":[{"taxonomy":"category","embeddable":true,"href":"https:\/\/sudoesteacontece.com.br\/index.php?rest_route=%2Fwp%2Fv2%2Fcategories&post=2293"},{"taxonomy":"post_tag","embeddable":true,"href":"https:\/\/sudoesteacontece.com.br\/index.php?rest_route=%2Fwp%2Fv2%2Ftags&post=2293"}],"curies":[{"name":"wp","href":"https:\/\/api.w.org\/{rel}","templated":true}]}}