{"id":2294,"date":"2025-11-11T09:15:12","date_gmt":"2025-11-11T12:15:12","guid":{"rendered":"https:\/\/sudoesteacontece.com.br\/?p=2294"},"modified":"2025-11-11T09:15:18","modified_gmt":"2025-11-11T12:15:18","slug":"prf-recupera-carro-roubado-em-camacari-durante-fiscalizacao-na-br-116-em-jequie","status":"publish","type":"post","link":"https:\/\/sudoesteacontece.com.br\/?p=2294","title":{"rendered":"PRF recupera carro roubado em Cama\u00e7ari durante fiscaliza\u00e7\u00e3o na BR-116, em Jequi\u00e9"},"content":{"rendered":"<div class=\"wp-block-image\">\n<figure class=\"aligncenter size-full\"><img fetchpriority=\"high\" decoding=\"async\" width=\"1000\" height=\"600\" src=\"http:\/\/sudoesteacontece.com.br\/wp-content\/uploads\/2025\/11\/18766bd0-297f-452b-aa3d-e5539aa11812.jpg\" alt=\"\" class=\"wp-image-2313\" srcset=\"https:\/\/sudoesteacontece.com.br\/wp-content\/uploads\/2025\/11\/18766bd0-297f-452b-aa3d-e5539aa11812.jpg 1000w, https:\/\/sudoesteacontece.com.br\/wp-content\/uploads\/2025\/11\/18766bd0-297f-452b-aa3d-e5539aa11812-300x180.jpg 300w, https:\/\/sudoesteacontece.com.br\/wp-content\/uploads\/2025\/11\/18766bd0-297f-452b-aa3d-e5539aa11812-768x461.jpg 768w\" sizes=\"(max-width: 1000px) 100vw, 1000px\" \/><\/figure>\n<\/div>\n\n\n<p>A Pol\u00edcia Rodovi\u00e1ria Federal (PRF) recuperou, na noite do \u00faltimo s\u00e1bado (8), um ve\u00edculo com registro de roubo durante uma a\u00e7\u00e3o de fiscaliza\u00e7\u00e3o no km 153 da BR-116, em frente \u00e0 Unidade Operacional da corpora\u00e7\u00e3o em Jequi\u00e9, sudoeste da Bahia.<\/p>\n\n\n\n<p>Por volta das 21h, os agentes abordaram um autom\u00f3vel de cor prata ap\u00f3s perceberem atitudes suspeitas do condutor. Durante a entrevista, o motorista apresentou informa\u00e7\u00f5es contradit\u00f3rias sobre a proced\u00eancia do ve\u00edculo, o que levantou a suspeita de irregularidades.<\/p>\n\n\n\n<p>Os policiais iniciaram uma vistoria detalhada nos elementos identificadores do carro, como numera\u00e7\u00e3o de chassi, etiquetas e placas, e constataram diverg\u00eancias em rela\u00e7\u00e3o ao padr\u00e3o original de f\u00e1brica. Ap\u00f3s consultas aos sistemas da PRF e da Secretaria de Seguran\u00e7a P\u00fablica da Bahia (SSP-BA), foi confirmado que o autom\u00f3vel era um clone.<\/p>\n\n\n\n<p>Ve\u00edculo verdadeiro havia sido roubado em outubro deste ano, na cidade de Cama\u00e7ari, regi\u00e3o metropolitana de Salvador, e possu\u00eda registro ativo de ocorr\u00eancia de roubo.<\/p>\n\n\n\n<p>Diante da constata\u00e7\u00e3o, o motorista recebeu voz de pris\u00e3o e foi encaminhado \u00e0 Delegacia de Pol\u00edcia Civil, onde responder\u00e1 por recepta\u00e7\u00e3o e adultera\u00e7\u00e3o de sinal identificador de ve\u00edculo automotor. O carro recuperado tamb\u00e9m foi apresentado \u00e0 autoridade policial para os procedimentos legais e posterior devolu\u00e7\u00e3o ao propriet\u00e1rio leg\u00edtimo.<\/p>\n\n\n\n<p>PRF refor\u00e7ou que a\u00e7\u00f5es como essa fazem parte da Opera\u00e7\u00e3o de Combate ao Crime, que busca coibir o tr\u00e1fico de ve\u00edculos roubados, clonados e outras pr\u00e1ticas criminosas nas rodovias federais que cortam a Bahia.<\/p>\n","protected":false},"excerpt":{"rendered":"<p>A Pol\u00edcia Rodovi\u00e1ria Federal (PRF) recuperou, na noite do \u00faltimo s\u00e1bado (8), um ve\u00edculo com registro de roubo durante uma a\u00e7\u00e3o de fiscaliza\u00e7\u00e3o no km 153 da BR-116, em frente \u00e0 Unidade Operacional da corpora\u00e7\u00e3o em Jequi\u00e9, sudoeste da Bahia. Por volta das 21h, os agentes abordaram um autom\u00f3vel de cor prata ap\u00f3s perceberem atitudes suspeitas do condutor. Durante a entrevista, o motorista apresentou informa\u00e7\u00f5es contradit\u00f3rias sobre a proced\u00eancia do ve\u00edculo, o que levantou a suspeita de irregularidades. Os policiais iniciaram uma vistoria detalhada nos elementos identificadores do carro, como numera\u00e7\u00e3o de chassi, etiquetas e placas, e constataram diverg\u00eancias em rela\u00e7\u00e3o ao padr\u00e3o original de f\u00e1brica. Ap\u00f3s consultas aos sistemas da PRF e da Secretaria de Seguran\u00e7a P\u00fablica da Bahia (SSP-BA), foi confirmado que o autom\u00f3vel era um clone. Ve\u00edculo verdadeiro havia sido roubado em outubro deste ano, na cidade de Cama\u00e7ari, regi\u00e3o metropolitana de Salvador, e possu\u00eda registro ativo de ocorr\u00eancia de roubo. Diante da constata\u00e7\u00e3o, o motorista recebeu voz de pris\u00e3o e foi encaminhado \u00e0 Delegacia de Pol\u00edcia Civil, onde responder\u00e1 por recepta\u00e7\u00e3o e adultera\u00e7\u00e3o de sinal identificador de ve\u00edculo automotor. O carro recuperado tamb\u00e9m foi apresentado \u00e0 autoridade policial para os procedimentos legais e posterior devolu\u00e7\u00e3o ao propriet\u00e1rio leg\u00edtimo. PRF refor\u00e7ou que a\u00e7\u00f5es como essa fazem parte da Opera\u00e7\u00e3o de Combate ao Crime, que busca coibir o tr\u00e1fico de ve\u00edculos roubados, clonados e outras pr\u00e1ticas criminosas nas rodovias federais que cortam a Bahia.<\/p>\n","protected":false},"author":2,"featured_media":2313,"comment_status":"open","ping_status":"open","sticky":false,"template":"","format":"standard","meta":{"footnotes":""},"categories":[4,81,3],"tags":[],"class_list":["post-2294","post","type-post","status-publish","format-standard","has-post-thumbnail","hentry","category-cidades","category-jequie","category-policia"],"yoast_head":"<!-- This site is optimized with the Yoast SEO plugin v26.5 - https:\/\/yoast.com\/wordpress\/plugins\/seo\/ -->\n<title>PRF recupera carro roubado em Cama\u00e7ari durante fiscaliza\u00e7\u00e3o na BR-116, em Jequi\u00e9 - Sudoesteacontece<\/title>\n<meta name=\"robots\" content=\"index, follow, max-snippet:-1, max-image-preview:large, max-video-preview:-1\" \/>\n<link rel=\"canonical\" href=\"https:\/\/sudoesteacontece.com.br\/?p=2294\" \/>\n<meta property=\"og:locale\" content=\"pt_BR\" \/>\n<meta property=\"og:type\" content=\"article\" \/>\n<meta property=\"og:title\" content=\"PRF recupera carro roubado em Cama\u00e7ari durante fiscaliza\u00e7\u00e3o na BR-116, em Jequi\u00e9 - Sudoesteacontece\" \/>\n<meta property=\"og:description\" content=\"A Pol\u00edcia Rodovi\u00e1ria Federal (PRF) recuperou, na noite do \u00faltimo s\u00e1bado (8), um ve\u00edculo com registro de roubo durante uma a\u00e7\u00e3o de fiscaliza\u00e7\u00e3o no km 153 da BR-116, em frente \u00e0 Unidade Operacional da corpora\u00e7\u00e3o em Jequi\u00e9, sudoeste da Bahia. Por volta das 21h, os agentes abordaram um autom\u00f3vel de cor prata ap\u00f3s perceberem atitudes suspeitas do condutor. Durante a entrevista, o motorista apresentou informa\u00e7\u00f5es contradit\u00f3rias sobre a proced\u00eancia do ve\u00edculo, o que levantou a suspeita de irregularidades. Os policiais iniciaram uma vistoria detalhada nos elementos identificadores do carro, como numera\u00e7\u00e3o de chassi, etiquetas e placas, e constataram diverg\u00eancias em rela\u00e7\u00e3o ao padr\u00e3o original de f\u00e1brica. Ap\u00f3s consultas aos sistemas da PRF e da Secretaria de Seguran\u00e7a P\u00fablica da Bahia (SSP-BA), foi confirmado que o autom\u00f3vel era um clone. Ve\u00edculo verdadeiro havia sido roubado em outubro deste ano, na cidade de Cama\u00e7ari, regi\u00e3o metropolitana de Salvador, e possu\u00eda registro ativo de ocorr\u00eancia de roubo. Diante da constata\u00e7\u00e3o, o motorista recebeu voz de pris\u00e3o e foi encaminhado \u00e0 Delegacia de Pol\u00edcia Civil, onde responder\u00e1 por recepta\u00e7\u00e3o e adultera\u00e7\u00e3o de sinal identificador de ve\u00edculo automotor. O carro recuperado tamb\u00e9m foi apresentado \u00e0 autoridade policial para os procedimentos legais e posterior devolu\u00e7\u00e3o ao propriet\u00e1rio leg\u00edtimo. PRF refor\u00e7ou que a\u00e7\u00f5es como essa fazem parte da Opera\u00e7\u00e3o de Combate ao Crime, que busca coibir o tr\u00e1fico de ve\u00edculos roubados, clonados e outras pr\u00e1ticas criminosas nas rodovias federais que cortam a Bahia.\" \/>\n<meta property=\"og:url\" content=\"https:\/\/sudoesteacontece.com.br\/?p=2294\" \/>\n<meta property=\"og:site_name\" content=\"Sudoesteacontece\" \/>\n<meta property=\"article:publisher\" content=\"https:\/\/www.facebook.com\/sudoesteacontece\/?locale=pt_BR\" \/>\n<meta property=\"article:published_time\" content=\"2025-11-11T12:15:12+00:00\" \/>\n<meta property=\"article:modified_time\" content=\"2025-11-11T12:15:18+00:00\" \/>\n<meta property=\"og:image\" content=\"https:\/\/sudoesteacontece.com.br\/wp-content\/uploads\/2025\/11\/18766bd0-297f-452b-aa3d-e5539aa11812.jpg\" \/>\n\t<meta property=\"og:image:width\" content=\"1000\" \/>\n\t<meta property=\"og:image:height\" content=\"600\" \/>\n\t<meta property=\"og:image:type\" content=\"image\/jpeg\" \/>\n<meta name=\"author\" content=\"Washington Tiago\" \/>\n<meta name=\"twitter:card\" content=\"summary_large_image\" \/>\n<meta name=\"twitter:label1\" content=\"Escrito por\" \/>\n\t<meta name=\"twitter:data1\" content=\"Washington Tiago\" \/>\n\t<meta name=\"twitter:label2\" content=\"Est. tempo de leitura\" \/>\n\t<meta name=\"twitter:data2\" content=\"1 minuto\" \/>\n<script type=\"application\/ld+json\" class=\"yoast-schema-graph\">{\"@context\":\"https:\/\/schema.org\",\"@graph\":[{\"@type\":\"Article\",\"@id\":\"https:\/\/sudoesteacontece.com.br\/?p=2294#article\",\"isPartOf\":{\"@id\":\"https:\/\/sudoesteacontece.com.br\/?p=2294\"},\"author\":{\"name\":\"Washington Tiago\",\"@id\":\"https:\/\/sudoesteacontece.com.br\/#\/schema\/person\/3cf2cf009926a9683ebc29d5379fa79c\"},\"headline\":\"PRF recupera carro roubado em Cama\u00e7ari durante fiscaliza\u00e7\u00e3o na BR-116, em Jequi\u00e9\",\"datePublished\":\"2025-11-11T12:15:12+00:00\",\"dateModified\":\"2025-11-11T12:15:18+00:00\",\"mainEntityOfPage\":{\"@id\":\"https:\/\/sudoesteacontece.com.br\/?p=2294\"},\"wordCount\":288,\"commentCount\":0,\"publisher\":{\"@id\":\"https:\/\/sudoesteacontece.com.br\/#organization\"},\"image\":{\"@id\":\"https:\/\/sudoesteacontece.com.br\/?p=2294#primaryimage\"},\"thumbnailUrl\":\"https:\/\/sudoesteacontece.com.br\/wp-content\/uploads\/2025\/11\/18766bd0-297f-452b-aa3d-e5539aa11812.jpg\",\"articleSection\":[\"Cidades\",\"Jequi\u00e9\",\"Pol\u00edcia\"],\"inLanguage\":\"pt-BR\",\"potentialAction\":[{\"@type\":\"CommentAction\",\"name\":\"Comment\",\"target\":[\"https:\/\/sudoesteacontece.com.br\/?p=2294#respond\"]}]},{\"@type\":\"WebPage\",\"@id\":\"https:\/\/sudoesteacontece.com.br\/?p=2294\",\"url\":\"https:\/\/sudoesteacontece.com.br\/?p=2294\",\"name\":\"PRF recupera carro roubado em Cama\u00e7ari durante fiscaliza\u00e7\u00e3o na BR-116, em Jequi\u00e9 - Sudoesteacontece\",\"isPartOf\":{\"@id\":\"https:\/\/sudoesteacontece.com.br\/#website\"},\"primaryImageOfPage\":{\"@id\":\"https:\/\/sudoesteacontece.com.br\/?p=2294#primaryimage\"},\"image\":{\"@id\":\"https:\/\/sudoesteacontece.com.br\/?p=2294#primaryimage\"},\"thumbnailUrl\":\"https:\/\/sudoesteacontece.com.br\/wp-content\/uploads\/2025\/11\/18766bd0-297f-452b-aa3d-e5539aa11812.jpg\",\"datePublished\":\"2025-11-11T12:15:12+00:00\",\"dateModified\":\"2025-11-11T12:15:18+00:00\",\"breadcrumb\":{\"@id\":\"https:\/\/sudoesteacontece.com.br\/?p=2294#breadcrumb\"},\"inLanguage\":\"pt-BR\",\"potentialAction\":[{\"@type\":\"ReadAction\",\"target\":[\"https:\/\/sudoesteacontece.com.br\/?p=2294\"]}]},{\"@type\":\"ImageObject\",\"inLanguage\":\"pt-BR\",\"@id\":\"https:\/\/sudoesteacontece.com.br\/?p=2294#primaryimage\",\"url\":\"https:\/\/sudoesteacontece.com.br\/wp-content\/uploads\/2025\/11\/18766bd0-297f-452b-aa3d-e5539aa11812.jpg\",\"contentUrl\":\"https:\/\/sudoesteacontece.com.br\/wp-content\/uploads\/2025\/11\/18766bd0-297f-452b-aa3d-e5539aa11812.jpg\",\"width\":1000,\"height\":600},{\"@type\":\"BreadcrumbList\",\"@id\":\"https:\/\/sudoesteacontece.com.br\/?p=2294#breadcrumb\",\"itemListElement\":[{\"@type\":\"ListItem\",\"position\":1,\"name\":\"In\u00edcio\",\"item\":\"https:\/\/sudoesteacontece.com.br\/\"},{\"@type\":\"ListItem\",\"position\":2,\"name\":\"PRF recupera carro roubado em Cama\u00e7ari durante fiscaliza\u00e7\u00e3o na BR-116, em Jequi\u00e9\"}]},{\"@type\":\"WebSite\",\"@id\":\"https:\/\/sudoesteacontece.com.br\/#website\",\"url\":\"https:\/\/sudoesteacontece.com.br\/\",\"name\":\"Sudoesteacontece\",\"description\":\"\",\"publisher\":{\"@id\":\"https:\/\/sudoesteacontece.com.br\/#organization\"},\"potentialAction\":[{\"@type\":\"SearchAction\",\"target\":{\"@type\":\"EntryPoint\",\"urlTemplate\":\"https:\/\/sudoesteacontece.com.br\/?s={search_term_string}\"},\"query-input\":{\"@type\":\"PropertyValueSpecification\",\"valueRequired\":true,\"valueName\":\"search_term_string\"}}],\"inLanguage\":\"pt-BR\"},{\"@type\":\"Organization\",\"@id\":\"https:\/\/sudoesteacontece.com.br\/#organization\",\"name\":\"Sudoesteacontece\",\"url\":\"https:\/\/sudoesteacontece.com.br\/\",\"logo\":{\"@type\":\"ImageObject\",\"inLanguage\":\"pt-BR\",\"@id\":\"https:\/\/sudoesteacontece.com.br\/#\/schema\/logo\/image\/\",\"url\":\"https:\/\/sudoesteacontece.com.br\/wp-content\/uploads\/2025\/12\/cropped-logo-2-180x180-1.png\",\"contentUrl\":\"https:\/\/sudoesteacontece.com.br\/wp-content\/uploads\/2025\/12\/cropped-logo-2-180x180-1.png\",\"width\":180,\"height\":180,\"caption\":\"Sudoesteacontece\"},\"image\":{\"@id\":\"https:\/\/sudoesteacontece.com.br\/#\/schema\/logo\/image\/\"},\"sameAs\":[\"https:\/\/www.facebook.com\/sudoesteacontece\/?locale=pt_BR\"]},{\"@type\":\"Person\",\"@id\":\"https:\/\/sudoesteacontece.com.br\/#\/schema\/person\/3cf2cf009926a9683ebc29d5379fa79c\",\"name\":\"Washington Tiago\",\"image\":{\"@type\":\"ImageObject\",\"inLanguage\":\"pt-BR\",\"@id\":\"https:\/\/sudoesteacontece.com.br\/#\/schema\/person\/image\/\",\"url\":\"https:\/\/secure.gravatar.com\/avatar\/33c43b8668157e040f9d1fe93c354bf087cbd8ba36270c1163198bd3ddcf2a56?s=96&d=mm&r=g\",\"contentUrl\":\"https:\/\/secure.gravatar.com\/avatar\/33c43b8668157e040f9d1fe93c354bf087cbd8ba36270c1163198bd3ddcf2a56?s=96&d=mm&r=g\",\"caption\":\"Washington Tiago\"},\"url\":\"https:\/\/sudoesteacontece.com.br\/?author=2\"}]}<\/script>\n<!-- \/ Yoast SEO plugin. -->","yoast_head_json":{"title":"PRF recupera carro roubado em Cama\u00e7ari durante fiscaliza\u00e7\u00e3o na BR-116, em Jequi\u00e9 - Sudoesteacontece","robots":{"index":"index","follow":"follow","max-snippet":"max-snippet:-1","max-image-preview":"max-image-preview:large","max-video-preview":"max-video-preview:-1"},"canonical":"https:\/\/sudoesteacontece.com.br\/?p=2294","og_locale":"pt_BR","og_type":"article","og_title":"PRF recupera carro roubado em Cama\u00e7ari durante fiscaliza\u00e7\u00e3o na BR-116, em Jequi\u00e9 - Sudoesteacontece","og_description":"A Pol\u00edcia Rodovi\u00e1ria Federal (PRF) recuperou, na noite do \u00faltimo s\u00e1bado (8), um ve\u00edculo com registro de roubo durante uma a\u00e7\u00e3o de fiscaliza\u00e7\u00e3o no km 153 da BR-116, em frente \u00e0 Unidade Operacional da corpora\u00e7\u00e3o em Jequi\u00e9, sudoeste da Bahia. Por volta das 21h, os agentes abordaram um autom\u00f3vel de cor prata ap\u00f3s perceberem atitudes suspeitas do condutor. Durante a entrevista, o motorista apresentou informa\u00e7\u00f5es contradit\u00f3rias sobre a proced\u00eancia do ve\u00edculo, o que levantou a suspeita de irregularidades. Os policiais iniciaram uma vistoria detalhada nos elementos identificadores do carro, como numera\u00e7\u00e3o de chassi, etiquetas e placas, e constataram diverg\u00eancias em rela\u00e7\u00e3o ao padr\u00e3o original de f\u00e1brica. Ap\u00f3s consultas aos sistemas da PRF e da Secretaria de Seguran\u00e7a P\u00fablica da Bahia (SSP-BA), foi confirmado que o autom\u00f3vel era um clone. Ve\u00edculo verdadeiro havia sido roubado em outubro deste ano, na cidade de Cama\u00e7ari, regi\u00e3o metropolitana de Salvador, e possu\u00eda registro ativo de ocorr\u00eancia de roubo. Diante da constata\u00e7\u00e3o, o motorista recebeu voz de pris\u00e3o e foi encaminhado \u00e0 Delegacia de Pol\u00edcia Civil, onde responder\u00e1 por recepta\u00e7\u00e3o e adultera\u00e7\u00e3o de sinal identificador de ve\u00edculo automotor. O carro recuperado tamb\u00e9m foi apresentado \u00e0 autoridade policial para os procedimentos legais e posterior devolu\u00e7\u00e3o ao propriet\u00e1rio leg\u00edtimo. PRF refor\u00e7ou que a\u00e7\u00f5es como essa fazem parte da Opera\u00e7\u00e3o de Combate ao Crime, que busca coibir o tr\u00e1fico de ve\u00edculos roubados, clonados e outras pr\u00e1ticas criminosas nas rodovias federais que cortam a Bahia.","og_url":"https:\/\/sudoesteacontece.com.br\/?p=2294","og_site_name":"Sudoesteacontece","article_publisher":"https:\/\/www.facebook.com\/sudoesteacontece\/?locale=pt_BR","article_published_time":"2025-11-11T12:15:12+00:00","article_modified_time":"2025-11-11T12:15:18+00:00","og_image":[{"width":1000,"height":600,"url":"https:\/\/sudoesteacontece.com.br\/wp-content\/uploads\/2025\/11\/18766bd0-297f-452b-aa3d-e5539aa11812.jpg","type":"image\/jpeg"}],"author":"Washington Tiago","twitter_card":"summary_large_image","twitter_misc":{"Escrito por":"Washington Tiago","Est. tempo de leitura":"1 minuto"},"schema":{"@context":"https:\/\/schema.org","@graph":[{"@type":"Article","@id":"https:\/\/sudoesteacontece.com.br\/?p=2294#article","isPartOf":{"@id":"https:\/\/sudoesteacontece.com.br\/?p=2294"},"author":{"name":"Washington Tiago","@id":"https:\/\/sudoesteacontece.com.br\/#\/schema\/person\/3cf2cf009926a9683ebc29d5379fa79c"},"headline":"PRF recupera carro roubado em Cama\u00e7ari durante fiscaliza\u00e7\u00e3o na BR-116, em Jequi\u00e9","datePublished":"2025-11-11T12:15:12+00:00","dateModified":"2025-11-11T12:15:18+00:00","mainEntityOfPage":{"@id":"https:\/\/sudoesteacontece.com.br\/?p=2294"},"wordCount":288,"commentCount":0,"publisher":{"@id":"https:\/\/sudoesteacontece.com.br\/#organization"},"image":{"@id":"https:\/\/sudoesteacontece.com.br\/?p=2294#primaryimage"},"thumbnailUrl":"https:\/\/sudoesteacontece.com.br\/wp-content\/uploads\/2025\/11\/18766bd0-297f-452b-aa3d-e5539aa11812.jpg","articleSection":["Cidades","Jequi\u00e9","Pol\u00edcia"],"inLanguage":"pt-BR","potentialAction":[{"@type":"CommentAction","name":"Comment","target":["https:\/\/sudoesteacontece.com.br\/?p=2294#respond"]}]},{"@type":"WebPage","@id":"https:\/\/sudoesteacontece.com.br\/?p=2294","url":"https:\/\/sudoesteacontece.com.br\/?p=2294","name":"PRF recupera carro roubado em Cama\u00e7ari durante fiscaliza\u00e7\u00e3o na BR-116, em Jequi\u00e9 - Sudoesteacontece","isPartOf":{"@id":"https:\/\/sudoesteacontece.com.br\/#website"},"primaryImageOfPage":{"@id":"https:\/\/sudoesteacontece.com.br\/?p=2294#primaryimage"},"image":{"@id":"https:\/\/sudoesteacontece.com.br\/?p=2294#primaryimage"},"thumbnailUrl":"https:\/\/sudoesteacontece.com.br\/wp-content\/uploads\/2025\/11\/18766bd0-297f-452b-aa3d-e5539aa11812.jpg","datePublished":"2025-11-11T12:15:12+00:00","dateModified":"2025-11-11T12:15:18+00:00","breadcrumb":{"@id":"https:\/\/sudoesteacontece.com.br\/?p=2294#breadcrumb"},"inLanguage":"pt-BR","potentialAction":[{"@type":"ReadAction","target":["https:\/\/sudoesteacontece.com.br\/?p=2294"]}]},{"@type":"ImageObject","inLanguage":"pt-BR","@id":"https:\/\/sudoesteacontece.com.br\/?p=2294#primaryimage","url":"https:\/\/sudoesteacontece.com.br\/wp-content\/uploads\/2025\/11\/18766bd0-297f-452b-aa3d-e5539aa11812.jpg","contentUrl":"https:\/\/sudoesteacontece.com.br\/wp-content\/uploads\/2025\/11\/18766bd0-297f-452b-aa3d-e5539aa11812.jpg","width":1000,"height":600},{"@type":"BreadcrumbList","@id":"https:\/\/sudoesteacontece.com.br\/?p=2294#breadcrumb","itemListElement":[{"@type":"ListItem","position":1,"name":"In\u00edcio","item":"https:\/\/sudoesteacontece.com.br\/"},{"@type":"ListItem","position":2,"name":"PRF recupera carro roubado em Cama\u00e7ari durante fiscaliza\u00e7\u00e3o na BR-116, em Jequi\u00e9"}]},{"@type":"WebSite","@id":"https:\/\/sudoesteacontece.com.br\/#website","url":"https:\/\/sudoesteacontece.com.br\/","name":"Sudoesteacontece","description":"","publisher":{"@id":"https:\/\/sudoesteacontece.com.br\/#organization"},"potentialAction":[{"@type":"SearchAction","target":{"@type":"EntryPoint","urlTemplate":"https:\/\/sudoesteacontece.com.br\/?s={search_term_string}"},"query-input":{"@type":"PropertyValueSpecification","valueRequired":true,"valueName":"search_term_string"}}],"inLanguage":"pt-BR"},{"@type":"Organization","@id":"https:\/\/sudoesteacontece.com.br\/#organization","name":"Sudoesteacontece","url":"https:\/\/sudoesteacontece.com.br\/","logo":{"@type":"ImageObject","inLanguage":"pt-BR","@id":"https:\/\/sudoesteacontece.com.br\/#\/schema\/logo\/image\/","url":"https:\/\/sudoesteacontece.com.br\/wp-content\/uploads\/2025\/12\/cropped-logo-2-180x180-1.png","contentUrl":"https:\/\/sudoesteacontece.com.br\/wp-content\/uploads\/2025\/12\/cropped-logo-2-180x180-1.png","width":180,"height":180,"caption":"Sudoesteacontece"},"image":{"@id":"https:\/\/sudoesteacontece.com.br\/#\/schema\/logo\/image\/"},"sameAs":["https:\/\/www.facebook.com\/sudoesteacontece\/?locale=pt_BR"]},{"@type":"Person","@id":"https:\/\/sudoesteacontece.com.br\/#\/schema\/person\/3cf2cf009926a9683ebc29d5379fa79c","name":"Washington Tiago","image":{"@type":"ImageObject","inLanguage":"pt-BR","@id":"https:\/\/sudoesteacontece.com.br\/#\/schema\/person\/image\/","url":"https:\/\/secure.gravatar.com\/avatar\/33c43b8668157e040f9d1fe93c354bf087cbd8ba36270c1163198bd3ddcf2a56?s=96&d=mm&r=g","contentUrl":"https:\/\/secure.gravatar.com\/avatar\/33c43b8668157e040f9d1fe93c354bf087cbd8ba36270c1163198bd3ddcf2a56?s=96&d=mm&r=g","caption":"Washington Tiago"},"url":"https:\/\/sudoesteacontece.com.br\/?author=2"}]}},"_links":{"self":[{"href":"https:\/\/sudoesteacontece.com.br\/index.php?rest_route=\/wp\/v2\/posts\/2294","targetHints":{"allow":["GET"]}}],"collection":[{"href":"https:\/\/sudoesteacontece.com.br\/index.php?rest_route=\/wp\/v2\/posts"}],"about":[{"href":"https:\/\/sudoesteacontece.com.br\/index.php?rest_route=\/wp\/v2\/types\/post"}],"author":[{"embeddable":true,"href":"https:\/\/sudoesteacontece.com.br\/index.php?rest_route=\/wp\/v2\/users\/2"}],"replies":[{"embeddable":true,"href":"https:\/\/sudoesteacontece.com.br\/index.php?rest_route=%2Fwp%2Fv2%2Fcomments&post=2294"}],"version-history":[{"count":0,"href":"https:\/\/sudoesteacontece.com.br\/index.php?rest_route=\/wp\/v2\/posts\/2294\/revisions"}],"wp:featuredmedia":[{"embeddable":true,"href":"https:\/\/sudoesteacontece.com.br\/index.php?rest_route=\/wp\/v2\/media\/2313"}],"wp:attachment":[{"href":"https:\/\/sudoesteacontece.com.br\/index.php?rest_route=%2Fwp%2Fv2%2Fmedia&parent=2294"}],"wp:term":[{"taxonomy":"category","embeddable":true,"href":"https:\/\/sudoesteacontece.com.br\/index.php?rest_route=%2Fwp%2Fv2%2Fcategories&post=2294"},{"taxonomy":"post_tag","embeddable":true,"href":"https:\/\/sudoesteacontece.com.br\/index.php?rest_route=%2Fwp%2Fv2%2Ftags&post=2294"}],"curies":[{"name":"wp","href":"https:\/\/api.w.org\/{rel}","templated":true}]}}