{"id":2296,"date":"2025-11-11T09:16:55","date_gmt":"2025-11-11T12:16:55","guid":{"rendered":"https:\/\/sudoesteacontece.com.br\/?p=2296"},"modified":"2025-11-11T09:16:58","modified_gmt":"2025-11-11T12:16:58","slug":"bispo-emerito-de-livramento-conduz-retiro-em-roma-com-tema-a-morte-e-o-morrer","status":"publish","type":"post","link":"https:\/\/sudoesteacontece.com.br\/?p=2296","title":{"rendered":"Bispo em\u00e9rito de Livramento conduz retiro em Roma com tema \u201cA Morte e o Morrer\u201d"},"content":{"rendered":"\n<figure class=\"wp-block-image size-full\"><img fetchpriority=\"high\" decoding=\"async\" width=\"850\" height=\"600\" src=\"http:\/\/sudoesteacontece.com.br\/wp-content\/uploads\/2025\/11\/Bispo-emerito-de-Livramento-conduz-retiro-em-Roma-com-tema-A-Morte-e-o-Morrer-sudoeste-acontece.webp\" alt=\"\" class=\"wp-image-2315\" srcset=\"https:\/\/sudoesteacontece.com.br\/wp-content\/uploads\/2025\/11\/Bispo-emerito-de-Livramento-conduz-retiro-em-Roma-com-tema-A-Morte-e-o-Morrer-sudoeste-acontece.webp 850w, https:\/\/sudoesteacontece.com.br\/wp-content\/uploads\/2025\/11\/Bispo-emerito-de-Livramento-conduz-retiro-em-Roma-com-tema-A-Morte-e-o-Morrer-sudoeste-acontece-300x212.webp 300w, https:\/\/sudoesteacontece.com.br\/wp-content\/uploads\/2025\/11\/Bispo-emerito-de-Livramento-conduz-retiro-em-Roma-com-tema-A-Morte-e-o-Morrer-sudoeste-acontece-768x542.webp 768w\" sizes=\"(max-width: 850px) 100vw, 850px\" \/><\/figure>\n\n\n\n<p>Bispo em\u00e9rito de Livramento de Nossa Senhora, Dom Armando Bucciol liderou, neste domingo (9), o retiro mensal do Pontif\u00edcio Col\u00e9gio Pio Brasileiro, em Roma. O encontro teve como foco o tema \u201cA Morte e o Morrer: Um Olhar Humano, Cultural e Crist\u00e3o\u201d.<\/p>\n\n\n\n<p>Sacerdotes residentes e colaboradores da institui\u00e7\u00e3o participaram da reflex\u00e3o, que buscou aproximar f\u00e9, cultura e entendimento humano sobre a finitude da vida. Na abertura, Dom Armando citou: \u201cOs vivos fecham os olhos dos mortos e os mortos abrem os olhos dos vivos\u201d, convidando \u00e0 medita\u00e7\u00e3o profunda.<\/p>\n\n\n\n<p>Sociedade moderna evita falar sobre a morte, alertou o bispo, transformando o tema em tabu. Em contraste, a f\u00e9 crist\u00e3 prop\u00f5e esperan\u00e7a e consolo, mostrando a passagem da vida terrena para a plenitude da vida em Cristo.<\/p>\n\n\n\n<p>Medita\u00e7\u00e3o destacou a import\u00e2ncia do morrer em Cristo como caminho de esperan\u00e7a e confian\u00e7a, lembrando que a Igreja acolhe e conforta os que sofrem com perdas. A escuta, presen\u00e7a pastoral e ritos de despedida foram apontados como sinais de f\u00e9 e comunh\u00e3o.<\/p>\n\n\n\n<p>Celebra\u00e7\u00e3o eucar\u00edstica encerrou o retiro, presidida pelo padre Ant\u00f4nio Depizzoli, fortalecendo a dimens\u00e3o espiritual do encontro. Participantes sa\u00edram motivados a refletir sobre o sentido da vida e da morte na perspectiva crist\u00e3.<\/p>\n\n\n\n<p>Atua\u00e7\u00e3o de Dom Armando em Roma come\u00e7ou ap\u00f3s deixar a Diocese de Livramento, em 2021. Desde ent\u00e3o, ele se dedica \u00e0 forma\u00e7\u00e3o humana e espiritual de sacerdotes brasileiros, promovendo encontros, retiros e orienta\u00e7\u00f5es no Col\u00e9gio Pio Brasileiro.<\/p>\n","protected":false},"excerpt":{"rendered":"<p>Bispo em\u00e9rito de Livramento de Nossa Senhora, Dom Armando Bucciol liderou, neste domingo (9), o retiro mensal do Pontif\u00edcio Col\u00e9gio Pio Brasileiro, em Roma. O encontro teve como foco o tema \u201cA Morte e o Morrer: Um Olhar Humano, Cultural e Crist\u00e3o\u201d. Sacerdotes residentes e colaboradores da institui\u00e7\u00e3o participaram da reflex\u00e3o, que buscou aproximar f\u00e9, cultura e entendimento humano sobre a finitude da vida. Na abertura, Dom Armando citou: \u201cOs vivos fecham os olhos dos mortos e os mortos abrem os olhos dos vivos\u201d, convidando \u00e0 medita\u00e7\u00e3o profunda. Sociedade moderna evita falar sobre a morte, alertou o bispo, transformando o tema em tabu. Em contraste, a f\u00e9 crist\u00e3 prop\u00f5e esperan\u00e7a e consolo, mostrando a passagem da vida terrena para a plenitude da vida em Cristo. Medita\u00e7\u00e3o destacou a import\u00e2ncia do morrer em Cristo como caminho de esperan\u00e7a e confian\u00e7a, lembrando que a Igreja acolhe e conforta os que sofrem com perdas. A escuta, presen\u00e7a pastoral e ritos de despedida foram apontados como sinais de f\u00e9 e comunh\u00e3o. Celebra\u00e7\u00e3o eucar\u00edstica encerrou o retiro, presidida pelo padre Ant\u00f4nio Depizzoli, fortalecendo a dimens\u00e3o espiritual do encontro. Participantes sa\u00edram motivados a refletir sobre o sentido da vida e da morte na perspectiva crist\u00e3. Atua\u00e7\u00e3o de Dom Armando em Roma come\u00e7ou ap\u00f3s deixar a Diocese de Livramento, em 2021. Desde ent\u00e3o, ele se dedica \u00e0 forma\u00e7\u00e3o humana e espiritual de sacerdotes brasileiros, promovendo encontros, retiros e orienta\u00e7\u00f5es no Col\u00e9gio Pio Brasileiro.<\/p>\n","protected":false},"author":2,"featured_media":2315,"comment_status":"open","ping_status":"open","sticky":false,"template":"","format":"standard","meta":{"footnotes":""},"categories":[18,86,61],"tags":[],"class_list":["post-2296","post","type-post","status-publish","format-standard","has-post-thumbnail","hentry","category-livramento","category-mundo","category-religiao"],"yoast_head":"<!-- This site is optimized with the Yoast SEO plugin v26.5 - https:\/\/yoast.com\/wordpress\/plugins\/seo\/ -->\n<title>Bispo em\u00e9rito de Livramento conduz retiro em Roma com tema \u201cA Morte e o Morrer\u201d - Sudoesteacontece<\/title>\n<meta name=\"robots\" content=\"index, follow, max-snippet:-1, max-image-preview:large, max-video-preview:-1\" \/>\n<link rel=\"canonical\" href=\"https:\/\/sudoesteacontece.com.br\/?p=2296\" \/>\n<meta property=\"og:locale\" content=\"pt_BR\" \/>\n<meta property=\"og:type\" content=\"article\" \/>\n<meta property=\"og:title\" content=\"Bispo em\u00e9rito de Livramento conduz retiro em Roma com tema \u201cA Morte e o Morrer\u201d - Sudoesteacontece\" \/>\n<meta property=\"og:description\" content=\"Bispo em\u00e9rito de Livramento de Nossa Senhora, Dom Armando Bucciol liderou, neste domingo (9), o retiro mensal do Pontif\u00edcio Col\u00e9gio Pio Brasileiro, em Roma. O encontro teve como foco o tema \u201cA Morte e o Morrer: Um Olhar Humano, Cultural e Crist\u00e3o\u201d. Sacerdotes residentes e colaboradores da institui\u00e7\u00e3o participaram da reflex\u00e3o, que buscou aproximar f\u00e9, cultura e entendimento humano sobre a finitude da vida. Na abertura, Dom Armando citou: \u201cOs vivos fecham os olhos dos mortos e os mortos abrem os olhos dos vivos\u201d, convidando \u00e0 medita\u00e7\u00e3o profunda. Sociedade moderna evita falar sobre a morte, alertou o bispo, transformando o tema em tabu. Em contraste, a f\u00e9 crist\u00e3 prop\u00f5e esperan\u00e7a e consolo, mostrando a passagem da vida terrena para a plenitude da vida em Cristo. Medita\u00e7\u00e3o destacou a import\u00e2ncia do morrer em Cristo como caminho de esperan\u00e7a e confian\u00e7a, lembrando que a Igreja acolhe e conforta os que sofrem com perdas. A escuta, presen\u00e7a pastoral e ritos de despedida foram apontados como sinais de f\u00e9 e comunh\u00e3o. Celebra\u00e7\u00e3o eucar\u00edstica encerrou o retiro, presidida pelo padre Ant\u00f4nio Depizzoli, fortalecendo a dimens\u00e3o espiritual do encontro. Participantes sa\u00edram motivados a refletir sobre o sentido da vida e da morte na perspectiva crist\u00e3. Atua\u00e7\u00e3o de Dom Armando em Roma come\u00e7ou ap\u00f3s deixar a Diocese de Livramento, em 2021. Desde ent\u00e3o, ele se dedica \u00e0 forma\u00e7\u00e3o humana e espiritual de sacerdotes brasileiros, promovendo encontros, retiros e orienta\u00e7\u00f5es no Col\u00e9gio Pio Brasileiro.\" \/>\n<meta property=\"og:url\" content=\"https:\/\/sudoesteacontece.com.br\/?p=2296\" \/>\n<meta property=\"og:site_name\" content=\"Sudoesteacontece\" \/>\n<meta property=\"article:publisher\" content=\"https:\/\/www.facebook.com\/sudoesteacontece\/?locale=pt_BR\" \/>\n<meta property=\"article:published_time\" content=\"2025-11-11T12:16:55+00:00\" \/>\n<meta property=\"article:modified_time\" content=\"2025-11-11T12:16:58+00:00\" \/>\n<meta property=\"og:image\" content=\"https:\/\/sudoesteacontece.com.br\/wp-content\/uploads\/2025\/11\/Bispo-emerito-de-Livramento-conduz-retiro-em-Roma-com-tema-A-Morte-e-o-Morrer-sudoeste-acontece.webp\" \/>\n\t<meta property=\"og:image:width\" content=\"850\" \/>\n\t<meta property=\"og:image:height\" content=\"600\" \/>\n\t<meta property=\"og:image:type\" content=\"image\/webp\" \/>\n<meta name=\"author\" content=\"Washington Tiago\" \/>\n<meta name=\"twitter:card\" content=\"summary_large_image\" \/>\n<meta name=\"twitter:label1\" content=\"Escrito por\" \/>\n\t<meta name=\"twitter:data1\" content=\"Washington Tiago\" \/>\n\t<meta name=\"twitter:label2\" content=\"Est. tempo de leitura\" \/>\n\t<meta name=\"twitter:data2\" content=\"1 minuto\" \/>\n<script type=\"application\/ld+json\" class=\"yoast-schema-graph\">{\"@context\":\"https:\/\/schema.org\",\"@graph\":[{\"@type\":\"Article\",\"@id\":\"https:\/\/sudoesteacontece.com.br\/?p=2296#article\",\"isPartOf\":{\"@id\":\"https:\/\/sudoesteacontece.com.br\/?p=2296\"},\"author\":{\"name\":\"Washington Tiago\",\"@id\":\"https:\/\/sudoesteacontece.com.br\/#\/schema\/person\/3cf2cf009926a9683ebc29d5379fa79c\"},\"headline\":\"Bispo em\u00e9rito de Livramento conduz retiro em Roma com tema \u201cA Morte e o Morrer\u201d\",\"datePublished\":\"2025-11-11T12:16:55+00:00\",\"dateModified\":\"2025-11-11T12:16:58+00:00\",\"mainEntityOfPage\":{\"@id\":\"https:\/\/sudoesteacontece.com.br\/?p=2296\"},\"wordCount\":275,\"commentCount\":0,\"publisher\":{\"@id\":\"https:\/\/sudoesteacontece.com.br\/#organization\"},\"image\":{\"@id\":\"https:\/\/sudoesteacontece.com.br\/?p=2296#primaryimage\"},\"thumbnailUrl\":\"https:\/\/sudoesteacontece.com.br\/wp-content\/uploads\/2025\/11\/Bispo-emerito-de-Livramento-conduz-retiro-em-Roma-com-tema-A-Morte-e-o-Morrer-sudoeste-acontece.webp\",\"articleSection\":[\"Livramento\",\"Mundo\",\"Religi\u00e3o\"],\"inLanguage\":\"pt-BR\",\"potentialAction\":[{\"@type\":\"CommentAction\",\"name\":\"Comment\",\"target\":[\"https:\/\/sudoesteacontece.com.br\/?p=2296#respond\"]}]},{\"@type\":\"WebPage\",\"@id\":\"https:\/\/sudoesteacontece.com.br\/?p=2296\",\"url\":\"https:\/\/sudoesteacontece.com.br\/?p=2296\",\"name\":\"Bispo em\u00e9rito de Livramento conduz retiro em Roma com tema \u201cA Morte e o Morrer\u201d - Sudoesteacontece\",\"isPartOf\":{\"@id\":\"https:\/\/sudoesteacontece.com.br\/#website\"},\"primaryImageOfPage\":{\"@id\":\"https:\/\/sudoesteacontece.com.br\/?p=2296#primaryimage\"},\"image\":{\"@id\":\"https:\/\/sudoesteacontece.com.br\/?p=2296#primaryimage\"},\"thumbnailUrl\":\"https:\/\/sudoesteacontece.com.br\/wp-content\/uploads\/2025\/11\/Bispo-emerito-de-Livramento-conduz-retiro-em-Roma-com-tema-A-Morte-e-o-Morrer-sudoeste-acontece.webp\",\"datePublished\":\"2025-11-11T12:16:55+00:00\",\"dateModified\":\"2025-11-11T12:16:58+00:00\",\"breadcrumb\":{\"@id\":\"https:\/\/sudoesteacontece.com.br\/?p=2296#breadcrumb\"},\"inLanguage\":\"pt-BR\",\"potentialAction\":[{\"@type\":\"ReadAction\",\"target\":[\"https:\/\/sudoesteacontece.com.br\/?p=2296\"]}]},{\"@type\":\"ImageObject\",\"inLanguage\":\"pt-BR\",\"@id\":\"https:\/\/sudoesteacontece.com.br\/?p=2296#primaryimage\",\"url\":\"https:\/\/sudoesteacontece.com.br\/wp-content\/uploads\/2025\/11\/Bispo-emerito-de-Livramento-conduz-retiro-em-Roma-com-tema-A-Morte-e-o-Morrer-sudoeste-acontece.webp\",\"contentUrl\":\"https:\/\/sudoesteacontece.com.br\/wp-content\/uploads\/2025\/11\/Bispo-emerito-de-Livramento-conduz-retiro-em-Roma-com-tema-A-Morte-e-o-Morrer-sudoeste-acontece.webp\",\"width\":850,\"height\":600},{\"@type\":\"BreadcrumbList\",\"@id\":\"https:\/\/sudoesteacontece.com.br\/?p=2296#breadcrumb\",\"itemListElement\":[{\"@type\":\"ListItem\",\"position\":1,\"name\":\"In\u00edcio\",\"item\":\"https:\/\/sudoesteacontece.com.br\/\"},{\"@type\":\"ListItem\",\"position\":2,\"name\":\"Bispo em\u00e9rito de Livramento conduz retiro em Roma com tema \u201cA Morte e o Morrer\u201d\"}]},{\"@type\":\"WebSite\",\"@id\":\"https:\/\/sudoesteacontece.com.br\/#website\",\"url\":\"https:\/\/sudoesteacontece.com.br\/\",\"name\":\"Sudoesteacontece\",\"description\":\"\",\"publisher\":{\"@id\":\"https:\/\/sudoesteacontece.com.br\/#organization\"},\"potentialAction\":[{\"@type\":\"SearchAction\",\"target\":{\"@type\":\"EntryPoint\",\"urlTemplate\":\"https:\/\/sudoesteacontece.com.br\/?s={search_term_string}\"},\"query-input\":{\"@type\":\"PropertyValueSpecification\",\"valueRequired\":true,\"valueName\":\"search_term_string\"}}],\"inLanguage\":\"pt-BR\"},{\"@type\":\"Organization\",\"@id\":\"https:\/\/sudoesteacontece.com.br\/#organization\",\"name\":\"Sudoesteacontece\",\"url\":\"https:\/\/sudoesteacontece.com.br\/\",\"logo\":{\"@type\":\"ImageObject\",\"inLanguage\":\"pt-BR\",\"@id\":\"https:\/\/sudoesteacontece.com.br\/#\/schema\/logo\/image\/\",\"url\":\"https:\/\/sudoesteacontece.com.br\/wp-content\/uploads\/2025\/12\/cropped-logo-2-180x180-1.png\",\"contentUrl\":\"https:\/\/sudoesteacontece.com.br\/wp-content\/uploads\/2025\/12\/cropped-logo-2-180x180-1.png\",\"width\":180,\"height\":180,\"caption\":\"Sudoesteacontece\"},\"image\":{\"@id\":\"https:\/\/sudoesteacontece.com.br\/#\/schema\/logo\/image\/\"},\"sameAs\":[\"https:\/\/www.facebook.com\/sudoesteacontece\/?locale=pt_BR\"]},{\"@type\":\"Person\",\"@id\":\"https:\/\/sudoesteacontece.com.br\/#\/schema\/person\/3cf2cf009926a9683ebc29d5379fa79c\",\"name\":\"Washington Tiago\",\"image\":{\"@type\":\"ImageObject\",\"inLanguage\":\"pt-BR\",\"@id\":\"https:\/\/sudoesteacontece.com.br\/#\/schema\/person\/image\/\",\"url\":\"https:\/\/secure.gravatar.com\/avatar\/33c43b8668157e040f9d1fe93c354bf087cbd8ba36270c1163198bd3ddcf2a56?s=96&d=mm&r=g\",\"contentUrl\":\"https:\/\/secure.gravatar.com\/avatar\/33c43b8668157e040f9d1fe93c354bf087cbd8ba36270c1163198bd3ddcf2a56?s=96&d=mm&r=g\",\"caption\":\"Washington Tiago\"},\"url\":\"https:\/\/sudoesteacontece.com.br\/?author=2\"}]}<\/script>\n<!-- \/ Yoast SEO plugin. -->","yoast_head_json":{"title":"Bispo em\u00e9rito de Livramento conduz retiro em Roma com tema \u201cA Morte e o Morrer\u201d - Sudoesteacontece","robots":{"index":"index","follow":"follow","max-snippet":"max-snippet:-1","max-image-preview":"max-image-preview:large","max-video-preview":"max-video-preview:-1"},"canonical":"https:\/\/sudoesteacontece.com.br\/?p=2296","og_locale":"pt_BR","og_type":"article","og_title":"Bispo em\u00e9rito de Livramento conduz retiro em Roma com tema \u201cA Morte e o Morrer\u201d - Sudoesteacontece","og_description":"Bispo em\u00e9rito de Livramento de Nossa Senhora, Dom Armando Bucciol liderou, neste domingo (9), o retiro mensal do Pontif\u00edcio Col\u00e9gio Pio Brasileiro, em Roma. O encontro teve como foco o tema \u201cA Morte e o Morrer: Um Olhar Humano, Cultural e Crist\u00e3o\u201d. Sacerdotes residentes e colaboradores da institui\u00e7\u00e3o participaram da reflex\u00e3o, que buscou aproximar f\u00e9, cultura e entendimento humano sobre a finitude da vida. Na abertura, Dom Armando citou: \u201cOs vivos fecham os olhos dos mortos e os mortos abrem os olhos dos vivos\u201d, convidando \u00e0 medita\u00e7\u00e3o profunda. Sociedade moderna evita falar sobre a morte, alertou o bispo, transformando o tema em tabu. Em contraste, a f\u00e9 crist\u00e3 prop\u00f5e esperan\u00e7a e consolo, mostrando a passagem da vida terrena para a plenitude da vida em Cristo. Medita\u00e7\u00e3o destacou a import\u00e2ncia do morrer em Cristo como caminho de esperan\u00e7a e confian\u00e7a, lembrando que a Igreja acolhe e conforta os que sofrem com perdas. A escuta, presen\u00e7a pastoral e ritos de despedida foram apontados como sinais de f\u00e9 e comunh\u00e3o. Celebra\u00e7\u00e3o eucar\u00edstica encerrou o retiro, presidida pelo padre Ant\u00f4nio Depizzoli, fortalecendo a dimens\u00e3o espiritual do encontro. Participantes sa\u00edram motivados a refletir sobre o sentido da vida e da morte na perspectiva crist\u00e3. Atua\u00e7\u00e3o de Dom Armando em Roma come\u00e7ou ap\u00f3s deixar a Diocese de Livramento, em 2021. Desde ent\u00e3o, ele se dedica \u00e0 forma\u00e7\u00e3o humana e espiritual de sacerdotes brasileiros, promovendo encontros, retiros e orienta\u00e7\u00f5es no Col\u00e9gio Pio Brasileiro.","og_url":"https:\/\/sudoesteacontece.com.br\/?p=2296","og_site_name":"Sudoesteacontece","article_publisher":"https:\/\/www.facebook.com\/sudoesteacontece\/?locale=pt_BR","article_published_time":"2025-11-11T12:16:55+00:00","article_modified_time":"2025-11-11T12:16:58+00:00","og_image":[{"width":850,"height":600,"url":"https:\/\/sudoesteacontece.com.br\/wp-content\/uploads\/2025\/11\/Bispo-emerito-de-Livramento-conduz-retiro-em-Roma-com-tema-A-Morte-e-o-Morrer-sudoeste-acontece.webp","type":"image\/webp"}],"author":"Washington Tiago","twitter_card":"summary_large_image","twitter_misc":{"Escrito por":"Washington Tiago","Est. tempo de leitura":"1 minuto"},"schema":{"@context":"https:\/\/schema.org","@graph":[{"@type":"Article","@id":"https:\/\/sudoesteacontece.com.br\/?p=2296#article","isPartOf":{"@id":"https:\/\/sudoesteacontece.com.br\/?p=2296"},"author":{"name":"Washington Tiago","@id":"https:\/\/sudoesteacontece.com.br\/#\/schema\/person\/3cf2cf009926a9683ebc29d5379fa79c"},"headline":"Bispo em\u00e9rito de Livramento conduz retiro em Roma com tema \u201cA Morte e o Morrer\u201d","datePublished":"2025-11-11T12:16:55+00:00","dateModified":"2025-11-11T12:16:58+00:00","mainEntityOfPage":{"@id":"https:\/\/sudoesteacontece.com.br\/?p=2296"},"wordCount":275,"commentCount":0,"publisher":{"@id":"https:\/\/sudoesteacontece.com.br\/#organization"},"image":{"@id":"https:\/\/sudoesteacontece.com.br\/?p=2296#primaryimage"},"thumbnailUrl":"https:\/\/sudoesteacontece.com.br\/wp-content\/uploads\/2025\/11\/Bispo-emerito-de-Livramento-conduz-retiro-em-Roma-com-tema-A-Morte-e-o-Morrer-sudoeste-acontece.webp","articleSection":["Livramento","Mundo","Religi\u00e3o"],"inLanguage":"pt-BR","potentialAction":[{"@type":"CommentAction","name":"Comment","target":["https:\/\/sudoesteacontece.com.br\/?p=2296#respond"]}]},{"@type":"WebPage","@id":"https:\/\/sudoesteacontece.com.br\/?p=2296","url":"https:\/\/sudoesteacontece.com.br\/?p=2296","name":"Bispo em\u00e9rito de Livramento conduz retiro em Roma com tema \u201cA Morte e o Morrer\u201d - Sudoesteacontece","isPartOf":{"@id":"https:\/\/sudoesteacontece.com.br\/#website"},"primaryImageOfPage":{"@id":"https:\/\/sudoesteacontece.com.br\/?p=2296#primaryimage"},"image":{"@id":"https:\/\/sudoesteacontece.com.br\/?p=2296#primaryimage"},"thumbnailUrl":"https:\/\/sudoesteacontece.com.br\/wp-content\/uploads\/2025\/11\/Bispo-emerito-de-Livramento-conduz-retiro-em-Roma-com-tema-A-Morte-e-o-Morrer-sudoeste-acontece.webp","datePublished":"2025-11-11T12:16:55+00:00","dateModified":"2025-11-11T12:16:58+00:00","breadcrumb":{"@id":"https:\/\/sudoesteacontece.com.br\/?p=2296#breadcrumb"},"inLanguage":"pt-BR","potentialAction":[{"@type":"ReadAction","target":["https:\/\/sudoesteacontece.com.br\/?p=2296"]}]},{"@type":"ImageObject","inLanguage":"pt-BR","@id":"https:\/\/sudoesteacontece.com.br\/?p=2296#primaryimage","url":"https:\/\/sudoesteacontece.com.br\/wp-content\/uploads\/2025\/11\/Bispo-emerito-de-Livramento-conduz-retiro-em-Roma-com-tema-A-Morte-e-o-Morrer-sudoeste-acontece.webp","contentUrl":"https:\/\/sudoesteacontece.com.br\/wp-content\/uploads\/2025\/11\/Bispo-emerito-de-Livramento-conduz-retiro-em-Roma-com-tema-A-Morte-e-o-Morrer-sudoeste-acontece.webp","width":850,"height":600},{"@type":"BreadcrumbList","@id":"https:\/\/sudoesteacontece.com.br\/?p=2296#breadcrumb","itemListElement":[{"@type":"ListItem","position":1,"name":"In\u00edcio","item":"https:\/\/sudoesteacontece.com.br\/"},{"@type":"ListItem","position":2,"name":"Bispo em\u00e9rito de Livramento conduz retiro em Roma com tema \u201cA Morte e o Morrer\u201d"}]},{"@type":"WebSite","@id":"https:\/\/sudoesteacontece.com.br\/#website","url":"https:\/\/sudoesteacontece.com.br\/","name":"Sudoesteacontece","description":"","publisher":{"@id":"https:\/\/sudoesteacontece.com.br\/#organization"},"potentialAction":[{"@type":"SearchAction","target":{"@type":"EntryPoint","urlTemplate":"https:\/\/sudoesteacontece.com.br\/?s={search_term_string}"},"query-input":{"@type":"PropertyValueSpecification","valueRequired":true,"valueName":"search_term_string"}}],"inLanguage":"pt-BR"},{"@type":"Organization","@id":"https:\/\/sudoesteacontece.com.br\/#organization","name":"Sudoesteacontece","url":"https:\/\/sudoesteacontece.com.br\/","logo":{"@type":"ImageObject","inLanguage":"pt-BR","@id":"https:\/\/sudoesteacontece.com.br\/#\/schema\/logo\/image\/","url":"https:\/\/sudoesteacontece.com.br\/wp-content\/uploads\/2025\/12\/cropped-logo-2-180x180-1.png","contentUrl":"https:\/\/sudoesteacontece.com.br\/wp-content\/uploads\/2025\/12\/cropped-logo-2-180x180-1.png","width":180,"height":180,"caption":"Sudoesteacontece"},"image":{"@id":"https:\/\/sudoesteacontece.com.br\/#\/schema\/logo\/image\/"},"sameAs":["https:\/\/www.facebook.com\/sudoesteacontece\/?locale=pt_BR"]},{"@type":"Person","@id":"https:\/\/sudoesteacontece.com.br\/#\/schema\/person\/3cf2cf009926a9683ebc29d5379fa79c","name":"Washington Tiago","image":{"@type":"ImageObject","inLanguage":"pt-BR","@id":"https:\/\/sudoesteacontece.com.br\/#\/schema\/person\/image\/","url":"https:\/\/secure.gravatar.com\/avatar\/33c43b8668157e040f9d1fe93c354bf087cbd8ba36270c1163198bd3ddcf2a56?s=96&d=mm&r=g","contentUrl":"https:\/\/secure.gravatar.com\/avatar\/33c43b8668157e040f9d1fe93c354bf087cbd8ba36270c1163198bd3ddcf2a56?s=96&d=mm&r=g","caption":"Washington Tiago"},"url":"https:\/\/sudoesteacontece.com.br\/?author=2"}]}},"_links":{"self":[{"href":"https:\/\/sudoesteacontece.com.br\/index.php?rest_route=\/wp\/v2\/posts\/2296","targetHints":{"allow":["GET"]}}],"collection":[{"href":"https:\/\/sudoesteacontece.com.br\/index.php?rest_route=\/wp\/v2\/posts"}],"about":[{"href":"https:\/\/sudoesteacontece.com.br\/index.php?rest_route=\/wp\/v2\/types\/post"}],"author":[{"embeddable":true,"href":"https:\/\/sudoesteacontece.com.br\/index.php?rest_route=\/wp\/v2\/users\/2"}],"replies":[{"embeddable":true,"href":"https:\/\/sudoesteacontece.com.br\/index.php?rest_route=%2Fwp%2Fv2%2Fcomments&post=2296"}],"version-history":[{"count":0,"href":"https:\/\/sudoesteacontece.com.br\/index.php?rest_route=\/wp\/v2\/posts\/2296\/revisions"}],"wp:featuredmedia":[{"embeddable":true,"href":"https:\/\/sudoesteacontece.com.br\/index.php?rest_route=\/wp\/v2\/media\/2315"}],"wp:attachment":[{"href":"https:\/\/sudoesteacontece.com.br\/index.php?rest_route=%2Fwp%2Fv2%2Fmedia&parent=2296"}],"wp:term":[{"taxonomy":"category","embeddable":true,"href":"https:\/\/sudoesteacontece.com.br\/index.php?rest_route=%2Fwp%2Fv2%2Fcategories&post=2296"},{"taxonomy":"post_tag","embeddable":true,"href":"https:\/\/sudoesteacontece.com.br\/index.php?rest_route=%2Fwp%2Fv2%2Ftags&post=2296"}],"curies":[{"name":"wp","href":"https:\/\/api.w.org\/{rel}","templated":true}]}}