{"id":2297,"date":"2025-11-11T09:19:44","date_gmt":"2025-11-11T12:19:44","guid":{"rendered":"https:\/\/sudoesteacontece.com.br\/?p=2297"},"modified":"2025-11-11T09:19:45","modified_gmt":"2025-11-11T12:19:45","slug":"em-menos-de-24h-br-116-registra-dois-acidentes-com-mortes-em-jaguaquara","status":"publish","type":"post","link":"https:\/\/sudoesteacontece.com.br\/?p=2297","title":{"rendered":"Em menos de 24h, BR-116 registra dois acidentes com mortes em Jaguaquara"},"content":{"rendered":"<div class=\"wp-block-image\">\n<figure class=\"aligncenter size-full\"><img fetchpriority=\"high\" decoding=\"async\" width=\"721\" height=\"701\" src=\"http:\/\/sudoesteacontece.com.br\/wp-content\/uploads\/2025\/11\/Em-menos-de-24h-BR-116-registra-dois-acidentes-com-mortes-em-Jaguaquara-sudoeste-acontece.webp\" alt=\"\" class=\"wp-image-2317\" srcset=\"https:\/\/sudoesteacontece.com.br\/wp-content\/uploads\/2025\/11\/Em-menos-de-24h-BR-116-registra-dois-acidentes-com-mortes-em-Jaguaquara-sudoeste-acontece.webp 721w, https:\/\/sudoesteacontece.com.br\/wp-content\/uploads\/2025\/11\/Em-menos-de-24h-BR-116-registra-dois-acidentes-com-mortes-em-Jaguaquara-sudoeste-acontece-300x292.webp 300w\" sizes=\"(max-width: 721px) 100vw, 721px\" \/><\/figure>\n<\/div>\n\n\n<p>Trecho da BR-116, entre Jaguaquara e Irajuba, registrou mais um grave acidente nesta segunda-feira (10). Menos de 24 horas ap\u00f3s colis\u00e3o envolvendo micro-\u00f4nibus e carreta, nova batida ocorreu, desta vez entre van e carreta-ba\u00fa.<\/p>\n\n\n\n<p>Motorista da van, Carlito Gon\u00e7alves de Oliveira, de 66 anos, morreu no local. Impacto frontal foi violento e refor\u00e7a alerta sobre condi\u00e7\u00f5es da rodovia e fluxo intenso de ve\u00edculos pesados na regi\u00e3o.<\/p>\n\n\n\n<p>Passageiros da van ficaram feridos. Equipes do Departamento Nacional de Infraestrutura de Transportes (Dnit) prestaram socorro e encaminharam v\u00edtimas para unidades de sa\u00fade pr\u00f3ximas. Estado de sa\u00fade dos feridos ainda n\u00e3o foi divulgado oficialmente.<\/p>\n\n\n\n<p>Pista ficou parcialmente interditada at\u00e9 remo\u00e7\u00e3o dos ve\u00edculos. Pol\u00edcia Rodovi\u00e1ria Federal (PRF) acompanhou o atendimento e registrou ocorr\u00eancia.<\/p>\n\n\n\n<p>Acidentes consecutivos em intervalo t\u00e3o curto preocupam autoridades e motoristas. Trecho da BR-116 \u00e9 conhecido por alto fluxo e exige aten\u00e7\u00e3o redobrada, principalmente para transportes de carga e passageiros.<\/p>\n","protected":false},"excerpt":{"rendered":"<p>Trecho da BR-116, entre Jaguaquara e Irajuba, registrou mais um grave acidente nesta segunda-feira (10). Menos de 24 horas ap\u00f3s colis\u00e3o envolvendo micro-\u00f4nibus e carreta, nova batida ocorreu, desta vez entre van e carreta-ba\u00fa. Motorista da van, Carlito Gon\u00e7alves de Oliveira, de 66 anos, morreu no local. Impacto frontal foi violento e refor\u00e7a alerta sobre condi\u00e7\u00f5es da rodovia e fluxo intenso de ve\u00edculos pesados na regi\u00e3o. Passageiros da van ficaram feridos. Equipes do Departamento Nacional de Infraestrutura de Transportes (Dnit) prestaram socorro e encaminharam v\u00edtimas para unidades de sa\u00fade pr\u00f3ximas. Estado de sa\u00fade dos feridos ainda n\u00e3o foi divulgado oficialmente. Pista ficou parcialmente interditada at\u00e9 remo\u00e7\u00e3o dos ve\u00edculos. Pol\u00edcia Rodovi\u00e1ria Federal (PRF) acompanhou o atendimento e registrou ocorr\u00eancia. Acidentes consecutivos em intervalo t\u00e3o curto preocupam autoridades e motoristas. Trecho da BR-116 \u00e9 conhecido por alto fluxo e exige aten\u00e7\u00e3o redobrada, principalmente para transportes de carga e passageiros.<\/p>\n","protected":false},"author":2,"featured_media":2317,"comment_status":"open","ping_status":"open","sticky":false,"template":"","format":"standard","meta":{"footnotes":""},"categories":[5],"tags":[],"class_list":["post-2297","post","type-post","status-publish","format-standard","has-post-thumbnail","hentry","category-acidente"],"yoast_head":"<!-- This site is optimized with the Yoast SEO plugin v26.5 - https:\/\/yoast.com\/wordpress\/plugins\/seo\/ -->\n<title>Em menos de 24h, BR-116 registra dois acidentes com mortes em Jaguaquara - Sudoesteacontece<\/title>\n<meta name=\"robots\" content=\"index, follow, max-snippet:-1, max-image-preview:large, max-video-preview:-1\" \/>\n<link rel=\"canonical\" href=\"https:\/\/sudoesteacontece.com.br\/?p=2297\" \/>\n<meta property=\"og:locale\" content=\"pt_BR\" \/>\n<meta property=\"og:type\" content=\"article\" \/>\n<meta property=\"og:title\" content=\"Em menos de 24h, BR-116 registra dois acidentes com mortes em Jaguaquara - Sudoesteacontece\" \/>\n<meta property=\"og:description\" content=\"Trecho da BR-116, entre Jaguaquara e Irajuba, registrou mais um grave acidente nesta segunda-feira (10). Menos de 24 horas ap\u00f3s colis\u00e3o envolvendo micro-\u00f4nibus e carreta, nova batida ocorreu, desta vez entre van e carreta-ba\u00fa. Motorista da van, Carlito Gon\u00e7alves de Oliveira, de 66 anos, morreu no local. Impacto frontal foi violento e refor\u00e7a alerta sobre condi\u00e7\u00f5es da rodovia e fluxo intenso de ve\u00edculos pesados na regi\u00e3o. Passageiros da van ficaram feridos. Equipes do Departamento Nacional de Infraestrutura de Transportes (Dnit) prestaram socorro e encaminharam v\u00edtimas para unidades de sa\u00fade pr\u00f3ximas. Estado de sa\u00fade dos feridos ainda n\u00e3o foi divulgado oficialmente. Pista ficou parcialmente interditada at\u00e9 remo\u00e7\u00e3o dos ve\u00edculos. Pol\u00edcia Rodovi\u00e1ria Federal (PRF) acompanhou o atendimento e registrou ocorr\u00eancia. Acidentes consecutivos em intervalo t\u00e3o curto preocupam autoridades e motoristas. Trecho da BR-116 \u00e9 conhecido por alto fluxo e exige aten\u00e7\u00e3o redobrada, principalmente para transportes de carga e passageiros.\" \/>\n<meta property=\"og:url\" content=\"https:\/\/sudoesteacontece.com.br\/?p=2297\" \/>\n<meta property=\"og:site_name\" content=\"Sudoesteacontece\" \/>\n<meta property=\"article:publisher\" content=\"https:\/\/www.facebook.com\/sudoesteacontece\/?locale=pt_BR\" \/>\n<meta property=\"article:published_time\" content=\"2025-11-11T12:19:44+00:00\" \/>\n<meta property=\"article:modified_time\" content=\"2025-11-11T12:19:45+00:00\" \/>\n<meta property=\"og:image\" content=\"https:\/\/sudoesteacontece.com.br\/wp-content\/uploads\/2025\/11\/Em-menos-de-24h-BR-116-registra-dois-acidentes-com-mortes-em-Jaguaquara-sudoeste-acontece.webp\" \/>\n\t<meta property=\"og:image:width\" content=\"721\" \/>\n\t<meta property=\"og:image:height\" content=\"701\" \/>\n\t<meta property=\"og:image:type\" content=\"image\/webp\" \/>\n<meta name=\"author\" content=\"Washington Tiago\" \/>\n<meta name=\"twitter:card\" content=\"summary_large_image\" \/>\n<meta name=\"twitter:label1\" content=\"Escrito por\" \/>\n\t<meta name=\"twitter:data1\" content=\"Washington Tiago\" \/>\n\t<meta name=\"twitter:label2\" content=\"Est. tempo de leitura\" \/>\n\t<meta name=\"twitter:data2\" content=\"1 minuto\" \/>\n<script type=\"application\/ld+json\" class=\"yoast-schema-graph\">{\"@context\":\"https:\/\/schema.org\",\"@graph\":[{\"@type\":\"Article\",\"@id\":\"https:\/\/sudoesteacontece.com.br\/?p=2297#article\",\"isPartOf\":{\"@id\":\"https:\/\/sudoesteacontece.com.br\/?p=2297\"},\"author\":{\"name\":\"Washington Tiago\",\"@id\":\"https:\/\/sudoesteacontece.com.br\/#\/schema\/person\/3cf2cf009926a9683ebc29d5379fa79c\"},\"headline\":\"Em menos de 24h, BR-116 registra dois acidentes com mortes em Jaguaquara\",\"datePublished\":\"2025-11-11T12:19:44+00:00\",\"dateModified\":\"2025-11-11T12:19:45+00:00\",\"mainEntityOfPage\":{\"@id\":\"https:\/\/sudoesteacontece.com.br\/?p=2297\"},\"wordCount\":175,\"commentCount\":0,\"publisher\":{\"@id\":\"https:\/\/sudoesteacontece.com.br\/#organization\"},\"image\":{\"@id\":\"https:\/\/sudoesteacontece.com.br\/?p=2297#primaryimage\"},\"thumbnailUrl\":\"https:\/\/sudoesteacontece.com.br\/wp-content\/uploads\/2025\/11\/Em-menos-de-24h-BR-116-registra-dois-acidentes-com-mortes-em-Jaguaquara-sudoeste-acontece.webp\",\"articleSection\":[\"Acidente\"],\"inLanguage\":\"pt-BR\",\"potentialAction\":[{\"@type\":\"CommentAction\",\"name\":\"Comment\",\"target\":[\"https:\/\/sudoesteacontece.com.br\/?p=2297#respond\"]}]},{\"@type\":\"WebPage\",\"@id\":\"https:\/\/sudoesteacontece.com.br\/?p=2297\",\"url\":\"https:\/\/sudoesteacontece.com.br\/?p=2297\",\"name\":\"Em menos de 24h, BR-116 registra dois acidentes com mortes em Jaguaquara - Sudoesteacontece\",\"isPartOf\":{\"@id\":\"https:\/\/sudoesteacontece.com.br\/#website\"},\"primaryImageOfPage\":{\"@id\":\"https:\/\/sudoesteacontece.com.br\/?p=2297#primaryimage\"},\"image\":{\"@id\":\"https:\/\/sudoesteacontece.com.br\/?p=2297#primaryimage\"},\"thumbnailUrl\":\"https:\/\/sudoesteacontece.com.br\/wp-content\/uploads\/2025\/11\/Em-menos-de-24h-BR-116-registra-dois-acidentes-com-mortes-em-Jaguaquara-sudoeste-acontece.webp\",\"datePublished\":\"2025-11-11T12:19:44+00:00\",\"dateModified\":\"2025-11-11T12:19:45+00:00\",\"breadcrumb\":{\"@id\":\"https:\/\/sudoesteacontece.com.br\/?p=2297#breadcrumb\"},\"inLanguage\":\"pt-BR\",\"potentialAction\":[{\"@type\":\"ReadAction\",\"target\":[\"https:\/\/sudoesteacontece.com.br\/?p=2297\"]}]},{\"@type\":\"ImageObject\",\"inLanguage\":\"pt-BR\",\"@id\":\"https:\/\/sudoesteacontece.com.br\/?p=2297#primaryimage\",\"url\":\"https:\/\/sudoesteacontece.com.br\/wp-content\/uploads\/2025\/11\/Em-menos-de-24h-BR-116-registra-dois-acidentes-com-mortes-em-Jaguaquara-sudoeste-acontece.webp\",\"contentUrl\":\"https:\/\/sudoesteacontece.com.br\/wp-content\/uploads\/2025\/11\/Em-menos-de-24h-BR-116-registra-dois-acidentes-com-mortes-em-Jaguaquara-sudoeste-acontece.webp\",\"width\":721,\"height\":701},{\"@type\":\"BreadcrumbList\",\"@id\":\"https:\/\/sudoesteacontece.com.br\/?p=2297#breadcrumb\",\"itemListElement\":[{\"@type\":\"ListItem\",\"position\":1,\"name\":\"In\u00edcio\",\"item\":\"https:\/\/sudoesteacontece.com.br\/\"},{\"@type\":\"ListItem\",\"position\":2,\"name\":\"Em menos de 24h, BR-116 registra dois acidentes com mortes em Jaguaquara\"}]},{\"@type\":\"WebSite\",\"@id\":\"https:\/\/sudoesteacontece.com.br\/#website\",\"url\":\"https:\/\/sudoesteacontece.com.br\/\",\"name\":\"Sudoesteacontece\",\"description\":\"\",\"publisher\":{\"@id\":\"https:\/\/sudoesteacontece.com.br\/#organization\"},\"potentialAction\":[{\"@type\":\"SearchAction\",\"target\":{\"@type\":\"EntryPoint\",\"urlTemplate\":\"https:\/\/sudoesteacontece.com.br\/?s={search_term_string}\"},\"query-input\":{\"@type\":\"PropertyValueSpecification\",\"valueRequired\":true,\"valueName\":\"search_term_string\"}}],\"inLanguage\":\"pt-BR\"},{\"@type\":\"Organization\",\"@id\":\"https:\/\/sudoesteacontece.com.br\/#organization\",\"name\":\"Sudoesteacontece\",\"url\":\"https:\/\/sudoesteacontece.com.br\/\",\"logo\":{\"@type\":\"ImageObject\",\"inLanguage\":\"pt-BR\",\"@id\":\"https:\/\/sudoesteacontece.com.br\/#\/schema\/logo\/image\/\",\"url\":\"https:\/\/sudoesteacontece.com.br\/wp-content\/uploads\/2025\/12\/cropped-logo-2-180x180-1.png\",\"contentUrl\":\"https:\/\/sudoesteacontece.com.br\/wp-content\/uploads\/2025\/12\/cropped-logo-2-180x180-1.png\",\"width\":180,\"height\":180,\"caption\":\"Sudoesteacontece\"},\"image\":{\"@id\":\"https:\/\/sudoesteacontece.com.br\/#\/schema\/logo\/image\/\"},\"sameAs\":[\"https:\/\/www.facebook.com\/sudoesteacontece\/?locale=pt_BR\"]},{\"@type\":\"Person\",\"@id\":\"https:\/\/sudoesteacontece.com.br\/#\/schema\/person\/3cf2cf009926a9683ebc29d5379fa79c\",\"name\":\"Washington Tiago\",\"image\":{\"@type\":\"ImageObject\",\"inLanguage\":\"pt-BR\",\"@id\":\"https:\/\/sudoesteacontece.com.br\/#\/schema\/person\/image\/\",\"url\":\"https:\/\/secure.gravatar.com\/avatar\/33c43b8668157e040f9d1fe93c354bf087cbd8ba36270c1163198bd3ddcf2a56?s=96&d=mm&r=g\",\"contentUrl\":\"https:\/\/secure.gravatar.com\/avatar\/33c43b8668157e040f9d1fe93c354bf087cbd8ba36270c1163198bd3ddcf2a56?s=96&d=mm&r=g\",\"caption\":\"Washington Tiago\"},\"url\":\"https:\/\/sudoesteacontece.com.br\/?author=2\"}]}<\/script>\n<!-- \/ Yoast SEO plugin. -->","yoast_head_json":{"title":"Em menos de 24h, BR-116 registra dois acidentes com mortes em Jaguaquara - Sudoesteacontece","robots":{"index":"index","follow":"follow","max-snippet":"max-snippet:-1","max-image-preview":"max-image-preview:large","max-video-preview":"max-video-preview:-1"},"canonical":"https:\/\/sudoesteacontece.com.br\/?p=2297","og_locale":"pt_BR","og_type":"article","og_title":"Em menos de 24h, BR-116 registra dois acidentes com mortes em Jaguaquara - Sudoesteacontece","og_description":"Trecho da BR-116, entre Jaguaquara e Irajuba, registrou mais um grave acidente nesta segunda-feira (10). Menos de 24 horas ap\u00f3s colis\u00e3o envolvendo micro-\u00f4nibus e carreta, nova batida ocorreu, desta vez entre van e carreta-ba\u00fa. Motorista da van, Carlito Gon\u00e7alves de Oliveira, de 66 anos, morreu no local. Impacto frontal foi violento e refor\u00e7a alerta sobre condi\u00e7\u00f5es da rodovia e fluxo intenso de ve\u00edculos pesados na regi\u00e3o. Passageiros da van ficaram feridos. Equipes do Departamento Nacional de Infraestrutura de Transportes (Dnit) prestaram socorro e encaminharam v\u00edtimas para unidades de sa\u00fade pr\u00f3ximas. Estado de sa\u00fade dos feridos ainda n\u00e3o foi divulgado oficialmente. Pista ficou parcialmente interditada at\u00e9 remo\u00e7\u00e3o dos ve\u00edculos. Pol\u00edcia Rodovi\u00e1ria Federal (PRF) acompanhou o atendimento e registrou ocorr\u00eancia. Acidentes consecutivos em intervalo t\u00e3o curto preocupam autoridades e motoristas. Trecho da BR-116 \u00e9 conhecido por alto fluxo e exige aten\u00e7\u00e3o redobrada, principalmente para transportes de carga e passageiros.","og_url":"https:\/\/sudoesteacontece.com.br\/?p=2297","og_site_name":"Sudoesteacontece","article_publisher":"https:\/\/www.facebook.com\/sudoesteacontece\/?locale=pt_BR","article_published_time":"2025-11-11T12:19:44+00:00","article_modified_time":"2025-11-11T12:19:45+00:00","og_image":[{"width":721,"height":701,"url":"https:\/\/sudoesteacontece.com.br\/wp-content\/uploads\/2025\/11\/Em-menos-de-24h-BR-116-registra-dois-acidentes-com-mortes-em-Jaguaquara-sudoeste-acontece.webp","type":"image\/webp"}],"author":"Washington Tiago","twitter_card":"summary_large_image","twitter_misc":{"Escrito por":"Washington Tiago","Est. tempo de leitura":"1 minuto"},"schema":{"@context":"https:\/\/schema.org","@graph":[{"@type":"Article","@id":"https:\/\/sudoesteacontece.com.br\/?p=2297#article","isPartOf":{"@id":"https:\/\/sudoesteacontece.com.br\/?p=2297"},"author":{"name":"Washington Tiago","@id":"https:\/\/sudoesteacontece.com.br\/#\/schema\/person\/3cf2cf009926a9683ebc29d5379fa79c"},"headline":"Em menos de 24h, BR-116 registra dois acidentes com mortes em Jaguaquara","datePublished":"2025-11-11T12:19:44+00:00","dateModified":"2025-11-11T12:19:45+00:00","mainEntityOfPage":{"@id":"https:\/\/sudoesteacontece.com.br\/?p=2297"},"wordCount":175,"commentCount":0,"publisher":{"@id":"https:\/\/sudoesteacontece.com.br\/#organization"},"image":{"@id":"https:\/\/sudoesteacontece.com.br\/?p=2297#primaryimage"},"thumbnailUrl":"https:\/\/sudoesteacontece.com.br\/wp-content\/uploads\/2025\/11\/Em-menos-de-24h-BR-116-registra-dois-acidentes-com-mortes-em-Jaguaquara-sudoeste-acontece.webp","articleSection":["Acidente"],"inLanguage":"pt-BR","potentialAction":[{"@type":"CommentAction","name":"Comment","target":["https:\/\/sudoesteacontece.com.br\/?p=2297#respond"]}]},{"@type":"WebPage","@id":"https:\/\/sudoesteacontece.com.br\/?p=2297","url":"https:\/\/sudoesteacontece.com.br\/?p=2297","name":"Em menos de 24h, BR-116 registra dois acidentes com mortes em Jaguaquara - Sudoesteacontece","isPartOf":{"@id":"https:\/\/sudoesteacontece.com.br\/#website"},"primaryImageOfPage":{"@id":"https:\/\/sudoesteacontece.com.br\/?p=2297#primaryimage"},"image":{"@id":"https:\/\/sudoesteacontece.com.br\/?p=2297#primaryimage"},"thumbnailUrl":"https:\/\/sudoesteacontece.com.br\/wp-content\/uploads\/2025\/11\/Em-menos-de-24h-BR-116-registra-dois-acidentes-com-mortes-em-Jaguaquara-sudoeste-acontece.webp","datePublished":"2025-11-11T12:19:44+00:00","dateModified":"2025-11-11T12:19:45+00:00","breadcrumb":{"@id":"https:\/\/sudoesteacontece.com.br\/?p=2297#breadcrumb"},"inLanguage":"pt-BR","potentialAction":[{"@type":"ReadAction","target":["https:\/\/sudoesteacontece.com.br\/?p=2297"]}]},{"@type":"ImageObject","inLanguage":"pt-BR","@id":"https:\/\/sudoesteacontece.com.br\/?p=2297#primaryimage","url":"https:\/\/sudoesteacontece.com.br\/wp-content\/uploads\/2025\/11\/Em-menos-de-24h-BR-116-registra-dois-acidentes-com-mortes-em-Jaguaquara-sudoeste-acontece.webp","contentUrl":"https:\/\/sudoesteacontece.com.br\/wp-content\/uploads\/2025\/11\/Em-menos-de-24h-BR-116-registra-dois-acidentes-com-mortes-em-Jaguaquara-sudoeste-acontece.webp","width":721,"height":701},{"@type":"BreadcrumbList","@id":"https:\/\/sudoesteacontece.com.br\/?p=2297#breadcrumb","itemListElement":[{"@type":"ListItem","position":1,"name":"In\u00edcio","item":"https:\/\/sudoesteacontece.com.br\/"},{"@type":"ListItem","position":2,"name":"Em menos de 24h, BR-116 registra dois acidentes com mortes em Jaguaquara"}]},{"@type":"WebSite","@id":"https:\/\/sudoesteacontece.com.br\/#website","url":"https:\/\/sudoesteacontece.com.br\/","name":"Sudoesteacontece","description":"","publisher":{"@id":"https:\/\/sudoesteacontece.com.br\/#organization"},"potentialAction":[{"@type":"SearchAction","target":{"@type":"EntryPoint","urlTemplate":"https:\/\/sudoesteacontece.com.br\/?s={search_term_string}"},"query-input":{"@type":"PropertyValueSpecification","valueRequired":true,"valueName":"search_term_string"}}],"inLanguage":"pt-BR"},{"@type":"Organization","@id":"https:\/\/sudoesteacontece.com.br\/#organization","name":"Sudoesteacontece","url":"https:\/\/sudoesteacontece.com.br\/","logo":{"@type":"ImageObject","inLanguage":"pt-BR","@id":"https:\/\/sudoesteacontece.com.br\/#\/schema\/logo\/image\/","url":"https:\/\/sudoesteacontece.com.br\/wp-content\/uploads\/2025\/12\/cropped-logo-2-180x180-1.png","contentUrl":"https:\/\/sudoesteacontece.com.br\/wp-content\/uploads\/2025\/12\/cropped-logo-2-180x180-1.png","width":180,"height":180,"caption":"Sudoesteacontece"},"image":{"@id":"https:\/\/sudoesteacontece.com.br\/#\/schema\/logo\/image\/"},"sameAs":["https:\/\/www.facebook.com\/sudoesteacontece\/?locale=pt_BR"]},{"@type":"Person","@id":"https:\/\/sudoesteacontece.com.br\/#\/schema\/person\/3cf2cf009926a9683ebc29d5379fa79c","name":"Washington Tiago","image":{"@type":"ImageObject","inLanguage":"pt-BR","@id":"https:\/\/sudoesteacontece.com.br\/#\/schema\/person\/image\/","url":"https:\/\/secure.gravatar.com\/avatar\/33c43b8668157e040f9d1fe93c354bf087cbd8ba36270c1163198bd3ddcf2a56?s=96&d=mm&r=g","contentUrl":"https:\/\/secure.gravatar.com\/avatar\/33c43b8668157e040f9d1fe93c354bf087cbd8ba36270c1163198bd3ddcf2a56?s=96&d=mm&r=g","caption":"Washington Tiago"},"url":"https:\/\/sudoesteacontece.com.br\/?author=2"}]}},"_links":{"self":[{"href":"https:\/\/sudoesteacontece.com.br\/index.php?rest_route=\/wp\/v2\/posts\/2297","targetHints":{"allow":["GET"]}}],"collection":[{"href":"https:\/\/sudoesteacontece.com.br\/index.php?rest_route=\/wp\/v2\/posts"}],"about":[{"href":"https:\/\/sudoesteacontece.com.br\/index.php?rest_route=\/wp\/v2\/types\/post"}],"author":[{"embeddable":true,"href":"https:\/\/sudoesteacontece.com.br\/index.php?rest_route=\/wp\/v2\/users\/2"}],"replies":[{"embeddable":true,"href":"https:\/\/sudoesteacontece.com.br\/index.php?rest_route=%2Fwp%2Fv2%2Fcomments&post=2297"}],"version-history":[{"count":0,"href":"https:\/\/sudoesteacontece.com.br\/index.php?rest_route=\/wp\/v2\/posts\/2297\/revisions"}],"wp:featuredmedia":[{"embeddable":true,"href":"https:\/\/sudoesteacontece.com.br\/index.php?rest_route=\/wp\/v2\/media\/2317"}],"wp:attachment":[{"href":"https:\/\/sudoesteacontece.com.br\/index.php?rest_route=%2Fwp%2Fv2%2Fmedia&parent=2297"}],"wp:term":[{"taxonomy":"category","embeddable":true,"href":"https:\/\/sudoesteacontece.com.br\/index.php?rest_route=%2Fwp%2Fv2%2Fcategories&post=2297"},{"taxonomy":"post_tag","embeddable":true,"href":"https:\/\/sudoesteacontece.com.br\/index.php?rest_route=%2Fwp%2Fv2%2Ftags&post=2297"}],"curies":[{"name":"wp","href":"https:\/\/api.w.org\/{rel}","templated":true}]}}