{"id":2302,"date":"2025-11-11T09:29:14","date_gmt":"2025-11-11T12:29:14","guid":{"rendered":"https:\/\/sudoesteacontece.com.br\/?p=2302"},"modified":"2025-11-11T09:29:15","modified_gmt":"2025-11-11T12:29:15","slug":"silvania-aquino-deixa-oficialmente-a-banda-calcinha-preta-apos-anos-de-sucesso","status":"publish","type":"post","link":"https:\/\/sudoesteacontece.com.br\/?p=2302","title":{"rendered":"Silv\u00e2nia Aquino deixa oficialmente a banda Calcinha Preta ap\u00f3s anos de sucesso"},"content":{"rendered":"\n<figure class=\"wp-block-image size-large\"><img fetchpriority=\"high\" decoding=\"async\" width=\"1024\" height=\"768\" src=\"http:\/\/sudoesteacontece.com.br\/wp-content\/uploads\/2025\/11\/Silvania-Aquino-deixa-oficialmente-a-banda-Calcinha-Preta-apos-anos-de-sucesso-sudoeste-acontece-1024x768.jpg\" alt=\"\" class=\"wp-image-2323\" srcset=\"https:\/\/sudoesteacontece.com.br\/wp-content\/uploads\/2025\/11\/Silvania-Aquino-deixa-oficialmente-a-banda-Calcinha-Preta-apos-anos-de-sucesso-sudoeste-acontece-1024x768.jpg 1024w, https:\/\/sudoesteacontece.com.br\/wp-content\/uploads\/2025\/11\/Silvania-Aquino-deixa-oficialmente-a-banda-Calcinha-Preta-apos-anos-de-sucesso-sudoeste-acontece-300x225.jpg 300w, https:\/\/sudoesteacontece.com.br\/wp-content\/uploads\/2025\/11\/Silvania-Aquino-deixa-oficialmente-a-banda-Calcinha-Preta-apos-anos-de-sucesso-sudoeste-acontece-768x576.jpg 768w, https:\/\/sudoesteacontece.com.br\/wp-content\/uploads\/2025\/11\/Silvania-Aquino-deixa-oficialmente-a-banda-Calcinha-Preta-apos-anos-de-sucesso-sudoeste-acontece.jpg 1200w\" sizes=\"(max-width: 1024px) 100vw, 1024px\" \/><\/figure>\n\n\n\n<p>Cantora Silv\u00e2nia Aquino anunciou, na noite desta segunda-feira (10), sua sa\u00edda oficial da banda Calcinha Preta. Decis\u00e3o foi tomada em comum acordo entre a artista e o grupo.<\/p>\n\n\n\n<p>Carreira de Silv\u00e2nia na banda come\u00e7ou em diferentes forma\u00e7\u00f5es desde 1995. Ao longo dos anos, ela conquistou p\u00fablico fiel e participou de turn\u00eas nacionais e internacionais.<\/p>\n\n\n\n<p>Artista agradeceu aos colegas e f\u00e3s em publica\u00e7\u00e3o nas redes sociais. \u201cCalcinha Preta foi minha casa. Essa hist\u00f3ria levarei comigo com respeito e gratid\u00e3o\u201d, escreveu.<\/p>\n\n\n\n<p>Sucessos como \u201cVoc\u00ea N\u00e3o Vale Nada\u201d e \u201cAinda Te Amo\u201d marcaram a trajet\u00f3ria de Silv\u00e2nia e ajudaram a consolidar o forr\u00f3 eletr\u00f4nico no Brasil.<\/p>\n\n\n\n<p>Aus\u00eancia em shows recentes em Itinga (MA) e Massaranduba (PB) levantou rumores sobre desentendimentos com a colega O\u2019hara Ravick. Redes sociais especularam sobre conflitos nos bastidores.<\/p>\n\n\n\n<p>Empresa da banda e empres\u00e1rio da cantora ainda n\u00e3o emitiram pronunciamento oficial sobre a sa\u00edda ou pr\u00f3ximos passos da carreira de Silv\u00e2nia.<\/p>\n\n\n\n<p>Nova fase na carreira de Silv\u00e2nia j\u00e1 \u00e9 confirmada pela pr\u00f3pria cantora, que promete continuar produzindo m\u00fasica e se dedicando a projetos solo.<\/p>\n\n\n\n<p>F\u00e3s demonstraram apoio e emo\u00e7\u00e3o nas redes, ressaltando a import\u00e2ncia da artista na hist\u00f3ria do forr\u00f3 e sua conex\u00e3o com o p\u00fablico.<\/p>\n","protected":false},"excerpt":{"rendered":"<p>Cantora Silv\u00e2nia Aquino anunciou, na noite desta segunda-feira (10), sua sa\u00edda oficial da banda Calcinha Preta. Decis\u00e3o foi tomada em comum acordo entre a artista e o grupo. Carreira de Silv\u00e2nia na banda come\u00e7ou em diferentes forma\u00e7\u00f5es desde 1995. Ao longo dos anos, ela conquistou p\u00fablico fiel e participou de turn\u00eas nacionais e internacionais. Artista agradeceu aos colegas e f\u00e3s em publica\u00e7\u00e3o nas redes sociais. \u201cCalcinha Preta foi minha casa. Essa hist\u00f3ria levarei comigo com respeito e gratid\u00e3o\u201d, escreveu. Sucessos como \u201cVoc\u00ea N\u00e3o Vale Nada\u201d e \u201cAinda Te Amo\u201d marcaram a trajet\u00f3ria de Silv\u00e2nia e ajudaram a consolidar o forr\u00f3 eletr\u00f4nico no Brasil. Aus\u00eancia em shows recentes em Itinga (MA) e Massaranduba (PB) levantou rumores sobre desentendimentos com a colega O\u2019hara Ravick. Redes sociais especularam sobre conflitos nos bastidores. Empresa da banda e empres\u00e1rio da cantora ainda n\u00e3o emitiram pronunciamento oficial sobre a sa\u00edda ou pr\u00f3ximos passos da carreira de Silv\u00e2nia. Nova fase na carreira de Silv\u00e2nia j\u00e1 \u00e9 confirmada pela pr\u00f3pria cantora, que promete continuar produzindo m\u00fasica e se dedicando a projetos solo. F\u00e3s demonstraram apoio e emo\u00e7\u00e3o nas redes, ressaltando a import\u00e2ncia da artista na hist\u00f3ria do forr\u00f3 e sua conex\u00e3o com o p\u00fablico.<\/p>\n","protected":false},"author":2,"featured_media":2323,"comment_status":"open","ping_status":"open","sticky":false,"template":"","format":"standard","meta":{"footnotes":""},"categories":[16],"tags":[],"class_list":["post-2302","post","type-post","status-publish","format-standard","has-post-thumbnail","hentry","category-tv-radio-e-cinema"],"yoast_head":"<!-- This site is optimized with the Yoast SEO plugin v26.5 - https:\/\/yoast.com\/wordpress\/plugins\/seo\/ -->\n<title>Silv\u00e2nia Aquino deixa oficialmente a banda Calcinha Preta ap\u00f3s anos de sucesso - Sudoesteacontece<\/title>\n<meta name=\"robots\" content=\"index, follow, max-snippet:-1, max-image-preview:large, max-video-preview:-1\" \/>\n<link rel=\"canonical\" href=\"https:\/\/sudoesteacontece.com.br\/?p=2302\" \/>\n<meta property=\"og:locale\" content=\"pt_BR\" \/>\n<meta property=\"og:type\" content=\"article\" \/>\n<meta property=\"og:title\" content=\"Silv\u00e2nia Aquino deixa oficialmente a banda Calcinha Preta ap\u00f3s anos de sucesso - Sudoesteacontece\" \/>\n<meta property=\"og:description\" content=\"Cantora Silv\u00e2nia Aquino anunciou, na noite desta segunda-feira (10), sua sa\u00edda oficial da banda Calcinha Preta. Decis\u00e3o foi tomada em comum acordo entre a artista e o grupo. Carreira de Silv\u00e2nia na banda come\u00e7ou em diferentes forma\u00e7\u00f5es desde 1995. Ao longo dos anos, ela conquistou p\u00fablico fiel e participou de turn\u00eas nacionais e internacionais. Artista agradeceu aos colegas e f\u00e3s em publica\u00e7\u00e3o nas redes sociais. \u201cCalcinha Preta foi minha casa. Essa hist\u00f3ria levarei comigo com respeito e gratid\u00e3o\u201d, escreveu. Sucessos como \u201cVoc\u00ea N\u00e3o Vale Nada\u201d e \u201cAinda Te Amo\u201d marcaram a trajet\u00f3ria de Silv\u00e2nia e ajudaram a consolidar o forr\u00f3 eletr\u00f4nico no Brasil. Aus\u00eancia em shows recentes em Itinga (MA) e Massaranduba (PB) levantou rumores sobre desentendimentos com a colega O\u2019hara Ravick. Redes sociais especularam sobre conflitos nos bastidores. Empresa da banda e empres\u00e1rio da cantora ainda n\u00e3o emitiram pronunciamento oficial sobre a sa\u00edda ou pr\u00f3ximos passos da carreira de Silv\u00e2nia. Nova fase na carreira de Silv\u00e2nia j\u00e1 \u00e9 confirmada pela pr\u00f3pria cantora, que promete continuar produzindo m\u00fasica e se dedicando a projetos solo. F\u00e3s demonstraram apoio e emo\u00e7\u00e3o nas redes, ressaltando a import\u00e2ncia da artista na hist\u00f3ria do forr\u00f3 e sua conex\u00e3o com o p\u00fablico.\" \/>\n<meta property=\"og:url\" content=\"https:\/\/sudoesteacontece.com.br\/?p=2302\" \/>\n<meta property=\"og:site_name\" content=\"Sudoesteacontece\" \/>\n<meta property=\"article:publisher\" content=\"https:\/\/www.facebook.com\/sudoesteacontece\/?locale=pt_BR\" \/>\n<meta property=\"article:published_time\" content=\"2025-11-11T12:29:14+00:00\" \/>\n<meta property=\"article:modified_time\" content=\"2025-11-11T12:29:15+00:00\" \/>\n<meta property=\"og:image\" content=\"https:\/\/sudoesteacontece.com.br\/wp-content\/uploads\/2025\/11\/Silvania-Aquino-deixa-oficialmente-a-banda-Calcinha-Preta-apos-anos-de-sucesso-sudoeste-acontece.jpg\" \/>\n\t<meta property=\"og:image:width\" content=\"1200\" \/>\n\t<meta property=\"og:image:height\" content=\"900\" \/>\n\t<meta property=\"og:image:type\" content=\"image\/jpeg\" \/>\n<meta name=\"author\" content=\"Washington Tiago\" \/>\n<meta name=\"twitter:card\" content=\"summary_large_image\" \/>\n<meta name=\"twitter:label1\" content=\"Escrito por\" \/>\n\t<meta name=\"twitter:data1\" content=\"Washington Tiago\" \/>\n\t<meta name=\"twitter:label2\" content=\"Est. tempo de leitura\" \/>\n\t<meta name=\"twitter:data2\" content=\"1 minuto\" \/>\n<script type=\"application\/ld+json\" class=\"yoast-schema-graph\">{\"@context\":\"https:\/\/schema.org\",\"@graph\":[{\"@type\":\"Article\",\"@id\":\"https:\/\/sudoesteacontece.com.br\/?p=2302#article\",\"isPartOf\":{\"@id\":\"https:\/\/sudoesteacontece.com.br\/?p=2302\"},\"author\":{\"name\":\"Washington Tiago\",\"@id\":\"https:\/\/sudoesteacontece.com.br\/#\/schema\/person\/3cf2cf009926a9683ebc29d5379fa79c\"},\"headline\":\"Silv\u00e2nia Aquino deixa oficialmente a banda Calcinha Preta ap\u00f3s anos de sucesso\",\"datePublished\":\"2025-11-11T12:29:14+00:00\",\"dateModified\":\"2025-11-11T12:29:15+00:00\",\"mainEntityOfPage\":{\"@id\":\"https:\/\/sudoesteacontece.com.br\/?p=2302\"},\"wordCount\":239,\"commentCount\":0,\"publisher\":{\"@id\":\"https:\/\/sudoesteacontece.com.br\/#organization\"},\"image\":{\"@id\":\"https:\/\/sudoesteacontece.com.br\/?p=2302#primaryimage\"},\"thumbnailUrl\":\"https:\/\/sudoesteacontece.com.br\/wp-content\/uploads\/2025\/11\/Silvania-Aquino-deixa-oficialmente-a-banda-Calcinha-Preta-apos-anos-de-sucesso-sudoeste-acontece.jpg\",\"articleSection\":[\"TV, R\u00e1dio e Cinema\"],\"inLanguage\":\"pt-BR\",\"potentialAction\":[{\"@type\":\"CommentAction\",\"name\":\"Comment\",\"target\":[\"https:\/\/sudoesteacontece.com.br\/?p=2302#respond\"]}]},{\"@type\":\"WebPage\",\"@id\":\"https:\/\/sudoesteacontece.com.br\/?p=2302\",\"url\":\"https:\/\/sudoesteacontece.com.br\/?p=2302\",\"name\":\"Silv\u00e2nia Aquino deixa oficialmente a banda Calcinha Preta ap\u00f3s anos de sucesso - Sudoesteacontece\",\"isPartOf\":{\"@id\":\"https:\/\/sudoesteacontece.com.br\/#website\"},\"primaryImageOfPage\":{\"@id\":\"https:\/\/sudoesteacontece.com.br\/?p=2302#primaryimage\"},\"image\":{\"@id\":\"https:\/\/sudoesteacontece.com.br\/?p=2302#primaryimage\"},\"thumbnailUrl\":\"https:\/\/sudoesteacontece.com.br\/wp-content\/uploads\/2025\/11\/Silvania-Aquino-deixa-oficialmente-a-banda-Calcinha-Preta-apos-anos-de-sucesso-sudoeste-acontece.jpg\",\"datePublished\":\"2025-11-11T12:29:14+00:00\",\"dateModified\":\"2025-11-11T12:29:15+00:00\",\"breadcrumb\":{\"@id\":\"https:\/\/sudoesteacontece.com.br\/?p=2302#breadcrumb\"},\"inLanguage\":\"pt-BR\",\"potentialAction\":[{\"@type\":\"ReadAction\",\"target\":[\"https:\/\/sudoesteacontece.com.br\/?p=2302\"]}]},{\"@type\":\"ImageObject\",\"inLanguage\":\"pt-BR\",\"@id\":\"https:\/\/sudoesteacontece.com.br\/?p=2302#primaryimage\",\"url\":\"https:\/\/sudoesteacontece.com.br\/wp-content\/uploads\/2025\/11\/Silvania-Aquino-deixa-oficialmente-a-banda-Calcinha-Preta-apos-anos-de-sucesso-sudoeste-acontece.jpg\",\"contentUrl\":\"https:\/\/sudoesteacontece.com.br\/wp-content\/uploads\/2025\/11\/Silvania-Aquino-deixa-oficialmente-a-banda-Calcinha-Preta-apos-anos-de-sucesso-sudoeste-acontece.jpg\",\"width\":1200,\"height\":900},{\"@type\":\"BreadcrumbList\",\"@id\":\"https:\/\/sudoesteacontece.com.br\/?p=2302#breadcrumb\",\"itemListElement\":[{\"@type\":\"ListItem\",\"position\":1,\"name\":\"In\u00edcio\",\"item\":\"https:\/\/sudoesteacontece.com.br\/\"},{\"@type\":\"ListItem\",\"position\":2,\"name\":\"Silv\u00e2nia Aquino deixa oficialmente a banda Calcinha Preta ap\u00f3s anos de sucesso\"}]},{\"@type\":\"WebSite\",\"@id\":\"https:\/\/sudoesteacontece.com.br\/#website\",\"url\":\"https:\/\/sudoesteacontece.com.br\/\",\"name\":\"Sudoesteacontece\",\"description\":\"\",\"publisher\":{\"@id\":\"https:\/\/sudoesteacontece.com.br\/#organization\"},\"potentialAction\":[{\"@type\":\"SearchAction\",\"target\":{\"@type\":\"EntryPoint\",\"urlTemplate\":\"https:\/\/sudoesteacontece.com.br\/?s={search_term_string}\"},\"query-input\":{\"@type\":\"PropertyValueSpecification\",\"valueRequired\":true,\"valueName\":\"search_term_string\"}}],\"inLanguage\":\"pt-BR\"},{\"@type\":\"Organization\",\"@id\":\"https:\/\/sudoesteacontece.com.br\/#organization\",\"name\":\"Sudoesteacontece\",\"url\":\"https:\/\/sudoesteacontece.com.br\/\",\"logo\":{\"@type\":\"ImageObject\",\"inLanguage\":\"pt-BR\",\"@id\":\"https:\/\/sudoesteacontece.com.br\/#\/schema\/logo\/image\/\",\"url\":\"https:\/\/sudoesteacontece.com.br\/wp-content\/uploads\/2025\/12\/cropped-logo-2-180x180-1.png\",\"contentUrl\":\"https:\/\/sudoesteacontece.com.br\/wp-content\/uploads\/2025\/12\/cropped-logo-2-180x180-1.png\",\"width\":180,\"height\":180,\"caption\":\"Sudoesteacontece\"},\"image\":{\"@id\":\"https:\/\/sudoesteacontece.com.br\/#\/schema\/logo\/image\/\"},\"sameAs\":[\"https:\/\/www.facebook.com\/sudoesteacontece\/?locale=pt_BR\"]},{\"@type\":\"Person\",\"@id\":\"https:\/\/sudoesteacontece.com.br\/#\/schema\/person\/3cf2cf009926a9683ebc29d5379fa79c\",\"name\":\"Washington Tiago\",\"image\":{\"@type\":\"ImageObject\",\"inLanguage\":\"pt-BR\",\"@id\":\"https:\/\/sudoesteacontece.com.br\/#\/schema\/person\/image\/\",\"url\":\"https:\/\/secure.gravatar.com\/avatar\/33c43b8668157e040f9d1fe93c354bf087cbd8ba36270c1163198bd3ddcf2a56?s=96&d=mm&r=g\",\"contentUrl\":\"https:\/\/secure.gravatar.com\/avatar\/33c43b8668157e040f9d1fe93c354bf087cbd8ba36270c1163198bd3ddcf2a56?s=96&d=mm&r=g\",\"caption\":\"Washington Tiago\"},\"url\":\"https:\/\/sudoesteacontece.com.br\/?author=2\"}]}<\/script>\n<!-- \/ Yoast SEO plugin. -->","yoast_head_json":{"title":"Silv\u00e2nia Aquino deixa oficialmente a banda Calcinha Preta ap\u00f3s anos de sucesso - Sudoesteacontece","robots":{"index":"index","follow":"follow","max-snippet":"max-snippet:-1","max-image-preview":"max-image-preview:large","max-video-preview":"max-video-preview:-1"},"canonical":"https:\/\/sudoesteacontece.com.br\/?p=2302","og_locale":"pt_BR","og_type":"article","og_title":"Silv\u00e2nia Aquino deixa oficialmente a banda Calcinha Preta ap\u00f3s anos de sucesso - Sudoesteacontece","og_description":"Cantora Silv\u00e2nia Aquino anunciou, na noite desta segunda-feira (10), sua sa\u00edda oficial da banda Calcinha Preta. Decis\u00e3o foi tomada em comum acordo entre a artista e o grupo. Carreira de Silv\u00e2nia na banda come\u00e7ou em diferentes forma\u00e7\u00f5es desde 1995. Ao longo dos anos, ela conquistou p\u00fablico fiel e participou de turn\u00eas nacionais e internacionais. Artista agradeceu aos colegas e f\u00e3s em publica\u00e7\u00e3o nas redes sociais. \u201cCalcinha Preta foi minha casa. Essa hist\u00f3ria levarei comigo com respeito e gratid\u00e3o\u201d, escreveu. Sucessos como \u201cVoc\u00ea N\u00e3o Vale Nada\u201d e \u201cAinda Te Amo\u201d marcaram a trajet\u00f3ria de Silv\u00e2nia e ajudaram a consolidar o forr\u00f3 eletr\u00f4nico no Brasil. Aus\u00eancia em shows recentes em Itinga (MA) e Massaranduba (PB) levantou rumores sobre desentendimentos com a colega O\u2019hara Ravick. Redes sociais especularam sobre conflitos nos bastidores. Empresa da banda e empres\u00e1rio da cantora ainda n\u00e3o emitiram pronunciamento oficial sobre a sa\u00edda ou pr\u00f3ximos passos da carreira de Silv\u00e2nia. Nova fase na carreira de Silv\u00e2nia j\u00e1 \u00e9 confirmada pela pr\u00f3pria cantora, que promete continuar produzindo m\u00fasica e se dedicando a projetos solo. F\u00e3s demonstraram apoio e emo\u00e7\u00e3o nas redes, ressaltando a import\u00e2ncia da artista na hist\u00f3ria do forr\u00f3 e sua conex\u00e3o com o p\u00fablico.","og_url":"https:\/\/sudoesteacontece.com.br\/?p=2302","og_site_name":"Sudoesteacontece","article_publisher":"https:\/\/www.facebook.com\/sudoesteacontece\/?locale=pt_BR","article_published_time":"2025-11-11T12:29:14+00:00","article_modified_time":"2025-11-11T12:29:15+00:00","og_image":[{"width":1200,"height":900,"url":"https:\/\/sudoesteacontece.com.br\/wp-content\/uploads\/2025\/11\/Silvania-Aquino-deixa-oficialmente-a-banda-Calcinha-Preta-apos-anos-de-sucesso-sudoeste-acontece.jpg","type":"image\/jpeg"}],"author":"Washington Tiago","twitter_card":"summary_large_image","twitter_misc":{"Escrito por":"Washington Tiago","Est. tempo de leitura":"1 minuto"},"schema":{"@context":"https:\/\/schema.org","@graph":[{"@type":"Article","@id":"https:\/\/sudoesteacontece.com.br\/?p=2302#article","isPartOf":{"@id":"https:\/\/sudoesteacontece.com.br\/?p=2302"},"author":{"name":"Washington Tiago","@id":"https:\/\/sudoesteacontece.com.br\/#\/schema\/person\/3cf2cf009926a9683ebc29d5379fa79c"},"headline":"Silv\u00e2nia Aquino deixa oficialmente a banda Calcinha Preta ap\u00f3s anos de sucesso","datePublished":"2025-11-11T12:29:14+00:00","dateModified":"2025-11-11T12:29:15+00:00","mainEntityOfPage":{"@id":"https:\/\/sudoesteacontece.com.br\/?p=2302"},"wordCount":239,"commentCount":0,"publisher":{"@id":"https:\/\/sudoesteacontece.com.br\/#organization"},"image":{"@id":"https:\/\/sudoesteacontece.com.br\/?p=2302#primaryimage"},"thumbnailUrl":"https:\/\/sudoesteacontece.com.br\/wp-content\/uploads\/2025\/11\/Silvania-Aquino-deixa-oficialmente-a-banda-Calcinha-Preta-apos-anos-de-sucesso-sudoeste-acontece.jpg","articleSection":["TV, R\u00e1dio e Cinema"],"inLanguage":"pt-BR","potentialAction":[{"@type":"CommentAction","name":"Comment","target":["https:\/\/sudoesteacontece.com.br\/?p=2302#respond"]}]},{"@type":"WebPage","@id":"https:\/\/sudoesteacontece.com.br\/?p=2302","url":"https:\/\/sudoesteacontece.com.br\/?p=2302","name":"Silv\u00e2nia Aquino deixa oficialmente a banda Calcinha Preta ap\u00f3s anos de sucesso - Sudoesteacontece","isPartOf":{"@id":"https:\/\/sudoesteacontece.com.br\/#website"},"primaryImageOfPage":{"@id":"https:\/\/sudoesteacontece.com.br\/?p=2302#primaryimage"},"image":{"@id":"https:\/\/sudoesteacontece.com.br\/?p=2302#primaryimage"},"thumbnailUrl":"https:\/\/sudoesteacontece.com.br\/wp-content\/uploads\/2025\/11\/Silvania-Aquino-deixa-oficialmente-a-banda-Calcinha-Preta-apos-anos-de-sucesso-sudoeste-acontece.jpg","datePublished":"2025-11-11T12:29:14+00:00","dateModified":"2025-11-11T12:29:15+00:00","breadcrumb":{"@id":"https:\/\/sudoesteacontece.com.br\/?p=2302#breadcrumb"},"inLanguage":"pt-BR","potentialAction":[{"@type":"ReadAction","target":["https:\/\/sudoesteacontece.com.br\/?p=2302"]}]},{"@type":"ImageObject","inLanguage":"pt-BR","@id":"https:\/\/sudoesteacontece.com.br\/?p=2302#primaryimage","url":"https:\/\/sudoesteacontece.com.br\/wp-content\/uploads\/2025\/11\/Silvania-Aquino-deixa-oficialmente-a-banda-Calcinha-Preta-apos-anos-de-sucesso-sudoeste-acontece.jpg","contentUrl":"https:\/\/sudoesteacontece.com.br\/wp-content\/uploads\/2025\/11\/Silvania-Aquino-deixa-oficialmente-a-banda-Calcinha-Preta-apos-anos-de-sucesso-sudoeste-acontece.jpg","width":1200,"height":900},{"@type":"BreadcrumbList","@id":"https:\/\/sudoesteacontece.com.br\/?p=2302#breadcrumb","itemListElement":[{"@type":"ListItem","position":1,"name":"In\u00edcio","item":"https:\/\/sudoesteacontece.com.br\/"},{"@type":"ListItem","position":2,"name":"Silv\u00e2nia Aquino deixa oficialmente a banda Calcinha Preta ap\u00f3s anos de sucesso"}]},{"@type":"WebSite","@id":"https:\/\/sudoesteacontece.com.br\/#website","url":"https:\/\/sudoesteacontece.com.br\/","name":"Sudoesteacontece","description":"","publisher":{"@id":"https:\/\/sudoesteacontece.com.br\/#organization"},"potentialAction":[{"@type":"SearchAction","target":{"@type":"EntryPoint","urlTemplate":"https:\/\/sudoesteacontece.com.br\/?s={search_term_string}"},"query-input":{"@type":"PropertyValueSpecification","valueRequired":true,"valueName":"search_term_string"}}],"inLanguage":"pt-BR"},{"@type":"Organization","@id":"https:\/\/sudoesteacontece.com.br\/#organization","name":"Sudoesteacontece","url":"https:\/\/sudoesteacontece.com.br\/","logo":{"@type":"ImageObject","inLanguage":"pt-BR","@id":"https:\/\/sudoesteacontece.com.br\/#\/schema\/logo\/image\/","url":"https:\/\/sudoesteacontece.com.br\/wp-content\/uploads\/2025\/12\/cropped-logo-2-180x180-1.png","contentUrl":"https:\/\/sudoesteacontece.com.br\/wp-content\/uploads\/2025\/12\/cropped-logo-2-180x180-1.png","width":180,"height":180,"caption":"Sudoesteacontece"},"image":{"@id":"https:\/\/sudoesteacontece.com.br\/#\/schema\/logo\/image\/"},"sameAs":["https:\/\/www.facebook.com\/sudoesteacontece\/?locale=pt_BR"]},{"@type":"Person","@id":"https:\/\/sudoesteacontece.com.br\/#\/schema\/person\/3cf2cf009926a9683ebc29d5379fa79c","name":"Washington Tiago","image":{"@type":"ImageObject","inLanguage":"pt-BR","@id":"https:\/\/sudoesteacontece.com.br\/#\/schema\/person\/image\/","url":"https:\/\/secure.gravatar.com\/avatar\/33c43b8668157e040f9d1fe93c354bf087cbd8ba36270c1163198bd3ddcf2a56?s=96&d=mm&r=g","contentUrl":"https:\/\/secure.gravatar.com\/avatar\/33c43b8668157e040f9d1fe93c354bf087cbd8ba36270c1163198bd3ddcf2a56?s=96&d=mm&r=g","caption":"Washington Tiago"},"url":"https:\/\/sudoesteacontece.com.br\/?author=2"}]}},"_links":{"self":[{"href":"https:\/\/sudoesteacontece.com.br\/index.php?rest_route=\/wp\/v2\/posts\/2302","targetHints":{"allow":["GET"]}}],"collection":[{"href":"https:\/\/sudoesteacontece.com.br\/index.php?rest_route=\/wp\/v2\/posts"}],"about":[{"href":"https:\/\/sudoesteacontece.com.br\/index.php?rest_route=\/wp\/v2\/types\/post"}],"author":[{"embeddable":true,"href":"https:\/\/sudoesteacontece.com.br\/index.php?rest_route=\/wp\/v2\/users\/2"}],"replies":[{"embeddable":true,"href":"https:\/\/sudoesteacontece.com.br\/index.php?rest_route=%2Fwp%2Fv2%2Fcomments&post=2302"}],"version-history":[{"count":0,"href":"https:\/\/sudoesteacontece.com.br\/index.php?rest_route=\/wp\/v2\/posts\/2302\/revisions"}],"wp:featuredmedia":[{"embeddable":true,"href":"https:\/\/sudoesteacontece.com.br\/index.php?rest_route=\/wp\/v2\/media\/2323"}],"wp:attachment":[{"href":"https:\/\/sudoesteacontece.com.br\/index.php?rest_route=%2Fwp%2Fv2%2Fmedia&parent=2302"}],"wp:term":[{"taxonomy":"category","embeddable":true,"href":"https:\/\/sudoesteacontece.com.br\/index.php?rest_route=%2Fwp%2Fv2%2Fcategories&post=2302"},{"taxonomy":"post_tag","embeddable":true,"href":"https:\/\/sudoesteacontece.com.br\/index.php?rest_route=%2Fwp%2Fv2%2Ftags&post=2302"}],"curies":[{"name":"wp","href":"https:\/\/api.w.org\/{rel}","templated":true}]}}