{"id":2335,"date":"2025-11-11T14:46:45","date_gmt":"2025-11-11T17:46:45","guid":{"rendered":"https:\/\/sudoesteacontece.com.br\/?p=2335"},"modified":"2025-11-11T14:46:54","modified_gmt":"2025-11-11T17:46:54","slug":"secretario-de-infraestrutura-e-chefe-da-defesa-civil-deixam-cargos-na-bahia","status":"publish","type":"post","link":"https:\/\/sudoesteacontece.com.br\/?p=2335","title":{"rendered":"Secret\u00e1rio de Infraestrutura e chefe da Defesa Civil deixam cargos na Bahia"},"content":{"rendered":"<div class=\"wp-block-image\">\n<figure class=\"aligncenter size-large\"><img fetchpriority=\"high\" decoding=\"async\" width=\"1024\" height=\"576\" src=\"http:\/\/sudoesteacontece.com.br\/wp-content\/uploads\/2025\/11\/Secretario-de-Infraestrutura-e-chefe-da-Defesa-Civil-deixam-cargos-na-Bahia-sudoeste-acontece-1024x576.jpg\" alt=\"\" class=\"wp-image-2354\" srcset=\"https:\/\/sudoesteacontece.com.br\/wp-content\/uploads\/2025\/11\/Secretario-de-Infraestrutura-e-chefe-da-Defesa-Civil-deixam-cargos-na-Bahia-sudoeste-acontece-1024x576.jpg 1024w, https:\/\/sudoesteacontece.com.br\/wp-content\/uploads\/2025\/11\/Secretario-de-Infraestrutura-e-chefe-da-Defesa-Civil-deixam-cargos-na-Bahia-sudoeste-acontece-300x169.jpg 300w, https:\/\/sudoesteacontece.com.br\/wp-content\/uploads\/2025\/11\/Secretario-de-Infraestrutura-e-chefe-da-Defesa-Civil-deixam-cargos-na-Bahia-sudoeste-acontece-768x432.jpg 768w, https:\/\/sudoesteacontece.com.br\/wp-content\/uploads\/2025\/11\/Secretario-de-Infraestrutura-e-chefe-da-Defesa-Civil-deixam-cargos-na-Bahia-sudoeste-acontece-1536x864.jpg 1536w, https:\/\/sudoesteacontece.com.br\/wp-content\/uploads\/2025\/11\/Secretario-de-Infraestrutura-e-chefe-da-Defesa-Civil-deixam-cargos-na-Bahia-sudoeste-acontece.jpg 1600w\" sizes=\"(max-width: 1024px) 100vw, 1024px\" \/><\/figure>\n<\/div>\n\n\n<p>Governo da Bahia anunciou nesta ter\u00e7a-feira (11) mudan\u00e7as importantes em duas pastas estrat\u00e9gicas. O secret\u00e1rio de Infraestrutura, S\u00e9rgio Brito, e o chefe da Defesa Civil, Heber Santana, foram exonerados dos cargos, conforme publica\u00e7\u00e3o no Di\u00e1rio Oficial do Estado (DOE).<\/p>\n\n\n\n<p>As sa\u00eddas acontecem em meio a um per\u00edodo de fortes chuvas e obras em andamento em todo o estado. As mudan\u00e7as chamaram aten\u00e7\u00e3o dentro da base aliada do governador Jer\u00f4nimo Rodrigues (PT).<\/p>\n\n\n\n<p>Brito informou que seu afastamento \u00e9 tempor\u00e1rio. Disse ao portal BNews que deixar\u00e1 o comando da Seinfra apenas por alguns dias para retomar o mandato de deputado federal e destinar as emendas parlamentares de 2025.<\/p>\n\n\n\n<p>\u201cTodo ano eu fa\u00e7o as minhas emendas. O prazo termina no dia 13, e preciso voltar a Bras\u00edlia para isso\u201d, afirmou o secret\u00e1rio. Durante o per\u00edodo de aus\u00eancia, o diretor-superintendente Saulo Filinto Pontes de Souza assume interinamente a pasta.<\/p>\n\n\n\n<p>Heber Santana, por outro lado, teve exonera\u00e7\u00e3o definitiva da Superintend\u00eancia de Prote\u00e7\u00e3o e Defesa Civil (Sudec). Em nota, ele informou que a decis\u00e3o foi pessoal e profissional, destacando o desejo de se dedicar a novos projetos.<\/p>\n\n\n\n<p>O ex-superintendente, que estava \u00e0 frente da Sudec desde janeiro de 2023, ser\u00e1 substitu\u00eddo por Osny Bomfim Santos, atual coordenador do \u00f3rg\u00e3o. A troca ocorre em meio ao aumento das ocorr\u00eancias de emerg\u00eancia provocadas pelas chuvas em diversas regi\u00f5es do estado.<\/p>\n\n\n\n<p>Santana, que preside o partido Podemos na Bahia, pretende intensificar sua atua\u00e7\u00e3o pol\u00edtica e prepara o partido para as elei\u00e7\u00f5es de 2026. Ele tamb\u00e9m avalia disputar uma vaga na C\u00e2mara dos Deputados.<\/p>\n\n\n\n<p>Em 2022, ainda filiado ao PSC, Heber concorreu a deputado federal e recebeu cerca de 44 mil votos, mas n\u00e3o foi eleito. Antes disso, exerceu dois mandatos como vereador de Salvador e chegou a ser suplente na Assembleia Legislativa da Bahia (Alba).<\/p>\n\n\n\n<p>As mudan\u00e7as na Seinfra e na Defesa Civil representam uma reorganiza\u00e7\u00e3o estrat\u00e9gica no governo, que enfrenta desafios tanto na infraestrutura estadual quanto no gerenciamento de desastres naturais.<\/p>\n","protected":false},"excerpt":{"rendered":"<p>Governo da Bahia anunciou nesta ter\u00e7a-feira (11) mudan\u00e7as importantes em duas pastas estrat\u00e9gicas. O secret\u00e1rio de Infraestrutura, S\u00e9rgio Brito, e o chefe da Defesa Civil, Heber Santana, foram exonerados dos cargos, conforme publica\u00e7\u00e3o no Di\u00e1rio Oficial do Estado (DOE). As sa\u00eddas acontecem em meio a um per\u00edodo de fortes chuvas e obras em andamento em todo o estado. As mudan\u00e7as chamaram aten\u00e7\u00e3o dentro da base aliada do governador Jer\u00f4nimo Rodrigues (PT). Brito informou que seu afastamento \u00e9 tempor\u00e1rio. Disse ao portal BNews que deixar\u00e1 o comando da Seinfra apenas por alguns dias para retomar o mandato de deputado federal e destinar as emendas parlamentares de 2025. \u201cTodo ano eu fa\u00e7o as minhas emendas. O prazo termina no dia 13, e preciso voltar a Bras\u00edlia para isso\u201d, afirmou o secret\u00e1rio. Durante o per\u00edodo de aus\u00eancia, o diretor-superintendente Saulo Filinto Pontes de Souza assume interinamente a pasta. Heber Santana, por outro lado, teve exonera\u00e7\u00e3o definitiva da Superintend\u00eancia de Prote\u00e7\u00e3o e Defesa Civil (Sudec). Em nota, ele informou que a decis\u00e3o foi pessoal e profissional, destacando o desejo de se dedicar a novos projetos. O ex-superintendente, que estava \u00e0 frente da Sudec desde janeiro de 2023, ser\u00e1 substitu\u00eddo por Osny Bomfim Santos, atual coordenador do \u00f3rg\u00e3o. A troca ocorre em meio ao aumento das ocorr\u00eancias de emerg\u00eancia provocadas pelas chuvas em diversas regi\u00f5es do estado. Santana, que preside o partido Podemos na Bahia, pretende intensificar sua atua\u00e7\u00e3o pol\u00edtica e prepara o partido para as elei\u00e7\u00f5es de 2026. Ele tamb\u00e9m avalia disputar uma vaga na C\u00e2mara dos Deputados. Em 2022, ainda filiado ao PSC, Heber concorreu a deputado federal e recebeu cerca de 44 mil votos, mas n\u00e3o foi eleito. Antes disso, exerceu dois mandatos como vereador de Salvador e chegou a ser suplente na Assembleia Legislativa da Bahia (Alba). As mudan\u00e7as na Seinfra e na Defesa Civil representam uma reorganiza\u00e7\u00e3o estrat\u00e9gica no governo, que enfrenta desafios tanto na infraestrutura estadual quanto no gerenciamento de desastres naturais.<\/p>\n","protected":false},"author":2,"featured_media":2354,"comment_status":"open","ping_status":"open","sticky":false,"template":"","format":"standard","meta":{"footnotes":""},"categories":[7,58,6],"tags":[],"class_list":["post-2335","post","type-post","status-publish","format-standard","has-post-thumbnail","hentry","category-bahia","category-eleicoes-2026","category-politica"],"yoast_head":"<!-- This site is optimized with the Yoast SEO plugin v26.5 - https:\/\/yoast.com\/wordpress\/plugins\/seo\/ -->\n<title>Secret\u00e1rio de Infraestrutura e chefe da Defesa Civil deixam cargos na Bahia - Sudoesteacontece<\/title>\n<meta name=\"robots\" content=\"index, follow, max-snippet:-1, max-image-preview:large, max-video-preview:-1\" \/>\n<link rel=\"canonical\" href=\"https:\/\/sudoesteacontece.com.br\/?p=2335\" \/>\n<meta property=\"og:locale\" content=\"pt_BR\" \/>\n<meta property=\"og:type\" content=\"article\" \/>\n<meta property=\"og:title\" content=\"Secret\u00e1rio de Infraestrutura e chefe da Defesa Civil deixam cargos na Bahia - Sudoesteacontece\" \/>\n<meta property=\"og:description\" content=\"Governo da Bahia anunciou nesta ter\u00e7a-feira (11) mudan\u00e7as importantes em duas pastas estrat\u00e9gicas. O secret\u00e1rio de Infraestrutura, S\u00e9rgio Brito, e o chefe da Defesa Civil, Heber Santana, foram exonerados dos cargos, conforme publica\u00e7\u00e3o no Di\u00e1rio Oficial do Estado (DOE). As sa\u00eddas acontecem em meio a um per\u00edodo de fortes chuvas e obras em andamento em todo o estado. As mudan\u00e7as chamaram aten\u00e7\u00e3o dentro da base aliada do governador Jer\u00f4nimo Rodrigues (PT). Brito informou que seu afastamento \u00e9 tempor\u00e1rio. Disse ao portal BNews que deixar\u00e1 o comando da Seinfra apenas por alguns dias para retomar o mandato de deputado federal e destinar as emendas parlamentares de 2025. \u201cTodo ano eu fa\u00e7o as minhas emendas. O prazo termina no dia 13, e preciso voltar a Bras\u00edlia para isso\u201d, afirmou o secret\u00e1rio. Durante o per\u00edodo de aus\u00eancia, o diretor-superintendente Saulo Filinto Pontes de Souza assume interinamente a pasta. Heber Santana, por outro lado, teve exonera\u00e7\u00e3o definitiva da Superintend\u00eancia de Prote\u00e7\u00e3o e Defesa Civil (Sudec). Em nota, ele informou que a decis\u00e3o foi pessoal e profissional, destacando o desejo de se dedicar a novos projetos. O ex-superintendente, que estava \u00e0 frente da Sudec desde janeiro de 2023, ser\u00e1 substitu\u00eddo por Osny Bomfim Santos, atual coordenador do \u00f3rg\u00e3o. A troca ocorre em meio ao aumento das ocorr\u00eancias de emerg\u00eancia provocadas pelas chuvas em diversas regi\u00f5es do estado. Santana, que preside o partido Podemos na Bahia, pretende intensificar sua atua\u00e7\u00e3o pol\u00edtica e prepara o partido para as elei\u00e7\u00f5es de 2026. Ele tamb\u00e9m avalia disputar uma vaga na C\u00e2mara dos Deputados. Em 2022, ainda filiado ao PSC, Heber concorreu a deputado federal e recebeu cerca de 44 mil votos, mas n\u00e3o foi eleito. Antes disso, exerceu dois mandatos como vereador de Salvador e chegou a ser suplente na Assembleia Legislativa da Bahia (Alba). As mudan\u00e7as na Seinfra e na Defesa Civil representam uma reorganiza\u00e7\u00e3o estrat\u00e9gica no governo, que enfrenta desafios tanto na infraestrutura estadual quanto no gerenciamento de desastres naturais.\" \/>\n<meta property=\"og:url\" content=\"https:\/\/sudoesteacontece.com.br\/?p=2335\" \/>\n<meta property=\"og:site_name\" content=\"Sudoesteacontece\" \/>\n<meta property=\"article:publisher\" content=\"https:\/\/www.facebook.com\/sudoesteacontece\/?locale=pt_BR\" \/>\n<meta property=\"article:published_time\" content=\"2025-11-11T17:46:45+00:00\" \/>\n<meta property=\"article:modified_time\" content=\"2025-11-11T17:46:54+00:00\" \/>\n<meta property=\"og:image\" content=\"https:\/\/sudoesteacontece.com.br\/wp-content\/uploads\/2025\/11\/Secretario-de-Infraestrutura-e-chefe-da-Defesa-Civil-deixam-cargos-na-Bahia-sudoeste-acontece.jpg\" \/>\n\t<meta property=\"og:image:width\" content=\"1600\" \/>\n\t<meta property=\"og:image:height\" content=\"900\" \/>\n\t<meta property=\"og:image:type\" content=\"image\/jpeg\" \/>\n<meta name=\"author\" content=\"Washington Tiago\" \/>\n<meta name=\"twitter:card\" content=\"summary_large_image\" \/>\n<meta name=\"twitter:label1\" content=\"Escrito por\" \/>\n\t<meta name=\"twitter:data1\" content=\"Washington Tiago\" \/>\n\t<meta name=\"twitter:label2\" content=\"Est. tempo de leitura\" \/>\n\t<meta name=\"twitter:data2\" content=\"2 minutos\" \/>\n<script type=\"application\/ld+json\" class=\"yoast-schema-graph\">{\"@context\":\"https:\/\/schema.org\",\"@graph\":[{\"@type\":\"Article\",\"@id\":\"https:\/\/sudoesteacontece.com.br\/?p=2335#article\",\"isPartOf\":{\"@id\":\"https:\/\/sudoesteacontece.com.br\/?p=2335\"},\"author\":{\"name\":\"Washington Tiago\",\"@id\":\"https:\/\/sudoesteacontece.com.br\/#\/schema\/person\/3cf2cf009926a9683ebc29d5379fa79c\"},\"headline\":\"Secret\u00e1rio de Infraestrutura e chefe da Defesa Civil deixam cargos na Bahia\",\"datePublished\":\"2025-11-11T17:46:45+00:00\",\"dateModified\":\"2025-11-11T17:46:54+00:00\",\"mainEntityOfPage\":{\"@id\":\"https:\/\/sudoesteacontece.com.br\/?p=2335\"},\"wordCount\":363,\"commentCount\":0,\"publisher\":{\"@id\":\"https:\/\/sudoesteacontece.com.br\/#organization\"},\"image\":{\"@id\":\"https:\/\/sudoesteacontece.com.br\/?p=2335#primaryimage\"},\"thumbnailUrl\":\"https:\/\/sudoesteacontece.com.br\/wp-content\/uploads\/2025\/11\/Secretario-de-Infraestrutura-e-chefe-da-Defesa-Civil-deixam-cargos-na-Bahia-sudoeste-acontece.jpg\",\"articleSection\":[\"Bahia\",\"Elei\u00e7\u00f5es 2026\",\"Pol\u00edtica\"],\"inLanguage\":\"pt-BR\",\"potentialAction\":[{\"@type\":\"CommentAction\",\"name\":\"Comment\",\"target\":[\"https:\/\/sudoesteacontece.com.br\/?p=2335#respond\"]}]},{\"@type\":\"WebPage\",\"@id\":\"https:\/\/sudoesteacontece.com.br\/?p=2335\",\"url\":\"https:\/\/sudoesteacontece.com.br\/?p=2335\",\"name\":\"Secret\u00e1rio de Infraestrutura e chefe da Defesa Civil deixam cargos na Bahia - Sudoesteacontece\",\"isPartOf\":{\"@id\":\"https:\/\/sudoesteacontece.com.br\/#website\"},\"primaryImageOfPage\":{\"@id\":\"https:\/\/sudoesteacontece.com.br\/?p=2335#primaryimage\"},\"image\":{\"@id\":\"https:\/\/sudoesteacontece.com.br\/?p=2335#primaryimage\"},\"thumbnailUrl\":\"https:\/\/sudoesteacontece.com.br\/wp-content\/uploads\/2025\/11\/Secretario-de-Infraestrutura-e-chefe-da-Defesa-Civil-deixam-cargos-na-Bahia-sudoeste-acontece.jpg\",\"datePublished\":\"2025-11-11T17:46:45+00:00\",\"dateModified\":\"2025-11-11T17:46:54+00:00\",\"breadcrumb\":{\"@id\":\"https:\/\/sudoesteacontece.com.br\/?p=2335#breadcrumb\"},\"inLanguage\":\"pt-BR\",\"potentialAction\":[{\"@type\":\"ReadAction\",\"target\":[\"https:\/\/sudoesteacontece.com.br\/?p=2335\"]}]},{\"@type\":\"ImageObject\",\"inLanguage\":\"pt-BR\",\"@id\":\"https:\/\/sudoesteacontece.com.br\/?p=2335#primaryimage\",\"url\":\"https:\/\/sudoesteacontece.com.br\/wp-content\/uploads\/2025\/11\/Secretario-de-Infraestrutura-e-chefe-da-Defesa-Civil-deixam-cargos-na-Bahia-sudoeste-acontece.jpg\",\"contentUrl\":\"https:\/\/sudoesteacontece.com.br\/wp-content\/uploads\/2025\/11\/Secretario-de-Infraestrutura-e-chefe-da-Defesa-Civil-deixam-cargos-na-Bahia-sudoeste-acontece.jpg\",\"width\":1600,\"height\":900},{\"@type\":\"BreadcrumbList\",\"@id\":\"https:\/\/sudoesteacontece.com.br\/?p=2335#breadcrumb\",\"itemListElement\":[{\"@type\":\"ListItem\",\"position\":1,\"name\":\"In\u00edcio\",\"item\":\"https:\/\/sudoesteacontece.com.br\/\"},{\"@type\":\"ListItem\",\"position\":2,\"name\":\"Secret\u00e1rio de Infraestrutura e chefe da Defesa Civil deixam cargos na Bahia\"}]},{\"@type\":\"WebSite\",\"@id\":\"https:\/\/sudoesteacontece.com.br\/#website\",\"url\":\"https:\/\/sudoesteacontece.com.br\/\",\"name\":\"Sudoesteacontece\",\"description\":\"\",\"publisher\":{\"@id\":\"https:\/\/sudoesteacontece.com.br\/#organization\"},\"potentialAction\":[{\"@type\":\"SearchAction\",\"target\":{\"@type\":\"EntryPoint\",\"urlTemplate\":\"https:\/\/sudoesteacontece.com.br\/?s={search_term_string}\"},\"query-input\":{\"@type\":\"PropertyValueSpecification\",\"valueRequired\":true,\"valueName\":\"search_term_string\"}}],\"inLanguage\":\"pt-BR\"},{\"@type\":\"Organization\",\"@id\":\"https:\/\/sudoesteacontece.com.br\/#organization\",\"name\":\"Sudoesteacontece\",\"url\":\"https:\/\/sudoesteacontece.com.br\/\",\"logo\":{\"@type\":\"ImageObject\",\"inLanguage\":\"pt-BR\",\"@id\":\"https:\/\/sudoesteacontece.com.br\/#\/schema\/logo\/image\/\",\"url\":\"https:\/\/sudoesteacontece.com.br\/wp-content\/uploads\/2025\/12\/cropped-logo-2-180x180-1.png\",\"contentUrl\":\"https:\/\/sudoesteacontece.com.br\/wp-content\/uploads\/2025\/12\/cropped-logo-2-180x180-1.png\",\"width\":180,\"height\":180,\"caption\":\"Sudoesteacontece\"},\"image\":{\"@id\":\"https:\/\/sudoesteacontece.com.br\/#\/schema\/logo\/image\/\"},\"sameAs\":[\"https:\/\/www.facebook.com\/sudoesteacontece\/?locale=pt_BR\"]},{\"@type\":\"Person\",\"@id\":\"https:\/\/sudoesteacontece.com.br\/#\/schema\/person\/3cf2cf009926a9683ebc29d5379fa79c\",\"name\":\"Washington Tiago\",\"image\":{\"@type\":\"ImageObject\",\"inLanguage\":\"pt-BR\",\"@id\":\"https:\/\/sudoesteacontece.com.br\/#\/schema\/person\/image\/\",\"url\":\"https:\/\/secure.gravatar.com\/avatar\/33c43b8668157e040f9d1fe93c354bf087cbd8ba36270c1163198bd3ddcf2a56?s=96&d=mm&r=g\",\"contentUrl\":\"https:\/\/secure.gravatar.com\/avatar\/33c43b8668157e040f9d1fe93c354bf087cbd8ba36270c1163198bd3ddcf2a56?s=96&d=mm&r=g\",\"caption\":\"Washington Tiago\"},\"url\":\"https:\/\/sudoesteacontece.com.br\/?author=2\"}]}<\/script>\n<!-- \/ Yoast SEO plugin. -->","yoast_head_json":{"title":"Secret\u00e1rio de Infraestrutura e chefe da Defesa Civil deixam cargos na Bahia - Sudoesteacontece","robots":{"index":"index","follow":"follow","max-snippet":"max-snippet:-1","max-image-preview":"max-image-preview:large","max-video-preview":"max-video-preview:-1"},"canonical":"https:\/\/sudoesteacontece.com.br\/?p=2335","og_locale":"pt_BR","og_type":"article","og_title":"Secret\u00e1rio de Infraestrutura e chefe da Defesa Civil deixam cargos na Bahia - Sudoesteacontece","og_description":"Governo da Bahia anunciou nesta ter\u00e7a-feira (11) mudan\u00e7as importantes em duas pastas estrat\u00e9gicas. O secret\u00e1rio de Infraestrutura, S\u00e9rgio Brito, e o chefe da Defesa Civil, Heber Santana, foram exonerados dos cargos, conforme publica\u00e7\u00e3o no Di\u00e1rio Oficial do Estado (DOE). As sa\u00eddas acontecem em meio a um per\u00edodo de fortes chuvas e obras em andamento em todo o estado. As mudan\u00e7as chamaram aten\u00e7\u00e3o dentro da base aliada do governador Jer\u00f4nimo Rodrigues (PT). Brito informou que seu afastamento \u00e9 tempor\u00e1rio. Disse ao portal BNews que deixar\u00e1 o comando da Seinfra apenas por alguns dias para retomar o mandato de deputado federal e destinar as emendas parlamentares de 2025. \u201cTodo ano eu fa\u00e7o as minhas emendas. O prazo termina no dia 13, e preciso voltar a Bras\u00edlia para isso\u201d, afirmou o secret\u00e1rio. Durante o per\u00edodo de aus\u00eancia, o diretor-superintendente Saulo Filinto Pontes de Souza assume interinamente a pasta. Heber Santana, por outro lado, teve exonera\u00e7\u00e3o definitiva da Superintend\u00eancia de Prote\u00e7\u00e3o e Defesa Civil (Sudec). Em nota, ele informou que a decis\u00e3o foi pessoal e profissional, destacando o desejo de se dedicar a novos projetos. O ex-superintendente, que estava \u00e0 frente da Sudec desde janeiro de 2023, ser\u00e1 substitu\u00eddo por Osny Bomfim Santos, atual coordenador do \u00f3rg\u00e3o. A troca ocorre em meio ao aumento das ocorr\u00eancias de emerg\u00eancia provocadas pelas chuvas em diversas regi\u00f5es do estado. Santana, que preside o partido Podemos na Bahia, pretende intensificar sua atua\u00e7\u00e3o pol\u00edtica e prepara o partido para as elei\u00e7\u00f5es de 2026. Ele tamb\u00e9m avalia disputar uma vaga na C\u00e2mara dos Deputados. Em 2022, ainda filiado ao PSC, Heber concorreu a deputado federal e recebeu cerca de 44 mil votos, mas n\u00e3o foi eleito. Antes disso, exerceu dois mandatos como vereador de Salvador e chegou a ser suplente na Assembleia Legislativa da Bahia (Alba). As mudan\u00e7as na Seinfra e na Defesa Civil representam uma reorganiza\u00e7\u00e3o estrat\u00e9gica no governo, que enfrenta desafios tanto na infraestrutura estadual quanto no gerenciamento de desastres naturais.","og_url":"https:\/\/sudoesteacontece.com.br\/?p=2335","og_site_name":"Sudoesteacontece","article_publisher":"https:\/\/www.facebook.com\/sudoesteacontece\/?locale=pt_BR","article_published_time":"2025-11-11T17:46:45+00:00","article_modified_time":"2025-11-11T17:46:54+00:00","og_image":[{"width":1600,"height":900,"url":"https:\/\/sudoesteacontece.com.br\/wp-content\/uploads\/2025\/11\/Secretario-de-Infraestrutura-e-chefe-da-Defesa-Civil-deixam-cargos-na-Bahia-sudoeste-acontece.jpg","type":"image\/jpeg"}],"author":"Washington Tiago","twitter_card":"summary_large_image","twitter_misc":{"Escrito por":"Washington Tiago","Est. tempo de leitura":"2 minutos"},"schema":{"@context":"https:\/\/schema.org","@graph":[{"@type":"Article","@id":"https:\/\/sudoesteacontece.com.br\/?p=2335#article","isPartOf":{"@id":"https:\/\/sudoesteacontece.com.br\/?p=2335"},"author":{"name":"Washington Tiago","@id":"https:\/\/sudoesteacontece.com.br\/#\/schema\/person\/3cf2cf009926a9683ebc29d5379fa79c"},"headline":"Secret\u00e1rio de Infraestrutura e chefe da Defesa Civil deixam cargos na Bahia","datePublished":"2025-11-11T17:46:45+00:00","dateModified":"2025-11-11T17:46:54+00:00","mainEntityOfPage":{"@id":"https:\/\/sudoesteacontece.com.br\/?p=2335"},"wordCount":363,"commentCount":0,"publisher":{"@id":"https:\/\/sudoesteacontece.com.br\/#organization"},"image":{"@id":"https:\/\/sudoesteacontece.com.br\/?p=2335#primaryimage"},"thumbnailUrl":"https:\/\/sudoesteacontece.com.br\/wp-content\/uploads\/2025\/11\/Secretario-de-Infraestrutura-e-chefe-da-Defesa-Civil-deixam-cargos-na-Bahia-sudoeste-acontece.jpg","articleSection":["Bahia","Elei\u00e7\u00f5es 2026","Pol\u00edtica"],"inLanguage":"pt-BR","potentialAction":[{"@type":"CommentAction","name":"Comment","target":["https:\/\/sudoesteacontece.com.br\/?p=2335#respond"]}]},{"@type":"WebPage","@id":"https:\/\/sudoesteacontece.com.br\/?p=2335","url":"https:\/\/sudoesteacontece.com.br\/?p=2335","name":"Secret\u00e1rio de Infraestrutura e chefe da Defesa Civil deixam cargos na Bahia - Sudoesteacontece","isPartOf":{"@id":"https:\/\/sudoesteacontece.com.br\/#website"},"primaryImageOfPage":{"@id":"https:\/\/sudoesteacontece.com.br\/?p=2335#primaryimage"},"image":{"@id":"https:\/\/sudoesteacontece.com.br\/?p=2335#primaryimage"},"thumbnailUrl":"https:\/\/sudoesteacontece.com.br\/wp-content\/uploads\/2025\/11\/Secretario-de-Infraestrutura-e-chefe-da-Defesa-Civil-deixam-cargos-na-Bahia-sudoeste-acontece.jpg","datePublished":"2025-11-11T17:46:45+00:00","dateModified":"2025-11-11T17:46:54+00:00","breadcrumb":{"@id":"https:\/\/sudoesteacontece.com.br\/?p=2335#breadcrumb"},"inLanguage":"pt-BR","potentialAction":[{"@type":"ReadAction","target":["https:\/\/sudoesteacontece.com.br\/?p=2335"]}]},{"@type":"ImageObject","inLanguage":"pt-BR","@id":"https:\/\/sudoesteacontece.com.br\/?p=2335#primaryimage","url":"https:\/\/sudoesteacontece.com.br\/wp-content\/uploads\/2025\/11\/Secretario-de-Infraestrutura-e-chefe-da-Defesa-Civil-deixam-cargos-na-Bahia-sudoeste-acontece.jpg","contentUrl":"https:\/\/sudoesteacontece.com.br\/wp-content\/uploads\/2025\/11\/Secretario-de-Infraestrutura-e-chefe-da-Defesa-Civil-deixam-cargos-na-Bahia-sudoeste-acontece.jpg","width":1600,"height":900},{"@type":"BreadcrumbList","@id":"https:\/\/sudoesteacontece.com.br\/?p=2335#breadcrumb","itemListElement":[{"@type":"ListItem","position":1,"name":"In\u00edcio","item":"https:\/\/sudoesteacontece.com.br\/"},{"@type":"ListItem","position":2,"name":"Secret\u00e1rio de Infraestrutura e chefe da Defesa Civil deixam cargos na Bahia"}]},{"@type":"WebSite","@id":"https:\/\/sudoesteacontece.com.br\/#website","url":"https:\/\/sudoesteacontece.com.br\/","name":"Sudoesteacontece","description":"","publisher":{"@id":"https:\/\/sudoesteacontece.com.br\/#organization"},"potentialAction":[{"@type":"SearchAction","target":{"@type":"EntryPoint","urlTemplate":"https:\/\/sudoesteacontece.com.br\/?s={search_term_string}"},"query-input":{"@type":"PropertyValueSpecification","valueRequired":true,"valueName":"search_term_string"}}],"inLanguage":"pt-BR"},{"@type":"Organization","@id":"https:\/\/sudoesteacontece.com.br\/#organization","name":"Sudoesteacontece","url":"https:\/\/sudoesteacontece.com.br\/","logo":{"@type":"ImageObject","inLanguage":"pt-BR","@id":"https:\/\/sudoesteacontece.com.br\/#\/schema\/logo\/image\/","url":"https:\/\/sudoesteacontece.com.br\/wp-content\/uploads\/2025\/12\/cropped-logo-2-180x180-1.png","contentUrl":"https:\/\/sudoesteacontece.com.br\/wp-content\/uploads\/2025\/12\/cropped-logo-2-180x180-1.png","width":180,"height":180,"caption":"Sudoesteacontece"},"image":{"@id":"https:\/\/sudoesteacontece.com.br\/#\/schema\/logo\/image\/"},"sameAs":["https:\/\/www.facebook.com\/sudoesteacontece\/?locale=pt_BR"]},{"@type":"Person","@id":"https:\/\/sudoesteacontece.com.br\/#\/schema\/person\/3cf2cf009926a9683ebc29d5379fa79c","name":"Washington Tiago","image":{"@type":"ImageObject","inLanguage":"pt-BR","@id":"https:\/\/sudoesteacontece.com.br\/#\/schema\/person\/image\/","url":"https:\/\/secure.gravatar.com\/avatar\/33c43b8668157e040f9d1fe93c354bf087cbd8ba36270c1163198bd3ddcf2a56?s=96&d=mm&r=g","contentUrl":"https:\/\/secure.gravatar.com\/avatar\/33c43b8668157e040f9d1fe93c354bf087cbd8ba36270c1163198bd3ddcf2a56?s=96&d=mm&r=g","caption":"Washington Tiago"},"url":"https:\/\/sudoesteacontece.com.br\/?author=2"}]}},"_links":{"self":[{"href":"https:\/\/sudoesteacontece.com.br\/index.php?rest_route=\/wp\/v2\/posts\/2335","targetHints":{"allow":["GET"]}}],"collection":[{"href":"https:\/\/sudoesteacontece.com.br\/index.php?rest_route=\/wp\/v2\/posts"}],"about":[{"href":"https:\/\/sudoesteacontece.com.br\/index.php?rest_route=\/wp\/v2\/types\/post"}],"author":[{"embeddable":true,"href":"https:\/\/sudoesteacontece.com.br\/index.php?rest_route=\/wp\/v2\/users\/2"}],"replies":[{"embeddable":true,"href":"https:\/\/sudoesteacontece.com.br\/index.php?rest_route=%2Fwp%2Fv2%2Fcomments&post=2335"}],"version-history":[{"count":0,"href":"https:\/\/sudoesteacontece.com.br\/index.php?rest_route=\/wp\/v2\/posts\/2335\/revisions"}],"wp:featuredmedia":[{"embeddable":true,"href":"https:\/\/sudoesteacontece.com.br\/index.php?rest_route=\/wp\/v2\/media\/2354"}],"wp:attachment":[{"href":"https:\/\/sudoesteacontece.com.br\/index.php?rest_route=%2Fwp%2Fv2%2Fmedia&parent=2335"}],"wp:term":[{"taxonomy":"category","embeddable":true,"href":"https:\/\/sudoesteacontece.com.br\/index.php?rest_route=%2Fwp%2Fv2%2Fcategories&post=2335"},{"taxonomy":"post_tag","embeddable":true,"href":"https:\/\/sudoesteacontece.com.br\/index.php?rest_route=%2Fwp%2Fv2%2Ftags&post=2335"}],"curies":[{"name":"wp","href":"https:\/\/api.w.org\/{rel}","templated":true}]}}