{"id":2338,"date":"2025-11-11T14:55:53","date_gmt":"2025-11-11T17:55:53","guid":{"rendered":"https:\/\/sudoesteacontece.com.br\/?p=2338"},"modified":"2025-11-11T14:55:54","modified_gmt":"2025-11-11T17:55:54","slug":"homem-ameaca-familia-com-facao-e-machado-pm-age-rapido-e-evita-tragedia-em-barra-da-estiva","status":"publish","type":"post","link":"https:\/\/sudoesteacontece.com.br\/?p=2338","title":{"rendered":"Homem amea\u00e7a fam\u00edlia com fac\u00e3o e machado; PM age r\u00e1pido e evita trag\u00e9dia em Barra da Estiva"},"content":{"rendered":"<div class=\"wp-block-image\">\n<figure class=\"aligncenter size-large\"><img decoding=\"async\" src=\"http:\/\/sudoesteacontece.com.br\/wp-content\/uploads\/2025\/11\/Homem-ameaca-familia-com-facao-e-machado-PM-age-rapido-e-evita-tragedia-em-Barra-da-Estiva-sudoeste-acontece-1024x576.jpg\" alt=\"\" class=\"wp-image-2357\"\/><\/figure>\n<\/div>\n\n\n<p>Pol\u00edcia Militar agiu com rapidez e evitou uma poss\u00edvel trag\u00e9dia em Barra da Estiva, no sudoeste baiano. A ocorr\u00eancia foi registrada no in\u00edcio da tarde de domingo (9), ap\u00f3s uma grave den\u00fancia de viol\u00eancia dom\u00e9stica.<\/p>\n\n\n\n<p>Moradores do Bairro Alto M\u00e9xico acionaram o Centro Integrado de Comunica\u00e7\u00f5es (CICOM) ao ouvirem gritos e perceberem que um homem amea\u00e7ava a companheira e os filhos. Segundo relatos, o suspeito estava armado com um fac\u00e3o e um machado, aumentando o clima de tens\u00e3o.<\/p>\n\n\n\n<p>Policiais do 24\u00ba Batalh\u00e3o da Pol\u00edcia Militar chegaram rapidamente ao local e encontraram as v\u00edtimas assustadas, que confirmaram as amea\u00e7as. O homem, no entanto, negou as acusa\u00e7\u00f5es durante a abordagem.<\/p>\n\n\n\n<p>Apesar da negativa, a guarni\u00e7\u00e3o decidiu conduzir o suspeito e a companheira at\u00e9 a sede da 20\u00aa Coordenadoria de Pol\u00edcia Civil (20\u00aa COORPIN), em Brumado, para que as medidas legais fossem tomadas.<\/p>\n\n\n\n<p>A a\u00e7\u00e3o firme da PM foi essencial para garantir a seguran\u00e7a da mulher e das crian\u00e7as, al\u00e9m de evitar uma poss\u00edvel escalada da viol\u00eancia. O caso ser\u00e1 investigado pela Pol\u00edcia Civil.<\/p>\n","protected":false},"excerpt":{"rendered":"<p>Pol\u00edcia Militar agiu com rapidez e evitou uma poss\u00edvel trag\u00e9dia em Barra da Estiva, no sudoeste baiano. A ocorr\u00eancia foi registrada no in\u00edcio da tarde de domingo (9), ap\u00f3s uma grave den\u00fancia de viol\u00eancia dom\u00e9stica. Moradores do Bairro Alto M\u00e9xico acionaram o Centro Integrado de Comunica\u00e7\u00f5es (CICOM) ao ouvirem gritos e perceberem que um homem amea\u00e7ava a companheira e os filhos. Segundo relatos, o suspeito estava armado com um fac\u00e3o e um machado, aumentando o clima de tens\u00e3o. Policiais do 24\u00ba Batalh\u00e3o da Pol\u00edcia Militar chegaram rapidamente ao local e encontraram as v\u00edtimas assustadas, que confirmaram as amea\u00e7as. O homem, no entanto, negou as acusa\u00e7\u00f5es durante a abordagem. Apesar da negativa, a guarni\u00e7\u00e3o decidiu conduzir o suspeito e a companheira at\u00e9 a sede da 20\u00aa Coordenadoria de Pol\u00edcia Civil (20\u00aa COORPIN), em Brumado, para que as medidas legais fossem tomadas. A a\u00e7\u00e3o firme da PM foi essencial para garantir a seguran\u00e7a da mulher e das crian\u00e7as, al\u00e9m de evitar uma poss\u00edvel escalada da viol\u00eancia. O caso ser\u00e1 investigado pela Pol\u00edcia Civil.<\/p>\n","protected":false},"author":2,"featured_media":2359,"comment_status":"open","ping_status":"open","sticky":false,"template":"","format":"standard","meta":{"footnotes":""},"categories":[70,4,3],"tags":[],"class_list":["post-2338","post","type-post","status-publish","format-standard","has-post-thumbnail","hentry","category-barra-da-estiva","category-cidades","category-policia"],"yoast_head":"<!-- This site is optimized with the Yoast SEO plugin v26.5 - https:\/\/yoast.com\/wordpress\/plugins\/seo\/ -->\n<title>Homem amea\u00e7a fam\u00edlia com fac\u00e3o e machado; PM age r\u00e1pido e evita trag\u00e9dia em Barra da Estiva - Sudoesteacontece<\/title>\n<meta name=\"robots\" content=\"index, follow, max-snippet:-1, max-image-preview:large, max-video-preview:-1\" \/>\n<link rel=\"canonical\" href=\"https:\/\/sudoesteacontece.com.br\/?p=2338\" \/>\n<meta property=\"og:locale\" content=\"pt_BR\" \/>\n<meta property=\"og:type\" content=\"article\" \/>\n<meta property=\"og:title\" content=\"Homem amea\u00e7a fam\u00edlia com fac\u00e3o e machado; PM age r\u00e1pido e evita trag\u00e9dia em Barra da Estiva - Sudoesteacontece\" \/>\n<meta property=\"og:description\" content=\"Pol\u00edcia Militar agiu com rapidez e evitou uma poss\u00edvel trag\u00e9dia em Barra da Estiva, no sudoeste baiano. A ocorr\u00eancia foi registrada no in\u00edcio da tarde de domingo (9), ap\u00f3s uma grave den\u00fancia de viol\u00eancia dom\u00e9stica. Moradores do Bairro Alto M\u00e9xico acionaram o Centro Integrado de Comunica\u00e7\u00f5es (CICOM) ao ouvirem gritos e perceberem que um homem amea\u00e7ava a companheira e os filhos. Segundo relatos, o suspeito estava armado com um fac\u00e3o e um machado, aumentando o clima de tens\u00e3o. Policiais do 24\u00ba Batalh\u00e3o da Pol\u00edcia Militar chegaram rapidamente ao local e encontraram as v\u00edtimas assustadas, que confirmaram as amea\u00e7as. O homem, no entanto, negou as acusa\u00e7\u00f5es durante a abordagem. Apesar da negativa, a guarni\u00e7\u00e3o decidiu conduzir o suspeito e a companheira at\u00e9 a sede da 20\u00aa Coordenadoria de Pol\u00edcia Civil (20\u00aa COORPIN), em Brumado, para que as medidas legais fossem tomadas. A a\u00e7\u00e3o firme da PM foi essencial para garantir a seguran\u00e7a da mulher e das crian\u00e7as, al\u00e9m de evitar uma poss\u00edvel escalada da viol\u00eancia. O caso ser\u00e1 investigado pela Pol\u00edcia Civil.\" \/>\n<meta property=\"og:url\" content=\"https:\/\/sudoesteacontece.com.br\/?p=2338\" \/>\n<meta property=\"og:site_name\" content=\"Sudoesteacontece\" \/>\n<meta property=\"article:publisher\" content=\"https:\/\/www.facebook.com\/sudoesteacontece\/?locale=pt_BR\" \/>\n<meta property=\"article:published_time\" content=\"2025-11-11T17:55:53+00:00\" \/>\n<meta property=\"article:modified_time\" content=\"2025-11-11T17:55:54+00:00\" \/>\n<meta property=\"og:image\" content=\"https:\/\/sudoesteacontece.com.br\/wp-content\/uploads\/2025\/11\/Homem-ameaca-familia-com-facao-e-machado-PM-age-rapido-e-evita-tragedia-em-Barra-da-Estiva-sudoeste-acontece.jpg\" \/>\n\t<meta property=\"og:image:width\" content=\"1638\" \/>\n\t<meta property=\"og:image:height\" content=\"922\" \/>\n\t<meta property=\"og:image:type\" content=\"image\/jpeg\" \/>\n<meta name=\"author\" content=\"Washington Tiago\" \/>\n<meta name=\"twitter:card\" content=\"summary_large_image\" \/>\n<meta name=\"twitter:label1\" content=\"Escrito por\" \/>\n\t<meta name=\"twitter:data1\" content=\"Washington Tiago\" \/>\n\t<meta name=\"twitter:label2\" content=\"Est. tempo de leitura\" \/>\n\t<meta name=\"twitter:data2\" content=\"1 minuto\" \/>\n<script type=\"application\/ld+json\" class=\"yoast-schema-graph\">{\"@context\":\"https:\/\/schema.org\",\"@graph\":[{\"@type\":\"Article\",\"@id\":\"https:\/\/sudoesteacontece.com.br\/?p=2338#article\",\"isPartOf\":{\"@id\":\"https:\/\/sudoesteacontece.com.br\/?p=2338\"},\"author\":{\"name\":\"Washington Tiago\",\"@id\":\"https:\/\/sudoesteacontece.com.br\/#\/schema\/person\/3cf2cf009926a9683ebc29d5379fa79c\"},\"headline\":\"Homem amea\u00e7a fam\u00edlia com fac\u00e3o e machado; PM age r\u00e1pido e evita trag\u00e9dia em Barra da Estiva\",\"datePublished\":\"2025-11-11T17:55:53+00:00\",\"dateModified\":\"2025-11-11T17:55:54+00:00\",\"mainEntityOfPage\":{\"@id\":\"https:\/\/sudoesteacontece.com.br\/?p=2338\"},\"wordCount\":217,\"commentCount\":0,\"publisher\":{\"@id\":\"https:\/\/sudoesteacontece.com.br\/#organization\"},\"image\":{\"@id\":\"https:\/\/sudoesteacontece.com.br\/?p=2338#primaryimage\"},\"thumbnailUrl\":\"https:\/\/sudoesteacontece.com.br\/wp-content\/uploads\/2025\/11\/Homem-ameaca-familia-com-facao-e-machado-PM-age-rapido-e-evita-tragedia-em-Barra-da-Estiva-sudoeste-acontece.jpg\",\"articleSection\":[\"Barra da Estiva\",\"Cidades\",\"Pol\u00edcia\"],\"inLanguage\":\"pt-BR\",\"potentialAction\":[{\"@type\":\"CommentAction\",\"name\":\"Comment\",\"target\":[\"https:\/\/sudoesteacontece.com.br\/?p=2338#respond\"]}]},{\"@type\":\"WebPage\",\"@id\":\"https:\/\/sudoesteacontece.com.br\/?p=2338\",\"url\":\"https:\/\/sudoesteacontece.com.br\/?p=2338\",\"name\":\"Homem amea\u00e7a fam\u00edlia com fac\u00e3o e machado; PM age r\u00e1pido e evita trag\u00e9dia em Barra da Estiva - Sudoesteacontece\",\"isPartOf\":{\"@id\":\"https:\/\/sudoesteacontece.com.br\/#website\"},\"primaryImageOfPage\":{\"@id\":\"https:\/\/sudoesteacontece.com.br\/?p=2338#primaryimage\"},\"image\":{\"@id\":\"https:\/\/sudoesteacontece.com.br\/?p=2338#primaryimage\"},\"thumbnailUrl\":\"https:\/\/sudoesteacontece.com.br\/wp-content\/uploads\/2025\/11\/Homem-ameaca-familia-com-facao-e-machado-PM-age-rapido-e-evita-tragedia-em-Barra-da-Estiva-sudoeste-acontece.jpg\",\"datePublished\":\"2025-11-11T17:55:53+00:00\",\"dateModified\":\"2025-11-11T17:55:54+00:00\",\"breadcrumb\":{\"@id\":\"https:\/\/sudoesteacontece.com.br\/?p=2338#breadcrumb\"},\"inLanguage\":\"pt-BR\",\"potentialAction\":[{\"@type\":\"ReadAction\",\"target\":[\"https:\/\/sudoesteacontece.com.br\/?p=2338\"]}]},{\"@type\":\"ImageObject\",\"inLanguage\":\"pt-BR\",\"@id\":\"https:\/\/sudoesteacontece.com.br\/?p=2338#primaryimage\",\"url\":\"https:\/\/sudoesteacontece.com.br\/wp-content\/uploads\/2025\/11\/Homem-ameaca-familia-com-facao-e-machado-PM-age-rapido-e-evita-tragedia-em-Barra-da-Estiva-sudoeste-acontece.jpg\",\"contentUrl\":\"https:\/\/sudoesteacontece.com.br\/wp-content\/uploads\/2025\/11\/Homem-ameaca-familia-com-facao-e-machado-PM-age-rapido-e-evita-tragedia-em-Barra-da-Estiva-sudoeste-acontece.jpg\",\"width\":1638,\"height\":922},{\"@type\":\"BreadcrumbList\",\"@id\":\"https:\/\/sudoesteacontece.com.br\/?p=2338#breadcrumb\",\"itemListElement\":[{\"@type\":\"ListItem\",\"position\":1,\"name\":\"In\u00edcio\",\"item\":\"https:\/\/sudoesteacontece.com.br\/\"},{\"@type\":\"ListItem\",\"position\":2,\"name\":\"Homem amea\u00e7a fam\u00edlia com fac\u00e3o e machado; PM age r\u00e1pido e evita trag\u00e9dia em Barra da Estiva\"}]},{\"@type\":\"WebSite\",\"@id\":\"https:\/\/sudoesteacontece.com.br\/#website\",\"url\":\"https:\/\/sudoesteacontece.com.br\/\",\"name\":\"Sudoesteacontece\",\"description\":\"\",\"publisher\":{\"@id\":\"https:\/\/sudoesteacontece.com.br\/#organization\"},\"potentialAction\":[{\"@type\":\"SearchAction\",\"target\":{\"@type\":\"EntryPoint\",\"urlTemplate\":\"https:\/\/sudoesteacontece.com.br\/?s={search_term_string}\"},\"query-input\":{\"@type\":\"PropertyValueSpecification\",\"valueRequired\":true,\"valueName\":\"search_term_string\"}}],\"inLanguage\":\"pt-BR\"},{\"@type\":\"Organization\",\"@id\":\"https:\/\/sudoesteacontece.com.br\/#organization\",\"name\":\"Sudoesteacontece\",\"url\":\"https:\/\/sudoesteacontece.com.br\/\",\"logo\":{\"@type\":\"ImageObject\",\"inLanguage\":\"pt-BR\",\"@id\":\"https:\/\/sudoesteacontece.com.br\/#\/schema\/logo\/image\/\",\"url\":\"https:\/\/sudoesteacontece.com.br\/wp-content\/uploads\/2025\/12\/cropped-logo-2-180x180-1.png\",\"contentUrl\":\"https:\/\/sudoesteacontece.com.br\/wp-content\/uploads\/2025\/12\/cropped-logo-2-180x180-1.png\",\"width\":180,\"height\":180,\"caption\":\"Sudoesteacontece\"},\"image\":{\"@id\":\"https:\/\/sudoesteacontece.com.br\/#\/schema\/logo\/image\/\"},\"sameAs\":[\"https:\/\/www.facebook.com\/sudoesteacontece\/?locale=pt_BR\"]},{\"@type\":\"Person\",\"@id\":\"https:\/\/sudoesteacontece.com.br\/#\/schema\/person\/3cf2cf009926a9683ebc29d5379fa79c\",\"name\":\"Washington Tiago\",\"image\":{\"@type\":\"ImageObject\",\"inLanguage\":\"pt-BR\",\"@id\":\"https:\/\/sudoesteacontece.com.br\/#\/schema\/person\/image\/\",\"url\":\"https:\/\/secure.gravatar.com\/avatar\/33c43b8668157e040f9d1fe93c354bf087cbd8ba36270c1163198bd3ddcf2a56?s=96&d=mm&r=g\",\"contentUrl\":\"https:\/\/secure.gravatar.com\/avatar\/33c43b8668157e040f9d1fe93c354bf087cbd8ba36270c1163198bd3ddcf2a56?s=96&d=mm&r=g\",\"caption\":\"Washington Tiago\"},\"url\":\"https:\/\/sudoesteacontece.com.br\/?author=2\"}]}<\/script>\n<!-- \/ Yoast SEO plugin. -->","yoast_head_json":{"title":"Homem amea\u00e7a fam\u00edlia com fac\u00e3o e machado; PM age r\u00e1pido e evita trag\u00e9dia em Barra da Estiva - Sudoesteacontece","robots":{"index":"index","follow":"follow","max-snippet":"max-snippet:-1","max-image-preview":"max-image-preview:large","max-video-preview":"max-video-preview:-1"},"canonical":"https:\/\/sudoesteacontece.com.br\/?p=2338","og_locale":"pt_BR","og_type":"article","og_title":"Homem amea\u00e7a fam\u00edlia com fac\u00e3o e machado; PM age r\u00e1pido e evita trag\u00e9dia em Barra da Estiva - Sudoesteacontece","og_description":"Pol\u00edcia Militar agiu com rapidez e evitou uma poss\u00edvel trag\u00e9dia em Barra da Estiva, no sudoeste baiano. A ocorr\u00eancia foi registrada no in\u00edcio da tarde de domingo (9), ap\u00f3s uma grave den\u00fancia de viol\u00eancia dom\u00e9stica. Moradores do Bairro Alto M\u00e9xico acionaram o Centro Integrado de Comunica\u00e7\u00f5es (CICOM) ao ouvirem gritos e perceberem que um homem amea\u00e7ava a companheira e os filhos. Segundo relatos, o suspeito estava armado com um fac\u00e3o e um machado, aumentando o clima de tens\u00e3o. Policiais do 24\u00ba Batalh\u00e3o da Pol\u00edcia Militar chegaram rapidamente ao local e encontraram as v\u00edtimas assustadas, que confirmaram as amea\u00e7as. O homem, no entanto, negou as acusa\u00e7\u00f5es durante a abordagem. Apesar da negativa, a guarni\u00e7\u00e3o decidiu conduzir o suspeito e a companheira at\u00e9 a sede da 20\u00aa Coordenadoria de Pol\u00edcia Civil (20\u00aa COORPIN), em Brumado, para que as medidas legais fossem tomadas. A a\u00e7\u00e3o firme da PM foi essencial para garantir a seguran\u00e7a da mulher e das crian\u00e7as, al\u00e9m de evitar uma poss\u00edvel escalada da viol\u00eancia. O caso ser\u00e1 investigado pela Pol\u00edcia Civil.","og_url":"https:\/\/sudoesteacontece.com.br\/?p=2338","og_site_name":"Sudoesteacontece","article_publisher":"https:\/\/www.facebook.com\/sudoesteacontece\/?locale=pt_BR","article_published_time":"2025-11-11T17:55:53+00:00","article_modified_time":"2025-11-11T17:55:54+00:00","og_image":[{"width":1638,"height":922,"url":"https:\/\/sudoesteacontece.com.br\/wp-content\/uploads\/2025\/11\/Homem-ameaca-familia-com-facao-e-machado-PM-age-rapido-e-evita-tragedia-em-Barra-da-Estiva-sudoeste-acontece.jpg","type":"image\/jpeg"}],"author":"Washington Tiago","twitter_card":"summary_large_image","twitter_misc":{"Escrito por":"Washington Tiago","Est. tempo de leitura":"1 minuto"},"schema":{"@context":"https:\/\/schema.org","@graph":[{"@type":"Article","@id":"https:\/\/sudoesteacontece.com.br\/?p=2338#article","isPartOf":{"@id":"https:\/\/sudoesteacontece.com.br\/?p=2338"},"author":{"name":"Washington Tiago","@id":"https:\/\/sudoesteacontece.com.br\/#\/schema\/person\/3cf2cf009926a9683ebc29d5379fa79c"},"headline":"Homem amea\u00e7a fam\u00edlia com fac\u00e3o e machado; PM age r\u00e1pido e evita trag\u00e9dia em Barra da Estiva","datePublished":"2025-11-11T17:55:53+00:00","dateModified":"2025-11-11T17:55:54+00:00","mainEntityOfPage":{"@id":"https:\/\/sudoesteacontece.com.br\/?p=2338"},"wordCount":217,"commentCount":0,"publisher":{"@id":"https:\/\/sudoesteacontece.com.br\/#organization"},"image":{"@id":"https:\/\/sudoesteacontece.com.br\/?p=2338#primaryimage"},"thumbnailUrl":"https:\/\/sudoesteacontece.com.br\/wp-content\/uploads\/2025\/11\/Homem-ameaca-familia-com-facao-e-machado-PM-age-rapido-e-evita-tragedia-em-Barra-da-Estiva-sudoeste-acontece.jpg","articleSection":["Barra da Estiva","Cidades","Pol\u00edcia"],"inLanguage":"pt-BR","potentialAction":[{"@type":"CommentAction","name":"Comment","target":["https:\/\/sudoesteacontece.com.br\/?p=2338#respond"]}]},{"@type":"WebPage","@id":"https:\/\/sudoesteacontece.com.br\/?p=2338","url":"https:\/\/sudoesteacontece.com.br\/?p=2338","name":"Homem amea\u00e7a fam\u00edlia com fac\u00e3o e machado; PM age r\u00e1pido e evita trag\u00e9dia em Barra da Estiva - Sudoesteacontece","isPartOf":{"@id":"https:\/\/sudoesteacontece.com.br\/#website"},"primaryImageOfPage":{"@id":"https:\/\/sudoesteacontece.com.br\/?p=2338#primaryimage"},"image":{"@id":"https:\/\/sudoesteacontece.com.br\/?p=2338#primaryimage"},"thumbnailUrl":"https:\/\/sudoesteacontece.com.br\/wp-content\/uploads\/2025\/11\/Homem-ameaca-familia-com-facao-e-machado-PM-age-rapido-e-evita-tragedia-em-Barra-da-Estiva-sudoeste-acontece.jpg","datePublished":"2025-11-11T17:55:53+00:00","dateModified":"2025-11-11T17:55:54+00:00","breadcrumb":{"@id":"https:\/\/sudoesteacontece.com.br\/?p=2338#breadcrumb"},"inLanguage":"pt-BR","potentialAction":[{"@type":"ReadAction","target":["https:\/\/sudoesteacontece.com.br\/?p=2338"]}]},{"@type":"ImageObject","inLanguage":"pt-BR","@id":"https:\/\/sudoesteacontece.com.br\/?p=2338#primaryimage","url":"https:\/\/sudoesteacontece.com.br\/wp-content\/uploads\/2025\/11\/Homem-ameaca-familia-com-facao-e-machado-PM-age-rapido-e-evita-tragedia-em-Barra-da-Estiva-sudoeste-acontece.jpg","contentUrl":"https:\/\/sudoesteacontece.com.br\/wp-content\/uploads\/2025\/11\/Homem-ameaca-familia-com-facao-e-machado-PM-age-rapido-e-evita-tragedia-em-Barra-da-Estiva-sudoeste-acontece.jpg","width":1638,"height":922},{"@type":"BreadcrumbList","@id":"https:\/\/sudoesteacontece.com.br\/?p=2338#breadcrumb","itemListElement":[{"@type":"ListItem","position":1,"name":"In\u00edcio","item":"https:\/\/sudoesteacontece.com.br\/"},{"@type":"ListItem","position":2,"name":"Homem amea\u00e7a fam\u00edlia com fac\u00e3o e machado; PM age r\u00e1pido e evita trag\u00e9dia em Barra da Estiva"}]},{"@type":"WebSite","@id":"https:\/\/sudoesteacontece.com.br\/#website","url":"https:\/\/sudoesteacontece.com.br\/","name":"Sudoesteacontece","description":"","publisher":{"@id":"https:\/\/sudoesteacontece.com.br\/#organization"},"potentialAction":[{"@type":"SearchAction","target":{"@type":"EntryPoint","urlTemplate":"https:\/\/sudoesteacontece.com.br\/?s={search_term_string}"},"query-input":{"@type":"PropertyValueSpecification","valueRequired":true,"valueName":"search_term_string"}}],"inLanguage":"pt-BR"},{"@type":"Organization","@id":"https:\/\/sudoesteacontece.com.br\/#organization","name":"Sudoesteacontece","url":"https:\/\/sudoesteacontece.com.br\/","logo":{"@type":"ImageObject","inLanguage":"pt-BR","@id":"https:\/\/sudoesteacontece.com.br\/#\/schema\/logo\/image\/","url":"https:\/\/sudoesteacontece.com.br\/wp-content\/uploads\/2025\/12\/cropped-logo-2-180x180-1.png","contentUrl":"https:\/\/sudoesteacontece.com.br\/wp-content\/uploads\/2025\/12\/cropped-logo-2-180x180-1.png","width":180,"height":180,"caption":"Sudoesteacontece"},"image":{"@id":"https:\/\/sudoesteacontece.com.br\/#\/schema\/logo\/image\/"},"sameAs":["https:\/\/www.facebook.com\/sudoesteacontece\/?locale=pt_BR"]},{"@type":"Person","@id":"https:\/\/sudoesteacontece.com.br\/#\/schema\/person\/3cf2cf009926a9683ebc29d5379fa79c","name":"Washington Tiago","image":{"@type":"ImageObject","inLanguage":"pt-BR","@id":"https:\/\/sudoesteacontece.com.br\/#\/schema\/person\/image\/","url":"https:\/\/secure.gravatar.com\/avatar\/33c43b8668157e040f9d1fe93c354bf087cbd8ba36270c1163198bd3ddcf2a56?s=96&d=mm&r=g","contentUrl":"https:\/\/secure.gravatar.com\/avatar\/33c43b8668157e040f9d1fe93c354bf087cbd8ba36270c1163198bd3ddcf2a56?s=96&d=mm&r=g","caption":"Washington Tiago"},"url":"https:\/\/sudoesteacontece.com.br\/?author=2"}]}},"_links":{"self":[{"href":"https:\/\/sudoesteacontece.com.br\/index.php?rest_route=\/wp\/v2\/posts\/2338","targetHints":{"allow":["GET"]}}],"collection":[{"href":"https:\/\/sudoesteacontece.com.br\/index.php?rest_route=\/wp\/v2\/posts"}],"about":[{"href":"https:\/\/sudoesteacontece.com.br\/index.php?rest_route=\/wp\/v2\/types\/post"}],"author":[{"embeddable":true,"href":"https:\/\/sudoesteacontece.com.br\/index.php?rest_route=\/wp\/v2\/users\/2"}],"replies":[{"embeddable":true,"href":"https:\/\/sudoesteacontece.com.br\/index.php?rest_route=%2Fwp%2Fv2%2Fcomments&post=2338"}],"version-history":[{"count":0,"href":"https:\/\/sudoesteacontece.com.br\/index.php?rest_route=\/wp\/v2\/posts\/2338\/revisions"}],"wp:featuredmedia":[{"embeddable":true,"href":"https:\/\/sudoesteacontece.com.br\/index.php?rest_route=\/wp\/v2\/media\/2359"}],"wp:attachment":[{"href":"https:\/\/sudoesteacontece.com.br\/index.php?rest_route=%2Fwp%2Fv2%2Fmedia&parent=2338"}],"wp:term":[{"taxonomy":"category","embeddable":true,"href":"https:\/\/sudoesteacontece.com.br\/index.php?rest_route=%2Fwp%2Fv2%2Fcategories&post=2338"},{"taxonomy":"post_tag","embeddable":true,"href":"https:\/\/sudoesteacontece.com.br\/index.php?rest_route=%2Fwp%2Fv2%2Ftags&post=2338"}],"curies":[{"name":"wp","href":"https:\/\/api.w.org\/{rel}","templated":true}]}}