{"id":2339,"date":"2025-11-11T14:57:15","date_gmt":"2025-11-11T17:57:15","guid":{"rendered":"https:\/\/sudoesteacontece.com.br\/?p=2339"},"modified":"2025-11-11T14:57:17","modified_gmt":"2025-11-11T17:57:17","slug":"festival-literario-celebra-302-anos-de-rio-de-contas-com-shows-oficinas-e-homenagens-a-ancestralidade","status":"publish","type":"post","link":"https:\/\/sudoesteacontece.com.br\/?p=2339","title":{"rendered":"Festival Liter\u00e1rio celebra 302 anos de Rio de Contas com shows, oficinas e homenagens \u00e0 ancestralidade"},"content":{"rendered":"<div class=\"wp-block-image\">\n<figure class=\"aligncenter size-large\"><img fetchpriority=\"high\" decoding=\"async\" width=\"1024\" height=\"576\" src=\"http:\/\/sudoesteacontece.com.br\/wp-content\/uploads\/2025\/11\/Festival-Literario-celebra-302-anos-de-Rio-de-Contas-com-shows-oficinas-e-homenagens-a-ancestralidade-sudoeste-acontece-1024x576.jpg\" alt=\"\" class=\"wp-image-2361\" srcset=\"https:\/\/sudoesteacontece.com.br\/wp-content\/uploads\/2025\/11\/Festival-Literario-celebra-302-anos-de-Rio-de-Contas-com-shows-oficinas-e-homenagens-a-ancestralidade-sudoeste-acontece-1024x576.jpg 1024w, https:\/\/sudoesteacontece.com.br\/wp-content\/uploads\/2025\/11\/Festival-Literario-celebra-302-anos-de-Rio-de-Contas-com-shows-oficinas-e-homenagens-a-ancestralidade-sudoeste-acontece-300x169.jpg 300w, https:\/\/sudoesteacontece.com.br\/wp-content\/uploads\/2025\/11\/Festival-Literario-celebra-302-anos-de-Rio-de-Contas-com-shows-oficinas-e-homenagens-a-ancestralidade-sudoeste-acontece-768x432.jpg 768w, https:\/\/sudoesteacontece.com.br\/wp-content\/uploads\/2025\/11\/Festival-Literario-celebra-302-anos-de-Rio-de-Contas-com-shows-oficinas-e-homenagens-a-ancestralidade-sudoeste-acontece.jpg 1280w\" sizes=\"(max-width: 1024px) 100vw, 1024px\" \/><\/figure>\n<\/div>\n\n\n<p>A cidade hist\u00f3rica de Rio de Contas vai se transformar em um palco de arte, mem\u00f3ria e literatura. Entre os dias 27 e 29 de novembro, acontece o 1\u00ba Festival Liter\u00e1rio de Rio de Contas (Flircontas), evento que marca as celebra\u00e7\u00f5es pelos 302 anos do munic\u00edpio.<\/p>\n\n\n\n<p>Mesas de conversa, oficinas art\u00edsticas e pedag\u00f3gicas, apresenta\u00e7\u00f5es teatrais e musicais, conta\u00e7\u00f5es de hist\u00f3rias, mostras audiovisuais, lan\u00e7amentos de livros e cortejos com escolas far\u00e3o parte da programa\u00e7\u00e3o. Tudo de forma gratuita e aberta \u00e0 comunidade.<\/p>\n\n\n\n<p>Ana Rosa, diretora de Cultura da cidade, afirmou que o festival ser\u00e1 \u201cmaravilhoso, diverso e muito rico\u201d. Segundo ela, o Flircontas \u00e9 uma oportunidade de \u201ccelebrar a palavra, o territ\u00f3rio e a identidade\u201d de Rio de Contas.<\/p>\n\n\n\n<p>Com o tema \u201cPalavra ancestral: vozes e saberes dos povos tradicionais\u201d, o festival prop\u00f5e uma imers\u00e3o nas ra\u00edzes culturais da Chapada Diamantina. O p\u00fablico vai poder vivenciar experi\u00eancias que dialogam com a literatura, o meio ambiente e a diversidade cultural.<\/p>\n\n\n\n<p>O Olodum est\u00e1 entre as principais atra\u00e7\u00f5es musicais confirmadas. O grupo, s\u00edmbolo da resist\u00eancia e da cultura afro-baiana, promete transformar o centro hist\u00f3rico em um grande terreiro de som e celebra\u00e7\u00e3o.<\/p>\n\n\n\n<p>Rio de Contas, conhecida como a cidade mais antiga da Chapada Diamantina, carrega uma forte presen\u00e7a quilombola e ind\u00edgena em sua forma\u00e7\u00e3o. Por isso, o festival tamb\u00e9m presta homenagem \u00e0s lutas e saberes desses povos, colocando suas vozes no centro da programa\u00e7\u00e3o.<\/p>\n\n\n\n<p>\u201cQueremos dar protagonismo \u00e0s pessoas que constru\u00edram nossa cultura e nossa hist\u00f3ria. Essa \u00e9 a verdadeira ess\u00eancia do Flircontas\u201d, destacou Ana Rosa.<\/p>\n\n\n\n<p>Estima-se que o evento atraia cerca de 10 mil pessoas por dia, movimentando o turismo, a economia criativa e o sentimento de pertencimento da popula\u00e7\u00e3o.<\/p>\n\n\n\n<p>Al\u00e9m das atividades liter\u00e1rias, o p\u00fablico poder\u00e1 explorar os casar\u00f5es coloniais, saborear a culin\u00e1ria local e participar de viv\u00eancias culturais que refor\u00e7am o v\u00ednculo entre mem\u00f3ria, territ\u00f3rio e identidade.<\/p>\n\n\n\n<p>A iniciativa representa um marco para a cultura regional e reafirma o papel de Rio de Contas como ber\u00e7o de tradi\u00e7\u00f5es e ber\u00e7o da palavra viva.<\/p>\n\n\n\n<p>Toda a comunidade regional est\u00e1 convidada a participar dessa grande celebra\u00e7\u00e3o da literatura, da ancestralidade e da diversidade.<\/p>\n","protected":false},"excerpt":{"rendered":"<p>A cidade hist\u00f3rica de Rio de Contas vai se transformar em um palco de arte, mem\u00f3ria e literatura. Entre os dias 27 e 29 de novembro, acontece o 1\u00ba Festival Liter\u00e1rio de Rio de Contas (Flircontas), evento que marca as celebra\u00e7\u00f5es pelos 302 anos do munic\u00edpio. Mesas de conversa, oficinas art\u00edsticas e pedag\u00f3gicas, apresenta\u00e7\u00f5es teatrais e musicais, conta\u00e7\u00f5es de hist\u00f3rias, mostras audiovisuais, lan\u00e7amentos de livros e cortejos com escolas far\u00e3o parte da programa\u00e7\u00e3o. Tudo de forma gratuita e aberta \u00e0 comunidade. Ana Rosa, diretora de Cultura da cidade, afirmou que o festival ser\u00e1 \u201cmaravilhoso, diverso e muito rico\u201d. Segundo ela, o Flircontas \u00e9 uma oportunidade de \u201ccelebrar a palavra, o territ\u00f3rio e a identidade\u201d de Rio de Contas. Com o tema \u201cPalavra ancestral: vozes e saberes dos povos tradicionais\u201d, o festival prop\u00f5e uma imers\u00e3o nas ra\u00edzes culturais da Chapada Diamantina. O p\u00fablico vai poder vivenciar experi\u00eancias que dialogam com a literatura, o meio ambiente e a diversidade cultural. O Olodum est\u00e1 entre as principais atra\u00e7\u00f5es musicais confirmadas. O grupo, s\u00edmbolo da resist\u00eancia e da cultura afro-baiana, promete transformar o centro hist\u00f3rico em um grande terreiro de som e celebra\u00e7\u00e3o. Rio de Contas, conhecida como a cidade mais antiga da Chapada Diamantina, carrega uma forte presen\u00e7a quilombola e ind\u00edgena em sua forma\u00e7\u00e3o. Por isso, o festival tamb\u00e9m presta homenagem \u00e0s lutas e saberes desses povos, colocando suas vozes no centro da programa\u00e7\u00e3o. \u201cQueremos dar protagonismo \u00e0s pessoas que constru\u00edram nossa cultura e nossa hist\u00f3ria. Essa \u00e9 a verdadeira ess\u00eancia do Flircontas\u201d, destacou Ana Rosa. Estima-se que o evento atraia cerca de 10 mil pessoas por dia, movimentando o turismo, a economia criativa e o sentimento de pertencimento da popula\u00e7\u00e3o. Al\u00e9m das atividades liter\u00e1rias, o p\u00fablico poder\u00e1 explorar os casar\u00f5es coloniais, saborear a culin\u00e1ria local e participar de viv\u00eancias culturais que refor\u00e7am o v\u00ednculo entre mem\u00f3ria, territ\u00f3rio e identidade. A iniciativa representa um marco para a cultura regional e reafirma o papel de Rio de Contas como ber\u00e7o de tradi\u00e7\u00f5es e ber\u00e7o da palavra viva. Toda a comunidade regional est\u00e1 convidada a participar dessa grande celebra\u00e7\u00e3o da literatura, da ancestralidade e da diversidade.<\/p>\n","protected":false},"author":2,"featured_media":2361,"comment_status":"open","ping_status":"open","sticky":false,"template":"","format":"standard","meta":{"footnotes":""},"categories":[4,62],"tags":[],"class_list":["post-2339","post","type-post","status-publish","format-standard","has-post-thumbnail","hentry","category-cidades","category-rio-de-contas"],"yoast_head":"<!-- This site is optimized with the Yoast SEO plugin v26.5 - https:\/\/yoast.com\/wordpress\/plugins\/seo\/ -->\n<title>Festival Liter\u00e1rio celebra 302 anos de Rio de Contas com shows, oficinas e homenagens \u00e0 ancestralidade - Sudoesteacontece<\/title>\n<meta name=\"robots\" content=\"index, follow, max-snippet:-1, max-image-preview:large, max-video-preview:-1\" \/>\n<link rel=\"canonical\" href=\"https:\/\/sudoesteacontece.com.br\/?p=2339\" \/>\n<meta property=\"og:locale\" content=\"pt_BR\" \/>\n<meta property=\"og:type\" content=\"article\" \/>\n<meta property=\"og:title\" content=\"Festival Liter\u00e1rio celebra 302 anos de Rio de Contas com shows, oficinas e homenagens \u00e0 ancestralidade - Sudoesteacontece\" \/>\n<meta property=\"og:description\" content=\"A cidade hist\u00f3rica de Rio de Contas vai se transformar em um palco de arte, mem\u00f3ria e literatura. Entre os dias 27 e 29 de novembro, acontece o 1\u00ba Festival Liter\u00e1rio de Rio de Contas (Flircontas), evento que marca as celebra\u00e7\u00f5es pelos 302 anos do munic\u00edpio. Mesas de conversa, oficinas art\u00edsticas e pedag\u00f3gicas, apresenta\u00e7\u00f5es teatrais e musicais, conta\u00e7\u00f5es de hist\u00f3rias, mostras audiovisuais, lan\u00e7amentos de livros e cortejos com escolas far\u00e3o parte da programa\u00e7\u00e3o. Tudo de forma gratuita e aberta \u00e0 comunidade. Ana Rosa, diretora de Cultura da cidade, afirmou que o festival ser\u00e1 \u201cmaravilhoso, diverso e muito rico\u201d. Segundo ela, o Flircontas \u00e9 uma oportunidade de \u201ccelebrar a palavra, o territ\u00f3rio e a identidade\u201d de Rio de Contas. Com o tema \u201cPalavra ancestral: vozes e saberes dos povos tradicionais\u201d, o festival prop\u00f5e uma imers\u00e3o nas ra\u00edzes culturais da Chapada Diamantina. O p\u00fablico vai poder vivenciar experi\u00eancias que dialogam com a literatura, o meio ambiente e a diversidade cultural. O Olodum est\u00e1 entre as principais atra\u00e7\u00f5es musicais confirmadas. O grupo, s\u00edmbolo da resist\u00eancia e da cultura afro-baiana, promete transformar o centro hist\u00f3rico em um grande terreiro de som e celebra\u00e7\u00e3o. Rio de Contas, conhecida como a cidade mais antiga da Chapada Diamantina, carrega uma forte presen\u00e7a quilombola e ind\u00edgena em sua forma\u00e7\u00e3o. Por isso, o festival tamb\u00e9m presta homenagem \u00e0s lutas e saberes desses povos, colocando suas vozes no centro da programa\u00e7\u00e3o. \u201cQueremos dar protagonismo \u00e0s pessoas que constru\u00edram nossa cultura e nossa hist\u00f3ria. Essa \u00e9 a verdadeira ess\u00eancia do Flircontas\u201d, destacou Ana Rosa. Estima-se que o evento atraia cerca de 10 mil pessoas por dia, movimentando o turismo, a economia criativa e o sentimento de pertencimento da popula\u00e7\u00e3o. Al\u00e9m das atividades liter\u00e1rias, o p\u00fablico poder\u00e1 explorar os casar\u00f5es coloniais, saborear a culin\u00e1ria local e participar de viv\u00eancias culturais que refor\u00e7am o v\u00ednculo entre mem\u00f3ria, territ\u00f3rio e identidade. A iniciativa representa um marco para a cultura regional e reafirma o papel de Rio de Contas como ber\u00e7o de tradi\u00e7\u00f5es e ber\u00e7o da palavra viva. Toda a comunidade regional est\u00e1 convidada a participar dessa grande celebra\u00e7\u00e3o da literatura, da ancestralidade e da diversidade.\" \/>\n<meta property=\"og:url\" content=\"https:\/\/sudoesteacontece.com.br\/?p=2339\" \/>\n<meta property=\"og:site_name\" content=\"Sudoesteacontece\" \/>\n<meta property=\"article:publisher\" content=\"https:\/\/www.facebook.com\/sudoesteacontece\/?locale=pt_BR\" \/>\n<meta property=\"article:published_time\" content=\"2025-11-11T17:57:15+00:00\" \/>\n<meta property=\"article:modified_time\" content=\"2025-11-11T17:57:17+00:00\" \/>\n<meta property=\"og:image\" content=\"https:\/\/sudoesteacontece.com.br\/wp-content\/uploads\/2025\/11\/Festival-Literario-celebra-302-anos-de-Rio-de-Contas-com-shows-oficinas-e-homenagens-a-ancestralidade-sudoeste-acontece.jpg\" \/>\n\t<meta property=\"og:image:width\" content=\"1280\" \/>\n\t<meta property=\"og:image:height\" content=\"720\" \/>\n\t<meta property=\"og:image:type\" content=\"image\/jpeg\" \/>\n<meta name=\"author\" content=\"Washington Tiago\" \/>\n<meta name=\"twitter:card\" content=\"summary_large_image\" \/>\n<meta name=\"twitter:label1\" content=\"Escrito por\" \/>\n\t<meta name=\"twitter:data1\" content=\"Washington Tiago\" \/>\n\t<meta name=\"twitter:label2\" content=\"Est. tempo de leitura\" \/>\n\t<meta name=\"twitter:data2\" content=\"2 minutos\" \/>\n<script type=\"application\/ld+json\" class=\"yoast-schema-graph\">{\"@context\":\"https:\/\/schema.org\",\"@graph\":[{\"@type\":\"Article\",\"@id\":\"https:\/\/sudoesteacontece.com.br\/?p=2339#article\",\"isPartOf\":{\"@id\":\"https:\/\/sudoesteacontece.com.br\/?p=2339\"},\"author\":{\"name\":\"Washington Tiago\",\"@id\":\"https:\/\/sudoesteacontece.com.br\/#\/schema\/person\/3cf2cf009926a9683ebc29d5379fa79c\"},\"headline\":\"Festival Liter\u00e1rio celebra 302 anos de Rio de Contas com shows, oficinas e homenagens \u00e0 ancestralidade\",\"datePublished\":\"2025-11-11T17:57:15+00:00\",\"dateModified\":\"2025-11-11T17:57:17+00:00\",\"mainEntityOfPage\":{\"@id\":\"https:\/\/sudoesteacontece.com.br\/?p=2339\"},\"wordCount\":405,\"commentCount\":0,\"publisher\":{\"@id\":\"https:\/\/sudoesteacontece.com.br\/#organization\"},\"image\":{\"@id\":\"https:\/\/sudoesteacontece.com.br\/?p=2339#primaryimage\"},\"thumbnailUrl\":\"https:\/\/sudoesteacontece.com.br\/wp-content\/uploads\/2025\/11\/Festival-Literario-celebra-302-anos-de-Rio-de-Contas-com-shows-oficinas-e-homenagens-a-ancestralidade-sudoeste-acontece.jpg\",\"articleSection\":[\"Cidades\",\"Rio de Contas\"],\"inLanguage\":\"pt-BR\",\"potentialAction\":[{\"@type\":\"CommentAction\",\"name\":\"Comment\",\"target\":[\"https:\/\/sudoesteacontece.com.br\/?p=2339#respond\"]}]},{\"@type\":\"WebPage\",\"@id\":\"https:\/\/sudoesteacontece.com.br\/?p=2339\",\"url\":\"https:\/\/sudoesteacontece.com.br\/?p=2339\",\"name\":\"Festival Liter\u00e1rio celebra 302 anos de Rio de Contas com shows, oficinas e homenagens \u00e0 ancestralidade - Sudoesteacontece\",\"isPartOf\":{\"@id\":\"https:\/\/sudoesteacontece.com.br\/#website\"},\"primaryImageOfPage\":{\"@id\":\"https:\/\/sudoesteacontece.com.br\/?p=2339#primaryimage\"},\"image\":{\"@id\":\"https:\/\/sudoesteacontece.com.br\/?p=2339#primaryimage\"},\"thumbnailUrl\":\"https:\/\/sudoesteacontece.com.br\/wp-content\/uploads\/2025\/11\/Festival-Literario-celebra-302-anos-de-Rio-de-Contas-com-shows-oficinas-e-homenagens-a-ancestralidade-sudoeste-acontece.jpg\",\"datePublished\":\"2025-11-11T17:57:15+00:00\",\"dateModified\":\"2025-11-11T17:57:17+00:00\",\"breadcrumb\":{\"@id\":\"https:\/\/sudoesteacontece.com.br\/?p=2339#breadcrumb\"},\"inLanguage\":\"pt-BR\",\"potentialAction\":[{\"@type\":\"ReadAction\",\"target\":[\"https:\/\/sudoesteacontece.com.br\/?p=2339\"]}]},{\"@type\":\"ImageObject\",\"inLanguage\":\"pt-BR\",\"@id\":\"https:\/\/sudoesteacontece.com.br\/?p=2339#primaryimage\",\"url\":\"https:\/\/sudoesteacontece.com.br\/wp-content\/uploads\/2025\/11\/Festival-Literario-celebra-302-anos-de-Rio-de-Contas-com-shows-oficinas-e-homenagens-a-ancestralidade-sudoeste-acontece.jpg\",\"contentUrl\":\"https:\/\/sudoesteacontece.com.br\/wp-content\/uploads\/2025\/11\/Festival-Literario-celebra-302-anos-de-Rio-de-Contas-com-shows-oficinas-e-homenagens-a-ancestralidade-sudoeste-acontece.jpg\",\"width\":1280,\"height\":720},{\"@type\":\"BreadcrumbList\",\"@id\":\"https:\/\/sudoesteacontece.com.br\/?p=2339#breadcrumb\",\"itemListElement\":[{\"@type\":\"ListItem\",\"position\":1,\"name\":\"In\u00edcio\",\"item\":\"https:\/\/sudoesteacontece.com.br\/\"},{\"@type\":\"ListItem\",\"position\":2,\"name\":\"Festival Liter\u00e1rio celebra 302 anos de Rio de Contas com shows, oficinas e homenagens \u00e0 ancestralidade\"}]},{\"@type\":\"WebSite\",\"@id\":\"https:\/\/sudoesteacontece.com.br\/#website\",\"url\":\"https:\/\/sudoesteacontece.com.br\/\",\"name\":\"Sudoesteacontece\",\"description\":\"\",\"publisher\":{\"@id\":\"https:\/\/sudoesteacontece.com.br\/#organization\"},\"potentialAction\":[{\"@type\":\"SearchAction\",\"target\":{\"@type\":\"EntryPoint\",\"urlTemplate\":\"https:\/\/sudoesteacontece.com.br\/?s={search_term_string}\"},\"query-input\":{\"@type\":\"PropertyValueSpecification\",\"valueRequired\":true,\"valueName\":\"search_term_string\"}}],\"inLanguage\":\"pt-BR\"},{\"@type\":\"Organization\",\"@id\":\"https:\/\/sudoesteacontece.com.br\/#organization\",\"name\":\"Sudoesteacontece\",\"url\":\"https:\/\/sudoesteacontece.com.br\/\",\"logo\":{\"@type\":\"ImageObject\",\"inLanguage\":\"pt-BR\",\"@id\":\"https:\/\/sudoesteacontece.com.br\/#\/schema\/logo\/image\/\",\"url\":\"https:\/\/sudoesteacontece.com.br\/wp-content\/uploads\/2025\/12\/cropped-logo-2-180x180-1.png\",\"contentUrl\":\"https:\/\/sudoesteacontece.com.br\/wp-content\/uploads\/2025\/12\/cropped-logo-2-180x180-1.png\",\"width\":180,\"height\":180,\"caption\":\"Sudoesteacontece\"},\"image\":{\"@id\":\"https:\/\/sudoesteacontece.com.br\/#\/schema\/logo\/image\/\"},\"sameAs\":[\"https:\/\/www.facebook.com\/sudoesteacontece\/?locale=pt_BR\"]},{\"@type\":\"Person\",\"@id\":\"https:\/\/sudoesteacontece.com.br\/#\/schema\/person\/3cf2cf009926a9683ebc29d5379fa79c\",\"name\":\"Washington Tiago\",\"image\":{\"@type\":\"ImageObject\",\"inLanguage\":\"pt-BR\",\"@id\":\"https:\/\/sudoesteacontece.com.br\/#\/schema\/person\/image\/\",\"url\":\"https:\/\/secure.gravatar.com\/avatar\/33c43b8668157e040f9d1fe93c354bf087cbd8ba36270c1163198bd3ddcf2a56?s=96&d=mm&r=g\",\"contentUrl\":\"https:\/\/secure.gravatar.com\/avatar\/33c43b8668157e040f9d1fe93c354bf087cbd8ba36270c1163198bd3ddcf2a56?s=96&d=mm&r=g\",\"caption\":\"Washington Tiago\"},\"url\":\"https:\/\/sudoesteacontece.com.br\/?author=2\"}]}<\/script>\n<!-- \/ Yoast SEO plugin. -->","yoast_head_json":{"title":"Festival Liter\u00e1rio celebra 302 anos de Rio de Contas com shows, oficinas e homenagens \u00e0 ancestralidade - Sudoesteacontece","robots":{"index":"index","follow":"follow","max-snippet":"max-snippet:-1","max-image-preview":"max-image-preview:large","max-video-preview":"max-video-preview:-1"},"canonical":"https:\/\/sudoesteacontece.com.br\/?p=2339","og_locale":"pt_BR","og_type":"article","og_title":"Festival Liter\u00e1rio celebra 302 anos de Rio de Contas com shows, oficinas e homenagens \u00e0 ancestralidade - Sudoesteacontece","og_description":"A cidade hist\u00f3rica de Rio de Contas vai se transformar em um palco de arte, mem\u00f3ria e literatura. Entre os dias 27 e 29 de novembro, acontece o 1\u00ba Festival Liter\u00e1rio de Rio de Contas (Flircontas), evento que marca as celebra\u00e7\u00f5es pelos 302 anos do munic\u00edpio. Mesas de conversa, oficinas art\u00edsticas e pedag\u00f3gicas, apresenta\u00e7\u00f5es teatrais e musicais, conta\u00e7\u00f5es de hist\u00f3rias, mostras audiovisuais, lan\u00e7amentos de livros e cortejos com escolas far\u00e3o parte da programa\u00e7\u00e3o. Tudo de forma gratuita e aberta \u00e0 comunidade. Ana Rosa, diretora de Cultura da cidade, afirmou que o festival ser\u00e1 \u201cmaravilhoso, diverso e muito rico\u201d. Segundo ela, o Flircontas \u00e9 uma oportunidade de \u201ccelebrar a palavra, o territ\u00f3rio e a identidade\u201d de Rio de Contas. Com o tema \u201cPalavra ancestral: vozes e saberes dos povos tradicionais\u201d, o festival prop\u00f5e uma imers\u00e3o nas ra\u00edzes culturais da Chapada Diamantina. O p\u00fablico vai poder vivenciar experi\u00eancias que dialogam com a literatura, o meio ambiente e a diversidade cultural. O Olodum est\u00e1 entre as principais atra\u00e7\u00f5es musicais confirmadas. O grupo, s\u00edmbolo da resist\u00eancia e da cultura afro-baiana, promete transformar o centro hist\u00f3rico em um grande terreiro de som e celebra\u00e7\u00e3o. Rio de Contas, conhecida como a cidade mais antiga da Chapada Diamantina, carrega uma forte presen\u00e7a quilombola e ind\u00edgena em sua forma\u00e7\u00e3o. Por isso, o festival tamb\u00e9m presta homenagem \u00e0s lutas e saberes desses povos, colocando suas vozes no centro da programa\u00e7\u00e3o. \u201cQueremos dar protagonismo \u00e0s pessoas que constru\u00edram nossa cultura e nossa hist\u00f3ria. Essa \u00e9 a verdadeira ess\u00eancia do Flircontas\u201d, destacou Ana Rosa. Estima-se que o evento atraia cerca de 10 mil pessoas por dia, movimentando o turismo, a economia criativa e o sentimento de pertencimento da popula\u00e7\u00e3o. Al\u00e9m das atividades liter\u00e1rias, o p\u00fablico poder\u00e1 explorar os casar\u00f5es coloniais, saborear a culin\u00e1ria local e participar de viv\u00eancias culturais que refor\u00e7am o v\u00ednculo entre mem\u00f3ria, territ\u00f3rio e identidade. A iniciativa representa um marco para a cultura regional e reafirma o papel de Rio de Contas como ber\u00e7o de tradi\u00e7\u00f5es e ber\u00e7o da palavra viva. Toda a comunidade regional est\u00e1 convidada a participar dessa grande celebra\u00e7\u00e3o da literatura, da ancestralidade e da diversidade.","og_url":"https:\/\/sudoesteacontece.com.br\/?p=2339","og_site_name":"Sudoesteacontece","article_publisher":"https:\/\/www.facebook.com\/sudoesteacontece\/?locale=pt_BR","article_published_time":"2025-11-11T17:57:15+00:00","article_modified_time":"2025-11-11T17:57:17+00:00","og_image":[{"width":1280,"height":720,"url":"https:\/\/sudoesteacontece.com.br\/wp-content\/uploads\/2025\/11\/Festival-Literario-celebra-302-anos-de-Rio-de-Contas-com-shows-oficinas-e-homenagens-a-ancestralidade-sudoeste-acontece.jpg","type":"image\/jpeg"}],"author":"Washington Tiago","twitter_card":"summary_large_image","twitter_misc":{"Escrito por":"Washington Tiago","Est. tempo de leitura":"2 minutos"},"schema":{"@context":"https:\/\/schema.org","@graph":[{"@type":"Article","@id":"https:\/\/sudoesteacontece.com.br\/?p=2339#article","isPartOf":{"@id":"https:\/\/sudoesteacontece.com.br\/?p=2339"},"author":{"name":"Washington Tiago","@id":"https:\/\/sudoesteacontece.com.br\/#\/schema\/person\/3cf2cf009926a9683ebc29d5379fa79c"},"headline":"Festival Liter\u00e1rio celebra 302 anos de Rio de Contas com shows, oficinas e homenagens \u00e0 ancestralidade","datePublished":"2025-11-11T17:57:15+00:00","dateModified":"2025-11-11T17:57:17+00:00","mainEntityOfPage":{"@id":"https:\/\/sudoesteacontece.com.br\/?p=2339"},"wordCount":405,"commentCount":0,"publisher":{"@id":"https:\/\/sudoesteacontece.com.br\/#organization"},"image":{"@id":"https:\/\/sudoesteacontece.com.br\/?p=2339#primaryimage"},"thumbnailUrl":"https:\/\/sudoesteacontece.com.br\/wp-content\/uploads\/2025\/11\/Festival-Literario-celebra-302-anos-de-Rio-de-Contas-com-shows-oficinas-e-homenagens-a-ancestralidade-sudoeste-acontece.jpg","articleSection":["Cidades","Rio de Contas"],"inLanguage":"pt-BR","potentialAction":[{"@type":"CommentAction","name":"Comment","target":["https:\/\/sudoesteacontece.com.br\/?p=2339#respond"]}]},{"@type":"WebPage","@id":"https:\/\/sudoesteacontece.com.br\/?p=2339","url":"https:\/\/sudoesteacontece.com.br\/?p=2339","name":"Festival Liter\u00e1rio celebra 302 anos de Rio de Contas com shows, oficinas e homenagens \u00e0 ancestralidade - Sudoesteacontece","isPartOf":{"@id":"https:\/\/sudoesteacontece.com.br\/#website"},"primaryImageOfPage":{"@id":"https:\/\/sudoesteacontece.com.br\/?p=2339#primaryimage"},"image":{"@id":"https:\/\/sudoesteacontece.com.br\/?p=2339#primaryimage"},"thumbnailUrl":"https:\/\/sudoesteacontece.com.br\/wp-content\/uploads\/2025\/11\/Festival-Literario-celebra-302-anos-de-Rio-de-Contas-com-shows-oficinas-e-homenagens-a-ancestralidade-sudoeste-acontece.jpg","datePublished":"2025-11-11T17:57:15+00:00","dateModified":"2025-11-11T17:57:17+00:00","breadcrumb":{"@id":"https:\/\/sudoesteacontece.com.br\/?p=2339#breadcrumb"},"inLanguage":"pt-BR","potentialAction":[{"@type":"ReadAction","target":["https:\/\/sudoesteacontece.com.br\/?p=2339"]}]},{"@type":"ImageObject","inLanguage":"pt-BR","@id":"https:\/\/sudoesteacontece.com.br\/?p=2339#primaryimage","url":"https:\/\/sudoesteacontece.com.br\/wp-content\/uploads\/2025\/11\/Festival-Literario-celebra-302-anos-de-Rio-de-Contas-com-shows-oficinas-e-homenagens-a-ancestralidade-sudoeste-acontece.jpg","contentUrl":"https:\/\/sudoesteacontece.com.br\/wp-content\/uploads\/2025\/11\/Festival-Literario-celebra-302-anos-de-Rio-de-Contas-com-shows-oficinas-e-homenagens-a-ancestralidade-sudoeste-acontece.jpg","width":1280,"height":720},{"@type":"BreadcrumbList","@id":"https:\/\/sudoesteacontece.com.br\/?p=2339#breadcrumb","itemListElement":[{"@type":"ListItem","position":1,"name":"In\u00edcio","item":"https:\/\/sudoesteacontece.com.br\/"},{"@type":"ListItem","position":2,"name":"Festival Liter\u00e1rio celebra 302 anos de Rio de Contas com shows, oficinas e homenagens \u00e0 ancestralidade"}]},{"@type":"WebSite","@id":"https:\/\/sudoesteacontece.com.br\/#website","url":"https:\/\/sudoesteacontece.com.br\/","name":"Sudoesteacontece","description":"","publisher":{"@id":"https:\/\/sudoesteacontece.com.br\/#organization"},"potentialAction":[{"@type":"SearchAction","target":{"@type":"EntryPoint","urlTemplate":"https:\/\/sudoesteacontece.com.br\/?s={search_term_string}"},"query-input":{"@type":"PropertyValueSpecification","valueRequired":true,"valueName":"search_term_string"}}],"inLanguage":"pt-BR"},{"@type":"Organization","@id":"https:\/\/sudoesteacontece.com.br\/#organization","name":"Sudoesteacontece","url":"https:\/\/sudoesteacontece.com.br\/","logo":{"@type":"ImageObject","inLanguage":"pt-BR","@id":"https:\/\/sudoesteacontece.com.br\/#\/schema\/logo\/image\/","url":"https:\/\/sudoesteacontece.com.br\/wp-content\/uploads\/2025\/12\/cropped-logo-2-180x180-1.png","contentUrl":"https:\/\/sudoesteacontece.com.br\/wp-content\/uploads\/2025\/12\/cropped-logo-2-180x180-1.png","width":180,"height":180,"caption":"Sudoesteacontece"},"image":{"@id":"https:\/\/sudoesteacontece.com.br\/#\/schema\/logo\/image\/"},"sameAs":["https:\/\/www.facebook.com\/sudoesteacontece\/?locale=pt_BR"]},{"@type":"Person","@id":"https:\/\/sudoesteacontece.com.br\/#\/schema\/person\/3cf2cf009926a9683ebc29d5379fa79c","name":"Washington Tiago","image":{"@type":"ImageObject","inLanguage":"pt-BR","@id":"https:\/\/sudoesteacontece.com.br\/#\/schema\/person\/image\/","url":"https:\/\/secure.gravatar.com\/avatar\/33c43b8668157e040f9d1fe93c354bf087cbd8ba36270c1163198bd3ddcf2a56?s=96&d=mm&r=g","contentUrl":"https:\/\/secure.gravatar.com\/avatar\/33c43b8668157e040f9d1fe93c354bf087cbd8ba36270c1163198bd3ddcf2a56?s=96&d=mm&r=g","caption":"Washington Tiago"},"url":"https:\/\/sudoesteacontece.com.br\/?author=2"}]}},"_links":{"self":[{"href":"https:\/\/sudoesteacontece.com.br\/index.php?rest_route=\/wp\/v2\/posts\/2339","targetHints":{"allow":["GET"]}}],"collection":[{"href":"https:\/\/sudoesteacontece.com.br\/index.php?rest_route=\/wp\/v2\/posts"}],"about":[{"href":"https:\/\/sudoesteacontece.com.br\/index.php?rest_route=\/wp\/v2\/types\/post"}],"author":[{"embeddable":true,"href":"https:\/\/sudoesteacontece.com.br\/index.php?rest_route=\/wp\/v2\/users\/2"}],"replies":[{"embeddable":true,"href":"https:\/\/sudoesteacontece.com.br\/index.php?rest_route=%2Fwp%2Fv2%2Fcomments&post=2339"}],"version-history":[{"count":0,"href":"https:\/\/sudoesteacontece.com.br\/index.php?rest_route=\/wp\/v2\/posts\/2339\/revisions"}],"wp:featuredmedia":[{"embeddable":true,"href":"https:\/\/sudoesteacontece.com.br\/index.php?rest_route=\/wp\/v2\/media\/2361"}],"wp:attachment":[{"href":"https:\/\/sudoesteacontece.com.br\/index.php?rest_route=%2Fwp%2Fv2%2Fmedia&parent=2339"}],"wp:term":[{"taxonomy":"category","embeddable":true,"href":"https:\/\/sudoesteacontece.com.br\/index.php?rest_route=%2Fwp%2Fv2%2Fcategories&post=2339"},{"taxonomy":"post_tag","embeddable":true,"href":"https:\/\/sudoesteacontece.com.br\/index.php?rest_route=%2Fwp%2Fv2%2Ftags&post=2339"}],"curies":[{"name":"wp","href":"https:\/\/api.w.org\/{rel}","templated":true}]}}