{"id":2341,"date":"2025-11-11T15:02:21","date_gmt":"2025-11-11T18:02:21","guid":{"rendered":"https:\/\/sudoesteacontece.com.br\/?p=2341"},"modified":"2025-11-11T15:02:23","modified_gmt":"2025-11-11T18:02:23","slug":"fabricio-abrantes-reune-secretariado-e-defesa-civil-para-conter-danos-das-chuvas","status":"publish","type":"post","link":"https:\/\/sudoesteacontece.com.br\/?p=2341","title":{"rendered":"Fabr\u00edcio Abrantes re\u00fane secretariado e Defesa Civil para conter danos das chuvas"},"content":{"rendered":"\n<figure class=\"wp-block-image size-large\"><img fetchpriority=\"high\" decoding=\"async\" width=\"1024\" height=\"683\" src=\"http:\/\/sudoesteacontece.com.br\/wp-content\/uploads\/2025\/11\/Fabricio-Abrantes-reune-secretariado-e-Defesa-Civil-para-conter-danos-das-chuvas-sudoeste-acontece-1024x683.jpg\" alt=\"\" class=\"wp-image-2363\" srcset=\"https:\/\/sudoesteacontece.com.br\/wp-content\/uploads\/2025\/11\/Fabricio-Abrantes-reune-secretariado-e-Defesa-Civil-para-conter-danos-das-chuvas-sudoeste-acontece-1024x683.jpg 1024w, https:\/\/sudoesteacontece.com.br\/wp-content\/uploads\/2025\/11\/Fabricio-Abrantes-reune-secretariado-e-Defesa-Civil-para-conter-danos-das-chuvas-sudoeste-acontece-300x200.jpg 300w, https:\/\/sudoesteacontece.com.br\/wp-content\/uploads\/2025\/11\/Fabricio-Abrantes-reune-secretariado-e-Defesa-Civil-para-conter-danos-das-chuvas-sudoeste-acontece-768x512.jpg 768w, https:\/\/sudoesteacontece.com.br\/wp-content\/uploads\/2025\/11\/Fabricio-Abrantes-reune-secretariado-e-Defesa-Civil-para-conter-danos-das-chuvas-sudoeste-acontece.jpg 1500w\" sizes=\"(max-width: 1024px) 100vw, 1024px\" \/><\/figure>\n\n\n\n<p>O prefeito Fabr\u00edcio Abrantes (Avante) reuniu, nesta segunda-feira (10), uma for\u00e7a-tarefa emergencial para enfrentar os impactos provocados pelas fortes chuvas que atingiram Brumado, no sudoeste da Bahia.<\/p>\n\n\n\n<p>A reuni\u00e3o contou com a presen\u00e7a de secret\u00e1rios municipais, representantes da Defesa Civil, da C\u00e2mara de Vereadores e t\u00e9cnicos de v\u00e1rias pastas envolvidas no trabalho de resposta e preven\u00e7\u00e3o.<\/p>\n\n\n\n<p>Durante o encontro, o prefeito destacou a cria\u00e7\u00e3o de uma comiss\u00e3o especial para coordenar as a\u00e7\u00f5es de reparo e mitiga\u00e7\u00e3o dos danos. \u201cAvaliamos os estragos, identificamos os pontos mais cr\u00edticos e tra\u00e7amos um plano de resposta imediata. J\u00e1 estamos em contato com o Governo do Estado e o Governo Federal para solicitar apoio t\u00e9cnico e financeiro\u201d, afirmou.<\/p>\n\n\n\n<p>Segundo Abrantes, as medidas incluem mutir\u00f5es de limpeza de entulho e detritos, refor\u00e7o nas equipes de tapa-buracos e o monitoramento constante de \u00e1reas de risco. \u201cQueremos tranquilizar a popula\u00e7\u00e3o. Poder p\u00fablico est\u00e1 nas ruas, atuando para minimizar os danos e prevenir novas ocorr\u00eancias\u201d, assegurou.<\/p>\n\n\n\n<p>Prefeito tamb\u00e9m ressaltou que a prioridade \u00e9 garantir a seguran\u00e7a das fam\u00edlias que vivem em regi\u00f5es vulner\u00e1veis. \u201cNenhum morador ficar\u00e1 sem assist\u00eancia. Vamos agir com rapidez e transpar\u00eancia\u201d, refor\u00e7ou.<\/p>\n\n\n\n<p>Presidente da C\u00e2mara Municipal, vereador Rubens Ara\u00fajo, participou da reuni\u00e3o e defendeu a uni\u00e3o de esfor\u00e7os. \u201cA comunica\u00e7\u00e3o entre o Legislativo e o Executivo \u00e9 essencial. H\u00e1 problemas cr\u00f4nicos em Brumado, e essa articula\u00e7\u00e3o \u00e9 o caminho para super\u00e1-los\u201d, disse.<\/p>\n\n\n\n<p>Coordenador da Defesa Civil Municipal, Sim\u00e3o Dutra, informou que as equipes j\u00e1 realizaram vistorias t\u00e9cnicas e a\u00e7\u00f5es emergenciais em diversos pontos da cidade. \u201cRegistramos alagamentos, quedas de \u00e1rvores e danos estruturais em im\u00f3veis. Agora, entramos na fase preventiva, para reduzir os riscos antes de novos temporais\u201d, explicou.<\/p>\n\n\n\n<p>De acordo com Dutra, a Defesa Civil mant\u00e9m plant\u00e3o permanente para atender chamados da popula\u00e7\u00e3o. \u201cA orienta\u00e7\u00e3o \u00e9 clara: moradores de \u00e1reas de risco devem deixar suas casas caso as chuvas se intensifiquem. Estamos prontos para prestar todo suporte necess\u00e1rio\u201d, completou.<\/p>\n\n\n\n<p>Nas redes sociais, moradores relataram momentos de tens\u00e3o durante o temporal, com ruas alagadas e dificuldade de acesso em alguns bairros. A prefeitura afirmou que o mapeamento dos pontos cr\u00edticos ser\u00e1 atualizado ainda nesta semana e que m\u00e1quinas e equipes operacionais j\u00e1 est\u00e3o mobilizadas.<\/p>\n\n\n\n<p>Com previs\u00e3o de novas pancadas de chuva para os pr\u00f3ximos dias, a gest\u00e3o municipal refor\u00e7a que a preven\u00e7\u00e3o \u00e9 a melhor estrat\u00e9gia. \u201cVamos trabalhar firmes para reconstruir o que foi danificado e proteger nossa popula\u00e7\u00e3o\u201d, concluiu o prefeito.<\/p>\n","protected":false},"excerpt":{"rendered":"<p>O prefeito Fabr\u00edcio Abrantes (Avante) reuniu, nesta segunda-feira (10), uma for\u00e7a-tarefa emergencial para enfrentar os impactos provocados pelas fortes chuvas que atingiram Brumado, no sudoeste da Bahia. A reuni\u00e3o contou com a presen\u00e7a de secret\u00e1rios municipais, representantes da Defesa Civil, da C\u00e2mara de Vereadores e t\u00e9cnicos de v\u00e1rias pastas envolvidas no trabalho de resposta e preven\u00e7\u00e3o. Durante o encontro, o prefeito destacou a cria\u00e7\u00e3o de uma comiss\u00e3o especial para coordenar as a\u00e7\u00f5es de reparo e mitiga\u00e7\u00e3o dos danos. \u201cAvaliamos os estragos, identificamos os pontos mais cr\u00edticos e tra\u00e7amos um plano de resposta imediata. J\u00e1 estamos em contato com o Governo do Estado e o Governo Federal para solicitar apoio t\u00e9cnico e financeiro\u201d, afirmou. Segundo Abrantes, as medidas incluem mutir\u00f5es de limpeza de entulho e detritos, refor\u00e7o nas equipes de tapa-buracos e o monitoramento constante de \u00e1reas de risco. \u201cQueremos tranquilizar a popula\u00e7\u00e3o. Poder p\u00fablico est\u00e1 nas ruas, atuando para minimizar os danos e prevenir novas ocorr\u00eancias\u201d, assegurou. Prefeito tamb\u00e9m ressaltou que a prioridade \u00e9 garantir a seguran\u00e7a das fam\u00edlias que vivem em regi\u00f5es vulner\u00e1veis. \u201cNenhum morador ficar\u00e1 sem assist\u00eancia. Vamos agir com rapidez e transpar\u00eancia\u201d, refor\u00e7ou. Presidente da C\u00e2mara Municipal, vereador Rubens Ara\u00fajo, participou da reuni\u00e3o e defendeu a uni\u00e3o de esfor\u00e7os. \u201cA comunica\u00e7\u00e3o entre o Legislativo e o Executivo \u00e9 essencial. H\u00e1 problemas cr\u00f4nicos em Brumado, e essa articula\u00e7\u00e3o \u00e9 o caminho para super\u00e1-los\u201d, disse. Coordenador da Defesa Civil Municipal, Sim\u00e3o Dutra, informou que as equipes j\u00e1 realizaram vistorias t\u00e9cnicas e a\u00e7\u00f5es emergenciais em diversos pontos da cidade. \u201cRegistramos alagamentos, quedas de \u00e1rvores e danos estruturais em im\u00f3veis. Agora, entramos na fase preventiva, para reduzir os riscos antes de novos temporais\u201d, explicou. De acordo com Dutra, a Defesa Civil mant\u00e9m plant\u00e3o permanente para atender chamados da popula\u00e7\u00e3o. \u201cA orienta\u00e7\u00e3o \u00e9 clara: moradores de \u00e1reas de risco devem deixar suas casas caso as chuvas se intensifiquem. Estamos prontos para prestar todo suporte necess\u00e1rio\u201d, completou. Nas redes sociais, moradores relataram momentos de tens\u00e3o durante o temporal, com ruas alagadas e dificuldade de acesso em alguns bairros. A prefeitura afirmou que o mapeamento dos pontos cr\u00edticos ser\u00e1 atualizado ainda nesta semana e que m\u00e1quinas e equipes operacionais j\u00e1 est\u00e3o mobilizadas. Com previs\u00e3o de novas pancadas de chuva para os pr\u00f3ximos dias, a gest\u00e3o municipal refor\u00e7a que a preven\u00e7\u00e3o \u00e9 a melhor estrat\u00e9gia. \u201cVamos trabalhar firmes para reconstruir o que foi danificado e proteger nossa popula\u00e7\u00e3o\u201d, concluiu o prefeito.<\/p>\n","protected":false},"author":2,"featured_media":2363,"comment_status":"open","ping_status":"open","sticky":false,"template":"","format":"standard","meta":{"footnotes":""},"categories":[10,4,6],"tags":[],"class_list":["post-2341","post","type-post","status-publish","format-standard","has-post-thumbnail","hentry","category-brumado","category-cidades","category-politica"],"yoast_head":"<!-- This site is optimized with the Yoast SEO plugin v26.5 - https:\/\/yoast.com\/wordpress\/plugins\/seo\/ -->\n<title>Fabr\u00edcio Abrantes re\u00fane secretariado e Defesa Civil para conter danos das chuvas - Sudoesteacontece<\/title>\n<meta name=\"robots\" content=\"index, follow, max-snippet:-1, max-image-preview:large, max-video-preview:-1\" \/>\n<link rel=\"canonical\" href=\"https:\/\/sudoesteacontece.com.br\/?p=2341\" \/>\n<meta property=\"og:locale\" content=\"pt_BR\" \/>\n<meta property=\"og:type\" content=\"article\" \/>\n<meta property=\"og:title\" content=\"Fabr\u00edcio Abrantes re\u00fane secretariado e Defesa Civil para conter danos das chuvas - Sudoesteacontece\" \/>\n<meta property=\"og:description\" content=\"O prefeito Fabr\u00edcio Abrantes (Avante) reuniu, nesta segunda-feira (10), uma for\u00e7a-tarefa emergencial para enfrentar os impactos provocados pelas fortes chuvas que atingiram Brumado, no sudoeste da Bahia. A reuni\u00e3o contou com a presen\u00e7a de secret\u00e1rios municipais, representantes da Defesa Civil, da C\u00e2mara de Vereadores e t\u00e9cnicos de v\u00e1rias pastas envolvidas no trabalho de resposta e preven\u00e7\u00e3o. Durante o encontro, o prefeito destacou a cria\u00e7\u00e3o de uma comiss\u00e3o especial para coordenar as a\u00e7\u00f5es de reparo e mitiga\u00e7\u00e3o dos danos. \u201cAvaliamos os estragos, identificamos os pontos mais cr\u00edticos e tra\u00e7amos um plano de resposta imediata. J\u00e1 estamos em contato com o Governo do Estado e o Governo Federal para solicitar apoio t\u00e9cnico e financeiro\u201d, afirmou. Segundo Abrantes, as medidas incluem mutir\u00f5es de limpeza de entulho e detritos, refor\u00e7o nas equipes de tapa-buracos e o monitoramento constante de \u00e1reas de risco. \u201cQueremos tranquilizar a popula\u00e7\u00e3o. Poder p\u00fablico est\u00e1 nas ruas, atuando para minimizar os danos e prevenir novas ocorr\u00eancias\u201d, assegurou. Prefeito tamb\u00e9m ressaltou que a prioridade \u00e9 garantir a seguran\u00e7a das fam\u00edlias que vivem em regi\u00f5es vulner\u00e1veis. \u201cNenhum morador ficar\u00e1 sem assist\u00eancia. Vamos agir com rapidez e transpar\u00eancia\u201d, refor\u00e7ou. Presidente da C\u00e2mara Municipal, vereador Rubens Ara\u00fajo, participou da reuni\u00e3o e defendeu a uni\u00e3o de esfor\u00e7os. \u201cA comunica\u00e7\u00e3o entre o Legislativo e o Executivo \u00e9 essencial. H\u00e1 problemas cr\u00f4nicos em Brumado, e essa articula\u00e7\u00e3o \u00e9 o caminho para super\u00e1-los\u201d, disse. Coordenador da Defesa Civil Municipal, Sim\u00e3o Dutra, informou que as equipes j\u00e1 realizaram vistorias t\u00e9cnicas e a\u00e7\u00f5es emergenciais em diversos pontos da cidade. \u201cRegistramos alagamentos, quedas de \u00e1rvores e danos estruturais em im\u00f3veis. Agora, entramos na fase preventiva, para reduzir os riscos antes de novos temporais\u201d, explicou. De acordo com Dutra, a Defesa Civil mant\u00e9m plant\u00e3o permanente para atender chamados da popula\u00e7\u00e3o. \u201cA orienta\u00e7\u00e3o \u00e9 clara: moradores de \u00e1reas de risco devem deixar suas casas caso as chuvas se intensifiquem. Estamos prontos para prestar todo suporte necess\u00e1rio\u201d, completou. Nas redes sociais, moradores relataram momentos de tens\u00e3o durante o temporal, com ruas alagadas e dificuldade de acesso em alguns bairros. A prefeitura afirmou que o mapeamento dos pontos cr\u00edticos ser\u00e1 atualizado ainda nesta semana e que m\u00e1quinas e equipes operacionais j\u00e1 est\u00e3o mobilizadas. Com previs\u00e3o de novas pancadas de chuva para os pr\u00f3ximos dias, a gest\u00e3o municipal refor\u00e7a que a preven\u00e7\u00e3o \u00e9 a melhor estrat\u00e9gia. \u201cVamos trabalhar firmes para reconstruir o que foi danificado e proteger nossa popula\u00e7\u00e3o\u201d, concluiu o prefeito.\" \/>\n<meta property=\"og:url\" content=\"https:\/\/sudoesteacontece.com.br\/?p=2341\" \/>\n<meta property=\"og:site_name\" content=\"Sudoesteacontece\" \/>\n<meta property=\"article:publisher\" content=\"https:\/\/www.facebook.com\/sudoesteacontece\/?locale=pt_BR\" \/>\n<meta property=\"article:published_time\" content=\"2025-11-11T18:02:21+00:00\" \/>\n<meta property=\"article:modified_time\" content=\"2025-11-11T18:02:23+00:00\" \/>\n<meta property=\"og:image\" content=\"https:\/\/sudoesteacontece.com.br\/wp-content\/uploads\/2025\/11\/Fabricio-Abrantes-reune-secretariado-e-Defesa-Civil-para-conter-danos-das-chuvas-sudoeste-acontece.jpg\" \/>\n\t<meta property=\"og:image:width\" content=\"1500\" \/>\n\t<meta property=\"og:image:height\" content=\"1000\" \/>\n\t<meta property=\"og:image:type\" content=\"image\/jpeg\" \/>\n<meta name=\"author\" content=\"Washington Tiago\" \/>\n<meta name=\"twitter:card\" content=\"summary_large_image\" \/>\n<meta name=\"twitter:label1\" content=\"Escrito por\" \/>\n\t<meta name=\"twitter:data1\" content=\"Washington Tiago\" \/>\n\t<meta name=\"twitter:label2\" content=\"Est. tempo de leitura\" \/>\n\t<meta name=\"twitter:data2\" content=\"2 minutos\" \/>\n<script type=\"application\/ld+json\" class=\"yoast-schema-graph\">{\"@context\":\"https:\/\/schema.org\",\"@graph\":[{\"@type\":\"Article\",\"@id\":\"https:\/\/sudoesteacontece.com.br\/?p=2341#article\",\"isPartOf\":{\"@id\":\"https:\/\/sudoesteacontece.com.br\/?p=2341\"},\"author\":{\"name\":\"Washington Tiago\",\"@id\":\"https:\/\/sudoesteacontece.com.br\/#\/schema\/person\/3cf2cf009926a9683ebc29d5379fa79c\"},\"headline\":\"Fabr\u00edcio Abrantes re\u00fane secretariado e Defesa Civil para conter danos das chuvas\",\"datePublished\":\"2025-11-11T18:02:21+00:00\",\"dateModified\":\"2025-11-11T18:02:23+00:00\",\"mainEntityOfPage\":{\"@id\":\"https:\/\/sudoesteacontece.com.br\/?p=2341\"},\"wordCount\":462,\"commentCount\":0,\"publisher\":{\"@id\":\"https:\/\/sudoesteacontece.com.br\/#organization\"},\"image\":{\"@id\":\"https:\/\/sudoesteacontece.com.br\/?p=2341#primaryimage\"},\"thumbnailUrl\":\"https:\/\/sudoesteacontece.com.br\/wp-content\/uploads\/2025\/11\/Fabricio-Abrantes-reune-secretariado-e-Defesa-Civil-para-conter-danos-das-chuvas-sudoeste-acontece.jpg\",\"articleSection\":[\"Brumado\",\"Cidades\",\"Pol\u00edtica\"],\"inLanguage\":\"pt-BR\",\"potentialAction\":[{\"@type\":\"CommentAction\",\"name\":\"Comment\",\"target\":[\"https:\/\/sudoesteacontece.com.br\/?p=2341#respond\"]}]},{\"@type\":\"WebPage\",\"@id\":\"https:\/\/sudoesteacontece.com.br\/?p=2341\",\"url\":\"https:\/\/sudoesteacontece.com.br\/?p=2341\",\"name\":\"Fabr\u00edcio Abrantes re\u00fane secretariado e Defesa Civil para conter danos das chuvas - Sudoesteacontece\",\"isPartOf\":{\"@id\":\"https:\/\/sudoesteacontece.com.br\/#website\"},\"primaryImageOfPage\":{\"@id\":\"https:\/\/sudoesteacontece.com.br\/?p=2341#primaryimage\"},\"image\":{\"@id\":\"https:\/\/sudoesteacontece.com.br\/?p=2341#primaryimage\"},\"thumbnailUrl\":\"https:\/\/sudoesteacontece.com.br\/wp-content\/uploads\/2025\/11\/Fabricio-Abrantes-reune-secretariado-e-Defesa-Civil-para-conter-danos-das-chuvas-sudoeste-acontece.jpg\",\"datePublished\":\"2025-11-11T18:02:21+00:00\",\"dateModified\":\"2025-11-11T18:02:23+00:00\",\"breadcrumb\":{\"@id\":\"https:\/\/sudoesteacontece.com.br\/?p=2341#breadcrumb\"},\"inLanguage\":\"pt-BR\",\"potentialAction\":[{\"@type\":\"ReadAction\",\"target\":[\"https:\/\/sudoesteacontece.com.br\/?p=2341\"]}]},{\"@type\":\"ImageObject\",\"inLanguage\":\"pt-BR\",\"@id\":\"https:\/\/sudoesteacontece.com.br\/?p=2341#primaryimage\",\"url\":\"https:\/\/sudoesteacontece.com.br\/wp-content\/uploads\/2025\/11\/Fabricio-Abrantes-reune-secretariado-e-Defesa-Civil-para-conter-danos-das-chuvas-sudoeste-acontece.jpg\",\"contentUrl\":\"https:\/\/sudoesteacontece.com.br\/wp-content\/uploads\/2025\/11\/Fabricio-Abrantes-reune-secretariado-e-Defesa-Civil-para-conter-danos-das-chuvas-sudoeste-acontece.jpg\",\"width\":1500,\"height\":1000},{\"@type\":\"BreadcrumbList\",\"@id\":\"https:\/\/sudoesteacontece.com.br\/?p=2341#breadcrumb\",\"itemListElement\":[{\"@type\":\"ListItem\",\"position\":1,\"name\":\"In\u00edcio\",\"item\":\"https:\/\/sudoesteacontece.com.br\/\"},{\"@type\":\"ListItem\",\"position\":2,\"name\":\"Fabr\u00edcio Abrantes re\u00fane secretariado e Defesa Civil para conter danos das chuvas\"}]},{\"@type\":\"WebSite\",\"@id\":\"https:\/\/sudoesteacontece.com.br\/#website\",\"url\":\"https:\/\/sudoesteacontece.com.br\/\",\"name\":\"Sudoesteacontece\",\"description\":\"\",\"publisher\":{\"@id\":\"https:\/\/sudoesteacontece.com.br\/#organization\"},\"potentialAction\":[{\"@type\":\"SearchAction\",\"target\":{\"@type\":\"EntryPoint\",\"urlTemplate\":\"https:\/\/sudoesteacontece.com.br\/?s={search_term_string}\"},\"query-input\":{\"@type\":\"PropertyValueSpecification\",\"valueRequired\":true,\"valueName\":\"search_term_string\"}}],\"inLanguage\":\"pt-BR\"},{\"@type\":\"Organization\",\"@id\":\"https:\/\/sudoesteacontece.com.br\/#organization\",\"name\":\"Sudoesteacontece\",\"url\":\"https:\/\/sudoesteacontece.com.br\/\",\"logo\":{\"@type\":\"ImageObject\",\"inLanguage\":\"pt-BR\",\"@id\":\"https:\/\/sudoesteacontece.com.br\/#\/schema\/logo\/image\/\",\"url\":\"https:\/\/sudoesteacontece.com.br\/wp-content\/uploads\/2025\/12\/cropped-logo-2-180x180-1.png\",\"contentUrl\":\"https:\/\/sudoesteacontece.com.br\/wp-content\/uploads\/2025\/12\/cropped-logo-2-180x180-1.png\",\"width\":180,\"height\":180,\"caption\":\"Sudoesteacontece\"},\"image\":{\"@id\":\"https:\/\/sudoesteacontece.com.br\/#\/schema\/logo\/image\/\"},\"sameAs\":[\"https:\/\/www.facebook.com\/sudoesteacontece\/?locale=pt_BR\"]},{\"@type\":\"Person\",\"@id\":\"https:\/\/sudoesteacontece.com.br\/#\/schema\/person\/3cf2cf009926a9683ebc29d5379fa79c\",\"name\":\"Washington Tiago\",\"image\":{\"@type\":\"ImageObject\",\"inLanguage\":\"pt-BR\",\"@id\":\"https:\/\/sudoesteacontece.com.br\/#\/schema\/person\/image\/\",\"url\":\"https:\/\/secure.gravatar.com\/avatar\/33c43b8668157e040f9d1fe93c354bf087cbd8ba36270c1163198bd3ddcf2a56?s=96&d=mm&r=g\",\"contentUrl\":\"https:\/\/secure.gravatar.com\/avatar\/33c43b8668157e040f9d1fe93c354bf087cbd8ba36270c1163198bd3ddcf2a56?s=96&d=mm&r=g\",\"caption\":\"Washington Tiago\"},\"url\":\"https:\/\/sudoesteacontece.com.br\/?author=2\"}]}<\/script>\n<!-- \/ Yoast SEO plugin. -->","yoast_head_json":{"title":"Fabr\u00edcio Abrantes re\u00fane secretariado e Defesa Civil para conter danos das chuvas - Sudoesteacontece","robots":{"index":"index","follow":"follow","max-snippet":"max-snippet:-1","max-image-preview":"max-image-preview:large","max-video-preview":"max-video-preview:-1"},"canonical":"https:\/\/sudoesteacontece.com.br\/?p=2341","og_locale":"pt_BR","og_type":"article","og_title":"Fabr\u00edcio Abrantes re\u00fane secretariado e Defesa Civil para conter danos das chuvas - Sudoesteacontece","og_description":"O prefeito Fabr\u00edcio Abrantes (Avante) reuniu, nesta segunda-feira (10), uma for\u00e7a-tarefa emergencial para enfrentar os impactos provocados pelas fortes chuvas que atingiram Brumado, no sudoeste da Bahia. A reuni\u00e3o contou com a presen\u00e7a de secret\u00e1rios municipais, representantes da Defesa Civil, da C\u00e2mara de Vereadores e t\u00e9cnicos de v\u00e1rias pastas envolvidas no trabalho de resposta e preven\u00e7\u00e3o. Durante o encontro, o prefeito destacou a cria\u00e7\u00e3o de uma comiss\u00e3o especial para coordenar as a\u00e7\u00f5es de reparo e mitiga\u00e7\u00e3o dos danos. \u201cAvaliamos os estragos, identificamos os pontos mais cr\u00edticos e tra\u00e7amos um plano de resposta imediata. J\u00e1 estamos em contato com o Governo do Estado e o Governo Federal para solicitar apoio t\u00e9cnico e financeiro\u201d, afirmou. Segundo Abrantes, as medidas incluem mutir\u00f5es de limpeza de entulho e detritos, refor\u00e7o nas equipes de tapa-buracos e o monitoramento constante de \u00e1reas de risco. \u201cQueremos tranquilizar a popula\u00e7\u00e3o. Poder p\u00fablico est\u00e1 nas ruas, atuando para minimizar os danos e prevenir novas ocorr\u00eancias\u201d, assegurou. Prefeito tamb\u00e9m ressaltou que a prioridade \u00e9 garantir a seguran\u00e7a das fam\u00edlias que vivem em regi\u00f5es vulner\u00e1veis. \u201cNenhum morador ficar\u00e1 sem assist\u00eancia. Vamos agir com rapidez e transpar\u00eancia\u201d, refor\u00e7ou. Presidente da C\u00e2mara Municipal, vereador Rubens Ara\u00fajo, participou da reuni\u00e3o e defendeu a uni\u00e3o de esfor\u00e7os. \u201cA comunica\u00e7\u00e3o entre o Legislativo e o Executivo \u00e9 essencial. H\u00e1 problemas cr\u00f4nicos em Brumado, e essa articula\u00e7\u00e3o \u00e9 o caminho para super\u00e1-los\u201d, disse. Coordenador da Defesa Civil Municipal, Sim\u00e3o Dutra, informou que as equipes j\u00e1 realizaram vistorias t\u00e9cnicas e a\u00e7\u00f5es emergenciais em diversos pontos da cidade. \u201cRegistramos alagamentos, quedas de \u00e1rvores e danos estruturais em im\u00f3veis. Agora, entramos na fase preventiva, para reduzir os riscos antes de novos temporais\u201d, explicou. De acordo com Dutra, a Defesa Civil mant\u00e9m plant\u00e3o permanente para atender chamados da popula\u00e7\u00e3o. \u201cA orienta\u00e7\u00e3o \u00e9 clara: moradores de \u00e1reas de risco devem deixar suas casas caso as chuvas se intensifiquem. Estamos prontos para prestar todo suporte necess\u00e1rio\u201d, completou. Nas redes sociais, moradores relataram momentos de tens\u00e3o durante o temporal, com ruas alagadas e dificuldade de acesso em alguns bairros. A prefeitura afirmou que o mapeamento dos pontos cr\u00edticos ser\u00e1 atualizado ainda nesta semana e que m\u00e1quinas e equipes operacionais j\u00e1 est\u00e3o mobilizadas. Com previs\u00e3o de novas pancadas de chuva para os pr\u00f3ximos dias, a gest\u00e3o municipal refor\u00e7a que a preven\u00e7\u00e3o \u00e9 a melhor estrat\u00e9gia. \u201cVamos trabalhar firmes para reconstruir o que foi danificado e proteger nossa popula\u00e7\u00e3o\u201d, concluiu o prefeito.","og_url":"https:\/\/sudoesteacontece.com.br\/?p=2341","og_site_name":"Sudoesteacontece","article_publisher":"https:\/\/www.facebook.com\/sudoesteacontece\/?locale=pt_BR","article_published_time":"2025-11-11T18:02:21+00:00","article_modified_time":"2025-11-11T18:02:23+00:00","og_image":[{"width":1500,"height":1000,"url":"https:\/\/sudoesteacontece.com.br\/wp-content\/uploads\/2025\/11\/Fabricio-Abrantes-reune-secretariado-e-Defesa-Civil-para-conter-danos-das-chuvas-sudoeste-acontece.jpg","type":"image\/jpeg"}],"author":"Washington Tiago","twitter_card":"summary_large_image","twitter_misc":{"Escrito por":"Washington Tiago","Est. tempo de leitura":"2 minutos"},"schema":{"@context":"https:\/\/schema.org","@graph":[{"@type":"Article","@id":"https:\/\/sudoesteacontece.com.br\/?p=2341#article","isPartOf":{"@id":"https:\/\/sudoesteacontece.com.br\/?p=2341"},"author":{"name":"Washington Tiago","@id":"https:\/\/sudoesteacontece.com.br\/#\/schema\/person\/3cf2cf009926a9683ebc29d5379fa79c"},"headline":"Fabr\u00edcio Abrantes re\u00fane secretariado e Defesa Civil para conter danos das chuvas","datePublished":"2025-11-11T18:02:21+00:00","dateModified":"2025-11-11T18:02:23+00:00","mainEntityOfPage":{"@id":"https:\/\/sudoesteacontece.com.br\/?p=2341"},"wordCount":462,"commentCount":0,"publisher":{"@id":"https:\/\/sudoesteacontece.com.br\/#organization"},"image":{"@id":"https:\/\/sudoesteacontece.com.br\/?p=2341#primaryimage"},"thumbnailUrl":"https:\/\/sudoesteacontece.com.br\/wp-content\/uploads\/2025\/11\/Fabricio-Abrantes-reune-secretariado-e-Defesa-Civil-para-conter-danos-das-chuvas-sudoeste-acontece.jpg","articleSection":["Brumado","Cidades","Pol\u00edtica"],"inLanguage":"pt-BR","potentialAction":[{"@type":"CommentAction","name":"Comment","target":["https:\/\/sudoesteacontece.com.br\/?p=2341#respond"]}]},{"@type":"WebPage","@id":"https:\/\/sudoesteacontece.com.br\/?p=2341","url":"https:\/\/sudoesteacontece.com.br\/?p=2341","name":"Fabr\u00edcio Abrantes re\u00fane secretariado e Defesa Civil para conter danos das chuvas - Sudoesteacontece","isPartOf":{"@id":"https:\/\/sudoesteacontece.com.br\/#website"},"primaryImageOfPage":{"@id":"https:\/\/sudoesteacontece.com.br\/?p=2341#primaryimage"},"image":{"@id":"https:\/\/sudoesteacontece.com.br\/?p=2341#primaryimage"},"thumbnailUrl":"https:\/\/sudoesteacontece.com.br\/wp-content\/uploads\/2025\/11\/Fabricio-Abrantes-reune-secretariado-e-Defesa-Civil-para-conter-danos-das-chuvas-sudoeste-acontece.jpg","datePublished":"2025-11-11T18:02:21+00:00","dateModified":"2025-11-11T18:02:23+00:00","breadcrumb":{"@id":"https:\/\/sudoesteacontece.com.br\/?p=2341#breadcrumb"},"inLanguage":"pt-BR","potentialAction":[{"@type":"ReadAction","target":["https:\/\/sudoesteacontece.com.br\/?p=2341"]}]},{"@type":"ImageObject","inLanguage":"pt-BR","@id":"https:\/\/sudoesteacontece.com.br\/?p=2341#primaryimage","url":"https:\/\/sudoesteacontece.com.br\/wp-content\/uploads\/2025\/11\/Fabricio-Abrantes-reune-secretariado-e-Defesa-Civil-para-conter-danos-das-chuvas-sudoeste-acontece.jpg","contentUrl":"https:\/\/sudoesteacontece.com.br\/wp-content\/uploads\/2025\/11\/Fabricio-Abrantes-reune-secretariado-e-Defesa-Civil-para-conter-danos-das-chuvas-sudoeste-acontece.jpg","width":1500,"height":1000},{"@type":"BreadcrumbList","@id":"https:\/\/sudoesteacontece.com.br\/?p=2341#breadcrumb","itemListElement":[{"@type":"ListItem","position":1,"name":"In\u00edcio","item":"https:\/\/sudoesteacontece.com.br\/"},{"@type":"ListItem","position":2,"name":"Fabr\u00edcio Abrantes re\u00fane secretariado e Defesa Civil para conter danos das chuvas"}]},{"@type":"WebSite","@id":"https:\/\/sudoesteacontece.com.br\/#website","url":"https:\/\/sudoesteacontece.com.br\/","name":"Sudoesteacontece","description":"","publisher":{"@id":"https:\/\/sudoesteacontece.com.br\/#organization"},"potentialAction":[{"@type":"SearchAction","target":{"@type":"EntryPoint","urlTemplate":"https:\/\/sudoesteacontece.com.br\/?s={search_term_string}"},"query-input":{"@type":"PropertyValueSpecification","valueRequired":true,"valueName":"search_term_string"}}],"inLanguage":"pt-BR"},{"@type":"Organization","@id":"https:\/\/sudoesteacontece.com.br\/#organization","name":"Sudoesteacontece","url":"https:\/\/sudoesteacontece.com.br\/","logo":{"@type":"ImageObject","inLanguage":"pt-BR","@id":"https:\/\/sudoesteacontece.com.br\/#\/schema\/logo\/image\/","url":"https:\/\/sudoesteacontece.com.br\/wp-content\/uploads\/2025\/12\/cropped-logo-2-180x180-1.png","contentUrl":"https:\/\/sudoesteacontece.com.br\/wp-content\/uploads\/2025\/12\/cropped-logo-2-180x180-1.png","width":180,"height":180,"caption":"Sudoesteacontece"},"image":{"@id":"https:\/\/sudoesteacontece.com.br\/#\/schema\/logo\/image\/"},"sameAs":["https:\/\/www.facebook.com\/sudoesteacontece\/?locale=pt_BR"]},{"@type":"Person","@id":"https:\/\/sudoesteacontece.com.br\/#\/schema\/person\/3cf2cf009926a9683ebc29d5379fa79c","name":"Washington Tiago","image":{"@type":"ImageObject","inLanguage":"pt-BR","@id":"https:\/\/sudoesteacontece.com.br\/#\/schema\/person\/image\/","url":"https:\/\/secure.gravatar.com\/avatar\/33c43b8668157e040f9d1fe93c354bf087cbd8ba36270c1163198bd3ddcf2a56?s=96&d=mm&r=g","contentUrl":"https:\/\/secure.gravatar.com\/avatar\/33c43b8668157e040f9d1fe93c354bf087cbd8ba36270c1163198bd3ddcf2a56?s=96&d=mm&r=g","caption":"Washington Tiago"},"url":"https:\/\/sudoesteacontece.com.br\/?author=2"}]}},"_links":{"self":[{"href":"https:\/\/sudoesteacontece.com.br\/index.php?rest_route=\/wp\/v2\/posts\/2341","targetHints":{"allow":["GET"]}}],"collection":[{"href":"https:\/\/sudoesteacontece.com.br\/index.php?rest_route=\/wp\/v2\/posts"}],"about":[{"href":"https:\/\/sudoesteacontece.com.br\/index.php?rest_route=\/wp\/v2\/types\/post"}],"author":[{"embeddable":true,"href":"https:\/\/sudoesteacontece.com.br\/index.php?rest_route=\/wp\/v2\/users\/2"}],"replies":[{"embeddable":true,"href":"https:\/\/sudoesteacontece.com.br\/index.php?rest_route=%2Fwp%2Fv2%2Fcomments&post=2341"}],"version-history":[{"count":0,"href":"https:\/\/sudoesteacontece.com.br\/index.php?rest_route=\/wp\/v2\/posts\/2341\/revisions"}],"wp:featuredmedia":[{"embeddable":true,"href":"https:\/\/sudoesteacontece.com.br\/index.php?rest_route=\/wp\/v2\/media\/2363"}],"wp:attachment":[{"href":"https:\/\/sudoesteacontece.com.br\/index.php?rest_route=%2Fwp%2Fv2%2Fmedia&parent=2341"}],"wp:term":[{"taxonomy":"category","embeddable":true,"href":"https:\/\/sudoesteacontece.com.br\/index.php?rest_route=%2Fwp%2Fv2%2Fcategories&post=2341"},{"taxonomy":"post_tag","embeddable":true,"href":"https:\/\/sudoesteacontece.com.br\/index.php?rest_route=%2Fwp%2Fv2%2Ftags&post=2341"}],"curies":[{"name":"wp","href":"https:\/\/api.w.org\/{rel}","templated":true}]}}