{"id":2345,"date":"2025-11-11T15:14:13","date_gmt":"2025-11-11T18:14:13","guid":{"rendered":"https:\/\/sudoesteacontece.com.br\/?p=2345"},"modified":"2025-11-11T15:14:18","modified_gmt":"2025-11-11T18:14:18","slug":"ciprv-brumado-apreende-motocicleta-roubado-na-br-030-em-caetite","status":"publish","type":"post","link":"https:\/\/sudoesteacontece.com.br\/?p=2345","title":{"rendered":"CIPRv\/Brumado apreende motocicleta roubado na BR-030, em Caetit\u00e9"},"content":{"rendered":"<div class=\"wp-block-image\">\n<figure class=\"aligncenter size-large\"><img fetchpriority=\"high\" decoding=\"async\" width=\"1024\" height=\"576\" src=\"http:\/\/sudoesteacontece.com.br\/wp-content\/uploads\/2025\/11\/CIPRvBrumado-apreende-motocicleta-roubado-na-BR-030-em-Caetite-sudoeste-acontece-2-1024x576.jpg\" alt=\"\" class=\"wp-image-2370\" srcset=\"https:\/\/sudoesteacontece.com.br\/wp-content\/uploads\/2025\/11\/CIPRvBrumado-apreende-motocicleta-roubado-na-BR-030-em-Caetite-sudoeste-acontece-2-1024x576.jpg 1024w, https:\/\/sudoesteacontece.com.br\/wp-content\/uploads\/2025\/11\/CIPRvBrumado-apreende-motocicleta-roubado-na-BR-030-em-Caetite-sudoeste-acontece-2-300x169.jpg 300w, https:\/\/sudoesteacontece.com.br\/wp-content\/uploads\/2025\/11\/CIPRvBrumado-apreende-motocicleta-roubado-na-BR-030-em-Caetite-sudoeste-acontece-2-768x432.jpg 768w, https:\/\/sudoesteacontece.com.br\/wp-content\/uploads\/2025\/11\/CIPRvBrumado-apreende-motocicleta-roubado-na-BR-030-em-Caetite-sudoeste-acontece-2-1536x864.jpg 1536w, https:\/\/sudoesteacontece.com.br\/wp-content\/uploads\/2025\/11\/CIPRvBrumado-apreende-motocicleta-roubado-na-BR-030-em-Caetite-sudoeste-acontece-2.jpg 1600w\" sizes=\"(max-width: 1024px) 100vw, 1024px\" \/><\/figure>\n<\/div>\n\n\n<p>Policiais da Companhia Independente de Pol\u00edcia Rodovi\u00e1ria (CIPRv\/Brumado) apreenderam, na manh\u00e3 desta segunda-feira (10), uma motocicleta com registro de roubo na BR-030, em Caetit\u00e9, no sudoeste baiano.<\/p>\n\n\n\n<p>A abordagem aconteceu por volta das 11h, durante uma fiscaliza\u00e7\u00e3o de rotina realizada pela guarni\u00e7\u00e3o do T\u00e1tico Ostensivo Rodovi\u00e1rio (TOR). Ao verificar os dados do ve\u00edculo, os militares confirmaram que o carro havia sido roubado em Bom Jesus da Lapa (BA).<\/p>\n\n\n\n<p>Condutor foi detido e conduzido, junto com o ve\u00edculo, \u00e0 Delegacia de Pol\u00edcia Civil de Caetit\u00e9. As autoridades devem adotar as medidas legais cab\u00edveis para apurar a origem do ve\u00edculo e a responsabilidade do suspeito.<\/p>\n\n\n\n<p>A a\u00e7\u00e3o refor\u00e7a o trabalho da CIPRv\/Brumado no combate ao roubo e clonagem de ve\u00edculos em rodovias da regi\u00e3o. Nos \u00faltimos meses, o grupamento tem intensificado blitze e opera\u00e7\u00f5es de patrulhamento para garantir mais seguran\u00e7a no tr\u00e2nsito e nas estradas baianas.<\/p>\n","protected":false},"excerpt":{"rendered":"<p>Policiais da Companhia Independente de Pol\u00edcia Rodovi\u00e1ria (CIPRv\/Brumado) apreenderam, na manh\u00e3 desta segunda-feira (10), uma motocicleta com registro de roubo na BR-030, em Caetit\u00e9, no sudoeste baiano. A abordagem aconteceu por volta das 11h, durante uma fiscaliza\u00e7\u00e3o de rotina realizada pela guarni\u00e7\u00e3o do T\u00e1tico Ostensivo Rodovi\u00e1rio (TOR). Ao verificar os dados do ve\u00edculo, os militares confirmaram que o carro havia sido roubado em Bom Jesus da Lapa (BA). Condutor foi detido e conduzido, junto com o ve\u00edculo, \u00e0 Delegacia de Pol\u00edcia Civil de Caetit\u00e9. As autoridades devem adotar as medidas legais cab\u00edveis para apurar a origem do ve\u00edculo e a responsabilidade do suspeito. A a\u00e7\u00e3o refor\u00e7a o trabalho da CIPRv\/Brumado no combate ao roubo e clonagem de ve\u00edculos em rodovias da regi\u00e3o. Nos \u00faltimos meses, o grupamento tem intensificado blitze e opera\u00e7\u00f5es de patrulhamento para garantir mais seguran\u00e7a no tr\u00e2nsito e nas estradas baianas.<\/p>\n","protected":false},"author":2,"featured_media":2370,"comment_status":"open","ping_status":"open","sticky":false,"template":"","format":"standard","meta":{"footnotes":""},"categories":[49,4,3],"tags":[],"class_list":["post-2345","post","type-post","status-publish","format-standard","has-post-thumbnail","hentry","category-caetite","category-cidades","category-policia"],"yoast_head":"<!-- This site is optimized with the Yoast SEO plugin v26.5 - https:\/\/yoast.com\/wordpress\/plugins\/seo\/ -->\n<title>CIPRv\/Brumado apreende motocicleta roubado na BR-030, em Caetit\u00e9 - Sudoesteacontece<\/title>\n<meta name=\"robots\" content=\"index, follow, max-snippet:-1, max-image-preview:large, max-video-preview:-1\" \/>\n<link rel=\"canonical\" href=\"https:\/\/sudoesteacontece.com.br\/?p=2345\" \/>\n<meta property=\"og:locale\" content=\"pt_BR\" \/>\n<meta property=\"og:type\" content=\"article\" \/>\n<meta property=\"og:title\" content=\"CIPRv\/Brumado apreende motocicleta roubado na BR-030, em Caetit\u00e9 - Sudoesteacontece\" \/>\n<meta property=\"og:description\" content=\"Policiais da Companhia Independente de Pol\u00edcia Rodovi\u00e1ria (CIPRv\/Brumado) apreenderam, na manh\u00e3 desta segunda-feira (10), uma motocicleta com registro de roubo na BR-030, em Caetit\u00e9, no sudoeste baiano. A abordagem aconteceu por volta das 11h, durante uma fiscaliza\u00e7\u00e3o de rotina realizada pela guarni\u00e7\u00e3o do T\u00e1tico Ostensivo Rodovi\u00e1rio (TOR). Ao verificar os dados do ve\u00edculo, os militares confirmaram que o carro havia sido roubado em Bom Jesus da Lapa (BA). Condutor foi detido e conduzido, junto com o ve\u00edculo, \u00e0 Delegacia de Pol\u00edcia Civil de Caetit\u00e9. As autoridades devem adotar as medidas legais cab\u00edveis para apurar a origem do ve\u00edculo e a responsabilidade do suspeito. A a\u00e7\u00e3o refor\u00e7a o trabalho da CIPRv\/Brumado no combate ao roubo e clonagem de ve\u00edculos em rodovias da regi\u00e3o. Nos \u00faltimos meses, o grupamento tem intensificado blitze e opera\u00e7\u00f5es de patrulhamento para garantir mais seguran\u00e7a no tr\u00e2nsito e nas estradas baianas.\" \/>\n<meta property=\"og:url\" content=\"https:\/\/sudoesteacontece.com.br\/?p=2345\" \/>\n<meta property=\"og:site_name\" content=\"Sudoesteacontece\" \/>\n<meta property=\"article:publisher\" content=\"https:\/\/www.facebook.com\/sudoesteacontece\/?locale=pt_BR\" \/>\n<meta property=\"article:published_time\" content=\"2025-11-11T18:14:13+00:00\" \/>\n<meta property=\"article:modified_time\" content=\"2025-11-11T18:14:18+00:00\" \/>\n<meta property=\"og:image\" content=\"https:\/\/sudoesteacontece.com.br\/wp-content\/uploads\/2025\/11\/CIPRvBrumado-apreende-motocicleta-roubado-na-BR-030-em-Caetite-sudoeste-acontece-2.jpg\" \/>\n\t<meta property=\"og:image:width\" content=\"1600\" \/>\n\t<meta property=\"og:image:height\" content=\"900\" \/>\n\t<meta property=\"og:image:type\" content=\"image\/jpeg\" \/>\n<meta name=\"author\" content=\"Washington Tiago\" \/>\n<meta name=\"twitter:card\" content=\"summary_large_image\" \/>\n<meta name=\"twitter:label1\" content=\"Escrito por\" \/>\n\t<meta name=\"twitter:data1\" content=\"Washington Tiago\" \/>\n\t<meta name=\"twitter:label2\" content=\"Est. tempo de leitura\" \/>\n\t<meta name=\"twitter:data2\" content=\"1 minuto\" \/>\n<script type=\"application\/ld+json\" class=\"yoast-schema-graph\">{\"@context\":\"https:\/\/schema.org\",\"@graph\":[{\"@type\":\"Article\",\"@id\":\"https:\/\/sudoesteacontece.com.br\/?p=2345#article\",\"isPartOf\":{\"@id\":\"https:\/\/sudoesteacontece.com.br\/?p=2345\"},\"author\":{\"name\":\"Washington Tiago\",\"@id\":\"https:\/\/sudoesteacontece.com.br\/#\/schema\/person\/3cf2cf009926a9683ebc29d5379fa79c\"},\"headline\":\"CIPRv\/Brumado apreende motocicleta roubado na BR-030, em Caetit\u00e9\",\"datePublished\":\"2025-11-11T18:14:13+00:00\",\"dateModified\":\"2025-11-11T18:14:18+00:00\",\"mainEntityOfPage\":{\"@id\":\"https:\/\/sudoesteacontece.com.br\/?p=2345\"},\"wordCount\":171,\"commentCount\":0,\"publisher\":{\"@id\":\"https:\/\/sudoesteacontece.com.br\/#organization\"},\"image\":{\"@id\":\"https:\/\/sudoesteacontece.com.br\/?p=2345#primaryimage\"},\"thumbnailUrl\":\"https:\/\/sudoesteacontece.com.br\/wp-content\/uploads\/2025\/11\/CIPRvBrumado-apreende-motocicleta-roubado-na-BR-030-em-Caetite-sudoeste-acontece-2.jpg\",\"articleSection\":[\"Caetit\u00e9\",\"Cidades\",\"Pol\u00edcia\"],\"inLanguage\":\"pt-BR\",\"potentialAction\":[{\"@type\":\"CommentAction\",\"name\":\"Comment\",\"target\":[\"https:\/\/sudoesteacontece.com.br\/?p=2345#respond\"]}]},{\"@type\":\"WebPage\",\"@id\":\"https:\/\/sudoesteacontece.com.br\/?p=2345\",\"url\":\"https:\/\/sudoesteacontece.com.br\/?p=2345\",\"name\":\"CIPRv\/Brumado apreende motocicleta roubado na BR-030, em Caetit\u00e9 - Sudoesteacontece\",\"isPartOf\":{\"@id\":\"https:\/\/sudoesteacontece.com.br\/#website\"},\"primaryImageOfPage\":{\"@id\":\"https:\/\/sudoesteacontece.com.br\/?p=2345#primaryimage\"},\"image\":{\"@id\":\"https:\/\/sudoesteacontece.com.br\/?p=2345#primaryimage\"},\"thumbnailUrl\":\"https:\/\/sudoesteacontece.com.br\/wp-content\/uploads\/2025\/11\/CIPRvBrumado-apreende-motocicleta-roubado-na-BR-030-em-Caetite-sudoeste-acontece-2.jpg\",\"datePublished\":\"2025-11-11T18:14:13+00:00\",\"dateModified\":\"2025-11-11T18:14:18+00:00\",\"breadcrumb\":{\"@id\":\"https:\/\/sudoesteacontece.com.br\/?p=2345#breadcrumb\"},\"inLanguage\":\"pt-BR\",\"potentialAction\":[{\"@type\":\"ReadAction\",\"target\":[\"https:\/\/sudoesteacontece.com.br\/?p=2345\"]}]},{\"@type\":\"ImageObject\",\"inLanguage\":\"pt-BR\",\"@id\":\"https:\/\/sudoesteacontece.com.br\/?p=2345#primaryimage\",\"url\":\"https:\/\/sudoesteacontece.com.br\/wp-content\/uploads\/2025\/11\/CIPRvBrumado-apreende-motocicleta-roubado-na-BR-030-em-Caetite-sudoeste-acontece-2.jpg\",\"contentUrl\":\"https:\/\/sudoesteacontece.com.br\/wp-content\/uploads\/2025\/11\/CIPRvBrumado-apreende-motocicleta-roubado-na-BR-030-em-Caetite-sudoeste-acontece-2.jpg\",\"width\":1600,\"height\":900},{\"@type\":\"BreadcrumbList\",\"@id\":\"https:\/\/sudoesteacontece.com.br\/?p=2345#breadcrumb\",\"itemListElement\":[{\"@type\":\"ListItem\",\"position\":1,\"name\":\"In\u00edcio\",\"item\":\"https:\/\/sudoesteacontece.com.br\/\"},{\"@type\":\"ListItem\",\"position\":2,\"name\":\"CIPRv\/Brumado apreende motocicleta roubado na BR-030, em Caetit\u00e9\"}]},{\"@type\":\"WebSite\",\"@id\":\"https:\/\/sudoesteacontece.com.br\/#website\",\"url\":\"https:\/\/sudoesteacontece.com.br\/\",\"name\":\"Sudoesteacontece\",\"description\":\"\",\"publisher\":{\"@id\":\"https:\/\/sudoesteacontece.com.br\/#organization\"},\"potentialAction\":[{\"@type\":\"SearchAction\",\"target\":{\"@type\":\"EntryPoint\",\"urlTemplate\":\"https:\/\/sudoesteacontece.com.br\/?s={search_term_string}\"},\"query-input\":{\"@type\":\"PropertyValueSpecification\",\"valueRequired\":true,\"valueName\":\"search_term_string\"}}],\"inLanguage\":\"pt-BR\"},{\"@type\":\"Organization\",\"@id\":\"https:\/\/sudoesteacontece.com.br\/#organization\",\"name\":\"Sudoesteacontece\",\"url\":\"https:\/\/sudoesteacontece.com.br\/\",\"logo\":{\"@type\":\"ImageObject\",\"inLanguage\":\"pt-BR\",\"@id\":\"https:\/\/sudoesteacontece.com.br\/#\/schema\/logo\/image\/\",\"url\":\"https:\/\/sudoesteacontece.com.br\/wp-content\/uploads\/2025\/12\/cropped-logo-2-180x180-1.png\",\"contentUrl\":\"https:\/\/sudoesteacontece.com.br\/wp-content\/uploads\/2025\/12\/cropped-logo-2-180x180-1.png\",\"width\":180,\"height\":180,\"caption\":\"Sudoesteacontece\"},\"image\":{\"@id\":\"https:\/\/sudoesteacontece.com.br\/#\/schema\/logo\/image\/\"},\"sameAs\":[\"https:\/\/www.facebook.com\/sudoesteacontece\/?locale=pt_BR\"]},{\"@type\":\"Person\",\"@id\":\"https:\/\/sudoesteacontece.com.br\/#\/schema\/person\/3cf2cf009926a9683ebc29d5379fa79c\",\"name\":\"Washington Tiago\",\"image\":{\"@type\":\"ImageObject\",\"inLanguage\":\"pt-BR\",\"@id\":\"https:\/\/sudoesteacontece.com.br\/#\/schema\/person\/image\/\",\"url\":\"https:\/\/secure.gravatar.com\/avatar\/33c43b8668157e040f9d1fe93c354bf087cbd8ba36270c1163198bd3ddcf2a56?s=96&d=mm&r=g\",\"contentUrl\":\"https:\/\/secure.gravatar.com\/avatar\/33c43b8668157e040f9d1fe93c354bf087cbd8ba36270c1163198bd3ddcf2a56?s=96&d=mm&r=g\",\"caption\":\"Washington Tiago\"},\"url\":\"https:\/\/sudoesteacontece.com.br\/?author=2\"}]}<\/script>\n<!-- \/ Yoast SEO plugin. -->","yoast_head_json":{"title":"CIPRv\/Brumado apreende motocicleta roubado na BR-030, em Caetit\u00e9 - Sudoesteacontece","robots":{"index":"index","follow":"follow","max-snippet":"max-snippet:-1","max-image-preview":"max-image-preview:large","max-video-preview":"max-video-preview:-1"},"canonical":"https:\/\/sudoesteacontece.com.br\/?p=2345","og_locale":"pt_BR","og_type":"article","og_title":"CIPRv\/Brumado apreende motocicleta roubado na BR-030, em Caetit\u00e9 - Sudoesteacontece","og_description":"Policiais da Companhia Independente de Pol\u00edcia Rodovi\u00e1ria (CIPRv\/Brumado) apreenderam, na manh\u00e3 desta segunda-feira (10), uma motocicleta com registro de roubo na BR-030, em Caetit\u00e9, no sudoeste baiano. A abordagem aconteceu por volta das 11h, durante uma fiscaliza\u00e7\u00e3o de rotina realizada pela guarni\u00e7\u00e3o do T\u00e1tico Ostensivo Rodovi\u00e1rio (TOR). Ao verificar os dados do ve\u00edculo, os militares confirmaram que o carro havia sido roubado em Bom Jesus da Lapa (BA). Condutor foi detido e conduzido, junto com o ve\u00edculo, \u00e0 Delegacia de Pol\u00edcia Civil de Caetit\u00e9. As autoridades devem adotar as medidas legais cab\u00edveis para apurar a origem do ve\u00edculo e a responsabilidade do suspeito. A a\u00e7\u00e3o refor\u00e7a o trabalho da CIPRv\/Brumado no combate ao roubo e clonagem de ve\u00edculos em rodovias da regi\u00e3o. Nos \u00faltimos meses, o grupamento tem intensificado blitze e opera\u00e7\u00f5es de patrulhamento para garantir mais seguran\u00e7a no tr\u00e2nsito e nas estradas baianas.","og_url":"https:\/\/sudoesteacontece.com.br\/?p=2345","og_site_name":"Sudoesteacontece","article_publisher":"https:\/\/www.facebook.com\/sudoesteacontece\/?locale=pt_BR","article_published_time":"2025-11-11T18:14:13+00:00","article_modified_time":"2025-11-11T18:14:18+00:00","og_image":[{"width":1600,"height":900,"url":"https:\/\/sudoesteacontece.com.br\/wp-content\/uploads\/2025\/11\/CIPRvBrumado-apreende-motocicleta-roubado-na-BR-030-em-Caetite-sudoeste-acontece-2.jpg","type":"image\/jpeg"}],"author":"Washington Tiago","twitter_card":"summary_large_image","twitter_misc":{"Escrito por":"Washington Tiago","Est. tempo de leitura":"1 minuto"},"schema":{"@context":"https:\/\/schema.org","@graph":[{"@type":"Article","@id":"https:\/\/sudoesteacontece.com.br\/?p=2345#article","isPartOf":{"@id":"https:\/\/sudoesteacontece.com.br\/?p=2345"},"author":{"name":"Washington Tiago","@id":"https:\/\/sudoesteacontece.com.br\/#\/schema\/person\/3cf2cf009926a9683ebc29d5379fa79c"},"headline":"CIPRv\/Brumado apreende motocicleta roubado na BR-030, em Caetit\u00e9","datePublished":"2025-11-11T18:14:13+00:00","dateModified":"2025-11-11T18:14:18+00:00","mainEntityOfPage":{"@id":"https:\/\/sudoesteacontece.com.br\/?p=2345"},"wordCount":171,"commentCount":0,"publisher":{"@id":"https:\/\/sudoesteacontece.com.br\/#organization"},"image":{"@id":"https:\/\/sudoesteacontece.com.br\/?p=2345#primaryimage"},"thumbnailUrl":"https:\/\/sudoesteacontece.com.br\/wp-content\/uploads\/2025\/11\/CIPRvBrumado-apreende-motocicleta-roubado-na-BR-030-em-Caetite-sudoeste-acontece-2.jpg","articleSection":["Caetit\u00e9","Cidades","Pol\u00edcia"],"inLanguage":"pt-BR","potentialAction":[{"@type":"CommentAction","name":"Comment","target":["https:\/\/sudoesteacontece.com.br\/?p=2345#respond"]}]},{"@type":"WebPage","@id":"https:\/\/sudoesteacontece.com.br\/?p=2345","url":"https:\/\/sudoesteacontece.com.br\/?p=2345","name":"CIPRv\/Brumado apreende motocicleta roubado na BR-030, em Caetit\u00e9 - Sudoesteacontece","isPartOf":{"@id":"https:\/\/sudoesteacontece.com.br\/#website"},"primaryImageOfPage":{"@id":"https:\/\/sudoesteacontece.com.br\/?p=2345#primaryimage"},"image":{"@id":"https:\/\/sudoesteacontece.com.br\/?p=2345#primaryimage"},"thumbnailUrl":"https:\/\/sudoesteacontece.com.br\/wp-content\/uploads\/2025\/11\/CIPRvBrumado-apreende-motocicleta-roubado-na-BR-030-em-Caetite-sudoeste-acontece-2.jpg","datePublished":"2025-11-11T18:14:13+00:00","dateModified":"2025-11-11T18:14:18+00:00","breadcrumb":{"@id":"https:\/\/sudoesteacontece.com.br\/?p=2345#breadcrumb"},"inLanguage":"pt-BR","potentialAction":[{"@type":"ReadAction","target":["https:\/\/sudoesteacontece.com.br\/?p=2345"]}]},{"@type":"ImageObject","inLanguage":"pt-BR","@id":"https:\/\/sudoesteacontece.com.br\/?p=2345#primaryimage","url":"https:\/\/sudoesteacontece.com.br\/wp-content\/uploads\/2025\/11\/CIPRvBrumado-apreende-motocicleta-roubado-na-BR-030-em-Caetite-sudoeste-acontece-2.jpg","contentUrl":"https:\/\/sudoesteacontece.com.br\/wp-content\/uploads\/2025\/11\/CIPRvBrumado-apreende-motocicleta-roubado-na-BR-030-em-Caetite-sudoeste-acontece-2.jpg","width":1600,"height":900},{"@type":"BreadcrumbList","@id":"https:\/\/sudoesteacontece.com.br\/?p=2345#breadcrumb","itemListElement":[{"@type":"ListItem","position":1,"name":"In\u00edcio","item":"https:\/\/sudoesteacontece.com.br\/"},{"@type":"ListItem","position":2,"name":"CIPRv\/Brumado apreende motocicleta roubado na BR-030, em Caetit\u00e9"}]},{"@type":"WebSite","@id":"https:\/\/sudoesteacontece.com.br\/#website","url":"https:\/\/sudoesteacontece.com.br\/","name":"Sudoesteacontece","description":"","publisher":{"@id":"https:\/\/sudoesteacontece.com.br\/#organization"},"potentialAction":[{"@type":"SearchAction","target":{"@type":"EntryPoint","urlTemplate":"https:\/\/sudoesteacontece.com.br\/?s={search_term_string}"},"query-input":{"@type":"PropertyValueSpecification","valueRequired":true,"valueName":"search_term_string"}}],"inLanguage":"pt-BR"},{"@type":"Organization","@id":"https:\/\/sudoesteacontece.com.br\/#organization","name":"Sudoesteacontece","url":"https:\/\/sudoesteacontece.com.br\/","logo":{"@type":"ImageObject","inLanguage":"pt-BR","@id":"https:\/\/sudoesteacontece.com.br\/#\/schema\/logo\/image\/","url":"https:\/\/sudoesteacontece.com.br\/wp-content\/uploads\/2025\/12\/cropped-logo-2-180x180-1.png","contentUrl":"https:\/\/sudoesteacontece.com.br\/wp-content\/uploads\/2025\/12\/cropped-logo-2-180x180-1.png","width":180,"height":180,"caption":"Sudoesteacontece"},"image":{"@id":"https:\/\/sudoesteacontece.com.br\/#\/schema\/logo\/image\/"},"sameAs":["https:\/\/www.facebook.com\/sudoesteacontece\/?locale=pt_BR"]},{"@type":"Person","@id":"https:\/\/sudoesteacontece.com.br\/#\/schema\/person\/3cf2cf009926a9683ebc29d5379fa79c","name":"Washington Tiago","image":{"@type":"ImageObject","inLanguage":"pt-BR","@id":"https:\/\/sudoesteacontece.com.br\/#\/schema\/person\/image\/","url":"https:\/\/secure.gravatar.com\/avatar\/33c43b8668157e040f9d1fe93c354bf087cbd8ba36270c1163198bd3ddcf2a56?s=96&d=mm&r=g","contentUrl":"https:\/\/secure.gravatar.com\/avatar\/33c43b8668157e040f9d1fe93c354bf087cbd8ba36270c1163198bd3ddcf2a56?s=96&d=mm&r=g","caption":"Washington Tiago"},"url":"https:\/\/sudoesteacontece.com.br\/?author=2"}]}},"_links":{"self":[{"href":"https:\/\/sudoesteacontece.com.br\/index.php?rest_route=\/wp\/v2\/posts\/2345","targetHints":{"allow":["GET"]}}],"collection":[{"href":"https:\/\/sudoesteacontece.com.br\/index.php?rest_route=\/wp\/v2\/posts"}],"about":[{"href":"https:\/\/sudoesteacontece.com.br\/index.php?rest_route=\/wp\/v2\/types\/post"}],"author":[{"embeddable":true,"href":"https:\/\/sudoesteacontece.com.br\/index.php?rest_route=\/wp\/v2\/users\/2"}],"replies":[{"embeddable":true,"href":"https:\/\/sudoesteacontece.com.br\/index.php?rest_route=%2Fwp%2Fv2%2Fcomments&post=2345"}],"version-history":[{"count":0,"href":"https:\/\/sudoesteacontece.com.br\/index.php?rest_route=\/wp\/v2\/posts\/2345\/revisions"}],"wp:featuredmedia":[{"embeddable":true,"href":"https:\/\/sudoesteacontece.com.br\/index.php?rest_route=\/wp\/v2\/media\/2370"}],"wp:attachment":[{"href":"https:\/\/sudoesteacontece.com.br\/index.php?rest_route=%2Fwp%2Fv2%2Fmedia&parent=2345"}],"wp:term":[{"taxonomy":"category","embeddable":true,"href":"https:\/\/sudoesteacontece.com.br\/index.php?rest_route=%2Fwp%2Fv2%2Fcategories&post=2345"},{"taxonomy":"post_tag","embeddable":true,"href":"https:\/\/sudoesteacontece.com.br\/index.php?rest_route=%2Fwp%2Fv2%2Ftags&post=2345"}],"curies":[{"name":"wp","href":"https:\/\/api.w.org\/{rel}","templated":true}]}}