{"id":2349,"date":"2025-11-11T15:24:04","date_gmt":"2025-11-11T18:24:04","guid":{"rendered":"https:\/\/sudoesteacontece.com.br\/?p=2349"},"modified":"2025-11-11T15:24:07","modified_gmt":"2025-11-11T18:24:07","slug":"tentativa-de-invasao-do-comando-vermelho-causa-panico-em-muritiba-e-mobiliza-forcas-da-pm","status":"publish","type":"post","link":"https:\/\/sudoesteacontece.com.br\/?p=2349","title":{"rendered":"Tentativa de invas\u00e3o do Comando Vermelho causa p\u00e2nico em Muritiba e mobiliza for\u00e7as da PM"},"content":{"rendered":"<div class=\"wp-block-image\">\n<figure class=\"aligncenter size-full\"><img fetchpriority=\"high\" decoding=\"async\" width=\"800\" height=\"450\" src=\"http:\/\/sudoesteacontece.com.br\/wp-content\/uploads\/2025\/11\/Tentativa-de-invasao-do-Comando-Vermelho-causa-panico-em-Muritiba-e-mobiliza-forcas-da-PM-sudoeste-acontece.jpg\" alt=\"\" class=\"wp-image-2374\" srcset=\"https:\/\/sudoesteacontece.com.br\/wp-content\/uploads\/2025\/11\/Tentativa-de-invasao-do-Comando-Vermelho-causa-panico-em-Muritiba-e-mobiliza-forcas-da-PM-sudoeste-acontece.jpg 800w, https:\/\/sudoesteacontece.com.br\/wp-content\/uploads\/2025\/11\/Tentativa-de-invasao-do-Comando-Vermelho-causa-panico-em-Muritiba-e-mobiliza-forcas-da-PM-sudoeste-acontece-300x169.jpg 300w, https:\/\/sudoesteacontece.com.br\/wp-content\/uploads\/2025\/11\/Tentativa-de-invasao-do-Comando-Vermelho-causa-panico-em-Muritiba-e-mobiliza-forcas-da-PM-sudoeste-acontece-768x432.jpg 768w\" sizes=\"(max-width: 800px) 100vw, 800px\" \/><\/figure>\n<\/div>\n\n\n<p>Madrugada foi de tens\u00e3o no Rec\u00f4ncavo Baiano. Moradores de Muritiba viveram momentos de medo ap\u00f3s uma tentativa de invas\u00e3o orquestrada por membros do Comando Vermelho (CV) entre a noite de segunda (10) e a madrugada desta ter\u00e7a-feira (11).<\/p>\n\n\n\n<p>Tiros foram ouvidos em v\u00e1rios bairros da cidade, e relatos de confrontos tamb\u00e9m vieram do munic\u00edpio vizinho de Cachoeira. A a\u00e7\u00e3o criminosa, segundo a Pol\u00edcia Militar, teria como alvo uma fac\u00e7\u00e3o rival que atua na regi\u00e3o.<\/p>\n\n\n\n<p>Equipes da Pol\u00edcia Militar da Bahia foram mobilizadas logo ap\u00f3s os primeiros registros de disparos. Unidades especializadas, como a Cipe\/Caatinga, o Graer e outras for\u00e7as t\u00e1ticas, j\u00e1 est\u00e3o em opera\u00e7\u00e3o conjunta para localizar os envolvidos.<\/p>\n\n\n\n<p>Helic\u00f3pteros do Grupamento A\u00e9reo (Graer) sobrevoam \u00e1reas de dif\u00edcil acesso. O objetivo \u00e9 impedir novas a\u00e7\u00f5es e conter poss\u00edveis fugas dos criminosos.<\/p>\n\n\n\n<p>Fontes ligadas \u00e0 seguran\u00e7a p\u00fablica afirmam que integrantes do CV estariam tentando expandir territ\u00f3rio no Rec\u00f4ncavo, especialmente em zonas estrat\u00e9gicas de tr\u00e1fico e passagem entre munic\u00edpios.<\/p>\n\n\n\n<p>Moradores relataram momentos de p\u00e2nico. Muitos preferiram n\u00e3o sair de casa e desligaram as luzes ao ouvir os tiros durante a madrugada. \u201cParecia uma guerra. Foram rajadas longas, sem parar\u201d, contou um morador sob anonimato.<\/p>\n\n\n\n<p>Policiais seguem em patrulhamento refor\u00e7ado nas estradas e entradas de Muritiba. Viaturas tamb\u00e9m foram deslocadas para Cachoeira e Governador Mangabeira, em apoio \u00e0s buscas.<\/p>\n\n\n\n<p>Comando de Policiamento Regional Leste (CPRL) coordena as a\u00e7\u00f5es com foco em restabelecer a seguran\u00e7a e prender os envolvidos. At\u00e9 o momento, n\u00e3o h\u00e1 informa\u00e7\u00f5es sobre feridos ou pris\u00f5es.<\/p>\n\n\n\n<p>Autoridades locais pedem calma \u00e0 popula\u00e7\u00e3o e orientam que qualquer movimenta\u00e7\u00e3o suspeita seja denunciada de forma imediata.<\/p>\n\n\n\n<p>Muritiba, que j\u00e1 enfrentou conflitos entre fac\u00e7\u00f5es em anos anteriores, volta a ser palco de disputa territorial e press\u00e3o policial intensa.<\/p>\n\n\n\n<p>A opera\u00e7\u00e3o segue em andamento e deve se estender por toda a regi\u00e3o do Rec\u00f4ncavo nas pr\u00f3ximas horas.<\/p>\n","protected":false},"excerpt":{"rendered":"<p>Madrugada foi de tens\u00e3o no Rec\u00f4ncavo Baiano. Moradores de Muritiba viveram momentos de medo ap\u00f3s uma tentativa de invas\u00e3o orquestrada por membros do Comando Vermelho (CV) entre a noite de segunda (10) e a madrugada desta ter\u00e7a-feira (11). Tiros foram ouvidos em v\u00e1rios bairros da cidade, e relatos de confrontos tamb\u00e9m vieram do munic\u00edpio vizinho de Cachoeira. A a\u00e7\u00e3o criminosa, segundo a Pol\u00edcia Militar, teria como alvo uma fac\u00e7\u00e3o rival que atua na regi\u00e3o. Equipes da Pol\u00edcia Militar da Bahia foram mobilizadas logo ap\u00f3s os primeiros registros de disparos. Unidades especializadas, como a Cipe\/Caatinga, o Graer e outras for\u00e7as t\u00e1ticas, j\u00e1 est\u00e3o em opera\u00e7\u00e3o conjunta para localizar os envolvidos. Helic\u00f3pteros do Grupamento A\u00e9reo (Graer) sobrevoam \u00e1reas de dif\u00edcil acesso. O objetivo \u00e9 impedir novas a\u00e7\u00f5es e conter poss\u00edveis fugas dos criminosos. Fontes ligadas \u00e0 seguran\u00e7a p\u00fablica afirmam que integrantes do CV estariam tentando expandir territ\u00f3rio no Rec\u00f4ncavo, especialmente em zonas estrat\u00e9gicas de tr\u00e1fico e passagem entre munic\u00edpios. Moradores relataram momentos de p\u00e2nico. Muitos preferiram n\u00e3o sair de casa e desligaram as luzes ao ouvir os tiros durante a madrugada. \u201cParecia uma guerra. Foram rajadas longas, sem parar\u201d, contou um morador sob anonimato. Policiais seguem em patrulhamento refor\u00e7ado nas estradas e entradas de Muritiba. Viaturas tamb\u00e9m foram deslocadas para Cachoeira e Governador Mangabeira, em apoio \u00e0s buscas. Comando de Policiamento Regional Leste (CPRL) coordena as a\u00e7\u00f5es com foco em restabelecer a seguran\u00e7a e prender os envolvidos. At\u00e9 o momento, n\u00e3o h\u00e1 informa\u00e7\u00f5es sobre feridos ou pris\u00f5es. Autoridades locais pedem calma \u00e0 popula\u00e7\u00e3o e orientam que qualquer movimenta\u00e7\u00e3o suspeita seja denunciada de forma imediata. Muritiba, que j\u00e1 enfrentou conflitos entre fac\u00e7\u00f5es em anos anteriores, volta a ser palco de disputa territorial e press\u00e3o policial intensa. A opera\u00e7\u00e3o segue em andamento e deve se estender por toda a regi\u00e3o do Rec\u00f4ncavo nas pr\u00f3ximas horas.<\/p>\n","protected":false},"author":2,"featured_media":2374,"comment_status":"open","ping_status":"open","sticky":false,"template":"","format":"standard","meta":{"footnotes":""},"categories":[7,4,3,6],"tags":[],"class_list":["post-2349","post","type-post","status-publish","format-standard","has-post-thumbnail","hentry","category-bahia","category-cidades","category-policia","category-politica"],"yoast_head":"<!-- This site is optimized with the Yoast SEO plugin v26.5 - https:\/\/yoast.com\/wordpress\/plugins\/seo\/ -->\n<title>Tentativa de invas\u00e3o do Comando Vermelho causa p\u00e2nico em Muritiba e mobiliza for\u00e7as da PM - Sudoesteacontece<\/title>\n<meta name=\"robots\" content=\"index, follow, max-snippet:-1, max-image-preview:large, max-video-preview:-1\" \/>\n<link rel=\"canonical\" href=\"https:\/\/sudoesteacontece.com.br\/?p=2349\" \/>\n<meta property=\"og:locale\" content=\"pt_BR\" \/>\n<meta property=\"og:type\" content=\"article\" \/>\n<meta property=\"og:title\" content=\"Tentativa de invas\u00e3o do Comando Vermelho causa p\u00e2nico em Muritiba e mobiliza for\u00e7as da PM - Sudoesteacontece\" \/>\n<meta property=\"og:description\" content=\"Madrugada foi de tens\u00e3o no Rec\u00f4ncavo Baiano. Moradores de Muritiba viveram momentos de medo ap\u00f3s uma tentativa de invas\u00e3o orquestrada por membros do Comando Vermelho (CV) entre a noite de segunda (10) e a madrugada desta ter\u00e7a-feira (11). Tiros foram ouvidos em v\u00e1rios bairros da cidade, e relatos de confrontos tamb\u00e9m vieram do munic\u00edpio vizinho de Cachoeira. A a\u00e7\u00e3o criminosa, segundo a Pol\u00edcia Militar, teria como alvo uma fac\u00e7\u00e3o rival que atua na regi\u00e3o. Equipes da Pol\u00edcia Militar da Bahia foram mobilizadas logo ap\u00f3s os primeiros registros de disparos. Unidades especializadas, como a Cipe\/Caatinga, o Graer e outras for\u00e7as t\u00e1ticas, j\u00e1 est\u00e3o em opera\u00e7\u00e3o conjunta para localizar os envolvidos. Helic\u00f3pteros do Grupamento A\u00e9reo (Graer) sobrevoam \u00e1reas de dif\u00edcil acesso. O objetivo \u00e9 impedir novas a\u00e7\u00f5es e conter poss\u00edveis fugas dos criminosos. Fontes ligadas \u00e0 seguran\u00e7a p\u00fablica afirmam que integrantes do CV estariam tentando expandir territ\u00f3rio no Rec\u00f4ncavo, especialmente em zonas estrat\u00e9gicas de tr\u00e1fico e passagem entre munic\u00edpios. Moradores relataram momentos de p\u00e2nico. Muitos preferiram n\u00e3o sair de casa e desligaram as luzes ao ouvir os tiros durante a madrugada. \u201cParecia uma guerra. Foram rajadas longas, sem parar\u201d, contou um morador sob anonimato. Policiais seguem em patrulhamento refor\u00e7ado nas estradas e entradas de Muritiba. Viaturas tamb\u00e9m foram deslocadas para Cachoeira e Governador Mangabeira, em apoio \u00e0s buscas. Comando de Policiamento Regional Leste (CPRL) coordena as a\u00e7\u00f5es com foco em restabelecer a seguran\u00e7a e prender os envolvidos. At\u00e9 o momento, n\u00e3o h\u00e1 informa\u00e7\u00f5es sobre feridos ou pris\u00f5es. Autoridades locais pedem calma \u00e0 popula\u00e7\u00e3o e orientam que qualquer movimenta\u00e7\u00e3o suspeita seja denunciada de forma imediata. Muritiba, que j\u00e1 enfrentou conflitos entre fac\u00e7\u00f5es em anos anteriores, volta a ser palco de disputa territorial e press\u00e3o policial intensa. A opera\u00e7\u00e3o segue em andamento e deve se estender por toda a regi\u00e3o do Rec\u00f4ncavo nas pr\u00f3ximas horas.\" \/>\n<meta property=\"og:url\" content=\"https:\/\/sudoesteacontece.com.br\/?p=2349\" \/>\n<meta property=\"og:site_name\" content=\"Sudoesteacontece\" \/>\n<meta property=\"article:publisher\" content=\"https:\/\/www.facebook.com\/sudoesteacontece\/?locale=pt_BR\" \/>\n<meta property=\"article:published_time\" content=\"2025-11-11T18:24:04+00:00\" \/>\n<meta property=\"article:modified_time\" content=\"2025-11-11T18:24:07+00:00\" \/>\n<meta property=\"og:image\" content=\"https:\/\/sudoesteacontece.com.br\/wp-content\/uploads\/2025\/11\/Tentativa-de-invasao-do-Comando-Vermelho-causa-panico-em-Muritiba-e-mobiliza-forcas-da-PM-sudoeste-acontece.jpg\" \/>\n\t<meta property=\"og:image:width\" content=\"800\" \/>\n\t<meta property=\"og:image:height\" content=\"450\" \/>\n\t<meta property=\"og:image:type\" content=\"image\/jpeg\" \/>\n<meta name=\"author\" content=\"Washington Tiago\" \/>\n<meta name=\"twitter:card\" content=\"summary_large_image\" \/>\n<meta name=\"twitter:label1\" content=\"Escrito por\" \/>\n\t<meta name=\"twitter:data1\" content=\"Washington Tiago\" \/>\n\t<meta name=\"twitter:label2\" content=\"Est. tempo de leitura\" \/>\n\t<meta name=\"twitter:data2\" content=\"2 minutos\" \/>\n<script type=\"application\/ld+json\" class=\"yoast-schema-graph\">{\"@context\":\"https:\/\/schema.org\",\"@graph\":[{\"@type\":\"Article\",\"@id\":\"https:\/\/sudoesteacontece.com.br\/?p=2349#article\",\"isPartOf\":{\"@id\":\"https:\/\/sudoesteacontece.com.br\/?p=2349\"},\"author\":{\"name\":\"Washington Tiago\",\"@id\":\"https:\/\/sudoesteacontece.com.br\/#\/schema\/person\/3cf2cf009926a9683ebc29d5379fa79c\"},\"headline\":\"Tentativa de invas\u00e3o do Comando Vermelho causa p\u00e2nico em Muritiba e mobiliza for\u00e7as da PM\",\"datePublished\":\"2025-11-11T18:24:04+00:00\",\"dateModified\":\"2025-11-11T18:24:07+00:00\",\"mainEntityOfPage\":{\"@id\":\"https:\/\/sudoesteacontece.com.br\/?p=2349\"},\"wordCount\":362,\"commentCount\":0,\"publisher\":{\"@id\":\"https:\/\/sudoesteacontece.com.br\/#organization\"},\"image\":{\"@id\":\"https:\/\/sudoesteacontece.com.br\/?p=2349#primaryimage\"},\"thumbnailUrl\":\"https:\/\/sudoesteacontece.com.br\/wp-content\/uploads\/2025\/11\/Tentativa-de-invasao-do-Comando-Vermelho-causa-panico-em-Muritiba-e-mobiliza-forcas-da-PM-sudoeste-acontece.jpg\",\"articleSection\":[\"Bahia\",\"Cidades\",\"Pol\u00edcia\",\"Pol\u00edtica\"],\"inLanguage\":\"pt-BR\",\"potentialAction\":[{\"@type\":\"CommentAction\",\"name\":\"Comment\",\"target\":[\"https:\/\/sudoesteacontece.com.br\/?p=2349#respond\"]}]},{\"@type\":\"WebPage\",\"@id\":\"https:\/\/sudoesteacontece.com.br\/?p=2349\",\"url\":\"https:\/\/sudoesteacontece.com.br\/?p=2349\",\"name\":\"Tentativa de invas\u00e3o do Comando Vermelho causa p\u00e2nico em Muritiba e mobiliza for\u00e7as da PM - Sudoesteacontece\",\"isPartOf\":{\"@id\":\"https:\/\/sudoesteacontece.com.br\/#website\"},\"primaryImageOfPage\":{\"@id\":\"https:\/\/sudoesteacontece.com.br\/?p=2349#primaryimage\"},\"image\":{\"@id\":\"https:\/\/sudoesteacontece.com.br\/?p=2349#primaryimage\"},\"thumbnailUrl\":\"https:\/\/sudoesteacontece.com.br\/wp-content\/uploads\/2025\/11\/Tentativa-de-invasao-do-Comando-Vermelho-causa-panico-em-Muritiba-e-mobiliza-forcas-da-PM-sudoeste-acontece.jpg\",\"datePublished\":\"2025-11-11T18:24:04+00:00\",\"dateModified\":\"2025-11-11T18:24:07+00:00\",\"breadcrumb\":{\"@id\":\"https:\/\/sudoesteacontece.com.br\/?p=2349#breadcrumb\"},\"inLanguage\":\"pt-BR\",\"potentialAction\":[{\"@type\":\"ReadAction\",\"target\":[\"https:\/\/sudoesteacontece.com.br\/?p=2349\"]}]},{\"@type\":\"ImageObject\",\"inLanguage\":\"pt-BR\",\"@id\":\"https:\/\/sudoesteacontece.com.br\/?p=2349#primaryimage\",\"url\":\"https:\/\/sudoesteacontece.com.br\/wp-content\/uploads\/2025\/11\/Tentativa-de-invasao-do-Comando-Vermelho-causa-panico-em-Muritiba-e-mobiliza-forcas-da-PM-sudoeste-acontece.jpg\",\"contentUrl\":\"https:\/\/sudoesteacontece.com.br\/wp-content\/uploads\/2025\/11\/Tentativa-de-invasao-do-Comando-Vermelho-causa-panico-em-Muritiba-e-mobiliza-forcas-da-PM-sudoeste-acontece.jpg\",\"width\":800,\"height\":450},{\"@type\":\"BreadcrumbList\",\"@id\":\"https:\/\/sudoesteacontece.com.br\/?p=2349#breadcrumb\",\"itemListElement\":[{\"@type\":\"ListItem\",\"position\":1,\"name\":\"In\u00edcio\",\"item\":\"https:\/\/sudoesteacontece.com.br\/\"},{\"@type\":\"ListItem\",\"position\":2,\"name\":\"Tentativa de invas\u00e3o do Comando Vermelho causa p\u00e2nico em Muritiba e mobiliza for\u00e7as da PM\"}]},{\"@type\":\"WebSite\",\"@id\":\"https:\/\/sudoesteacontece.com.br\/#website\",\"url\":\"https:\/\/sudoesteacontece.com.br\/\",\"name\":\"Sudoesteacontece\",\"description\":\"\",\"publisher\":{\"@id\":\"https:\/\/sudoesteacontece.com.br\/#organization\"},\"potentialAction\":[{\"@type\":\"SearchAction\",\"target\":{\"@type\":\"EntryPoint\",\"urlTemplate\":\"https:\/\/sudoesteacontece.com.br\/?s={search_term_string}\"},\"query-input\":{\"@type\":\"PropertyValueSpecification\",\"valueRequired\":true,\"valueName\":\"search_term_string\"}}],\"inLanguage\":\"pt-BR\"},{\"@type\":\"Organization\",\"@id\":\"https:\/\/sudoesteacontece.com.br\/#organization\",\"name\":\"Sudoesteacontece\",\"url\":\"https:\/\/sudoesteacontece.com.br\/\",\"logo\":{\"@type\":\"ImageObject\",\"inLanguage\":\"pt-BR\",\"@id\":\"https:\/\/sudoesteacontece.com.br\/#\/schema\/logo\/image\/\",\"url\":\"https:\/\/sudoesteacontece.com.br\/wp-content\/uploads\/2025\/12\/cropped-logo-2-180x180-1.png\",\"contentUrl\":\"https:\/\/sudoesteacontece.com.br\/wp-content\/uploads\/2025\/12\/cropped-logo-2-180x180-1.png\",\"width\":180,\"height\":180,\"caption\":\"Sudoesteacontece\"},\"image\":{\"@id\":\"https:\/\/sudoesteacontece.com.br\/#\/schema\/logo\/image\/\"},\"sameAs\":[\"https:\/\/www.facebook.com\/sudoesteacontece\/?locale=pt_BR\"]},{\"@type\":\"Person\",\"@id\":\"https:\/\/sudoesteacontece.com.br\/#\/schema\/person\/3cf2cf009926a9683ebc29d5379fa79c\",\"name\":\"Washington Tiago\",\"image\":{\"@type\":\"ImageObject\",\"inLanguage\":\"pt-BR\",\"@id\":\"https:\/\/sudoesteacontece.com.br\/#\/schema\/person\/image\/\",\"url\":\"https:\/\/secure.gravatar.com\/avatar\/33c43b8668157e040f9d1fe93c354bf087cbd8ba36270c1163198bd3ddcf2a56?s=96&d=mm&r=g\",\"contentUrl\":\"https:\/\/secure.gravatar.com\/avatar\/33c43b8668157e040f9d1fe93c354bf087cbd8ba36270c1163198bd3ddcf2a56?s=96&d=mm&r=g\",\"caption\":\"Washington Tiago\"},\"url\":\"https:\/\/sudoesteacontece.com.br\/?author=2\"}]}<\/script>\n<!-- \/ Yoast SEO plugin. -->","yoast_head_json":{"title":"Tentativa de invas\u00e3o do Comando Vermelho causa p\u00e2nico em Muritiba e mobiliza for\u00e7as da PM - Sudoesteacontece","robots":{"index":"index","follow":"follow","max-snippet":"max-snippet:-1","max-image-preview":"max-image-preview:large","max-video-preview":"max-video-preview:-1"},"canonical":"https:\/\/sudoesteacontece.com.br\/?p=2349","og_locale":"pt_BR","og_type":"article","og_title":"Tentativa de invas\u00e3o do Comando Vermelho causa p\u00e2nico em Muritiba e mobiliza for\u00e7as da PM - Sudoesteacontece","og_description":"Madrugada foi de tens\u00e3o no Rec\u00f4ncavo Baiano. Moradores de Muritiba viveram momentos de medo ap\u00f3s uma tentativa de invas\u00e3o orquestrada por membros do Comando Vermelho (CV) entre a noite de segunda (10) e a madrugada desta ter\u00e7a-feira (11). Tiros foram ouvidos em v\u00e1rios bairros da cidade, e relatos de confrontos tamb\u00e9m vieram do munic\u00edpio vizinho de Cachoeira. A a\u00e7\u00e3o criminosa, segundo a Pol\u00edcia Militar, teria como alvo uma fac\u00e7\u00e3o rival que atua na regi\u00e3o. Equipes da Pol\u00edcia Militar da Bahia foram mobilizadas logo ap\u00f3s os primeiros registros de disparos. Unidades especializadas, como a Cipe\/Caatinga, o Graer e outras for\u00e7as t\u00e1ticas, j\u00e1 est\u00e3o em opera\u00e7\u00e3o conjunta para localizar os envolvidos. Helic\u00f3pteros do Grupamento A\u00e9reo (Graer) sobrevoam \u00e1reas de dif\u00edcil acesso. O objetivo \u00e9 impedir novas a\u00e7\u00f5es e conter poss\u00edveis fugas dos criminosos. Fontes ligadas \u00e0 seguran\u00e7a p\u00fablica afirmam que integrantes do CV estariam tentando expandir territ\u00f3rio no Rec\u00f4ncavo, especialmente em zonas estrat\u00e9gicas de tr\u00e1fico e passagem entre munic\u00edpios. Moradores relataram momentos de p\u00e2nico. Muitos preferiram n\u00e3o sair de casa e desligaram as luzes ao ouvir os tiros durante a madrugada. \u201cParecia uma guerra. Foram rajadas longas, sem parar\u201d, contou um morador sob anonimato. Policiais seguem em patrulhamento refor\u00e7ado nas estradas e entradas de Muritiba. Viaturas tamb\u00e9m foram deslocadas para Cachoeira e Governador Mangabeira, em apoio \u00e0s buscas. Comando de Policiamento Regional Leste (CPRL) coordena as a\u00e7\u00f5es com foco em restabelecer a seguran\u00e7a e prender os envolvidos. At\u00e9 o momento, n\u00e3o h\u00e1 informa\u00e7\u00f5es sobre feridos ou pris\u00f5es. Autoridades locais pedem calma \u00e0 popula\u00e7\u00e3o e orientam que qualquer movimenta\u00e7\u00e3o suspeita seja denunciada de forma imediata. Muritiba, que j\u00e1 enfrentou conflitos entre fac\u00e7\u00f5es em anos anteriores, volta a ser palco de disputa territorial e press\u00e3o policial intensa. A opera\u00e7\u00e3o segue em andamento e deve se estender por toda a regi\u00e3o do Rec\u00f4ncavo nas pr\u00f3ximas horas.","og_url":"https:\/\/sudoesteacontece.com.br\/?p=2349","og_site_name":"Sudoesteacontece","article_publisher":"https:\/\/www.facebook.com\/sudoesteacontece\/?locale=pt_BR","article_published_time":"2025-11-11T18:24:04+00:00","article_modified_time":"2025-11-11T18:24:07+00:00","og_image":[{"width":800,"height":450,"url":"https:\/\/sudoesteacontece.com.br\/wp-content\/uploads\/2025\/11\/Tentativa-de-invasao-do-Comando-Vermelho-causa-panico-em-Muritiba-e-mobiliza-forcas-da-PM-sudoeste-acontece.jpg","type":"image\/jpeg"}],"author":"Washington Tiago","twitter_card":"summary_large_image","twitter_misc":{"Escrito por":"Washington Tiago","Est. tempo de leitura":"2 minutos"},"schema":{"@context":"https:\/\/schema.org","@graph":[{"@type":"Article","@id":"https:\/\/sudoesteacontece.com.br\/?p=2349#article","isPartOf":{"@id":"https:\/\/sudoesteacontece.com.br\/?p=2349"},"author":{"name":"Washington Tiago","@id":"https:\/\/sudoesteacontece.com.br\/#\/schema\/person\/3cf2cf009926a9683ebc29d5379fa79c"},"headline":"Tentativa de invas\u00e3o do Comando Vermelho causa p\u00e2nico em Muritiba e mobiliza for\u00e7as da PM","datePublished":"2025-11-11T18:24:04+00:00","dateModified":"2025-11-11T18:24:07+00:00","mainEntityOfPage":{"@id":"https:\/\/sudoesteacontece.com.br\/?p=2349"},"wordCount":362,"commentCount":0,"publisher":{"@id":"https:\/\/sudoesteacontece.com.br\/#organization"},"image":{"@id":"https:\/\/sudoesteacontece.com.br\/?p=2349#primaryimage"},"thumbnailUrl":"https:\/\/sudoesteacontece.com.br\/wp-content\/uploads\/2025\/11\/Tentativa-de-invasao-do-Comando-Vermelho-causa-panico-em-Muritiba-e-mobiliza-forcas-da-PM-sudoeste-acontece.jpg","articleSection":["Bahia","Cidades","Pol\u00edcia","Pol\u00edtica"],"inLanguage":"pt-BR","potentialAction":[{"@type":"CommentAction","name":"Comment","target":["https:\/\/sudoesteacontece.com.br\/?p=2349#respond"]}]},{"@type":"WebPage","@id":"https:\/\/sudoesteacontece.com.br\/?p=2349","url":"https:\/\/sudoesteacontece.com.br\/?p=2349","name":"Tentativa de invas\u00e3o do Comando Vermelho causa p\u00e2nico em Muritiba e mobiliza for\u00e7as da PM - Sudoesteacontece","isPartOf":{"@id":"https:\/\/sudoesteacontece.com.br\/#website"},"primaryImageOfPage":{"@id":"https:\/\/sudoesteacontece.com.br\/?p=2349#primaryimage"},"image":{"@id":"https:\/\/sudoesteacontece.com.br\/?p=2349#primaryimage"},"thumbnailUrl":"https:\/\/sudoesteacontece.com.br\/wp-content\/uploads\/2025\/11\/Tentativa-de-invasao-do-Comando-Vermelho-causa-panico-em-Muritiba-e-mobiliza-forcas-da-PM-sudoeste-acontece.jpg","datePublished":"2025-11-11T18:24:04+00:00","dateModified":"2025-11-11T18:24:07+00:00","breadcrumb":{"@id":"https:\/\/sudoesteacontece.com.br\/?p=2349#breadcrumb"},"inLanguage":"pt-BR","potentialAction":[{"@type":"ReadAction","target":["https:\/\/sudoesteacontece.com.br\/?p=2349"]}]},{"@type":"ImageObject","inLanguage":"pt-BR","@id":"https:\/\/sudoesteacontece.com.br\/?p=2349#primaryimage","url":"https:\/\/sudoesteacontece.com.br\/wp-content\/uploads\/2025\/11\/Tentativa-de-invasao-do-Comando-Vermelho-causa-panico-em-Muritiba-e-mobiliza-forcas-da-PM-sudoeste-acontece.jpg","contentUrl":"https:\/\/sudoesteacontece.com.br\/wp-content\/uploads\/2025\/11\/Tentativa-de-invasao-do-Comando-Vermelho-causa-panico-em-Muritiba-e-mobiliza-forcas-da-PM-sudoeste-acontece.jpg","width":800,"height":450},{"@type":"BreadcrumbList","@id":"https:\/\/sudoesteacontece.com.br\/?p=2349#breadcrumb","itemListElement":[{"@type":"ListItem","position":1,"name":"In\u00edcio","item":"https:\/\/sudoesteacontece.com.br\/"},{"@type":"ListItem","position":2,"name":"Tentativa de invas\u00e3o do Comando Vermelho causa p\u00e2nico em Muritiba e mobiliza for\u00e7as da PM"}]},{"@type":"WebSite","@id":"https:\/\/sudoesteacontece.com.br\/#website","url":"https:\/\/sudoesteacontece.com.br\/","name":"Sudoesteacontece","description":"","publisher":{"@id":"https:\/\/sudoesteacontece.com.br\/#organization"},"potentialAction":[{"@type":"SearchAction","target":{"@type":"EntryPoint","urlTemplate":"https:\/\/sudoesteacontece.com.br\/?s={search_term_string}"},"query-input":{"@type":"PropertyValueSpecification","valueRequired":true,"valueName":"search_term_string"}}],"inLanguage":"pt-BR"},{"@type":"Organization","@id":"https:\/\/sudoesteacontece.com.br\/#organization","name":"Sudoesteacontece","url":"https:\/\/sudoesteacontece.com.br\/","logo":{"@type":"ImageObject","inLanguage":"pt-BR","@id":"https:\/\/sudoesteacontece.com.br\/#\/schema\/logo\/image\/","url":"https:\/\/sudoesteacontece.com.br\/wp-content\/uploads\/2025\/12\/cropped-logo-2-180x180-1.png","contentUrl":"https:\/\/sudoesteacontece.com.br\/wp-content\/uploads\/2025\/12\/cropped-logo-2-180x180-1.png","width":180,"height":180,"caption":"Sudoesteacontece"},"image":{"@id":"https:\/\/sudoesteacontece.com.br\/#\/schema\/logo\/image\/"},"sameAs":["https:\/\/www.facebook.com\/sudoesteacontece\/?locale=pt_BR"]},{"@type":"Person","@id":"https:\/\/sudoesteacontece.com.br\/#\/schema\/person\/3cf2cf009926a9683ebc29d5379fa79c","name":"Washington Tiago","image":{"@type":"ImageObject","inLanguage":"pt-BR","@id":"https:\/\/sudoesteacontece.com.br\/#\/schema\/person\/image\/","url":"https:\/\/secure.gravatar.com\/avatar\/33c43b8668157e040f9d1fe93c354bf087cbd8ba36270c1163198bd3ddcf2a56?s=96&d=mm&r=g","contentUrl":"https:\/\/secure.gravatar.com\/avatar\/33c43b8668157e040f9d1fe93c354bf087cbd8ba36270c1163198bd3ddcf2a56?s=96&d=mm&r=g","caption":"Washington Tiago"},"url":"https:\/\/sudoesteacontece.com.br\/?author=2"}]}},"_links":{"self":[{"href":"https:\/\/sudoesteacontece.com.br\/index.php?rest_route=\/wp\/v2\/posts\/2349","targetHints":{"allow":["GET"]}}],"collection":[{"href":"https:\/\/sudoesteacontece.com.br\/index.php?rest_route=\/wp\/v2\/posts"}],"about":[{"href":"https:\/\/sudoesteacontece.com.br\/index.php?rest_route=\/wp\/v2\/types\/post"}],"author":[{"embeddable":true,"href":"https:\/\/sudoesteacontece.com.br\/index.php?rest_route=\/wp\/v2\/users\/2"}],"replies":[{"embeddable":true,"href":"https:\/\/sudoesteacontece.com.br\/index.php?rest_route=%2Fwp%2Fv2%2Fcomments&post=2349"}],"version-history":[{"count":0,"href":"https:\/\/sudoesteacontece.com.br\/index.php?rest_route=\/wp\/v2\/posts\/2349\/revisions"}],"wp:featuredmedia":[{"embeddable":true,"href":"https:\/\/sudoesteacontece.com.br\/index.php?rest_route=\/wp\/v2\/media\/2374"}],"wp:attachment":[{"href":"https:\/\/sudoesteacontece.com.br\/index.php?rest_route=%2Fwp%2Fv2%2Fmedia&parent=2349"}],"wp:term":[{"taxonomy":"category","embeddable":true,"href":"https:\/\/sudoesteacontece.com.br\/index.php?rest_route=%2Fwp%2Fv2%2Fcategories&post=2349"},{"taxonomy":"post_tag","embeddable":true,"href":"https:\/\/sudoesteacontece.com.br\/index.php?rest_route=%2Fwp%2Fv2%2Ftags&post=2349"}],"curies":[{"name":"wp","href":"https:\/\/api.w.org\/{rel}","templated":true}]}}