{"id":2400,"date":"2025-11-12T15:41:08","date_gmt":"2025-11-12T18:41:08","guid":{"rendered":"https:\/\/sudoesteacontece.com.br\/?p=2400"},"modified":"2025-11-12T15:41:12","modified_gmt":"2025-11-12T18:41:12","slug":"mp-propoe-criacao-de-nova-promotoria-em-brumado-para-reforcar-sistema-de-justica","status":"publish","type":"post","link":"https:\/\/sudoesteacontece.com.br\/?p=2400","title":{"rendered":"MP prop\u00f5e cria\u00e7\u00e3o de nova Promotoria em Brumado para refor\u00e7ar sistema de Justi\u00e7a"},"content":{"rendered":"<div class=\"wp-block-image\">\n<figure class=\"aligncenter size-full\"><img fetchpriority=\"high\" decoding=\"async\" width=\"951\" height=\"535\" src=\"http:\/\/sudoesteacontece.com.br\/wp-content\/uploads\/2025\/11\/MP-propoe-criacao-de-nova-Promotoria-em-Brumado-para-reforcar-sistema-de-Justica-sudoeste-acontece.jpg\" alt=\"\" class=\"wp-image-2446\" srcset=\"https:\/\/sudoesteacontece.com.br\/wp-content\/uploads\/2025\/11\/MP-propoe-criacao-de-nova-Promotoria-em-Brumado-para-reforcar-sistema-de-Justica-sudoeste-acontece.jpg 951w, https:\/\/sudoesteacontece.com.br\/wp-content\/uploads\/2025\/11\/MP-propoe-criacao-de-nova-Promotoria-em-Brumado-para-reforcar-sistema-de-Justica-sudoeste-acontece-300x169.jpg 300w, https:\/\/sudoesteacontece.com.br\/wp-content\/uploads\/2025\/11\/MP-propoe-criacao-de-nova-Promotoria-em-Brumado-para-reforcar-sistema-de-Justica-sudoeste-acontece-768x432.jpg 768w\" sizes=\"(max-width: 951px) 100vw, 951px\" \/><\/figure>\n<\/div>\n\n\n<p>O Minist\u00e9rio P\u00fablico da Bahia (MP-BA) enviou \u00e0 Assembleia Legislativa (AL-BA) uma proposta para reestruturar o sistema de Justi\u00e7a em Brumado. Medida visa acompanhar o crescimento populacional e o aumento das demandas judiciais no interior do estado.<\/p>\n\n\n\n<p>Projeto, assinado pelo procurador-geral de Justi\u00e7a Pedro Maia Souza Marques, foi encaminhado em 3 de novembro. Proposta cria uma quinta Promotoria de Justi\u00e7a no munic\u00edpio, atendendo \u00e0 necessidade de amplia\u00e7\u00e3o do atendimento provocada pela instala\u00e7\u00e3o do Conjunto Penal de Brumado e pela cria\u00e7\u00e3o de uma segunda vara criminal.<\/p>\n\n\n\n<p>A iniciativa integra um pacote de a\u00e7\u00f5es conjuntas entre o MP-BA e o Tribunal de Justi\u00e7a da Bahia (TJ-BA), que tamb\u00e9m encaminhou \u00e0 AL-BA medidas para fortalecer o funcionamento das comarcas e melhorar a efici\u00eancia dos servi\u00e7os prestados \u00e0 popula\u00e7\u00e3o.<\/p>\n\n\n\n<p>Diferente de outras amplia\u00e7\u00f5es, a nova promotoria n\u00e3o trar\u00e1 custos adicionais ao Estado. O MP-BA pretende transformar a atual Promotoria de Justi\u00e7a Especializada em Meio Ambiente de Jequi\u00e9, realocando a estrutura para Brumado.<\/p>\n\n\n\n<p>De acordo com o Minist\u00e9rio P\u00fablico, a mudan\u00e7a permitir\u00e1 refor\u00e7ar o atendimento criminal na regi\u00e3o sem comprometer as a\u00e7\u00f5es ambientais no M\u00e9dio Rio de Contas. O \u00f3rg\u00e3o garante que haver\u00e1 equil\u00edbrio entre efici\u00eancia administrativa e cobertura territorial.<\/p>\n\n\n\n<p>Pedro Maia destacou que a iniciativa reflete o compromisso do MP-BA em aproximar a Justi\u00e7a do cidad\u00e3o. \u201cNosso objetivo \u00e9 oferecer uma atua\u00e7\u00e3o mais \u00e1gil e eficaz, especialmente em cidades que v\u00eam registrando crescimento populacional e aumento de demandas\u201d, afirmou.<\/p>\n\n\n\n<p>Tribunal de Justi\u00e7a, por sua vez, tamb\u00e9m encaminhou proposta semelhante, voltada \u00e0 adequa\u00e7\u00e3o estrutural das comarcas e \u00e0 redistribui\u00e7\u00e3o de varas no interior. Objetivo \u00e9 fortalecer o sistema de Justi\u00e7a e otimizar o atendimento \u00e0 popula\u00e7\u00e3o baiana.<\/p>\n\n\n\n<p>Com a cria\u00e7\u00e3o da nova promotoria, Brumado deve se consolidar como um dos principais polos regionais de atua\u00e7\u00e3o judicial, concentrando servi\u00e7os e melhorando a resposta institucional frente ao aumento de casos criminais e sociais.<\/p>\n\n\n\n<p>A Assembleia Legislativa deve analisar o projeto nas pr\u00f3ximas semanas. Caso aprovado, o MP-BA iniciar\u00e1 o processo de instala\u00e7\u00e3o da nova unidade ainda em 2025.<\/p>\n","protected":false},"excerpt":{"rendered":"<p>O Minist\u00e9rio P\u00fablico da Bahia (MP-BA) enviou \u00e0 Assembleia Legislativa (AL-BA) uma proposta para reestruturar o sistema de Justi\u00e7a em Brumado. Medida visa acompanhar o crescimento populacional e o aumento das demandas judiciais no interior do estado. Projeto, assinado pelo procurador-geral de Justi\u00e7a Pedro Maia Souza Marques, foi encaminhado em 3 de novembro. Proposta cria uma quinta Promotoria de Justi\u00e7a no munic\u00edpio, atendendo \u00e0 necessidade de amplia\u00e7\u00e3o do atendimento provocada pela instala\u00e7\u00e3o do Conjunto Penal de Brumado e pela cria\u00e7\u00e3o de uma segunda vara criminal. A iniciativa integra um pacote de a\u00e7\u00f5es conjuntas entre o MP-BA e o Tribunal de Justi\u00e7a da Bahia (TJ-BA), que tamb\u00e9m encaminhou \u00e0 AL-BA medidas para fortalecer o funcionamento das comarcas e melhorar a efici\u00eancia dos servi\u00e7os prestados \u00e0 popula\u00e7\u00e3o. Diferente de outras amplia\u00e7\u00f5es, a nova promotoria n\u00e3o trar\u00e1 custos adicionais ao Estado. O MP-BA pretende transformar a atual Promotoria de Justi\u00e7a Especializada em Meio Ambiente de Jequi\u00e9, realocando a estrutura para Brumado. De acordo com o Minist\u00e9rio P\u00fablico, a mudan\u00e7a permitir\u00e1 refor\u00e7ar o atendimento criminal na regi\u00e3o sem comprometer as a\u00e7\u00f5es ambientais no M\u00e9dio Rio de Contas. O \u00f3rg\u00e3o garante que haver\u00e1 equil\u00edbrio entre efici\u00eancia administrativa e cobertura territorial. Pedro Maia destacou que a iniciativa reflete o compromisso do MP-BA em aproximar a Justi\u00e7a do cidad\u00e3o. \u201cNosso objetivo \u00e9 oferecer uma atua\u00e7\u00e3o mais \u00e1gil e eficaz, especialmente em cidades que v\u00eam registrando crescimento populacional e aumento de demandas\u201d, afirmou. Tribunal de Justi\u00e7a, por sua vez, tamb\u00e9m encaminhou proposta semelhante, voltada \u00e0 adequa\u00e7\u00e3o estrutural das comarcas e \u00e0 redistribui\u00e7\u00e3o de varas no interior. Objetivo \u00e9 fortalecer o sistema de Justi\u00e7a e otimizar o atendimento \u00e0 popula\u00e7\u00e3o baiana. Com a cria\u00e7\u00e3o da nova promotoria, Brumado deve se consolidar como um dos principais polos regionais de atua\u00e7\u00e3o judicial, concentrando servi\u00e7os e melhorando a resposta institucional frente ao aumento de casos criminais e sociais. A Assembleia Legislativa deve analisar o projeto nas pr\u00f3ximas semanas. Caso aprovado, o MP-BA iniciar\u00e1 o processo de instala\u00e7\u00e3o da nova unidade ainda em 2025.<\/p>\n","protected":false},"author":2,"featured_media":2446,"comment_status":"open","ping_status":"open","sticky":false,"template":"","format":"standard","meta":{"footnotes":""},"categories":[7,10,13],"tags":[],"class_list":["post-2400","post","type-post","status-publish","format-standard","has-post-thumbnail","hentry","category-bahia","category-brumado","category-justica"],"yoast_head":"<!-- This site is optimized with the Yoast SEO plugin v26.5 - https:\/\/yoast.com\/wordpress\/plugins\/seo\/ -->\n<title>MP prop\u00f5e cria\u00e7\u00e3o de nova Promotoria em Brumado para refor\u00e7ar sistema de Justi\u00e7a - Sudoesteacontece<\/title>\n<meta name=\"robots\" content=\"index, follow, max-snippet:-1, max-image-preview:large, max-video-preview:-1\" \/>\n<link rel=\"canonical\" href=\"https:\/\/sudoesteacontece.com.br\/?p=2400\" \/>\n<meta property=\"og:locale\" content=\"pt_BR\" \/>\n<meta property=\"og:type\" content=\"article\" \/>\n<meta property=\"og:title\" content=\"MP prop\u00f5e cria\u00e7\u00e3o de nova Promotoria em Brumado para refor\u00e7ar sistema de Justi\u00e7a - Sudoesteacontece\" \/>\n<meta property=\"og:description\" content=\"O Minist\u00e9rio P\u00fablico da Bahia (MP-BA) enviou \u00e0 Assembleia Legislativa (AL-BA) uma proposta para reestruturar o sistema de Justi\u00e7a em Brumado. Medida visa acompanhar o crescimento populacional e o aumento das demandas judiciais no interior do estado. Projeto, assinado pelo procurador-geral de Justi\u00e7a Pedro Maia Souza Marques, foi encaminhado em 3 de novembro. Proposta cria uma quinta Promotoria de Justi\u00e7a no munic\u00edpio, atendendo \u00e0 necessidade de amplia\u00e7\u00e3o do atendimento provocada pela instala\u00e7\u00e3o do Conjunto Penal de Brumado e pela cria\u00e7\u00e3o de uma segunda vara criminal. A iniciativa integra um pacote de a\u00e7\u00f5es conjuntas entre o MP-BA e o Tribunal de Justi\u00e7a da Bahia (TJ-BA), que tamb\u00e9m encaminhou \u00e0 AL-BA medidas para fortalecer o funcionamento das comarcas e melhorar a efici\u00eancia dos servi\u00e7os prestados \u00e0 popula\u00e7\u00e3o. Diferente de outras amplia\u00e7\u00f5es, a nova promotoria n\u00e3o trar\u00e1 custos adicionais ao Estado. O MP-BA pretende transformar a atual Promotoria de Justi\u00e7a Especializada em Meio Ambiente de Jequi\u00e9, realocando a estrutura para Brumado. De acordo com o Minist\u00e9rio P\u00fablico, a mudan\u00e7a permitir\u00e1 refor\u00e7ar o atendimento criminal na regi\u00e3o sem comprometer as a\u00e7\u00f5es ambientais no M\u00e9dio Rio de Contas. O \u00f3rg\u00e3o garante que haver\u00e1 equil\u00edbrio entre efici\u00eancia administrativa e cobertura territorial. Pedro Maia destacou que a iniciativa reflete o compromisso do MP-BA em aproximar a Justi\u00e7a do cidad\u00e3o. \u201cNosso objetivo \u00e9 oferecer uma atua\u00e7\u00e3o mais \u00e1gil e eficaz, especialmente em cidades que v\u00eam registrando crescimento populacional e aumento de demandas\u201d, afirmou. Tribunal de Justi\u00e7a, por sua vez, tamb\u00e9m encaminhou proposta semelhante, voltada \u00e0 adequa\u00e7\u00e3o estrutural das comarcas e \u00e0 redistribui\u00e7\u00e3o de varas no interior. Objetivo \u00e9 fortalecer o sistema de Justi\u00e7a e otimizar o atendimento \u00e0 popula\u00e7\u00e3o baiana. Com a cria\u00e7\u00e3o da nova promotoria, Brumado deve se consolidar como um dos principais polos regionais de atua\u00e7\u00e3o judicial, concentrando servi\u00e7os e melhorando a resposta institucional frente ao aumento de casos criminais e sociais. A Assembleia Legislativa deve analisar o projeto nas pr\u00f3ximas semanas. Caso aprovado, o MP-BA iniciar\u00e1 o processo de instala\u00e7\u00e3o da nova unidade ainda em 2025.\" \/>\n<meta property=\"og:url\" content=\"https:\/\/sudoesteacontece.com.br\/?p=2400\" \/>\n<meta property=\"og:site_name\" content=\"Sudoesteacontece\" \/>\n<meta property=\"article:publisher\" content=\"https:\/\/www.facebook.com\/sudoesteacontece\/?locale=pt_BR\" \/>\n<meta property=\"article:published_time\" content=\"2025-11-12T18:41:08+00:00\" \/>\n<meta property=\"article:modified_time\" content=\"2025-11-12T18:41:12+00:00\" \/>\n<meta property=\"og:image\" content=\"https:\/\/sudoesteacontece.com.br\/wp-content\/uploads\/2025\/11\/MP-propoe-criacao-de-nova-Promotoria-em-Brumado-para-reforcar-sistema-de-Justica-sudoeste-acontece.jpg\" \/>\n\t<meta property=\"og:image:width\" content=\"951\" \/>\n\t<meta property=\"og:image:height\" content=\"535\" \/>\n\t<meta property=\"og:image:type\" content=\"image\/jpeg\" \/>\n<meta name=\"author\" content=\"Washington Tiago\" \/>\n<meta name=\"twitter:card\" content=\"summary_large_image\" \/>\n<meta name=\"twitter:label1\" content=\"Escrito por\" \/>\n\t<meta name=\"twitter:data1\" content=\"Washington Tiago\" \/>\n\t<meta name=\"twitter:label2\" content=\"Est. tempo de leitura\" \/>\n\t<meta name=\"twitter:data2\" content=\"2 minutos\" \/>\n<script type=\"application\/ld+json\" class=\"yoast-schema-graph\">{\"@context\":\"https:\/\/schema.org\",\"@graph\":[{\"@type\":\"Article\",\"@id\":\"https:\/\/sudoesteacontece.com.br\/?p=2400#article\",\"isPartOf\":{\"@id\":\"https:\/\/sudoesteacontece.com.br\/?p=2400\"},\"author\":{\"name\":\"Washington Tiago\",\"@id\":\"https:\/\/sudoesteacontece.com.br\/#\/schema\/person\/3cf2cf009926a9683ebc29d5379fa79c\"},\"headline\":\"MP prop\u00f5e cria\u00e7\u00e3o de nova Promotoria em Brumado para refor\u00e7ar sistema de Justi\u00e7a\",\"datePublished\":\"2025-11-12T18:41:08+00:00\",\"dateModified\":\"2025-11-12T18:41:12+00:00\",\"mainEntityOfPage\":{\"@id\":\"https:\/\/sudoesteacontece.com.br\/?p=2400\"},\"wordCount\":380,\"commentCount\":0,\"publisher\":{\"@id\":\"https:\/\/sudoesteacontece.com.br\/#organization\"},\"image\":{\"@id\":\"https:\/\/sudoesteacontece.com.br\/?p=2400#primaryimage\"},\"thumbnailUrl\":\"https:\/\/sudoesteacontece.com.br\/wp-content\/uploads\/2025\/11\/MP-propoe-criacao-de-nova-Promotoria-em-Brumado-para-reforcar-sistema-de-Justica-sudoeste-acontece.jpg\",\"articleSection\":[\"Bahia\",\"Brumado\",\"Justi\u00e7a\"],\"inLanguage\":\"pt-BR\",\"potentialAction\":[{\"@type\":\"CommentAction\",\"name\":\"Comment\",\"target\":[\"https:\/\/sudoesteacontece.com.br\/?p=2400#respond\"]}]},{\"@type\":\"WebPage\",\"@id\":\"https:\/\/sudoesteacontece.com.br\/?p=2400\",\"url\":\"https:\/\/sudoesteacontece.com.br\/?p=2400\",\"name\":\"MP prop\u00f5e cria\u00e7\u00e3o de nova Promotoria em Brumado para refor\u00e7ar sistema de Justi\u00e7a - Sudoesteacontece\",\"isPartOf\":{\"@id\":\"https:\/\/sudoesteacontece.com.br\/#website\"},\"primaryImageOfPage\":{\"@id\":\"https:\/\/sudoesteacontece.com.br\/?p=2400#primaryimage\"},\"image\":{\"@id\":\"https:\/\/sudoesteacontece.com.br\/?p=2400#primaryimage\"},\"thumbnailUrl\":\"https:\/\/sudoesteacontece.com.br\/wp-content\/uploads\/2025\/11\/MP-propoe-criacao-de-nova-Promotoria-em-Brumado-para-reforcar-sistema-de-Justica-sudoeste-acontece.jpg\",\"datePublished\":\"2025-11-12T18:41:08+00:00\",\"dateModified\":\"2025-11-12T18:41:12+00:00\",\"breadcrumb\":{\"@id\":\"https:\/\/sudoesteacontece.com.br\/?p=2400#breadcrumb\"},\"inLanguage\":\"pt-BR\",\"potentialAction\":[{\"@type\":\"ReadAction\",\"target\":[\"https:\/\/sudoesteacontece.com.br\/?p=2400\"]}]},{\"@type\":\"ImageObject\",\"inLanguage\":\"pt-BR\",\"@id\":\"https:\/\/sudoesteacontece.com.br\/?p=2400#primaryimage\",\"url\":\"https:\/\/sudoesteacontece.com.br\/wp-content\/uploads\/2025\/11\/MP-propoe-criacao-de-nova-Promotoria-em-Brumado-para-reforcar-sistema-de-Justica-sudoeste-acontece.jpg\",\"contentUrl\":\"https:\/\/sudoesteacontece.com.br\/wp-content\/uploads\/2025\/11\/MP-propoe-criacao-de-nova-Promotoria-em-Brumado-para-reforcar-sistema-de-Justica-sudoeste-acontece.jpg\",\"width\":951,\"height\":535},{\"@type\":\"BreadcrumbList\",\"@id\":\"https:\/\/sudoesteacontece.com.br\/?p=2400#breadcrumb\",\"itemListElement\":[{\"@type\":\"ListItem\",\"position\":1,\"name\":\"In\u00edcio\",\"item\":\"https:\/\/sudoesteacontece.com.br\/\"},{\"@type\":\"ListItem\",\"position\":2,\"name\":\"MP prop\u00f5e cria\u00e7\u00e3o de nova Promotoria em Brumado para refor\u00e7ar sistema de Justi\u00e7a\"}]},{\"@type\":\"WebSite\",\"@id\":\"https:\/\/sudoesteacontece.com.br\/#website\",\"url\":\"https:\/\/sudoesteacontece.com.br\/\",\"name\":\"Sudoesteacontece\",\"description\":\"\",\"publisher\":{\"@id\":\"https:\/\/sudoesteacontece.com.br\/#organization\"},\"potentialAction\":[{\"@type\":\"SearchAction\",\"target\":{\"@type\":\"EntryPoint\",\"urlTemplate\":\"https:\/\/sudoesteacontece.com.br\/?s={search_term_string}\"},\"query-input\":{\"@type\":\"PropertyValueSpecification\",\"valueRequired\":true,\"valueName\":\"search_term_string\"}}],\"inLanguage\":\"pt-BR\"},{\"@type\":\"Organization\",\"@id\":\"https:\/\/sudoesteacontece.com.br\/#organization\",\"name\":\"Sudoesteacontece\",\"url\":\"https:\/\/sudoesteacontece.com.br\/\",\"logo\":{\"@type\":\"ImageObject\",\"inLanguage\":\"pt-BR\",\"@id\":\"https:\/\/sudoesteacontece.com.br\/#\/schema\/logo\/image\/\",\"url\":\"https:\/\/sudoesteacontece.com.br\/wp-content\/uploads\/2025\/12\/cropped-logo-2-180x180-1.png\",\"contentUrl\":\"https:\/\/sudoesteacontece.com.br\/wp-content\/uploads\/2025\/12\/cropped-logo-2-180x180-1.png\",\"width\":180,\"height\":180,\"caption\":\"Sudoesteacontece\"},\"image\":{\"@id\":\"https:\/\/sudoesteacontece.com.br\/#\/schema\/logo\/image\/\"},\"sameAs\":[\"https:\/\/www.facebook.com\/sudoesteacontece\/?locale=pt_BR\"]},{\"@type\":\"Person\",\"@id\":\"https:\/\/sudoesteacontece.com.br\/#\/schema\/person\/3cf2cf009926a9683ebc29d5379fa79c\",\"name\":\"Washington Tiago\",\"image\":{\"@type\":\"ImageObject\",\"inLanguage\":\"pt-BR\",\"@id\":\"https:\/\/sudoesteacontece.com.br\/#\/schema\/person\/image\/\",\"url\":\"https:\/\/secure.gravatar.com\/avatar\/33c43b8668157e040f9d1fe93c354bf087cbd8ba36270c1163198bd3ddcf2a56?s=96&d=mm&r=g\",\"contentUrl\":\"https:\/\/secure.gravatar.com\/avatar\/33c43b8668157e040f9d1fe93c354bf087cbd8ba36270c1163198bd3ddcf2a56?s=96&d=mm&r=g\",\"caption\":\"Washington Tiago\"},\"url\":\"https:\/\/sudoesteacontece.com.br\/?author=2\"}]}<\/script>\n<!-- \/ Yoast SEO plugin. -->","yoast_head_json":{"title":"MP prop\u00f5e cria\u00e7\u00e3o de nova Promotoria em Brumado para refor\u00e7ar sistema de Justi\u00e7a - Sudoesteacontece","robots":{"index":"index","follow":"follow","max-snippet":"max-snippet:-1","max-image-preview":"max-image-preview:large","max-video-preview":"max-video-preview:-1"},"canonical":"https:\/\/sudoesteacontece.com.br\/?p=2400","og_locale":"pt_BR","og_type":"article","og_title":"MP prop\u00f5e cria\u00e7\u00e3o de nova Promotoria em Brumado para refor\u00e7ar sistema de Justi\u00e7a - Sudoesteacontece","og_description":"O Minist\u00e9rio P\u00fablico da Bahia (MP-BA) enviou \u00e0 Assembleia Legislativa (AL-BA) uma proposta para reestruturar o sistema de Justi\u00e7a em Brumado. Medida visa acompanhar o crescimento populacional e o aumento das demandas judiciais no interior do estado. Projeto, assinado pelo procurador-geral de Justi\u00e7a Pedro Maia Souza Marques, foi encaminhado em 3 de novembro. Proposta cria uma quinta Promotoria de Justi\u00e7a no munic\u00edpio, atendendo \u00e0 necessidade de amplia\u00e7\u00e3o do atendimento provocada pela instala\u00e7\u00e3o do Conjunto Penal de Brumado e pela cria\u00e7\u00e3o de uma segunda vara criminal. A iniciativa integra um pacote de a\u00e7\u00f5es conjuntas entre o MP-BA e o Tribunal de Justi\u00e7a da Bahia (TJ-BA), que tamb\u00e9m encaminhou \u00e0 AL-BA medidas para fortalecer o funcionamento das comarcas e melhorar a efici\u00eancia dos servi\u00e7os prestados \u00e0 popula\u00e7\u00e3o. Diferente de outras amplia\u00e7\u00f5es, a nova promotoria n\u00e3o trar\u00e1 custos adicionais ao Estado. O MP-BA pretende transformar a atual Promotoria de Justi\u00e7a Especializada em Meio Ambiente de Jequi\u00e9, realocando a estrutura para Brumado. De acordo com o Minist\u00e9rio P\u00fablico, a mudan\u00e7a permitir\u00e1 refor\u00e7ar o atendimento criminal na regi\u00e3o sem comprometer as a\u00e7\u00f5es ambientais no M\u00e9dio Rio de Contas. O \u00f3rg\u00e3o garante que haver\u00e1 equil\u00edbrio entre efici\u00eancia administrativa e cobertura territorial. Pedro Maia destacou que a iniciativa reflete o compromisso do MP-BA em aproximar a Justi\u00e7a do cidad\u00e3o. \u201cNosso objetivo \u00e9 oferecer uma atua\u00e7\u00e3o mais \u00e1gil e eficaz, especialmente em cidades que v\u00eam registrando crescimento populacional e aumento de demandas\u201d, afirmou. Tribunal de Justi\u00e7a, por sua vez, tamb\u00e9m encaminhou proposta semelhante, voltada \u00e0 adequa\u00e7\u00e3o estrutural das comarcas e \u00e0 redistribui\u00e7\u00e3o de varas no interior. Objetivo \u00e9 fortalecer o sistema de Justi\u00e7a e otimizar o atendimento \u00e0 popula\u00e7\u00e3o baiana. Com a cria\u00e7\u00e3o da nova promotoria, Brumado deve se consolidar como um dos principais polos regionais de atua\u00e7\u00e3o judicial, concentrando servi\u00e7os e melhorando a resposta institucional frente ao aumento de casos criminais e sociais. A Assembleia Legislativa deve analisar o projeto nas pr\u00f3ximas semanas. Caso aprovado, o MP-BA iniciar\u00e1 o processo de instala\u00e7\u00e3o da nova unidade ainda em 2025.","og_url":"https:\/\/sudoesteacontece.com.br\/?p=2400","og_site_name":"Sudoesteacontece","article_publisher":"https:\/\/www.facebook.com\/sudoesteacontece\/?locale=pt_BR","article_published_time":"2025-11-12T18:41:08+00:00","article_modified_time":"2025-11-12T18:41:12+00:00","og_image":[{"width":951,"height":535,"url":"https:\/\/sudoesteacontece.com.br\/wp-content\/uploads\/2025\/11\/MP-propoe-criacao-de-nova-Promotoria-em-Brumado-para-reforcar-sistema-de-Justica-sudoeste-acontece.jpg","type":"image\/jpeg"}],"author":"Washington Tiago","twitter_card":"summary_large_image","twitter_misc":{"Escrito por":"Washington Tiago","Est. tempo de leitura":"2 minutos"},"schema":{"@context":"https:\/\/schema.org","@graph":[{"@type":"Article","@id":"https:\/\/sudoesteacontece.com.br\/?p=2400#article","isPartOf":{"@id":"https:\/\/sudoesteacontece.com.br\/?p=2400"},"author":{"name":"Washington Tiago","@id":"https:\/\/sudoesteacontece.com.br\/#\/schema\/person\/3cf2cf009926a9683ebc29d5379fa79c"},"headline":"MP prop\u00f5e cria\u00e7\u00e3o de nova Promotoria em Brumado para refor\u00e7ar sistema de Justi\u00e7a","datePublished":"2025-11-12T18:41:08+00:00","dateModified":"2025-11-12T18:41:12+00:00","mainEntityOfPage":{"@id":"https:\/\/sudoesteacontece.com.br\/?p=2400"},"wordCount":380,"commentCount":0,"publisher":{"@id":"https:\/\/sudoesteacontece.com.br\/#organization"},"image":{"@id":"https:\/\/sudoesteacontece.com.br\/?p=2400#primaryimage"},"thumbnailUrl":"https:\/\/sudoesteacontece.com.br\/wp-content\/uploads\/2025\/11\/MP-propoe-criacao-de-nova-Promotoria-em-Brumado-para-reforcar-sistema-de-Justica-sudoeste-acontece.jpg","articleSection":["Bahia","Brumado","Justi\u00e7a"],"inLanguage":"pt-BR","potentialAction":[{"@type":"CommentAction","name":"Comment","target":["https:\/\/sudoesteacontece.com.br\/?p=2400#respond"]}]},{"@type":"WebPage","@id":"https:\/\/sudoesteacontece.com.br\/?p=2400","url":"https:\/\/sudoesteacontece.com.br\/?p=2400","name":"MP prop\u00f5e cria\u00e7\u00e3o de nova Promotoria em Brumado para refor\u00e7ar sistema de Justi\u00e7a - Sudoesteacontece","isPartOf":{"@id":"https:\/\/sudoesteacontece.com.br\/#website"},"primaryImageOfPage":{"@id":"https:\/\/sudoesteacontece.com.br\/?p=2400#primaryimage"},"image":{"@id":"https:\/\/sudoesteacontece.com.br\/?p=2400#primaryimage"},"thumbnailUrl":"https:\/\/sudoesteacontece.com.br\/wp-content\/uploads\/2025\/11\/MP-propoe-criacao-de-nova-Promotoria-em-Brumado-para-reforcar-sistema-de-Justica-sudoeste-acontece.jpg","datePublished":"2025-11-12T18:41:08+00:00","dateModified":"2025-11-12T18:41:12+00:00","breadcrumb":{"@id":"https:\/\/sudoesteacontece.com.br\/?p=2400#breadcrumb"},"inLanguage":"pt-BR","potentialAction":[{"@type":"ReadAction","target":["https:\/\/sudoesteacontece.com.br\/?p=2400"]}]},{"@type":"ImageObject","inLanguage":"pt-BR","@id":"https:\/\/sudoesteacontece.com.br\/?p=2400#primaryimage","url":"https:\/\/sudoesteacontece.com.br\/wp-content\/uploads\/2025\/11\/MP-propoe-criacao-de-nova-Promotoria-em-Brumado-para-reforcar-sistema-de-Justica-sudoeste-acontece.jpg","contentUrl":"https:\/\/sudoesteacontece.com.br\/wp-content\/uploads\/2025\/11\/MP-propoe-criacao-de-nova-Promotoria-em-Brumado-para-reforcar-sistema-de-Justica-sudoeste-acontece.jpg","width":951,"height":535},{"@type":"BreadcrumbList","@id":"https:\/\/sudoesteacontece.com.br\/?p=2400#breadcrumb","itemListElement":[{"@type":"ListItem","position":1,"name":"In\u00edcio","item":"https:\/\/sudoesteacontece.com.br\/"},{"@type":"ListItem","position":2,"name":"MP prop\u00f5e cria\u00e7\u00e3o de nova Promotoria em Brumado para refor\u00e7ar sistema de Justi\u00e7a"}]},{"@type":"WebSite","@id":"https:\/\/sudoesteacontece.com.br\/#website","url":"https:\/\/sudoesteacontece.com.br\/","name":"Sudoesteacontece","description":"","publisher":{"@id":"https:\/\/sudoesteacontece.com.br\/#organization"},"potentialAction":[{"@type":"SearchAction","target":{"@type":"EntryPoint","urlTemplate":"https:\/\/sudoesteacontece.com.br\/?s={search_term_string}"},"query-input":{"@type":"PropertyValueSpecification","valueRequired":true,"valueName":"search_term_string"}}],"inLanguage":"pt-BR"},{"@type":"Organization","@id":"https:\/\/sudoesteacontece.com.br\/#organization","name":"Sudoesteacontece","url":"https:\/\/sudoesteacontece.com.br\/","logo":{"@type":"ImageObject","inLanguage":"pt-BR","@id":"https:\/\/sudoesteacontece.com.br\/#\/schema\/logo\/image\/","url":"https:\/\/sudoesteacontece.com.br\/wp-content\/uploads\/2025\/12\/cropped-logo-2-180x180-1.png","contentUrl":"https:\/\/sudoesteacontece.com.br\/wp-content\/uploads\/2025\/12\/cropped-logo-2-180x180-1.png","width":180,"height":180,"caption":"Sudoesteacontece"},"image":{"@id":"https:\/\/sudoesteacontece.com.br\/#\/schema\/logo\/image\/"},"sameAs":["https:\/\/www.facebook.com\/sudoesteacontece\/?locale=pt_BR"]},{"@type":"Person","@id":"https:\/\/sudoesteacontece.com.br\/#\/schema\/person\/3cf2cf009926a9683ebc29d5379fa79c","name":"Washington Tiago","image":{"@type":"ImageObject","inLanguage":"pt-BR","@id":"https:\/\/sudoesteacontece.com.br\/#\/schema\/person\/image\/","url":"https:\/\/secure.gravatar.com\/avatar\/33c43b8668157e040f9d1fe93c354bf087cbd8ba36270c1163198bd3ddcf2a56?s=96&d=mm&r=g","contentUrl":"https:\/\/secure.gravatar.com\/avatar\/33c43b8668157e040f9d1fe93c354bf087cbd8ba36270c1163198bd3ddcf2a56?s=96&d=mm&r=g","caption":"Washington Tiago"},"url":"https:\/\/sudoesteacontece.com.br\/?author=2"}]}},"_links":{"self":[{"href":"https:\/\/sudoesteacontece.com.br\/index.php?rest_route=\/wp\/v2\/posts\/2400","targetHints":{"allow":["GET"]}}],"collection":[{"href":"https:\/\/sudoesteacontece.com.br\/index.php?rest_route=\/wp\/v2\/posts"}],"about":[{"href":"https:\/\/sudoesteacontece.com.br\/index.php?rest_route=\/wp\/v2\/types\/post"}],"author":[{"embeddable":true,"href":"https:\/\/sudoesteacontece.com.br\/index.php?rest_route=\/wp\/v2\/users\/2"}],"replies":[{"embeddable":true,"href":"https:\/\/sudoesteacontece.com.br\/index.php?rest_route=%2Fwp%2Fv2%2Fcomments&post=2400"}],"version-history":[{"count":0,"href":"https:\/\/sudoesteacontece.com.br\/index.php?rest_route=\/wp\/v2\/posts\/2400\/revisions"}],"wp:featuredmedia":[{"embeddable":true,"href":"https:\/\/sudoesteacontece.com.br\/index.php?rest_route=\/wp\/v2\/media\/2446"}],"wp:attachment":[{"href":"https:\/\/sudoesteacontece.com.br\/index.php?rest_route=%2Fwp%2Fv2%2Fmedia&parent=2400"}],"wp:term":[{"taxonomy":"category","embeddable":true,"href":"https:\/\/sudoesteacontece.com.br\/index.php?rest_route=%2Fwp%2Fv2%2Fcategories&post=2400"},{"taxonomy":"post_tag","embeddable":true,"href":"https:\/\/sudoesteacontece.com.br\/index.php?rest_route=%2Fwp%2Fv2%2Ftags&post=2400"}],"curies":[{"name":"wp","href":"https:\/\/api.w.org\/{rel}","templated":true}]}}