{"id":2417,"date":"2025-11-12T15:45:28","date_gmt":"2025-11-12T18:45:28","guid":{"rendered":"https:\/\/sudoesteacontece.com.br\/?p=2417"},"modified":"2025-11-12T15:45:36","modified_gmt":"2025-11-12T18:45:36","slug":"apos-temporal-prefeito-fabricio-abrantes-pede-reforco-da-defesa-civil-para-brumado","status":"publish","type":"post","link":"https:\/\/sudoesteacontece.com.br\/?p=2417","title":{"rendered":"Ap\u00f3s temporal, prefeito Fabr\u00edcio Abrantes pede refor\u00e7o da Defesa Civil para Brumado"},"content":{"rendered":"\n<figure class=\"wp-block-image size-large\"><img fetchpriority=\"high\" decoding=\"async\" width=\"1024\" height=\"814\" src=\"http:\/\/sudoesteacontece.com.br\/wp-content\/uploads\/2025\/11\/Apos-temporal-prefeito-Fabricio-Abrantes-pede-reforco-da-Defesa-Civil-para-Brumado-sudoeste-acontece-1024x814.jpg\" alt=\"\" class=\"wp-image-2448\" srcset=\"https:\/\/sudoesteacontece.com.br\/wp-content\/uploads\/2025\/11\/Apos-temporal-prefeito-Fabricio-Abrantes-pede-reforco-da-Defesa-Civil-para-Brumado-sudoeste-acontece-1024x814.jpg 1024w, https:\/\/sudoesteacontece.com.br\/wp-content\/uploads\/2025\/11\/Apos-temporal-prefeito-Fabricio-Abrantes-pede-reforco-da-Defesa-Civil-para-Brumado-sudoeste-acontece-300x239.jpg 300w, https:\/\/sudoesteacontece.com.br\/wp-content\/uploads\/2025\/11\/Apos-temporal-prefeito-Fabricio-Abrantes-pede-reforco-da-Defesa-Civil-para-Brumado-sudoeste-acontece-768x611.jpg 768w, https:\/\/sudoesteacontece.com.br\/wp-content\/uploads\/2025\/11\/Apos-temporal-prefeito-Fabricio-Abrantes-pede-reforco-da-Defesa-Civil-para-Brumado-sudoeste-acontece.jpg 1280w\" sizes=\"(max-width: 1024px) 100vw, 1024px\" \/><\/figure>\n\n\n\n<p>O prefeito de Brumado, Fabr\u00edcio Abrantes (Avante), esteve nesta ter\u00e7a-feira (11) em Salvador para solicitar apoio emergencial da Defesa Civil da Bahia ap\u00f3s os estragos provocados pelas fortes chuvas que atingiram o munic\u00edpio nos \u00faltimos dias.<\/p>\n\n\n\n<p>Reuni\u00e3o aconteceu na sede da Defesa Civil estadual e contou com a presen\u00e7a do secret\u00e1rio adjunto Jorge J\u00fanior, do deputado estadual Felipe Duarte e de Juliana, integrante da equipe t\u00e9cnica do \u00f3rg\u00e3o. O encontro teve como foco discutir medidas de preven\u00e7\u00e3o, recupera\u00e7\u00e3o e assist\u00eancia \u00e0s fam\u00edlias afetadas.<\/p>\n\n\n\n<p>Fabr\u00edcio destacou que o munic\u00edpio j\u00e1 formalizou o decreto de emerg\u00eancia e busca, com o apoio do Estado, refor\u00e7ar as a\u00e7\u00f5es de enfrentamento aos danos. \u201cEstamos aqui ao lado da Defesa Civil, do nosso deputado Felipe Duarte e de toda a equipe t\u00e9cnica, tratando tanto da preven\u00e7\u00e3o quanto das medidas tomadas ap\u00f3s as fortes chuvas do fim de semana\u201d, afirmou.<\/p>\n\n\n\n<p>Durante a visita, o prefeito protocolou um of\u00edcio solicitando suporte t\u00e9cnico e financeiro para reconstruir pontes, vias danificadas e \u00e1reas de risco. Pedido inclui obras de recupera\u00e7\u00e3o estrutural e melhorias urbanas nas comunidades mais atingidas.<\/p>\n\n\n\n<p>\u201cViemos solicitar esse apoio ap\u00f3s o decreto de emerg\u00eancia. Tenho certeza de que essa ajuda chegar\u00e1 \u00e0s pessoas afetadas, permitindo que possamos reestruturar Brumado o quanto antes\u201d, disse o gestor.<\/p>\n\n\n\n<p>Prefeito tamb\u00e9m agradeceu ao governador Jer\u00f4nimo Rodrigues pelo pronto atendimento \u00e0s demandas apresentadas. \u201cAgrade\u00e7o ao nosso governador, que prontamente nos atendeu. Se Deus quiser, logo essas a\u00e7\u00f5es v\u00e3o chegar na vida da nossa popula\u00e7\u00e3o\u201d, completou.<\/p>\n\n\n\n<p>Defesa Civil informou que est\u00e1 avaliando os relat\u00f3rios enviados pelo munic\u00edpio e que equipes t\u00e9cnicas devem ser deslocadas para vistoriar as \u00e1reas mais cr\u00edticas ainda nesta semana.<\/p>\n\n\n\n<p>Brumado registrou, nos \u00faltimos dias, chuvas intensas acompanhadas de ventos fortes, que provocaram alagamentos, quedas de \u00e1rvores e danos em estradas vicinais. Prefeitura mant\u00e9m equipes em campo para monitorar os riscos e garantir assist\u00eancia \u00e0s fam\u00edlias afetadas.<\/p>\n\n\n\n<p>Com o apoio estadual, a gest\u00e3o municipal espera acelerar o processo de recupera\u00e7\u00e3o e evitar novos preju\u00edzos caso o mau tempo persista na regi\u00e3o.<\/p>\n","protected":false},"excerpt":{"rendered":"<p>O prefeito de Brumado, Fabr\u00edcio Abrantes (Avante), esteve nesta ter\u00e7a-feira (11) em Salvador para solicitar apoio emergencial da Defesa Civil da Bahia ap\u00f3s os estragos provocados pelas fortes chuvas que atingiram o munic\u00edpio nos \u00faltimos dias. Reuni\u00e3o aconteceu na sede da Defesa Civil estadual e contou com a presen\u00e7a do secret\u00e1rio adjunto Jorge J\u00fanior, do deputado estadual Felipe Duarte e de Juliana, integrante da equipe t\u00e9cnica do \u00f3rg\u00e3o. O encontro teve como foco discutir medidas de preven\u00e7\u00e3o, recupera\u00e7\u00e3o e assist\u00eancia \u00e0s fam\u00edlias afetadas. Fabr\u00edcio destacou que o munic\u00edpio j\u00e1 formalizou o decreto de emerg\u00eancia e busca, com o apoio do Estado, refor\u00e7ar as a\u00e7\u00f5es de enfrentamento aos danos. \u201cEstamos aqui ao lado da Defesa Civil, do nosso deputado Felipe Duarte e de toda a equipe t\u00e9cnica, tratando tanto da preven\u00e7\u00e3o quanto das medidas tomadas ap\u00f3s as fortes chuvas do fim de semana\u201d, afirmou. Durante a visita, o prefeito protocolou um of\u00edcio solicitando suporte t\u00e9cnico e financeiro para reconstruir pontes, vias danificadas e \u00e1reas de risco. Pedido inclui obras de recupera\u00e7\u00e3o estrutural e melhorias urbanas nas comunidades mais atingidas. \u201cViemos solicitar esse apoio ap\u00f3s o decreto de emerg\u00eancia. Tenho certeza de que essa ajuda chegar\u00e1 \u00e0s pessoas afetadas, permitindo que possamos reestruturar Brumado o quanto antes\u201d, disse o gestor. Prefeito tamb\u00e9m agradeceu ao governador Jer\u00f4nimo Rodrigues pelo pronto atendimento \u00e0s demandas apresentadas. \u201cAgrade\u00e7o ao nosso governador, que prontamente nos atendeu. Se Deus quiser, logo essas a\u00e7\u00f5es v\u00e3o chegar na vida da nossa popula\u00e7\u00e3o\u201d, completou. Defesa Civil informou que est\u00e1 avaliando os relat\u00f3rios enviados pelo munic\u00edpio e que equipes t\u00e9cnicas devem ser deslocadas para vistoriar as \u00e1reas mais cr\u00edticas ainda nesta semana. Brumado registrou, nos \u00faltimos dias, chuvas intensas acompanhadas de ventos fortes, que provocaram alagamentos, quedas de \u00e1rvores e danos em estradas vicinais. Prefeitura mant\u00e9m equipes em campo para monitorar os riscos e garantir assist\u00eancia \u00e0s fam\u00edlias afetadas. Com o apoio estadual, a gest\u00e3o municipal espera acelerar o processo de recupera\u00e7\u00e3o e evitar novos preju\u00edzos caso o mau tempo persista na regi\u00e3o.<\/p>\n","protected":false},"author":2,"featured_media":2448,"comment_status":"open","ping_status":"open","sticky":false,"template":"","format":"standard","meta":{"footnotes":""},"categories":[10,4,6],"tags":[],"class_list":["post-2417","post","type-post","status-publish","format-standard","has-post-thumbnail","hentry","category-brumado","category-cidades","category-politica"],"yoast_head":"<!-- This site is optimized with the Yoast SEO plugin v26.5 - https:\/\/yoast.com\/wordpress\/plugins\/seo\/ -->\n<title>Ap\u00f3s temporal, prefeito Fabr\u00edcio Abrantes pede refor\u00e7o da Defesa Civil para Brumado - Sudoesteacontece<\/title>\n<meta name=\"robots\" content=\"index, follow, max-snippet:-1, max-image-preview:large, max-video-preview:-1\" \/>\n<link rel=\"canonical\" href=\"https:\/\/sudoesteacontece.com.br\/?p=2417\" \/>\n<meta property=\"og:locale\" content=\"pt_BR\" \/>\n<meta property=\"og:type\" content=\"article\" \/>\n<meta property=\"og:title\" content=\"Ap\u00f3s temporal, prefeito Fabr\u00edcio Abrantes pede refor\u00e7o da Defesa Civil para Brumado - Sudoesteacontece\" \/>\n<meta property=\"og:description\" content=\"O prefeito de Brumado, Fabr\u00edcio Abrantes (Avante), esteve nesta ter\u00e7a-feira (11) em Salvador para solicitar apoio emergencial da Defesa Civil da Bahia ap\u00f3s os estragos provocados pelas fortes chuvas que atingiram o munic\u00edpio nos \u00faltimos dias. Reuni\u00e3o aconteceu na sede da Defesa Civil estadual e contou com a presen\u00e7a do secret\u00e1rio adjunto Jorge J\u00fanior, do deputado estadual Felipe Duarte e de Juliana, integrante da equipe t\u00e9cnica do \u00f3rg\u00e3o. O encontro teve como foco discutir medidas de preven\u00e7\u00e3o, recupera\u00e7\u00e3o e assist\u00eancia \u00e0s fam\u00edlias afetadas. Fabr\u00edcio destacou que o munic\u00edpio j\u00e1 formalizou o decreto de emerg\u00eancia e busca, com o apoio do Estado, refor\u00e7ar as a\u00e7\u00f5es de enfrentamento aos danos. \u201cEstamos aqui ao lado da Defesa Civil, do nosso deputado Felipe Duarte e de toda a equipe t\u00e9cnica, tratando tanto da preven\u00e7\u00e3o quanto das medidas tomadas ap\u00f3s as fortes chuvas do fim de semana\u201d, afirmou. Durante a visita, o prefeito protocolou um of\u00edcio solicitando suporte t\u00e9cnico e financeiro para reconstruir pontes, vias danificadas e \u00e1reas de risco. Pedido inclui obras de recupera\u00e7\u00e3o estrutural e melhorias urbanas nas comunidades mais atingidas. \u201cViemos solicitar esse apoio ap\u00f3s o decreto de emerg\u00eancia. Tenho certeza de que essa ajuda chegar\u00e1 \u00e0s pessoas afetadas, permitindo que possamos reestruturar Brumado o quanto antes\u201d, disse o gestor. Prefeito tamb\u00e9m agradeceu ao governador Jer\u00f4nimo Rodrigues pelo pronto atendimento \u00e0s demandas apresentadas. \u201cAgrade\u00e7o ao nosso governador, que prontamente nos atendeu. Se Deus quiser, logo essas a\u00e7\u00f5es v\u00e3o chegar na vida da nossa popula\u00e7\u00e3o\u201d, completou. Defesa Civil informou que est\u00e1 avaliando os relat\u00f3rios enviados pelo munic\u00edpio e que equipes t\u00e9cnicas devem ser deslocadas para vistoriar as \u00e1reas mais cr\u00edticas ainda nesta semana. Brumado registrou, nos \u00faltimos dias, chuvas intensas acompanhadas de ventos fortes, que provocaram alagamentos, quedas de \u00e1rvores e danos em estradas vicinais. Prefeitura mant\u00e9m equipes em campo para monitorar os riscos e garantir assist\u00eancia \u00e0s fam\u00edlias afetadas. Com o apoio estadual, a gest\u00e3o municipal espera acelerar o processo de recupera\u00e7\u00e3o e evitar novos preju\u00edzos caso o mau tempo persista na regi\u00e3o.\" \/>\n<meta property=\"og:url\" content=\"https:\/\/sudoesteacontece.com.br\/?p=2417\" \/>\n<meta property=\"og:site_name\" content=\"Sudoesteacontece\" \/>\n<meta property=\"article:publisher\" content=\"https:\/\/www.facebook.com\/sudoesteacontece\/?locale=pt_BR\" \/>\n<meta property=\"article:published_time\" content=\"2025-11-12T18:45:28+00:00\" \/>\n<meta property=\"article:modified_time\" content=\"2025-11-12T18:45:36+00:00\" \/>\n<meta property=\"og:image\" content=\"https:\/\/sudoesteacontece.com.br\/wp-content\/uploads\/2025\/11\/Apos-temporal-prefeito-Fabricio-Abrantes-pede-reforco-da-Defesa-Civil-para-Brumado-sudoeste-acontece.jpg\" \/>\n\t<meta property=\"og:image:width\" content=\"1280\" \/>\n\t<meta property=\"og:image:height\" content=\"1018\" \/>\n\t<meta property=\"og:image:type\" content=\"image\/jpeg\" \/>\n<meta name=\"author\" content=\"Washington Tiago\" \/>\n<meta name=\"twitter:card\" content=\"summary_large_image\" \/>\n<meta name=\"twitter:label1\" content=\"Escrito por\" \/>\n\t<meta name=\"twitter:data1\" content=\"Washington Tiago\" \/>\n\t<meta name=\"twitter:label2\" content=\"Est. tempo de leitura\" \/>\n\t<meta name=\"twitter:data2\" content=\"2 minutos\" \/>\n<script type=\"application\/ld+json\" class=\"yoast-schema-graph\">{\"@context\":\"https:\/\/schema.org\",\"@graph\":[{\"@type\":\"Article\",\"@id\":\"https:\/\/sudoesteacontece.com.br\/?p=2417#article\",\"isPartOf\":{\"@id\":\"https:\/\/sudoesteacontece.com.br\/?p=2417\"},\"author\":{\"name\":\"Washington Tiago\",\"@id\":\"https:\/\/sudoesteacontece.com.br\/#\/schema\/person\/3cf2cf009926a9683ebc29d5379fa79c\"},\"headline\":\"Ap\u00f3s temporal, prefeito Fabr\u00edcio Abrantes pede refor\u00e7o da Defesa Civil para Brumado\",\"datePublished\":\"2025-11-12T18:45:28+00:00\",\"dateModified\":\"2025-11-12T18:45:36+00:00\",\"mainEntityOfPage\":{\"@id\":\"https:\/\/sudoesteacontece.com.br\/?p=2417\"},\"wordCount\":389,\"commentCount\":0,\"publisher\":{\"@id\":\"https:\/\/sudoesteacontece.com.br\/#organization\"},\"image\":{\"@id\":\"https:\/\/sudoesteacontece.com.br\/?p=2417#primaryimage\"},\"thumbnailUrl\":\"https:\/\/sudoesteacontece.com.br\/wp-content\/uploads\/2025\/11\/Apos-temporal-prefeito-Fabricio-Abrantes-pede-reforco-da-Defesa-Civil-para-Brumado-sudoeste-acontece.jpg\",\"articleSection\":[\"Brumado\",\"Cidades\",\"Pol\u00edtica\"],\"inLanguage\":\"pt-BR\",\"potentialAction\":[{\"@type\":\"CommentAction\",\"name\":\"Comment\",\"target\":[\"https:\/\/sudoesteacontece.com.br\/?p=2417#respond\"]}]},{\"@type\":\"WebPage\",\"@id\":\"https:\/\/sudoesteacontece.com.br\/?p=2417\",\"url\":\"https:\/\/sudoesteacontece.com.br\/?p=2417\",\"name\":\"Ap\u00f3s temporal, prefeito Fabr\u00edcio Abrantes pede refor\u00e7o da Defesa Civil para Brumado - Sudoesteacontece\",\"isPartOf\":{\"@id\":\"https:\/\/sudoesteacontece.com.br\/#website\"},\"primaryImageOfPage\":{\"@id\":\"https:\/\/sudoesteacontece.com.br\/?p=2417#primaryimage\"},\"image\":{\"@id\":\"https:\/\/sudoesteacontece.com.br\/?p=2417#primaryimage\"},\"thumbnailUrl\":\"https:\/\/sudoesteacontece.com.br\/wp-content\/uploads\/2025\/11\/Apos-temporal-prefeito-Fabricio-Abrantes-pede-reforco-da-Defesa-Civil-para-Brumado-sudoeste-acontece.jpg\",\"datePublished\":\"2025-11-12T18:45:28+00:00\",\"dateModified\":\"2025-11-12T18:45:36+00:00\",\"breadcrumb\":{\"@id\":\"https:\/\/sudoesteacontece.com.br\/?p=2417#breadcrumb\"},\"inLanguage\":\"pt-BR\",\"potentialAction\":[{\"@type\":\"ReadAction\",\"target\":[\"https:\/\/sudoesteacontece.com.br\/?p=2417\"]}]},{\"@type\":\"ImageObject\",\"inLanguage\":\"pt-BR\",\"@id\":\"https:\/\/sudoesteacontece.com.br\/?p=2417#primaryimage\",\"url\":\"https:\/\/sudoesteacontece.com.br\/wp-content\/uploads\/2025\/11\/Apos-temporal-prefeito-Fabricio-Abrantes-pede-reforco-da-Defesa-Civil-para-Brumado-sudoeste-acontece.jpg\",\"contentUrl\":\"https:\/\/sudoesteacontece.com.br\/wp-content\/uploads\/2025\/11\/Apos-temporal-prefeito-Fabricio-Abrantes-pede-reforco-da-Defesa-Civil-para-Brumado-sudoeste-acontece.jpg\",\"width\":1280,\"height\":1018},{\"@type\":\"BreadcrumbList\",\"@id\":\"https:\/\/sudoesteacontece.com.br\/?p=2417#breadcrumb\",\"itemListElement\":[{\"@type\":\"ListItem\",\"position\":1,\"name\":\"In\u00edcio\",\"item\":\"https:\/\/sudoesteacontece.com.br\/\"},{\"@type\":\"ListItem\",\"position\":2,\"name\":\"Ap\u00f3s temporal, prefeito Fabr\u00edcio Abrantes pede refor\u00e7o da Defesa Civil para Brumado\"}]},{\"@type\":\"WebSite\",\"@id\":\"https:\/\/sudoesteacontece.com.br\/#website\",\"url\":\"https:\/\/sudoesteacontece.com.br\/\",\"name\":\"Sudoesteacontece\",\"description\":\"\",\"publisher\":{\"@id\":\"https:\/\/sudoesteacontece.com.br\/#organization\"},\"potentialAction\":[{\"@type\":\"SearchAction\",\"target\":{\"@type\":\"EntryPoint\",\"urlTemplate\":\"https:\/\/sudoesteacontece.com.br\/?s={search_term_string}\"},\"query-input\":{\"@type\":\"PropertyValueSpecification\",\"valueRequired\":true,\"valueName\":\"search_term_string\"}}],\"inLanguage\":\"pt-BR\"},{\"@type\":\"Organization\",\"@id\":\"https:\/\/sudoesteacontece.com.br\/#organization\",\"name\":\"Sudoesteacontece\",\"url\":\"https:\/\/sudoesteacontece.com.br\/\",\"logo\":{\"@type\":\"ImageObject\",\"inLanguage\":\"pt-BR\",\"@id\":\"https:\/\/sudoesteacontece.com.br\/#\/schema\/logo\/image\/\",\"url\":\"https:\/\/sudoesteacontece.com.br\/wp-content\/uploads\/2025\/12\/cropped-logo-2-180x180-1.png\",\"contentUrl\":\"https:\/\/sudoesteacontece.com.br\/wp-content\/uploads\/2025\/12\/cropped-logo-2-180x180-1.png\",\"width\":180,\"height\":180,\"caption\":\"Sudoesteacontece\"},\"image\":{\"@id\":\"https:\/\/sudoesteacontece.com.br\/#\/schema\/logo\/image\/\"},\"sameAs\":[\"https:\/\/www.facebook.com\/sudoesteacontece\/?locale=pt_BR\"]},{\"@type\":\"Person\",\"@id\":\"https:\/\/sudoesteacontece.com.br\/#\/schema\/person\/3cf2cf009926a9683ebc29d5379fa79c\",\"name\":\"Washington Tiago\",\"image\":{\"@type\":\"ImageObject\",\"inLanguage\":\"pt-BR\",\"@id\":\"https:\/\/sudoesteacontece.com.br\/#\/schema\/person\/image\/\",\"url\":\"https:\/\/secure.gravatar.com\/avatar\/33c43b8668157e040f9d1fe93c354bf087cbd8ba36270c1163198bd3ddcf2a56?s=96&d=mm&r=g\",\"contentUrl\":\"https:\/\/secure.gravatar.com\/avatar\/33c43b8668157e040f9d1fe93c354bf087cbd8ba36270c1163198bd3ddcf2a56?s=96&d=mm&r=g\",\"caption\":\"Washington Tiago\"},\"url\":\"https:\/\/sudoesteacontece.com.br\/?author=2\"}]}<\/script>\n<!-- \/ Yoast SEO plugin. -->","yoast_head_json":{"title":"Ap\u00f3s temporal, prefeito Fabr\u00edcio Abrantes pede refor\u00e7o da Defesa Civil para Brumado - Sudoesteacontece","robots":{"index":"index","follow":"follow","max-snippet":"max-snippet:-1","max-image-preview":"max-image-preview:large","max-video-preview":"max-video-preview:-1"},"canonical":"https:\/\/sudoesteacontece.com.br\/?p=2417","og_locale":"pt_BR","og_type":"article","og_title":"Ap\u00f3s temporal, prefeito Fabr\u00edcio Abrantes pede refor\u00e7o da Defesa Civil para Brumado - Sudoesteacontece","og_description":"O prefeito de Brumado, Fabr\u00edcio Abrantes (Avante), esteve nesta ter\u00e7a-feira (11) em Salvador para solicitar apoio emergencial da Defesa Civil da Bahia ap\u00f3s os estragos provocados pelas fortes chuvas que atingiram o munic\u00edpio nos \u00faltimos dias. Reuni\u00e3o aconteceu na sede da Defesa Civil estadual e contou com a presen\u00e7a do secret\u00e1rio adjunto Jorge J\u00fanior, do deputado estadual Felipe Duarte e de Juliana, integrante da equipe t\u00e9cnica do \u00f3rg\u00e3o. O encontro teve como foco discutir medidas de preven\u00e7\u00e3o, recupera\u00e7\u00e3o e assist\u00eancia \u00e0s fam\u00edlias afetadas. Fabr\u00edcio destacou que o munic\u00edpio j\u00e1 formalizou o decreto de emerg\u00eancia e busca, com o apoio do Estado, refor\u00e7ar as a\u00e7\u00f5es de enfrentamento aos danos. \u201cEstamos aqui ao lado da Defesa Civil, do nosso deputado Felipe Duarte e de toda a equipe t\u00e9cnica, tratando tanto da preven\u00e7\u00e3o quanto das medidas tomadas ap\u00f3s as fortes chuvas do fim de semana\u201d, afirmou. Durante a visita, o prefeito protocolou um of\u00edcio solicitando suporte t\u00e9cnico e financeiro para reconstruir pontes, vias danificadas e \u00e1reas de risco. Pedido inclui obras de recupera\u00e7\u00e3o estrutural e melhorias urbanas nas comunidades mais atingidas. \u201cViemos solicitar esse apoio ap\u00f3s o decreto de emerg\u00eancia. Tenho certeza de que essa ajuda chegar\u00e1 \u00e0s pessoas afetadas, permitindo que possamos reestruturar Brumado o quanto antes\u201d, disse o gestor. Prefeito tamb\u00e9m agradeceu ao governador Jer\u00f4nimo Rodrigues pelo pronto atendimento \u00e0s demandas apresentadas. \u201cAgrade\u00e7o ao nosso governador, que prontamente nos atendeu. Se Deus quiser, logo essas a\u00e7\u00f5es v\u00e3o chegar na vida da nossa popula\u00e7\u00e3o\u201d, completou. Defesa Civil informou que est\u00e1 avaliando os relat\u00f3rios enviados pelo munic\u00edpio e que equipes t\u00e9cnicas devem ser deslocadas para vistoriar as \u00e1reas mais cr\u00edticas ainda nesta semana. Brumado registrou, nos \u00faltimos dias, chuvas intensas acompanhadas de ventos fortes, que provocaram alagamentos, quedas de \u00e1rvores e danos em estradas vicinais. Prefeitura mant\u00e9m equipes em campo para monitorar os riscos e garantir assist\u00eancia \u00e0s fam\u00edlias afetadas. Com o apoio estadual, a gest\u00e3o municipal espera acelerar o processo de recupera\u00e7\u00e3o e evitar novos preju\u00edzos caso o mau tempo persista na regi\u00e3o.","og_url":"https:\/\/sudoesteacontece.com.br\/?p=2417","og_site_name":"Sudoesteacontece","article_publisher":"https:\/\/www.facebook.com\/sudoesteacontece\/?locale=pt_BR","article_published_time":"2025-11-12T18:45:28+00:00","article_modified_time":"2025-11-12T18:45:36+00:00","og_image":[{"width":1280,"height":1018,"url":"https:\/\/sudoesteacontece.com.br\/wp-content\/uploads\/2025\/11\/Apos-temporal-prefeito-Fabricio-Abrantes-pede-reforco-da-Defesa-Civil-para-Brumado-sudoeste-acontece.jpg","type":"image\/jpeg"}],"author":"Washington Tiago","twitter_card":"summary_large_image","twitter_misc":{"Escrito por":"Washington Tiago","Est. tempo de leitura":"2 minutos"},"schema":{"@context":"https:\/\/schema.org","@graph":[{"@type":"Article","@id":"https:\/\/sudoesteacontece.com.br\/?p=2417#article","isPartOf":{"@id":"https:\/\/sudoesteacontece.com.br\/?p=2417"},"author":{"name":"Washington Tiago","@id":"https:\/\/sudoesteacontece.com.br\/#\/schema\/person\/3cf2cf009926a9683ebc29d5379fa79c"},"headline":"Ap\u00f3s temporal, prefeito Fabr\u00edcio Abrantes pede refor\u00e7o da Defesa Civil para Brumado","datePublished":"2025-11-12T18:45:28+00:00","dateModified":"2025-11-12T18:45:36+00:00","mainEntityOfPage":{"@id":"https:\/\/sudoesteacontece.com.br\/?p=2417"},"wordCount":389,"commentCount":0,"publisher":{"@id":"https:\/\/sudoesteacontece.com.br\/#organization"},"image":{"@id":"https:\/\/sudoesteacontece.com.br\/?p=2417#primaryimage"},"thumbnailUrl":"https:\/\/sudoesteacontece.com.br\/wp-content\/uploads\/2025\/11\/Apos-temporal-prefeito-Fabricio-Abrantes-pede-reforco-da-Defesa-Civil-para-Brumado-sudoeste-acontece.jpg","articleSection":["Brumado","Cidades","Pol\u00edtica"],"inLanguage":"pt-BR","potentialAction":[{"@type":"CommentAction","name":"Comment","target":["https:\/\/sudoesteacontece.com.br\/?p=2417#respond"]}]},{"@type":"WebPage","@id":"https:\/\/sudoesteacontece.com.br\/?p=2417","url":"https:\/\/sudoesteacontece.com.br\/?p=2417","name":"Ap\u00f3s temporal, prefeito Fabr\u00edcio Abrantes pede refor\u00e7o da Defesa Civil para Brumado - Sudoesteacontece","isPartOf":{"@id":"https:\/\/sudoesteacontece.com.br\/#website"},"primaryImageOfPage":{"@id":"https:\/\/sudoesteacontece.com.br\/?p=2417#primaryimage"},"image":{"@id":"https:\/\/sudoesteacontece.com.br\/?p=2417#primaryimage"},"thumbnailUrl":"https:\/\/sudoesteacontece.com.br\/wp-content\/uploads\/2025\/11\/Apos-temporal-prefeito-Fabricio-Abrantes-pede-reforco-da-Defesa-Civil-para-Brumado-sudoeste-acontece.jpg","datePublished":"2025-11-12T18:45:28+00:00","dateModified":"2025-11-12T18:45:36+00:00","breadcrumb":{"@id":"https:\/\/sudoesteacontece.com.br\/?p=2417#breadcrumb"},"inLanguage":"pt-BR","potentialAction":[{"@type":"ReadAction","target":["https:\/\/sudoesteacontece.com.br\/?p=2417"]}]},{"@type":"ImageObject","inLanguage":"pt-BR","@id":"https:\/\/sudoesteacontece.com.br\/?p=2417#primaryimage","url":"https:\/\/sudoesteacontece.com.br\/wp-content\/uploads\/2025\/11\/Apos-temporal-prefeito-Fabricio-Abrantes-pede-reforco-da-Defesa-Civil-para-Brumado-sudoeste-acontece.jpg","contentUrl":"https:\/\/sudoesteacontece.com.br\/wp-content\/uploads\/2025\/11\/Apos-temporal-prefeito-Fabricio-Abrantes-pede-reforco-da-Defesa-Civil-para-Brumado-sudoeste-acontece.jpg","width":1280,"height":1018},{"@type":"BreadcrumbList","@id":"https:\/\/sudoesteacontece.com.br\/?p=2417#breadcrumb","itemListElement":[{"@type":"ListItem","position":1,"name":"In\u00edcio","item":"https:\/\/sudoesteacontece.com.br\/"},{"@type":"ListItem","position":2,"name":"Ap\u00f3s temporal, prefeito Fabr\u00edcio Abrantes pede refor\u00e7o da Defesa Civil para Brumado"}]},{"@type":"WebSite","@id":"https:\/\/sudoesteacontece.com.br\/#website","url":"https:\/\/sudoesteacontece.com.br\/","name":"Sudoesteacontece","description":"","publisher":{"@id":"https:\/\/sudoesteacontece.com.br\/#organization"},"potentialAction":[{"@type":"SearchAction","target":{"@type":"EntryPoint","urlTemplate":"https:\/\/sudoesteacontece.com.br\/?s={search_term_string}"},"query-input":{"@type":"PropertyValueSpecification","valueRequired":true,"valueName":"search_term_string"}}],"inLanguage":"pt-BR"},{"@type":"Organization","@id":"https:\/\/sudoesteacontece.com.br\/#organization","name":"Sudoesteacontece","url":"https:\/\/sudoesteacontece.com.br\/","logo":{"@type":"ImageObject","inLanguage":"pt-BR","@id":"https:\/\/sudoesteacontece.com.br\/#\/schema\/logo\/image\/","url":"https:\/\/sudoesteacontece.com.br\/wp-content\/uploads\/2025\/12\/cropped-logo-2-180x180-1.png","contentUrl":"https:\/\/sudoesteacontece.com.br\/wp-content\/uploads\/2025\/12\/cropped-logo-2-180x180-1.png","width":180,"height":180,"caption":"Sudoesteacontece"},"image":{"@id":"https:\/\/sudoesteacontece.com.br\/#\/schema\/logo\/image\/"},"sameAs":["https:\/\/www.facebook.com\/sudoesteacontece\/?locale=pt_BR"]},{"@type":"Person","@id":"https:\/\/sudoesteacontece.com.br\/#\/schema\/person\/3cf2cf009926a9683ebc29d5379fa79c","name":"Washington Tiago","image":{"@type":"ImageObject","inLanguage":"pt-BR","@id":"https:\/\/sudoesteacontece.com.br\/#\/schema\/person\/image\/","url":"https:\/\/secure.gravatar.com\/avatar\/33c43b8668157e040f9d1fe93c354bf087cbd8ba36270c1163198bd3ddcf2a56?s=96&d=mm&r=g","contentUrl":"https:\/\/secure.gravatar.com\/avatar\/33c43b8668157e040f9d1fe93c354bf087cbd8ba36270c1163198bd3ddcf2a56?s=96&d=mm&r=g","caption":"Washington Tiago"},"url":"https:\/\/sudoesteacontece.com.br\/?author=2"}]}},"_links":{"self":[{"href":"https:\/\/sudoesteacontece.com.br\/index.php?rest_route=\/wp\/v2\/posts\/2417","targetHints":{"allow":["GET"]}}],"collection":[{"href":"https:\/\/sudoesteacontece.com.br\/index.php?rest_route=\/wp\/v2\/posts"}],"about":[{"href":"https:\/\/sudoesteacontece.com.br\/index.php?rest_route=\/wp\/v2\/types\/post"}],"author":[{"embeddable":true,"href":"https:\/\/sudoesteacontece.com.br\/index.php?rest_route=\/wp\/v2\/users\/2"}],"replies":[{"embeddable":true,"href":"https:\/\/sudoesteacontece.com.br\/index.php?rest_route=%2Fwp%2Fv2%2Fcomments&post=2417"}],"version-history":[{"count":0,"href":"https:\/\/sudoesteacontece.com.br\/index.php?rest_route=\/wp\/v2\/posts\/2417\/revisions"}],"wp:featuredmedia":[{"embeddable":true,"href":"https:\/\/sudoesteacontece.com.br\/index.php?rest_route=\/wp\/v2\/media\/2448"}],"wp:attachment":[{"href":"https:\/\/sudoesteacontece.com.br\/index.php?rest_route=%2Fwp%2Fv2%2Fmedia&parent=2417"}],"wp:term":[{"taxonomy":"category","embeddable":true,"href":"https:\/\/sudoesteacontece.com.br\/index.php?rest_route=%2Fwp%2Fv2%2Fcategories&post=2417"},{"taxonomy":"post_tag","embeddable":true,"href":"https:\/\/sudoesteacontece.com.br\/index.php?rest_route=%2Fwp%2Fv2%2Ftags&post=2417"}],"curies":[{"name":"wp","href":"https:\/\/api.w.org\/{rel}","templated":true}]}}