{"id":2437,"date":"2025-11-12T16:05:20","date_gmt":"2025-11-12T19:05:20","guid":{"rendered":"https:\/\/sudoesteacontece.com.br\/?p=2437"},"modified":"2025-11-12T16:05:26","modified_gmt":"2025-11-12T19:05:26","slug":"vereador-de-itabela-e-preso-em-operacao-contra-crime-organizado-suspeito-morre-em-confronto","status":"publish","type":"post","link":"https:\/\/sudoesteacontece.com.br\/?p=2437","title":{"rendered":"Vereador de Itabela \u00e9 preso em opera\u00e7\u00e3o contra crime organizado; suspeito morre em confronto"},"content":{"rendered":"\n<figure class=\"wp-block-image size-large\"><img fetchpriority=\"high\" decoding=\"async\" width=\"1024\" height=\"717\" src=\"http:\/\/sudoesteacontece.com.br\/wp-content\/uploads\/2025\/11\/Vereador-de-Itabela-e-preso-em-operacao-contra-crime-organizado-suspeito-morre-em-confronto-sudoeste-acontece-1024x717.jpg\" alt=\"\" class=\"wp-image-2454\" srcset=\"https:\/\/sudoesteacontece.com.br\/wp-content\/uploads\/2025\/11\/Vereador-de-Itabela-e-preso-em-operacao-contra-crime-organizado-suspeito-morre-em-confronto-sudoeste-acontece-1024x717.jpg 1024w, https:\/\/sudoesteacontece.com.br\/wp-content\/uploads\/2025\/11\/Vereador-de-Itabela-e-preso-em-operacao-contra-crime-organizado-suspeito-morre-em-confronto-sudoeste-acontece-300x210.jpg 300w, https:\/\/sudoesteacontece.com.br\/wp-content\/uploads\/2025\/11\/Vereador-de-Itabela-e-preso-em-operacao-contra-crime-organizado-suspeito-morre-em-confronto-sudoeste-acontece-768x538.jpg 768w, https:\/\/sudoesteacontece.com.br\/wp-content\/uploads\/2025\/11\/Vereador-de-Itabela-e-preso-em-operacao-contra-crime-organizado-suspeito-morre-em-confronto-sudoeste-acontece.jpg 1200w\" sizes=\"(max-width: 1024px) 100vw, 1024px\" \/><\/figure>\n\n\n\n<p>O vereador Lucas Lemos (Uni\u00e3o Brasil), de Itabela, no extremo sul da Bahia, foi preso em flagrante nesta ter\u00e7a-feira (11) durante uma opera\u00e7\u00e3o conjunta da Pol\u00edcia Civil e da Pol\u00edcia Militar contra o crime organizado na regi\u00e3o.<\/p>\n\n\n\n<p>Segundo as investiga\u00e7\u00f5es, o parlamentar \u00e9 acusado de tr\u00e1fico de drogas e associa\u00e7\u00e3o ao tr\u00e1fico. A pris\u00e3o aconteceu na casa do vereador, onde os agentes cumpriram mandados de busca e apreens\u00e3o.<\/p>\n\n\n\n<p>Fontes da Pol\u00edcia Civil afirmaram que a a\u00e7\u00e3o faz parte de uma investiga\u00e7\u00e3o mais ampla que mapeia a atua\u00e7\u00e3o de grupos criminosos em Itabela e munic\u00edpios vizinhos. O vereador, segundo os investigadores, teria liga\u00e7\u00f5es com integrantes do tr\u00e1fico local.<\/p>\n\n\n\n<p>Em nota, a C\u00e2mara Municipal de Itabela informou que est\u00e1 acompanhando o caso e que tomar\u00e1 as medidas cab\u00edveis ap\u00f3s a conclus\u00e3o das investiga\u00e7\u00f5es. \u201cAs provid\u00eancias ser\u00e3o adotadas conforme a Lei Org\u00e2nica e o Regimento Interno da Casa, \u00e0 medida que os fatos sejam oficialmente esclarecidos pela Justi\u00e7a\u201d, disse o Legislativo em comunicado.<\/p>\n\n\n\n<p>Durante a mesma opera\u00e7\u00e3o, os policiais identificaram Patrick Andr\u00e9 de Oliveira Tito, 26 anos, apontado como membro do grupo criminoso investigado. Ele morreu em confronto com os agentes na Pra\u00e7a do Baralzinho, no bairro Bandeirantes.<\/p>\n\n\n\n<p>De acordo com a vers\u00e3o oficial, Patrick tentou fugir pulando o muro de uma resid\u00eancia e atirou contra os policiais. Houve troca de tiros, e ele acabou atingido. Suspeito chegou a ser levado ao Hospital Frei Ricardo, mas n\u00e3o resistiu aos ferimentos.<\/p>\n\n\n\n<p>Pol\u00edcia informou que Patrick era investigado por homic\u00eddios e tr\u00e1fico de drogas. Em sua casa, os agentes encontraram 38 muni\u00e7\u00f5es calibre .38, 18 pinos de coca\u00edna, um tablete da droga, balan\u00e7a de precis\u00e3o, c\u00e2meras de seguran\u00e7a e celulares.<\/p>\n\n\n\n<p>Esposa dele, Claudionice Silveira Rocha, 26 anos, tamb\u00e9m foi presa em flagrante durante a opera\u00e7\u00e3o. Ela deve responder por associa\u00e7\u00e3o ao tr\u00e1fico e posse ilegal de entorpecentes.<\/p>\n\n\n\n<p>As autoridades destacaram que a a\u00e7\u00e3o marca um avan\u00e7o no combate ao crime organizado na regi\u00e3o sul da Bahia, onde fac\u00e7\u00f5es rivais disputam territ\u00f3rios de tr\u00e1fico. A opera\u00e7\u00e3o segue em andamento, e novas pris\u00f5es n\u00e3o est\u00e3o descartadas.<\/p>\n\n\n\n<p>O vereador Lucas Lemos permanece \u00e0 disposi\u00e7\u00e3o da Justi\u00e7a e deve ser ouvido pela delegacia respons\u00e1vel pelo caso. A defesa do parlamentar ainda n\u00e3o se manifestou publicamente sobre as acusa\u00e7\u00f5es.<\/p>\n","protected":false},"excerpt":{"rendered":"<p>O vereador Lucas Lemos (Uni\u00e3o Brasil), de Itabela, no extremo sul da Bahia, foi preso em flagrante nesta ter\u00e7a-feira (11) durante uma opera\u00e7\u00e3o conjunta da Pol\u00edcia Civil e da Pol\u00edcia Militar contra o crime organizado na regi\u00e3o. Segundo as investiga\u00e7\u00f5es, o parlamentar \u00e9 acusado de tr\u00e1fico de drogas e associa\u00e7\u00e3o ao tr\u00e1fico. A pris\u00e3o aconteceu na casa do vereador, onde os agentes cumpriram mandados de busca e apreens\u00e3o. Fontes da Pol\u00edcia Civil afirmaram que a a\u00e7\u00e3o faz parte de uma investiga\u00e7\u00e3o mais ampla que mapeia a atua\u00e7\u00e3o de grupos criminosos em Itabela e munic\u00edpios vizinhos. O vereador, segundo os investigadores, teria liga\u00e7\u00f5es com integrantes do tr\u00e1fico local. Em nota, a C\u00e2mara Municipal de Itabela informou que est\u00e1 acompanhando o caso e que tomar\u00e1 as medidas cab\u00edveis ap\u00f3s a conclus\u00e3o das investiga\u00e7\u00f5es. \u201cAs provid\u00eancias ser\u00e3o adotadas conforme a Lei Org\u00e2nica e o Regimento Interno da Casa, \u00e0 medida que os fatos sejam oficialmente esclarecidos pela Justi\u00e7a\u201d, disse o Legislativo em comunicado. Durante a mesma opera\u00e7\u00e3o, os policiais identificaram Patrick Andr\u00e9 de Oliveira Tito, 26 anos, apontado como membro do grupo criminoso investigado. Ele morreu em confronto com os agentes na Pra\u00e7a do Baralzinho, no bairro Bandeirantes. De acordo com a vers\u00e3o oficial, Patrick tentou fugir pulando o muro de uma resid\u00eancia e atirou contra os policiais. Houve troca de tiros, e ele acabou atingido. Suspeito chegou a ser levado ao Hospital Frei Ricardo, mas n\u00e3o resistiu aos ferimentos. Pol\u00edcia informou que Patrick era investigado por homic\u00eddios e tr\u00e1fico de drogas. Em sua casa, os agentes encontraram 38 muni\u00e7\u00f5es calibre .38, 18 pinos de coca\u00edna, um tablete da droga, balan\u00e7a de precis\u00e3o, c\u00e2meras de seguran\u00e7a e celulares. Esposa dele, Claudionice Silveira Rocha, 26 anos, tamb\u00e9m foi presa em flagrante durante a opera\u00e7\u00e3o. Ela deve responder por associa\u00e7\u00e3o ao tr\u00e1fico e posse ilegal de entorpecentes. As autoridades destacaram que a a\u00e7\u00e3o marca um avan\u00e7o no combate ao crime organizado na regi\u00e3o sul da Bahia, onde fac\u00e7\u00f5es rivais disputam territ\u00f3rios de tr\u00e1fico. A opera\u00e7\u00e3o segue em andamento, e novas pris\u00f5es n\u00e3o est\u00e3o descartadas. O vereador Lucas Lemos permanece \u00e0 disposi\u00e7\u00e3o da Justi\u00e7a e deve ser ouvido pela delegacia respons\u00e1vel pelo caso. A defesa do parlamentar ainda n\u00e3o se manifestou publicamente sobre as acusa\u00e7\u00f5es.<\/p>\n","protected":false},"author":2,"featured_media":2454,"comment_status":"open","ping_status":"open","sticky":false,"template":"","format":"standard","meta":{"footnotes":""},"categories":[4,3,6],"tags":[],"class_list":["post-2437","post","type-post","status-publish","format-standard","has-post-thumbnail","hentry","category-cidades","category-policia","category-politica"],"yoast_head":"<!-- This site is optimized with the Yoast SEO plugin v26.5 - https:\/\/yoast.com\/wordpress\/plugins\/seo\/ -->\n<title>Vereador de Itabela \u00e9 preso em opera\u00e7\u00e3o contra crime organizado; suspeito morre em confronto - Sudoesteacontece<\/title>\n<meta name=\"robots\" content=\"index, follow, max-snippet:-1, max-image-preview:large, max-video-preview:-1\" \/>\n<link rel=\"canonical\" href=\"https:\/\/sudoesteacontece.com.br\/?p=2437\" \/>\n<meta property=\"og:locale\" content=\"pt_BR\" \/>\n<meta property=\"og:type\" content=\"article\" \/>\n<meta property=\"og:title\" content=\"Vereador de Itabela \u00e9 preso em opera\u00e7\u00e3o contra crime organizado; suspeito morre em confronto - Sudoesteacontece\" \/>\n<meta property=\"og:description\" content=\"O vereador Lucas Lemos (Uni\u00e3o Brasil), de Itabela, no extremo sul da Bahia, foi preso em flagrante nesta ter\u00e7a-feira (11) durante uma opera\u00e7\u00e3o conjunta da Pol\u00edcia Civil e da Pol\u00edcia Militar contra o crime organizado na regi\u00e3o. Segundo as investiga\u00e7\u00f5es, o parlamentar \u00e9 acusado de tr\u00e1fico de drogas e associa\u00e7\u00e3o ao tr\u00e1fico. A pris\u00e3o aconteceu na casa do vereador, onde os agentes cumpriram mandados de busca e apreens\u00e3o. Fontes da Pol\u00edcia Civil afirmaram que a a\u00e7\u00e3o faz parte de uma investiga\u00e7\u00e3o mais ampla que mapeia a atua\u00e7\u00e3o de grupos criminosos em Itabela e munic\u00edpios vizinhos. O vereador, segundo os investigadores, teria liga\u00e7\u00f5es com integrantes do tr\u00e1fico local. Em nota, a C\u00e2mara Municipal de Itabela informou que est\u00e1 acompanhando o caso e que tomar\u00e1 as medidas cab\u00edveis ap\u00f3s a conclus\u00e3o das investiga\u00e7\u00f5es. \u201cAs provid\u00eancias ser\u00e3o adotadas conforme a Lei Org\u00e2nica e o Regimento Interno da Casa, \u00e0 medida que os fatos sejam oficialmente esclarecidos pela Justi\u00e7a\u201d, disse o Legislativo em comunicado. Durante a mesma opera\u00e7\u00e3o, os policiais identificaram Patrick Andr\u00e9 de Oliveira Tito, 26 anos, apontado como membro do grupo criminoso investigado. Ele morreu em confronto com os agentes na Pra\u00e7a do Baralzinho, no bairro Bandeirantes. De acordo com a vers\u00e3o oficial, Patrick tentou fugir pulando o muro de uma resid\u00eancia e atirou contra os policiais. Houve troca de tiros, e ele acabou atingido. Suspeito chegou a ser levado ao Hospital Frei Ricardo, mas n\u00e3o resistiu aos ferimentos. Pol\u00edcia informou que Patrick era investigado por homic\u00eddios e tr\u00e1fico de drogas. Em sua casa, os agentes encontraram 38 muni\u00e7\u00f5es calibre .38, 18 pinos de coca\u00edna, um tablete da droga, balan\u00e7a de precis\u00e3o, c\u00e2meras de seguran\u00e7a e celulares. Esposa dele, Claudionice Silveira Rocha, 26 anos, tamb\u00e9m foi presa em flagrante durante a opera\u00e7\u00e3o. Ela deve responder por associa\u00e7\u00e3o ao tr\u00e1fico e posse ilegal de entorpecentes. As autoridades destacaram que a a\u00e7\u00e3o marca um avan\u00e7o no combate ao crime organizado na regi\u00e3o sul da Bahia, onde fac\u00e7\u00f5es rivais disputam territ\u00f3rios de tr\u00e1fico. A opera\u00e7\u00e3o segue em andamento, e novas pris\u00f5es n\u00e3o est\u00e3o descartadas. O vereador Lucas Lemos permanece \u00e0 disposi\u00e7\u00e3o da Justi\u00e7a e deve ser ouvido pela delegacia respons\u00e1vel pelo caso. A defesa do parlamentar ainda n\u00e3o se manifestou publicamente sobre as acusa\u00e7\u00f5es.\" \/>\n<meta property=\"og:url\" content=\"https:\/\/sudoesteacontece.com.br\/?p=2437\" \/>\n<meta property=\"og:site_name\" content=\"Sudoesteacontece\" \/>\n<meta property=\"article:publisher\" content=\"https:\/\/www.facebook.com\/sudoesteacontece\/?locale=pt_BR\" \/>\n<meta property=\"article:published_time\" content=\"2025-11-12T19:05:20+00:00\" \/>\n<meta property=\"article:modified_time\" content=\"2025-11-12T19:05:26+00:00\" \/>\n<meta property=\"og:image\" content=\"https:\/\/sudoesteacontece.com.br\/wp-content\/uploads\/2025\/11\/Vereador-de-Itabela-e-preso-em-operacao-contra-crime-organizado-suspeito-morre-em-confronto-sudoeste-acontece.jpg\" \/>\n\t<meta property=\"og:image:width\" content=\"1200\" \/>\n\t<meta property=\"og:image:height\" content=\"840\" \/>\n\t<meta property=\"og:image:type\" content=\"image\/jpeg\" \/>\n<meta name=\"author\" content=\"Washington Tiago\" \/>\n<meta name=\"twitter:card\" content=\"summary_large_image\" \/>\n<meta name=\"twitter:label1\" content=\"Escrito por\" \/>\n\t<meta name=\"twitter:data1\" content=\"Washington Tiago\" \/>\n\t<meta name=\"twitter:label2\" content=\"Est. tempo de leitura\" \/>\n\t<meta name=\"twitter:data2\" content=\"2 minutos\" \/>\n<script type=\"application\/ld+json\" class=\"yoast-schema-graph\">{\"@context\":\"https:\/\/schema.org\",\"@graph\":[{\"@type\":\"Article\",\"@id\":\"https:\/\/sudoesteacontece.com.br\/?p=2437#article\",\"isPartOf\":{\"@id\":\"https:\/\/sudoesteacontece.com.br\/?p=2437\"},\"author\":{\"name\":\"Washington Tiago\",\"@id\":\"https:\/\/sudoesteacontece.com.br\/#\/schema\/person\/3cf2cf009926a9683ebc29d5379fa79c\"},\"headline\":\"Vereador de Itabela \u00e9 preso em opera\u00e7\u00e3o contra crime organizado; suspeito morre em confronto\",\"datePublished\":\"2025-11-12T19:05:20+00:00\",\"dateModified\":\"2025-11-12T19:05:26+00:00\",\"mainEntityOfPage\":{\"@id\":\"https:\/\/sudoesteacontece.com.br\/?p=2437\"},\"wordCount\":435,\"commentCount\":0,\"publisher\":{\"@id\":\"https:\/\/sudoesteacontece.com.br\/#organization\"},\"image\":{\"@id\":\"https:\/\/sudoesteacontece.com.br\/?p=2437#primaryimage\"},\"thumbnailUrl\":\"https:\/\/sudoesteacontece.com.br\/wp-content\/uploads\/2025\/11\/Vereador-de-Itabela-e-preso-em-operacao-contra-crime-organizado-suspeito-morre-em-confronto-sudoeste-acontece.jpg\",\"articleSection\":[\"Cidades\",\"Pol\u00edcia\",\"Pol\u00edtica\"],\"inLanguage\":\"pt-BR\",\"potentialAction\":[{\"@type\":\"CommentAction\",\"name\":\"Comment\",\"target\":[\"https:\/\/sudoesteacontece.com.br\/?p=2437#respond\"]}]},{\"@type\":\"WebPage\",\"@id\":\"https:\/\/sudoesteacontece.com.br\/?p=2437\",\"url\":\"https:\/\/sudoesteacontece.com.br\/?p=2437\",\"name\":\"Vereador de Itabela \u00e9 preso em opera\u00e7\u00e3o contra crime organizado; suspeito morre em confronto - Sudoesteacontece\",\"isPartOf\":{\"@id\":\"https:\/\/sudoesteacontece.com.br\/#website\"},\"primaryImageOfPage\":{\"@id\":\"https:\/\/sudoesteacontece.com.br\/?p=2437#primaryimage\"},\"image\":{\"@id\":\"https:\/\/sudoesteacontece.com.br\/?p=2437#primaryimage\"},\"thumbnailUrl\":\"https:\/\/sudoesteacontece.com.br\/wp-content\/uploads\/2025\/11\/Vereador-de-Itabela-e-preso-em-operacao-contra-crime-organizado-suspeito-morre-em-confronto-sudoeste-acontece.jpg\",\"datePublished\":\"2025-11-12T19:05:20+00:00\",\"dateModified\":\"2025-11-12T19:05:26+00:00\",\"breadcrumb\":{\"@id\":\"https:\/\/sudoesteacontece.com.br\/?p=2437#breadcrumb\"},\"inLanguage\":\"pt-BR\",\"potentialAction\":[{\"@type\":\"ReadAction\",\"target\":[\"https:\/\/sudoesteacontece.com.br\/?p=2437\"]}]},{\"@type\":\"ImageObject\",\"inLanguage\":\"pt-BR\",\"@id\":\"https:\/\/sudoesteacontece.com.br\/?p=2437#primaryimage\",\"url\":\"https:\/\/sudoesteacontece.com.br\/wp-content\/uploads\/2025\/11\/Vereador-de-Itabela-e-preso-em-operacao-contra-crime-organizado-suspeito-morre-em-confronto-sudoeste-acontece.jpg\",\"contentUrl\":\"https:\/\/sudoesteacontece.com.br\/wp-content\/uploads\/2025\/11\/Vereador-de-Itabela-e-preso-em-operacao-contra-crime-organizado-suspeito-morre-em-confronto-sudoeste-acontece.jpg\",\"width\":1200,\"height\":840},{\"@type\":\"BreadcrumbList\",\"@id\":\"https:\/\/sudoesteacontece.com.br\/?p=2437#breadcrumb\",\"itemListElement\":[{\"@type\":\"ListItem\",\"position\":1,\"name\":\"In\u00edcio\",\"item\":\"https:\/\/sudoesteacontece.com.br\/\"},{\"@type\":\"ListItem\",\"position\":2,\"name\":\"Vereador de Itabela \u00e9 preso em opera\u00e7\u00e3o contra crime organizado; suspeito morre em confronto\"}]},{\"@type\":\"WebSite\",\"@id\":\"https:\/\/sudoesteacontece.com.br\/#website\",\"url\":\"https:\/\/sudoesteacontece.com.br\/\",\"name\":\"Sudoesteacontece\",\"description\":\"\",\"publisher\":{\"@id\":\"https:\/\/sudoesteacontece.com.br\/#organization\"},\"potentialAction\":[{\"@type\":\"SearchAction\",\"target\":{\"@type\":\"EntryPoint\",\"urlTemplate\":\"https:\/\/sudoesteacontece.com.br\/?s={search_term_string}\"},\"query-input\":{\"@type\":\"PropertyValueSpecification\",\"valueRequired\":true,\"valueName\":\"search_term_string\"}}],\"inLanguage\":\"pt-BR\"},{\"@type\":\"Organization\",\"@id\":\"https:\/\/sudoesteacontece.com.br\/#organization\",\"name\":\"Sudoesteacontece\",\"url\":\"https:\/\/sudoesteacontece.com.br\/\",\"logo\":{\"@type\":\"ImageObject\",\"inLanguage\":\"pt-BR\",\"@id\":\"https:\/\/sudoesteacontece.com.br\/#\/schema\/logo\/image\/\",\"url\":\"https:\/\/sudoesteacontece.com.br\/wp-content\/uploads\/2025\/12\/cropped-logo-2-180x180-1.png\",\"contentUrl\":\"https:\/\/sudoesteacontece.com.br\/wp-content\/uploads\/2025\/12\/cropped-logo-2-180x180-1.png\",\"width\":180,\"height\":180,\"caption\":\"Sudoesteacontece\"},\"image\":{\"@id\":\"https:\/\/sudoesteacontece.com.br\/#\/schema\/logo\/image\/\"},\"sameAs\":[\"https:\/\/www.facebook.com\/sudoesteacontece\/?locale=pt_BR\"]},{\"@type\":\"Person\",\"@id\":\"https:\/\/sudoesteacontece.com.br\/#\/schema\/person\/3cf2cf009926a9683ebc29d5379fa79c\",\"name\":\"Washington Tiago\",\"image\":{\"@type\":\"ImageObject\",\"inLanguage\":\"pt-BR\",\"@id\":\"https:\/\/sudoesteacontece.com.br\/#\/schema\/person\/image\/\",\"url\":\"https:\/\/secure.gravatar.com\/avatar\/33c43b8668157e040f9d1fe93c354bf087cbd8ba36270c1163198bd3ddcf2a56?s=96&d=mm&r=g\",\"contentUrl\":\"https:\/\/secure.gravatar.com\/avatar\/33c43b8668157e040f9d1fe93c354bf087cbd8ba36270c1163198bd3ddcf2a56?s=96&d=mm&r=g\",\"caption\":\"Washington Tiago\"},\"url\":\"https:\/\/sudoesteacontece.com.br\/?author=2\"}]}<\/script>\n<!-- \/ Yoast SEO plugin. -->","yoast_head_json":{"title":"Vereador de Itabela \u00e9 preso em opera\u00e7\u00e3o contra crime organizado; suspeito morre em confronto - Sudoesteacontece","robots":{"index":"index","follow":"follow","max-snippet":"max-snippet:-1","max-image-preview":"max-image-preview:large","max-video-preview":"max-video-preview:-1"},"canonical":"https:\/\/sudoesteacontece.com.br\/?p=2437","og_locale":"pt_BR","og_type":"article","og_title":"Vereador de Itabela \u00e9 preso em opera\u00e7\u00e3o contra crime organizado; suspeito morre em confronto - Sudoesteacontece","og_description":"O vereador Lucas Lemos (Uni\u00e3o Brasil), de Itabela, no extremo sul da Bahia, foi preso em flagrante nesta ter\u00e7a-feira (11) durante uma opera\u00e7\u00e3o conjunta da Pol\u00edcia Civil e da Pol\u00edcia Militar contra o crime organizado na regi\u00e3o. Segundo as investiga\u00e7\u00f5es, o parlamentar \u00e9 acusado de tr\u00e1fico de drogas e associa\u00e7\u00e3o ao tr\u00e1fico. A pris\u00e3o aconteceu na casa do vereador, onde os agentes cumpriram mandados de busca e apreens\u00e3o. Fontes da Pol\u00edcia Civil afirmaram que a a\u00e7\u00e3o faz parte de uma investiga\u00e7\u00e3o mais ampla que mapeia a atua\u00e7\u00e3o de grupos criminosos em Itabela e munic\u00edpios vizinhos. O vereador, segundo os investigadores, teria liga\u00e7\u00f5es com integrantes do tr\u00e1fico local. Em nota, a C\u00e2mara Municipal de Itabela informou que est\u00e1 acompanhando o caso e que tomar\u00e1 as medidas cab\u00edveis ap\u00f3s a conclus\u00e3o das investiga\u00e7\u00f5es. \u201cAs provid\u00eancias ser\u00e3o adotadas conforme a Lei Org\u00e2nica e o Regimento Interno da Casa, \u00e0 medida que os fatos sejam oficialmente esclarecidos pela Justi\u00e7a\u201d, disse o Legislativo em comunicado. Durante a mesma opera\u00e7\u00e3o, os policiais identificaram Patrick Andr\u00e9 de Oliveira Tito, 26 anos, apontado como membro do grupo criminoso investigado. Ele morreu em confronto com os agentes na Pra\u00e7a do Baralzinho, no bairro Bandeirantes. De acordo com a vers\u00e3o oficial, Patrick tentou fugir pulando o muro de uma resid\u00eancia e atirou contra os policiais. Houve troca de tiros, e ele acabou atingido. Suspeito chegou a ser levado ao Hospital Frei Ricardo, mas n\u00e3o resistiu aos ferimentos. Pol\u00edcia informou que Patrick era investigado por homic\u00eddios e tr\u00e1fico de drogas. Em sua casa, os agentes encontraram 38 muni\u00e7\u00f5es calibre .38, 18 pinos de coca\u00edna, um tablete da droga, balan\u00e7a de precis\u00e3o, c\u00e2meras de seguran\u00e7a e celulares. Esposa dele, Claudionice Silveira Rocha, 26 anos, tamb\u00e9m foi presa em flagrante durante a opera\u00e7\u00e3o. Ela deve responder por associa\u00e7\u00e3o ao tr\u00e1fico e posse ilegal de entorpecentes. As autoridades destacaram que a a\u00e7\u00e3o marca um avan\u00e7o no combate ao crime organizado na regi\u00e3o sul da Bahia, onde fac\u00e7\u00f5es rivais disputam territ\u00f3rios de tr\u00e1fico. A opera\u00e7\u00e3o segue em andamento, e novas pris\u00f5es n\u00e3o est\u00e3o descartadas. O vereador Lucas Lemos permanece \u00e0 disposi\u00e7\u00e3o da Justi\u00e7a e deve ser ouvido pela delegacia respons\u00e1vel pelo caso. A defesa do parlamentar ainda n\u00e3o se manifestou publicamente sobre as acusa\u00e7\u00f5es.","og_url":"https:\/\/sudoesteacontece.com.br\/?p=2437","og_site_name":"Sudoesteacontece","article_publisher":"https:\/\/www.facebook.com\/sudoesteacontece\/?locale=pt_BR","article_published_time":"2025-11-12T19:05:20+00:00","article_modified_time":"2025-11-12T19:05:26+00:00","og_image":[{"width":1200,"height":840,"url":"https:\/\/sudoesteacontece.com.br\/wp-content\/uploads\/2025\/11\/Vereador-de-Itabela-e-preso-em-operacao-contra-crime-organizado-suspeito-morre-em-confronto-sudoeste-acontece.jpg","type":"image\/jpeg"}],"author":"Washington Tiago","twitter_card":"summary_large_image","twitter_misc":{"Escrito por":"Washington Tiago","Est. tempo de leitura":"2 minutos"},"schema":{"@context":"https:\/\/schema.org","@graph":[{"@type":"Article","@id":"https:\/\/sudoesteacontece.com.br\/?p=2437#article","isPartOf":{"@id":"https:\/\/sudoesteacontece.com.br\/?p=2437"},"author":{"name":"Washington Tiago","@id":"https:\/\/sudoesteacontece.com.br\/#\/schema\/person\/3cf2cf009926a9683ebc29d5379fa79c"},"headline":"Vereador de Itabela \u00e9 preso em opera\u00e7\u00e3o contra crime organizado; suspeito morre em confronto","datePublished":"2025-11-12T19:05:20+00:00","dateModified":"2025-11-12T19:05:26+00:00","mainEntityOfPage":{"@id":"https:\/\/sudoesteacontece.com.br\/?p=2437"},"wordCount":435,"commentCount":0,"publisher":{"@id":"https:\/\/sudoesteacontece.com.br\/#organization"},"image":{"@id":"https:\/\/sudoesteacontece.com.br\/?p=2437#primaryimage"},"thumbnailUrl":"https:\/\/sudoesteacontece.com.br\/wp-content\/uploads\/2025\/11\/Vereador-de-Itabela-e-preso-em-operacao-contra-crime-organizado-suspeito-morre-em-confronto-sudoeste-acontece.jpg","articleSection":["Cidades","Pol\u00edcia","Pol\u00edtica"],"inLanguage":"pt-BR","potentialAction":[{"@type":"CommentAction","name":"Comment","target":["https:\/\/sudoesteacontece.com.br\/?p=2437#respond"]}]},{"@type":"WebPage","@id":"https:\/\/sudoesteacontece.com.br\/?p=2437","url":"https:\/\/sudoesteacontece.com.br\/?p=2437","name":"Vereador de Itabela \u00e9 preso em opera\u00e7\u00e3o contra crime organizado; suspeito morre em confronto - Sudoesteacontece","isPartOf":{"@id":"https:\/\/sudoesteacontece.com.br\/#website"},"primaryImageOfPage":{"@id":"https:\/\/sudoesteacontece.com.br\/?p=2437#primaryimage"},"image":{"@id":"https:\/\/sudoesteacontece.com.br\/?p=2437#primaryimage"},"thumbnailUrl":"https:\/\/sudoesteacontece.com.br\/wp-content\/uploads\/2025\/11\/Vereador-de-Itabela-e-preso-em-operacao-contra-crime-organizado-suspeito-morre-em-confronto-sudoeste-acontece.jpg","datePublished":"2025-11-12T19:05:20+00:00","dateModified":"2025-11-12T19:05:26+00:00","breadcrumb":{"@id":"https:\/\/sudoesteacontece.com.br\/?p=2437#breadcrumb"},"inLanguage":"pt-BR","potentialAction":[{"@type":"ReadAction","target":["https:\/\/sudoesteacontece.com.br\/?p=2437"]}]},{"@type":"ImageObject","inLanguage":"pt-BR","@id":"https:\/\/sudoesteacontece.com.br\/?p=2437#primaryimage","url":"https:\/\/sudoesteacontece.com.br\/wp-content\/uploads\/2025\/11\/Vereador-de-Itabela-e-preso-em-operacao-contra-crime-organizado-suspeito-morre-em-confronto-sudoeste-acontece.jpg","contentUrl":"https:\/\/sudoesteacontece.com.br\/wp-content\/uploads\/2025\/11\/Vereador-de-Itabela-e-preso-em-operacao-contra-crime-organizado-suspeito-morre-em-confronto-sudoeste-acontece.jpg","width":1200,"height":840},{"@type":"BreadcrumbList","@id":"https:\/\/sudoesteacontece.com.br\/?p=2437#breadcrumb","itemListElement":[{"@type":"ListItem","position":1,"name":"In\u00edcio","item":"https:\/\/sudoesteacontece.com.br\/"},{"@type":"ListItem","position":2,"name":"Vereador de Itabela \u00e9 preso em opera\u00e7\u00e3o contra crime organizado; suspeito morre em confronto"}]},{"@type":"WebSite","@id":"https:\/\/sudoesteacontece.com.br\/#website","url":"https:\/\/sudoesteacontece.com.br\/","name":"Sudoesteacontece","description":"","publisher":{"@id":"https:\/\/sudoesteacontece.com.br\/#organization"},"potentialAction":[{"@type":"SearchAction","target":{"@type":"EntryPoint","urlTemplate":"https:\/\/sudoesteacontece.com.br\/?s={search_term_string}"},"query-input":{"@type":"PropertyValueSpecification","valueRequired":true,"valueName":"search_term_string"}}],"inLanguage":"pt-BR"},{"@type":"Organization","@id":"https:\/\/sudoesteacontece.com.br\/#organization","name":"Sudoesteacontece","url":"https:\/\/sudoesteacontece.com.br\/","logo":{"@type":"ImageObject","inLanguage":"pt-BR","@id":"https:\/\/sudoesteacontece.com.br\/#\/schema\/logo\/image\/","url":"https:\/\/sudoesteacontece.com.br\/wp-content\/uploads\/2025\/12\/cropped-logo-2-180x180-1.png","contentUrl":"https:\/\/sudoesteacontece.com.br\/wp-content\/uploads\/2025\/12\/cropped-logo-2-180x180-1.png","width":180,"height":180,"caption":"Sudoesteacontece"},"image":{"@id":"https:\/\/sudoesteacontece.com.br\/#\/schema\/logo\/image\/"},"sameAs":["https:\/\/www.facebook.com\/sudoesteacontece\/?locale=pt_BR"]},{"@type":"Person","@id":"https:\/\/sudoesteacontece.com.br\/#\/schema\/person\/3cf2cf009926a9683ebc29d5379fa79c","name":"Washington Tiago","image":{"@type":"ImageObject","inLanguage":"pt-BR","@id":"https:\/\/sudoesteacontece.com.br\/#\/schema\/person\/image\/","url":"https:\/\/secure.gravatar.com\/avatar\/33c43b8668157e040f9d1fe93c354bf087cbd8ba36270c1163198bd3ddcf2a56?s=96&d=mm&r=g","contentUrl":"https:\/\/secure.gravatar.com\/avatar\/33c43b8668157e040f9d1fe93c354bf087cbd8ba36270c1163198bd3ddcf2a56?s=96&d=mm&r=g","caption":"Washington Tiago"},"url":"https:\/\/sudoesteacontece.com.br\/?author=2"}]}},"_links":{"self":[{"href":"https:\/\/sudoesteacontece.com.br\/index.php?rest_route=\/wp\/v2\/posts\/2437","targetHints":{"allow":["GET"]}}],"collection":[{"href":"https:\/\/sudoesteacontece.com.br\/index.php?rest_route=\/wp\/v2\/posts"}],"about":[{"href":"https:\/\/sudoesteacontece.com.br\/index.php?rest_route=\/wp\/v2\/types\/post"}],"author":[{"embeddable":true,"href":"https:\/\/sudoesteacontece.com.br\/index.php?rest_route=\/wp\/v2\/users\/2"}],"replies":[{"embeddable":true,"href":"https:\/\/sudoesteacontece.com.br\/index.php?rest_route=%2Fwp%2Fv2%2Fcomments&post=2437"}],"version-history":[{"count":0,"href":"https:\/\/sudoesteacontece.com.br\/index.php?rest_route=\/wp\/v2\/posts\/2437\/revisions"}],"wp:featuredmedia":[{"embeddable":true,"href":"https:\/\/sudoesteacontece.com.br\/index.php?rest_route=\/wp\/v2\/media\/2454"}],"wp:attachment":[{"href":"https:\/\/sudoesteacontece.com.br\/index.php?rest_route=%2Fwp%2Fv2%2Fmedia&parent=2437"}],"wp:term":[{"taxonomy":"category","embeddable":true,"href":"https:\/\/sudoesteacontece.com.br\/index.php?rest_route=%2Fwp%2Fv2%2Fcategories&post=2437"},{"taxonomy":"post_tag","embeddable":true,"href":"https:\/\/sudoesteacontece.com.br\/index.php?rest_route=%2Fwp%2Fv2%2Ftags&post=2437"}],"curies":[{"name":"wp","href":"https:\/\/api.w.org\/{rel}","templated":true}]}}