{"id":2456,"date":"2025-11-12T16:33:46","date_gmt":"2025-11-12T19:33:46","guid":{"rendered":"https:\/\/sudoesteacontece.com.br\/?p=2456"},"modified":"2025-11-12T16:33:47","modified_gmt":"2025-11-12T19:33:47","slug":"jeronimo-reune-mdb-apos-alerta-de-geddel-e-tensao-cresce-na-base-aliada","status":"publish","type":"post","link":"https:\/\/sudoesteacontece.com.br\/?p=2456","title":{"rendered":"Jer\u00f4nimo re\u00fane MDB ap\u00f3s alerta de Geddel e tens\u00e3o cresce na base aliada"},"content":{"rendered":"<div class=\"wp-block-image\">\n<figure class=\"aligncenter size-full\"><img fetchpriority=\"high\" decoding=\"async\" width=\"852\" height=\"645\" src=\"http:\/\/sudoesteacontece.com.br\/wp-content\/uploads\/2025\/11\/Jeronimo-reune-MDB-apos-alerta-de-Geddel-e-tensao-cresce-na-base-aliada-sudoeste-acontece.jpg\" alt=\"\" class=\"wp-image-2460\" srcset=\"https:\/\/sudoesteacontece.com.br\/wp-content\/uploads\/2025\/11\/Jeronimo-reune-MDB-apos-alerta-de-Geddel-e-tensao-cresce-na-base-aliada-sudoeste-acontece.jpg 852w, https:\/\/sudoesteacontece.com.br\/wp-content\/uploads\/2025\/11\/Jeronimo-reune-MDB-apos-alerta-de-Geddel-e-tensao-cresce-na-base-aliada-sudoeste-acontece-300x227.jpg 300w, https:\/\/sudoesteacontece.com.br\/wp-content\/uploads\/2025\/11\/Jeronimo-reune-MDB-apos-alerta-de-Geddel-e-tensao-cresce-na-base-aliada-sudoeste-acontece-768x581.jpg 768w\" sizes=\"(max-width: 852px) 100vw, 852px\" \/><\/figure>\n<\/div>\n\n\n<p>A quinta-feira (13) foi de intensa movimenta\u00e7\u00e3o pol\u00edtica na Bahia. Governador Jer\u00f4nimo Rodrigues (PT) convocou uma reuni\u00e3o com a bancada e principais lideran\u00e7as do MDB ap\u00f3s o alerta p\u00fablico do ex-ministro Geddel Vieira Lima sobre as elei\u00e7\u00f5es de 2026.<\/p>\n\n\n\n<p>Encontro ocorreu na sede do governo e contou com nomes de peso do partido, como os deputados Rog\u00e9rio Andrade e Matheus Ferreira, os irm\u00e3os Geddel e L\u00facio Vieira Lima, al\u00e9m do presidente estadual do MDB, Jayme Vieira Lima, que tamb\u00e9m dirige a Cerb.<\/p>\n\n\n\n<p>Os bastidores esquentaram ap\u00f3s o recado de Geddel. Na \u00faltima segunda (10), o secret\u00e1rio de Rela\u00e7\u00f5es Institucionais, Adolpho Loyola (PT), j\u00e1 havia se reunido com os irm\u00e3os Vieira Lima, em um movimento interpretado como tentativa de apaziguar \u00e2nimos.<\/p>\n\n\n\n<p>Tens\u00e3o na base aumenta. O MDB quer manter a vaga de vice-governador, hoje ocupada por Geraldo J\u00fanior, e defende que cada partido preserve seu espa\u00e7o na chapa majorit\u00e1ria. O senador Angelo Coronel (PSD) refor\u00e7ou essa posi\u00e7\u00e3o e afirmou que, se Rui Costa (PT) disputar o Senado, a decis\u00e3o deve ser tratada \u201centre petistas\u201d, sem afetar os aliados.<\/p>\n\n\n\n<p>Em uma publica\u00e7\u00e3o recente, Geddel elogiou ACM Neto (Uni\u00e3o Brasil) e alertou sobre o risco de avan\u00e7o da oposi\u00e7\u00e3o. \u201cSe realmente for candidato, ACM Neto ser\u00e1 extremamente competitivo. Isso exige unidade e aten\u00e7\u00e3o redobrada das for\u00e7as que o MDB integra\u201d, escreveu, marcando Jer\u00f4nimo, Jaques Wagner, Coronel e Geraldo J\u00fanior.<\/p>\n\n\n\n<p>Recado foi entendido como um aviso direto ao governador. N\u00facleo petista viu na declara\u00e7\u00e3o um sinal de insatisfa\u00e7\u00e3o do MDB e um lembrete sobre a import\u00e2ncia de manter o partido na base.<\/p>\n\n\n\n<p>Nos bastidores, h\u00e1 preocupa\u00e7\u00e3o com poss\u00edveis desgastes. Aliados temem que a perda de espa\u00e7o provoque desmobiliza\u00e7\u00e3o ou at\u00e9 migra\u00e7\u00e3o de lideran\u00e7as para a oposi\u00e7\u00e3o movimento que o pr\u00f3prio Coronel j\u00e1 admitiu n\u00e3o descartar.<\/p>\n\n\n\n<p>Enquanto o tabuleiro pol\u00edtico se aquece, Jer\u00f4nimo adota cautela. Governador mant\u00e9m a estrat\u00e9gia de ouvir aliados e adiar decis\u00f5es cruciais, como a escolha de vagas abertas nos tribunais de contas (TCE e TCM), que podem ser usadas como moeda pol\u00edtica.<\/p>\n\n\n\n<p>Futuro da alian\u00e7a depender\u00e1 tamb\u00e9m do cen\u00e1rio nacional. Caso Lula mantenha alta popularidade, deve crescer a press\u00e3o por uma chapa majoritariamente petista o que testar\u00e1 a fidelidade dos parceiros hist\u00f3ricos do governo baiano.<\/p>\n","protected":false},"excerpt":{"rendered":"<p>A quinta-feira (13) foi de intensa movimenta\u00e7\u00e3o pol\u00edtica na Bahia. Governador Jer\u00f4nimo Rodrigues (PT) convocou uma reuni\u00e3o com a bancada e principais lideran\u00e7as do MDB ap\u00f3s o alerta p\u00fablico do ex-ministro Geddel Vieira Lima sobre as elei\u00e7\u00f5es de 2026. Encontro ocorreu na sede do governo e contou com nomes de peso do partido, como os deputados Rog\u00e9rio Andrade e Matheus Ferreira, os irm\u00e3os Geddel e L\u00facio Vieira Lima, al\u00e9m do presidente estadual do MDB, Jayme Vieira Lima, que tamb\u00e9m dirige a Cerb. Os bastidores esquentaram ap\u00f3s o recado de Geddel. Na \u00faltima segunda (10), o secret\u00e1rio de Rela\u00e7\u00f5es Institucionais, Adolpho Loyola (PT), j\u00e1 havia se reunido com os irm\u00e3os Vieira Lima, em um movimento interpretado como tentativa de apaziguar \u00e2nimos. Tens\u00e3o na base aumenta. O MDB quer manter a vaga de vice-governador, hoje ocupada por Geraldo J\u00fanior, e defende que cada partido preserve seu espa\u00e7o na chapa majorit\u00e1ria. O senador Angelo Coronel (PSD) refor\u00e7ou essa posi\u00e7\u00e3o e afirmou que, se Rui Costa (PT) disputar o Senado, a decis\u00e3o deve ser tratada \u201centre petistas\u201d, sem afetar os aliados. Em uma publica\u00e7\u00e3o recente, Geddel elogiou ACM Neto (Uni\u00e3o Brasil) e alertou sobre o risco de avan\u00e7o da oposi\u00e7\u00e3o. \u201cSe realmente for candidato, ACM Neto ser\u00e1 extremamente competitivo. Isso exige unidade e aten\u00e7\u00e3o redobrada das for\u00e7as que o MDB integra\u201d, escreveu, marcando Jer\u00f4nimo, Jaques Wagner, Coronel e Geraldo J\u00fanior. Recado foi entendido como um aviso direto ao governador. N\u00facleo petista viu na declara\u00e7\u00e3o um sinal de insatisfa\u00e7\u00e3o do MDB e um lembrete sobre a import\u00e2ncia de manter o partido na base. Nos bastidores, h\u00e1 preocupa\u00e7\u00e3o com poss\u00edveis desgastes. Aliados temem que a perda de espa\u00e7o provoque desmobiliza\u00e7\u00e3o ou at\u00e9 migra\u00e7\u00e3o de lideran\u00e7as para a oposi\u00e7\u00e3o movimento que o pr\u00f3prio Coronel j\u00e1 admitiu n\u00e3o descartar. Enquanto o tabuleiro pol\u00edtico se aquece, Jer\u00f4nimo adota cautela. Governador mant\u00e9m a estrat\u00e9gia de ouvir aliados e adiar decis\u00f5es cruciais, como a escolha de vagas abertas nos tribunais de contas (TCE e TCM), que podem ser usadas como moeda pol\u00edtica. Futuro da alian\u00e7a depender\u00e1 tamb\u00e9m do cen\u00e1rio nacional. Caso Lula mantenha alta popularidade, deve crescer a press\u00e3o por uma chapa majoritariamente petista o que testar\u00e1 a fidelidade dos parceiros hist\u00f3ricos do governo baiano.<\/p>\n","protected":false},"author":2,"featured_media":2460,"comment_status":"open","ping_status":"open","sticky":false,"template":"","format":"standard","meta":{"footnotes":""},"categories":[7,4,58,6],"tags":[],"class_list":["post-2456","post","type-post","status-publish","format-standard","has-post-thumbnail","hentry","category-bahia","category-cidades","category-eleicoes-2026","category-politica"],"yoast_head":"<!-- This site is optimized with the Yoast SEO plugin v26.5 - https:\/\/yoast.com\/wordpress\/plugins\/seo\/ -->\n<title>Jer\u00f4nimo re\u00fane MDB ap\u00f3s alerta de Geddel e tens\u00e3o cresce na base aliada - Sudoesteacontece<\/title>\n<meta name=\"robots\" content=\"index, follow, max-snippet:-1, max-image-preview:large, max-video-preview:-1\" \/>\n<link rel=\"canonical\" href=\"https:\/\/sudoesteacontece.com.br\/?p=2456\" \/>\n<meta property=\"og:locale\" content=\"pt_BR\" \/>\n<meta property=\"og:type\" content=\"article\" \/>\n<meta property=\"og:title\" content=\"Jer\u00f4nimo re\u00fane MDB ap\u00f3s alerta de Geddel e tens\u00e3o cresce na base aliada - Sudoesteacontece\" \/>\n<meta property=\"og:description\" content=\"A quinta-feira (13) foi de intensa movimenta\u00e7\u00e3o pol\u00edtica na Bahia. Governador Jer\u00f4nimo Rodrigues (PT) convocou uma reuni\u00e3o com a bancada e principais lideran\u00e7as do MDB ap\u00f3s o alerta p\u00fablico do ex-ministro Geddel Vieira Lima sobre as elei\u00e7\u00f5es de 2026. Encontro ocorreu na sede do governo e contou com nomes de peso do partido, como os deputados Rog\u00e9rio Andrade e Matheus Ferreira, os irm\u00e3os Geddel e L\u00facio Vieira Lima, al\u00e9m do presidente estadual do MDB, Jayme Vieira Lima, que tamb\u00e9m dirige a Cerb. Os bastidores esquentaram ap\u00f3s o recado de Geddel. Na \u00faltima segunda (10), o secret\u00e1rio de Rela\u00e7\u00f5es Institucionais, Adolpho Loyola (PT), j\u00e1 havia se reunido com os irm\u00e3os Vieira Lima, em um movimento interpretado como tentativa de apaziguar \u00e2nimos. Tens\u00e3o na base aumenta. O MDB quer manter a vaga de vice-governador, hoje ocupada por Geraldo J\u00fanior, e defende que cada partido preserve seu espa\u00e7o na chapa majorit\u00e1ria. O senador Angelo Coronel (PSD) refor\u00e7ou essa posi\u00e7\u00e3o e afirmou que, se Rui Costa (PT) disputar o Senado, a decis\u00e3o deve ser tratada \u201centre petistas\u201d, sem afetar os aliados. Em uma publica\u00e7\u00e3o recente, Geddel elogiou ACM Neto (Uni\u00e3o Brasil) e alertou sobre o risco de avan\u00e7o da oposi\u00e7\u00e3o. \u201cSe realmente for candidato, ACM Neto ser\u00e1 extremamente competitivo. Isso exige unidade e aten\u00e7\u00e3o redobrada das for\u00e7as que o MDB integra\u201d, escreveu, marcando Jer\u00f4nimo, Jaques Wagner, Coronel e Geraldo J\u00fanior. Recado foi entendido como um aviso direto ao governador. N\u00facleo petista viu na declara\u00e7\u00e3o um sinal de insatisfa\u00e7\u00e3o do MDB e um lembrete sobre a import\u00e2ncia de manter o partido na base. Nos bastidores, h\u00e1 preocupa\u00e7\u00e3o com poss\u00edveis desgastes. Aliados temem que a perda de espa\u00e7o provoque desmobiliza\u00e7\u00e3o ou at\u00e9 migra\u00e7\u00e3o de lideran\u00e7as para a oposi\u00e7\u00e3o movimento que o pr\u00f3prio Coronel j\u00e1 admitiu n\u00e3o descartar. Enquanto o tabuleiro pol\u00edtico se aquece, Jer\u00f4nimo adota cautela. Governador mant\u00e9m a estrat\u00e9gia de ouvir aliados e adiar decis\u00f5es cruciais, como a escolha de vagas abertas nos tribunais de contas (TCE e TCM), que podem ser usadas como moeda pol\u00edtica. Futuro da alian\u00e7a depender\u00e1 tamb\u00e9m do cen\u00e1rio nacional. Caso Lula mantenha alta popularidade, deve crescer a press\u00e3o por uma chapa majoritariamente petista o que testar\u00e1 a fidelidade dos parceiros hist\u00f3ricos do governo baiano.\" \/>\n<meta property=\"og:url\" content=\"https:\/\/sudoesteacontece.com.br\/?p=2456\" \/>\n<meta property=\"og:site_name\" content=\"Sudoesteacontece\" \/>\n<meta property=\"article:publisher\" content=\"https:\/\/www.facebook.com\/sudoesteacontece\/?locale=pt_BR\" \/>\n<meta property=\"article:published_time\" content=\"2025-11-12T19:33:46+00:00\" \/>\n<meta property=\"article:modified_time\" content=\"2025-11-12T19:33:47+00:00\" \/>\n<meta property=\"og:image\" content=\"https:\/\/sudoesteacontece.com.br\/wp-content\/uploads\/2025\/11\/Jeronimo-reune-MDB-apos-alerta-de-Geddel-e-tensao-cresce-na-base-aliada-sudoeste-acontece.jpg\" \/>\n\t<meta property=\"og:image:width\" content=\"852\" \/>\n\t<meta property=\"og:image:height\" content=\"645\" \/>\n\t<meta property=\"og:image:type\" content=\"image\/jpeg\" \/>\n<meta name=\"author\" content=\"Washington Tiago\" \/>\n<meta name=\"twitter:card\" content=\"summary_large_image\" \/>\n<meta name=\"twitter:label1\" content=\"Escrito por\" \/>\n\t<meta name=\"twitter:data1\" content=\"Washington Tiago\" \/>\n\t<meta name=\"twitter:label2\" content=\"Est. tempo de leitura\" \/>\n\t<meta name=\"twitter:data2\" content=\"2 minutos\" \/>\n<script type=\"application\/ld+json\" class=\"yoast-schema-graph\">{\"@context\":\"https:\/\/schema.org\",\"@graph\":[{\"@type\":\"Article\",\"@id\":\"https:\/\/sudoesteacontece.com.br\/?p=2456#article\",\"isPartOf\":{\"@id\":\"https:\/\/sudoesteacontece.com.br\/?p=2456\"},\"author\":{\"name\":\"Washington Tiago\",\"@id\":\"https:\/\/sudoesteacontece.com.br\/#\/schema\/person\/3cf2cf009926a9683ebc29d5379fa79c\"},\"headline\":\"Jer\u00f4nimo re\u00fane MDB ap\u00f3s alerta de Geddel e tens\u00e3o cresce na base aliada\",\"datePublished\":\"2025-11-12T19:33:46+00:00\",\"dateModified\":\"2025-11-12T19:33:47+00:00\",\"mainEntityOfPage\":{\"@id\":\"https:\/\/sudoesteacontece.com.br\/?p=2456\"},\"wordCount\":434,\"commentCount\":0,\"publisher\":{\"@id\":\"https:\/\/sudoesteacontece.com.br\/#organization\"},\"image\":{\"@id\":\"https:\/\/sudoesteacontece.com.br\/?p=2456#primaryimage\"},\"thumbnailUrl\":\"https:\/\/sudoesteacontece.com.br\/wp-content\/uploads\/2025\/11\/Jeronimo-reune-MDB-apos-alerta-de-Geddel-e-tensao-cresce-na-base-aliada-sudoeste-acontece.jpg\",\"articleSection\":[\"Bahia\",\"Cidades\",\"Elei\u00e7\u00f5es 2026\",\"Pol\u00edtica\"],\"inLanguage\":\"pt-BR\",\"potentialAction\":[{\"@type\":\"CommentAction\",\"name\":\"Comment\",\"target\":[\"https:\/\/sudoesteacontece.com.br\/?p=2456#respond\"]}]},{\"@type\":\"WebPage\",\"@id\":\"https:\/\/sudoesteacontece.com.br\/?p=2456\",\"url\":\"https:\/\/sudoesteacontece.com.br\/?p=2456\",\"name\":\"Jer\u00f4nimo re\u00fane MDB ap\u00f3s alerta de Geddel e tens\u00e3o cresce na base aliada - Sudoesteacontece\",\"isPartOf\":{\"@id\":\"https:\/\/sudoesteacontece.com.br\/#website\"},\"primaryImageOfPage\":{\"@id\":\"https:\/\/sudoesteacontece.com.br\/?p=2456#primaryimage\"},\"image\":{\"@id\":\"https:\/\/sudoesteacontece.com.br\/?p=2456#primaryimage\"},\"thumbnailUrl\":\"https:\/\/sudoesteacontece.com.br\/wp-content\/uploads\/2025\/11\/Jeronimo-reune-MDB-apos-alerta-de-Geddel-e-tensao-cresce-na-base-aliada-sudoeste-acontece.jpg\",\"datePublished\":\"2025-11-12T19:33:46+00:00\",\"dateModified\":\"2025-11-12T19:33:47+00:00\",\"breadcrumb\":{\"@id\":\"https:\/\/sudoesteacontece.com.br\/?p=2456#breadcrumb\"},\"inLanguage\":\"pt-BR\",\"potentialAction\":[{\"@type\":\"ReadAction\",\"target\":[\"https:\/\/sudoesteacontece.com.br\/?p=2456\"]}]},{\"@type\":\"ImageObject\",\"inLanguage\":\"pt-BR\",\"@id\":\"https:\/\/sudoesteacontece.com.br\/?p=2456#primaryimage\",\"url\":\"https:\/\/sudoesteacontece.com.br\/wp-content\/uploads\/2025\/11\/Jeronimo-reune-MDB-apos-alerta-de-Geddel-e-tensao-cresce-na-base-aliada-sudoeste-acontece.jpg\",\"contentUrl\":\"https:\/\/sudoesteacontece.com.br\/wp-content\/uploads\/2025\/11\/Jeronimo-reune-MDB-apos-alerta-de-Geddel-e-tensao-cresce-na-base-aliada-sudoeste-acontece.jpg\",\"width\":852,\"height\":645},{\"@type\":\"BreadcrumbList\",\"@id\":\"https:\/\/sudoesteacontece.com.br\/?p=2456#breadcrumb\",\"itemListElement\":[{\"@type\":\"ListItem\",\"position\":1,\"name\":\"In\u00edcio\",\"item\":\"https:\/\/sudoesteacontece.com.br\/\"},{\"@type\":\"ListItem\",\"position\":2,\"name\":\"Jer\u00f4nimo re\u00fane MDB ap\u00f3s alerta de Geddel e tens\u00e3o cresce na base aliada\"}]},{\"@type\":\"WebSite\",\"@id\":\"https:\/\/sudoesteacontece.com.br\/#website\",\"url\":\"https:\/\/sudoesteacontece.com.br\/\",\"name\":\"Sudoesteacontece\",\"description\":\"\",\"publisher\":{\"@id\":\"https:\/\/sudoesteacontece.com.br\/#organization\"},\"potentialAction\":[{\"@type\":\"SearchAction\",\"target\":{\"@type\":\"EntryPoint\",\"urlTemplate\":\"https:\/\/sudoesteacontece.com.br\/?s={search_term_string}\"},\"query-input\":{\"@type\":\"PropertyValueSpecification\",\"valueRequired\":true,\"valueName\":\"search_term_string\"}}],\"inLanguage\":\"pt-BR\"},{\"@type\":\"Organization\",\"@id\":\"https:\/\/sudoesteacontece.com.br\/#organization\",\"name\":\"Sudoesteacontece\",\"url\":\"https:\/\/sudoesteacontece.com.br\/\",\"logo\":{\"@type\":\"ImageObject\",\"inLanguage\":\"pt-BR\",\"@id\":\"https:\/\/sudoesteacontece.com.br\/#\/schema\/logo\/image\/\",\"url\":\"https:\/\/sudoesteacontece.com.br\/wp-content\/uploads\/2025\/12\/cropped-logo-2-180x180-1.png\",\"contentUrl\":\"https:\/\/sudoesteacontece.com.br\/wp-content\/uploads\/2025\/12\/cropped-logo-2-180x180-1.png\",\"width\":180,\"height\":180,\"caption\":\"Sudoesteacontece\"},\"image\":{\"@id\":\"https:\/\/sudoesteacontece.com.br\/#\/schema\/logo\/image\/\"},\"sameAs\":[\"https:\/\/www.facebook.com\/sudoesteacontece\/?locale=pt_BR\"]},{\"@type\":\"Person\",\"@id\":\"https:\/\/sudoesteacontece.com.br\/#\/schema\/person\/3cf2cf009926a9683ebc29d5379fa79c\",\"name\":\"Washington Tiago\",\"image\":{\"@type\":\"ImageObject\",\"inLanguage\":\"pt-BR\",\"@id\":\"https:\/\/sudoesteacontece.com.br\/#\/schema\/person\/image\/\",\"url\":\"https:\/\/secure.gravatar.com\/avatar\/33c43b8668157e040f9d1fe93c354bf087cbd8ba36270c1163198bd3ddcf2a56?s=96&d=mm&r=g\",\"contentUrl\":\"https:\/\/secure.gravatar.com\/avatar\/33c43b8668157e040f9d1fe93c354bf087cbd8ba36270c1163198bd3ddcf2a56?s=96&d=mm&r=g\",\"caption\":\"Washington Tiago\"},\"url\":\"https:\/\/sudoesteacontece.com.br\/?author=2\"}]}<\/script>\n<!-- \/ Yoast SEO plugin. -->","yoast_head_json":{"title":"Jer\u00f4nimo re\u00fane MDB ap\u00f3s alerta de Geddel e tens\u00e3o cresce na base aliada - Sudoesteacontece","robots":{"index":"index","follow":"follow","max-snippet":"max-snippet:-1","max-image-preview":"max-image-preview:large","max-video-preview":"max-video-preview:-1"},"canonical":"https:\/\/sudoesteacontece.com.br\/?p=2456","og_locale":"pt_BR","og_type":"article","og_title":"Jer\u00f4nimo re\u00fane MDB ap\u00f3s alerta de Geddel e tens\u00e3o cresce na base aliada - Sudoesteacontece","og_description":"A quinta-feira (13) foi de intensa movimenta\u00e7\u00e3o pol\u00edtica na Bahia. Governador Jer\u00f4nimo Rodrigues (PT) convocou uma reuni\u00e3o com a bancada e principais lideran\u00e7as do MDB ap\u00f3s o alerta p\u00fablico do ex-ministro Geddel Vieira Lima sobre as elei\u00e7\u00f5es de 2026. Encontro ocorreu na sede do governo e contou com nomes de peso do partido, como os deputados Rog\u00e9rio Andrade e Matheus Ferreira, os irm\u00e3os Geddel e L\u00facio Vieira Lima, al\u00e9m do presidente estadual do MDB, Jayme Vieira Lima, que tamb\u00e9m dirige a Cerb. Os bastidores esquentaram ap\u00f3s o recado de Geddel. Na \u00faltima segunda (10), o secret\u00e1rio de Rela\u00e7\u00f5es Institucionais, Adolpho Loyola (PT), j\u00e1 havia se reunido com os irm\u00e3os Vieira Lima, em um movimento interpretado como tentativa de apaziguar \u00e2nimos. Tens\u00e3o na base aumenta. O MDB quer manter a vaga de vice-governador, hoje ocupada por Geraldo J\u00fanior, e defende que cada partido preserve seu espa\u00e7o na chapa majorit\u00e1ria. O senador Angelo Coronel (PSD) refor\u00e7ou essa posi\u00e7\u00e3o e afirmou que, se Rui Costa (PT) disputar o Senado, a decis\u00e3o deve ser tratada \u201centre petistas\u201d, sem afetar os aliados. Em uma publica\u00e7\u00e3o recente, Geddel elogiou ACM Neto (Uni\u00e3o Brasil) e alertou sobre o risco de avan\u00e7o da oposi\u00e7\u00e3o. \u201cSe realmente for candidato, ACM Neto ser\u00e1 extremamente competitivo. Isso exige unidade e aten\u00e7\u00e3o redobrada das for\u00e7as que o MDB integra\u201d, escreveu, marcando Jer\u00f4nimo, Jaques Wagner, Coronel e Geraldo J\u00fanior. Recado foi entendido como um aviso direto ao governador. N\u00facleo petista viu na declara\u00e7\u00e3o um sinal de insatisfa\u00e7\u00e3o do MDB e um lembrete sobre a import\u00e2ncia de manter o partido na base. Nos bastidores, h\u00e1 preocupa\u00e7\u00e3o com poss\u00edveis desgastes. Aliados temem que a perda de espa\u00e7o provoque desmobiliza\u00e7\u00e3o ou at\u00e9 migra\u00e7\u00e3o de lideran\u00e7as para a oposi\u00e7\u00e3o movimento que o pr\u00f3prio Coronel j\u00e1 admitiu n\u00e3o descartar. Enquanto o tabuleiro pol\u00edtico se aquece, Jer\u00f4nimo adota cautela. Governador mant\u00e9m a estrat\u00e9gia de ouvir aliados e adiar decis\u00f5es cruciais, como a escolha de vagas abertas nos tribunais de contas (TCE e TCM), que podem ser usadas como moeda pol\u00edtica. Futuro da alian\u00e7a depender\u00e1 tamb\u00e9m do cen\u00e1rio nacional. Caso Lula mantenha alta popularidade, deve crescer a press\u00e3o por uma chapa majoritariamente petista o que testar\u00e1 a fidelidade dos parceiros hist\u00f3ricos do governo baiano.","og_url":"https:\/\/sudoesteacontece.com.br\/?p=2456","og_site_name":"Sudoesteacontece","article_publisher":"https:\/\/www.facebook.com\/sudoesteacontece\/?locale=pt_BR","article_published_time":"2025-11-12T19:33:46+00:00","article_modified_time":"2025-11-12T19:33:47+00:00","og_image":[{"width":852,"height":645,"url":"https:\/\/sudoesteacontece.com.br\/wp-content\/uploads\/2025\/11\/Jeronimo-reune-MDB-apos-alerta-de-Geddel-e-tensao-cresce-na-base-aliada-sudoeste-acontece.jpg","type":"image\/jpeg"}],"author":"Washington Tiago","twitter_card":"summary_large_image","twitter_misc":{"Escrito por":"Washington Tiago","Est. tempo de leitura":"2 minutos"},"schema":{"@context":"https:\/\/schema.org","@graph":[{"@type":"Article","@id":"https:\/\/sudoesteacontece.com.br\/?p=2456#article","isPartOf":{"@id":"https:\/\/sudoesteacontece.com.br\/?p=2456"},"author":{"name":"Washington Tiago","@id":"https:\/\/sudoesteacontece.com.br\/#\/schema\/person\/3cf2cf009926a9683ebc29d5379fa79c"},"headline":"Jer\u00f4nimo re\u00fane MDB ap\u00f3s alerta de Geddel e tens\u00e3o cresce na base aliada","datePublished":"2025-11-12T19:33:46+00:00","dateModified":"2025-11-12T19:33:47+00:00","mainEntityOfPage":{"@id":"https:\/\/sudoesteacontece.com.br\/?p=2456"},"wordCount":434,"commentCount":0,"publisher":{"@id":"https:\/\/sudoesteacontece.com.br\/#organization"},"image":{"@id":"https:\/\/sudoesteacontece.com.br\/?p=2456#primaryimage"},"thumbnailUrl":"https:\/\/sudoesteacontece.com.br\/wp-content\/uploads\/2025\/11\/Jeronimo-reune-MDB-apos-alerta-de-Geddel-e-tensao-cresce-na-base-aliada-sudoeste-acontece.jpg","articleSection":["Bahia","Cidades","Elei\u00e7\u00f5es 2026","Pol\u00edtica"],"inLanguage":"pt-BR","potentialAction":[{"@type":"CommentAction","name":"Comment","target":["https:\/\/sudoesteacontece.com.br\/?p=2456#respond"]}]},{"@type":"WebPage","@id":"https:\/\/sudoesteacontece.com.br\/?p=2456","url":"https:\/\/sudoesteacontece.com.br\/?p=2456","name":"Jer\u00f4nimo re\u00fane MDB ap\u00f3s alerta de Geddel e tens\u00e3o cresce na base aliada - Sudoesteacontece","isPartOf":{"@id":"https:\/\/sudoesteacontece.com.br\/#website"},"primaryImageOfPage":{"@id":"https:\/\/sudoesteacontece.com.br\/?p=2456#primaryimage"},"image":{"@id":"https:\/\/sudoesteacontece.com.br\/?p=2456#primaryimage"},"thumbnailUrl":"https:\/\/sudoesteacontece.com.br\/wp-content\/uploads\/2025\/11\/Jeronimo-reune-MDB-apos-alerta-de-Geddel-e-tensao-cresce-na-base-aliada-sudoeste-acontece.jpg","datePublished":"2025-11-12T19:33:46+00:00","dateModified":"2025-11-12T19:33:47+00:00","breadcrumb":{"@id":"https:\/\/sudoesteacontece.com.br\/?p=2456#breadcrumb"},"inLanguage":"pt-BR","potentialAction":[{"@type":"ReadAction","target":["https:\/\/sudoesteacontece.com.br\/?p=2456"]}]},{"@type":"ImageObject","inLanguage":"pt-BR","@id":"https:\/\/sudoesteacontece.com.br\/?p=2456#primaryimage","url":"https:\/\/sudoesteacontece.com.br\/wp-content\/uploads\/2025\/11\/Jeronimo-reune-MDB-apos-alerta-de-Geddel-e-tensao-cresce-na-base-aliada-sudoeste-acontece.jpg","contentUrl":"https:\/\/sudoesteacontece.com.br\/wp-content\/uploads\/2025\/11\/Jeronimo-reune-MDB-apos-alerta-de-Geddel-e-tensao-cresce-na-base-aliada-sudoeste-acontece.jpg","width":852,"height":645},{"@type":"BreadcrumbList","@id":"https:\/\/sudoesteacontece.com.br\/?p=2456#breadcrumb","itemListElement":[{"@type":"ListItem","position":1,"name":"In\u00edcio","item":"https:\/\/sudoesteacontece.com.br\/"},{"@type":"ListItem","position":2,"name":"Jer\u00f4nimo re\u00fane MDB ap\u00f3s alerta de Geddel e tens\u00e3o cresce na base aliada"}]},{"@type":"WebSite","@id":"https:\/\/sudoesteacontece.com.br\/#website","url":"https:\/\/sudoesteacontece.com.br\/","name":"Sudoesteacontece","description":"","publisher":{"@id":"https:\/\/sudoesteacontece.com.br\/#organization"},"potentialAction":[{"@type":"SearchAction","target":{"@type":"EntryPoint","urlTemplate":"https:\/\/sudoesteacontece.com.br\/?s={search_term_string}"},"query-input":{"@type":"PropertyValueSpecification","valueRequired":true,"valueName":"search_term_string"}}],"inLanguage":"pt-BR"},{"@type":"Organization","@id":"https:\/\/sudoesteacontece.com.br\/#organization","name":"Sudoesteacontece","url":"https:\/\/sudoesteacontece.com.br\/","logo":{"@type":"ImageObject","inLanguage":"pt-BR","@id":"https:\/\/sudoesteacontece.com.br\/#\/schema\/logo\/image\/","url":"https:\/\/sudoesteacontece.com.br\/wp-content\/uploads\/2025\/12\/cropped-logo-2-180x180-1.png","contentUrl":"https:\/\/sudoesteacontece.com.br\/wp-content\/uploads\/2025\/12\/cropped-logo-2-180x180-1.png","width":180,"height":180,"caption":"Sudoesteacontece"},"image":{"@id":"https:\/\/sudoesteacontece.com.br\/#\/schema\/logo\/image\/"},"sameAs":["https:\/\/www.facebook.com\/sudoesteacontece\/?locale=pt_BR"]},{"@type":"Person","@id":"https:\/\/sudoesteacontece.com.br\/#\/schema\/person\/3cf2cf009926a9683ebc29d5379fa79c","name":"Washington Tiago","image":{"@type":"ImageObject","inLanguage":"pt-BR","@id":"https:\/\/sudoesteacontece.com.br\/#\/schema\/person\/image\/","url":"https:\/\/secure.gravatar.com\/avatar\/33c43b8668157e040f9d1fe93c354bf087cbd8ba36270c1163198bd3ddcf2a56?s=96&d=mm&r=g","contentUrl":"https:\/\/secure.gravatar.com\/avatar\/33c43b8668157e040f9d1fe93c354bf087cbd8ba36270c1163198bd3ddcf2a56?s=96&d=mm&r=g","caption":"Washington Tiago"},"url":"https:\/\/sudoesteacontece.com.br\/?author=2"}]}},"_links":{"self":[{"href":"https:\/\/sudoesteacontece.com.br\/index.php?rest_route=\/wp\/v2\/posts\/2456","targetHints":{"allow":["GET"]}}],"collection":[{"href":"https:\/\/sudoesteacontece.com.br\/index.php?rest_route=\/wp\/v2\/posts"}],"about":[{"href":"https:\/\/sudoesteacontece.com.br\/index.php?rest_route=\/wp\/v2\/types\/post"}],"author":[{"embeddable":true,"href":"https:\/\/sudoesteacontece.com.br\/index.php?rest_route=\/wp\/v2\/users\/2"}],"replies":[{"embeddable":true,"href":"https:\/\/sudoesteacontece.com.br\/index.php?rest_route=%2Fwp%2Fv2%2Fcomments&post=2456"}],"version-history":[{"count":0,"href":"https:\/\/sudoesteacontece.com.br\/index.php?rest_route=\/wp\/v2\/posts\/2456\/revisions"}],"wp:featuredmedia":[{"embeddable":true,"href":"https:\/\/sudoesteacontece.com.br\/index.php?rest_route=\/wp\/v2\/media\/2460"}],"wp:attachment":[{"href":"https:\/\/sudoesteacontece.com.br\/index.php?rest_route=%2Fwp%2Fv2%2Fmedia&parent=2456"}],"wp:term":[{"taxonomy":"category","embeddable":true,"href":"https:\/\/sudoesteacontece.com.br\/index.php?rest_route=%2Fwp%2Fv2%2Fcategories&post=2456"},{"taxonomy":"post_tag","embeddable":true,"href":"https:\/\/sudoesteacontece.com.br\/index.php?rest_route=%2Fwp%2Fv2%2Ftags&post=2456"}],"curies":[{"name":"wp","href":"https:\/\/api.w.org\/{rel}","templated":true}]}}