{"id":2473,"date":"2025-11-13T10:26:50","date_gmt":"2025-11-13T13:26:50","guid":{"rendered":"https:\/\/sudoesteacontece.com.br\/?p=2473"},"modified":"2025-11-13T10:26:52","modified_gmt":"2025-11-13T13:26:52","slug":"homem-e-esfaqueado-durante-discussao-em-bar-de-vitoria-da-conquista","status":"publish","type":"post","link":"https:\/\/sudoesteacontece.com.br\/?p=2473","title":{"rendered":"Homem \u00e9 esfaqueado durante discuss\u00e3o em bar de Vit\u00f3ria da Conquista"},"content":{"rendered":"<div class=\"wp-block-image\">\n<figure class=\"aligncenter size-full\"><img fetchpriority=\"high\" decoding=\"async\" width=\"776\" height=\"583\" src=\"http:\/\/sudoesteacontece.com.br\/wp-content\/uploads\/2025\/11\/Homem-e-esfaqueado-durante-discussao-em-bar-de-Vitoria-da-Conquista-sudoeste-acontece.jpg\" alt=\"\" class=\"wp-image-2500\" srcset=\"https:\/\/sudoesteacontece.com.br\/wp-content\/uploads\/2025\/11\/Homem-e-esfaqueado-durante-discussao-em-bar-de-Vitoria-da-Conquista-sudoeste-acontece.jpg 776w, https:\/\/sudoesteacontece.com.br\/wp-content\/uploads\/2025\/11\/Homem-e-esfaqueado-durante-discussao-em-bar-de-Vitoria-da-Conquista-sudoeste-acontece-300x225.jpg 300w, https:\/\/sudoesteacontece.com.br\/wp-content\/uploads\/2025\/11\/Homem-e-esfaqueado-durante-discussao-em-bar-de-Vitoria-da-Conquista-sudoeste-acontece-768x577.jpg 768w\" sizes=\"(max-width: 776px) 100vw, 776px\" \/><\/figure>\n<\/div>\n\n\n<p>A madrugada desta quinta-feira (13) foi marcada por viol\u00eancia em Vit\u00f3ria da Conquista. Um homem foi esfaqueado ap\u00f3s uma briga em um bar localizado no Bairro Jurema.<\/p>\n\n\n\n<p>Testemunhas contaram que o ataque aconteceu durante uma discuss\u00e3o acalorada. Suspeito sacou uma faca e atingiu a v\u00edtima, fugindo logo depois do crime.<\/p>\n\n\n\n<p>Populares entraram em p\u00e2nico e chamaram o Servi\u00e7o de Atendimento M\u00f3vel de Urg\u00eancia (SAMU). A equipe prestou os primeiros socorros ainda no local e levou o homem em estado grave para o Hospital Geral de Vit\u00f3ria da Conquista (HGVC).<\/p>\n\n\n\n<p>Profissionais do hospital informaram que a v\u00edtima permanece internada, mas o estado de sa\u00fade n\u00e3o foi divulgado at\u00e9 o momento.<\/p>\n\n\n\n<p>Equipes da Pol\u00edcia Militar chegaram ao local pouco depois da agress\u00e3o. Os agentes isolaram a \u00e1rea e recolheram informa\u00e7\u00f5es que possam ajudar a identificar o autor.<\/p>\n\n\n\n<p>Investigadores da Delegacia de Homic\u00eddios e Prote\u00e7\u00e3o \u00e0 Pessoa (DHPP) assumiram o caso. A pol\u00edcia tenta esclarecer o motivo da discuss\u00e3o e rastrear o suspeito, que segue foragido.<\/p>\n\n\n\n<p>Moradores da regi\u00e3o afirmam que o bar \u00e9 conhecido por registrar confus\u00f5es e brigas. \u201cJ\u00e1 teve outras discuss\u00f5es por aqui, mas dessa vez foi pior. Foi um susto enorme\u201d, disse um frequentador que presenciou a cena.<\/p>\n\n\n\n<p>Autoridades refor\u00e7aram o alerta sobre o aumento de casos de viol\u00eancia em bares e \u00e1reas de lazer durante a madrugada. A PM promete intensificar as rondas no Bairro Jurema e em outros pontos considerados cr\u00edticos da cidade.<\/p>\n\n\n\n<p><\/p>\n","protected":false},"excerpt":{"rendered":"<p>A madrugada desta quinta-feira (13) foi marcada por viol\u00eancia em Vit\u00f3ria da Conquista. Um homem foi esfaqueado ap\u00f3s uma briga em um bar localizado no Bairro Jurema. Testemunhas contaram que o ataque aconteceu durante uma discuss\u00e3o acalorada. Suspeito sacou uma faca e atingiu a v\u00edtima, fugindo logo depois do crime. Populares entraram em p\u00e2nico e chamaram o Servi\u00e7o de Atendimento M\u00f3vel de Urg\u00eancia (SAMU). A equipe prestou os primeiros socorros ainda no local e levou o homem em estado grave para o Hospital Geral de Vit\u00f3ria da Conquista (HGVC). Profissionais do hospital informaram que a v\u00edtima permanece internada, mas o estado de sa\u00fade n\u00e3o foi divulgado at\u00e9 o momento. Equipes da Pol\u00edcia Militar chegaram ao local pouco depois da agress\u00e3o. Os agentes isolaram a \u00e1rea e recolheram informa\u00e7\u00f5es que possam ajudar a identificar o autor. Investigadores da Delegacia de Homic\u00eddios e Prote\u00e7\u00e3o \u00e0 Pessoa (DHPP) assumiram o caso. A pol\u00edcia tenta esclarecer o motivo da discuss\u00e3o e rastrear o suspeito, que segue foragido. Moradores da regi\u00e3o afirmam que o bar \u00e9 conhecido por registrar confus\u00f5es e brigas. \u201cJ\u00e1 teve outras discuss\u00f5es por aqui, mas dessa vez foi pior. Foi um susto enorme\u201d, disse um frequentador que presenciou a cena. Autoridades refor\u00e7aram o alerta sobre o aumento de casos de viol\u00eancia em bares e \u00e1reas de lazer durante a madrugada. A PM promete intensificar as rondas no Bairro Jurema e em outros pontos considerados cr\u00edticos da cidade.<\/p>\n","protected":false},"author":2,"featured_media":2500,"comment_status":"open","ping_status":"open","sticky":false,"template":"","format":"standard","meta":{"footnotes":""},"categories":[4,3],"tags":[],"class_list":["post-2473","post","type-post","status-publish","format-standard","has-post-thumbnail","hentry","category-cidades","category-policia"],"yoast_head":"<!-- This site is optimized with the Yoast SEO plugin v26.5 - https:\/\/yoast.com\/wordpress\/plugins\/seo\/ -->\n<title>Homem \u00e9 esfaqueado durante discuss\u00e3o em bar de Vit\u00f3ria da Conquista - Sudoesteacontece<\/title>\n<meta name=\"robots\" content=\"index, follow, max-snippet:-1, max-image-preview:large, max-video-preview:-1\" \/>\n<link rel=\"canonical\" href=\"https:\/\/sudoesteacontece.com.br\/?p=2473\" \/>\n<meta property=\"og:locale\" content=\"pt_BR\" \/>\n<meta property=\"og:type\" content=\"article\" \/>\n<meta property=\"og:title\" content=\"Homem \u00e9 esfaqueado durante discuss\u00e3o em bar de Vit\u00f3ria da Conquista - Sudoesteacontece\" \/>\n<meta property=\"og:description\" content=\"A madrugada desta quinta-feira (13) foi marcada por viol\u00eancia em Vit\u00f3ria da Conquista. Um homem foi esfaqueado ap\u00f3s uma briga em um bar localizado no Bairro Jurema. Testemunhas contaram que o ataque aconteceu durante uma discuss\u00e3o acalorada. Suspeito sacou uma faca e atingiu a v\u00edtima, fugindo logo depois do crime. Populares entraram em p\u00e2nico e chamaram o Servi\u00e7o de Atendimento M\u00f3vel de Urg\u00eancia (SAMU). A equipe prestou os primeiros socorros ainda no local e levou o homem em estado grave para o Hospital Geral de Vit\u00f3ria da Conquista (HGVC). Profissionais do hospital informaram que a v\u00edtima permanece internada, mas o estado de sa\u00fade n\u00e3o foi divulgado at\u00e9 o momento. Equipes da Pol\u00edcia Militar chegaram ao local pouco depois da agress\u00e3o. Os agentes isolaram a \u00e1rea e recolheram informa\u00e7\u00f5es que possam ajudar a identificar o autor. Investigadores da Delegacia de Homic\u00eddios e Prote\u00e7\u00e3o \u00e0 Pessoa (DHPP) assumiram o caso. A pol\u00edcia tenta esclarecer o motivo da discuss\u00e3o e rastrear o suspeito, que segue foragido. Moradores da regi\u00e3o afirmam que o bar \u00e9 conhecido por registrar confus\u00f5es e brigas. \u201cJ\u00e1 teve outras discuss\u00f5es por aqui, mas dessa vez foi pior. Foi um susto enorme\u201d, disse um frequentador que presenciou a cena. Autoridades refor\u00e7aram o alerta sobre o aumento de casos de viol\u00eancia em bares e \u00e1reas de lazer durante a madrugada. A PM promete intensificar as rondas no Bairro Jurema e em outros pontos considerados cr\u00edticos da cidade.\" \/>\n<meta property=\"og:url\" content=\"https:\/\/sudoesteacontece.com.br\/?p=2473\" \/>\n<meta property=\"og:site_name\" content=\"Sudoesteacontece\" \/>\n<meta property=\"article:publisher\" content=\"https:\/\/www.facebook.com\/sudoesteacontece\/?locale=pt_BR\" \/>\n<meta property=\"article:published_time\" content=\"2025-11-13T13:26:50+00:00\" \/>\n<meta property=\"article:modified_time\" content=\"2025-11-13T13:26:52+00:00\" \/>\n<meta property=\"og:image\" content=\"https:\/\/sudoesteacontece.com.br\/wp-content\/uploads\/2025\/11\/Homem-e-esfaqueado-durante-discussao-em-bar-de-Vitoria-da-Conquista-sudoeste-acontece.jpg\" \/>\n\t<meta property=\"og:image:width\" content=\"776\" \/>\n\t<meta property=\"og:image:height\" content=\"583\" \/>\n\t<meta property=\"og:image:type\" content=\"image\/jpeg\" \/>\n<meta name=\"author\" content=\"Washington Tiago\" \/>\n<meta name=\"twitter:card\" content=\"summary_large_image\" \/>\n<meta name=\"twitter:label1\" content=\"Escrito por\" \/>\n\t<meta name=\"twitter:data1\" content=\"Washington Tiago\" \/>\n\t<meta name=\"twitter:label2\" content=\"Est. tempo de leitura\" \/>\n\t<meta name=\"twitter:data2\" content=\"1 minuto\" \/>\n<script type=\"application\/ld+json\" class=\"yoast-schema-graph\">{\"@context\":\"https:\/\/schema.org\",\"@graph\":[{\"@type\":\"Article\",\"@id\":\"https:\/\/sudoesteacontece.com.br\/?p=2473#article\",\"isPartOf\":{\"@id\":\"https:\/\/sudoesteacontece.com.br\/?p=2473\"},\"author\":{\"name\":\"Washington Tiago\",\"@id\":\"https:\/\/sudoesteacontece.com.br\/#\/schema\/person\/3cf2cf009926a9683ebc29d5379fa79c\"},\"headline\":\"Homem \u00e9 esfaqueado durante discuss\u00e3o em bar de Vit\u00f3ria da Conquista\",\"datePublished\":\"2025-11-13T13:26:50+00:00\",\"dateModified\":\"2025-11-13T13:26:52+00:00\",\"mainEntityOfPage\":{\"@id\":\"https:\/\/sudoesteacontece.com.br\/?p=2473\"},\"wordCount\":271,\"commentCount\":0,\"publisher\":{\"@id\":\"https:\/\/sudoesteacontece.com.br\/#organization\"},\"image\":{\"@id\":\"https:\/\/sudoesteacontece.com.br\/?p=2473#primaryimage\"},\"thumbnailUrl\":\"https:\/\/sudoesteacontece.com.br\/wp-content\/uploads\/2025\/11\/Homem-e-esfaqueado-durante-discussao-em-bar-de-Vitoria-da-Conquista-sudoeste-acontece.jpg\",\"articleSection\":[\"Cidades\",\"Pol\u00edcia\"],\"inLanguage\":\"pt-BR\",\"potentialAction\":[{\"@type\":\"CommentAction\",\"name\":\"Comment\",\"target\":[\"https:\/\/sudoesteacontece.com.br\/?p=2473#respond\"]}]},{\"@type\":\"WebPage\",\"@id\":\"https:\/\/sudoesteacontece.com.br\/?p=2473\",\"url\":\"https:\/\/sudoesteacontece.com.br\/?p=2473\",\"name\":\"Homem \u00e9 esfaqueado durante discuss\u00e3o em bar de Vit\u00f3ria da Conquista - Sudoesteacontece\",\"isPartOf\":{\"@id\":\"https:\/\/sudoesteacontece.com.br\/#website\"},\"primaryImageOfPage\":{\"@id\":\"https:\/\/sudoesteacontece.com.br\/?p=2473#primaryimage\"},\"image\":{\"@id\":\"https:\/\/sudoesteacontece.com.br\/?p=2473#primaryimage\"},\"thumbnailUrl\":\"https:\/\/sudoesteacontece.com.br\/wp-content\/uploads\/2025\/11\/Homem-e-esfaqueado-durante-discussao-em-bar-de-Vitoria-da-Conquista-sudoeste-acontece.jpg\",\"datePublished\":\"2025-11-13T13:26:50+00:00\",\"dateModified\":\"2025-11-13T13:26:52+00:00\",\"breadcrumb\":{\"@id\":\"https:\/\/sudoesteacontece.com.br\/?p=2473#breadcrumb\"},\"inLanguage\":\"pt-BR\",\"potentialAction\":[{\"@type\":\"ReadAction\",\"target\":[\"https:\/\/sudoesteacontece.com.br\/?p=2473\"]}]},{\"@type\":\"ImageObject\",\"inLanguage\":\"pt-BR\",\"@id\":\"https:\/\/sudoesteacontece.com.br\/?p=2473#primaryimage\",\"url\":\"https:\/\/sudoesteacontece.com.br\/wp-content\/uploads\/2025\/11\/Homem-e-esfaqueado-durante-discussao-em-bar-de-Vitoria-da-Conquista-sudoeste-acontece.jpg\",\"contentUrl\":\"https:\/\/sudoesteacontece.com.br\/wp-content\/uploads\/2025\/11\/Homem-e-esfaqueado-durante-discussao-em-bar-de-Vitoria-da-Conquista-sudoeste-acontece.jpg\",\"width\":776,\"height\":583},{\"@type\":\"BreadcrumbList\",\"@id\":\"https:\/\/sudoesteacontece.com.br\/?p=2473#breadcrumb\",\"itemListElement\":[{\"@type\":\"ListItem\",\"position\":1,\"name\":\"In\u00edcio\",\"item\":\"https:\/\/sudoesteacontece.com.br\/\"},{\"@type\":\"ListItem\",\"position\":2,\"name\":\"Homem \u00e9 esfaqueado durante discuss\u00e3o em bar de Vit\u00f3ria da Conquista\"}]},{\"@type\":\"WebSite\",\"@id\":\"https:\/\/sudoesteacontece.com.br\/#website\",\"url\":\"https:\/\/sudoesteacontece.com.br\/\",\"name\":\"Sudoesteacontece\",\"description\":\"\",\"publisher\":{\"@id\":\"https:\/\/sudoesteacontece.com.br\/#organization\"},\"potentialAction\":[{\"@type\":\"SearchAction\",\"target\":{\"@type\":\"EntryPoint\",\"urlTemplate\":\"https:\/\/sudoesteacontece.com.br\/?s={search_term_string}\"},\"query-input\":{\"@type\":\"PropertyValueSpecification\",\"valueRequired\":true,\"valueName\":\"search_term_string\"}}],\"inLanguage\":\"pt-BR\"},{\"@type\":\"Organization\",\"@id\":\"https:\/\/sudoesteacontece.com.br\/#organization\",\"name\":\"Sudoesteacontece\",\"url\":\"https:\/\/sudoesteacontece.com.br\/\",\"logo\":{\"@type\":\"ImageObject\",\"inLanguage\":\"pt-BR\",\"@id\":\"https:\/\/sudoesteacontece.com.br\/#\/schema\/logo\/image\/\",\"url\":\"https:\/\/sudoesteacontece.com.br\/wp-content\/uploads\/2025\/12\/cropped-logo-2-180x180-1.png\",\"contentUrl\":\"https:\/\/sudoesteacontece.com.br\/wp-content\/uploads\/2025\/12\/cropped-logo-2-180x180-1.png\",\"width\":180,\"height\":180,\"caption\":\"Sudoesteacontece\"},\"image\":{\"@id\":\"https:\/\/sudoesteacontece.com.br\/#\/schema\/logo\/image\/\"},\"sameAs\":[\"https:\/\/www.facebook.com\/sudoesteacontece\/?locale=pt_BR\"]},{\"@type\":\"Person\",\"@id\":\"https:\/\/sudoesteacontece.com.br\/#\/schema\/person\/3cf2cf009926a9683ebc29d5379fa79c\",\"name\":\"Washington Tiago\",\"image\":{\"@type\":\"ImageObject\",\"inLanguage\":\"pt-BR\",\"@id\":\"https:\/\/sudoesteacontece.com.br\/#\/schema\/person\/image\/\",\"url\":\"https:\/\/secure.gravatar.com\/avatar\/33c43b8668157e040f9d1fe93c354bf087cbd8ba36270c1163198bd3ddcf2a56?s=96&d=mm&r=g\",\"contentUrl\":\"https:\/\/secure.gravatar.com\/avatar\/33c43b8668157e040f9d1fe93c354bf087cbd8ba36270c1163198bd3ddcf2a56?s=96&d=mm&r=g\",\"caption\":\"Washington Tiago\"},\"url\":\"https:\/\/sudoesteacontece.com.br\/?author=2\"}]}<\/script>\n<!-- \/ Yoast SEO plugin. -->","yoast_head_json":{"title":"Homem \u00e9 esfaqueado durante discuss\u00e3o em bar de Vit\u00f3ria da Conquista - Sudoesteacontece","robots":{"index":"index","follow":"follow","max-snippet":"max-snippet:-1","max-image-preview":"max-image-preview:large","max-video-preview":"max-video-preview:-1"},"canonical":"https:\/\/sudoesteacontece.com.br\/?p=2473","og_locale":"pt_BR","og_type":"article","og_title":"Homem \u00e9 esfaqueado durante discuss\u00e3o em bar de Vit\u00f3ria da Conquista - Sudoesteacontece","og_description":"A madrugada desta quinta-feira (13) foi marcada por viol\u00eancia em Vit\u00f3ria da Conquista. Um homem foi esfaqueado ap\u00f3s uma briga em um bar localizado no Bairro Jurema. Testemunhas contaram que o ataque aconteceu durante uma discuss\u00e3o acalorada. Suspeito sacou uma faca e atingiu a v\u00edtima, fugindo logo depois do crime. Populares entraram em p\u00e2nico e chamaram o Servi\u00e7o de Atendimento M\u00f3vel de Urg\u00eancia (SAMU). A equipe prestou os primeiros socorros ainda no local e levou o homem em estado grave para o Hospital Geral de Vit\u00f3ria da Conquista (HGVC). Profissionais do hospital informaram que a v\u00edtima permanece internada, mas o estado de sa\u00fade n\u00e3o foi divulgado at\u00e9 o momento. Equipes da Pol\u00edcia Militar chegaram ao local pouco depois da agress\u00e3o. Os agentes isolaram a \u00e1rea e recolheram informa\u00e7\u00f5es que possam ajudar a identificar o autor. Investigadores da Delegacia de Homic\u00eddios e Prote\u00e7\u00e3o \u00e0 Pessoa (DHPP) assumiram o caso. A pol\u00edcia tenta esclarecer o motivo da discuss\u00e3o e rastrear o suspeito, que segue foragido. Moradores da regi\u00e3o afirmam que o bar \u00e9 conhecido por registrar confus\u00f5es e brigas. \u201cJ\u00e1 teve outras discuss\u00f5es por aqui, mas dessa vez foi pior. Foi um susto enorme\u201d, disse um frequentador que presenciou a cena. Autoridades refor\u00e7aram o alerta sobre o aumento de casos de viol\u00eancia em bares e \u00e1reas de lazer durante a madrugada. A PM promete intensificar as rondas no Bairro Jurema e em outros pontos considerados cr\u00edticos da cidade.","og_url":"https:\/\/sudoesteacontece.com.br\/?p=2473","og_site_name":"Sudoesteacontece","article_publisher":"https:\/\/www.facebook.com\/sudoesteacontece\/?locale=pt_BR","article_published_time":"2025-11-13T13:26:50+00:00","article_modified_time":"2025-11-13T13:26:52+00:00","og_image":[{"width":776,"height":583,"url":"https:\/\/sudoesteacontece.com.br\/wp-content\/uploads\/2025\/11\/Homem-e-esfaqueado-durante-discussao-em-bar-de-Vitoria-da-Conquista-sudoeste-acontece.jpg","type":"image\/jpeg"}],"author":"Washington Tiago","twitter_card":"summary_large_image","twitter_misc":{"Escrito por":"Washington Tiago","Est. tempo de leitura":"1 minuto"},"schema":{"@context":"https:\/\/schema.org","@graph":[{"@type":"Article","@id":"https:\/\/sudoesteacontece.com.br\/?p=2473#article","isPartOf":{"@id":"https:\/\/sudoesteacontece.com.br\/?p=2473"},"author":{"name":"Washington Tiago","@id":"https:\/\/sudoesteacontece.com.br\/#\/schema\/person\/3cf2cf009926a9683ebc29d5379fa79c"},"headline":"Homem \u00e9 esfaqueado durante discuss\u00e3o em bar de Vit\u00f3ria da Conquista","datePublished":"2025-11-13T13:26:50+00:00","dateModified":"2025-11-13T13:26:52+00:00","mainEntityOfPage":{"@id":"https:\/\/sudoesteacontece.com.br\/?p=2473"},"wordCount":271,"commentCount":0,"publisher":{"@id":"https:\/\/sudoesteacontece.com.br\/#organization"},"image":{"@id":"https:\/\/sudoesteacontece.com.br\/?p=2473#primaryimage"},"thumbnailUrl":"https:\/\/sudoesteacontece.com.br\/wp-content\/uploads\/2025\/11\/Homem-e-esfaqueado-durante-discussao-em-bar-de-Vitoria-da-Conquista-sudoeste-acontece.jpg","articleSection":["Cidades","Pol\u00edcia"],"inLanguage":"pt-BR","potentialAction":[{"@type":"CommentAction","name":"Comment","target":["https:\/\/sudoesteacontece.com.br\/?p=2473#respond"]}]},{"@type":"WebPage","@id":"https:\/\/sudoesteacontece.com.br\/?p=2473","url":"https:\/\/sudoesteacontece.com.br\/?p=2473","name":"Homem \u00e9 esfaqueado durante discuss\u00e3o em bar de Vit\u00f3ria da Conquista - Sudoesteacontece","isPartOf":{"@id":"https:\/\/sudoesteacontece.com.br\/#website"},"primaryImageOfPage":{"@id":"https:\/\/sudoesteacontece.com.br\/?p=2473#primaryimage"},"image":{"@id":"https:\/\/sudoesteacontece.com.br\/?p=2473#primaryimage"},"thumbnailUrl":"https:\/\/sudoesteacontece.com.br\/wp-content\/uploads\/2025\/11\/Homem-e-esfaqueado-durante-discussao-em-bar-de-Vitoria-da-Conquista-sudoeste-acontece.jpg","datePublished":"2025-11-13T13:26:50+00:00","dateModified":"2025-11-13T13:26:52+00:00","breadcrumb":{"@id":"https:\/\/sudoesteacontece.com.br\/?p=2473#breadcrumb"},"inLanguage":"pt-BR","potentialAction":[{"@type":"ReadAction","target":["https:\/\/sudoesteacontece.com.br\/?p=2473"]}]},{"@type":"ImageObject","inLanguage":"pt-BR","@id":"https:\/\/sudoesteacontece.com.br\/?p=2473#primaryimage","url":"https:\/\/sudoesteacontece.com.br\/wp-content\/uploads\/2025\/11\/Homem-e-esfaqueado-durante-discussao-em-bar-de-Vitoria-da-Conquista-sudoeste-acontece.jpg","contentUrl":"https:\/\/sudoesteacontece.com.br\/wp-content\/uploads\/2025\/11\/Homem-e-esfaqueado-durante-discussao-em-bar-de-Vitoria-da-Conquista-sudoeste-acontece.jpg","width":776,"height":583},{"@type":"BreadcrumbList","@id":"https:\/\/sudoesteacontece.com.br\/?p=2473#breadcrumb","itemListElement":[{"@type":"ListItem","position":1,"name":"In\u00edcio","item":"https:\/\/sudoesteacontece.com.br\/"},{"@type":"ListItem","position":2,"name":"Homem \u00e9 esfaqueado durante discuss\u00e3o em bar de Vit\u00f3ria da Conquista"}]},{"@type":"WebSite","@id":"https:\/\/sudoesteacontece.com.br\/#website","url":"https:\/\/sudoesteacontece.com.br\/","name":"Sudoesteacontece","description":"","publisher":{"@id":"https:\/\/sudoesteacontece.com.br\/#organization"},"potentialAction":[{"@type":"SearchAction","target":{"@type":"EntryPoint","urlTemplate":"https:\/\/sudoesteacontece.com.br\/?s={search_term_string}"},"query-input":{"@type":"PropertyValueSpecification","valueRequired":true,"valueName":"search_term_string"}}],"inLanguage":"pt-BR"},{"@type":"Organization","@id":"https:\/\/sudoesteacontece.com.br\/#organization","name":"Sudoesteacontece","url":"https:\/\/sudoesteacontece.com.br\/","logo":{"@type":"ImageObject","inLanguage":"pt-BR","@id":"https:\/\/sudoesteacontece.com.br\/#\/schema\/logo\/image\/","url":"https:\/\/sudoesteacontece.com.br\/wp-content\/uploads\/2025\/12\/cropped-logo-2-180x180-1.png","contentUrl":"https:\/\/sudoesteacontece.com.br\/wp-content\/uploads\/2025\/12\/cropped-logo-2-180x180-1.png","width":180,"height":180,"caption":"Sudoesteacontece"},"image":{"@id":"https:\/\/sudoesteacontece.com.br\/#\/schema\/logo\/image\/"},"sameAs":["https:\/\/www.facebook.com\/sudoesteacontece\/?locale=pt_BR"]},{"@type":"Person","@id":"https:\/\/sudoesteacontece.com.br\/#\/schema\/person\/3cf2cf009926a9683ebc29d5379fa79c","name":"Washington Tiago","image":{"@type":"ImageObject","inLanguage":"pt-BR","@id":"https:\/\/sudoesteacontece.com.br\/#\/schema\/person\/image\/","url":"https:\/\/secure.gravatar.com\/avatar\/33c43b8668157e040f9d1fe93c354bf087cbd8ba36270c1163198bd3ddcf2a56?s=96&d=mm&r=g","contentUrl":"https:\/\/secure.gravatar.com\/avatar\/33c43b8668157e040f9d1fe93c354bf087cbd8ba36270c1163198bd3ddcf2a56?s=96&d=mm&r=g","caption":"Washington Tiago"},"url":"https:\/\/sudoesteacontece.com.br\/?author=2"}]}},"_links":{"self":[{"href":"https:\/\/sudoesteacontece.com.br\/index.php?rest_route=\/wp\/v2\/posts\/2473","targetHints":{"allow":["GET"]}}],"collection":[{"href":"https:\/\/sudoesteacontece.com.br\/index.php?rest_route=\/wp\/v2\/posts"}],"about":[{"href":"https:\/\/sudoesteacontece.com.br\/index.php?rest_route=\/wp\/v2\/types\/post"}],"author":[{"embeddable":true,"href":"https:\/\/sudoesteacontece.com.br\/index.php?rest_route=\/wp\/v2\/users\/2"}],"replies":[{"embeddable":true,"href":"https:\/\/sudoesteacontece.com.br\/index.php?rest_route=%2Fwp%2Fv2%2Fcomments&post=2473"}],"version-history":[{"count":0,"href":"https:\/\/sudoesteacontece.com.br\/index.php?rest_route=\/wp\/v2\/posts\/2473\/revisions"}],"wp:featuredmedia":[{"embeddable":true,"href":"https:\/\/sudoesteacontece.com.br\/index.php?rest_route=\/wp\/v2\/media\/2500"}],"wp:attachment":[{"href":"https:\/\/sudoesteacontece.com.br\/index.php?rest_route=%2Fwp%2Fv2%2Fmedia&parent=2473"}],"wp:term":[{"taxonomy":"category","embeddable":true,"href":"https:\/\/sudoesteacontece.com.br\/index.php?rest_route=%2Fwp%2Fv2%2Fcategories&post=2473"},{"taxonomy":"post_tag","embeddable":true,"href":"https:\/\/sudoesteacontece.com.br\/index.php?rest_route=%2Fwp%2Fv2%2Ftags&post=2473"}],"curies":[{"name":"wp","href":"https:\/\/api.w.org\/{rel}","templated":true}]}}