{"id":2474,"date":"2025-11-13T10:35:10","date_gmt":"2025-11-13T13:35:10","guid":{"rendered":"https:\/\/sudoesteacontece.com.br\/?p=2474"},"modified":"2025-11-13T10:35:11","modified_gmt":"2025-11-13T13:35:11","slug":"crueldade-em-itapetinga-jovem-e-morta-a-golpes-e-dois-suspeitos-sao-presos-em-flagrante","status":"publish","type":"post","link":"https:\/\/sudoesteacontece.com.br\/?p=2474","title":{"rendered":"Crueldade em Itapetinga: jovem \u00e9 morta a golpes e dois suspeitos s\u00e3o presos em flagrante"},"content":{"rendered":"\n<figure class=\"wp-block-image size-large\"><img fetchpriority=\"high\" decoding=\"async\" width=\"1024\" height=\"683\" src=\"http:\/\/sudoesteacontece.com.br\/wp-content\/uploads\/2025\/11\/Crueldade-em-Itapetinga-jovem-e-morta-a-golpes-e-dois-suspeitos-sao-presos-em-flagrante-sudoeste-acontece-1024x683.jpg\" alt=\"\" class=\"wp-image-2502\" srcset=\"https:\/\/sudoesteacontece.com.br\/wp-content\/uploads\/2025\/11\/Crueldade-em-Itapetinga-jovem-e-morta-a-golpes-e-dois-suspeitos-sao-presos-em-flagrante-sudoeste-acontece-1024x683.jpg 1024w, https:\/\/sudoesteacontece.com.br\/wp-content\/uploads\/2025\/11\/Crueldade-em-Itapetinga-jovem-e-morta-a-golpes-e-dois-suspeitos-sao-presos-em-flagrante-sudoeste-acontece-300x200.jpg 300w, https:\/\/sudoesteacontece.com.br\/wp-content\/uploads\/2025\/11\/Crueldade-em-Itapetinga-jovem-e-morta-a-golpes-e-dois-suspeitos-sao-presos-em-flagrante-sudoeste-acontece-768x512.jpg 768w, https:\/\/sudoesteacontece.com.br\/wp-content\/uploads\/2025\/11\/Crueldade-em-Itapetinga-jovem-e-morta-a-golpes-e-dois-suspeitos-sao-presos-em-flagrante-sudoeste-acontece.jpg 1200w\" sizes=\"(max-width: 1024px) 100vw, 1024px\" \/><\/figure>\n\n\n\n<p>Viol\u00eancia voltou a chocar os moradores de Itapetinga, no Centro-Sul baiano. Uma jovem de 28 anos foi assassinada com extrema brutalidade na noite de ter\u00e7a-feira (11), na Vila Riach\u00e3o, a cerca de 100 km de Vit\u00f3ria da Conquista.<\/p>\n\n\n\n<p>Den\u00fancia an\u00f4nima alertou a Pol\u00edcia Militar sobre uma agress\u00e3o em andamento. Testemunhas relataram gritos de socorro e dois homens arrastando uma mulher por um terreno baldio. Minutos depois, os policiais encontraram o corpo de Jos\u00e9lia Viana Souza.<\/p>\n\n\n\n<p>Pris\u00f5es ocorreram no pr\u00f3prio local do crime. Os suspeitos, identificados como Alas Machado de Souza, de 20 anos, e Marcos Gabriel de Souza Santos, de 18, foram detidos em flagrante ao lado da v\u00edtima. Ambos tentaram fugir, mas foram contidos por equipes da Pol\u00edcia Militar.<\/p>\n\n\n\n<p>Servi\u00e7o de Atendimento M\u00f3vel de Urg\u00eancia (SAMU) confirmaram a morte ainda na cena. Ao lado dos suspeitos, os policiais apreenderam dinheiro, um smartphone e um rel\u00f3gio, que ser\u00e3o periciados. O corpo de Jos\u00e9lia foi encaminhado ao Instituto M\u00e9dico Legal (IML) de Itapetinga.<\/p>\n\n\n\n<p>Investiga\u00e7\u00f5es apontam que o crime teve requintes de crueldade. Moradores da regi\u00e3o afirmaram ter ouvido barulhos de luta e pedidos de ajuda momentos antes da chegada da pol\u00edcia. Caso est\u00e1 sendo apurado pela Delegacia de Pol\u00edcia Civil de Itapetinga.<\/p>\n\n\n\n<p>Motiva\u00e7\u00e3o do crime ainda \u00e9 investigada, mas a principal linha de apura\u00e7\u00e3o da Pol\u00edcia Civil \u00e9 de que a v\u00edtima teria sido atacada ap\u00f3s uma discuss\u00e3o. Outras hip\u00f3teses n\u00e3o foram descartadas.<\/p>\n\n\n\n<p>Popula\u00e7\u00e3o reagiu com indigna\u00e7\u00e3o e tristeza. Nas redes sociais, amigos e familiares de Jos\u00e9lia prestaram homenagens e pediram justi\u00e7a. Mensagens emocionadas lembram o sorriso e a generosidade da jovem, que era conhecida por ajudar vizinhos e participar de a\u00e7\u00f5es comunit\u00e1rias.<\/p>\n\n\n\n<p>Autoridades locais refor\u00e7aram o pedido de colabora\u00e7\u00e3o da comunidade. Qualquer informa\u00e7\u00e3o sobre o caso pode ser repassada, de forma an\u00f4nima, \u00e0 Pol\u00edcia Civil. Os dois suspeitos permanecem presos e \u00e0 disposi\u00e7\u00e3o da Justi\u00e7a.<\/p>\n","protected":false},"excerpt":{"rendered":"<p>Viol\u00eancia voltou a chocar os moradores de Itapetinga, no Centro-Sul baiano. Uma jovem de 28 anos foi assassinada com extrema brutalidade na noite de ter\u00e7a-feira (11), na Vila Riach\u00e3o, a cerca de 100 km de Vit\u00f3ria da Conquista. Den\u00fancia an\u00f4nima alertou a Pol\u00edcia Militar sobre uma agress\u00e3o em andamento. Testemunhas relataram gritos de socorro e dois homens arrastando uma mulher por um terreno baldio. Minutos depois, os policiais encontraram o corpo de Jos\u00e9lia Viana Souza. Pris\u00f5es ocorreram no pr\u00f3prio local do crime. Os suspeitos, identificados como Alas Machado de Souza, de 20 anos, e Marcos Gabriel de Souza Santos, de 18, foram detidos em flagrante ao lado da v\u00edtima. Ambos tentaram fugir, mas foram contidos por equipes da Pol\u00edcia Militar. Servi\u00e7o de Atendimento M\u00f3vel de Urg\u00eancia (SAMU) confirmaram a morte ainda na cena. Ao lado dos suspeitos, os policiais apreenderam dinheiro, um smartphone e um rel\u00f3gio, que ser\u00e3o periciados. O corpo de Jos\u00e9lia foi encaminhado ao Instituto M\u00e9dico Legal (IML) de Itapetinga. Investiga\u00e7\u00f5es apontam que o crime teve requintes de crueldade. Moradores da regi\u00e3o afirmaram ter ouvido barulhos de luta e pedidos de ajuda momentos antes da chegada da pol\u00edcia. Caso est\u00e1 sendo apurado pela Delegacia de Pol\u00edcia Civil de Itapetinga. Motiva\u00e7\u00e3o do crime ainda \u00e9 investigada, mas a principal linha de apura\u00e7\u00e3o da Pol\u00edcia Civil \u00e9 de que a v\u00edtima teria sido atacada ap\u00f3s uma discuss\u00e3o. Outras hip\u00f3teses n\u00e3o foram descartadas. Popula\u00e7\u00e3o reagiu com indigna\u00e7\u00e3o e tristeza. Nas redes sociais, amigos e familiares de Jos\u00e9lia prestaram homenagens e pediram justi\u00e7a. Mensagens emocionadas lembram o sorriso e a generosidade da jovem, que era conhecida por ajudar vizinhos e participar de a\u00e7\u00f5es comunit\u00e1rias. Autoridades locais refor\u00e7aram o pedido de colabora\u00e7\u00e3o da comunidade. Qualquer informa\u00e7\u00e3o sobre o caso pode ser repassada, de forma an\u00f4nima, \u00e0 Pol\u00edcia Civil. Os dois suspeitos permanecem presos e \u00e0 disposi\u00e7\u00e3o da Justi\u00e7a.<\/p>\n","protected":false},"author":2,"featured_media":2502,"comment_status":"open","ping_status":"open","sticky":false,"template":"","format":"standard","meta":{"footnotes":""},"categories":[4,51,3],"tags":[],"class_list":["post-2474","post","type-post","status-publish","format-standard","has-post-thumbnail","hentry","category-cidades","category-itapetinga","category-policia"],"yoast_head":"<!-- This site is optimized with the Yoast SEO plugin v26.5 - https:\/\/yoast.com\/wordpress\/plugins\/seo\/ -->\n<title>Crueldade em Itapetinga: jovem \u00e9 morta a golpes e dois suspeitos s\u00e3o presos em flagrante - Sudoesteacontece<\/title>\n<meta name=\"robots\" content=\"index, follow, max-snippet:-1, max-image-preview:large, max-video-preview:-1\" \/>\n<link rel=\"canonical\" href=\"https:\/\/sudoesteacontece.com.br\/?p=2474\" \/>\n<meta property=\"og:locale\" content=\"pt_BR\" \/>\n<meta property=\"og:type\" content=\"article\" \/>\n<meta property=\"og:title\" content=\"Crueldade em Itapetinga: jovem \u00e9 morta a golpes e dois suspeitos s\u00e3o presos em flagrante - Sudoesteacontece\" \/>\n<meta property=\"og:description\" content=\"Viol\u00eancia voltou a chocar os moradores de Itapetinga, no Centro-Sul baiano. Uma jovem de 28 anos foi assassinada com extrema brutalidade na noite de ter\u00e7a-feira (11), na Vila Riach\u00e3o, a cerca de 100 km de Vit\u00f3ria da Conquista. Den\u00fancia an\u00f4nima alertou a Pol\u00edcia Militar sobre uma agress\u00e3o em andamento. Testemunhas relataram gritos de socorro e dois homens arrastando uma mulher por um terreno baldio. Minutos depois, os policiais encontraram o corpo de Jos\u00e9lia Viana Souza. Pris\u00f5es ocorreram no pr\u00f3prio local do crime. Os suspeitos, identificados como Alas Machado de Souza, de 20 anos, e Marcos Gabriel de Souza Santos, de 18, foram detidos em flagrante ao lado da v\u00edtima. Ambos tentaram fugir, mas foram contidos por equipes da Pol\u00edcia Militar. Servi\u00e7o de Atendimento M\u00f3vel de Urg\u00eancia (SAMU) confirmaram a morte ainda na cena. Ao lado dos suspeitos, os policiais apreenderam dinheiro, um smartphone e um rel\u00f3gio, que ser\u00e3o periciados. O corpo de Jos\u00e9lia foi encaminhado ao Instituto M\u00e9dico Legal (IML) de Itapetinga. Investiga\u00e7\u00f5es apontam que o crime teve requintes de crueldade. Moradores da regi\u00e3o afirmaram ter ouvido barulhos de luta e pedidos de ajuda momentos antes da chegada da pol\u00edcia. Caso est\u00e1 sendo apurado pela Delegacia de Pol\u00edcia Civil de Itapetinga. Motiva\u00e7\u00e3o do crime ainda \u00e9 investigada, mas a principal linha de apura\u00e7\u00e3o da Pol\u00edcia Civil \u00e9 de que a v\u00edtima teria sido atacada ap\u00f3s uma discuss\u00e3o. Outras hip\u00f3teses n\u00e3o foram descartadas. Popula\u00e7\u00e3o reagiu com indigna\u00e7\u00e3o e tristeza. Nas redes sociais, amigos e familiares de Jos\u00e9lia prestaram homenagens e pediram justi\u00e7a. Mensagens emocionadas lembram o sorriso e a generosidade da jovem, que era conhecida por ajudar vizinhos e participar de a\u00e7\u00f5es comunit\u00e1rias. Autoridades locais refor\u00e7aram o pedido de colabora\u00e7\u00e3o da comunidade. Qualquer informa\u00e7\u00e3o sobre o caso pode ser repassada, de forma an\u00f4nima, \u00e0 Pol\u00edcia Civil. Os dois suspeitos permanecem presos e \u00e0 disposi\u00e7\u00e3o da Justi\u00e7a.\" \/>\n<meta property=\"og:url\" content=\"https:\/\/sudoesteacontece.com.br\/?p=2474\" \/>\n<meta property=\"og:site_name\" content=\"Sudoesteacontece\" \/>\n<meta property=\"article:publisher\" content=\"https:\/\/www.facebook.com\/sudoesteacontece\/?locale=pt_BR\" \/>\n<meta property=\"article:published_time\" content=\"2025-11-13T13:35:10+00:00\" \/>\n<meta property=\"article:modified_time\" content=\"2025-11-13T13:35:11+00:00\" \/>\n<meta property=\"og:image\" content=\"https:\/\/sudoesteacontece.com.br\/wp-content\/uploads\/2025\/11\/Crueldade-em-Itapetinga-jovem-e-morta-a-golpes-e-dois-suspeitos-sao-presos-em-flagrante-sudoeste-acontece.jpg\" \/>\n\t<meta property=\"og:image:width\" content=\"1200\" \/>\n\t<meta property=\"og:image:height\" content=\"800\" \/>\n\t<meta property=\"og:image:type\" content=\"image\/jpeg\" \/>\n<meta name=\"author\" content=\"Washington Tiago\" \/>\n<meta name=\"twitter:card\" content=\"summary_large_image\" \/>\n<meta name=\"twitter:label1\" content=\"Escrito por\" \/>\n\t<meta name=\"twitter:data1\" content=\"Washington Tiago\" \/>\n\t<meta name=\"twitter:label2\" content=\"Est. tempo de leitura\" \/>\n\t<meta name=\"twitter:data2\" content=\"2 minutos\" \/>\n<script type=\"application\/ld+json\" class=\"yoast-schema-graph\">{\"@context\":\"https:\/\/schema.org\",\"@graph\":[{\"@type\":\"Article\",\"@id\":\"https:\/\/sudoesteacontece.com.br\/?p=2474#article\",\"isPartOf\":{\"@id\":\"https:\/\/sudoesteacontece.com.br\/?p=2474\"},\"author\":{\"name\":\"Washington Tiago\",\"@id\":\"https:\/\/sudoesteacontece.com.br\/#\/schema\/person\/3cf2cf009926a9683ebc29d5379fa79c\"},\"headline\":\"Crueldade em Itapetinga: jovem \u00e9 morta a golpes e dois suspeitos s\u00e3o presos em flagrante\",\"datePublished\":\"2025-11-13T13:35:10+00:00\",\"dateModified\":\"2025-11-13T13:35:11+00:00\",\"mainEntityOfPage\":{\"@id\":\"https:\/\/sudoesteacontece.com.br\/?p=2474\"},\"wordCount\":356,\"commentCount\":0,\"publisher\":{\"@id\":\"https:\/\/sudoesteacontece.com.br\/#organization\"},\"image\":{\"@id\":\"https:\/\/sudoesteacontece.com.br\/?p=2474#primaryimage\"},\"thumbnailUrl\":\"https:\/\/sudoesteacontece.com.br\/wp-content\/uploads\/2025\/11\/Crueldade-em-Itapetinga-jovem-e-morta-a-golpes-e-dois-suspeitos-sao-presos-em-flagrante-sudoeste-acontece.jpg\",\"articleSection\":[\"Cidades\",\"Itapetinga\",\"Pol\u00edcia\"],\"inLanguage\":\"pt-BR\",\"potentialAction\":[{\"@type\":\"CommentAction\",\"name\":\"Comment\",\"target\":[\"https:\/\/sudoesteacontece.com.br\/?p=2474#respond\"]}]},{\"@type\":\"WebPage\",\"@id\":\"https:\/\/sudoesteacontece.com.br\/?p=2474\",\"url\":\"https:\/\/sudoesteacontece.com.br\/?p=2474\",\"name\":\"Crueldade em Itapetinga: jovem \u00e9 morta a golpes e dois suspeitos s\u00e3o presos em flagrante - Sudoesteacontece\",\"isPartOf\":{\"@id\":\"https:\/\/sudoesteacontece.com.br\/#website\"},\"primaryImageOfPage\":{\"@id\":\"https:\/\/sudoesteacontece.com.br\/?p=2474#primaryimage\"},\"image\":{\"@id\":\"https:\/\/sudoesteacontece.com.br\/?p=2474#primaryimage\"},\"thumbnailUrl\":\"https:\/\/sudoesteacontece.com.br\/wp-content\/uploads\/2025\/11\/Crueldade-em-Itapetinga-jovem-e-morta-a-golpes-e-dois-suspeitos-sao-presos-em-flagrante-sudoeste-acontece.jpg\",\"datePublished\":\"2025-11-13T13:35:10+00:00\",\"dateModified\":\"2025-11-13T13:35:11+00:00\",\"breadcrumb\":{\"@id\":\"https:\/\/sudoesteacontece.com.br\/?p=2474#breadcrumb\"},\"inLanguage\":\"pt-BR\",\"potentialAction\":[{\"@type\":\"ReadAction\",\"target\":[\"https:\/\/sudoesteacontece.com.br\/?p=2474\"]}]},{\"@type\":\"ImageObject\",\"inLanguage\":\"pt-BR\",\"@id\":\"https:\/\/sudoesteacontece.com.br\/?p=2474#primaryimage\",\"url\":\"https:\/\/sudoesteacontece.com.br\/wp-content\/uploads\/2025\/11\/Crueldade-em-Itapetinga-jovem-e-morta-a-golpes-e-dois-suspeitos-sao-presos-em-flagrante-sudoeste-acontece.jpg\",\"contentUrl\":\"https:\/\/sudoesteacontece.com.br\/wp-content\/uploads\/2025\/11\/Crueldade-em-Itapetinga-jovem-e-morta-a-golpes-e-dois-suspeitos-sao-presos-em-flagrante-sudoeste-acontece.jpg\",\"width\":1200,\"height\":800},{\"@type\":\"BreadcrumbList\",\"@id\":\"https:\/\/sudoesteacontece.com.br\/?p=2474#breadcrumb\",\"itemListElement\":[{\"@type\":\"ListItem\",\"position\":1,\"name\":\"In\u00edcio\",\"item\":\"https:\/\/sudoesteacontece.com.br\/\"},{\"@type\":\"ListItem\",\"position\":2,\"name\":\"Crueldade em Itapetinga: jovem \u00e9 morta a golpes e dois suspeitos s\u00e3o presos em flagrante\"}]},{\"@type\":\"WebSite\",\"@id\":\"https:\/\/sudoesteacontece.com.br\/#website\",\"url\":\"https:\/\/sudoesteacontece.com.br\/\",\"name\":\"Sudoesteacontece\",\"description\":\"\",\"publisher\":{\"@id\":\"https:\/\/sudoesteacontece.com.br\/#organization\"},\"potentialAction\":[{\"@type\":\"SearchAction\",\"target\":{\"@type\":\"EntryPoint\",\"urlTemplate\":\"https:\/\/sudoesteacontece.com.br\/?s={search_term_string}\"},\"query-input\":{\"@type\":\"PropertyValueSpecification\",\"valueRequired\":true,\"valueName\":\"search_term_string\"}}],\"inLanguage\":\"pt-BR\"},{\"@type\":\"Organization\",\"@id\":\"https:\/\/sudoesteacontece.com.br\/#organization\",\"name\":\"Sudoesteacontece\",\"url\":\"https:\/\/sudoesteacontece.com.br\/\",\"logo\":{\"@type\":\"ImageObject\",\"inLanguage\":\"pt-BR\",\"@id\":\"https:\/\/sudoesteacontece.com.br\/#\/schema\/logo\/image\/\",\"url\":\"https:\/\/sudoesteacontece.com.br\/wp-content\/uploads\/2025\/12\/cropped-logo-2-180x180-1.png\",\"contentUrl\":\"https:\/\/sudoesteacontece.com.br\/wp-content\/uploads\/2025\/12\/cropped-logo-2-180x180-1.png\",\"width\":180,\"height\":180,\"caption\":\"Sudoesteacontece\"},\"image\":{\"@id\":\"https:\/\/sudoesteacontece.com.br\/#\/schema\/logo\/image\/\"},\"sameAs\":[\"https:\/\/www.facebook.com\/sudoesteacontece\/?locale=pt_BR\"]},{\"@type\":\"Person\",\"@id\":\"https:\/\/sudoesteacontece.com.br\/#\/schema\/person\/3cf2cf009926a9683ebc29d5379fa79c\",\"name\":\"Washington Tiago\",\"image\":{\"@type\":\"ImageObject\",\"inLanguage\":\"pt-BR\",\"@id\":\"https:\/\/sudoesteacontece.com.br\/#\/schema\/person\/image\/\",\"url\":\"https:\/\/secure.gravatar.com\/avatar\/33c43b8668157e040f9d1fe93c354bf087cbd8ba36270c1163198bd3ddcf2a56?s=96&d=mm&r=g\",\"contentUrl\":\"https:\/\/secure.gravatar.com\/avatar\/33c43b8668157e040f9d1fe93c354bf087cbd8ba36270c1163198bd3ddcf2a56?s=96&d=mm&r=g\",\"caption\":\"Washington Tiago\"},\"url\":\"https:\/\/sudoesteacontece.com.br\/?author=2\"}]}<\/script>\n<!-- \/ Yoast SEO plugin. -->","yoast_head_json":{"title":"Crueldade em Itapetinga: jovem \u00e9 morta a golpes e dois suspeitos s\u00e3o presos em flagrante - Sudoesteacontece","robots":{"index":"index","follow":"follow","max-snippet":"max-snippet:-1","max-image-preview":"max-image-preview:large","max-video-preview":"max-video-preview:-1"},"canonical":"https:\/\/sudoesteacontece.com.br\/?p=2474","og_locale":"pt_BR","og_type":"article","og_title":"Crueldade em Itapetinga: jovem \u00e9 morta a golpes e dois suspeitos s\u00e3o presos em flagrante - Sudoesteacontece","og_description":"Viol\u00eancia voltou a chocar os moradores de Itapetinga, no Centro-Sul baiano. Uma jovem de 28 anos foi assassinada com extrema brutalidade na noite de ter\u00e7a-feira (11), na Vila Riach\u00e3o, a cerca de 100 km de Vit\u00f3ria da Conquista. Den\u00fancia an\u00f4nima alertou a Pol\u00edcia Militar sobre uma agress\u00e3o em andamento. Testemunhas relataram gritos de socorro e dois homens arrastando uma mulher por um terreno baldio. Minutos depois, os policiais encontraram o corpo de Jos\u00e9lia Viana Souza. Pris\u00f5es ocorreram no pr\u00f3prio local do crime. Os suspeitos, identificados como Alas Machado de Souza, de 20 anos, e Marcos Gabriel de Souza Santos, de 18, foram detidos em flagrante ao lado da v\u00edtima. Ambos tentaram fugir, mas foram contidos por equipes da Pol\u00edcia Militar. Servi\u00e7o de Atendimento M\u00f3vel de Urg\u00eancia (SAMU) confirmaram a morte ainda na cena. Ao lado dos suspeitos, os policiais apreenderam dinheiro, um smartphone e um rel\u00f3gio, que ser\u00e3o periciados. O corpo de Jos\u00e9lia foi encaminhado ao Instituto M\u00e9dico Legal (IML) de Itapetinga. Investiga\u00e7\u00f5es apontam que o crime teve requintes de crueldade. Moradores da regi\u00e3o afirmaram ter ouvido barulhos de luta e pedidos de ajuda momentos antes da chegada da pol\u00edcia. Caso est\u00e1 sendo apurado pela Delegacia de Pol\u00edcia Civil de Itapetinga. Motiva\u00e7\u00e3o do crime ainda \u00e9 investigada, mas a principal linha de apura\u00e7\u00e3o da Pol\u00edcia Civil \u00e9 de que a v\u00edtima teria sido atacada ap\u00f3s uma discuss\u00e3o. Outras hip\u00f3teses n\u00e3o foram descartadas. Popula\u00e7\u00e3o reagiu com indigna\u00e7\u00e3o e tristeza. Nas redes sociais, amigos e familiares de Jos\u00e9lia prestaram homenagens e pediram justi\u00e7a. Mensagens emocionadas lembram o sorriso e a generosidade da jovem, que era conhecida por ajudar vizinhos e participar de a\u00e7\u00f5es comunit\u00e1rias. Autoridades locais refor\u00e7aram o pedido de colabora\u00e7\u00e3o da comunidade. Qualquer informa\u00e7\u00e3o sobre o caso pode ser repassada, de forma an\u00f4nima, \u00e0 Pol\u00edcia Civil. Os dois suspeitos permanecem presos e \u00e0 disposi\u00e7\u00e3o da Justi\u00e7a.","og_url":"https:\/\/sudoesteacontece.com.br\/?p=2474","og_site_name":"Sudoesteacontece","article_publisher":"https:\/\/www.facebook.com\/sudoesteacontece\/?locale=pt_BR","article_published_time":"2025-11-13T13:35:10+00:00","article_modified_time":"2025-11-13T13:35:11+00:00","og_image":[{"width":1200,"height":800,"url":"https:\/\/sudoesteacontece.com.br\/wp-content\/uploads\/2025\/11\/Crueldade-em-Itapetinga-jovem-e-morta-a-golpes-e-dois-suspeitos-sao-presos-em-flagrante-sudoeste-acontece.jpg","type":"image\/jpeg"}],"author":"Washington Tiago","twitter_card":"summary_large_image","twitter_misc":{"Escrito por":"Washington Tiago","Est. tempo de leitura":"2 minutos"},"schema":{"@context":"https:\/\/schema.org","@graph":[{"@type":"Article","@id":"https:\/\/sudoesteacontece.com.br\/?p=2474#article","isPartOf":{"@id":"https:\/\/sudoesteacontece.com.br\/?p=2474"},"author":{"name":"Washington Tiago","@id":"https:\/\/sudoesteacontece.com.br\/#\/schema\/person\/3cf2cf009926a9683ebc29d5379fa79c"},"headline":"Crueldade em Itapetinga: jovem \u00e9 morta a golpes e dois suspeitos s\u00e3o presos em flagrante","datePublished":"2025-11-13T13:35:10+00:00","dateModified":"2025-11-13T13:35:11+00:00","mainEntityOfPage":{"@id":"https:\/\/sudoesteacontece.com.br\/?p=2474"},"wordCount":356,"commentCount":0,"publisher":{"@id":"https:\/\/sudoesteacontece.com.br\/#organization"},"image":{"@id":"https:\/\/sudoesteacontece.com.br\/?p=2474#primaryimage"},"thumbnailUrl":"https:\/\/sudoesteacontece.com.br\/wp-content\/uploads\/2025\/11\/Crueldade-em-Itapetinga-jovem-e-morta-a-golpes-e-dois-suspeitos-sao-presos-em-flagrante-sudoeste-acontece.jpg","articleSection":["Cidades","Itapetinga","Pol\u00edcia"],"inLanguage":"pt-BR","potentialAction":[{"@type":"CommentAction","name":"Comment","target":["https:\/\/sudoesteacontece.com.br\/?p=2474#respond"]}]},{"@type":"WebPage","@id":"https:\/\/sudoesteacontece.com.br\/?p=2474","url":"https:\/\/sudoesteacontece.com.br\/?p=2474","name":"Crueldade em Itapetinga: jovem \u00e9 morta a golpes e dois suspeitos s\u00e3o presos em flagrante - Sudoesteacontece","isPartOf":{"@id":"https:\/\/sudoesteacontece.com.br\/#website"},"primaryImageOfPage":{"@id":"https:\/\/sudoesteacontece.com.br\/?p=2474#primaryimage"},"image":{"@id":"https:\/\/sudoesteacontece.com.br\/?p=2474#primaryimage"},"thumbnailUrl":"https:\/\/sudoesteacontece.com.br\/wp-content\/uploads\/2025\/11\/Crueldade-em-Itapetinga-jovem-e-morta-a-golpes-e-dois-suspeitos-sao-presos-em-flagrante-sudoeste-acontece.jpg","datePublished":"2025-11-13T13:35:10+00:00","dateModified":"2025-11-13T13:35:11+00:00","breadcrumb":{"@id":"https:\/\/sudoesteacontece.com.br\/?p=2474#breadcrumb"},"inLanguage":"pt-BR","potentialAction":[{"@type":"ReadAction","target":["https:\/\/sudoesteacontece.com.br\/?p=2474"]}]},{"@type":"ImageObject","inLanguage":"pt-BR","@id":"https:\/\/sudoesteacontece.com.br\/?p=2474#primaryimage","url":"https:\/\/sudoesteacontece.com.br\/wp-content\/uploads\/2025\/11\/Crueldade-em-Itapetinga-jovem-e-morta-a-golpes-e-dois-suspeitos-sao-presos-em-flagrante-sudoeste-acontece.jpg","contentUrl":"https:\/\/sudoesteacontece.com.br\/wp-content\/uploads\/2025\/11\/Crueldade-em-Itapetinga-jovem-e-morta-a-golpes-e-dois-suspeitos-sao-presos-em-flagrante-sudoeste-acontece.jpg","width":1200,"height":800},{"@type":"BreadcrumbList","@id":"https:\/\/sudoesteacontece.com.br\/?p=2474#breadcrumb","itemListElement":[{"@type":"ListItem","position":1,"name":"In\u00edcio","item":"https:\/\/sudoesteacontece.com.br\/"},{"@type":"ListItem","position":2,"name":"Crueldade em Itapetinga: jovem \u00e9 morta a golpes e dois suspeitos s\u00e3o presos em flagrante"}]},{"@type":"WebSite","@id":"https:\/\/sudoesteacontece.com.br\/#website","url":"https:\/\/sudoesteacontece.com.br\/","name":"Sudoesteacontece","description":"","publisher":{"@id":"https:\/\/sudoesteacontece.com.br\/#organization"},"potentialAction":[{"@type":"SearchAction","target":{"@type":"EntryPoint","urlTemplate":"https:\/\/sudoesteacontece.com.br\/?s={search_term_string}"},"query-input":{"@type":"PropertyValueSpecification","valueRequired":true,"valueName":"search_term_string"}}],"inLanguage":"pt-BR"},{"@type":"Organization","@id":"https:\/\/sudoesteacontece.com.br\/#organization","name":"Sudoesteacontece","url":"https:\/\/sudoesteacontece.com.br\/","logo":{"@type":"ImageObject","inLanguage":"pt-BR","@id":"https:\/\/sudoesteacontece.com.br\/#\/schema\/logo\/image\/","url":"https:\/\/sudoesteacontece.com.br\/wp-content\/uploads\/2025\/12\/cropped-logo-2-180x180-1.png","contentUrl":"https:\/\/sudoesteacontece.com.br\/wp-content\/uploads\/2025\/12\/cropped-logo-2-180x180-1.png","width":180,"height":180,"caption":"Sudoesteacontece"},"image":{"@id":"https:\/\/sudoesteacontece.com.br\/#\/schema\/logo\/image\/"},"sameAs":["https:\/\/www.facebook.com\/sudoesteacontece\/?locale=pt_BR"]},{"@type":"Person","@id":"https:\/\/sudoesteacontece.com.br\/#\/schema\/person\/3cf2cf009926a9683ebc29d5379fa79c","name":"Washington Tiago","image":{"@type":"ImageObject","inLanguage":"pt-BR","@id":"https:\/\/sudoesteacontece.com.br\/#\/schema\/person\/image\/","url":"https:\/\/secure.gravatar.com\/avatar\/33c43b8668157e040f9d1fe93c354bf087cbd8ba36270c1163198bd3ddcf2a56?s=96&d=mm&r=g","contentUrl":"https:\/\/secure.gravatar.com\/avatar\/33c43b8668157e040f9d1fe93c354bf087cbd8ba36270c1163198bd3ddcf2a56?s=96&d=mm&r=g","caption":"Washington Tiago"},"url":"https:\/\/sudoesteacontece.com.br\/?author=2"}]}},"_links":{"self":[{"href":"https:\/\/sudoesteacontece.com.br\/index.php?rest_route=\/wp\/v2\/posts\/2474","targetHints":{"allow":["GET"]}}],"collection":[{"href":"https:\/\/sudoesteacontece.com.br\/index.php?rest_route=\/wp\/v2\/posts"}],"about":[{"href":"https:\/\/sudoesteacontece.com.br\/index.php?rest_route=\/wp\/v2\/types\/post"}],"author":[{"embeddable":true,"href":"https:\/\/sudoesteacontece.com.br\/index.php?rest_route=\/wp\/v2\/users\/2"}],"replies":[{"embeddable":true,"href":"https:\/\/sudoesteacontece.com.br\/index.php?rest_route=%2Fwp%2Fv2%2Fcomments&post=2474"}],"version-history":[{"count":0,"href":"https:\/\/sudoesteacontece.com.br\/index.php?rest_route=\/wp\/v2\/posts\/2474\/revisions"}],"wp:featuredmedia":[{"embeddable":true,"href":"https:\/\/sudoesteacontece.com.br\/index.php?rest_route=\/wp\/v2\/media\/2502"}],"wp:attachment":[{"href":"https:\/\/sudoesteacontece.com.br\/index.php?rest_route=%2Fwp%2Fv2%2Fmedia&parent=2474"}],"wp:term":[{"taxonomy":"category","embeddable":true,"href":"https:\/\/sudoesteacontece.com.br\/index.php?rest_route=%2Fwp%2Fv2%2Fcategories&post=2474"},{"taxonomy":"post_tag","embeddable":true,"href":"https:\/\/sudoesteacontece.com.br\/index.php?rest_route=%2Fwp%2Fv2%2Ftags&post=2474"}],"curies":[{"name":"wp","href":"https:\/\/api.w.org\/{rel}","templated":true}]}}