{"id":2476,"date":"2025-11-13T10:45:51","date_gmt":"2025-11-13T13:45:51","guid":{"rendered":"https:\/\/sudoesteacontece.com.br\/?p=2476"},"modified":"2025-11-13T10:45:53","modified_gmt":"2025-11-13T13:45:53","slug":"oficina-reforca-programa-um-milhao-de-cisternas-e-amplia-acoes-no-sudoeste-da-bahia","status":"publish","type":"post","link":"https:\/\/sudoesteacontece.com.br\/?p=2476","title":{"rendered":"Oficina refor\u00e7a Programa Um Milh\u00e3o de Cisternas e amplia a\u00e7\u00f5es no Sudoeste da Bahia"},"content":{"rendered":"\n<figure class=\"wp-block-image size-large\"><img fetchpriority=\"high\" decoding=\"async\" width=\"1024\" height=\"686\" src=\"http:\/\/sudoesteacontece.com.br\/wp-content\/uploads\/2025\/11\/Oficina-reforca-Programa-Um-Milhao-de-Cisternas-e-amplia-acoes-no-Sudoeste-da-Bahia-sudoeste-acontece-1024x686.jpg\" alt=\"\" class=\"wp-image-2507\" srcset=\"https:\/\/sudoesteacontece.com.br\/wp-content\/uploads\/2025\/11\/Oficina-reforca-Programa-Um-Milhao-de-Cisternas-e-amplia-acoes-no-Sudoeste-da-Bahia-sudoeste-acontece-1024x686.jpg 1024w, https:\/\/sudoesteacontece.com.br\/wp-content\/uploads\/2025\/11\/Oficina-reforca-Programa-Um-Milhao-de-Cisternas-e-amplia-acoes-no-Sudoeste-da-Bahia-sudoeste-acontece-300x201.jpg 300w, https:\/\/sudoesteacontece.com.br\/wp-content\/uploads\/2025\/11\/Oficina-reforca-Programa-Um-Milhao-de-Cisternas-e-amplia-acoes-no-Sudoeste-da-Bahia-sudoeste-acontece-768x515.jpg 768w, https:\/\/sudoesteacontece.com.br\/wp-content\/uploads\/2025\/11\/Oficina-reforca-Programa-Um-Milhao-de-Cisternas-e-amplia-acoes-no-Sudoeste-da-Bahia-sudoeste-acontece-1536x1029.jpg 1536w, https:\/\/sudoesteacontece.com.br\/wp-content\/uploads\/2025\/11\/Oficina-reforca-Programa-Um-Milhao-de-Cisternas-e-amplia-acoes-no-Sudoeste-da-Bahia-sudoeste-acontece.jpg 1600w\" sizes=\"(max-width: 1024px) 100vw, 1024px\" \/><\/figure>\n\n\n\n<p>Esperan\u00e7a marcou a manh\u00e3 desta ter\u00e7a (11) em Vit\u00f3ria da Conquista. A Articula\u00e7\u00e3o Semi\u00e1rido Brasileiro (ASA) e o Minist\u00e9rio do Desenvolvimento e Assist\u00eancia Social, Fam\u00edlia e Combate \u00e0 Fome (MDS) promoveram oficina para fortalecer o Programa Um Milh\u00e3o de Cisternas.<\/p>\n\n\n\n<p>Evento reuniu coordenadores e animadores de seis organiza\u00e7\u00f5es sociais do Sudoeste baiano. O objetivo foi ampliar a efici\u00eancia e garantir impacto social real.<\/p>\n\n\n\n<p>Participantes trocaram experi\u00eancias, avaliaram metas e discutiram novas estrat\u00e9gias. A capacita\u00e7\u00e3o ocorreu entre 8h e 12h, com foco em gest\u00e3o e resultados.<\/p>\n\n\n\n<p>Capacita\u00e7\u00e3o foi conduzida por Yalli Borges, t\u00e9cnica da ASA em Pernambuco. Ela destacou a import\u00e2ncia de equipes locais preparadas e atuantes nas comunidades.<\/p>\n\n\n\n<p>Programa segue construindo cisternas e recuperando estruturas antigas. Meta \u00e9 ampliar o acesso \u00e0 \u00e1gua e refor\u00e7ar o direito \u00e0 dignidade no Semi\u00e1rido.<\/p>\n\n\n\n<p>Parceria entre ASA e MDS reafirma o compromisso com a seguran\u00e7a h\u00eddrica. Projeto leva qualidade de vida, sa\u00fade e esperan\u00e7a \u00e0s fam\u00edlias rurais.<\/p>\n\n\n\n<p>Reconhecido como pol\u00edtica p\u00fablica eficiente, o P1MC j\u00e1 transformou vidas. Garante \u00e1gua limpa, estimula a agricultura familiar e impulsiona o desenvolvimento.<\/p>\n\n\n\n<p>Sertanejos celebram os avan\u00e7os. A \u00e1gua que antes faltava agora alimenta sonhos, planta\u00e7\u00f5es e o futuro de comunidades antes esquecidas pelo poder p\u00fablico.<\/p>\n","protected":false},"excerpt":{"rendered":"<p>Esperan\u00e7a marcou a manh\u00e3 desta ter\u00e7a (11) em Vit\u00f3ria da Conquista. A Articula\u00e7\u00e3o Semi\u00e1rido Brasileiro (ASA) e o Minist\u00e9rio do Desenvolvimento e Assist\u00eancia Social, Fam\u00edlia e Combate \u00e0 Fome (MDS) promoveram oficina para fortalecer o Programa Um Milh\u00e3o de Cisternas. Evento reuniu coordenadores e animadores de seis organiza\u00e7\u00f5es sociais do Sudoeste baiano. O objetivo foi ampliar a efici\u00eancia e garantir impacto social real. Participantes trocaram experi\u00eancias, avaliaram metas e discutiram novas estrat\u00e9gias. A capacita\u00e7\u00e3o ocorreu entre 8h e 12h, com foco em gest\u00e3o e resultados. Capacita\u00e7\u00e3o foi conduzida por Yalli Borges, t\u00e9cnica da ASA em Pernambuco. Ela destacou a import\u00e2ncia de equipes locais preparadas e atuantes nas comunidades. Programa segue construindo cisternas e recuperando estruturas antigas. Meta \u00e9 ampliar o acesso \u00e0 \u00e1gua e refor\u00e7ar o direito \u00e0 dignidade no Semi\u00e1rido. Parceria entre ASA e MDS reafirma o compromisso com a seguran\u00e7a h\u00eddrica. Projeto leva qualidade de vida, sa\u00fade e esperan\u00e7a \u00e0s fam\u00edlias rurais. Reconhecido como pol\u00edtica p\u00fablica eficiente, o P1MC j\u00e1 transformou vidas. Garante \u00e1gua limpa, estimula a agricultura familiar e impulsiona o desenvolvimento. Sertanejos celebram os avan\u00e7os. A \u00e1gua que antes faltava agora alimenta sonhos, planta\u00e7\u00f5es e o futuro de comunidades antes esquecidas pelo poder p\u00fablico.<\/p>\n","protected":false},"author":2,"featured_media":2507,"comment_status":"open","ping_status":"open","sticky":false,"template":"","format":"standard","meta":{"footnotes":""},"categories":[4],"tags":[],"class_list":["post-2476","post","type-post","status-publish","format-standard","has-post-thumbnail","hentry","category-cidades"],"yoast_head":"<!-- This site is optimized with the Yoast SEO plugin v26.5 - https:\/\/yoast.com\/wordpress\/plugins\/seo\/ -->\n<title>Oficina refor\u00e7a Programa Um Milh\u00e3o de Cisternas e amplia a\u00e7\u00f5es no Sudoeste da Bahia - Sudoesteacontece<\/title>\n<meta name=\"robots\" content=\"index, follow, max-snippet:-1, max-image-preview:large, max-video-preview:-1\" \/>\n<link rel=\"canonical\" href=\"https:\/\/sudoesteacontece.com.br\/?p=2476\" \/>\n<meta property=\"og:locale\" content=\"pt_BR\" \/>\n<meta property=\"og:type\" content=\"article\" \/>\n<meta property=\"og:title\" content=\"Oficina refor\u00e7a Programa Um Milh\u00e3o de Cisternas e amplia a\u00e7\u00f5es no Sudoeste da Bahia - Sudoesteacontece\" \/>\n<meta property=\"og:description\" content=\"Esperan\u00e7a marcou a manh\u00e3 desta ter\u00e7a (11) em Vit\u00f3ria da Conquista. A Articula\u00e7\u00e3o Semi\u00e1rido Brasileiro (ASA) e o Minist\u00e9rio do Desenvolvimento e Assist\u00eancia Social, Fam\u00edlia e Combate \u00e0 Fome (MDS) promoveram oficina para fortalecer o Programa Um Milh\u00e3o de Cisternas. Evento reuniu coordenadores e animadores de seis organiza\u00e7\u00f5es sociais do Sudoeste baiano. O objetivo foi ampliar a efici\u00eancia e garantir impacto social real. Participantes trocaram experi\u00eancias, avaliaram metas e discutiram novas estrat\u00e9gias. A capacita\u00e7\u00e3o ocorreu entre 8h e 12h, com foco em gest\u00e3o e resultados. Capacita\u00e7\u00e3o foi conduzida por Yalli Borges, t\u00e9cnica da ASA em Pernambuco. Ela destacou a import\u00e2ncia de equipes locais preparadas e atuantes nas comunidades. Programa segue construindo cisternas e recuperando estruturas antigas. Meta \u00e9 ampliar o acesso \u00e0 \u00e1gua e refor\u00e7ar o direito \u00e0 dignidade no Semi\u00e1rido. Parceria entre ASA e MDS reafirma o compromisso com a seguran\u00e7a h\u00eddrica. Projeto leva qualidade de vida, sa\u00fade e esperan\u00e7a \u00e0s fam\u00edlias rurais. Reconhecido como pol\u00edtica p\u00fablica eficiente, o P1MC j\u00e1 transformou vidas. Garante \u00e1gua limpa, estimula a agricultura familiar e impulsiona o desenvolvimento. Sertanejos celebram os avan\u00e7os. A \u00e1gua que antes faltava agora alimenta sonhos, planta\u00e7\u00f5es e o futuro de comunidades antes esquecidas pelo poder p\u00fablico.\" \/>\n<meta property=\"og:url\" content=\"https:\/\/sudoesteacontece.com.br\/?p=2476\" \/>\n<meta property=\"og:site_name\" content=\"Sudoesteacontece\" \/>\n<meta property=\"article:publisher\" content=\"https:\/\/www.facebook.com\/sudoesteacontece\/?locale=pt_BR\" \/>\n<meta property=\"article:published_time\" content=\"2025-11-13T13:45:51+00:00\" \/>\n<meta property=\"article:modified_time\" content=\"2025-11-13T13:45:53+00:00\" \/>\n<meta property=\"og:image\" content=\"https:\/\/sudoesteacontece.com.br\/wp-content\/uploads\/2025\/11\/Oficina-reforca-Programa-Um-Milhao-de-Cisternas-e-amplia-acoes-no-Sudoeste-da-Bahia-sudoeste-acontece.jpg\" \/>\n\t<meta property=\"og:image:width\" content=\"1600\" \/>\n\t<meta property=\"og:image:height\" content=\"1072\" \/>\n\t<meta property=\"og:image:type\" content=\"image\/jpeg\" \/>\n<meta name=\"author\" content=\"Washington Tiago\" \/>\n<meta name=\"twitter:card\" content=\"summary_large_image\" \/>\n<meta name=\"twitter:label1\" content=\"Escrito por\" \/>\n\t<meta name=\"twitter:data1\" content=\"Washington Tiago\" \/>\n\t<meta name=\"twitter:label2\" content=\"Est. tempo de leitura\" \/>\n\t<meta name=\"twitter:data2\" content=\"1 minuto\" \/>\n<script type=\"application\/ld+json\" class=\"yoast-schema-graph\">{\"@context\":\"https:\/\/schema.org\",\"@graph\":[{\"@type\":\"Article\",\"@id\":\"https:\/\/sudoesteacontece.com.br\/?p=2476#article\",\"isPartOf\":{\"@id\":\"https:\/\/sudoesteacontece.com.br\/?p=2476\"},\"author\":{\"name\":\"Washington Tiago\",\"@id\":\"https:\/\/sudoesteacontece.com.br\/#\/schema\/person\/3cf2cf009926a9683ebc29d5379fa79c\"},\"headline\":\"Oficina refor\u00e7a Programa Um Milh\u00e3o de Cisternas e amplia a\u00e7\u00f5es no Sudoeste da Bahia\",\"datePublished\":\"2025-11-13T13:45:51+00:00\",\"dateModified\":\"2025-11-13T13:45:53+00:00\",\"mainEntityOfPage\":{\"@id\":\"https:\/\/sudoesteacontece.com.br\/?p=2476\"},\"wordCount\":241,\"commentCount\":0,\"publisher\":{\"@id\":\"https:\/\/sudoesteacontece.com.br\/#organization\"},\"image\":{\"@id\":\"https:\/\/sudoesteacontece.com.br\/?p=2476#primaryimage\"},\"thumbnailUrl\":\"https:\/\/sudoesteacontece.com.br\/wp-content\/uploads\/2025\/11\/Oficina-reforca-Programa-Um-Milhao-de-Cisternas-e-amplia-acoes-no-Sudoeste-da-Bahia-sudoeste-acontece.jpg\",\"articleSection\":[\"Cidades\"],\"inLanguage\":\"pt-BR\",\"potentialAction\":[{\"@type\":\"CommentAction\",\"name\":\"Comment\",\"target\":[\"https:\/\/sudoesteacontece.com.br\/?p=2476#respond\"]}]},{\"@type\":\"WebPage\",\"@id\":\"https:\/\/sudoesteacontece.com.br\/?p=2476\",\"url\":\"https:\/\/sudoesteacontece.com.br\/?p=2476\",\"name\":\"Oficina refor\u00e7a Programa Um Milh\u00e3o de Cisternas e amplia a\u00e7\u00f5es no Sudoeste da Bahia - Sudoesteacontece\",\"isPartOf\":{\"@id\":\"https:\/\/sudoesteacontece.com.br\/#website\"},\"primaryImageOfPage\":{\"@id\":\"https:\/\/sudoesteacontece.com.br\/?p=2476#primaryimage\"},\"image\":{\"@id\":\"https:\/\/sudoesteacontece.com.br\/?p=2476#primaryimage\"},\"thumbnailUrl\":\"https:\/\/sudoesteacontece.com.br\/wp-content\/uploads\/2025\/11\/Oficina-reforca-Programa-Um-Milhao-de-Cisternas-e-amplia-acoes-no-Sudoeste-da-Bahia-sudoeste-acontece.jpg\",\"datePublished\":\"2025-11-13T13:45:51+00:00\",\"dateModified\":\"2025-11-13T13:45:53+00:00\",\"breadcrumb\":{\"@id\":\"https:\/\/sudoesteacontece.com.br\/?p=2476#breadcrumb\"},\"inLanguage\":\"pt-BR\",\"potentialAction\":[{\"@type\":\"ReadAction\",\"target\":[\"https:\/\/sudoesteacontece.com.br\/?p=2476\"]}]},{\"@type\":\"ImageObject\",\"inLanguage\":\"pt-BR\",\"@id\":\"https:\/\/sudoesteacontece.com.br\/?p=2476#primaryimage\",\"url\":\"https:\/\/sudoesteacontece.com.br\/wp-content\/uploads\/2025\/11\/Oficina-reforca-Programa-Um-Milhao-de-Cisternas-e-amplia-acoes-no-Sudoeste-da-Bahia-sudoeste-acontece.jpg\",\"contentUrl\":\"https:\/\/sudoesteacontece.com.br\/wp-content\/uploads\/2025\/11\/Oficina-reforca-Programa-Um-Milhao-de-Cisternas-e-amplia-acoes-no-Sudoeste-da-Bahia-sudoeste-acontece.jpg\",\"width\":1600,\"height\":1072},{\"@type\":\"BreadcrumbList\",\"@id\":\"https:\/\/sudoesteacontece.com.br\/?p=2476#breadcrumb\",\"itemListElement\":[{\"@type\":\"ListItem\",\"position\":1,\"name\":\"In\u00edcio\",\"item\":\"https:\/\/sudoesteacontece.com.br\/\"},{\"@type\":\"ListItem\",\"position\":2,\"name\":\"Oficina refor\u00e7a Programa Um Milh\u00e3o de Cisternas e amplia a\u00e7\u00f5es no Sudoeste da Bahia\"}]},{\"@type\":\"WebSite\",\"@id\":\"https:\/\/sudoesteacontece.com.br\/#website\",\"url\":\"https:\/\/sudoesteacontece.com.br\/\",\"name\":\"Sudoesteacontece\",\"description\":\"\",\"publisher\":{\"@id\":\"https:\/\/sudoesteacontece.com.br\/#organization\"},\"potentialAction\":[{\"@type\":\"SearchAction\",\"target\":{\"@type\":\"EntryPoint\",\"urlTemplate\":\"https:\/\/sudoesteacontece.com.br\/?s={search_term_string}\"},\"query-input\":{\"@type\":\"PropertyValueSpecification\",\"valueRequired\":true,\"valueName\":\"search_term_string\"}}],\"inLanguage\":\"pt-BR\"},{\"@type\":\"Organization\",\"@id\":\"https:\/\/sudoesteacontece.com.br\/#organization\",\"name\":\"Sudoesteacontece\",\"url\":\"https:\/\/sudoesteacontece.com.br\/\",\"logo\":{\"@type\":\"ImageObject\",\"inLanguage\":\"pt-BR\",\"@id\":\"https:\/\/sudoesteacontece.com.br\/#\/schema\/logo\/image\/\",\"url\":\"https:\/\/sudoesteacontece.com.br\/wp-content\/uploads\/2025\/12\/cropped-logo-2-180x180-1.png\",\"contentUrl\":\"https:\/\/sudoesteacontece.com.br\/wp-content\/uploads\/2025\/12\/cropped-logo-2-180x180-1.png\",\"width\":180,\"height\":180,\"caption\":\"Sudoesteacontece\"},\"image\":{\"@id\":\"https:\/\/sudoesteacontece.com.br\/#\/schema\/logo\/image\/\"},\"sameAs\":[\"https:\/\/www.facebook.com\/sudoesteacontece\/?locale=pt_BR\"]},{\"@type\":\"Person\",\"@id\":\"https:\/\/sudoesteacontece.com.br\/#\/schema\/person\/3cf2cf009926a9683ebc29d5379fa79c\",\"name\":\"Washington Tiago\",\"image\":{\"@type\":\"ImageObject\",\"inLanguage\":\"pt-BR\",\"@id\":\"https:\/\/sudoesteacontece.com.br\/#\/schema\/person\/image\/\",\"url\":\"https:\/\/secure.gravatar.com\/avatar\/33c43b8668157e040f9d1fe93c354bf087cbd8ba36270c1163198bd3ddcf2a56?s=96&d=mm&r=g\",\"contentUrl\":\"https:\/\/secure.gravatar.com\/avatar\/33c43b8668157e040f9d1fe93c354bf087cbd8ba36270c1163198bd3ddcf2a56?s=96&d=mm&r=g\",\"caption\":\"Washington Tiago\"},\"url\":\"https:\/\/sudoesteacontece.com.br\/?author=2\"}]}<\/script>\n<!-- \/ Yoast SEO plugin. -->","yoast_head_json":{"title":"Oficina refor\u00e7a Programa Um Milh\u00e3o de Cisternas e amplia a\u00e7\u00f5es no Sudoeste da Bahia - Sudoesteacontece","robots":{"index":"index","follow":"follow","max-snippet":"max-snippet:-1","max-image-preview":"max-image-preview:large","max-video-preview":"max-video-preview:-1"},"canonical":"https:\/\/sudoesteacontece.com.br\/?p=2476","og_locale":"pt_BR","og_type":"article","og_title":"Oficina refor\u00e7a Programa Um Milh\u00e3o de Cisternas e amplia a\u00e7\u00f5es no Sudoeste da Bahia - Sudoesteacontece","og_description":"Esperan\u00e7a marcou a manh\u00e3 desta ter\u00e7a (11) em Vit\u00f3ria da Conquista. A Articula\u00e7\u00e3o Semi\u00e1rido Brasileiro (ASA) e o Minist\u00e9rio do Desenvolvimento e Assist\u00eancia Social, Fam\u00edlia e Combate \u00e0 Fome (MDS) promoveram oficina para fortalecer o Programa Um Milh\u00e3o de Cisternas. Evento reuniu coordenadores e animadores de seis organiza\u00e7\u00f5es sociais do Sudoeste baiano. O objetivo foi ampliar a efici\u00eancia e garantir impacto social real. Participantes trocaram experi\u00eancias, avaliaram metas e discutiram novas estrat\u00e9gias. A capacita\u00e7\u00e3o ocorreu entre 8h e 12h, com foco em gest\u00e3o e resultados. Capacita\u00e7\u00e3o foi conduzida por Yalli Borges, t\u00e9cnica da ASA em Pernambuco. Ela destacou a import\u00e2ncia de equipes locais preparadas e atuantes nas comunidades. Programa segue construindo cisternas e recuperando estruturas antigas. Meta \u00e9 ampliar o acesso \u00e0 \u00e1gua e refor\u00e7ar o direito \u00e0 dignidade no Semi\u00e1rido. Parceria entre ASA e MDS reafirma o compromisso com a seguran\u00e7a h\u00eddrica. Projeto leva qualidade de vida, sa\u00fade e esperan\u00e7a \u00e0s fam\u00edlias rurais. Reconhecido como pol\u00edtica p\u00fablica eficiente, o P1MC j\u00e1 transformou vidas. Garante \u00e1gua limpa, estimula a agricultura familiar e impulsiona o desenvolvimento. Sertanejos celebram os avan\u00e7os. A \u00e1gua que antes faltava agora alimenta sonhos, planta\u00e7\u00f5es e o futuro de comunidades antes esquecidas pelo poder p\u00fablico.","og_url":"https:\/\/sudoesteacontece.com.br\/?p=2476","og_site_name":"Sudoesteacontece","article_publisher":"https:\/\/www.facebook.com\/sudoesteacontece\/?locale=pt_BR","article_published_time":"2025-11-13T13:45:51+00:00","article_modified_time":"2025-11-13T13:45:53+00:00","og_image":[{"width":1600,"height":1072,"url":"https:\/\/sudoesteacontece.com.br\/wp-content\/uploads\/2025\/11\/Oficina-reforca-Programa-Um-Milhao-de-Cisternas-e-amplia-acoes-no-Sudoeste-da-Bahia-sudoeste-acontece.jpg","type":"image\/jpeg"}],"author":"Washington Tiago","twitter_card":"summary_large_image","twitter_misc":{"Escrito por":"Washington Tiago","Est. tempo de leitura":"1 minuto"},"schema":{"@context":"https:\/\/schema.org","@graph":[{"@type":"Article","@id":"https:\/\/sudoesteacontece.com.br\/?p=2476#article","isPartOf":{"@id":"https:\/\/sudoesteacontece.com.br\/?p=2476"},"author":{"name":"Washington Tiago","@id":"https:\/\/sudoesteacontece.com.br\/#\/schema\/person\/3cf2cf009926a9683ebc29d5379fa79c"},"headline":"Oficina refor\u00e7a Programa Um Milh\u00e3o de Cisternas e amplia a\u00e7\u00f5es no Sudoeste da Bahia","datePublished":"2025-11-13T13:45:51+00:00","dateModified":"2025-11-13T13:45:53+00:00","mainEntityOfPage":{"@id":"https:\/\/sudoesteacontece.com.br\/?p=2476"},"wordCount":241,"commentCount":0,"publisher":{"@id":"https:\/\/sudoesteacontece.com.br\/#organization"},"image":{"@id":"https:\/\/sudoesteacontece.com.br\/?p=2476#primaryimage"},"thumbnailUrl":"https:\/\/sudoesteacontece.com.br\/wp-content\/uploads\/2025\/11\/Oficina-reforca-Programa-Um-Milhao-de-Cisternas-e-amplia-acoes-no-Sudoeste-da-Bahia-sudoeste-acontece.jpg","articleSection":["Cidades"],"inLanguage":"pt-BR","potentialAction":[{"@type":"CommentAction","name":"Comment","target":["https:\/\/sudoesteacontece.com.br\/?p=2476#respond"]}]},{"@type":"WebPage","@id":"https:\/\/sudoesteacontece.com.br\/?p=2476","url":"https:\/\/sudoesteacontece.com.br\/?p=2476","name":"Oficina refor\u00e7a Programa Um Milh\u00e3o de Cisternas e amplia a\u00e7\u00f5es no Sudoeste da Bahia - Sudoesteacontece","isPartOf":{"@id":"https:\/\/sudoesteacontece.com.br\/#website"},"primaryImageOfPage":{"@id":"https:\/\/sudoesteacontece.com.br\/?p=2476#primaryimage"},"image":{"@id":"https:\/\/sudoesteacontece.com.br\/?p=2476#primaryimage"},"thumbnailUrl":"https:\/\/sudoesteacontece.com.br\/wp-content\/uploads\/2025\/11\/Oficina-reforca-Programa-Um-Milhao-de-Cisternas-e-amplia-acoes-no-Sudoeste-da-Bahia-sudoeste-acontece.jpg","datePublished":"2025-11-13T13:45:51+00:00","dateModified":"2025-11-13T13:45:53+00:00","breadcrumb":{"@id":"https:\/\/sudoesteacontece.com.br\/?p=2476#breadcrumb"},"inLanguage":"pt-BR","potentialAction":[{"@type":"ReadAction","target":["https:\/\/sudoesteacontece.com.br\/?p=2476"]}]},{"@type":"ImageObject","inLanguage":"pt-BR","@id":"https:\/\/sudoesteacontece.com.br\/?p=2476#primaryimage","url":"https:\/\/sudoesteacontece.com.br\/wp-content\/uploads\/2025\/11\/Oficina-reforca-Programa-Um-Milhao-de-Cisternas-e-amplia-acoes-no-Sudoeste-da-Bahia-sudoeste-acontece.jpg","contentUrl":"https:\/\/sudoesteacontece.com.br\/wp-content\/uploads\/2025\/11\/Oficina-reforca-Programa-Um-Milhao-de-Cisternas-e-amplia-acoes-no-Sudoeste-da-Bahia-sudoeste-acontece.jpg","width":1600,"height":1072},{"@type":"BreadcrumbList","@id":"https:\/\/sudoesteacontece.com.br\/?p=2476#breadcrumb","itemListElement":[{"@type":"ListItem","position":1,"name":"In\u00edcio","item":"https:\/\/sudoesteacontece.com.br\/"},{"@type":"ListItem","position":2,"name":"Oficina refor\u00e7a Programa Um Milh\u00e3o de Cisternas e amplia a\u00e7\u00f5es no Sudoeste da Bahia"}]},{"@type":"WebSite","@id":"https:\/\/sudoesteacontece.com.br\/#website","url":"https:\/\/sudoesteacontece.com.br\/","name":"Sudoesteacontece","description":"","publisher":{"@id":"https:\/\/sudoesteacontece.com.br\/#organization"},"potentialAction":[{"@type":"SearchAction","target":{"@type":"EntryPoint","urlTemplate":"https:\/\/sudoesteacontece.com.br\/?s={search_term_string}"},"query-input":{"@type":"PropertyValueSpecification","valueRequired":true,"valueName":"search_term_string"}}],"inLanguage":"pt-BR"},{"@type":"Organization","@id":"https:\/\/sudoesteacontece.com.br\/#organization","name":"Sudoesteacontece","url":"https:\/\/sudoesteacontece.com.br\/","logo":{"@type":"ImageObject","inLanguage":"pt-BR","@id":"https:\/\/sudoesteacontece.com.br\/#\/schema\/logo\/image\/","url":"https:\/\/sudoesteacontece.com.br\/wp-content\/uploads\/2025\/12\/cropped-logo-2-180x180-1.png","contentUrl":"https:\/\/sudoesteacontece.com.br\/wp-content\/uploads\/2025\/12\/cropped-logo-2-180x180-1.png","width":180,"height":180,"caption":"Sudoesteacontece"},"image":{"@id":"https:\/\/sudoesteacontece.com.br\/#\/schema\/logo\/image\/"},"sameAs":["https:\/\/www.facebook.com\/sudoesteacontece\/?locale=pt_BR"]},{"@type":"Person","@id":"https:\/\/sudoesteacontece.com.br\/#\/schema\/person\/3cf2cf009926a9683ebc29d5379fa79c","name":"Washington Tiago","image":{"@type":"ImageObject","inLanguage":"pt-BR","@id":"https:\/\/sudoesteacontece.com.br\/#\/schema\/person\/image\/","url":"https:\/\/secure.gravatar.com\/avatar\/33c43b8668157e040f9d1fe93c354bf087cbd8ba36270c1163198bd3ddcf2a56?s=96&d=mm&r=g","contentUrl":"https:\/\/secure.gravatar.com\/avatar\/33c43b8668157e040f9d1fe93c354bf087cbd8ba36270c1163198bd3ddcf2a56?s=96&d=mm&r=g","caption":"Washington Tiago"},"url":"https:\/\/sudoesteacontece.com.br\/?author=2"}]}},"_links":{"self":[{"href":"https:\/\/sudoesteacontece.com.br\/index.php?rest_route=\/wp\/v2\/posts\/2476","targetHints":{"allow":["GET"]}}],"collection":[{"href":"https:\/\/sudoesteacontece.com.br\/index.php?rest_route=\/wp\/v2\/posts"}],"about":[{"href":"https:\/\/sudoesteacontece.com.br\/index.php?rest_route=\/wp\/v2\/types\/post"}],"author":[{"embeddable":true,"href":"https:\/\/sudoesteacontece.com.br\/index.php?rest_route=\/wp\/v2\/users\/2"}],"replies":[{"embeddable":true,"href":"https:\/\/sudoesteacontece.com.br\/index.php?rest_route=%2Fwp%2Fv2%2Fcomments&post=2476"}],"version-history":[{"count":0,"href":"https:\/\/sudoesteacontece.com.br\/index.php?rest_route=\/wp\/v2\/posts\/2476\/revisions"}],"wp:featuredmedia":[{"embeddable":true,"href":"https:\/\/sudoesteacontece.com.br\/index.php?rest_route=\/wp\/v2\/media\/2507"}],"wp:attachment":[{"href":"https:\/\/sudoesteacontece.com.br\/index.php?rest_route=%2Fwp%2Fv2%2Fmedia&parent=2476"}],"wp:term":[{"taxonomy":"category","embeddable":true,"href":"https:\/\/sudoesteacontece.com.br\/index.php?rest_route=%2Fwp%2Fv2%2Fcategories&post=2476"},{"taxonomy":"post_tag","embeddable":true,"href":"https:\/\/sudoesteacontece.com.br\/index.php?rest_route=%2Fwp%2Fv2%2Ftags&post=2476"}],"curies":[{"name":"wp","href":"https:\/\/api.w.org\/{rel}","templated":true}]}}