{"id":2481,"date":"2025-11-13T11:06:46","date_gmt":"2025-11-13T14:06:46","guid":{"rendered":"https:\/\/sudoesteacontece.com.br\/?p=2481"},"modified":"2025-11-13T11:06:50","modified_gmt":"2025-11-13T14:06:50","slug":"familia-de-matina-pede-transferencia-urgente-de-paciente-em-risco-de-amputacao","status":"publish","type":"post","link":"https:\/\/sudoesteacontece.com.br\/?p=2481","title":{"rendered":"Fam\u00edlia de Matina pede transfer\u00eancia urgente de paciente em risco de amputa\u00e7\u00e3o"},"content":{"rendered":"<div class=\"wp-block-image\">\n<figure class=\"aligncenter size-large\"><img fetchpriority=\"high\" decoding=\"async\" width=\"1024\" height=\"576\" src=\"http:\/\/sudoesteacontece.com.br\/wp-content\/uploads\/2025\/11\/Familia-de-Matina-pede-transferencia-urgente-de-paciente-em-risco-de-amputacao-sudoeste-acontece-1024x576.jpg\" alt=\"\" class=\"wp-image-2518\" srcset=\"https:\/\/sudoesteacontece.com.br\/wp-content\/uploads\/2025\/11\/Familia-de-Matina-pede-transferencia-urgente-de-paciente-em-risco-de-amputacao-sudoeste-acontece-1024x576.jpg 1024w, https:\/\/sudoesteacontece.com.br\/wp-content\/uploads\/2025\/11\/Familia-de-Matina-pede-transferencia-urgente-de-paciente-em-risco-de-amputacao-sudoeste-acontece-300x169.jpg 300w, https:\/\/sudoesteacontece.com.br\/wp-content\/uploads\/2025\/11\/Familia-de-Matina-pede-transferencia-urgente-de-paciente-em-risco-de-amputacao-sudoeste-acontece-768x432.jpg 768w, https:\/\/sudoesteacontece.com.br\/wp-content\/uploads\/2025\/11\/Familia-de-Matina-pede-transferencia-urgente-de-paciente-em-risco-de-amputacao-sudoeste-acontece-1536x864.jpg 1536w, https:\/\/sudoesteacontece.com.br\/wp-content\/uploads\/2025\/11\/Familia-de-Matina-pede-transferencia-urgente-de-paciente-em-risco-de-amputacao-sudoeste-acontece-2048x1152.jpg 2048w\" sizes=\"(max-width: 1024px) 100vw, 1024px\" \/><\/figure>\n<\/div>\n\n\n<p>Fam\u00edlia de Joaquim Ferreira Lima, conhecido como Tet\u00ea, vive dias de ang\u00fastia em Matina, no sudoeste da Bahia. O paciente est\u00e1 internado desde o dia 5 de novembro no Hospital Municipal, enfrentando fortes dores e feridas graves na perna esquerda.<\/p>\n\n\n\n<p>Relat\u00f3rios m\u00e9dicos apontam que Joaquim sofre com isquemia avan\u00e7ada e apresenta \u00falceras arteriais e venosas. Condi\u00e7\u00e3o \u00e9 cr\u00edtica e requer cirurgia vascular imediata em hospital de maior complexidade, com equipe especializada em procedimentos endovasculares.<\/p>\n\n\n\n<p>M\u00e9dicos alertaram que o quadro pode evoluir rapidamente e resultar em amputa\u00e7\u00e3o do membro se a transfer\u00eancia n\u00e3o ocorrer com urg\u00eancia. Caso mobiliza familiares, amigos e moradores da cidade, que buscam apoio das autoridades de sa\u00fade.<\/p>\n\n\n\n<p>Sem condi\u00e7\u00f5es financeiras para custear o tratamento em hospital particular, a fam\u00edlia pede que o paciente seja encaminhado para uma unidade de refer\u00eancia regional, capaz de realizar o procedimento necess\u00e1rio.<\/p>\n\n\n\n<p>Esposa de Joaquim relatou o desespero da espera. \u201cCada dia que passa, as dores aumentam. Ele n\u00e3o aguenta mais. S\u00f3 queremos que ele seja transferido e receba o atendimento certo\u201d, afirmou.<\/p>\n\n\n\n<p>Autoridades locais ainda n\u00e3o se pronunciaram oficialmente sobre a solicita\u00e7\u00e3o da fam\u00edlia. Enquanto isso, a preocupa\u00e7\u00e3o cresce a cada hora, com medo de que o quadro cl\u00ednico se agrave antes da chegada de uma vaga hospitalar.<\/p>\n\n\n\n<p>Hist\u00f3rias como a de Joaquim revelam a fragilidade da sa\u00fade p\u00fablica no interior baiano, onde pacientes enfrentam longas esperas por atendimento especializado. A esperan\u00e7a agora \u00e9 que a mobiliza\u00e7\u00e3o sensibilize as autoridades e evite uma trag\u00e9dia anunciada.<\/p>\n","protected":false},"excerpt":{"rendered":"<p>Fam\u00edlia de Joaquim Ferreira Lima, conhecido como Tet\u00ea, vive dias de ang\u00fastia em Matina, no sudoeste da Bahia. O paciente est\u00e1 internado desde o dia 5 de novembro no Hospital Municipal, enfrentando fortes dores e feridas graves na perna esquerda. Relat\u00f3rios m\u00e9dicos apontam que Joaquim sofre com isquemia avan\u00e7ada e apresenta \u00falceras arteriais e venosas. Condi\u00e7\u00e3o \u00e9 cr\u00edtica e requer cirurgia vascular imediata em hospital de maior complexidade, com equipe especializada em procedimentos endovasculares. M\u00e9dicos alertaram que o quadro pode evoluir rapidamente e resultar em amputa\u00e7\u00e3o do membro se a transfer\u00eancia n\u00e3o ocorrer com urg\u00eancia. Caso mobiliza familiares, amigos e moradores da cidade, que buscam apoio das autoridades de sa\u00fade. Sem condi\u00e7\u00f5es financeiras para custear o tratamento em hospital particular, a fam\u00edlia pede que o paciente seja encaminhado para uma unidade de refer\u00eancia regional, capaz de realizar o procedimento necess\u00e1rio. Esposa de Joaquim relatou o desespero da espera. \u201cCada dia que passa, as dores aumentam. Ele n\u00e3o aguenta mais. S\u00f3 queremos que ele seja transferido e receba o atendimento certo\u201d, afirmou. Autoridades locais ainda n\u00e3o se pronunciaram oficialmente sobre a solicita\u00e7\u00e3o da fam\u00edlia. Enquanto isso, a preocupa\u00e7\u00e3o cresce a cada hora, com medo de que o quadro cl\u00ednico se agrave antes da chegada de uma vaga hospitalar. Hist\u00f3rias como a de Joaquim revelam a fragilidade da sa\u00fade p\u00fablica no interior baiano, onde pacientes enfrentam longas esperas por atendimento especializado. A esperan\u00e7a agora \u00e9 que a mobiliza\u00e7\u00e3o sensibilize as autoridades e evite uma trag\u00e9dia anunciada.<\/p>\n","protected":false},"author":2,"featured_media":2518,"comment_status":"open","ping_status":"open","sticky":false,"template":"","format":"standard","meta":{"footnotes":""},"categories":[4,92,6],"tags":[],"class_list":["post-2481","post","type-post","status-publish","format-standard","has-post-thumbnail","hentry","category-cidades","category-matina","category-politica"],"yoast_head":"<!-- This site is optimized with the Yoast SEO plugin v26.5 - https:\/\/yoast.com\/wordpress\/plugins\/seo\/ -->\n<title>Fam\u00edlia de Matina pede transfer\u00eancia urgente de paciente em risco de amputa\u00e7\u00e3o - Sudoesteacontece<\/title>\n<meta name=\"robots\" content=\"index, follow, max-snippet:-1, max-image-preview:large, max-video-preview:-1\" \/>\n<link rel=\"canonical\" href=\"https:\/\/sudoesteacontece.com.br\/?p=2481\" \/>\n<meta property=\"og:locale\" content=\"pt_BR\" \/>\n<meta property=\"og:type\" content=\"article\" \/>\n<meta property=\"og:title\" content=\"Fam\u00edlia de Matina pede transfer\u00eancia urgente de paciente em risco de amputa\u00e7\u00e3o - Sudoesteacontece\" \/>\n<meta property=\"og:description\" content=\"Fam\u00edlia de Joaquim Ferreira Lima, conhecido como Tet\u00ea, vive dias de ang\u00fastia em Matina, no sudoeste da Bahia. O paciente est\u00e1 internado desde o dia 5 de novembro no Hospital Municipal, enfrentando fortes dores e feridas graves na perna esquerda. Relat\u00f3rios m\u00e9dicos apontam que Joaquim sofre com isquemia avan\u00e7ada e apresenta \u00falceras arteriais e venosas. Condi\u00e7\u00e3o \u00e9 cr\u00edtica e requer cirurgia vascular imediata em hospital de maior complexidade, com equipe especializada em procedimentos endovasculares. M\u00e9dicos alertaram que o quadro pode evoluir rapidamente e resultar em amputa\u00e7\u00e3o do membro se a transfer\u00eancia n\u00e3o ocorrer com urg\u00eancia. Caso mobiliza familiares, amigos e moradores da cidade, que buscam apoio das autoridades de sa\u00fade. Sem condi\u00e7\u00f5es financeiras para custear o tratamento em hospital particular, a fam\u00edlia pede que o paciente seja encaminhado para uma unidade de refer\u00eancia regional, capaz de realizar o procedimento necess\u00e1rio. Esposa de Joaquim relatou o desespero da espera. \u201cCada dia que passa, as dores aumentam. Ele n\u00e3o aguenta mais. S\u00f3 queremos que ele seja transferido e receba o atendimento certo\u201d, afirmou. Autoridades locais ainda n\u00e3o se pronunciaram oficialmente sobre a solicita\u00e7\u00e3o da fam\u00edlia. Enquanto isso, a preocupa\u00e7\u00e3o cresce a cada hora, com medo de que o quadro cl\u00ednico se agrave antes da chegada de uma vaga hospitalar. Hist\u00f3rias como a de Joaquim revelam a fragilidade da sa\u00fade p\u00fablica no interior baiano, onde pacientes enfrentam longas esperas por atendimento especializado. A esperan\u00e7a agora \u00e9 que a mobiliza\u00e7\u00e3o sensibilize as autoridades e evite uma trag\u00e9dia anunciada.\" \/>\n<meta property=\"og:url\" content=\"https:\/\/sudoesteacontece.com.br\/?p=2481\" \/>\n<meta property=\"og:site_name\" content=\"Sudoesteacontece\" \/>\n<meta property=\"article:publisher\" content=\"https:\/\/www.facebook.com\/sudoesteacontece\/?locale=pt_BR\" \/>\n<meta property=\"article:published_time\" content=\"2025-11-13T14:06:46+00:00\" \/>\n<meta property=\"article:modified_time\" content=\"2025-11-13T14:06:50+00:00\" \/>\n<meta property=\"og:image\" content=\"https:\/\/sudoesteacontece.com.br\/wp-content\/uploads\/2025\/11\/Familia-de-Matina-pede-transferencia-urgente-de-paciente-em-risco-de-amputacao-sudoeste-acontece.jpg\" \/>\n\t<meta property=\"og:image:width\" content=\"2560\" \/>\n\t<meta property=\"og:image:height\" content=\"1440\" \/>\n\t<meta property=\"og:image:type\" content=\"image\/jpeg\" \/>\n<meta name=\"author\" content=\"Washington Tiago\" \/>\n<meta name=\"twitter:card\" content=\"summary_large_image\" \/>\n<meta name=\"twitter:label1\" content=\"Escrito por\" \/>\n\t<meta name=\"twitter:data1\" content=\"Washington Tiago\" \/>\n\t<meta name=\"twitter:label2\" content=\"Est. tempo de leitura\" \/>\n\t<meta name=\"twitter:data2\" content=\"1 minuto\" \/>\n<script type=\"application\/ld+json\" class=\"yoast-schema-graph\">{\"@context\":\"https:\/\/schema.org\",\"@graph\":[{\"@type\":\"Article\",\"@id\":\"https:\/\/sudoesteacontece.com.br\/?p=2481#article\",\"isPartOf\":{\"@id\":\"https:\/\/sudoesteacontece.com.br\/?p=2481\"},\"author\":{\"name\":\"Washington Tiago\",\"@id\":\"https:\/\/sudoesteacontece.com.br\/#\/schema\/person\/3cf2cf009926a9683ebc29d5379fa79c\"},\"headline\":\"Fam\u00edlia de Matina pede transfer\u00eancia urgente de paciente em risco de amputa\u00e7\u00e3o\",\"datePublished\":\"2025-11-13T14:06:46+00:00\",\"dateModified\":\"2025-11-13T14:06:50+00:00\",\"mainEntityOfPage\":{\"@id\":\"https:\/\/sudoesteacontece.com.br\/?p=2481\"},\"wordCount\":285,\"commentCount\":0,\"publisher\":{\"@id\":\"https:\/\/sudoesteacontece.com.br\/#organization\"},\"image\":{\"@id\":\"https:\/\/sudoesteacontece.com.br\/?p=2481#primaryimage\"},\"thumbnailUrl\":\"https:\/\/sudoesteacontece.com.br\/wp-content\/uploads\/2025\/11\/Familia-de-Matina-pede-transferencia-urgente-de-paciente-em-risco-de-amputacao-sudoeste-acontece.jpg\",\"articleSection\":[\"Cidades\",\"Matina\",\"Pol\u00edtica\"],\"inLanguage\":\"pt-BR\",\"potentialAction\":[{\"@type\":\"CommentAction\",\"name\":\"Comment\",\"target\":[\"https:\/\/sudoesteacontece.com.br\/?p=2481#respond\"]}]},{\"@type\":\"WebPage\",\"@id\":\"https:\/\/sudoesteacontece.com.br\/?p=2481\",\"url\":\"https:\/\/sudoesteacontece.com.br\/?p=2481\",\"name\":\"Fam\u00edlia de Matina pede transfer\u00eancia urgente de paciente em risco de amputa\u00e7\u00e3o - Sudoesteacontece\",\"isPartOf\":{\"@id\":\"https:\/\/sudoesteacontece.com.br\/#website\"},\"primaryImageOfPage\":{\"@id\":\"https:\/\/sudoesteacontece.com.br\/?p=2481#primaryimage\"},\"image\":{\"@id\":\"https:\/\/sudoesteacontece.com.br\/?p=2481#primaryimage\"},\"thumbnailUrl\":\"https:\/\/sudoesteacontece.com.br\/wp-content\/uploads\/2025\/11\/Familia-de-Matina-pede-transferencia-urgente-de-paciente-em-risco-de-amputacao-sudoeste-acontece.jpg\",\"datePublished\":\"2025-11-13T14:06:46+00:00\",\"dateModified\":\"2025-11-13T14:06:50+00:00\",\"breadcrumb\":{\"@id\":\"https:\/\/sudoesteacontece.com.br\/?p=2481#breadcrumb\"},\"inLanguage\":\"pt-BR\",\"potentialAction\":[{\"@type\":\"ReadAction\",\"target\":[\"https:\/\/sudoesteacontece.com.br\/?p=2481\"]}]},{\"@type\":\"ImageObject\",\"inLanguage\":\"pt-BR\",\"@id\":\"https:\/\/sudoesteacontece.com.br\/?p=2481#primaryimage\",\"url\":\"https:\/\/sudoesteacontece.com.br\/wp-content\/uploads\/2025\/11\/Familia-de-Matina-pede-transferencia-urgente-de-paciente-em-risco-de-amputacao-sudoeste-acontece.jpg\",\"contentUrl\":\"https:\/\/sudoesteacontece.com.br\/wp-content\/uploads\/2025\/11\/Familia-de-Matina-pede-transferencia-urgente-de-paciente-em-risco-de-amputacao-sudoeste-acontece.jpg\",\"width\":2560,\"height\":1440},{\"@type\":\"BreadcrumbList\",\"@id\":\"https:\/\/sudoesteacontece.com.br\/?p=2481#breadcrumb\",\"itemListElement\":[{\"@type\":\"ListItem\",\"position\":1,\"name\":\"In\u00edcio\",\"item\":\"https:\/\/sudoesteacontece.com.br\/\"},{\"@type\":\"ListItem\",\"position\":2,\"name\":\"Fam\u00edlia de Matina pede transfer\u00eancia urgente de paciente em risco de amputa\u00e7\u00e3o\"}]},{\"@type\":\"WebSite\",\"@id\":\"https:\/\/sudoesteacontece.com.br\/#website\",\"url\":\"https:\/\/sudoesteacontece.com.br\/\",\"name\":\"Sudoesteacontece\",\"description\":\"\",\"publisher\":{\"@id\":\"https:\/\/sudoesteacontece.com.br\/#organization\"},\"potentialAction\":[{\"@type\":\"SearchAction\",\"target\":{\"@type\":\"EntryPoint\",\"urlTemplate\":\"https:\/\/sudoesteacontece.com.br\/?s={search_term_string}\"},\"query-input\":{\"@type\":\"PropertyValueSpecification\",\"valueRequired\":true,\"valueName\":\"search_term_string\"}}],\"inLanguage\":\"pt-BR\"},{\"@type\":\"Organization\",\"@id\":\"https:\/\/sudoesteacontece.com.br\/#organization\",\"name\":\"Sudoesteacontece\",\"url\":\"https:\/\/sudoesteacontece.com.br\/\",\"logo\":{\"@type\":\"ImageObject\",\"inLanguage\":\"pt-BR\",\"@id\":\"https:\/\/sudoesteacontece.com.br\/#\/schema\/logo\/image\/\",\"url\":\"https:\/\/sudoesteacontece.com.br\/wp-content\/uploads\/2025\/12\/cropped-logo-2-180x180-1.png\",\"contentUrl\":\"https:\/\/sudoesteacontece.com.br\/wp-content\/uploads\/2025\/12\/cropped-logo-2-180x180-1.png\",\"width\":180,\"height\":180,\"caption\":\"Sudoesteacontece\"},\"image\":{\"@id\":\"https:\/\/sudoesteacontece.com.br\/#\/schema\/logo\/image\/\"},\"sameAs\":[\"https:\/\/www.facebook.com\/sudoesteacontece\/?locale=pt_BR\"]},{\"@type\":\"Person\",\"@id\":\"https:\/\/sudoesteacontece.com.br\/#\/schema\/person\/3cf2cf009926a9683ebc29d5379fa79c\",\"name\":\"Washington Tiago\",\"image\":{\"@type\":\"ImageObject\",\"inLanguage\":\"pt-BR\",\"@id\":\"https:\/\/sudoesteacontece.com.br\/#\/schema\/person\/image\/\",\"url\":\"https:\/\/secure.gravatar.com\/avatar\/33c43b8668157e040f9d1fe93c354bf087cbd8ba36270c1163198bd3ddcf2a56?s=96&d=mm&r=g\",\"contentUrl\":\"https:\/\/secure.gravatar.com\/avatar\/33c43b8668157e040f9d1fe93c354bf087cbd8ba36270c1163198bd3ddcf2a56?s=96&d=mm&r=g\",\"caption\":\"Washington Tiago\"},\"url\":\"https:\/\/sudoesteacontece.com.br\/?author=2\"}]}<\/script>\n<!-- \/ Yoast SEO plugin. -->","yoast_head_json":{"title":"Fam\u00edlia de Matina pede transfer\u00eancia urgente de paciente em risco de amputa\u00e7\u00e3o - Sudoesteacontece","robots":{"index":"index","follow":"follow","max-snippet":"max-snippet:-1","max-image-preview":"max-image-preview:large","max-video-preview":"max-video-preview:-1"},"canonical":"https:\/\/sudoesteacontece.com.br\/?p=2481","og_locale":"pt_BR","og_type":"article","og_title":"Fam\u00edlia de Matina pede transfer\u00eancia urgente de paciente em risco de amputa\u00e7\u00e3o - Sudoesteacontece","og_description":"Fam\u00edlia de Joaquim Ferreira Lima, conhecido como Tet\u00ea, vive dias de ang\u00fastia em Matina, no sudoeste da Bahia. O paciente est\u00e1 internado desde o dia 5 de novembro no Hospital Municipal, enfrentando fortes dores e feridas graves na perna esquerda. Relat\u00f3rios m\u00e9dicos apontam que Joaquim sofre com isquemia avan\u00e7ada e apresenta \u00falceras arteriais e venosas. Condi\u00e7\u00e3o \u00e9 cr\u00edtica e requer cirurgia vascular imediata em hospital de maior complexidade, com equipe especializada em procedimentos endovasculares. M\u00e9dicos alertaram que o quadro pode evoluir rapidamente e resultar em amputa\u00e7\u00e3o do membro se a transfer\u00eancia n\u00e3o ocorrer com urg\u00eancia. Caso mobiliza familiares, amigos e moradores da cidade, que buscam apoio das autoridades de sa\u00fade. Sem condi\u00e7\u00f5es financeiras para custear o tratamento em hospital particular, a fam\u00edlia pede que o paciente seja encaminhado para uma unidade de refer\u00eancia regional, capaz de realizar o procedimento necess\u00e1rio. Esposa de Joaquim relatou o desespero da espera. \u201cCada dia que passa, as dores aumentam. Ele n\u00e3o aguenta mais. S\u00f3 queremos que ele seja transferido e receba o atendimento certo\u201d, afirmou. Autoridades locais ainda n\u00e3o se pronunciaram oficialmente sobre a solicita\u00e7\u00e3o da fam\u00edlia. Enquanto isso, a preocupa\u00e7\u00e3o cresce a cada hora, com medo de que o quadro cl\u00ednico se agrave antes da chegada de uma vaga hospitalar. Hist\u00f3rias como a de Joaquim revelam a fragilidade da sa\u00fade p\u00fablica no interior baiano, onde pacientes enfrentam longas esperas por atendimento especializado. A esperan\u00e7a agora \u00e9 que a mobiliza\u00e7\u00e3o sensibilize as autoridades e evite uma trag\u00e9dia anunciada.","og_url":"https:\/\/sudoesteacontece.com.br\/?p=2481","og_site_name":"Sudoesteacontece","article_publisher":"https:\/\/www.facebook.com\/sudoesteacontece\/?locale=pt_BR","article_published_time":"2025-11-13T14:06:46+00:00","article_modified_time":"2025-11-13T14:06:50+00:00","og_image":[{"width":2560,"height":1440,"url":"https:\/\/sudoesteacontece.com.br\/wp-content\/uploads\/2025\/11\/Familia-de-Matina-pede-transferencia-urgente-de-paciente-em-risco-de-amputacao-sudoeste-acontece.jpg","type":"image\/jpeg"}],"author":"Washington Tiago","twitter_card":"summary_large_image","twitter_misc":{"Escrito por":"Washington Tiago","Est. tempo de leitura":"1 minuto"},"schema":{"@context":"https:\/\/schema.org","@graph":[{"@type":"Article","@id":"https:\/\/sudoesteacontece.com.br\/?p=2481#article","isPartOf":{"@id":"https:\/\/sudoesteacontece.com.br\/?p=2481"},"author":{"name":"Washington Tiago","@id":"https:\/\/sudoesteacontece.com.br\/#\/schema\/person\/3cf2cf009926a9683ebc29d5379fa79c"},"headline":"Fam\u00edlia de Matina pede transfer\u00eancia urgente de paciente em risco de amputa\u00e7\u00e3o","datePublished":"2025-11-13T14:06:46+00:00","dateModified":"2025-11-13T14:06:50+00:00","mainEntityOfPage":{"@id":"https:\/\/sudoesteacontece.com.br\/?p=2481"},"wordCount":285,"commentCount":0,"publisher":{"@id":"https:\/\/sudoesteacontece.com.br\/#organization"},"image":{"@id":"https:\/\/sudoesteacontece.com.br\/?p=2481#primaryimage"},"thumbnailUrl":"https:\/\/sudoesteacontece.com.br\/wp-content\/uploads\/2025\/11\/Familia-de-Matina-pede-transferencia-urgente-de-paciente-em-risco-de-amputacao-sudoeste-acontece.jpg","articleSection":["Cidades","Matina","Pol\u00edtica"],"inLanguage":"pt-BR","potentialAction":[{"@type":"CommentAction","name":"Comment","target":["https:\/\/sudoesteacontece.com.br\/?p=2481#respond"]}]},{"@type":"WebPage","@id":"https:\/\/sudoesteacontece.com.br\/?p=2481","url":"https:\/\/sudoesteacontece.com.br\/?p=2481","name":"Fam\u00edlia de Matina pede transfer\u00eancia urgente de paciente em risco de amputa\u00e7\u00e3o - Sudoesteacontece","isPartOf":{"@id":"https:\/\/sudoesteacontece.com.br\/#website"},"primaryImageOfPage":{"@id":"https:\/\/sudoesteacontece.com.br\/?p=2481#primaryimage"},"image":{"@id":"https:\/\/sudoesteacontece.com.br\/?p=2481#primaryimage"},"thumbnailUrl":"https:\/\/sudoesteacontece.com.br\/wp-content\/uploads\/2025\/11\/Familia-de-Matina-pede-transferencia-urgente-de-paciente-em-risco-de-amputacao-sudoeste-acontece.jpg","datePublished":"2025-11-13T14:06:46+00:00","dateModified":"2025-11-13T14:06:50+00:00","breadcrumb":{"@id":"https:\/\/sudoesteacontece.com.br\/?p=2481#breadcrumb"},"inLanguage":"pt-BR","potentialAction":[{"@type":"ReadAction","target":["https:\/\/sudoesteacontece.com.br\/?p=2481"]}]},{"@type":"ImageObject","inLanguage":"pt-BR","@id":"https:\/\/sudoesteacontece.com.br\/?p=2481#primaryimage","url":"https:\/\/sudoesteacontece.com.br\/wp-content\/uploads\/2025\/11\/Familia-de-Matina-pede-transferencia-urgente-de-paciente-em-risco-de-amputacao-sudoeste-acontece.jpg","contentUrl":"https:\/\/sudoesteacontece.com.br\/wp-content\/uploads\/2025\/11\/Familia-de-Matina-pede-transferencia-urgente-de-paciente-em-risco-de-amputacao-sudoeste-acontece.jpg","width":2560,"height":1440},{"@type":"BreadcrumbList","@id":"https:\/\/sudoesteacontece.com.br\/?p=2481#breadcrumb","itemListElement":[{"@type":"ListItem","position":1,"name":"In\u00edcio","item":"https:\/\/sudoesteacontece.com.br\/"},{"@type":"ListItem","position":2,"name":"Fam\u00edlia de Matina pede transfer\u00eancia urgente de paciente em risco de amputa\u00e7\u00e3o"}]},{"@type":"WebSite","@id":"https:\/\/sudoesteacontece.com.br\/#website","url":"https:\/\/sudoesteacontece.com.br\/","name":"Sudoesteacontece","description":"","publisher":{"@id":"https:\/\/sudoesteacontece.com.br\/#organization"},"potentialAction":[{"@type":"SearchAction","target":{"@type":"EntryPoint","urlTemplate":"https:\/\/sudoesteacontece.com.br\/?s={search_term_string}"},"query-input":{"@type":"PropertyValueSpecification","valueRequired":true,"valueName":"search_term_string"}}],"inLanguage":"pt-BR"},{"@type":"Organization","@id":"https:\/\/sudoesteacontece.com.br\/#organization","name":"Sudoesteacontece","url":"https:\/\/sudoesteacontece.com.br\/","logo":{"@type":"ImageObject","inLanguage":"pt-BR","@id":"https:\/\/sudoesteacontece.com.br\/#\/schema\/logo\/image\/","url":"https:\/\/sudoesteacontece.com.br\/wp-content\/uploads\/2025\/12\/cropped-logo-2-180x180-1.png","contentUrl":"https:\/\/sudoesteacontece.com.br\/wp-content\/uploads\/2025\/12\/cropped-logo-2-180x180-1.png","width":180,"height":180,"caption":"Sudoesteacontece"},"image":{"@id":"https:\/\/sudoesteacontece.com.br\/#\/schema\/logo\/image\/"},"sameAs":["https:\/\/www.facebook.com\/sudoesteacontece\/?locale=pt_BR"]},{"@type":"Person","@id":"https:\/\/sudoesteacontece.com.br\/#\/schema\/person\/3cf2cf009926a9683ebc29d5379fa79c","name":"Washington Tiago","image":{"@type":"ImageObject","inLanguage":"pt-BR","@id":"https:\/\/sudoesteacontece.com.br\/#\/schema\/person\/image\/","url":"https:\/\/secure.gravatar.com\/avatar\/33c43b8668157e040f9d1fe93c354bf087cbd8ba36270c1163198bd3ddcf2a56?s=96&d=mm&r=g","contentUrl":"https:\/\/secure.gravatar.com\/avatar\/33c43b8668157e040f9d1fe93c354bf087cbd8ba36270c1163198bd3ddcf2a56?s=96&d=mm&r=g","caption":"Washington Tiago"},"url":"https:\/\/sudoesteacontece.com.br\/?author=2"}]}},"_links":{"self":[{"href":"https:\/\/sudoesteacontece.com.br\/index.php?rest_route=\/wp\/v2\/posts\/2481","targetHints":{"allow":["GET"]}}],"collection":[{"href":"https:\/\/sudoesteacontece.com.br\/index.php?rest_route=\/wp\/v2\/posts"}],"about":[{"href":"https:\/\/sudoesteacontece.com.br\/index.php?rest_route=\/wp\/v2\/types\/post"}],"author":[{"embeddable":true,"href":"https:\/\/sudoesteacontece.com.br\/index.php?rest_route=\/wp\/v2\/users\/2"}],"replies":[{"embeddable":true,"href":"https:\/\/sudoesteacontece.com.br\/index.php?rest_route=%2Fwp%2Fv2%2Fcomments&post=2481"}],"version-history":[{"count":0,"href":"https:\/\/sudoesteacontece.com.br\/index.php?rest_route=\/wp\/v2\/posts\/2481\/revisions"}],"wp:featuredmedia":[{"embeddable":true,"href":"https:\/\/sudoesteacontece.com.br\/index.php?rest_route=\/wp\/v2\/media\/2518"}],"wp:attachment":[{"href":"https:\/\/sudoesteacontece.com.br\/index.php?rest_route=%2Fwp%2Fv2%2Fmedia&parent=2481"}],"wp:term":[{"taxonomy":"category","embeddable":true,"href":"https:\/\/sudoesteacontece.com.br\/index.php?rest_route=%2Fwp%2Fv2%2Fcategories&post=2481"},{"taxonomy":"post_tag","embeddable":true,"href":"https:\/\/sudoesteacontece.com.br\/index.php?rest_route=%2Fwp%2Fv2%2Ftags&post=2481"}],"curies":[{"name":"wp","href":"https:\/\/api.w.org\/{rel}","templated":true}]}}