{"id":2482,"date":"2025-11-13T11:36:04","date_gmt":"2025-11-13T14:36:04","guid":{"rendered":"https:\/\/sudoesteacontece.com.br\/?p=2482"},"modified":"2025-11-13T11:36:09","modified_gmt":"2025-11-13T14:36:09","slug":"brumado-realiza-acao-do-novembro-azul-e-reforca-prevencao-contra-o-cancer-de-prostata","status":"publish","type":"post","link":"https:\/\/sudoesteacontece.com.br\/?p=2482","title":{"rendered":"Brumado realiza a\u00e7\u00e3o do Novembro Azul e refor\u00e7a preven\u00e7\u00e3o contra o c\u00e2ncer de pr\u00f3stata"},"content":{"rendered":"\n<figure class=\"wp-block-image size-full\"><img fetchpriority=\"high\" decoding=\"async\" width=\"900\" height=\"600\" src=\"http:\/\/sudoesteacontece.com.br\/wp-content\/uploads\/2025\/11\/Brumado-realiza-acao-do-Novembro-Azul-e-reforca-prevencao-contra-o-cancer-de-prostata-SUDOESTE-ACONTECE.jpg\" alt=\"\" class=\"wp-image-2522\" srcset=\"https:\/\/sudoesteacontece.com.br\/wp-content\/uploads\/2025\/11\/Brumado-realiza-acao-do-Novembro-Azul-e-reforca-prevencao-contra-o-cancer-de-prostata-SUDOESTE-ACONTECE.jpg 900w, https:\/\/sudoesteacontece.com.br\/wp-content\/uploads\/2025\/11\/Brumado-realiza-acao-do-Novembro-Azul-e-reforca-prevencao-contra-o-cancer-de-prostata-SUDOESTE-ACONTECE-300x200.jpg 300w, https:\/\/sudoesteacontece.com.br\/wp-content\/uploads\/2025\/11\/Brumado-realiza-acao-do-Novembro-Azul-e-reforca-prevencao-contra-o-cancer-de-prostata-SUDOESTE-ACONTECE-768x512.jpg 768w\" sizes=\"(max-width: 900px) 100vw, 900px\" \/><\/figure>\n\n\n\n<p>Moradores da Lagoa Funda participaram, nesta quarta-feira (12), de um encontro especial promovido pela Secretaria Municipal de Sa\u00fade de Brumado. A iniciativa ocorreu no Ponto de Sa\u00fade da Fam\u00edlia Leobino Jos\u00e9 de Souza e integrou as a\u00e7\u00f5es do Novembro Azul, campanha que incentiva os homens a cuidarem da pr\u00f3pria sa\u00fade e prevenirem o c\u00e2ncer de pr\u00f3stata.<\/p>\n\n\n\n<p>Atividade reuniu dezenas de participantes em um momento de aprendizado e conscientiza\u00e7\u00e3o. O evento contou com palestra ministrada pelo secret\u00e1rio municipal de Sa\u00fade, M\u00e9dico Danilo Menezes, que destacou a import\u00e2ncia do diagn\u00f3stico precoce e dos exames regulares.<\/p>\n\n\n\n<p>Segundo o secret\u00e1rio, muitos casos de c\u00e2ncer de pr\u00f3stata s\u00e3o descobertos tardiamente por medo ou desinforma\u00e7\u00e3o. \u201cO Novembro Azul \u00e9 um momento de reflex\u00e3o e a\u00e7\u00e3o. Precisamos quebrar o tabu e incentivar os homens a procurarem atendimento m\u00e9dico com regularidade\u201d, afirmou.<\/p>\n\n\n\n<p>Comunidade local marcou presen\u00e7a em peso. Entre os participantes estavam o vereador Luiz Carlos \u2018Palito\u2019, profissionais da sa\u00fade e lideran\u00e7as comunit\u00e1rias, que refor\u00e7aram a import\u00e2ncia do di\u00e1logo aberto sobre o tema.<\/p>\n\n\n\n<p>Durante a a\u00e7\u00e3o, foram distribu\u00eddos materiais informativos e realizados atendimentos com orienta\u00e7\u00f5es m\u00e9dicas e encaminhamentos para exames preventivos. A proposta foi mostrar que o cuidado com a sa\u00fade \u00e9 uma atitude de coragem, n\u00e3o de fraqueza.<\/p>\n\n\n\n<p>Campanha Novembro Azul segue mobilizando diversas unidades de sa\u00fade do munic\u00edpio. A Secretaria refor\u00e7ou que a preven\u00e7\u00e3o salva vidas e que o diagn\u00f3stico precoce \u00e9 o caminho mais eficaz para o tratamento bem-sucedido.<\/p>\n\n\n\n<p>Conscientizar os homens sobre a import\u00e2ncia da preven\u00e7\u00e3o \u00e9 um desafio constante, mas a mobiliza\u00e7\u00e3o mostra que a comunidade de Brumado est\u00e1 comprometida em vencer o preconceito e priorizar a sa\u00fade masculina.<\/p>\n","protected":false},"excerpt":{"rendered":"<p>Moradores da Lagoa Funda participaram, nesta quarta-feira (12), de um encontro especial promovido pela Secretaria Municipal de Sa\u00fade de Brumado. A iniciativa ocorreu no Ponto de Sa\u00fade da Fam\u00edlia Leobino Jos\u00e9 de Souza e integrou as a\u00e7\u00f5es do Novembro Azul, campanha que incentiva os homens a cuidarem da pr\u00f3pria sa\u00fade e prevenirem o c\u00e2ncer de pr\u00f3stata. Atividade reuniu dezenas de participantes em um momento de aprendizado e conscientiza\u00e7\u00e3o. O evento contou com palestra ministrada pelo secret\u00e1rio municipal de Sa\u00fade, M\u00e9dico Danilo Menezes, que destacou a import\u00e2ncia do diagn\u00f3stico precoce e dos exames regulares. Segundo o secret\u00e1rio, muitos casos de c\u00e2ncer de pr\u00f3stata s\u00e3o descobertos tardiamente por medo ou desinforma\u00e7\u00e3o. \u201cO Novembro Azul \u00e9 um momento de reflex\u00e3o e a\u00e7\u00e3o. Precisamos quebrar o tabu e incentivar os homens a procurarem atendimento m\u00e9dico com regularidade\u201d, afirmou. Comunidade local marcou presen\u00e7a em peso. Entre os participantes estavam o vereador Luiz Carlos \u2018Palito\u2019, profissionais da sa\u00fade e lideran\u00e7as comunit\u00e1rias, que refor\u00e7aram a import\u00e2ncia do di\u00e1logo aberto sobre o tema. Durante a a\u00e7\u00e3o, foram distribu\u00eddos materiais informativos e realizados atendimentos com orienta\u00e7\u00f5es m\u00e9dicas e encaminhamentos para exames preventivos. A proposta foi mostrar que o cuidado com a sa\u00fade \u00e9 uma atitude de coragem, n\u00e3o de fraqueza. Campanha Novembro Azul segue mobilizando diversas unidades de sa\u00fade do munic\u00edpio. A Secretaria refor\u00e7ou que a preven\u00e7\u00e3o salva vidas e que o diagn\u00f3stico precoce \u00e9 o caminho mais eficaz para o tratamento bem-sucedido. Conscientizar os homens sobre a import\u00e2ncia da preven\u00e7\u00e3o \u00e9 um desafio constante, mas a mobiliza\u00e7\u00e3o mostra que a comunidade de Brumado est\u00e1 comprometida em vencer o preconceito e priorizar a sa\u00fade masculina.<\/p>\n","protected":false},"author":2,"featured_media":2522,"comment_status":"open","ping_status":"open","sticky":false,"template":"","format":"standard","meta":{"footnotes":""},"categories":[10,6,45],"tags":[],"class_list":["post-2482","post","type-post","status-publish","format-standard","has-post-thumbnail","hentry","category-brumado","category-politica","category-saude"],"yoast_head":"<!-- This site is optimized with the Yoast SEO plugin v26.5 - https:\/\/yoast.com\/wordpress\/plugins\/seo\/ -->\n<title>Brumado realiza a\u00e7\u00e3o do Novembro Azul e refor\u00e7a preven\u00e7\u00e3o contra o c\u00e2ncer de pr\u00f3stata - Sudoesteacontece<\/title>\n<meta name=\"robots\" content=\"index, follow, max-snippet:-1, max-image-preview:large, max-video-preview:-1\" \/>\n<link rel=\"canonical\" href=\"https:\/\/sudoesteacontece.com.br\/?p=2482\" \/>\n<meta property=\"og:locale\" content=\"pt_BR\" \/>\n<meta property=\"og:type\" content=\"article\" \/>\n<meta property=\"og:title\" content=\"Brumado realiza a\u00e7\u00e3o do Novembro Azul e refor\u00e7a preven\u00e7\u00e3o contra o c\u00e2ncer de pr\u00f3stata - Sudoesteacontece\" \/>\n<meta property=\"og:description\" content=\"Moradores da Lagoa Funda participaram, nesta quarta-feira (12), de um encontro especial promovido pela Secretaria Municipal de Sa\u00fade de Brumado. A iniciativa ocorreu no Ponto de Sa\u00fade da Fam\u00edlia Leobino Jos\u00e9 de Souza e integrou as a\u00e7\u00f5es do Novembro Azul, campanha que incentiva os homens a cuidarem da pr\u00f3pria sa\u00fade e prevenirem o c\u00e2ncer de pr\u00f3stata. Atividade reuniu dezenas de participantes em um momento de aprendizado e conscientiza\u00e7\u00e3o. O evento contou com palestra ministrada pelo secret\u00e1rio municipal de Sa\u00fade, M\u00e9dico Danilo Menezes, que destacou a import\u00e2ncia do diagn\u00f3stico precoce e dos exames regulares. Segundo o secret\u00e1rio, muitos casos de c\u00e2ncer de pr\u00f3stata s\u00e3o descobertos tardiamente por medo ou desinforma\u00e7\u00e3o. \u201cO Novembro Azul \u00e9 um momento de reflex\u00e3o e a\u00e7\u00e3o. Precisamos quebrar o tabu e incentivar os homens a procurarem atendimento m\u00e9dico com regularidade\u201d, afirmou. Comunidade local marcou presen\u00e7a em peso. Entre os participantes estavam o vereador Luiz Carlos \u2018Palito\u2019, profissionais da sa\u00fade e lideran\u00e7as comunit\u00e1rias, que refor\u00e7aram a import\u00e2ncia do di\u00e1logo aberto sobre o tema. Durante a a\u00e7\u00e3o, foram distribu\u00eddos materiais informativos e realizados atendimentos com orienta\u00e7\u00f5es m\u00e9dicas e encaminhamentos para exames preventivos. A proposta foi mostrar que o cuidado com a sa\u00fade \u00e9 uma atitude de coragem, n\u00e3o de fraqueza. Campanha Novembro Azul segue mobilizando diversas unidades de sa\u00fade do munic\u00edpio. A Secretaria refor\u00e7ou que a preven\u00e7\u00e3o salva vidas e que o diagn\u00f3stico precoce \u00e9 o caminho mais eficaz para o tratamento bem-sucedido. Conscientizar os homens sobre a import\u00e2ncia da preven\u00e7\u00e3o \u00e9 um desafio constante, mas a mobiliza\u00e7\u00e3o mostra que a comunidade de Brumado est\u00e1 comprometida em vencer o preconceito e priorizar a sa\u00fade masculina.\" \/>\n<meta property=\"og:url\" content=\"https:\/\/sudoesteacontece.com.br\/?p=2482\" \/>\n<meta property=\"og:site_name\" content=\"Sudoesteacontece\" \/>\n<meta property=\"article:publisher\" content=\"https:\/\/www.facebook.com\/sudoesteacontece\/?locale=pt_BR\" \/>\n<meta property=\"article:published_time\" content=\"2025-11-13T14:36:04+00:00\" \/>\n<meta property=\"article:modified_time\" content=\"2025-11-13T14:36:09+00:00\" \/>\n<meta property=\"og:image\" content=\"https:\/\/sudoesteacontece.com.br\/wp-content\/uploads\/2025\/11\/Brumado-realiza-acao-do-Novembro-Azul-e-reforca-prevencao-contra-o-cancer-de-prostata-SUDOESTE-ACONTECE.jpg\" \/>\n\t<meta property=\"og:image:width\" content=\"900\" \/>\n\t<meta property=\"og:image:height\" content=\"600\" \/>\n\t<meta property=\"og:image:type\" content=\"image\/jpeg\" \/>\n<meta name=\"author\" content=\"Washington Tiago\" \/>\n<meta name=\"twitter:card\" content=\"summary_large_image\" \/>\n<meta name=\"twitter:label1\" content=\"Escrito por\" \/>\n\t<meta name=\"twitter:data1\" content=\"Washington Tiago\" \/>\n\t<meta name=\"twitter:label2\" content=\"Est. tempo de leitura\" \/>\n\t<meta name=\"twitter:data2\" content=\"2 minutos\" \/>\n<script type=\"application\/ld+json\" class=\"yoast-schema-graph\">{\"@context\":\"https:\/\/schema.org\",\"@graph\":[{\"@type\":\"Article\",\"@id\":\"https:\/\/sudoesteacontece.com.br\/?p=2482#article\",\"isPartOf\":{\"@id\":\"https:\/\/sudoesteacontece.com.br\/?p=2482\"},\"author\":{\"name\":\"Washington Tiago\",\"@id\":\"https:\/\/sudoesteacontece.com.br\/#\/schema\/person\/3cf2cf009926a9683ebc29d5379fa79c\"},\"headline\":\"Brumado realiza a\u00e7\u00e3o do Novembro Azul e refor\u00e7a preven\u00e7\u00e3o contra o c\u00e2ncer de pr\u00f3stata\",\"datePublished\":\"2025-11-13T14:36:04+00:00\",\"dateModified\":\"2025-11-13T14:36:09+00:00\",\"mainEntityOfPage\":{\"@id\":\"https:\/\/sudoesteacontece.com.br\/?p=2482\"},\"wordCount\":324,\"commentCount\":0,\"publisher\":{\"@id\":\"https:\/\/sudoesteacontece.com.br\/#organization\"},\"image\":{\"@id\":\"https:\/\/sudoesteacontece.com.br\/?p=2482#primaryimage\"},\"thumbnailUrl\":\"https:\/\/sudoesteacontece.com.br\/wp-content\/uploads\/2025\/11\/Brumado-realiza-acao-do-Novembro-Azul-e-reforca-prevencao-contra-o-cancer-de-prostata-SUDOESTE-ACONTECE.jpg\",\"articleSection\":[\"Brumado\",\"Pol\u00edtica\",\"Sa\u00fade\"],\"inLanguage\":\"pt-BR\",\"potentialAction\":[{\"@type\":\"CommentAction\",\"name\":\"Comment\",\"target\":[\"https:\/\/sudoesteacontece.com.br\/?p=2482#respond\"]}]},{\"@type\":\"WebPage\",\"@id\":\"https:\/\/sudoesteacontece.com.br\/?p=2482\",\"url\":\"https:\/\/sudoesteacontece.com.br\/?p=2482\",\"name\":\"Brumado realiza a\u00e7\u00e3o do Novembro Azul e refor\u00e7a preven\u00e7\u00e3o contra o c\u00e2ncer de pr\u00f3stata - Sudoesteacontece\",\"isPartOf\":{\"@id\":\"https:\/\/sudoesteacontece.com.br\/#website\"},\"primaryImageOfPage\":{\"@id\":\"https:\/\/sudoesteacontece.com.br\/?p=2482#primaryimage\"},\"image\":{\"@id\":\"https:\/\/sudoesteacontece.com.br\/?p=2482#primaryimage\"},\"thumbnailUrl\":\"https:\/\/sudoesteacontece.com.br\/wp-content\/uploads\/2025\/11\/Brumado-realiza-acao-do-Novembro-Azul-e-reforca-prevencao-contra-o-cancer-de-prostata-SUDOESTE-ACONTECE.jpg\",\"datePublished\":\"2025-11-13T14:36:04+00:00\",\"dateModified\":\"2025-11-13T14:36:09+00:00\",\"breadcrumb\":{\"@id\":\"https:\/\/sudoesteacontece.com.br\/?p=2482#breadcrumb\"},\"inLanguage\":\"pt-BR\",\"potentialAction\":[{\"@type\":\"ReadAction\",\"target\":[\"https:\/\/sudoesteacontece.com.br\/?p=2482\"]}]},{\"@type\":\"ImageObject\",\"inLanguage\":\"pt-BR\",\"@id\":\"https:\/\/sudoesteacontece.com.br\/?p=2482#primaryimage\",\"url\":\"https:\/\/sudoesteacontece.com.br\/wp-content\/uploads\/2025\/11\/Brumado-realiza-acao-do-Novembro-Azul-e-reforca-prevencao-contra-o-cancer-de-prostata-SUDOESTE-ACONTECE.jpg\",\"contentUrl\":\"https:\/\/sudoesteacontece.com.br\/wp-content\/uploads\/2025\/11\/Brumado-realiza-acao-do-Novembro-Azul-e-reforca-prevencao-contra-o-cancer-de-prostata-SUDOESTE-ACONTECE.jpg\",\"width\":900,\"height\":600},{\"@type\":\"BreadcrumbList\",\"@id\":\"https:\/\/sudoesteacontece.com.br\/?p=2482#breadcrumb\",\"itemListElement\":[{\"@type\":\"ListItem\",\"position\":1,\"name\":\"In\u00edcio\",\"item\":\"https:\/\/sudoesteacontece.com.br\/\"},{\"@type\":\"ListItem\",\"position\":2,\"name\":\"Brumado realiza a\u00e7\u00e3o do Novembro Azul e refor\u00e7a preven\u00e7\u00e3o contra o c\u00e2ncer de pr\u00f3stata\"}]},{\"@type\":\"WebSite\",\"@id\":\"https:\/\/sudoesteacontece.com.br\/#website\",\"url\":\"https:\/\/sudoesteacontece.com.br\/\",\"name\":\"Sudoesteacontece\",\"description\":\"\",\"publisher\":{\"@id\":\"https:\/\/sudoesteacontece.com.br\/#organization\"},\"potentialAction\":[{\"@type\":\"SearchAction\",\"target\":{\"@type\":\"EntryPoint\",\"urlTemplate\":\"https:\/\/sudoesteacontece.com.br\/?s={search_term_string}\"},\"query-input\":{\"@type\":\"PropertyValueSpecification\",\"valueRequired\":true,\"valueName\":\"search_term_string\"}}],\"inLanguage\":\"pt-BR\"},{\"@type\":\"Organization\",\"@id\":\"https:\/\/sudoesteacontece.com.br\/#organization\",\"name\":\"Sudoesteacontece\",\"url\":\"https:\/\/sudoesteacontece.com.br\/\",\"logo\":{\"@type\":\"ImageObject\",\"inLanguage\":\"pt-BR\",\"@id\":\"https:\/\/sudoesteacontece.com.br\/#\/schema\/logo\/image\/\",\"url\":\"https:\/\/sudoesteacontece.com.br\/wp-content\/uploads\/2025\/12\/cropped-logo-2-180x180-1.png\",\"contentUrl\":\"https:\/\/sudoesteacontece.com.br\/wp-content\/uploads\/2025\/12\/cropped-logo-2-180x180-1.png\",\"width\":180,\"height\":180,\"caption\":\"Sudoesteacontece\"},\"image\":{\"@id\":\"https:\/\/sudoesteacontece.com.br\/#\/schema\/logo\/image\/\"},\"sameAs\":[\"https:\/\/www.facebook.com\/sudoesteacontece\/?locale=pt_BR\"]},{\"@type\":\"Person\",\"@id\":\"https:\/\/sudoesteacontece.com.br\/#\/schema\/person\/3cf2cf009926a9683ebc29d5379fa79c\",\"name\":\"Washington Tiago\",\"image\":{\"@type\":\"ImageObject\",\"inLanguage\":\"pt-BR\",\"@id\":\"https:\/\/sudoesteacontece.com.br\/#\/schema\/person\/image\/\",\"url\":\"https:\/\/secure.gravatar.com\/avatar\/33c43b8668157e040f9d1fe93c354bf087cbd8ba36270c1163198bd3ddcf2a56?s=96&d=mm&r=g\",\"contentUrl\":\"https:\/\/secure.gravatar.com\/avatar\/33c43b8668157e040f9d1fe93c354bf087cbd8ba36270c1163198bd3ddcf2a56?s=96&d=mm&r=g\",\"caption\":\"Washington Tiago\"},\"url\":\"https:\/\/sudoesteacontece.com.br\/?author=2\"}]}<\/script>\n<!-- \/ Yoast SEO plugin. -->","yoast_head_json":{"title":"Brumado realiza a\u00e7\u00e3o do Novembro Azul e refor\u00e7a preven\u00e7\u00e3o contra o c\u00e2ncer de pr\u00f3stata - Sudoesteacontece","robots":{"index":"index","follow":"follow","max-snippet":"max-snippet:-1","max-image-preview":"max-image-preview:large","max-video-preview":"max-video-preview:-1"},"canonical":"https:\/\/sudoesteacontece.com.br\/?p=2482","og_locale":"pt_BR","og_type":"article","og_title":"Brumado realiza a\u00e7\u00e3o do Novembro Azul e refor\u00e7a preven\u00e7\u00e3o contra o c\u00e2ncer de pr\u00f3stata - Sudoesteacontece","og_description":"Moradores da Lagoa Funda participaram, nesta quarta-feira (12), de um encontro especial promovido pela Secretaria Municipal de Sa\u00fade de Brumado. A iniciativa ocorreu no Ponto de Sa\u00fade da Fam\u00edlia Leobino Jos\u00e9 de Souza e integrou as a\u00e7\u00f5es do Novembro Azul, campanha que incentiva os homens a cuidarem da pr\u00f3pria sa\u00fade e prevenirem o c\u00e2ncer de pr\u00f3stata. Atividade reuniu dezenas de participantes em um momento de aprendizado e conscientiza\u00e7\u00e3o. O evento contou com palestra ministrada pelo secret\u00e1rio municipal de Sa\u00fade, M\u00e9dico Danilo Menezes, que destacou a import\u00e2ncia do diagn\u00f3stico precoce e dos exames regulares. Segundo o secret\u00e1rio, muitos casos de c\u00e2ncer de pr\u00f3stata s\u00e3o descobertos tardiamente por medo ou desinforma\u00e7\u00e3o. \u201cO Novembro Azul \u00e9 um momento de reflex\u00e3o e a\u00e7\u00e3o. Precisamos quebrar o tabu e incentivar os homens a procurarem atendimento m\u00e9dico com regularidade\u201d, afirmou. Comunidade local marcou presen\u00e7a em peso. Entre os participantes estavam o vereador Luiz Carlos \u2018Palito\u2019, profissionais da sa\u00fade e lideran\u00e7as comunit\u00e1rias, que refor\u00e7aram a import\u00e2ncia do di\u00e1logo aberto sobre o tema. Durante a a\u00e7\u00e3o, foram distribu\u00eddos materiais informativos e realizados atendimentos com orienta\u00e7\u00f5es m\u00e9dicas e encaminhamentos para exames preventivos. A proposta foi mostrar que o cuidado com a sa\u00fade \u00e9 uma atitude de coragem, n\u00e3o de fraqueza. Campanha Novembro Azul segue mobilizando diversas unidades de sa\u00fade do munic\u00edpio. A Secretaria refor\u00e7ou que a preven\u00e7\u00e3o salva vidas e que o diagn\u00f3stico precoce \u00e9 o caminho mais eficaz para o tratamento bem-sucedido. Conscientizar os homens sobre a import\u00e2ncia da preven\u00e7\u00e3o \u00e9 um desafio constante, mas a mobiliza\u00e7\u00e3o mostra que a comunidade de Brumado est\u00e1 comprometida em vencer o preconceito e priorizar a sa\u00fade masculina.","og_url":"https:\/\/sudoesteacontece.com.br\/?p=2482","og_site_name":"Sudoesteacontece","article_publisher":"https:\/\/www.facebook.com\/sudoesteacontece\/?locale=pt_BR","article_published_time":"2025-11-13T14:36:04+00:00","article_modified_time":"2025-11-13T14:36:09+00:00","og_image":[{"width":900,"height":600,"url":"https:\/\/sudoesteacontece.com.br\/wp-content\/uploads\/2025\/11\/Brumado-realiza-acao-do-Novembro-Azul-e-reforca-prevencao-contra-o-cancer-de-prostata-SUDOESTE-ACONTECE.jpg","type":"image\/jpeg"}],"author":"Washington Tiago","twitter_card":"summary_large_image","twitter_misc":{"Escrito por":"Washington Tiago","Est. tempo de leitura":"2 minutos"},"schema":{"@context":"https:\/\/schema.org","@graph":[{"@type":"Article","@id":"https:\/\/sudoesteacontece.com.br\/?p=2482#article","isPartOf":{"@id":"https:\/\/sudoesteacontece.com.br\/?p=2482"},"author":{"name":"Washington Tiago","@id":"https:\/\/sudoesteacontece.com.br\/#\/schema\/person\/3cf2cf009926a9683ebc29d5379fa79c"},"headline":"Brumado realiza a\u00e7\u00e3o do Novembro Azul e refor\u00e7a preven\u00e7\u00e3o contra o c\u00e2ncer de pr\u00f3stata","datePublished":"2025-11-13T14:36:04+00:00","dateModified":"2025-11-13T14:36:09+00:00","mainEntityOfPage":{"@id":"https:\/\/sudoesteacontece.com.br\/?p=2482"},"wordCount":324,"commentCount":0,"publisher":{"@id":"https:\/\/sudoesteacontece.com.br\/#organization"},"image":{"@id":"https:\/\/sudoesteacontece.com.br\/?p=2482#primaryimage"},"thumbnailUrl":"https:\/\/sudoesteacontece.com.br\/wp-content\/uploads\/2025\/11\/Brumado-realiza-acao-do-Novembro-Azul-e-reforca-prevencao-contra-o-cancer-de-prostata-SUDOESTE-ACONTECE.jpg","articleSection":["Brumado","Pol\u00edtica","Sa\u00fade"],"inLanguage":"pt-BR","potentialAction":[{"@type":"CommentAction","name":"Comment","target":["https:\/\/sudoesteacontece.com.br\/?p=2482#respond"]}]},{"@type":"WebPage","@id":"https:\/\/sudoesteacontece.com.br\/?p=2482","url":"https:\/\/sudoesteacontece.com.br\/?p=2482","name":"Brumado realiza a\u00e7\u00e3o do Novembro Azul e refor\u00e7a preven\u00e7\u00e3o contra o c\u00e2ncer de pr\u00f3stata - Sudoesteacontece","isPartOf":{"@id":"https:\/\/sudoesteacontece.com.br\/#website"},"primaryImageOfPage":{"@id":"https:\/\/sudoesteacontece.com.br\/?p=2482#primaryimage"},"image":{"@id":"https:\/\/sudoesteacontece.com.br\/?p=2482#primaryimage"},"thumbnailUrl":"https:\/\/sudoesteacontece.com.br\/wp-content\/uploads\/2025\/11\/Brumado-realiza-acao-do-Novembro-Azul-e-reforca-prevencao-contra-o-cancer-de-prostata-SUDOESTE-ACONTECE.jpg","datePublished":"2025-11-13T14:36:04+00:00","dateModified":"2025-11-13T14:36:09+00:00","breadcrumb":{"@id":"https:\/\/sudoesteacontece.com.br\/?p=2482#breadcrumb"},"inLanguage":"pt-BR","potentialAction":[{"@type":"ReadAction","target":["https:\/\/sudoesteacontece.com.br\/?p=2482"]}]},{"@type":"ImageObject","inLanguage":"pt-BR","@id":"https:\/\/sudoesteacontece.com.br\/?p=2482#primaryimage","url":"https:\/\/sudoesteacontece.com.br\/wp-content\/uploads\/2025\/11\/Brumado-realiza-acao-do-Novembro-Azul-e-reforca-prevencao-contra-o-cancer-de-prostata-SUDOESTE-ACONTECE.jpg","contentUrl":"https:\/\/sudoesteacontece.com.br\/wp-content\/uploads\/2025\/11\/Brumado-realiza-acao-do-Novembro-Azul-e-reforca-prevencao-contra-o-cancer-de-prostata-SUDOESTE-ACONTECE.jpg","width":900,"height":600},{"@type":"BreadcrumbList","@id":"https:\/\/sudoesteacontece.com.br\/?p=2482#breadcrumb","itemListElement":[{"@type":"ListItem","position":1,"name":"In\u00edcio","item":"https:\/\/sudoesteacontece.com.br\/"},{"@type":"ListItem","position":2,"name":"Brumado realiza a\u00e7\u00e3o do Novembro Azul e refor\u00e7a preven\u00e7\u00e3o contra o c\u00e2ncer de pr\u00f3stata"}]},{"@type":"WebSite","@id":"https:\/\/sudoesteacontece.com.br\/#website","url":"https:\/\/sudoesteacontece.com.br\/","name":"Sudoesteacontece","description":"","publisher":{"@id":"https:\/\/sudoesteacontece.com.br\/#organization"},"potentialAction":[{"@type":"SearchAction","target":{"@type":"EntryPoint","urlTemplate":"https:\/\/sudoesteacontece.com.br\/?s={search_term_string}"},"query-input":{"@type":"PropertyValueSpecification","valueRequired":true,"valueName":"search_term_string"}}],"inLanguage":"pt-BR"},{"@type":"Organization","@id":"https:\/\/sudoesteacontece.com.br\/#organization","name":"Sudoesteacontece","url":"https:\/\/sudoesteacontece.com.br\/","logo":{"@type":"ImageObject","inLanguage":"pt-BR","@id":"https:\/\/sudoesteacontece.com.br\/#\/schema\/logo\/image\/","url":"https:\/\/sudoesteacontece.com.br\/wp-content\/uploads\/2025\/12\/cropped-logo-2-180x180-1.png","contentUrl":"https:\/\/sudoesteacontece.com.br\/wp-content\/uploads\/2025\/12\/cropped-logo-2-180x180-1.png","width":180,"height":180,"caption":"Sudoesteacontece"},"image":{"@id":"https:\/\/sudoesteacontece.com.br\/#\/schema\/logo\/image\/"},"sameAs":["https:\/\/www.facebook.com\/sudoesteacontece\/?locale=pt_BR"]},{"@type":"Person","@id":"https:\/\/sudoesteacontece.com.br\/#\/schema\/person\/3cf2cf009926a9683ebc29d5379fa79c","name":"Washington Tiago","image":{"@type":"ImageObject","inLanguage":"pt-BR","@id":"https:\/\/sudoesteacontece.com.br\/#\/schema\/person\/image\/","url":"https:\/\/secure.gravatar.com\/avatar\/33c43b8668157e040f9d1fe93c354bf087cbd8ba36270c1163198bd3ddcf2a56?s=96&d=mm&r=g","contentUrl":"https:\/\/secure.gravatar.com\/avatar\/33c43b8668157e040f9d1fe93c354bf087cbd8ba36270c1163198bd3ddcf2a56?s=96&d=mm&r=g","caption":"Washington Tiago"},"url":"https:\/\/sudoesteacontece.com.br\/?author=2"}]}},"_links":{"self":[{"href":"https:\/\/sudoesteacontece.com.br\/index.php?rest_route=\/wp\/v2\/posts\/2482","targetHints":{"allow":["GET"]}}],"collection":[{"href":"https:\/\/sudoesteacontece.com.br\/index.php?rest_route=\/wp\/v2\/posts"}],"about":[{"href":"https:\/\/sudoesteacontece.com.br\/index.php?rest_route=\/wp\/v2\/types\/post"}],"author":[{"embeddable":true,"href":"https:\/\/sudoesteacontece.com.br\/index.php?rest_route=\/wp\/v2\/users\/2"}],"replies":[{"embeddable":true,"href":"https:\/\/sudoesteacontece.com.br\/index.php?rest_route=%2Fwp%2Fv2%2Fcomments&post=2482"}],"version-history":[{"count":0,"href":"https:\/\/sudoesteacontece.com.br\/index.php?rest_route=\/wp\/v2\/posts\/2482\/revisions"}],"wp:featuredmedia":[{"embeddable":true,"href":"https:\/\/sudoesteacontece.com.br\/index.php?rest_route=\/wp\/v2\/media\/2522"}],"wp:attachment":[{"href":"https:\/\/sudoesteacontece.com.br\/index.php?rest_route=%2Fwp%2Fv2%2Fmedia&parent=2482"}],"wp:term":[{"taxonomy":"category","embeddable":true,"href":"https:\/\/sudoesteacontece.com.br\/index.php?rest_route=%2Fwp%2Fv2%2Fcategories&post=2482"},{"taxonomy":"post_tag","embeddable":true,"href":"https:\/\/sudoesteacontece.com.br\/index.php?rest_route=%2Fwp%2Fv2%2Ftags&post=2482"}],"curies":[{"name":"wp","href":"https:\/\/api.w.org\/{rel}","templated":true}]}}