{"id":2600,"date":"2025-11-14T17:45:48","date_gmt":"2025-11-14T20:45:48","guid":{"rendered":"https:\/\/sudoesteacontece.com.br\/?p=2600"},"modified":"2025-11-14T17:45:50","modified_gmt":"2025-11-14T20:45:50","slug":"pesquisa-revela-que-73-dos-brasileiros-querem-faccoes-tratadas-como-terrorismo","status":"publish","type":"post","link":"https:\/\/sudoesteacontece.com.br\/?p=2600","title":{"rendered":"Pesquisa revela que 73% dos brasileiros querem fac\u00e7\u00f5es tratadas como terrorismo"},"content":{"rendered":"\n<figure class=\"wp-block-image size-full\"><img fetchpriority=\"high\" decoding=\"async\" width=\"900\" height=\"600\" src=\"http:\/\/sudoesteacontece.com.br\/wp-content\/uploads\/2025\/11\/Pesquisa-revela-que-73-dos-brasileiros-querem-faccoes-tratadas-como-terrorismo-sudoeste-acontece.jpg\" alt=\"\" class=\"wp-image-2616\" srcset=\"https:\/\/sudoesteacontece.com.br\/wp-content\/uploads\/2025\/11\/Pesquisa-revela-que-73-dos-brasileiros-querem-faccoes-tratadas-como-terrorismo-sudoeste-acontece.jpg 900w, https:\/\/sudoesteacontece.com.br\/wp-content\/uploads\/2025\/11\/Pesquisa-revela-que-73-dos-brasileiros-querem-faccoes-tratadas-como-terrorismo-sudoeste-acontece-300x200.jpg 300w, https:\/\/sudoesteacontece.com.br\/wp-content\/uploads\/2025\/11\/Pesquisa-revela-que-73-dos-brasileiros-querem-faccoes-tratadas-como-terrorismo-sudoeste-acontece-768x512.jpg 768w\" sizes=\"(max-width: 900px) 100vw, 900px\" \/><\/figure>\n\n\n\n<p><\/p>\n\n\n\n<p>Levantamento da Genial\/Quaest mostra avan\u00e7o da percep\u00e7\u00e3o de inseguran\u00e7a e pressiona Congresso durante debate do PL Antifac\u00e7\u00e3o.<\/p>\n\n\n\n<p>Majoridade dos brasileiros defende que fac\u00e7\u00f5es criminosas sejam enquadradas como grupos terroristas. Dado aparece em nova pesquisa Genial\/Quaest divulgada ontem (12). Estudo indica que 73% da popula\u00e7\u00e3o aprova a medida, que voltou ao centro da discuss\u00e3o com o avan\u00e7o do PL Antifac\u00e7\u00e3o na C\u00e2mara.<\/p>\n\n\n\n<p>Levantamento ouviu 2.004 pessoas entre 6 e 9 de novembro em 120 munic\u00edpios. Margem de erro \u00e9 de dois pontos percentuais. Pa\u00eds vive crescente sensa\u00e7\u00e3o de inseguran\u00e7a. Segundo o instituto, 38% veem a viol\u00eancia como principal problema do Brasil, oito pontos acima de outubro.<\/p>\n\n\n\n<p>Percep\u00e7\u00e3o sobre o sistema de justi\u00e7a tamb\u00e9m preocupa. Ao todo, 86% concordam que \u201ca pol\u00edcia prende, mas a justi\u00e7a solta porque a legisla\u00e7\u00e3o \u00e9 fraca\u201d. N\u00famero refor\u00e7a press\u00f5es por mudan\u00e7as na lei e por respostas mais duras ao crime organizado.<\/p>\n\n\n\n<p>Polariza\u00e7\u00e3o aparece na avalia\u00e7\u00e3o do governo. Metade dos entrevistados desaprova a gest\u00e3o Lula, enquanto 47% aprovam. Cen\u00e1rio inclui a defesa de leis mais r\u00edgidas: 46% querem penas maiores como solu\u00e7\u00e3o imediata para a seguran\u00e7a p\u00fablica.<\/p>\n\n\n\n<p>Outros dados chamaram aten\u00e7\u00e3o no campo pol\u00edtico. Para 45% dos consultados, Lula saiu \u201cmais forte\u201d ap\u00f3s o encontro com Donald Trump. Resultado revela que o evento influenciou a percep\u00e7\u00e3o de parte significativa do eleitorado.<\/p>\n\n\n\n<p>Opera\u00e7\u00f5es policiais tamb\u00e9m impactaram o humor nacional. Megaopera\u00e7\u00e3o nos complexos do Alem\u00e3o e da Penha, no fim de outubro, recebeu aprova\u00e7\u00e3o de 67% dos brasileiros, mesmo ap\u00f3s 121 mortos, n\u00famero que marca a a\u00e7\u00e3o mais letal da hist\u00f3ria do Rio. Para 57%, a opera\u00e7\u00e3o n\u00e3o foi \u201cdesastrosa\u201d, posi\u00e7\u00e3o contr\u00e1ria \u00e0 declara\u00e7\u00e3o inicial do presidente Lula.<\/p>\n\n\n\n<p>Avan\u00e7o do PL Antifac\u00e7\u00e3o segue acirrado no Congresso. Relator Guilherme Derrite (PP-SP) recuou duas vezes ap\u00f3s propor equiparar fac\u00e7\u00f5es a grupos terroristas. Mudan\u00e7a enfrentou resist\u00eancia do governo. Integrantes do Minist\u00e9rio da Justi\u00e7a afirmaram que a medida criaria risco \u00e0 soberania e distorceria normas internacionais.<\/p>\n\n\n\n<p>C\u00e2mara mant\u00e9m o texto na pauta. Vota\u00e7\u00e3o pode ocorrer a qualquer momento, sob press\u00e3o de uma opini\u00e3o p\u00fablica que clama por respostas mais duras ao crime.<\/p>\n","protected":false},"excerpt":{"rendered":"<p>Levantamento da Genial\/Quaest mostra avan\u00e7o da percep\u00e7\u00e3o de inseguran\u00e7a e pressiona Congresso durante debate do PL Antifac\u00e7\u00e3o. Majoridade dos brasileiros defende que fac\u00e7\u00f5es criminosas sejam enquadradas como grupos terroristas. Dado aparece em nova pesquisa Genial\/Quaest divulgada ontem (12). Estudo indica que 73% da popula\u00e7\u00e3o aprova a medida, que voltou ao centro da discuss\u00e3o com o avan\u00e7o do PL Antifac\u00e7\u00e3o na C\u00e2mara. Levantamento ouviu 2.004 pessoas entre 6 e 9 de novembro em 120 munic\u00edpios. Margem de erro \u00e9 de dois pontos percentuais. Pa\u00eds vive crescente sensa\u00e7\u00e3o de inseguran\u00e7a. Segundo o instituto, 38% veem a viol\u00eancia como principal problema do Brasil, oito pontos acima de outubro. Percep\u00e7\u00e3o sobre o sistema de justi\u00e7a tamb\u00e9m preocupa. Ao todo, 86% concordam que \u201ca pol\u00edcia prende, mas a justi\u00e7a solta porque a legisla\u00e7\u00e3o \u00e9 fraca\u201d. N\u00famero refor\u00e7a press\u00f5es por mudan\u00e7as na lei e por respostas mais duras ao crime organizado. Polariza\u00e7\u00e3o aparece na avalia\u00e7\u00e3o do governo. Metade dos entrevistados desaprova a gest\u00e3o Lula, enquanto 47% aprovam. Cen\u00e1rio inclui a defesa de leis mais r\u00edgidas: 46% querem penas maiores como solu\u00e7\u00e3o imediata para a seguran\u00e7a p\u00fablica. Outros dados chamaram aten\u00e7\u00e3o no campo pol\u00edtico. Para 45% dos consultados, Lula saiu \u201cmais forte\u201d ap\u00f3s o encontro com Donald Trump. Resultado revela que o evento influenciou a percep\u00e7\u00e3o de parte significativa do eleitorado. Opera\u00e7\u00f5es policiais tamb\u00e9m impactaram o humor nacional. Megaopera\u00e7\u00e3o nos complexos do Alem\u00e3o e da Penha, no fim de outubro, recebeu aprova\u00e7\u00e3o de 67% dos brasileiros, mesmo ap\u00f3s 121 mortos, n\u00famero que marca a a\u00e7\u00e3o mais letal da hist\u00f3ria do Rio. Para 57%, a opera\u00e7\u00e3o n\u00e3o foi \u201cdesastrosa\u201d, posi\u00e7\u00e3o contr\u00e1ria \u00e0 declara\u00e7\u00e3o inicial do presidente Lula. Avan\u00e7o do PL Antifac\u00e7\u00e3o segue acirrado no Congresso. Relator Guilherme Derrite (PP-SP) recuou duas vezes ap\u00f3s propor equiparar fac\u00e7\u00f5es a grupos terroristas. Mudan\u00e7a enfrentou resist\u00eancia do governo. Integrantes do Minist\u00e9rio da Justi\u00e7a afirmaram que a medida criaria risco \u00e0 soberania e distorceria normas internacionais. C\u00e2mara mant\u00e9m o texto na pauta. Vota\u00e7\u00e3o pode ocorrer a qualquer momento, sob press\u00e3o de uma opini\u00e3o p\u00fablica que clama por respostas mais duras ao crime.<\/p>\n","protected":false},"author":2,"featured_media":2616,"comment_status":"open","ping_status":"open","sticky":false,"template":"","format":"standard","meta":{"footnotes":""},"categories":[53,13,3,6],"tags":[],"class_list":["post-2600","post","type-post","status-publish","format-standard","has-post-thumbnail","hentry","category-brasil","category-justica","category-policia","category-politica"],"yoast_head":"<!-- This site is optimized with the Yoast SEO plugin v26.5 - https:\/\/yoast.com\/wordpress\/plugins\/seo\/ -->\n<title>Pesquisa revela que 73% dos brasileiros querem fac\u00e7\u00f5es tratadas como terrorismo - Sudoesteacontece<\/title>\n<meta name=\"robots\" content=\"index, follow, max-snippet:-1, max-image-preview:large, max-video-preview:-1\" \/>\n<link rel=\"canonical\" href=\"https:\/\/sudoesteacontece.com.br\/?p=2600\" \/>\n<meta property=\"og:locale\" content=\"pt_BR\" \/>\n<meta property=\"og:type\" content=\"article\" \/>\n<meta property=\"og:title\" content=\"Pesquisa revela que 73% dos brasileiros querem fac\u00e7\u00f5es tratadas como terrorismo - Sudoesteacontece\" \/>\n<meta property=\"og:description\" content=\"Levantamento da Genial\/Quaest mostra avan\u00e7o da percep\u00e7\u00e3o de inseguran\u00e7a e pressiona Congresso durante debate do PL Antifac\u00e7\u00e3o. Majoridade dos brasileiros defende que fac\u00e7\u00f5es criminosas sejam enquadradas como grupos terroristas. Dado aparece em nova pesquisa Genial\/Quaest divulgada ontem (12). Estudo indica que 73% da popula\u00e7\u00e3o aprova a medida, que voltou ao centro da discuss\u00e3o com o avan\u00e7o do PL Antifac\u00e7\u00e3o na C\u00e2mara. Levantamento ouviu 2.004 pessoas entre 6 e 9 de novembro em 120 munic\u00edpios. Margem de erro \u00e9 de dois pontos percentuais. Pa\u00eds vive crescente sensa\u00e7\u00e3o de inseguran\u00e7a. Segundo o instituto, 38% veem a viol\u00eancia como principal problema do Brasil, oito pontos acima de outubro. Percep\u00e7\u00e3o sobre o sistema de justi\u00e7a tamb\u00e9m preocupa. Ao todo, 86% concordam que \u201ca pol\u00edcia prende, mas a justi\u00e7a solta porque a legisla\u00e7\u00e3o \u00e9 fraca\u201d. N\u00famero refor\u00e7a press\u00f5es por mudan\u00e7as na lei e por respostas mais duras ao crime organizado. Polariza\u00e7\u00e3o aparece na avalia\u00e7\u00e3o do governo. Metade dos entrevistados desaprova a gest\u00e3o Lula, enquanto 47% aprovam. Cen\u00e1rio inclui a defesa de leis mais r\u00edgidas: 46% querem penas maiores como solu\u00e7\u00e3o imediata para a seguran\u00e7a p\u00fablica. Outros dados chamaram aten\u00e7\u00e3o no campo pol\u00edtico. Para 45% dos consultados, Lula saiu \u201cmais forte\u201d ap\u00f3s o encontro com Donald Trump. Resultado revela que o evento influenciou a percep\u00e7\u00e3o de parte significativa do eleitorado. Opera\u00e7\u00f5es policiais tamb\u00e9m impactaram o humor nacional. Megaopera\u00e7\u00e3o nos complexos do Alem\u00e3o e da Penha, no fim de outubro, recebeu aprova\u00e7\u00e3o de 67% dos brasileiros, mesmo ap\u00f3s 121 mortos, n\u00famero que marca a a\u00e7\u00e3o mais letal da hist\u00f3ria do Rio. Para 57%, a opera\u00e7\u00e3o n\u00e3o foi \u201cdesastrosa\u201d, posi\u00e7\u00e3o contr\u00e1ria \u00e0 declara\u00e7\u00e3o inicial do presidente Lula. Avan\u00e7o do PL Antifac\u00e7\u00e3o segue acirrado no Congresso. Relator Guilherme Derrite (PP-SP) recuou duas vezes ap\u00f3s propor equiparar fac\u00e7\u00f5es a grupos terroristas. Mudan\u00e7a enfrentou resist\u00eancia do governo. Integrantes do Minist\u00e9rio da Justi\u00e7a afirmaram que a medida criaria risco \u00e0 soberania e distorceria normas internacionais. C\u00e2mara mant\u00e9m o texto na pauta. Vota\u00e7\u00e3o pode ocorrer a qualquer momento, sob press\u00e3o de uma opini\u00e3o p\u00fablica que clama por respostas mais duras ao crime.\" \/>\n<meta property=\"og:url\" content=\"https:\/\/sudoesteacontece.com.br\/?p=2600\" \/>\n<meta property=\"og:site_name\" content=\"Sudoesteacontece\" \/>\n<meta property=\"article:publisher\" content=\"https:\/\/www.facebook.com\/sudoesteacontece\/?locale=pt_BR\" \/>\n<meta property=\"article:published_time\" content=\"2025-11-14T20:45:48+00:00\" \/>\n<meta property=\"article:modified_time\" content=\"2025-11-14T20:45:50+00:00\" \/>\n<meta property=\"og:image\" content=\"https:\/\/sudoesteacontece.com.br\/wp-content\/uploads\/2025\/11\/Pesquisa-revela-que-73-dos-brasileiros-querem-faccoes-tratadas-como-terrorismo-sudoeste-acontece.jpg\" \/>\n\t<meta property=\"og:image:width\" content=\"900\" \/>\n\t<meta property=\"og:image:height\" content=\"600\" \/>\n\t<meta property=\"og:image:type\" content=\"image\/jpeg\" \/>\n<meta name=\"author\" content=\"Washington Tiago\" \/>\n<meta name=\"twitter:card\" content=\"summary_large_image\" \/>\n<meta name=\"twitter:label1\" content=\"Escrito por\" \/>\n\t<meta name=\"twitter:data1\" content=\"Washington Tiago\" \/>\n\t<meta name=\"twitter:label2\" content=\"Est. tempo de leitura\" \/>\n\t<meta name=\"twitter:data2\" content=\"2 minutos\" \/>\n<script type=\"application\/ld+json\" class=\"yoast-schema-graph\">{\"@context\":\"https:\/\/schema.org\",\"@graph\":[{\"@type\":\"Article\",\"@id\":\"https:\/\/sudoesteacontece.com.br\/?p=2600#article\",\"isPartOf\":{\"@id\":\"https:\/\/sudoesteacontece.com.br\/?p=2600\"},\"author\":{\"name\":\"Washington Tiago\",\"@id\":\"https:\/\/sudoesteacontece.com.br\/#\/schema\/person\/3cf2cf009926a9683ebc29d5379fa79c\"},\"headline\":\"Pesquisa revela que 73% dos brasileiros querem fac\u00e7\u00f5es tratadas como terrorismo\",\"datePublished\":\"2025-11-14T20:45:48+00:00\",\"dateModified\":\"2025-11-14T20:45:50+00:00\",\"mainEntityOfPage\":{\"@id\":\"https:\/\/sudoesteacontece.com.br\/?p=2600\"},\"wordCount\":399,\"commentCount\":0,\"publisher\":{\"@id\":\"https:\/\/sudoesteacontece.com.br\/#organization\"},\"image\":{\"@id\":\"https:\/\/sudoesteacontece.com.br\/?p=2600#primaryimage\"},\"thumbnailUrl\":\"https:\/\/sudoesteacontece.com.br\/wp-content\/uploads\/2025\/11\/Pesquisa-revela-que-73-dos-brasileiros-querem-faccoes-tratadas-como-terrorismo-sudoeste-acontece.jpg\",\"articleSection\":[\"Brasil\",\"Justi\u00e7a\",\"Pol\u00edcia\",\"Pol\u00edtica\"],\"inLanguage\":\"pt-BR\",\"potentialAction\":[{\"@type\":\"CommentAction\",\"name\":\"Comment\",\"target\":[\"https:\/\/sudoesteacontece.com.br\/?p=2600#respond\"]}]},{\"@type\":\"WebPage\",\"@id\":\"https:\/\/sudoesteacontece.com.br\/?p=2600\",\"url\":\"https:\/\/sudoesteacontece.com.br\/?p=2600\",\"name\":\"Pesquisa revela que 73% dos brasileiros querem fac\u00e7\u00f5es tratadas como terrorismo - Sudoesteacontece\",\"isPartOf\":{\"@id\":\"https:\/\/sudoesteacontece.com.br\/#website\"},\"primaryImageOfPage\":{\"@id\":\"https:\/\/sudoesteacontece.com.br\/?p=2600#primaryimage\"},\"image\":{\"@id\":\"https:\/\/sudoesteacontece.com.br\/?p=2600#primaryimage\"},\"thumbnailUrl\":\"https:\/\/sudoesteacontece.com.br\/wp-content\/uploads\/2025\/11\/Pesquisa-revela-que-73-dos-brasileiros-querem-faccoes-tratadas-como-terrorismo-sudoeste-acontece.jpg\",\"datePublished\":\"2025-11-14T20:45:48+00:00\",\"dateModified\":\"2025-11-14T20:45:50+00:00\",\"breadcrumb\":{\"@id\":\"https:\/\/sudoesteacontece.com.br\/?p=2600#breadcrumb\"},\"inLanguage\":\"pt-BR\",\"potentialAction\":[{\"@type\":\"ReadAction\",\"target\":[\"https:\/\/sudoesteacontece.com.br\/?p=2600\"]}]},{\"@type\":\"ImageObject\",\"inLanguage\":\"pt-BR\",\"@id\":\"https:\/\/sudoesteacontece.com.br\/?p=2600#primaryimage\",\"url\":\"https:\/\/sudoesteacontece.com.br\/wp-content\/uploads\/2025\/11\/Pesquisa-revela-que-73-dos-brasileiros-querem-faccoes-tratadas-como-terrorismo-sudoeste-acontece.jpg\",\"contentUrl\":\"https:\/\/sudoesteacontece.com.br\/wp-content\/uploads\/2025\/11\/Pesquisa-revela-que-73-dos-brasileiros-querem-faccoes-tratadas-como-terrorismo-sudoeste-acontece.jpg\",\"width\":900,\"height\":600},{\"@type\":\"BreadcrumbList\",\"@id\":\"https:\/\/sudoesteacontece.com.br\/?p=2600#breadcrumb\",\"itemListElement\":[{\"@type\":\"ListItem\",\"position\":1,\"name\":\"In\u00edcio\",\"item\":\"https:\/\/sudoesteacontece.com.br\/\"},{\"@type\":\"ListItem\",\"position\":2,\"name\":\"Pesquisa revela que 73% dos brasileiros querem fac\u00e7\u00f5es tratadas como terrorismo\"}]},{\"@type\":\"WebSite\",\"@id\":\"https:\/\/sudoesteacontece.com.br\/#website\",\"url\":\"https:\/\/sudoesteacontece.com.br\/\",\"name\":\"Sudoesteacontece\",\"description\":\"\",\"publisher\":{\"@id\":\"https:\/\/sudoesteacontece.com.br\/#organization\"},\"potentialAction\":[{\"@type\":\"SearchAction\",\"target\":{\"@type\":\"EntryPoint\",\"urlTemplate\":\"https:\/\/sudoesteacontece.com.br\/?s={search_term_string}\"},\"query-input\":{\"@type\":\"PropertyValueSpecification\",\"valueRequired\":true,\"valueName\":\"search_term_string\"}}],\"inLanguage\":\"pt-BR\"},{\"@type\":\"Organization\",\"@id\":\"https:\/\/sudoesteacontece.com.br\/#organization\",\"name\":\"Sudoesteacontece\",\"url\":\"https:\/\/sudoesteacontece.com.br\/\",\"logo\":{\"@type\":\"ImageObject\",\"inLanguage\":\"pt-BR\",\"@id\":\"https:\/\/sudoesteacontece.com.br\/#\/schema\/logo\/image\/\",\"url\":\"https:\/\/sudoesteacontece.com.br\/wp-content\/uploads\/2025\/12\/cropped-logo-2-180x180-1.png\",\"contentUrl\":\"https:\/\/sudoesteacontece.com.br\/wp-content\/uploads\/2025\/12\/cropped-logo-2-180x180-1.png\",\"width\":180,\"height\":180,\"caption\":\"Sudoesteacontece\"},\"image\":{\"@id\":\"https:\/\/sudoesteacontece.com.br\/#\/schema\/logo\/image\/\"},\"sameAs\":[\"https:\/\/www.facebook.com\/sudoesteacontece\/?locale=pt_BR\"]},{\"@type\":\"Person\",\"@id\":\"https:\/\/sudoesteacontece.com.br\/#\/schema\/person\/3cf2cf009926a9683ebc29d5379fa79c\",\"name\":\"Washington Tiago\",\"image\":{\"@type\":\"ImageObject\",\"inLanguage\":\"pt-BR\",\"@id\":\"https:\/\/sudoesteacontece.com.br\/#\/schema\/person\/image\/\",\"url\":\"https:\/\/secure.gravatar.com\/avatar\/33c43b8668157e040f9d1fe93c354bf087cbd8ba36270c1163198bd3ddcf2a56?s=96&d=mm&r=g\",\"contentUrl\":\"https:\/\/secure.gravatar.com\/avatar\/33c43b8668157e040f9d1fe93c354bf087cbd8ba36270c1163198bd3ddcf2a56?s=96&d=mm&r=g\",\"caption\":\"Washington Tiago\"},\"url\":\"https:\/\/sudoesteacontece.com.br\/?author=2\"}]}<\/script>\n<!-- \/ Yoast SEO plugin. -->","yoast_head_json":{"title":"Pesquisa revela que 73% dos brasileiros querem fac\u00e7\u00f5es tratadas como terrorismo - Sudoesteacontece","robots":{"index":"index","follow":"follow","max-snippet":"max-snippet:-1","max-image-preview":"max-image-preview:large","max-video-preview":"max-video-preview:-1"},"canonical":"https:\/\/sudoesteacontece.com.br\/?p=2600","og_locale":"pt_BR","og_type":"article","og_title":"Pesquisa revela que 73% dos brasileiros querem fac\u00e7\u00f5es tratadas como terrorismo - Sudoesteacontece","og_description":"Levantamento da Genial\/Quaest mostra avan\u00e7o da percep\u00e7\u00e3o de inseguran\u00e7a e pressiona Congresso durante debate do PL Antifac\u00e7\u00e3o. Majoridade dos brasileiros defende que fac\u00e7\u00f5es criminosas sejam enquadradas como grupos terroristas. Dado aparece em nova pesquisa Genial\/Quaest divulgada ontem (12). Estudo indica que 73% da popula\u00e7\u00e3o aprova a medida, que voltou ao centro da discuss\u00e3o com o avan\u00e7o do PL Antifac\u00e7\u00e3o na C\u00e2mara. Levantamento ouviu 2.004 pessoas entre 6 e 9 de novembro em 120 munic\u00edpios. Margem de erro \u00e9 de dois pontos percentuais. Pa\u00eds vive crescente sensa\u00e7\u00e3o de inseguran\u00e7a. Segundo o instituto, 38% veem a viol\u00eancia como principal problema do Brasil, oito pontos acima de outubro. Percep\u00e7\u00e3o sobre o sistema de justi\u00e7a tamb\u00e9m preocupa. Ao todo, 86% concordam que \u201ca pol\u00edcia prende, mas a justi\u00e7a solta porque a legisla\u00e7\u00e3o \u00e9 fraca\u201d. N\u00famero refor\u00e7a press\u00f5es por mudan\u00e7as na lei e por respostas mais duras ao crime organizado. Polariza\u00e7\u00e3o aparece na avalia\u00e7\u00e3o do governo. Metade dos entrevistados desaprova a gest\u00e3o Lula, enquanto 47% aprovam. Cen\u00e1rio inclui a defesa de leis mais r\u00edgidas: 46% querem penas maiores como solu\u00e7\u00e3o imediata para a seguran\u00e7a p\u00fablica. Outros dados chamaram aten\u00e7\u00e3o no campo pol\u00edtico. Para 45% dos consultados, Lula saiu \u201cmais forte\u201d ap\u00f3s o encontro com Donald Trump. Resultado revela que o evento influenciou a percep\u00e7\u00e3o de parte significativa do eleitorado. Opera\u00e7\u00f5es policiais tamb\u00e9m impactaram o humor nacional. Megaopera\u00e7\u00e3o nos complexos do Alem\u00e3o e da Penha, no fim de outubro, recebeu aprova\u00e7\u00e3o de 67% dos brasileiros, mesmo ap\u00f3s 121 mortos, n\u00famero que marca a a\u00e7\u00e3o mais letal da hist\u00f3ria do Rio. Para 57%, a opera\u00e7\u00e3o n\u00e3o foi \u201cdesastrosa\u201d, posi\u00e7\u00e3o contr\u00e1ria \u00e0 declara\u00e7\u00e3o inicial do presidente Lula. Avan\u00e7o do PL Antifac\u00e7\u00e3o segue acirrado no Congresso. Relator Guilherme Derrite (PP-SP) recuou duas vezes ap\u00f3s propor equiparar fac\u00e7\u00f5es a grupos terroristas. Mudan\u00e7a enfrentou resist\u00eancia do governo. Integrantes do Minist\u00e9rio da Justi\u00e7a afirmaram que a medida criaria risco \u00e0 soberania e distorceria normas internacionais. C\u00e2mara mant\u00e9m o texto na pauta. Vota\u00e7\u00e3o pode ocorrer a qualquer momento, sob press\u00e3o de uma opini\u00e3o p\u00fablica que clama por respostas mais duras ao crime.","og_url":"https:\/\/sudoesteacontece.com.br\/?p=2600","og_site_name":"Sudoesteacontece","article_publisher":"https:\/\/www.facebook.com\/sudoesteacontece\/?locale=pt_BR","article_published_time":"2025-11-14T20:45:48+00:00","article_modified_time":"2025-11-14T20:45:50+00:00","og_image":[{"width":900,"height":600,"url":"https:\/\/sudoesteacontece.com.br\/wp-content\/uploads\/2025\/11\/Pesquisa-revela-que-73-dos-brasileiros-querem-faccoes-tratadas-como-terrorismo-sudoeste-acontece.jpg","type":"image\/jpeg"}],"author":"Washington Tiago","twitter_card":"summary_large_image","twitter_misc":{"Escrito por":"Washington Tiago","Est. tempo de leitura":"2 minutos"},"schema":{"@context":"https:\/\/schema.org","@graph":[{"@type":"Article","@id":"https:\/\/sudoesteacontece.com.br\/?p=2600#article","isPartOf":{"@id":"https:\/\/sudoesteacontece.com.br\/?p=2600"},"author":{"name":"Washington Tiago","@id":"https:\/\/sudoesteacontece.com.br\/#\/schema\/person\/3cf2cf009926a9683ebc29d5379fa79c"},"headline":"Pesquisa revela que 73% dos brasileiros querem fac\u00e7\u00f5es tratadas como terrorismo","datePublished":"2025-11-14T20:45:48+00:00","dateModified":"2025-11-14T20:45:50+00:00","mainEntityOfPage":{"@id":"https:\/\/sudoesteacontece.com.br\/?p=2600"},"wordCount":399,"commentCount":0,"publisher":{"@id":"https:\/\/sudoesteacontece.com.br\/#organization"},"image":{"@id":"https:\/\/sudoesteacontece.com.br\/?p=2600#primaryimage"},"thumbnailUrl":"https:\/\/sudoesteacontece.com.br\/wp-content\/uploads\/2025\/11\/Pesquisa-revela-que-73-dos-brasileiros-querem-faccoes-tratadas-como-terrorismo-sudoeste-acontece.jpg","articleSection":["Brasil","Justi\u00e7a","Pol\u00edcia","Pol\u00edtica"],"inLanguage":"pt-BR","potentialAction":[{"@type":"CommentAction","name":"Comment","target":["https:\/\/sudoesteacontece.com.br\/?p=2600#respond"]}]},{"@type":"WebPage","@id":"https:\/\/sudoesteacontece.com.br\/?p=2600","url":"https:\/\/sudoesteacontece.com.br\/?p=2600","name":"Pesquisa revela que 73% dos brasileiros querem fac\u00e7\u00f5es tratadas como terrorismo - Sudoesteacontece","isPartOf":{"@id":"https:\/\/sudoesteacontece.com.br\/#website"},"primaryImageOfPage":{"@id":"https:\/\/sudoesteacontece.com.br\/?p=2600#primaryimage"},"image":{"@id":"https:\/\/sudoesteacontece.com.br\/?p=2600#primaryimage"},"thumbnailUrl":"https:\/\/sudoesteacontece.com.br\/wp-content\/uploads\/2025\/11\/Pesquisa-revela-que-73-dos-brasileiros-querem-faccoes-tratadas-como-terrorismo-sudoeste-acontece.jpg","datePublished":"2025-11-14T20:45:48+00:00","dateModified":"2025-11-14T20:45:50+00:00","breadcrumb":{"@id":"https:\/\/sudoesteacontece.com.br\/?p=2600#breadcrumb"},"inLanguage":"pt-BR","potentialAction":[{"@type":"ReadAction","target":["https:\/\/sudoesteacontece.com.br\/?p=2600"]}]},{"@type":"ImageObject","inLanguage":"pt-BR","@id":"https:\/\/sudoesteacontece.com.br\/?p=2600#primaryimage","url":"https:\/\/sudoesteacontece.com.br\/wp-content\/uploads\/2025\/11\/Pesquisa-revela-que-73-dos-brasileiros-querem-faccoes-tratadas-como-terrorismo-sudoeste-acontece.jpg","contentUrl":"https:\/\/sudoesteacontece.com.br\/wp-content\/uploads\/2025\/11\/Pesquisa-revela-que-73-dos-brasileiros-querem-faccoes-tratadas-como-terrorismo-sudoeste-acontece.jpg","width":900,"height":600},{"@type":"BreadcrumbList","@id":"https:\/\/sudoesteacontece.com.br\/?p=2600#breadcrumb","itemListElement":[{"@type":"ListItem","position":1,"name":"In\u00edcio","item":"https:\/\/sudoesteacontece.com.br\/"},{"@type":"ListItem","position":2,"name":"Pesquisa revela que 73% dos brasileiros querem fac\u00e7\u00f5es tratadas como terrorismo"}]},{"@type":"WebSite","@id":"https:\/\/sudoesteacontece.com.br\/#website","url":"https:\/\/sudoesteacontece.com.br\/","name":"Sudoesteacontece","description":"","publisher":{"@id":"https:\/\/sudoesteacontece.com.br\/#organization"},"potentialAction":[{"@type":"SearchAction","target":{"@type":"EntryPoint","urlTemplate":"https:\/\/sudoesteacontece.com.br\/?s={search_term_string}"},"query-input":{"@type":"PropertyValueSpecification","valueRequired":true,"valueName":"search_term_string"}}],"inLanguage":"pt-BR"},{"@type":"Organization","@id":"https:\/\/sudoesteacontece.com.br\/#organization","name":"Sudoesteacontece","url":"https:\/\/sudoesteacontece.com.br\/","logo":{"@type":"ImageObject","inLanguage":"pt-BR","@id":"https:\/\/sudoesteacontece.com.br\/#\/schema\/logo\/image\/","url":"https:\/\/sudoesteacontece.com.br\/wp-content\/uploads\/2025\/12\/cropped-logo-2-180x180-1.png","contentUrl":"https:\/\/sudoesteacontece.com.br\/wp-content\/uploads\/2025\/12\/cropped-logo-2-180x180-1.png","width":180,"height":180,"caption":"Sudoesteacontece"},"image":{"@id":"https:\/\/sudoesteacontece.com.br\/#\/schema\/logo\/image\/"},"sameAs":["https:\/\/www.facebook.com\/sudoesteacontece\/?locale=pt_BR"]},{"@type":"Person","@id":"https:\/\/sudoesteacontece.com.br\/#\/schema\/person\/3cf2cf009926a9683ebc29d5379fa79c","name":"Washington Tiago","image":{"@type":"ImageObject","inLanguage":"pt-BR","@id":"https:\/\/sudoesteacontece.com.br\/#\/schema\/person\/image\/","url":"https:\/\/secure.gravatar.com\/avatar\/33c43b8668157e040f9d1fe93c354bf087cbd8ba36270c1163198bd3ddcf2a56?s=96&d=mm&r=g","contentUrl":"https:\/\/secure.gravatar.com\/avatar\/33c43b8668157e040f9d1fe93c354bf087cbd8ba36270c1163198bd3ddcf2a56?s=96&d=mm&r=g","caption":"Washington Tiago"},"url":"https:\/\/sudoesteacontece.com.br\/?author=2"}]}},"_links":{"self":[{"href":"https:\/\/sudoesteacontece.com.br\/index.php?rest_route=\/wp\/v2\/posts\/2600","targetHints":{"allow":["GET"]}}],"collection":[{"href":"https:\/\/sudoesteacontece.com.br\/index.php?rest_route=\/wp\/v2\/posts"}],"about":[{"href":"https:\/\/sudoesteacontece.com.br\/index.php?rest_route=\/wp\/v2\/types\/post"}],"author":[{"embeddable":true,"href":"https:\/\/sudoesteacontece.com.br\/index.php?rest_route=\/wp\/v2\/users\/2"}],"replies":[{"embeddable":true,"href":"https:\/\/sudoesteacontece.com.br\/index.php?rest_route=%2Fwp%2Fv2%2Fcomments&post=2600"}],"version-history":[{"count":0,"href":"https:\/\/sudoesteacontece.com.br\/index.php?rest_route=\/wp\/v2\/posts\/2600\/revisions"}],"wp:featuredmedia":[{"embeddable":true,"href":"https:\/\/sudoesteacontece.com.br\/index.php?rest_route=\/wp\/v2\/media\/2616"}],"wp:attachment":[{"href":"https:\/\/sudoesteacontece.com.br\/index.php?rest_route=%2Fwp%2Fv2%2Fmedia&parent=2600"}],"wp:term":[{"taxonomy":"category","embeddable":true,"href":"https:\/\/sudoesteacontece.com.br\/index.php?rest_route=%2Fwp%2Fv2%2Fcategories&post=2600"},{"taxonomy":"post_tag","embeddable":true,"href":"https:\/\/sudoesteacontece.com.br\/index.php?rest_route=%2Fwp%2Fv2%2Ftags&post=2600"}],"curies":[{"name":"wp","href":"https:\/\/api.w.org\/{rel}","templated":true}]}}