{"id":2665,"date":"2025-11-15T09:42:42","date_gmt":"2025-11-15T12:42:42","guid":{"rendered":"https:\/\/sudoesteacontece.com.br\/?p=2665"},"modified":"2025-11-15T09:42:44","modified_gmt":"2025-11-15T12:42:44","slug":"guanambi-cria-camara-tecnica-para-investigar-mortes-infantis-fetais-e-maternas","status":"publish","type":"post","link":"https:\/\/sudoesteacontece.com.br\/?p=2665","title":{"rendered":"Guanambi cria C\u00e2mara T\u00e9cnica para investigar mortes infantis, fetais e maternas"},"content":{"rendered":"<div class=\"wp-block-image\">\n<figure class=\"aligncenter size-full\"><img fetchpriority=\"high\" decoding=\"async\" width=\"900\" height=\"600\" src=\"http:\/\/sudoesteacontece.com.br\/wp-content\/uploads\/2025\/11\/Guanambi-cria-Camara-Tecnica-para-investigar-mortes-infantis-fetais-e-maternas-sudoeste-acontece.jpg\" alt=\"\" class=\"wp-image-2681\" srcset=\"https:\/\/sudoesteacontece.com.br\/wp-content\/uploads\/2025\/11\/Guanambi-cria-Camara-Tecnica-para-investigar-mortes-infantis-fetais-e-maternas-sudoeste-acontece.jpg 900w, https:\/\/sudoesteacontece.com.br\/wp-content\/uploads\/2025\/11\/Guanambi-cria-Camara-Tecnica-para-investigar-mortes-infantis-fetais-e-maternas-sudoeste-acontece-300x200.jpg 300w, https:\/\/sudoesteacontece.com.br\/wp-content\/uploads\/2025\/11\/Guanambi-cria-Camara-Tecnica-para-investigar-mortes-infantis-fetais-e-maternas-sudoeste-acontece-768x512.jpg 768w\" sizes=\"(max-width: 900px) 100vw, 900px\" \/><\/figure>\n<\/div>\n\n\n<p>Guanambi instituiu, nesta quinta-feira (13), uma C\u00e2mara T\u00e9cnica dedicada a investigar \u00f3bitos infantis, fetais, maternos e de mulheres em idade f\u00e9rtil. Medida, publicada na Portaria n\u00ba 043\/2025, busca reduzir mortes evit\u00e1veis e aprimorar a assist\u00eancia em sa\u00fade.<\/p>\n\n\n\n<p>Documento oficial alinha o munic\u00edpio \u00e0s diretrizes do Minist\u00e9rio da Sa\u00fade e da Secretaria da Sa\u00fade da Bahia. Proposta refor\u00e7a a an\u00e1lise cont\u00ednua dos casos, identifica falhas e orienta a\u00e7\u00f5es capazes de proteger gestantes, beb\u00eas e mulheres em idade reprodutiva.<\/p>\n\n\n\n<p>Estrutura definida re\u00fane profissionais de v\u00e1rias \u00e1reas, garantindo um olhar amplo sobre cada ocorr\u00eancia. Representantes da Vigil\u00e2ncia Epidemiol\u00f3gica, Sa\u00fade da Mulher, Sa\u00fade da Crian\u00e7a, Aten\u00e7\u00e3o B\u00e1sica, Aten\u00e7\u00e3o Hospitalar, Informa\u00e7\u00e3o em Sa\u00fade e Pediatria integram o grupo.<\/p>\n\n\n\n<p>Prioridade dada \u00e0 Vigil\u00e2ncia Epidemiol\u00f3gica, Aten\u00e7\u00e3o B\u00e1sica e Informa\u00e7\u00e3o em Sa\u00fade assegura fluxo r\u00e1pido de dados e tomada de decis\u00e3o mais precisa. Inclus\u00e3o de um obstetra e\/ou pediatra refor\u00e7a a an\u00e1lise t\u00e9cnica dos casos mais sens\u00edveis.<\/p>\n\n\n\n<p>A\u00e7\u00f5es previstas envolvem sensibilizar gestores, capacitar equipes e estimular o cumprimento das normas nacionais. Estrat\u00e9gias tamb\u00e9m incluem identificar falhas na assist\u00eancia e revisar fluxos que impactam o atendimento de gestantes e crian\u00e7as.<\/p>\n\n\n\n<p>Recomenda\u00e7\u00f5es ser\u00e3o elaboradas com foco na redu\u00e7\u00e3o de mortes evit\u00e1veis, com relat\u00f3rios peri\u00f3dicos divulgados \u00e0 popula\u00e7\u00e3o. Transpar\u00eancia busca fortalecer o controle social e ampliar a participa\u00e7\u00e3o comunit\u00e1ria.<\/p>\n\n\n\n<p>Funcionamento do grupo prev\u00ea coordena\u00e7\u00e3o eleita por mandato de dois anos, com possibilidade de renova\u00e7\u00e3o. Atividades s\u00e3o consideradas de interesse p\u00fablico, sem remunera\u00e7\u00e3o, mas com libera\u00e7\u00e3o dos participantes durante reuni\u00f5es e a\u00e7\u00f5es.<\/p>\n\n\n\n<p>Reuni\u00f5es mensais garantir\u00e3o acompanhamento cont\u00ednuo dos indicadores de mortalidade. Convoca\u00e7\u00f5es extraordin\u00e1rias podem ocorrer, e a Vigil\u00e2ncia Epidemiol\u00f3gica oferecer\u00e1 suporte administrativo para manter o trabalho ativo.<\/p>\n\n\n\n<p>Portaria entrou em vigor imediatamente, refor\u00e7ando a prioridade do munic\u00edpio em enfrentar um dos temas mais sens\u00edveis da sa\u00fade p\u00fablica. Edi\u00e7\u00e3o completa est\u00e1 dispon\u00edvel no Di\u00e1rio Oficial do Munic\u00edpio.<\/p>\n\n\n\n<p>Se quiser, posso montar vers\u00e3o curta, chamada para redes sociais, t\u00edtulos alternativos, ou card informativo.<\/p>\n","protected":false},"excerpt":{"rendered":"<p>Guanambi instituiu, nesta quinta-feira (13), uma C\u00e2mara T\u00e9cnica dedicada a investigar \u00f3bitos infantis, fetais, maternos e de mulheres em idade f\u00e9rtil. Medida, publicada na Portaria n\u00ba 043\/2025, busca reduzir mortes evit\u00e1veis e aprimorar a assist\u00eancia em sa\u00fade. Documento oficial alinha o munic\u00edpio \u00e0s diretrizes do Minist\u00e9rio da Sa\u00fade e da Secretaria da Sa\u00fade da Bahia. Proposta refor\u00e7a a an\u00e1lise cont\u00ednua dos casos, identifica falhas e orienta a\u00e7\u00f5es capazes de proteger gestantes, beb\u00eas e mulheres em idade reprodutiva. Estrutura definida re\u00fane profissionais de v\u00e1rias \u00e1reas, garantindo um olhar amplo sobre cada ocorr\u00eancia. Representantes da Vigil\u00e2ncia Epidemiol\u00f3gica, Sa\u00fade da Mulher, Sa\u00fade da Crian\u00e7a, Aten\u00e7\u00e3o B\u00e1sica, Aten\u00e7\u00e3o Hospitalar, Informa\u00e7\u00e3o em Sa\u00fade e Pediatria integram o grupo. Prioridade dada \u00e0 Vigil\u00e2ncia Epidemiol\u00f3gica, Aten\u00e7\u00e3o B\u00e1sica e Informa\u00e7\u00e3o em Sa\u00fade assegura fluxo r\u00e1pido de dados e tomada de decis\u00e3o mais precisa. Inclus\u00e3o de um obstetra e\/ou pediatra refor\u00e7a a an\u00e1lise t\u00e9cnica dos casos mais sens\u00edveis. A\u00e7\u00f5es previstas envolvem sensibilizar gestores, capacitar equipes e estimular o cumprimento das normas nacionais. Estrat\u00e9gias tamb\u00e9m incluem identificar falhas na assist\u00eancia e revisar fluxos que impactam o atendimento de gestantes e crian\u00e7as. Recomenda\u00e7\u00f5es ser\u00e3o elaboradas com foco na redu\u00e7\u00e3o de mortes evit\u00e1veis, com relat\u00f3rios peri\u00f3dicos divulgados \u00e0 popula\u00e7\u00e3o. Transpar\u00eancia busca fortalecer o controle social e ampliar a participa\u00e7\u00e3o comunit\u00e1ria. Funcionamento do grupo prev\u00ea coordena\u00e7\u00e3o eleita por mandato de dois anos, com possibilidade de renova\u00e7\u00e3o. Atividades s\u00e3o consideradas de interesse p\u00fablico, sem remunera\u00e7\u00e3o, mas com libera\u00e7\u00e3o dos participantes durante reuni\u00f5es e a\u00e7\u00f5es. Reuni\u00f5es mensais garantir\u00e3o acompanhamento cont\u00ednuo dos indicadores de mortalidade. Convoca\u00e7\u00f5es extraordin\u00e1rias podem ocorrer, e a Vigil\u00e2ncia Epidemiol\u00f3gica oferecer\u00e1 suporte administrativo para manter o trabalho ativo. Portaria entrou em vigor imediatamente, refor\u00e7ando a prioridade do munic\u00edpio em enfrentar um dos temas mais sens\u00edveis da sa\u00fade p\u00fablica. Edi\u00e7\u00e3o completa est\u00e1 dispon\u00edvel no Di\u00e1rio Oficial do Munic\u00edpio. Se quiser, posso montar vers\u00e3o curta, chamada para redes sociais, t\u00edtulos alternativos, ou card informativo.<\/p>\n","protected":false},"author":2,"featured_media":2681,"comment_status":"open","ping_status":"open","sticky":false,"template":"","format":"standard","meta":{"footnotes":""},"categories":[17,6,45],"tags":[],"class_list":["post-2665","post","type-post","status-publish","format-standard","has-post-thumbnail","hentry","category-guanambi","category-politica","category-saude"],"yoast_head":"<!-- This site is optimized with the Yoast SEO plugin v26.5 - https:\/\/yoast.com\/wordpress\/plugins\/seo\/ -->\n<title>Guanambi cria C\u00e2mara T\u00e9cnica para investigar mortes infantis, fetais e maternas - Sudoesteacontece<\/title>\n<meta name=\"robots\" content=\"index, follow, max-snippet:-1, max-image-preview:large, max-video-preview:-1\" \/>\n<link rel=\"canonical\" href=\"https:\/\/sudoesteacontece.com.br\/?p=2665\" \/>\n<meta property=\"og:locale\" content=\"pt_BR\" \/>\n<meta property=\"og:type\" content=\"article\" \/>\n<meta property=\"og:title\" content=\"Guanambi cria C\u00e2mara T\u00e9cnica para investigar mortes infantis, fetais e maternas - Sudoesteacontece\" \/>\n<meta property=\"og:description\" content=\"Guanambi instituiu, nesta quinta-feira (13), uma C\u00e2mara T\u00e9cnica dedicada a investigar \u00f3bitos infantis, fetais, maternos e de mulheres em idade f\u00e9rtil. Medida, publicada na Portaria n\u00ba 043\/2025, busca reduzir mortes evit\u00e1veis e aprimorar a assist\u00eancia em sa\u00fade. Documento oficial alinha o munic\u00edpio \u00e0s diretrizes do Minist\u00e9rio da Sa\u00fade e da Secretaria da Sa\u00fade da Bahia. Proposta refor\u00e7a a an\u00e1lise cont\u00ednua dos casos, identifica falhas e orienta a\u00e7\u00f5es capazes de proteger gestantes, beb\u00eas e mulheres em idade reprodutiva. Estrutura definida re\u00fane profissionais de v\u00e1rias \u00e1reas, garantindo um olhar amplo sobre cada ocorr\u00eancia. Representantes da Vigil\u00e2ncia Epidemiol\u00f3gica, Sa\u00fade da Mulher, Sa\u00fade da Crian\u00e7a, Aten\u00e7\u00e3o B\u00e1sica, Aten\u00e7\u00e3o Hospitalar, Informa\u00e7\u00e3o em Sa\u00fade e Pediatria integram o grupo. Prioridade dada \u00e0 Vigil\u00e2ncia Epidemiol\u00f3gica, Aten\u00e7\u00e3o B\u00e1sica e Informa\u00e7\u00e3o em Sa\u00fade assegura fluxo r\u00e1pido de dados e tomada de decis\u00e3o mais precisa. Inclus\u00e3o de um obstetra e\/ou pediatra refor\u00e7a a an\u00e1lise t\u00e9cnica dos casos mais sens\u00edveis. A\u00e7\u00f5es previstas envolvem sensibilizar gestores, capacitar equipes e estimular o cumprimento das normas nacionais. Estrat\u00e9gias tamb\u00e9m incluem identificar falhas na assist\u00eancia e revisar fluxos que impactam o atendimento de gestantes e crian\u00e7as. Recomenda\u00e7\u00f5es ser\u00e3o elaboradas com foco na redu\u00e7\u00e3o de mortes evit\u00e1veis, com relat\u00f3rios peri\u00f3dicos divulgados \u00e0 popula\u00e7\u00e3o. Transpar\u00eancia busca fortalecer o controle social e ampliar a participa\u00e7\u00e3o comunit\u00e1ria. Funcionamento do grupo prev\u00ea coordena\u00e7\u00e3o eleita por mandato de dois anos, com possibilidade de renova\u00e7\u00e3o. Atividades s\u00e3o consideradas de interesse p\u00fablico, sem remunera\u00e7\u00e3o, mas com libera\u00e7\u00e3o dos participantes durante reuni\u00f5es e a\u00e7\u00f5es. Reuni\u00f5es mensais garantir\u00e3o acompanhamento cont\u00ednuo dos indicadores de mortalidade. Convoca\u00e7\u00f5es extraordin\u00e1rias podem ocorrer, e a Vigil\u00e2ncia Epidemiol\u00f3gica oferecer\u00e1 suporte administrativo para manter o trabalho ativo. Portaria entrou em vigor imediatamente, refor\u00e7ando a prioridade do munic\u00edpio em enfrentar um dos temas mais sens\u00edveis da sa\u00fade p\u00fablica. Edi\u00e7\u00e3o completa est\u00e1 dispon\u00edvel no Di\u00e1rio Oficial do Munic\u00edpio. Se quiser, posso montar vers\u00e3o curta, chamada para redes sociais, t\u00edtulos alternativos, ou card informativo.\" \/>\n<meta property=\"og:url\" content=\"https:\/\/sudoesteacontece.com.br\/?p=2665\" \/>\n<meta property=\"og:site_name\" content=\"Sudoesteacontece\" \/>\n<meta property=\"article:publisher\" content=\"https:\/\/www.facebook.com\/sudoesteacontece\/?locale=pt_BR\" \/>\n<meta property=\"article:published_time\" content=\"2025-11-15T12:42:42+00:00\" \/>\n<meta property=\"article:modified_time\" content=\"2025-11-15T12:42:44+00:00\" \/>\n<meta property=\"og:image\" content=\"https:\/\/sudoesteacontece.com.br\/wp-content\/uploads\/2025\/11\/Guanambi-cria-Camara-Tecnica-para-investigar-mortes-infantis-fetais-e-maternas-sudoeste-acontece.jpg\" \/>\n\t<meta property=\"og:image:width\" content=\"900\" \/>\n\t<meta property=\"og:image:height\" content=\"600\" \/>\n\t<meta property=\"og:image:type\" content=\"image\/jpeg\" \/>\n<meta name=\"author\" content=\"Washington Tiago\" \/>\n<meta name=\"twitter:card\" content=\"summary_large_image\" \/>\n<meta name=\"twitter:label1\" content=\"Escrito por\" \/>\n\t<meta name=\"twitter:data1\" content=\"Washington Tiago\" \/>\n\t<meta name=\"twitter:label2\" content=\"Est. tempo de leitura\" \/>\n\t<meta name=\"twitter:data2\" content=\"2 minutos\" \/>\n<script type=\"application\/ld+json\" class=\"yoast-schema-graph\">{\"@context\":\"https:\/\/schema.org\",\"@graph\":[{\"@type\":\"Article\",\"@id\":\"https:\/\/sudoesteacontece.com.br\/?p=2665#article\",\"isPartOf\":{\"@id\":\"https:\/\/sudoesteacontece.com.br\/?p=2665\"},\"author\":{\"name\":\"Washington Tiago\",\"@id\":\"https:\/\/sudoesteacontece.com.br\/#\/schema\/person\/3cf2cf009926a9683ebc29d5379fa79c\"},\"headline\":\"Guanambi cria C\u00e2mara T\u00e9cnica para investigar mortes infantis, fetais e maternas\",\"datePublished\":\"2025-11-15T12:42:42+00:00\",\"dateModified\":\"2025-11-15T12:42:44+00:00\",\"mainEntityOfPage\":{\"@id\":\"https:\/\/sudoesteacontece.com.br\/?p=2665\"},\"wordCount\":401,\"commentCount\":0,\"publisher\":{\"@id\":\"https:\/\/sudoesteacontece.com.br\/#organization\"},\"image\":{\"@id\":\"https:\/\/sudoesteacontece.com.br\/?p=2665#primaryimage\"},\"thumbnailUrl\":\"https:\/\/sudoesteacontece.com.br\/wp-content\/uploads\/2025\/11\/Guanambi-cria-Camara-Tecnica-para-investigar-mortes-infantis-fetais-e-maternas-sudoeste-acontece.jpg\",\"articleSection\":[\"Guanambi\",\"Pol\u00edtica\",\"Sa\u00fade\"],\"inLanguage\":\"pt-BR\",\"potentialAction\":[{\"@type\":\"CommentAction\",\"name\":\"Comment\",\"target\":[\"https:\/\/sudoesteacontece.com.br\/?p=2665#respond\"]}]},{\"@type\":\"WebPage\",\"@id\":\"https:\/\/sudoesteacontece.com.br\/?p=2665\",\"url\":\"https:\/\/sudoesteacontece.com.br\/?p=2665\",\"name\":\"Guanambi cria C\u00e2mara T\u00e9cnica para investigar mortes infantis, fetais e maternas - Sudoesteacontece\",\"isPartOf\":{\"@id\":\"https:\/\/sudoesteacontece.com.br\/#website\"},\"primaryImageOfPage\":{\"@id\":\"https:\/\/sudoesteacontece.com.br\/?p=2665#primaryimage\"},\"image\":{\"@id\":\"https:\/\/sudoesteacontece.com.br\/?p=2665#primaryimage\"},\"thumbnailUrl\":\"https:\/\/sudoesteacontece.com.br\/wp-content\/uploads\/2025\/11\/Guanambi-cria-Camara-Tecnica-para-investigar-mortes-infantis-fetais-e-maternas-sudoeste-acontece.jpg\",\"datePublished\":\"2025-11-15T12:42:42+00:00\",\"dateModified\":\"2025-11-15T12:42:44+00:00\",\"breadcrumb\":{\"@id\":\"https:\/\/sudoesteacontece.com.br\/?p=2665#breadcrumb\"},\"inLanguage\":\"pt-BR\",\"potentialAction\":[{\"@type\":\"ReadAction\",\"target\":[\"https:\/\/sudoesteacontece.com.br\/?p=2665\"]}]},{\"@type\":\"ImageObject\",\"inLanguage\":\"pt-BR\",\"@id\":\"https:\/\/sudoesteacontece.com.br\/?p=2665#primaryimage\",\"url\":\"https:\/\/sudoesteacontece.com.br\/wp-content\/uploads\/2025\/11\/Guanambi-cria-Camara-Tecnica-para-investigar-mortes-infantis-fetais-e-maternas-sudoeste-acontece.jpg\",\"contentUrl\":\"https:\/\/sudoesteacontece.com.br\/wp-content\/uploads\/2025\/11\/Guanambi-cria-Camara-Tecnica-para-investigar-mortes-infantis-fetais-e-maternas-sudoeste-acontece.jpg\",\"width\":900,\"height\":600},{\"@type\":\"BreadcrumbList\",\"@id\":\"https:\/\/sudoesteacontece.com.br\/?p=2665#breadcrumb\",\"itemListElement\":[{\"@type\":\"ListItem\",\"position\":1,\"name\":\"In\u00edcio\",\"item\":\"https:\/\/sudoesteacontece.com.br\/\"},{\"@type\":\"ListItem\",\"position\":2,\"name\":\"Guanambi cria C\u00e2mara T\u00e9cnica para investigar mortes infantis, fetais e maternas\"}]},{\"@type\":\"WebSite\",\"@id\":\"https:\/\/sudoesteacontece.com.br\/#website\",\"url\":\"https:\/\/sudoesteacontece.com.br\/\",\"name\":\"Sudoesteacontece\",\"description\":\"\",\"publisher\":{\"@id\":\"https:\/\/sudoesteacontece.com.br\/#organization\"},\"potentialAction\":[{\"@type\":\"SearchAction\",\"target\":{\"@type\":\"EntryPoint\",\"urlTemplate\":\"https:\/\/sudoesteacontece.com.br\/?s={search_term_string}\"},\"query-input\":{\"@type\":\"PropertyValueSpecification\",\"valueRequired\":true,\"valueName\":\"search_term_string\"}}],\"inLanguage\":\"pt-BR\"},{\"@type\":\"Organization\",\"@id\":\"https:\/\/sudoesteacontece.com.br\/#organization\",\"name\":\"Sudoesteacontece\",\"url\":\"https:\/\/sudoesteacontece.com.br\/\",\"logo\":{\"@type\":\"ImageObject\",\"inLanguage\":\"pt-BR\",\"@id\":\"https:\/\/sudoesteacontece.com.br\/#\/schema\/logo\/image\/\",\"url\":\"https:\/\/sudoesteacontece.com.br\/wp-content\/uploads\/2025\/12\/cropped-logo-2-180x180-1.png\",\"contentUrl\":\"https:\/\/sudoesteacontece.com.br\/wp-content\/uploads\/2025\/12\/cropped-logo-2-180x180-1.png\",\"width\":180,\"height\":180,\"caption\":\"Sudoesteacontece\"},\"image\":{\"@id\":\"https:\/\/sudoesteacontece.com.br\/#\/schema\/logo\/image\/\"},\"sameAs\":[\"https:\/\/www.facebook.com\/sudoesteacontece\/?locale=pt_BR\"]},{\"@type\":\"Person\",\"@id\":\"https:\/\/sudoesteacontece.com.br\/#\/schema\/person\/3cf2cf009926a9683ebc29d5379fa79c\",\"name\":\"Washington Tiago\",\"image\":{\"@type\":\"ImageObject\",\"inLanguage\":\"pt-BR\",\"@id\":\"https:\/\/sudoesteacontece.com.br\/#\/schema\/person\/image\/\",\"url\":\"https:\/\/secure.gravatar.com\/avatar\/33c43b8668157e040f9d1fe93c354bf087cbd8ba36270c1163198bd3ddcf2a56?s=96&d=mm&r=g\",\"contentUrl\":\"https:\/\/secure.gravatar.com\/avatar\/33c43b8668157e040f9d1fe93c354bf087cbd8ba36270c1163198bd3ddcf2a56?s=96&d=mm&r=g\",\"caption\":\"Washington Tiago\"},\"url\":\"https:\/\/sudoesteacontece.com.br\/?author=2\"}]}<\/script>\n<!-- \/ Yoast SEO plugin. -->","yoast_head_json":{"title":"Guanambi cria C\u00e2mara T\u00e9cnica para investigar mortes infantis, fetais e maternas - Sudoesteacontece","robots":{"index":"index","follow":"follow","max-snippet":"max-snippet:-1","max-image-preview":"max-image-preview:large","max-video-preview":"max-video-preview:-1"},"canonical":"https:\/\/sudoesteacontece.com.br\/?p=2665","og_locale":"pt_BR","og_type":"article","og_title":"Guanambi cria C\u00e2mara T\u00e9cnica para investigar mortes infantis, fetais e maternas - Sudoesteacontece","og_description":"Guanambi instituiu, nesta quinta-feira (13), uma C\u00e2mara T\u00e9cnica dedicada a investigar \u00f3bitos infantis, fetais, maternos e de mulheres em idade f\u00e9rtil. Medida, publicada na Portaria n\u00ba 043\/2025, busca reduzir mortes evit\u00e1veis e aprimorar a assist\u00eancia em sa\u00fade. Documento oficial alinha o munic\u00edpio \u00e0s diretrizes do Minist\u00e9rio da Sa\u00fade e da Secretaria da Sa\u00fade da Bahia. Proposta refor\u00e7a a an\u00e1lise cont\u00ednua dos casos, identifica falhas e orienta a\u00e7\u00f5es capazes de proteger gestantes, beb\u00eas e mulheres em idade reprodutiva. Estrutura definida re\u00fane profissionais de v\u00e1rias \u00e1reas, garantindo um olhar amplo sobre cada ocorr\u00eancia. Representantes da Vigil\u00e2ncia Epidemiol\u00f3gica, Sa\u00fade da Mulher, Sa\u00fade da Crian\u00e7a, Aten\u00e7\u00e3o B\u00e1sica, Aten\u00e7\u00e3o Hospitalar, Informa\u00e7\u00e3o em Sa\u00fade e Pediatria integram o grupo. Prioridade dada \u00e0 Vigil\u00e2ncia Epidemiol\u00f3gica, Aten\u00e7\u00e3o B\u00e1sica e Informa\u00e7\u00e3o em Sa\u00fade assegura fluxo r\u00e1pido de dados e tomada de decis\u00e3o mais precisa. Inclus\u00e3o de um obstetra e\/ou pediatra refor\u00e7a a an\u00e1lise t\u00e9cnica dos casos mais sens\u00edveis. A\u00e7\u00f5es previstas envolvem sensibilizar gestores, capacitar equipes e estimular o cumprimento das normas nacionais. Estrat\u00e9gias tamb\u00e9m incluem identificar falhas na assist\u00eancia e revisar fluxos que impactam o atendimento de gestantes e crian\u00e7as. Recomenda\u00e7\u00f5es ser\u00e3o elaboradas com foco na redu\u00e7\u00e3o de mortes evit\u00e1veis, com relat\u00f3rios peri\u00f3dicos divulgados \u00e0 popula\u00e7\u00e3o. Transpar\u00eancia busca fortalecer o controle social e ampliar a participa\u00e7\u00e3o comunit\u00e1ria. Funcionamento do grupo prev\u00ea coordena\u00e7\u00e3o eleita por mandato de dois anos, com possibilidade de renova\u00e7\u00e3o. Atividades s\u00e3o consideradas de interesse p\u00fablico, sem remunera\u00e7\u00e3o, mas com libera\u00e7\u00e3o dos participantes durante reuni\u00f5es e a\u00e7\u00f5es. Reuni\u00f5es mensais garantir\u00e3o acompanhamento cont\u00ednuo dos indicadores de mortalidade. Convoca\u00e7\u00f5es extraordin\u00e1rias podem ocorrer, e a Vigil\u00e2ncia Epidemiol\u00f3gica oferecer\u00e1 suporte administrativo para manter o trabalho ativo. Portaria entrou em vigor imediatamente, refor\u00e7ando a prioridade do munic\u00edpio em enfrentar um dos temas mais sens\u00edveis da sa\u00fade p\u00fablica. Edi\u00e7\u00e3o completa est\u00e1 dispon\u00edvel no Di\u00e1rio Oficial do Munic\u00edpio. Se quiser, posso montar vers\u00e3o curta, chamada para redes sociais, t\u00edtulos alternativos, ou card informativo.","og_url":"https:\/\/sudoesteacontece.com.br\/?p=2665","og_site_name":"Sudoesteacontece","article_publisher":"https:\/\/www.facebook.com\/sudoesteacontece\/?locale=pt_BR","article_published_time":"2025-11-15T12:42:42+00:00","article_modified_time":"2025-11-15T12:42:44+00:00","og_image":[{"width":900,"height":600,"url":"https:\/\/sudoesteacontece.com.br\/wp-content\/uploads\/2025\/11\/Guanambi-cria-Camara-Tecnica-para-investigar-mortes-infantis-fetais-e-maternas-sudoeste-acontece.jpg","type":"image\/jpeg"}],"author":"Washington Tiago","twitter_card":"summary_large_image","twitter_misc":{"Escrito por":"Washington Tiago","Est. tempo de leitura":"2 minutos"},"schema":{"@context":"https:\/\/schema.org","@graph":[{"@type":"Article","@id":"https:\/\/sudoesteacontece.com.br\/?p=2665#article","isPartOf":{"@id":"https:\/\/sudoesteacontece.com.br\/?p=2665"},"author":{"name":"Washington Tiago","@id":"https:\/\/sudoesteacontece.com.br\/#\/schema\/person\/3cf2cf009926a9683ebc29d5379fa79c"},"headline":"Guanambi cria C\u00e2mara T\u00e9cnica para investigar mortes infantis, fetais e maternas","datePublished":"2025-11-15T12:42:42+00:00","dateModified":"2025-11-15T12:42:44+00:00","mainEntityOfPage":{"@id":"https:\/\/sudoesteacontece.com.br\/?p=2665"},"wordCount":401,"commentCount":0,"publisher":{"@id":"https:\/\/sudoesteacontece.com.br\/#organization"},"image":{"@id":"https:\/\/sudoesteacontece.com.br\/?p=2665#primaryimage"},"thumbnailUrl":"https:\/\/sudoesteacontece.com.br\/wp-content\/uploads\/2025\/11\/Guanambi-cria-Camara-Tecnica-para-investigar-mortes-infantis-fetais-e-maternas-sudoeste-acontece.jpg","articleSection":["Guanambi","Pol\u00edtica","Sa\u00fade"],"inLanguage":"pt-BR","potentialAction":[{"@type":"CommentAction","name":"Comment","target":["https:\/\/sudoesteacontece.com.br\/?p=2665#respond"]}]},{"@type":"WebPage","@id":"https:\/\/sudoesteacontece.com.br\/?p=2665","url":"https:\/\/sudoesteacontece.com.br\/?p=2665","name":"Guanambi cria C\u00e2mara T\u00e9cnica para investigar mortes infantis, fetais e maternas - Sudoesteacontece","isPartOf":{"@id":"https:\/\/sudoesteacontece.com.br\/#website"},"primaryImageOfPage":{"@id":"https:\/\/sudoesteacontece.com.br\/?p=2665#primaryimage"},"image":{"@id":"https:\/\/sudoesteacontece.com.br\/?p=2665#primaryimage"},"thumbnailUrl":"https:\/\/sudoesteacontece.com.br\/wp-content\/uploads\/2025\/11\/Guanambi-cria-Camara-Tecnica-para-investigar-mortes-infantis-fetais-e-maternas-sudoeste-acontece.jpg","datePublished":"2025-11-15T12:42:42+00:00","dateModified":"2025-11-15T12:42:44+00:00","breadcrumb":{"@id":"https:\/\/sudoesteacontece.com.br\/?p=2665#breadcrumb"},"inLanguage":"pt-BR","potentialAction":[{"@type":"ReadAction","target":["https:\/\/sudoesteacontece.com.br\/?p=2665"]}]},{"@type":"ImageObject","inLanguage":"pt-BR","@id":"https:\/\/sudoesteacontece.com.br\/?p=2665#primaryimage","url":"https:\/\/sudoesteacontece.com.br\/wp-content\/uploads\/2025\/11\/Guanambi-cria-Camara-Tecnica-para-investigar-mortes-infantis-fetais-e-maternas-sudoeste-acontece.jpg","contentUrl":"https:\/\/sudoesteacontece.com.br\/wp-content\/uploads\/2025\/11\/Guanambi-cria-Camara-Tecnica-para-investigar-mortes-infantis-fetais-e-maternas-sudoeste-acontece.jpg","width":900,"height":600},{"@type":"BreadcrumbList","@id":"https:\/\/sudoesteacontece.com.br\/?p=2665#breadcrumb","itemListElement":[{"@type":"ListItem","position":1,"name":"In\u00edcio","item":"https:\/\/sudoesteacontece.com.br\/"},{"@type":"ListItem","position":2,"name":"Guanambi cria C\u00e2mara T\u00e9cnica para investigar mortes infantis, fetais e maternas"}]},{"@type":"WebSite","@id":"https:\/\/sudoesteacontece.com.br\/#website","url":"https:\/\/sudoesteacontece.com.br\/","name":"Sudoesteacontece","description":"","publisher":{"@id":"https:\/\/sudoesteacontece.com.br\/#organization"},"potentialAction":[{"@type":"SearchAction","target":{"@type":"EntryPoint","urlTemplate":"https:\/\/sudoesteacontece.com.br\/?s={search_term_string}"},"query-input":{"@type":"PropertyValueSpecification","valueRequired":true,"valueName":"search_term_string"}}],"inLanguage":"pt-BR"},{"@type":"Organization","@id":"https:\/\/sudoesteacontece.com.br\/#organization","name":"Sudoesteacontece","url":"https:\/\/sudoesteacontece.com.br\/","logo":{"@type":"ImageObject","inLanguage":"pt-BR","@id":"https:\/\/sudoesteacontece.com.br\/#\/schema\/logo\/image\/","url":"https:\/\/sudoesteacontece.com.br\/wp-content\/uploads\/2025\/12\/cropped-logo-2-180x180-1.png","contentUrl":"https:\/\/sudoesteacontece.com.br\/wp-content\/uploads\/2025\/12\/cropped-logo-2-180x180-1.png","width":180,"height":180,"caption":"Sudoesteacontece"},"image":{"@id":"https:\/\/sudoesteacontece.com.br\/#\/schema\/logo\/image\/"},"sameAs":["https:\/\/www.facebook.com\/sudoesteacontece\/?locale=pt_BR"]},{"@type":"Person","@id":"https:\/\/sudoesteacontece.com.br\/#\/schema\/person\/3cf2cf009926a9683ebc29d5379fa79c","name":"Washington Tiago","image":{"@type":"ImageObject","inLanguage":"pt-BR","@id":"https:\/\/sudoesteacontece.com.br\/#\/schema\/person\/image\/","url":"https:\/\/secure.gravatar.com\/avatar\/33c43b8668157e040f9d1fe93c354bf087cbd8ba36270c1163198bd3ddcf2a56?s=96&d=mm&r=g","contentUrl":"https:\/\/secure.gravatar.com\/avatar\/33c43b8668157e040f9d1fe93c354bf087cbd8ba36270c1163198bd3ddcf2a56?s=96&d=mm&r=g","caption":"Washington Tiago"},"url":"https:\/\/sudoesteacontece.com.br\/?author=2"}]}},"_links":{"self":[{"href":"https:\/\/sudoesteacontece.com.br\/index.php?rest_route=\/wp\/v2\/posts\/2665","targetHints":{"allow":["GET"]}}],"collection":[{"href":"https:\/\/sudoesteacontece.com.br\/index.php?rest_route=\/wp\/v2\/posts"}],"about":[{"href":"https:\/\/sudoesteacontece.com.br\/index.php?rest_route=\/wp\/v2\/types\/post"}],"author":[{"embeddable":true,"href":"https:\/\/sudoesteacontece.com.br\/index.php?rest_route=\/wp\/v2\/users\/2"}],"replies":[{"embeddable":true,"href":"https:\/\/sudoesteacontece.com.br\/index.php?rest_route=%2Fwp%2Fv2%2Fcomments&post=2665"}],"version-history":[{"count":0,"href":"https:\/\/sudoesteacontece.com.br\/index.php?rest_route=\/wp\/v2\/posts\/2665\/revisions"}],"wp:featuredmedia":[{"embeddable":true,"href":"https:\/\/sudoesteacontece.com.br\/index.php?rest_route=\/wp\/v2\/media\/2681"}],"wp:attachment":[{"href":"https:\/\/sudoesteacontece.com.br\/index.php?rest_route=%2Fwp%2Fv2%2Fmedia&parent=2665"}],"wp:term":[{"taxonomy":"category","embeddable":true,"href":"https:\/\/sudoesteacontece.com.br\/index.php?rest_route=%2Fwp%2Fv2%2Fcategories&post=2665"},{"taxonomy":"post_tag","embeddable":true,"href":"https:\/\/sudoesteacontece.com.br\/index.php?rest_route=%2Fwp%2Fv2%2Ftags&post=2665"}],"curies":[{"name":"wp","href":"https:\/\/api.w.org\/{rel}","templated":true}]}}