{"id":2666,"date":"2025-11-15T09:45:35","date_gmt":"2025-11-15T12:45:35","guid":{"rendered":"https:\/\/sudoesteacontece.com.br\/?p=2666"},"modified":"2025-11-15T09:45:36","modified_gmt":"2025-11-15T12:45:36","slug":"polemica-em-livramento-vereador-explica-por-que-rejeitou-pista-do-grau","status":"publish","type":"post","link":"https:\/\/sudoesteacontece.com.br\/?p=2666","title":{"rendered":"Pol\u00eamica em Livramento: vereador explica por que rejeitou pista do Grau"},"content":{"rendered":"\n<figure class=\"wp-block-image size-full\"><img fetchpriority=\"high\" decoding=\"async\" width=\"900\" height=\"600\" src=\"http:\/\/sudoesteacontece.com.br\/wp-content\/uploads\/2025\/11\/Polemica-em-Livramento-vereador-explica-por-que-rejeitou-pista-do-Grau-sudoeste-acontece.jpg\" alt=\"\" class=\"wp-image-2684\" srcset=\"https:\/\/sudoesteacontece.com.br\/wp-content\/uploads\/2025\/11\/Polemica-em-Livramento-vereador-explica-por-que-rejeitou-pista-do-Grau-sudoeste-acontece.jpg 900w, https:\/\/sudoesteacontece.com.br\/wp-content\/uploads\/2025\/11\/Polemica-em-Livramento-vereador-explica-por-que-rejeitou-pista-do-Grau-sudoeste-acontece-300x200.jpg 300w, https:\/\/sudoesteacontece.com.br\/wp-content\/uploads\/2025\/11\/Polemica-em-Livramento-vereador-explica-por-que-rejeitou-pista-do-Grau-sudoeste-acontece-768x512.jpg 768w\" sizes=\"(max-width: 900px) 100vw, 900px\" \/><\/figure>\n\n\n\n<p>Discuss\u00e3o ganhou for\u00e7a na C\u00e2mara de Livramento de Nossa Senhora ap\u00f3s o projeto que criaria uma pista para pr\u00e1tica do grau sair de pauta por pedido de vista. Proposta, apresentada por Z\u00e9 Pinha, gerou debate acalorado entre os vereadores.<\/p>\n\n\n\n<p>Zifa afirmou em entrevista que a cidade enfrenta demandas mais urgentes. Ele avaliou que o munic\u00edpio n\u00e3o possui estrutura social, econ\u00f4mica ou f\u00edsica para manter um espa\u00e7o exclusivo para manobras.<\/p>\n\n\n\n<p>Argumentos do parlamentar refor\u00e7aram que a pr\u00e1tica do grau envolve riscos altos. Ele alertou que a constru\u00e7\u00e3o da pista n\u00e3o impediria que motociclistas continuassem realizando manobras perigosas em vias p\u00fablicas.<\/p>\n\n\n\n<p>Registros recentes de acidentes envolvendo motociclistas motivaram parte das cr\u00edticas. Segundo o vereador, a regi\u00e3o contabiliza ocorr\u00eancias graves e at\u00e9 fatais, o que aumenta a preocupa\u00e7\u00e3o com seguran\u00e7a vi\u00e1ria.<\/p>\n\n\n\n<p>Sa\u00fade tamb\u00e9m entrou no centro do debate. Vereador destacou que a rede municipal j\u00e1 atende grande volume de v\u00edtimas do tr\u00e2nsito e que qualquer est\u00edmulo \u00e0 pr\u00e1tica poderia ampliar a press\u00e3o sobre o sistema.<\/p>\n\n\n\n<p>Prioridade, segundo Zifa, deve ser a prote\u00e7\u00e3o da popula\u00e7\u00e3o. Ele defendeu investimentos em educa\u00e7\u00e3o no tr\u00e2nsito e a\u00e7\u00f5es preventivas antes de qualquer libera\u00e7\u00e3o de espa\u00e7os para pr\u00e1ticas de risco.<\/p>\n\n\n\n<p>Suspens\u00e3o do projeto mant\u00e9m a tramita\u00e7\u00e3o parada na C\u00e2mara at\u00e9 nova delibera\u00e7\u00e3o. Tema segue mobilizando moradores, j\u00e1 que envolve uso de \u00e1reas p\u00fablicas, seguran\u00e7a e interesses de jovens que praticam a modalidade.<\/p>\n","protected":false},"excerpt":{"rendered":"<p>Discuss\u00e3o ganhou for\u00e7a na C\u00e2mara de Livramento de Nossa Senhora ap\u00f3s o projeto que criaria uma pista para pr\u00e1tica do grau sair de pauta por pedido de vista. Proposta, apresentada por Z\u00e9 Pinha, gerou debate acalorado entre os vereadores. Zifa afirmou em entrevista que a cidade enfrenta demandas mais urgentes. Ele avaliou que o munic\u00edpio n\u00e3o possui estrutura social, econ\u00f4mica ou f\u00edsica para manter um espa\u00e7o exclusivo para manobras. Argumentos do parlamentar refor\u00e7aram que a pr\u00e1tica do grau envolve riscos altos. Ele alertou que a constru\u00e7\u00e3o da pista n\u00e3o impediria que motociclistas continuassem realizando manobras perigosas em vias p\u00fablicas. Registros recentes de acidentes envolvendo motociclistas motivaram parte das cr\u00edticas. Segundo o vereador, a regi\u00e3o contabiliza ocorr\u00eancias graves e at\u00e9 fatais, o que aumenta a preocupa\u00e7\u00e3o com seguran\u00e7a vi\u00e1ria. Sa\u00fade tamb\u00e9m entrou no centro do debate. Vereador destacou que a rede municipal j\u00e1 atende grande volume de v\u00edtimas do tr\u00e2nsito e que qualquer est\u00edmulo \u00e0 pr\u00e1tica poderia ampliar a press\u00e3o sobre o sistema. Prioridade, segundo Zifa, deve ser a prote\u00e7\u00e3o da popula\u00e7\u00e3o. Ele defendeu investimentos em educa\u00e7\u00e3o no tr\u00e2nsito e a\u00e7\u00f5es preventivas antes de qualquer libera\u00e7\u00e3o de espa\u00e7os para pr\u00e1ticas de risco. Suspens\u00e3o do projeto mant\u00e9m a tramita\u00e7\u00e3o parada na C\u00e2mara at\u00e9 nova delibera\u00e7\u00e3o. Tema segue mobilizando moradores, j\u00e1 que envolve uso de \u00e1reas p\u00fablicas, seguran\u00e7a e interesses de jovens que praticam a modalidade.<\/p>\n","protected":false},"author":2,"featured_media":2684,"comment_status":"open","ping_status":"open","sticky":false,"template":"","format":"standard","meta":{"footnotes":""},"categories":[4,18,6],"tags":[],"class_list":["post-2666","post","type-post","status-publish","format-standard","has-post-thumbnail","hentry","category-cidades","category-livramento","category-politica"],"yoast_head":"<!-- This site is optimized with the Yoast SEO plugin v26.5 - https:\/\/yoast.com\/wordpress\/plugins\/seo\/ -->\n<title>Pol\u00eamica em Livramento: vereador explica por que rejeitou pista do Grau - Sudoesteacontece<\/title>\n<meta name=\"robots\" content=\"index, follow, max-snippet:-1, max-image-preview:large, max-video-preview:-1\" \/>\n<link rel=\"canonical\" href=\"https:\/\/sudoesteacontece.com.br\/?p=2666\" \/>\n<meta property=\"og:locale\" content=\"pt_BR\" \/>\n<meta property=\"og:type\" content=\"article\" \/>\n<meta property=\"og:title\" content=\"Pol\u00eamica em Livramento: vereador explica por que rejeitou pista do Grau - Sudoesteacontece\" \/>\n<meta property=\"og:description\" content=\"Discuss\u00e3o ganhou for\u00e7a na C\u00e2mara de Livramento de Nossa Senhora ap\u00f3s o projeto que criaria uma pista para pr\u00e1tica do grau sair de pauta por pedido de vista. Proposta, apresentada por Z\u00e9 Pinha, gerou debate acalorado entre os vereadores. Zifa afirmou em entrevista que a cidade enfrenta demandas mais urgentes. Ele avaliou que o munic\u00edpio n\u00e3o possui estrutura social, econ\u00f4mica ou f\u00edsica para manter um espa\u00e7o exclusivo para manobras. Argumentos do parlamentar refor\u00e7aram que a pr\u00e1tica do grau envolve riscos altos. Ele alertou que a constru\u00e7\u00e3o da pista n\u00e3o impediria que motociclistas continuassem realizando manobras perigosas em vias p\u00fablicas. Registros recentes de acidentes envolvendo motociclistas motivaram parte das cr\u00edticas. Segundo o vereador, a regi\u00e3o contabiliza ocorr\u00eancias graves e at\u00e9 fatais, o que aumenta a preocupa\u00e7\u00e3o com seguran\u00e7a vi\u00e1ria. Sa\u00fade tamb\u00e9m entrou no centro do debate. Vereador destacou que a rede municipal j\u00e1 atende grande volume de v\u00edtimas do tr\u00e2nsito e que qualquer est\u00edmulo \u00e0 pr\u00e1tica poderia ampliar a press\u00e3o sobre o sistema. Prioridade, segundo Zifa, deve ser a prote\u00e7\u00e3o da popula\u00e7\u00e3o. Ele defendeu investimentos em educa\u00e7\u00e3o no tr\u00e2nsito e a\u00e7\u00f5es preventivas antes de qualquer libera\u00e7\u00e3o de espa\u00e7os para pr\u00e1ticas de risco. Suspens\u00e3o do projeto mant\u00e9m a tramita\u00e7\u00e3o parada na C\u00e2mara at\u00e9 nova delibera\u00e7\u00e3o. Tema segue mobilizando moradores, j\u00e1 que envolve uso de \u00e1reas p\u00fablicas, seguran\u00e7a e interesses de jovens que praticam a modalidade.\" \/>\n<meta property=\"og:url\" content=\"https:\/\/sudoesteacontece.com.br\/?p=2666\" \/>\n<meta property=\"og:site_name\" content=\"Sudoesteacontece\" \/>\n<meta property=\"article:publisher\" content=\"https:\/\/www.facebook.com\/sudoesteacontece\/?locale=pt_BR\" \/>\n<meta property=\"article:published_time\" content=\"2025-11-15T12:45:35+00:00\" \/>\n<meta property=\"article:modified_time\" content=\"2025-11-15T12:45:36+00:00\" \/>\n<meta property=\"og:image\" content=\"https:\/\/sudoesteacontece.com.br\/wp-content\/uploads\/2025\/11\/Polemica-em-Livramento-vereador-explica-por-que-rejeitou-pista-do-Grau-sudoeste-acontece.jpg\" \/>\n\t<meta property=\"og:image:width\" content=\"900\" \/>\n\t<meta property=\"og:image:height\" content=\"600\" \/>\n\t<meta property=\"og:image:type\" content=\"image\/jpeg\" \/>\n<meta name=\"author\" content=\"Washington Tiago\" \/>\n<meta name=\"twitter:card\" content=\"summary_large_image\" \/>\n<meta name=\"twitter:label1\" content=\"Escrito por\" \/>\n\t<meta name=\"twitter:data1\" content=\"Washington Tiago\" \/>\n\t<meta name=\"twitter:label2\" content=\"Est. tempo de leitura\" \/>\n\t<meta name=\"twitter:data2\" content=\"1 minuto\" \/>\n<script type=\"application\/ld+json\" class=\"yoast-schema-graph\">{\"@context\":\"https:\/\/schema.org\",\"@graph\":[{\"@type\":\"Article\",\"@id\":\"https:\/\/sudoesteacontece.com.br\/?p=2666#article\",\"isPartOf\":{\"@id\":\"https:\/\/sudoesteacontece.com.br\/?p=2666\"},\"author\":{\"name\":\"Washington Tiago\",\"@id\":\"https:\/\/sudoesteacontece.com.br\/#\/schema\/person\/3cf2cf009926a9683ebc29d5379fa79c\"},\"headline\":\"Pol\u00eamica em Livramento: vereador explica por que rejeitou pista do Grau\",\"datePublished\":\"2025-11-15T12:45:35+00:00\",\"dateModified\":\"2025-11-15T12:45:36+00:00\",\"mainEntityOfPage\":{\"@id\":\"https:\/\/sudoesteacontece.com.br\/?p=2666\"},\"wordCount\":277,\"commentCount\":0,\"publisher\":{\"@id\":\"https:\/\/sudoesteacontece.com.br\/#organization\"},\"image\":{\"@id\":\"https:\/\/sudoesteacontece.com.br\/?p=2666#primaryimage\"},\"thumbnailUrl\":\"https:\/\/sudoesteacontece.com.br\/wp-content\/uploads\/2025\/11\/Polemica-em-Livramento-vereador-explica-por-que-rejeitou-pista-do-Grau-sudoeste-acontece.jpg\",\"articleSection\":[\"Cidades\",\"Livramento\",\"Pol\u00edtica\"],\"inLanguage\":\"pt-BR\",\"potentialAction\":[{\"@type\":\"CommentAction\",\"name\":\"Comment\",\"target\":[\"https:\/\/sudoesteacontece.com.br\/?p=2666#respond\"]}]},{\"@type\":\"WebPage\",\"@id\":\"https:\/\/sudoesteacontece.com.br\/?p=2666\",\"url\":\"https:\/\/sudoesteacontece.com.br\/?p=2666\",\"name\":\"Pol\u00eamica em Livramento: vereador explica por que rejeitou pista do Grau - Sudoesteacontece\",\"isPartOf\":{\"@id\":\"https:\/\/sudoesteacontece.com.br\/#website\"},\"primaryImageOfPage\":{\"@id\":\"https:\/\/sudoesteacontece.com.br\/?p=2666#primaryimage\"},\"image\":{\"@id\":\"https:\/\/sudoesteacontece.com.br\/?p=2666#primaryimage\"},\"thumbnailUrl\":\"https:\/\/sudoesteacontece.com.br\/wp-content\/uploads\/2025\/11\/Polemica-em-Livramento-vereador-explica-por-que-rejeitou-pista-do-Grau-sudoeste-acontece.jpg\",\"datePublished\":\"2025-11-15T12:45:35+00:00\",\"dateModified\":\"2025-11-15T12:45:36+00:00\",\"breadcrumb\":{\"@id\":\"https:\/\/sudoesteacontece.com.br\/?p=2666#breadcrumb\"},\"inLanguage\":\"pt-BR\",\"potentialAction\":[{\"@type\":\"ReadAction\",\"target\":[\"https:\/\/sudoesteacontece.com.br\/?p=2666\"]}]},{\"@type\":\"ImageObject\",\"inLanguage\":\"pt-BR\",\"@id\":\"https:\/\/sudoesteacontece.com.br\/?p=2666#primaryimage\",\"url\":\"https:\/\/sudoesteacontece.com.br\/wp-content\/uploads\/2025\/11\/Polemica-em-Livramento-vereador-explica-por-que-rejeitou-pista-do-Grau-sudoeste-acontece.jpg\",\"contentUrl\":\"https:\/\/sudoesteacontece.com.br\/wp-content\/uploads\/2025\/11\/Polemica-em-Livramento-vereador-explica-por-que-rejeitou-pista-do-Grau-sudoeste-acontece.jpg\",\"width\":900,\"height\":600},{\"@type\":\"BreadcrumbList\",\"@id\":\"https:\/\/sudoesteacontece.com.br\/?p=2666#breadcrumb\",\"itemListElement\":[{\"@type\":\"ListItem\",\"position\":1,\"name\":\"In\u00edcio\",\"item\":\"https:\/\/sudoesteacontece.com.br\/\"},{\"@type\":\"ListItem\",\"position\":2,\"name\":\"Pol\u00eamica em Livramento: vereador explica por que rejeitou pista do Grau\"}]},{\"@type\":\"WebSite\",\"@id\":\"https:\/\/sudoesteacontece.com.br\/#website\",\"url\":\"https:\/\/sudoesteacontece.com.br\/\",\"name\":\"Sudoesteacontece\",\"description\":\"\",\"publisher\":{\"@id\":\"https:\/\/sudoesteacontece.com.br\/#organization\"},\"potentialAction\":[{\"@type\":\"SearchAction\",\"target\":{\"@type\":\"EntryPoint\",\"urlTemplate\":\"https:\/\/sudoesteacontece.com.br\/?s={search_term_string}\"},\"query-input\":{\"@type\":\"PropertyValueSpecification\",\"valueRequired\":true,\"valueName\":\"search_term_string\"}}],\"inLanguage\":\"pt-BR\"},{\"@type\":\"Organization\",\"@id\":\"https:\/\/sudoesteacontece.com.br\/#organization\",\"name\":\"Sudoesteacontece\",\"url\":\"https:\/\/sudoesteacontece.com.br\/\",\"logo\":{\"@type\":\"ImageObject\",\"inLanguage\":\"pt-BR\",\"@id\":\"https:\/\/sudoesteacontece.com.br\/#\/schema\/logo\/image\/\",\"url\":\"https:\/\/sudoesteacontece.com.br\/wp-content\/uploads\/2025\/12\/cropped-logo-2-180x180-1.png\",\"contentUrl\":\"https:\/\/sudoesteacontece.com.br\/wp-content\/uploads\/2025\/12\/cropped-logo-2-180x180-1.png\",\"width\":180,\"height\":180,\"caption\":\"Sudoesteacontece\"},\"image\":{\"@id\":\"https:\/\/sudoesteacontece.com.br\/#\/schema\/logo\/image\/\"},\"sameAs\":[\"https:\/\/www.facebook.com\/sudoesteacontece\/?locale=pt_BR\"]},{\"@type\":\"Person\",\"@id\":\"https:\/\/sudoesteacontece.com.br\/#\/schema\/person\/3cf2cf009926a9683ebc29d5379fa79c\",\"name\":\"Washington Tiago\",\"image\":{\"@type\":\"ImageObject\",\"inLanguage\":\"pt-BR\",\"@id\":\"https:\/\/sudoesteacontece.com.br\/#\/schema\/person\/image\/\",\"url\":\"https:\/\/secure.gravatar.com\/avatar\/33c43b8668157e040f9d1fe93c354bf087cbd8ba36270c1163198bd3ddcf2a56?s=96&d=mm&r=g\",\"contentUrl\":\"https:\/\/secure.gravatar.com\/avatar\/33c43b8668157e040f9d1fe93c354bf087cbd8ba36270c1163198bd3ddcf2a56?s=96&d=mm&r=g\",\"caption\":\"Washington Tiago\"},\"url\":\"https:\/\/sudoesteacontece.com.br\/?author=2\"}]}<\/script>\n<!-- \/ Yoast SEO plugin. -->","yoast_head_json":{"title":"Pol\u00eamica em Livramento: vereador explica por que rejeitou pista do Grau - Sudoesteacontece","robots":{"index":"index","follow":"follow","max-snippet":"max-snippet:-1","max-image-preview":"max-image-preview:large","max-video-preview":"max-video-preview:-1"},"canonical":"https:\/\/sudoesteacontece.com.br\/?p=2666","og_locale":"pt_BR","og_type":"article","og_title":"Pol\u00eamica em Livramento: vereador explica por que rejeitou pista do Grau - Sudoesteacontece","og_description":"Discuss\u00e3o ganhou for\u00e7a na C\u00e2mara de Livramento de Nossa Senhora ap\u00f3s o projeto que criaria uma pista para pr\u00e1tica do grau sair de pauta por pedido de vista. Proposta, apresentada por Z\u00e9 Pinha, gerou debate acalorado entre os vereadores. Zifa afirmou em entrevista que a cidade enfrenta demandas mais urgentes. Ele avaliou que o munic\u00edpio n\u00e3o possui estrutura social, econ\u00f4mica ou f\u00edsica para manter um espa\u00e7o exclusivo para manobras. Argumentos do parlamentar refor\u00e7aram que a pr\u00e1tica do grau envolve riscos altos. Ele alertou que a constru\u00e7\u00e3o da pista n\u00e3o impediria que motociclistas continuassem realizando manobras perigosas em vias p\u00fablicas. Registros recentes de acidentes envolvendo motociclistas motivaram parte das cr\u00edticas. Segundo o vereador, a regi\u00e3o contabiliza ocorr\u00eancias graves e at\u00e9 fatais, o que aumenta a preocupa\u00e7\u00e3o com seguran\u00e7a vi\u00e1ria. Sa\u00fade tamb\u00e9m entrou no centro do debate. Vereador destacou que a rede municipal j\u00e1 atende grande volume de v\u00edtimas do tr\u00e2nsito e que qualquer est\u00edmulo \u00e0 pr\u00e1tica poderia ampliar a press\u00e3o sobre o sistema. Prioridade, segundo Zifa, deve ser a prote\u00e7\u00e3o da popula\u00e7\u00e3o. Ele defendeu investimentos em educa\u00e7\u00e3o no tr\u00e2nsito e a\u00e7\u00f5es preventivas antes de qualquer libera\u00e7\u00e3o de espa\u00e7os para pr\u00e1ticas de risco. Suspens\u00e3o do projeto mant\u00e9m a tramita\u00e7\u00e3o parada na C\u00e2mara at\u00e9 nova delibera\u00e7\u00e3o. Tema segue mobilizando moradores, j\u00e1 que envolve uso de \u00e1reas p\u00fablicas, seguran\u00e7a e interesses de jovens que praticam a modalidade.","og_url":"https:\/\/sudoesteacontece.com.br\/?p=2666","og_site_name":"Sudoesteacontece","article_publisher":"https:\/\/www.facebook.com\/sudoesteacontece\/?locale=pt_BR","article_published_time":"2025-11-15T12:45:35+00:00","article_modified_time":"2025-11-15T12:45:36+00:00","og_image":[{"width":900,"height":600,"url":"https:\/\/sudoesteacontece.com.br\/wp-content\/uploads\/2025\/11\/Polemica-em-Livramento-vereador-explica-por-que-rejeitou-pista-do-Grau-sudoeste-acontece.jpg","type":"image\/jpeg"}],"author":"Washington Tiago","twitter_card":"summary_large_image","twitter_misc":{"Escrito por":"Washington Tiago","Est. tempo de leitura":"1 minuto"},"schema":{"@context":"https:\/\/schema.org","@graph":[{"@type":"Article","@id":"https:\/\/sudoesteacontece.com.br\/?p=2666#article","isPartOf":{"@id":"https:\/\/sudoesteacontece.com.br\/?p=2666"},"author":{"name":"Washington Tiago","@id":"https:\/\/sudoesteacontece.com.br\/#\/schema\/person\/3cf2cf009926a9683ebc29d5379fa79c"},"headline":"Pol\u00eamica em Livramento: vereador explica por que rejeitou pista do Grau","datePublished":"2025-11-15T12:45:35+00:00","dateModified":"2025-11-15T12:45:36+00:00","mainEntityOfPage":{"@id":"https:\/\/sudoesteacontece.com.br\/?p=2666"},"wordCount":277,"commentCount":0,"publisher":{"@id":"https:\/\/sudoesteacontece.com.br\/#organization"},"image":{"@id":"https:\/\/sudoesteacontece.com.br\/?p=2666#primaryimage"},"thumbnailUrl":"https:\/\/sudoesteacontece.com.br\/wp-content\/uploads\/2025\/11\/Polemica-em-Livramento-vereador-explica-por-que-rejeitou-pista-do-Grau-sudoeste-acontece.jpg","articleSection":["Cidades","Livramento","Pol\u00edtica"],"inLanguage":"pt-BR","potentialAction":[{"@type":"CommentAction","name":"Comment","target":["https:\/\/sudoesteacontece.com.br\/?p=2666#respond"]}]},{"@type":"WebPage","@id":"https:\/\/sudoesteacontece.com.br\/?p=2666","url":"https:\/\/sudoesteacontece.com.br\/?p=2666","name":"Pol\u00eamica em Livramento: vereador explica por que rejeitou pista do Grau - Sudoesteacontece","isPartOf":{"@id":"https:\/\/sudoesteacontece.com.br\/#website"},"primaryImageOfPage":{"@id":"https:\/\/sudoesteacontece.com.br\/?p=2666#primaryimage"},"image":{"@id":"https:\/\/sudoesteacontece.com.br\/?p=2666#primaryimage"},"thumbnailUrl":"https:\/\/sudoesteacontece.com.br\/wp-content\/uploads\/2025\/11\/Polemica-em-Livramento-vereador-explica-por-que-rejeitou-pista-do-Grau-sudoeste-acontece.jpg","datePublished":"2025-11-15T12:45:35+00:00","dateModified":"2025-11-15T12:45:36+00:00","breadcrumb":{"@id":"https:\/\/sudoesteacontece.com.br\/?p=2666#breadcrumb"},"inLanguage":"pt-BR","potentialAction":[{"@type":"ReadAction","target":["https:\/\/sudoesteacontece.com.br\/?p=2666"]}]},{"@type":"ImageObject","inLanguage":"pt-BR","@id":"https:\/\/sudoesteacontece.com.br\/?p=2666#primaryimage","url":"https:\/\/sudoesteacontece.com.br\/wp-content\/uploads\/2025\/11\/Polemica-em-Livramento-vereador-explica-por-que-rejeitou-pista-do-Grau-sudoeste-acontece.jpg","contentUrl":"https:\/\/sudoesteacontece.com.br\/wp-content\/uploads\/2025\/11\/Polemica-em-Livramento-vereador-explica-por-que-rejeitou-pista-do-Grau-sudoeste-acontece.jpg","width":900,"height":600},{"@type":"BreadcrumbList","@id":"https:\/\/sudoesteacontece.com.br\/?p=2666#breadcrumb","itemListElement":[{"@type":"ListItem","position":1,"name":"In\u00edcio","item":"https:\/\/sudoesteacontece.com.br\/"},{"@type":"ListItem","position":2,"name":"Pol\u00eamica em Livramento: vereador explica por que rejeitou pista do Grau"}]},{"@type":"WebSite","@id":"https:\/\/sudoesteacontece.com.br\/#website","url":"https:\/\/sudoesteacontece.com.br\/","name":"Sudoesteacontece","description":"","publisher":{"@id":"https:\/\/sudoesteacontece.com.br\/#organization"},"potentialAction":[{"@type":"SearchAction","target":{"@type":"EntryPoint","urlTemplate":"https:\/\/sudoesteacontece.com.br\/?s={search_term_string}"},"query-input":{"@type":"PropertyValueSpecification","valueRequired":true,"valueName":"search_term_string"}}],"inLanguage":"pt-BR"},{"@type":"Organization","@id":"https:\/\/sudoesteacontece.com.br\/#organization","name":"Sudoesteacontece","url":"https:\/\/sudoesteacontece.com.br\/","logo":{"@type":"ImageObject","inLanguage":"pt-BR","@id":"https:\/\/sudoesteacontece.com.br\/#\/schema\/logo\/image\/","url":"https:\/\/sudoesteacontece.com.br\/wp-content\/uploads\/2025\/12\/cropped-logo-2-180x180-1.png","contentUrl":"https:\/\/sudoesteacontece.com.br\/wp-content\/uploads\/2025\/12\/cropped-logo-2-180x180-1.png","width":180,"height":180,"caption":"Sudoesteacontece"},"image":{"@id":"https:\/\/sudoesteacontece.com.br\/#\/schema\/logo\/image\/"},"sameAs":["https:\/\/www.facebook.com\/sudoesteacontece\/?locale=pt_BR"]},{"@type":"Person","@id":"https:\/\/sudoesteacontece.com.br\/#\/schema\/person\/3cf2cf009926a9683ebc29d5379fa79c","name":"Washington Tiago","image":{"@type":"ImageObject","inLanguage":"pt-BR","@id":"https:\/\/sudoesteacontece.com.br\/#\/schema\/person\/image\/","url":"https:\/\/secure.gravatar.com\/avatar\/33c43b8668157e040f9d1fe93c354bf087cbd8ba36270c1163198bd3ddcf2a56?s=96&d=mm&r=g","contentUrl":"https:\/\/secure.gravatar.com\/avatar\/33c43b8668157e040f9d1fe93c354bf087cbd8ba36270c1163198bd3ddcf2a56?s=96&d=mm&r=g","caption":"Washington Tiago"},"url":"https:\/\/sudoesteacontece.com.br\/?author=2"}]}},"_links":{"self":[{"href":"https:\/\/sudoesteacontece.com.br\/index.php?rest_route=\/wp\/v2\/posts\/2666","targetHints":{"allow":["GET"]}}],"collection":[{"href":"https:\/\/sudoesteacontece.com.br\/index.php?rest_route=\/wp\/v2\/posts"}],"about":[{"href":"https:\/\/sudoesteacontece.com.br\/index.php?rest_route=\/wp\/v2\/types\/post"}],"author":[{"embeddable":true,"href":"https:\/\/sudoesteacontece.com.br\/index.php?rest_route=\/wp\/v2\/users\/2"}],"replies":[{"embeddable":true,"href":"https:\/\/sudoesteacontece.com.br\/index.php?rest_route=%2Fwp%2Fv2%2Fcomments&post=2666"}],"version-history":[{"count":0,"href":"https:\/\/sudoesteacontece.com.br\/index.php?rest_route=\/wp\/v2\/posts\/2666\/revisions"}],"wp:featuredmedia":[{"embeddable":true,"href":"https:\/\/sudoesteacontece.com.br\/index.php?rest_route=\/wp\/v2\/media\/2684"}],"wp:attachment":[{"href":"https:\/\/sudoesteacontece.com.br\/index.php?rest_route=%2Fwp%2Fv2%2Fmedia&parent=2666"}],"wp:term":[{"taxonomy":"category","embeddable":true,"href":"https:\/\/sudoesteacontece.com.br\/index.php?rest_route=%2Fwp%2Fv2%2Fcategories&post=2666"},{"taxonomy":"post_tag","embeddable":true,"href":"https:\/\/sudoesteacontece.com.br\/index.php?rest_route=%2Fwp%2Fv2%2Ftags&post=2666"}],"curies":[{"name":"wp","href":"https:\/\/api.w.org\/{rel}","templated":true}]}}