{"id":2668,"date":"2025-11-15T10:05:51","date_gmt":"2025-11-15T13:05:51","guid":{"rendered":"https:\/\/sudoesteacontece.com.br\/?p=2668"},"modified":"2025-11-15T10:05:53","modified_gmt":"2025-11-15T13:05:53","slug":"projeto-reorganiza-territorio-valoriza-identidade-local-e-melhora-servicos-publicos-em-brumado","status":"publish","type":"post","link":"https:\/\/sudoesteacontece.com.br\/?p=2668","title":{"rendered":"Projeto reorganiza territ\u00f3rio, valoriza identidade local e melhora servi\u00e7os p\u00fablicos em Brumado"},"content":{"rendered":"\n<figure class=\"wp-block-image size-large\"><img fetchpriority=\"high\" decoding=\"async\" width=\"1024\" height=\"658\" src=\"http:\/\/sudoesteacontece.com.br\/wp-content\/uploads\/2025\/11\/Disputa-historica-CDL-de-Brumado-tera-eleicao-com-duas-chapas-pela-primeira-vez-em-50-anos-sudoeste-acontece-1024x658.jpg\" alt=\"\" class=\"wp-image-1547\" srcset=\"https:\/\/sudoesteacontece.com.br\/wp-content\/uploads\/2025\/11\/Disputa-historica-CDL-de-Brumado-tera-eleicao-com-duas-chapas-pela-primeira-vez-em-50-anos-sudoeste-acontece-1024x658.jpg 1024w, https:\/\/sudoesteacontece.com.br\/wp-content\/uploads\/2025\/11\/Disputa-historica-CDL-de-Brumado-tera-eleicao-com-duas-chapas-pela-primeira-vez-em-50-anos-sudoeste-acontece-300x193.jpg 300w, https:\/\/sudoesteacontece.com.br\/wp-content\/uploads\/2025\/11\/Disputa-historica-CDL-de-Brumado-tera-eleicao-com-duas-chapas-pela-primeira-vez-em-50-anos-sudoeste-acontece-768x493.jpg 768w, https:\/\/sudoesteacontece.com.br\/wp-content\/uploads\/2025\/11\/Disputa-historica-CDL-de-Brumado-tera-eleicao-com-duas-chapas-pela-primeira-vez-em-50-anos-sudoeste-acontece-1536x986.jpg 1536w, https:\/\/sudoesteacontece.com.br\/wp-content\/uploads\/2025\/11\/Disputa-historica-CDL-de-Brumado-tera-eleicao-com-duas-chapas-pela-primeira-vez-em-50-anos-sudoeste-acontece.jpg 1800w\" sizes=\"(max-width: 1024px) 100vw, 1024px\" \/><figcaption class=\"wp-element-caption\">Foto Washington Tiago Sudoeste Acontece<\/figcaption><\/figure>\n\n\n\n<p>Proposta do Executivo Municipal prev\u00ea a cria\u00e7\u00e3o do Bairro S\u00e3o Vicente a partir do desmembramento dos bairros Santa Tereza e Olhos D\u2019\u00c1gua. Projeto de Lei n\u00ba 066\/2025 busca reorganizar o territ\u00f3rio urbano e atender demandas antigas da popula\u00e7\u00e3o.<\/p>\n\n\n\n<p>Moradores e lideran\u00e7as comunit\u00e1rias pressionaram pelo reconhecimento oficial da \u00e1rea. Segundo a Prefeitura, a identidade territorial do novo bairro j\u00e1 existe de fato e precisa ser formalizada para fortalecer representatividade e valoriza\u00e7\u00e3o cultural.<\/p>\n\n\n\n<p>Objetivo central da iniciativa \u00e9 dar mais efici\u00eancia \u00e0 presta\u00e7\u00e3o de servi\u00e7os p\u00fablicos. Com a nova delimita\u00e7\u00e3o, \u00f3rg\u00e3os municipais ter\u00e3o mais precis\u00e3o na identifica\u00e7\u00e3o geogr\u00e1fica e no ordenamento cadastral.<\/p>\n\n\n\n<p>Atualiza\u00e7\u00e3o topon\u00edmica de ruas e espa\u00e7os p\u00fablicos tamb\u00e9m est\u00e1 prevista. Proposta quer adequar os nomes aos valores hist\u00f3ricos, homenagear personalidades locais e refletir a mem\u00f3ria coletiva do novo bairro.<\/p>\n\n\n\n<p>Justificativa apresentada pelo prefeito Fabr\u00edcio Abrantes (Avante) destaca alinhamento aos princ\u00edpios de efici\u00eancia, razoabilidade e interesse p\u00fablico. Ele defende que o reordenamento promove organiza\u00e7\u00e3o racional da malha urbana e melhora o servi\u00e7o municipal.<\/p>\n\n\n\n<p>Prefeito garantiu que a execu\u00e7\u00e3o das mudan\u00e7as, como atualiza\u00e7\u00e3o de sinaliza\u00e7\u00e3o e cadastros, ocorrer\u00e1 sem impacto financeiro significativo. A Prefeitura informou que as a\u00e7\u00f5es ser\u00e3o absorvidas pelas rotinas internas, de forma planejada e gradual.<\/p>\n\n\n\n<p>Projeto agora segue para an\u00e1lise legislativa e deve movimentar o debate p\u00fablico, j\u00e1 que envolve identidade comunit\u00e1ria, mem\u00f3ria local e reorganiza\u00e7\u00e3o urbana em uma das regi\u00f5es mais din\u00e2micas de Brumado.<\/p>\n","protected":false},"excerpt":{"rendered":"<p>Proposta do Executivo Municipal prev\u00ea a cria\u00e7\u00e3o do Bairro S\u00e3o Vicente a partir do desmembramento dos bairros Santa Tereza e Olhos D\u2019\u00c1gua. Projeto de Lei n\u00ba 066\/2025 busca reorganizar o territ\u00f3rio urbano e atender demandas antigas da popula\u00e7\u00e3o. Moradores e lideran\u00e7as comunit\u00e1rias pressionaram pelo reconhecimento oficial da \u00e1rea. Segundo a Prefeitura, a identidade territorial do novo bairro j\u00e1 existe de fato e precisa ser formalizada para fortalecer representatividade e valoriza\u00e7\u00e3o cultural. Objetivo central da iniciativa \u00e9 dar mais efici\u00eancia \u00e0 presta\u00e7\u00e3o de servi\u00e7os p\u00fablicos. Com a nova delimita\u00e7\u00e3o, \u00f3rg\u00e3os municipais ter\u00e3o mais precis\u00e3o na identifica\u00e7\u00e3o geogr\u00e1fica e no ordenamento cadastral. Atualiza\u00e7\u00e3o topon\u00edmica de ruas e espa\u00e7os p\u00fablicos tamb\u00e9m est\u00e1 prevista. Proposta quer adequar os nomes aos valores hist\u00f3ricos, homenagear personalidades locais e refletir a mem\u00f3ria coletiva do novo bairro. Justificativa apresentada pelo prefeito Fabr\u00edcio Abrantes (Avante) destaca alinhamento aos princ\u00edpios de efici\u00eancia, razoabilidade e interesse p\u00fablico. Ele defende que o reordenamento promove organiza\u00e7\u00e3o racional da malha urbana e melhora o servi\u00e7o municipal. Prefeito garantiu que a execu\u00e7\u00e3o das mudan\u00e7as, como atualiza\u00e7\u00e3o de sinaliza\u00e7\u00e3o e cadastros, ocorrer\u00e1 sem impacto financeiro significativo. A Prefeitura informou que as a\u00e7\u00f5es ser\u00e3o absorvidas pelas rotinas internas, de forma planejada e gradual. Projeto agora segue para an\u00e1lise legislativa e deve movimentar o debate p\u00fablico, j\u00e1 que envolve identidade comunit\u00e1ria, mem\u00f3ria local e reorganiza\u00e7\u00e3o urbana em uma das regi\u00f5es mais din\u00e2micas de Brumado.<\/p>\n","protected":false},"author":2,"featured_media":1547,"comment_status":"open","ping_status":"open","sticky":false,"template":"","format":"standard","meta":{"footnotes":""},"categories":[10,4,6],"tags":[],"class_list":["post-2668","post","type-post","status-publish","format-standard","has-post-thumbnail","hentry","category-brumado","category-cidades","category-politica"],"yoast_head":"<!-- This site is optimized with the Yoast SEO plugin v26.5 - https:\/\/yoast.com\/wordpress\/plugins\/seo\/ -->\n<title>Projeto reorganiza territ\u00f3rio, valoriza identidade local e melhora servi\u00e7os p\u00fablicos em Brumado - Sudoesteacontece<\/title>\n<meta name=\"robots\" content=\"index, follow, max-snippet:-1, max-image-preview:large, max-video-preview:-1\" \/>\n<link rel=\"canonical\" href=\"https:\/\/sudoesteacontece.com.br\/?p=2668\" \/>\n<meta property=\"og:locale\" content=\"pt_BR\" \/>\n<meta property=\"og:type\" content=\"article\" \/>\n<meta property=\"og:title\" content=\"Projeto reorganiza territ\u00f3rio, valoriza identidade local e melhora servi\u00e7os p\u00fablicos em Brumado - Sudoesteacontece\" \/>\n<meta property=\"og:description\" content=\"Proposta do Executivo Municipal prev\u00ea a cria\u00e7\u00e3o do Bairro S\u00e3o Vicente a partir do desmembramento dos bairros Santa Tereza e Olhos D\u2019\u00c1gua. Projeto de Lei n\u00ba 066\/2025 busca reorganizar o territ\u00f3rio urbano e atender demandas antigas da popula\u00e7\u00e3o. Moradores e lideran\u00e7as comunit\u00e1rias pressionaram pelo reconhecimento oficial da \u00e1rea. Segundo a Prefeitura, a identidade territorial do novo bairro j\u00e1 existe de fato e precisa ser formalizada para fortalecer representatividade e valoriza\u00e7\u00e3o cultural. Objetivo central da iniciativa \u00e9 dar mais efici\u00eancia \u00e0 presta\u00e7\u00e3o de servi\u00e7os p\u00fablicos. Com a nova delimita\u00e7\u00e3o, \u00f3rg\u00e3os municipais ter\u00e3o mais precis\u00e3o na identifica\u00e7\u00e3o geogr\u00e1fica e no ordenamento cadastral. Atualiza\u00e7\u00e3o topon\u00edmica de ruas e espa\u00e7os p\u00fablicos tamb\u00e9m est\u00e1 prevista. Proposta quer adequar os nomes aos valores hist\u00f3ricos, homenagear personalidades locais e refletir a mem\u00f3ria coletiva do novo bairro. Justificativa apresentada pelo prefeito Fabr\u00edcio Abrantes (Avante) destaca alinhamento aos princ\u00edpios de efici\u00eancia, razoabilidade e interesse p\u00fablico. Ele defende que o reordenamento promove organiza\u00e7\u00e3o racional da malha urbana e melhora o servi\u00e7o municipal. Prefeito garantiu que a execu\u00e7\u00e3o das mudan\u00e7as, como atualiza\u00e7\u00e3o de sinaliza\u00e7\u00e3o e cadastros, ocorrer\u00e1 sem impacto financeiro significativo. A Prefeitura informou que as a\u00e7\u00f5es ser\u00e3o absorvidas pelas rotinas internas, de forma planejada e gradual. Projeto agora segue para an\u00e1lise legislativa e deve movimentar o debate p\u00fablico, j\u00e1 que envolve identidade comunit\u00e1ria, mem\u00f3ria local e reorganiza\u00e7\u00e3o urbana em uma das regi\u00f5es mais din\u00e2micas de Brumado.\" \/>\n<meta property=\"og:url\" content=\"https:\/\/sudoesteacontece.com.br\/?p=2668\" \/>\n<meta property=\"og:site_name\" content=\"Sudoesteacontece\" \/>\n<meta property=\"article:publisher\" content=\"https:\/\/www.facebook.com\/sudoesteacontece\/?locale=pt_BR\" \/>\n<meta property=\"article:published_time\" content=\"2025-11-15T13:05:51+00:00\" \/>\n<meta property=\"article:modified_time\" content=\"2025-11-15T13:05:53+00:00\" \/>\n<meta property=\"og:image\" content=\"https:\/\/sudoesteacontece.com.br\/wp-content\/uploads\/2025\/11\/Disputa-historica-CDL-de-Brumado-tera-eleicao-com-duas-chapas-pela-primeira-vez-em-50-anos-sudoeste-acontece.jpg\" \/>\n\t<meta property=\"og:image:width\" content=\"1800\" \/>\n\t<meta property=\"og:image:height\" content=\"1156\" \/>\n\t<meta property=\"og:image:type\" content=\"image\/jpeg\" \/>\n<meta name=\"author\" content=\"Washington Tiago\" \/>\n<meta name=\"twitter:card\" content=\"summary_large_image\" \/>\n<meta name=\"twitter:label1\" content=\"Escrito por\" \/>\n\t<meta name=\"twitter:data1\" content=\"Washington Tiago\" \/>\n\t<meta name=\"twitter:label2\" content=\"Est. tempo de leitura\" \/>\n\t<meta name=\"twitter:data2\" content=\"1 minuto\" \/>\n<script type=\"application\/ld+json\" class=\"yoast-schema-graph\">{\"@context\":\"https:\/\/schema.org\",\"@graph\":[{\"@type\":\"Article\",\"@id\":\"https:\/\/sudoesteacontece.com.br\/?p=2668#article\",\"isPartOf\":{\"@id\":\"https:\/\/sudoesteacontece.com.br\/?p=2668\"},\"author\":{\"name\":\"Washington Tiago\",\"@id\":\"https:\/\/sudoesteacontece.com.br\/#\/schema\/person\/3cf2cf009926a9683ebc29d5379fa79c\"},\"headline\":\"Projeto reorganiza territ\u00f3rio, valoriza identidade local e melhora servi\u00e7os p\u00fablicos em Brumado\",\"datePublished\":\"2025-11-15T13:05:51+00:00\",\"dateModified\":\"2025-11-15T13:05:53+00:00\",\"mainEntityOfPage\":{\"@id\":\"https:\/\/sudoesteacontece.com.br\/?p=2668\"},\"wordCount\":287,\"commentCount\":0,\"publisher\":{\"@id\":\"https:\/\/sudoesteacontece.com.br\/#organization\"},\"image\":{\"@id\":\"https:\/\/sudoesteacontece.com.br\/?p=2668#primaryimage\"},\"thumbnailUrl\":\"https:\/\/sudoesteacontece.com.br\/wp-content\/uploads\/2025\/11\/Disputa-historica-CDL-de-Brumado-tera-eleicao-com-duas-chapas-pela-primeira-vez-em-50-anos-sudoeste-acontece.jpg\",\"articleSection\":[\"Brumado\",\"Cidades\",\"Pol\u00edtica\"],\"inLanguage\":\"pt-BR\",\"potentialAction\":[{\"@type\":\"CommentAction\",\"name\":\"Comment\",\"target\":[\"https:\/\/sudoesteacontece.com.br\/?p=2668#respond\"]}]},{\"@type\":\"WebPage\",\"@id\":\"https:\/\/sudoesteacontece.com.br\/?p=2668\",\"url\":\"https:\/\/sudoesteacontece.com.br\/?p=2668\",\"name\":\"Projeto reorganiza territ\u00f3rio, valoriza identidade local e melhora servi\u00e7os p\u00fablicos em Brumado - Sudoesteacontece\",\"isPartOf\":{\"@id\":\"https:\/\/sudoesteacontece.com.br\/#website\"},\"primaryImageOfPage\":{\"@id\":\"https:\/\/sudoesteacontece.com.br\/?p=2668#primaryimage\"},\"image\":{\"@id\":\"https:\/\/sudoesteacontece.com.br\/?p=2668#primaryimage\"},\"thumbnailUrl\":\"https:\/\/sudoesteacontece.com.br\/wp-content\/uploads\/2025\/11\/Disputa-historica-CDL-de-Brumado-tera-eleicao-com-duas-chapas-pela-primeira-vez-em-50-anos-sudoeste-acontece.jpg\",\"datePublished\":\"2025-11-15T13:05:51+00:00\",\"dateModified\":\"2025-11-15T13:05:53+00:00\",\"breadcrumb\":{\"@id\":\"https:\/\/sudoesteacontece.com.br\/?p=2668#breadcrumb\"},\"inLanguage\":\"pt-BR\",\"potentialAction\":[{\"@type\":\"ReadAction\",\"target\":[\"https:\/\/sudoesteacontece.com.br\/?p=2668\"]}]},{\"@type\":\"ImageObject\",\"inLanguage\":\"pt-BR\",\"@id\":\"https:\/\/sudoesteacontece.com.br\/?p=2668#primaryimage\",\"url\":\"https:\/\/sudoesteacontece.com.br\/wp-content\/uploads\/2025\/11\/Disputa-historica-CDL-de-Brumado-tera-eleicao-com-duas-chapas-pela-primeira-vez-em-50-anos-sudoeste-acontece.jpg\",\"contentUrl\":\"https:\/\/sudoesteacontece.com.br\/wp-content\/uploads\/2025\/11\/Disputa-historica-CDL-de-Brumado-tera-eleicao-com-duas-chapas-pela-primeira-vez-em-50-anos-sudoeste-acontece.jpg\",\"width\":1800,\"height\":1156,\"caption\":\"Foto Washington Tiago Sudoeste Acontece\"},{\"@type\":\"BreadcrumbList\",\"@id\":\"https:\/\/sudoesteacontece.com.br\/?p=2668#breadcrumb\",\"itemListElement\":[{\"@type\":\"ListItem\",\"position\":1,\"name\":\"In\u00edcio\",\"item\":\"https:\/\/sudoesteacontece.com.br\/\"},{\"@type\":\"ListItem\",\"position\":2,\"name\":\"Projeto reorganiza territ\u00f3rio, valoriza identidade local e melhora servi\u00e7os p\u00fablicos em Brumado\"}]},{\"@type\":\"WebSite\",\"@id\":\"https:\/\/sudoesteacontece.com.br\/#website\",\"url\":\"https:\/\/sudoesteacontece.com.br\/\",\"name\":\"Sudoesteacontece\",\"description\":\"\",\"publisher\":{\"@id\":\"https:\/\/sudoesteacontece.com.br\/#organization\"},\"potentialAction\":[{\"@type\":\"SearchAction\",\"target\":{\"@type\":\"EntryPoint\",\"urlTemplate\":\"https:\/\/sudoesteacontece.com.br\/?s={search_term_string}\"},\"query-input\":{\"@type\":\"PropertyValueSpecification\",\"valueRequired\":true,\"valueName\":\"search_term_string\"}}],\"inLanguage\":\"pt-BR\"},{\"@type\":\"Organization\",\"@id\":\"https:\/\/sudoesteacontece.com.br\/#organization\",\"name\":\"Sudoesteacontece\",\"url\":\"https:\/\/sudoesteacontece.com.br\/\",\"logo\":{\"@type\":\"ImageObject\",\"inLanguage\":\"pt-BR\",\"@id\":\"https:\/\/sudoesteacontece.com.br\/#\/schema\/logo\/image\/\",\"url\":\"https:\/\/sudoesteacontece.com.br\/wp-content\/uploads\/2025\/12\/cropped-logo-2-180x180-1.png\",\"contentUrl\":\"https:\/\/sudoesteacontece.com.br\/wp-content\/uploads\/2025\/12\/cropped-logo-2-180x180-1.png\",\"width\":180,\"height\":180,\"caption\":\"Sudoesteacontece\"},\"image\":{\"@id\":\"https:\/\/sudoesteacontece.com.br\/#\/schema\/logo\/image\/\"},\"sameAs\":[\"https:\/\/www.facebook.com\/sudoesteacontece\/?locale=pt_BR\"]},{\"@type\":\"Person\",\"@id\":\"https:\/\/sudoesteacontece.com.br\/#\/schema\/person\/3cf2cf009926a9683ebc29d5379fa79c\",\"name\":\"Washington Tiago\",\"image\":{\"@type\":\"ImageObject\",\"inLanguage\":\"pt-BR\",\"@id\":\"https:\/\/sudoesteacontece.com.br\/#\/schema\/person\/image\/\",\"url\":\"https:\/\/secure.gravatar.com\/avatar\/33c43b8668157e040f9d1fe93c354bf087cbd8ba36270c1163198bd3ddcf2a56?s=96&d=mm&r=g\",\"contentUrl\":\"https:\/\/secure.gravatar.com\/avatar\/33c43b8668157e040f9d1fe93c354bf087cbd8ba36270c1163198bd3ddcf2a56?s=96&d=mm&r=g\",\"caption\":\"Washington Tiago\"},\"url\":\"https:\/\/sudoesteacontece.com.br\/?author=2\"}]}<\/script>\n<!-- \/ Yoast SEO plugin. -->","yoast_head_json":{"title":"Projeto reorganiza territ\u00f3rio, valoriza identidade local e melhora servi\u00e7os p\u00fablicos em Brumado - Sudoesteacontece","robots":{"index":"index","follow":"follow","max-snippet":"max-snippet:-1","max-image-preview":"max-image-preview:large","max-video-preview":"max-video-preview:-1"},"canonical":"https:\/\/sudoesteacontece.com.br\/?p=2668","og_locale":"pt_BR","og_type":"article","og_title":"Projeto reorganiza territ\u00f3rio, valoriza identidade local e melhora servi\u00e7os p\u00fablicos em Brumado - Sudoesteacontece","og_description":"Proposta do Executivo Municipal prev\u00ea a cria\u00e7\u00e3o do Bairro S\u00e3o Vicente a partir do desmembramento dos bairros Santa Tereza e Olhos D\u2019\u00c1gua. Projeto de Lei n\u00ba 066\/2025 busca reorganizar o territ\u00f3rio urbano e atender demandas antigas da popula\u00e7\u00e3o. Moradores e lideran\u00e7as comunit\u00e1rias pressionaram pelo reconhecimento oficial da \u00e1rea. Segundo a Prefeitura, a identidade territorial do novo bairro j\u00e1 existe de fato e precisa ser formalizada para fortalecer representatividade e valoriza\u00e7\u00e3o cultural. Objetivo central da iniciativa \u00e9 dar mais efici\u00eancia \u00e0 presta\u00e7\u00e3o de servi\u00e7os p\u00fablicos. Com a nova delimita\u00e7\u00e3o, \u00f3rg\u00e3os municipais ter\u00e3o mais precis\u00e3o na identifica\u00e7\u00e3o geogr\u00e1fica e no ordenamento cadastral. Atualiza\u00e7\u00e3o topon\u00edmica de ruas e espa\u00e7os p\u00fablicos tamb\u00e9m est\u00e1 prevista. Proposta quer adequar os nomes aos valores hist\u00f3ricos, homenagear personalidades locais e refletir a mem\u00f3ria coletiva do novo bairro. Justificativa apresentada pelo prefeito Fabr\u00edcio Abrantes (Avante) destaca alinhamento aos princ\u00edpios de efici\u00eancia, razoabilidade e interesse p\u00fablico. Ele defende que o reordenamento promove organiza\u00e7\u00e3o racional da malha urbana e melhora o servi\u00e7o municipal. Prefeito garantiu que a execu\u00e7\u00e3o das mudan\u00e7as, como atualiza\u00e7\u00e3o de sinaliza\u00e7\u00e3o e cadastros, ocorrer\u00e1 sem impacto financeiro significativo. A Prefeitura informou que as a\u00e7\u00f5es ser\u00e3o absorvidas pelas rotinas internas, de forma planejada e gradual. Projeto agora segue para an\u00e1lise legislativa e deve movimentar o debate p\u00fablico, j\u00e1 que envolve identidade comunit\u00e1ria, mem\u00f3ria local e reorganiza\u00e7\u00e3o urbana em uma das regi\u00f5es mais din\u00e2micas de Brumado.","og_url":"https:\/\/sudoesteacontece.com.br\/?p=2668","og_site_name":"Sudoesteacontece","article_publisher":"https:\/\/www.facebook.com\/sudoesteacontece\/?locale=pt_BR","article_published_time":"2025-11-15T13:05:51+00:00","article_modified_time":"2025-11-15T13:05:53+00:00","og_image":[{"width":1800,"height":1156,"url":"https:\/\/sudoesteacontece.com.br\/wp-content\/uploads\/2025\/11\/Disputa-historica-CDL-de-Brumado-tera-eleicao-com-duas-chapas-pela-primeira-vez-em-50-anos-sudoeste-acontece.jpg","type":"image\/jpeg"}],"author":"Washington Tiago","twitter_card":"summary_large_image","twitter_misc":{"Escrito por":"Washington Tiago","Est. tempo de leitura":"1 minuto"},"schema":{"@context":"https:\/\/schema.org","@graph":[{"@type":"Article","@id":"https:\/\/sudoesteacontece.com.br\/?p=2668#article","isPartOf":{"@id":"https:\/\/sudoesteacontece.com.br\/?p=2668"},"author":{"name":"Washington Tiago","@id":"https:\/\/sudoesteacontece.com.br\/#\/schema\/person\/3cf2cf009926a9683ebc29d5379fa79c"},"headline":"Projeto reorganiza territ\u00f3rio, valoriza identidade local e melhora servi\u00e7os p\u00fablicos em Brumado","datePublished":"2025-11-15T13:05:51+00:00","dateModified":"2025-11-15T13:05:53+00:00","mainEntityOfPage":{"@id":"https:\/\/sudoesteacontece.com.br\/?p=2668"},"wordCount":287,"commentCount":0,"publisher":{"@id":"https:\/\/sudoesteacontece.com.br\/#organization"},"image":{"@id":"https:\/\/sudoesteacontece.com.br\/?p=2668#primaryimage"},"thumbnailUrl":"https:\/\/sudoesteacontece.com.br\/wp-content\/uploads\/2025\/11\/Disputa-historica-CDL-de-Brumado-tera-eleicao-com-duas-chapas-pela-primeira-vez-em-50-anos-sudoeste-acontece.jpg","articleSection":["Brumado","Cidades","Pol\u00edtica"],"inLanguage":"pt-BR","potentialAction":[{"@type":"CommentAction","name":"Comment","target":["https:\/\/sudoesteacontece.com.br\/?p=2668#respond"]}]},{"@type":"WebPage","@id":"https:\/\/sudoesteacontece.com.br\/?p=2668","url":"https:\/\/sudoesteacontece.com.br\/?p=2668","name":"Projeto reorganiza territ\u00f3rio, valoriza identidade local e melhora servi\u00e7os p\u00fablicos em Brumado - Sudoesteacontece","isPartOf":{"@id":"https:\/\/sudoesteacontece.com.br\/#website"},"primaryImageOfPage":{"@id":"https:\/\/sudoesteacontece.com.br\/?p=2668#primaryimage"},"image":{"@id":"https:\/\/sudoesteacontece.com.br\/?p=2668#primaryimage"},"thumbnailUrl":"https:\/\/sudoesteacontece.com.br\/wp-content\/uploads\/2025\/11\/Disputa-historica-CDL-de-Brumado-tera-eleicao-com-duas-chapas-pela-primeira-vez-em-50-anos-sudoeste-acontece.jpg","datePublished":"2025-11-15T13:05:51+00:00","dateModified":"2025-11-15T13:05:53+00:00","breadcrumb":{"@id":"https:\/\/sudoesteacontece.com.br\/?p=2668#breadcrumb"},"inLanguage":"pt-BR","potentialAction":[{"@type":"ReadAction","target":["https:\/\/sudoesteacontece.com.br\/?p=2668"]}]},{"@type":"ImageObject","inLanguage":"pt-BR","@id":"https:\/\/sudoesteacontece.com.br\/?p=2668#primaryimage","url":"https:\/\/sudoesteacontece.com.br\/wp-content\/uploads\/2025\/11\/Disputa-historica-CDL-de-Brumado-tera-eleicao-com-duas-chapas-pela-primeira-vez-em-50-anos-sudoeste-acontece.jpg","contentUrl":"https:\/\/sudoesteacontece.com.br\/wp-content\/uploads\/2025\/11\/Disputa-historica-CDL-de-Brumado-tera-eleicao-com-duas-chapas-pela-primeira-vez-em-50-anos-sudoeste-acontece.jpg","width":1800,"height":1156,"caption":"Foto Washington Tiago Sudoeste Acontece"},{"@type":"BreadcrumbList","@id":"https:\/\/sudoesteacontece.com.br\/?p=2668#breadcrumb","itemListElement":[{"@type":"ListItem","position":1,"name":"In\u00edcio","item":"https:\/\/sudoesteacontece.com.br\/"},{"@type":"ListItem","position":2,"name":"Projeto reorganiza territ\u00f3rio, valoriza identidade local e melhora servi\u00e7os p\u00fablicos em Brumado"}]},{"@type":"WebSite","@id":"https:\/\/sudoesteacontece.com.br\/#website","url":"https:\/\/sudoesteacontece.com.br\/","name":"Sudoesteacontece","description":"","publisher":{"@id":"https:\/\/sudoesteacontece.com.br\/#organization"},"potentialAction":[{"@type":"SearchAction","target":{"@type":"EntryPoint","urlTemplate":"https:\/\/sudoesteacontece.com.br\/?s={search_term_string}"},"query-input":{"@type":"PropertyValueSpecification","valueRequired":true,"valueName":"search_term_string"}}],"inLanguage":"pt-BR"},{"@type":"Organization","@id":"https:\/\/sudoesteacontece.com.br\/#organization","name":"Sudoesteacontece","url":"https:\/\/sudoesteacontece.com.br\/","logo":{"@type":"ImageObject","inLanguage":"pt-BR","@id":"https:\/\/sudoesteacontece.com.br\/#\/schema\/logo\/image\/","url":"https:\/\/sudoesteacontece.com.br\/wp-content\/uploads\/2025\/12\/cropped-logo-2-180x180-1.png","contentUrl":"https:\/\/sudoesteacontece.com.br\/wp-content\/uploads\/2025\/12\/cropped-logo-2-180x180-1.png","width":180,"height":180,"caption":"Sudoesteacontece"},"image":{"@id":"https:\/\/sudoesteacontece.com.br\/#\/schema\/logo\/image\/"},"sameAs":["https:\/\/www.facebook.com\/sudoesteacontece\/?locale=pt_BR"]},{"@type":"Person","@id":"https:\/\/sudoesteacontece.com.br\/#\/schema\/person\/3cf2cf009926a9683ebc29d5379fa79c","name":"Washington Tiago","image":{"@type":"ImageObject","inLanguage":"pt-BR","@id":"https:\/\/sudoesteacontece.com.br\/#\/schema\/person\/image\/","url":"https:\/\/secure.gravatar.com\/avatar\/33c43b8668157e040f9d1fe93c354bf087cbd8ba36270c1163198bd3ddcf2a56?s=96&d=mm&r=g","contentUrl":"https:\/\/secure.gravatar.com\/avatar\/33c43b8668157e040f9d1fe93c354bf087cbd8ba36270c1163198bd3ddcf2a56?s=96&d=mm&r=g","caption":"Washington Tiago"},"url":"https:\/\/sudoesteacontece.com.br\/?author=2"}]}},"_links":{"self":[{"href":"https:\/\/sudoesteacontece.com.br\/index.php?rest_route=\/wp\/v2\/posts\/2668","targetHints":{"allow":["GET"]}}],"collection":[{"href":"https:\/\/sudoesteacontece.com.br\/index.php?rest_route=\/wp\/v2\/posts"}],"about":[{"href":"https:\/\/sudoesteacontece.com.br\/index.php?rest_route=\/wp\/v2\/types\/post"}],"author":[{"embeddable":true,"href":"https:\/\/sudoesteacontece.com.br\/index.php?rest_route=\/wp\/v2\/users\/2"}],"replies":[{"embeddable":true,"href":"https:\/\/sudoesteacontece.com.br\/index.php?rest_route=%2Fwp%2Fv2%2Fcomments&post=2668"}],"version-history":[{"count":0,"href":"https:\/\/sudoesteacontece.com.br\/index.php?rest_route=\/wp\/v2\/posts\/2668\/revisions"}],"wp:featuredmedia":[{"embeddable":true,"href":"https:\/\/sudoesteacontece.com.br\/index.php?rest_route=\/wp\/v2\/media\/1547"}],"wp:attachment":[{"href":"https:\/\/sudoesteacontece.com.br\/index.php?rest_route=%2Fwp%2Fv2%2Fmedia&parent=2668"}],"wp:term":[{"taxonomy":"category","embeddable":true,"href":"https:\/\/sudoesteacontece.com.br\/index.php?rest_route=%2Fwp%2Fv2%2Fcategories&post=2668"},{"taxonomy":"post_tag","embeddable":true,"href":"https:\/\/sudoesteacontece.com.br\/index.php?rest_route=%2Fwp%2Fv2%2Ftags&post=2668"}],"curies":[{"name":"wp","href":"https:\/\/api.w.org\/{rel}","templated":true}]}}