{"id":2670,"date":"2025-11-15T10:13:15","date_gmt":"2025-11-15T13:13:15","guid":{"rendered":"https:\/\/sudoesteacontece.com.br\/?p=2670"},"modified":"2025-11-15T10:13:17","modified_gmt":"2025-11-15T13:13:17","slug":"moto-roubada-e-recuperada-pela-pm-apos-identificacao-de-adulteracao-em-cacule","status":"publish","type":"post","link":"https:\/\/sudoesteacontece.com.br\/?p=2670","title":{"rendered":"Moto roubada \u00e9 recuperada pela PM ap\u00f3s identifica\u00e7\u00e3o de adultera\u00e7\u00e3o em Cacul\u00e9"},"content":{"rendered":"<div class=\"wp-block-image\">\n<figure class=\"aligncenter size-full\"><img fetchpriority=\"high\" decoding=\"async\" width=\"900\" height=\"600\" src=\"http:\/\/sudoesteacontece.com.br\/wp-content\/uploads\/2025\/11\/Moto-roubada-e-recuperada-pela-PM-apos-identificacao-de-adulteracao-em-Cacule-sudoeste-acontece.jpg\" alt=\"\" class=\"wp-image-2689\" srcset=\"https:\/\/sudoesteacontece.com.br\/wp-content\/uploads\/2025\/11\/Moto-roubada-e-recuperada-pela-PM-apos-identificacao-de-adulteracao-em-Cacule-sudoeste-acontece.jpg 900w, https:\/\/sudoesteacontece.com.br\/wp-content\/uploads\/2025\/11\/Moto-roubada-e-recuperada-pela-PM-apos-identificacao-de-adulteracao-em-Cacule-sudoeste-acontece-300x200.jpg 300w, https:\/\/sudoesteacontece.com.br\/wp-content\/uploads\/2025\/11\/Moto-roubada-e-recuperada-pela-PM-apos-identificacao-de-adulteracao-em-Cacule-sudoeste-acontece-768x512.jpg 768w\" sizes=\"(max-width: 900px) 100vw, 900px\" \/><\/figure>\n<\/div>\n\n\n<p>Policiais militares recuperaram, na manh\u00e3 desta sexta-feira (14), uma motocicleta com registro de furto e roubo no estado de S\u00e3o Paulo. A a\u00e7\u00e3o ocorreu durante patrulhamento na rua Francisco Pinho, no bairro Alto da Boa Vista, em Cacul\u00e9.<\/p>\n\n\n\n<p>Guarni\u00e7\u00e3o da 94\u00aa Companhia Independente de Pol\u00edcia Militar (94\u00aa CIPM) percebeu sinais claros de adultera\u00e7\u00e3o no ve\u00edculo. Chassi suprimido e a placa com apenas duas letras levantaram suspeita imediata e motivaram a remo\u00e7\u00e3o da moto para an\u00e1lise t\u00e9cnica.<\/p>\n\n\n\n<p>Ao verificar o n\u00famero do motor e descobriram que ele pertencia a uma Honda CG 150 Titan KS, de cor preta, registrada em Artur Nogueira (SP). Checagem no sistema confirmou que havia restri\u00e7\u00e3o por furto e roubo.<\/p>\n\n\n\n<p>Ve\u00edculo foi levado para a Delegacia de Pol\u00edcia Civil de Cacul\u00e9. Unidade adotou as medidas legais e dar\u00e1 andamento ao processo de restitui\u00e7\u00e3o ao propriet\u00e1rio.<\/p>\n","protected":false},"excerpt":{"rendered":"<p>Policiais militares recuperaram, na manh\u00e3 desta sexta-feira (14), uma motocicleta com registro de furto e roubo no estado de S\u00e3o Paulo. A a\u00e7\u00e3o ocorreu durante patrulhamento na rua Francisco Pinho, no bairro Alto da Boa Vista, em Cacul\u00e9. Guarni\u00e7\u00e3o da 94\u00aa Companhia Independente de Pol\u00edcia Militar (94\u00aa CIPM) percebeu sinais claros de adultera\u00e7\u00e3o no ve\u00edculo. Chassi suprimido e a placa com apenas duas letras levantaram suspeita imediata e motivaram a remo\u00e7\u00e3o da moto para an\u00e1lise t\u00e9cnica. Ao verificar o n\u00famero do motor e descobriram que ele pertencia a uma Honda CG 150 Titan KS, de cor preta, registrada em Artur Nogueira (SP). Checagem no sistema confirmou que havia restri\u00e7\u00e3o por furto e roubo. Ve\u00edculo foi levado para a Delegacia de Pol\u00edcia Civil de Cacul\u00e9. Unidade adotou as medidas legais e dar\u00e1 andamento ao processo de restitui\u00e7\u00e3o ao propriet\u00e1rio.<\/p>\n","protected":false},"author":2,"featured_media":2689,"comment_status":"open","ping_status":"open","sticky":false,"template":"","format":"standard","meta":{"footnotes":""},"categories":[57,4,3],"tags":[],"class_list":["post-2670","post","type-post","status-publish","format-standard","has-post-thumbnail","hentry","category-cacule","category-cidades","category-policia"],"yoast_head":"<!-- This site is optimized with the Yoast SEO plugin v26.5 - https:\/\/yoast.com\/wordpress\/plugins\/seo\/ -->\n<title>Moto roubada \u00e9 recuperada pela PM ap\u00f3s identifica\u00e7\u00e3o de adultera\u00e7\u00e3o em Cacul\u00e9 - Sudoesteacontece<\/title>\n<meta name=\"robots\" content=\"index, follow, max-snippet:-1, max-image-preview:large, max-video-preview:-1\" \/>\n<link rel=\"canonical\" href=\"https:\/\/sudoesteacontece.com.br\/?p=2670\" \/>\n<meta property=\"og:locale\" content=\"pt_BR\" \/>\n<meta property=\"og:type\" content=\"article\" \/>\n<meta property=\"og:title\" content=\"Moto roubada \u00e9 recuperada pela PM ap\u00f3s identifica\u00e7\u00e3o de adultera\u00e7\u00e3o em Cacul\u00e9 - Sudoesteacontece\" \/>\n<meta property=\"og:description\" content=\"Policiais militares recuperaram, na manh\u00e3 desta sexta-feira (14), uma motocicleta com registro de furto e roubo no estado de S\u00e3o Paulo. A a\u00e7\u00e3o ocorreu durante patrulhamento na rua Francisco Pinho, no bairro Alto da Boa Vista, em Cacul\u00e9. Guarni\u00e7\u00e3o da 94\u00aa Companhia Independente de Pol\u00edcia Militar (94\u00aa CIPM) percebeu sinais claros de adultera\u00e7\u00e3o no ve\u00edculo. Chassi suprimido e a placa com apenas duas letras levantaram suspeita imediata e motivaram a remo\u00e7\u00e3o da moto para an\u00e1lise t\u00e9cnica. Ao verificar o n\u00famero do motor e descobriram que ele pertencia a uma Honda CG 150 Titan KS, de cor preta, registrada em Artur Nogueira (SP). Checagem no sistema confirmou que havia restri\u00e7\u00e3o por furto e roubo. Ve\u00edculo foi levado para a Delegacia de Pol\u00edcia Civil de Cacul\u00e9. Unidade adotou as medidas legais e dar\u00e1 andamento ao processo de restitui\u00e7\u00e3o ao propriet\u00e1rio.\" \/>\n<meta property=\"og:url\" content=\"https:\/\/sudoesteacontece.com.br\/?p=2670\" \/>\n<meta property=\"og:site_name\" content=\"Sudoesteacontece\" \/>\n<meta property=\"article:publisher\" content=\"https:\/\/www.facebook.com\/sudoesteacontece\/?locale=pt_BR\" \/>\n<meta property=\"article:published_time\" content=\"2025-11-15T13:13:15+00:00\" \/>\n<meta property=\"article:modified_time\" content=\"2025-11-15T13:13:17+00:00\" \/>\n<meta property=\"og:image\" content=\"https:\/\/sudoesteacontece.com.br\/wp-content\/uploads\/2025\/11\/Moto-roubada-e-recuperada-pela-PM-apos-identificacao-de-adulteracao-em-Cacule-sudoeste-acontece.jpg\" \/>\n\t<meta property=\"og:image:width\" content=\"900\" \/>\n\t<meta property=\"og:image:height\" content=\"600\" \/>\n\t<meta property=\"og:image:type\" content=\"image\/jpeg\" \/>\n<meta name=\"author\" content=\"Washington Tiago\" \/>\n<meta name=\"twitter:card\" content=\"summary_large_image\" \/>\n<meta name=\"twitter:label1\" content=\"Escrito por\" \/>\n\t<meta name=\"twitter:data1\" content=\"Washington Tiago\" \/>\n\t<meta name=\"twitter:label2\" content=\"Est. tempo de leitura\" \/>\n\t<meta name=\"twitter:data2\" content=\"1 minuto\" \/>\n<script type=\"application\/ld+json\" class=\"yoast-schema-graph\">{\"@context\":\"https:\/\/schema.org\",\"@graph\":[{\"@type\":\"Article\",\"@id\":\"https:\/\/sudoesteacontece.com.br\/?p=2670#article\",\"isPartOf\":{\"@id\":\"https:\/\/sudoesteacontece.com.br\/?p=2670\"},\"author\":{\"name\":\"Washington Tiago\",\"@id\":\"https:\/\/sudoesteacontece.com.br\/#\/schema\/person\/3cf2cf009926a9683ebc29d5379fa79c\"},\"headline\":\"Moto roubada \u00e9 recuperada pela PM ap\u00f3s identifica\u00e7\u00e3o de adultera\u00e7\u00e3o em Cacul\u00e9\",\"datePublished\":\"2025-11-15T13:13:15+00:00\",\"dateModified\":\"2025-11-15T13:13:17+00:00\",\"mainEntityOfPage\":{\"@id\":\"https:\/\/sudoesteacontece.com.br\/?p=2670\"},\"wordCount\":163,\"commentCount\":0,\"publisher\":{\"@id\":\"https:\/\/sudoesteacontece.com.br\/#organization\"},\"image\":{\"@id\":\"https:\/\/sudoesteacontece.com.br\/?p=2670#primaryimage\"},\"thumbnailUrl\":\"https:\/\/sudoesteacontece.com.br\/wp-content\/uploads\/2025\/11\/Moto-roubada-e-recuperada-pela-PM-apos-identificacao-de-adulteracao-em-Cacule-sudoeste-acontece.jpg\",\"articleSection\":[\"Cacul\u00e9\",\"Cidades\",\"Pol\u00edcia\"],\"inLanguage\":\"pt-BR\",\"potentialAction\":[{\"@type\":\"CommentAction\",\"name\":\"Comment\",\"target\":[\"https:\/\/sudoesteacontece.com.br\/?p=2670#respond\"]}]},{\"@type\":\"WebPage\",\"@id\":\"https:\/\/sudoesteacontece.com.br\/?p=2670\",\"url\":\"https:\/\/sudoesteacontece.com.br\/?p=2670\",\"name\":\"Moto roubada \u00e9 recuperada pela PM ap\u00f3s identifica\u00e7\u00e3o de adultera\u00e7\u00e3o em Cacul\u00e9 - Sudoesteacontece\",\"isPartOf\":{\"@id\":\"https:\/\/sudoesteacontece.com.br\/#website\"},\"primaryImageOfPage\":{\"@id\":\"https:\/\/sudoesteacontece.com.br\/?p=2670#primaryimage\"},\"image\":{\"@id\":\"https:\/\/sudoesteacontece.com.br\/?p=2670#primaryimage\"},\"thumbnailUrl\":\"https:\/\/sudoesteacontece.com.br\/wp-content\/uploads\/2025\/11\/Moto-roubada-e-recuperada-pela-PM-apos-identificacao-de-adulteracao-em-Cacule-sudoeste-acontece.jpg\",\"datePublished\":\"2025-11-15T13:13:15+00:00\",\"dateModified\":\"2025-11-15T13:13:17+00:00\",\"breadcrumb\":{\"@id\":\"https:\/\/sudoesteacontece.com.br\/?p=2670#breadcrumb\"},\"inLanguage\":\"pt-BR\",\"potentialAction\":[{\"@type\":\"ReadAction\",\"target\":[\"https:\/\/sudoesteacontece.com.br\/?p=2670\"]}]},{\"@type\":\"ImageObject\",\"inLanguage\":\"pt-BR\",\"@id\":\"https:\/\/sudoesteacontece.com.br\/?p=2670#primaryimage\",\"url\":\"https:\/\/sudoesteacontece.com.br\/wp-content\/uploads\/2025\/11\/Moto-roubada-e-recuperada-pela-PM-apos-identificacao-de-adulteracao-em-Cacule-sudoeste-acontece.jpg\",\"contentUrl\":\"https:\/\/sudoesteacontece.com.br\/wp-content\/uploads\/2025\/11\/Moto-roubada-e-recuperada-pela-PM-apos-identificacao-de-adulteracao-em-Cacule-sudoeste-acontece.jpg\",\"width\":900,\"height\":600},{\"@type\":\"BreadcrumbList\",\"@id\":\"https:\/\/sudoesteacontece.com.br\/?p=2670#breadcrumb\",\"itemListElement\":[{\"@type\":\"ListItem\",\"position\":1,\"name\":\"In\u00edcio\",\"item\":\"https:\/\/sudoesteacontece.com.br\/\"},{\"@type\":\"ListItem\",\"position\":2,\"name\":\"Moto roubada \u00e9 recuperada pela PM ap\u00f3s identifica\u00e7\u00e3o de adultera\u00e7\u00e3o em Cacul\u00e9\"}]},{\"@type\":\"WebSite\",\"@id\":\"https:\/\/sudoesteacontece.com.br\/#website\",\"url\":\"https:\/\/sudoesteacontece.com.br\/\",\"name\":\"Sudoesteacontece\",\"description\":\"\",\"publisher\":{\"@id\":\"https:\/\/sudoesteacontece.com.br\/#organization\"},\"potentialAction\":[{\"@type\":\"SearchAction\",\"target\":{\"@type\":\"EntryPoint\",\"urlTemplate\":\"https:\/\/sudoesteacontece.com.br\/?s={search_term_string}\"},\"query-input\":{\"@type\":\"PropertyValueSpecification\",\"valueRequired\":true,\"valueName\":\"search_term_string\"}}],\"inLanguage\":\"pt-BR\"},{\"@type\":\"Organization\",\"@id\":\"https:\/\/sudoesteacontece.com.br\/#organization\",\"name\":\"Sudoesteacontece\",\"url\":\"https:\/\/sudoesteacontece.com.br\/\",\"logo\":{\"@type\":\"ImageObject\",\"inLanguage\":\"pt-BR\",\"@id\":\"https:\/\/sudoesteacontece.com.br\/#\/schema\/logo\/image\/\",\"url\":\"https:\/\/sudoesteacontece.com.br\/wp-content\/uploads\/2025\/12\/cropped-logo-2-180x180-1.png\",\"contentUrl\":\"https:\/\/sudoesteacontece.com.br\/wp-content\/uploads\/2025\/12\/cropped-logo-2-180x180-1.png\",\"width\":180,\"height\":180,\"caption\":\"Sudoesteacontece\"},\"image\":{\"@id\":\"https:\/\/sudoesteacontece.com.br\/#\/schema\/logo\/image\/\"},\"sameAs\":[\"https:\/\/www.facebook.com\/sudoesteacontece\/?locale=pt_BR\"]},{\"@type\":\"Person\",\"@id\":\"https:\/\/sudoesteacontece.com.br\/#\/schema\/person\/3cf2cf009926a9683ebc29d5379fa79c\",\"name\":\"Washington Tiago\",\"image\":{\"@type\":\"ImageObject\",\"inLanguage\":\"pt-BR\",\"@id\":\"https:\/\/sudoesteacontece.com.br\/#\/schema\/person\/image\/\",\"url\":\"https:\/\/secure.gravatar.com\/avatar\/33c43b8668157e040f9d1fe93c354bf087cbd8ba36270c1163198bd3ddcf2a56?s=96&d=mm&r=g\",\"contentUrl\":\"https:\/\/secure.gravatar.com\/avatar\/33c43b8668157e040f9d1fe93c354bf087cbd8ba36270c1163198bd3ddcf2a56?s=96&d=mm&r=g\",\"caption\":\"Washington Tiago\"},\"url\":\"https:\/\/sudoesteacontece.com.br\/?author=2\"}]}<\/script>\n<!-- \/ Yoast SEO plugin. -->","yoast_head_json":{"title":"Moto roubada \u00e9 recuperada pela PM ap\u00f3s identifica\u00e7\u00e3o de adultera\u00e7\u00e3o em Cacul\u00e9 - Sudoesteacontece","robots":{"index":"index","follow":"follow","max-snippet":"max-snippet:-1","max-image-preview":"max-image-preview:large","max-video-preview":"max-video-preview:-1"},"canonical":"https:\/\/sudoesteacontece.com.br\/?p=2670","og_locale":"pt_BR","og_type":"article","og_title":"Moto roubada \u00e9 recuperada pela PM ap\u00f3s identifica\u00e7\u00e3o de adultera\u00e7\u00e3o em Cacul\u00e9 - Sudoesteacontece","og_description":"Policiais militares recuperaram, na manh\u00e3 desta sexta-feira (14), uma motocicleta com registro de furto e roubo no estado de S\u00e3o Paulo. A a\u00e7\u00e3o ocorreu durante patrulhamento na rua Francisco Pinho, no bairro Alto da Boa Vista, em Cacul\u00e9. Guarni\u00e7\u00e3o da 94\u00aa Companhia Independente de Pol\u00edcia Militar (94\u00aa CIPM) percebeu sinais claros de adultera\u00e7\u00e3o no ve\u00edculo. Chassi suprimido e a placa com apenas duas letras levantaram suspeita imediata e motivaram a remo\u00e7\u00e3o da moto para an\u00e1lise t\u00e9cnica. Ao verificar o n\u00famero do motor e descobriram que ele pertencia a uma Honda CG 150 Titan KS, de cor preta, registrada em Artur Nogueira (SP). Checagem no sistema confirmou que havia restri\u00e7\u00e3o por furto e roubo. Ve\u00edculo foi levado para a Delegacia de Pol\u00edcia Civil de Cacul\u00e9. Unidade adotou as medidas legais e dar\u00e1 andamento ao processo de restitui\u00e7\u00e3o ao propriet\u00e1rio.","og_url":"https:\/\/sudoesteacontece.com.br\/?p=2670","og_site_name":"Sudoesteacontece","article_publisher":"https:\/\/www.facebook.com\/sudoesteacontece\/?locale=pt_BR","article_published_time":"2025-11-15T13:13:15+00:00","article_modified_time":"2025-11-15T13:13:17+00:00","og_image":[{"width":900,"height":600,"url":"https:\/\/sudoesteacontece.com.br\/wp-content\/uploads\/2025\/11\/Moto-roubada-e-recuperada-pela-PM-apos-identificacao-de-adulteracao-em-Cacule-sudoeste-acontece.jpg","type":"image\/jpeg"}],"author":"Washington Tiago","twitter_card":"summary_large_image","twitter_misc":{"Escrito por":"Washington Tiago","Est. tempo de leitura":"1 minuto"},"schema":{"@context":"https:\/\/schema.org","@graph":[{"@type":"Article","@id":"https:\/\/sudoesteacontece.com.br\/?p=2670#article","isPartOf":{"@id":"https:\/\/sudoesteacontece.com.br\/?p=2670"},"author":{"name":"Washington Tiago","@id":"https:\/\/sudoesteacontece.com.br\/#\/schema\/person\/3cf2cf009926a9683ebc29d5379fa79c"},"headline":"Moto roubada \u00e9 recuperada pela PM ap\u00f3s identifica\u00e7\u00e3o de adultera\u00e7\u00e3o em Cacul\u00e9","datePublished":"2025-11-15T13:13:15+00:00","dateModified":"2025-11-15T13:13:17+00:00","mainEntityOfPage":{"@id":"https:\/\/sudoesteacontece.com.br\/?p=2670"},"wordCount":163,"commentCount":0,"publisher":{"@id":"https:\/\/sudoesteacontece.com.br\/#organization"},"image":{"@id":"https:\/\/sudoesteacontece.com.br\/?p=2670#primaryimage"},"thumbnailUrl":"https:\/\/sudoesteacontece.com.br\/wp-content\/uploads\/2025\/11\/Moto-roubada-e-recuperada-pela-PM-apos-identificacao-de-adulteracao-em-Cacule-sudoeste-acontece.jpg","articleSection":["Cacul\u00e9","Cidades","Pol\u00edcia"],"inLanguage":"pt-BR","potentialAction":[{"@type":"CommentAction","name":"Comment","target":["https:\/\/sudoesteacontece.com.br\/?p=2670#respond"]}]},{"@type":"WebPage","@id":"https:\/\/sudoesteacontece.com.br\/?p=2670","url":"https:\/\/sudoesteacontece.com.br\/?p=2670","name":"Moto roubada \u00e9 recuperada pela PM ap\u00f3s identifica\u00e7\u00e3o de adultera\u00e7\u00e3o em Cacul\u00e9 - Sudoesteacontece","isPartOf":{"@id":"https:\/\/sudoesteacontece.com.br\/#website"},"primaryImageOfPage":{"@id":"https:\/\/sudoesteacontece.com.br\/?p=2670#primaryimage"},"image":{"@id":"https:\/\/sudoesteacontece.com.br\/?p=2670#primaryimage"},"thumbnailUrl":"https:\/\/sudoesteacontece.com.br\/wp-content\/uploads\/2025\/11\/Moto-roubada-e-recuperada-pela-PM-apos-identificacao-de-adulteracao-em-Cacule-sudoeste-acontece.jpg","datePublished":"2025-11-15T13:13:15+00:00","dateModified":"2025-11-15T13:13:17+00:00","breadcrumb":{"@id":"https:\/\/sudoesteacontece.com.br\/?p=2670#breadcrumb"},"inLanguage":"pt-BR","potentialAction":[{"@type":"ReadAction","target":["https:\/\/sudoesteacontece.com.br\/?p=2670"]}]},{"@type":"ImageObject","inLanguage":"pt-BR","@id":"https:\/\/sudoesteacontece.com.br\/?p=2670#primaryimage","url":"https:\/\/sudoesteacontece.com.br\/wp-content\/uploads\/2025\/11\/Moto-roubada-e-recuperada-pela-PM-apos-identificacao-de-adulteracao-em-Cacule-sudoeste-acontece.jpg","contentUrl":"https:\/\/sudoesteacontece.com.br\/wp-content\/uploads\/2025\/11\/Moto-roubada-e-recuperada-pela-PM-apos-identificacao-de-adulteracao-em-Cacule-sudoeste-acontece.jpg","width":900,"height":600},{"@type":"BreadcrumbList","@id":"https:\/\/sudoesteacontece.com.br\/?p=2670#breadcrumb","itemListElement":[{"@type":"ListItem","position":1,"name":"In\u00edcio","item":"https:\/\/sudoesteacontece.com.br\/"},{"@type":"ListItem","position":2,"name":"Moto roubada \u00e9 recuperada pela PM ap\u00f3s identifica\u00e7\u00e3o de adultera\u00e7\u00e3o em Cacul\u00e9"}]},{"@type":"WebSite","@id":"https:\/\/sudoesteacontece.com.br\/#website","url":"https:\/\/sudoesteacontece.com.br\/","name":"Sudoesteacontece","description":"","publisher":{"@id":"https:\/\/sudoesteacontece.com.br\/#organization"},"potentialAction":[{"@type":"SearchAction","target":{"@type":"EntryPoint","urlTemplate":"https:\/\/sudoesteacontece.com.br\/?s={search_term_string}"},"query-input":{"@type":"PropertyValueSpecification","valueRequired":true,"valueName":"search_term_string"}}],"inLanguage":"pt-BR"},{"@type":"Organization","@id":"https:\/\/sudoesteacontece.com.br\/#organization","name":"Sudoesteacontece","url":"https:\/\/sudoesteacontece.com.br\/","logo":{"@type":"ImageObject","inLanguage":"pt-BR","@id":"https:\/\/sudoesteacontece.com.br\/#\/schema\/logo\/image\/","url":"https:\/\/sudoesteacontece.com.br\/wp-content\/uploads\/2025\/12\/cropped-logo-2-180x180-1.png","contentUrl":"https:\/\/sudoesteacontece.com.br\/wp-content\/uploads\/2025\/12\/cropped-logo-2-180x180-1.png","width":180,"height":180,"caption":"Sudoesteacontece"},"image":{"@id":"https:\/\/sudoesteacontece.com.br\/#\/schema\/logo\/image\/"},"sameAs":["https:\/\/www.facebook.com\/sudoesteacontece\/?locale=pt_BR"]},{"@type":"Person","@id":"https:\/\/sudoesteacontece.com.br\/#\/schema\/person\/3cf2cf009926a9683ebc29d5379fa79c","name":"Washington Tiago","image":{"@type":"ImageObject","inLanguage":"pt-BR","@id":"https:\/\/sudoesteacontece.com.br\/#\/schema\/person\/image\/","url":"https:\/\/secure.gravatar.com\/avatar\/33c43b8668157e040f9d1fe93c354bf087cbd8ba36270c1163198bd3ddcf2a56?s=96&d=mm&r=g","contentUrl":"https:\/\/secure.gravatar.com\/avatar\/33c43b8668157e040f9d1fe93c354bf087cbd8ba36270c1163198bd3ddcf2a56?s=96&d=mm&r=g","caption":"Washington Tiago"},"url":"https:\/\/sudoesteacontece.com.br\/?author=2"}]}},"_links":{"self":[{"href":"https:\/\/sudoesteacontece.com.br\/index.php?rest_route=\/wp\/v2\/posts\/2670","targetHints":{"allow":["GET"]}}],"collection":[{"href":"https:\/\/sudoesteacontece.com.br\/index.php?rest_route=\/wp\/v2\/posts"}],"about":[{"href":"https:\/\/sudoesteacontece.com.br\/index.php?rest_route=\/wp\/v2\/types\/post"}],"author":[{"embeddable":true,"href":"https:\/\/sudoesteacontece.com.br\/index.php?rest_route=\/wp\/v2\/users\/2"}],"replies":[{"embeddable":true,"href":"https:\/\/sudoesteacontece.com.br\/index.php?rest_route=%2Fwp%2Fv2%2Fcomments&post=2670"}],"version-history":[{"count":0,"href":"https:\/\/sudoesteacontece.com.br\/index.php?rest_route=\/wp\/v2\/posts\/2670\/revisions"}],"wp:featuredmedia":[{"embeddable":true,"href":"https:\/\/sudoesteacontece.com.br\/index.php?rest_route=\/wp\/v2\/media\/2689"}],"wp:attachment":[{"href":"https:\/\/sudoesteacontece.com.br\/index.php?rest_route=%2Fwp%2Fv2%2Fmedia&parent=2670"}],"wp:term":[{"taxonomy":"category","embeddable":true,"href":"https:\/\/sudoesteacontece.com.br\/index.php?rest_route=%2Fwp%2Fv2%2Fcategories&post=2670"},{"taxonomy":"post_tag","embeddable":true,"href":"https:\/\/sudoesteacontece.com.br\/index.php?rest_route=%2Fwp%2Fv2%2Ftags&post=2670"}],"curies":[{"name":"wp","href":"https:\/\/api.w.org\/{rel}","templated":true}]}}