{"id":2673,"date":"2025-11-15T10:26:20","date_gmt":"2025-11-15T13:26:20","guid":{"rendered":"https:\/\/sudoesteacontece.com.br\/?p=2673"},"modified":"2025-11-15T10:26:21","modified_gmt":"2025-11-15T13:26:21","slug":"procurador-de-iuiu-morre-em-acidente-na-ba-160-cidade-decreta-luto-oficial","status":"publish","type":"post","link":"https:\/\/sudoesteacontece.com.br\/?p=2673","title":{"rendered":"Procurador de Iuiu morre em acidente na BA-160; cidade decreta luto oficial"},"content":{"rendered":"<div class=\"wp-block-image\">\n<figure class=\"aligncenter size-full\"><img fetchpriority=\"high\" decoding=\"async\" width=\"900\" height=\"600\" src=\"http:\/\/sudoesteacontece.com.br\/wp-content\/uploads\/2025\/11\/Procurador-de-Iuiu-morre-em-acidente-na-BA-160-cidade-decreta-luto-oficial-sudoeste-acontece.jpg\" alt=\"\" class=\"wp-image-2696\" srcset=\"https:\/\/sudoesteacontece.com.br\/wp-content\/uploads\/2025\/11\/Procurador-de-Iuiu-morre-em-acidente-na-BA-160-cidade-decreta-luto-oficial-sudoeste-acontece.jpg 900w, https:\/\/sudoesteacontece.com.br\/wp-content\/uploads\/2025\/11\/Procurador-de-Iuiu-morre-em-acidente-na-BA-160-cidade-decreta-luto-oficial-sudoeste-acontece-300x200.jpg 300w, https:\/\/sudoesteacontece.com.br\/wp-content\/uploads\/2025\/11\/Procurador-de-Iuiu-morre-em-acidente-na-BA-160-cidade-decreta-luto-oficial-sudoeste-acontece-768x512.jpg 768w\" sizes=\"(max-width: 900px) 100vw, 900px\" \/><\/figure>\n<\/div>\n\n\n<p><\/p>\n\n\n\n<p>Um acidente na BA-160 provocou a morte do procurador do munic\u00edpio de Iuiu, Charles William Lopes Rejala, 39 anos, na noite de sexta-feira (14). Batida ocorreu por volta das 19h40, entre Iuiu e o distrito de Pindorama.<\/p>\n\n\n\n<p>Testemunhas relataram que Charles dirigia um Nissan Versa Sedan quando perdeu o controle da dire\u00e7\u00e3o no km 6 da rodovia. Ve\u00edculo desceu uma ribanceira e ficou destru\u00eddo ap\u00f3s o impacto.<\/p>\n\n\n\n<p>Equipes do Samu foram acionadas rapidamente, por\u00e9m o procurador j\u00e1 n\u00e3o apresentava sinais vitais. Profissionais realizaram os procedimentos de praxe, mas confirmaram o \u00f3bito no local.<\/p>\n\n\n\n<p>Policiais do 17\u00ba BPM isolaram a \u00e1rea para garantir a seguran\u00e7a e preservar os vest\u00edgios. Peritos do Departamento de Pol\u00edcia T\u00e9cnica (DPT) chegaram em seguida e iniciaram a an\u00e1lise da cena do acidente.<\/p>\n\n\n\n<p>O corpo de Charles foi encaminhado para o Instituto M\u00e9dico Legal (IML) de Guanambi, onde passar\u00e1 por necropsia. A libera\u00e7\u00e3o para vel\u00f3rio e sepultamento ocorrer\u00e1 ap\u00f3s conclus\u00e3o dos exames.<\/p>\n\n\n\n<p>Informa\u00e7\u00f5es sobre local e hor\u00e1rio das cerim\u00f4nias ainda n\u00e3o foram divulgadas pela fam\u00edlia. A expectativa \u00e9 que sejam anunciadas ap\u00f3s a libera\u00e7\u00e3o do corpo pelo IML.<\/p>\n\n\n\n<p>Natural de Iuiu, Charles cursou Direito e morou por muitos anos em S\u00e3o Paulo. Com a vit\u00f3ria da prefeita Valdinha, assumiu o cargo de Procurador do Munic\u00edpio em janeiro deste ano.<\/p>\n\n\n\n<p>Fam\u00edlia do procurador tem forte atua\u00e7\u00e3o pol\u00edtica na regi\u00e3o. Ele era filho da ex-vereadora Madalena Lopes, sobrinho do ex-prefeito e ex-vice-prefeito Bia, sobrinho da prefeita Valdinha e neto do ex-prefeito de Malhada, Vicente Cristo Lopes.<\/p>\n\n\n\n<p>Em nota oficial, a prefeita Valdinha lamentou profundamente a morte do sobrinho e decretou luto oficial de tr\u00eas dias. A prefeitura destacou o compromisso, o car\u00e1ter e a contribui\u00e7\u00e3o de Charles para a gest\u00e3o municipal.<\/p>\n","protected":false},"excerpt":{"rendered":"<p>Um acidente na BA-160 provocou a morte do procurador do munic\u00edpio de Iuiu, Charles William Lopes Rejala, 39 anos, na noite de sexta-feira (14). Batida ocorreu por volta das 19h40, entre Iuiu e o distrito de Pindorama. Testemunhas relataram que Charles dirigia um Nissan Versa Sedan quando perdeu o controle da dire\u00e7\u00e3o no km 6 da rodovia. Ve\u00edculo desceu uma ribanceira e ficou destru\u00eddo ap\u00f3s o impacto. Equipes do Samu foram acionadas rapidamente, por\u00e9m o procurador j\u00e1 n\u00e3o apresentava sinais vitais. Profissionais realizaram os procedimentos de praxe, mas confirmaram o \u00f3bito no local. Policiais do 17\u00ba BPM isolaram a \u00e1rea para garantir a seguran\u00e7a e preservar os vest\u00edgios. Peritos do Departamento de Pol\u00edcia T\u00e9cnica (DPT) chegaram em seguida e iniciaram a an\u00e1lise da cena do acidente. O corpo de Charles foi encaminhado para o Instituto M\u00e9dico Legal (IML) de Guanambi, onde passar\u00e1 por necropsia. A libera\u00e7\u00e3o para vel\u00f3rio e sepultamento ocorrer\u00e1 ap\u00f3s conclus\u00e3o dos exames. Informa\u00e7\u00f5es sobre local e hor\u00e1rio das cerim\u00f4nias ainda n\u00e3o foram divulgadas pela fam\u00edlia. A expectativa \u00e9 que sejam anunciadas ap\u00f3s a libera\u00e7\u00e3o do corpo pelo IML. Natural de Iuiu, Charles cursou Direito e morou por muitos anos em S\u00e3o Paulo. Com a vit\u00f3ria da prefeita Valdinha, assumiu o cargo de Procurador do Munic\u00edpio em janeiro deste ano. Fam\u00edlia do procurador tem forte atua\u00e7\u00e3o pol\u00edtica na regi\u00e3o. Ele era filho da ex-vereadora Madalena Lopes, sobrinho do ex-prefeito e ex-vice-prefeito Bia, sobrinho da prefeita Valdinha e neto do ex-prefeito de Malhada, Vicente Cristo Lopes. Em nota oficial, a prefeita Valdinha lamentou profundamente a morte do sobrinho e decretou luto oficial de tr\u00eas dias. A prefeitura destacou o compromisso, o car\u00e1ter e a contribui\u00e7\u00e3o de Charles para a gest\u00e3o municipal.<\/p>\n","protected":false},"author":2,"featured_media":2696,"comment_status":"open","ping_status":"open","sticky":false,"template":"","format":"standard","meta":{"footnotes":""},"categories":[5,4,87,6],"tags":[],"class_list":["post-2673","post","type-post","status-publish","format-standard","has-post-thumbnail","hentry","category-acidente","category-cidades","category-iuiu","category-politica"],"yoast_head":"<!-- This site is optimized with the Yoast SEO plugin v26.5 - https:\/\/yoast.com\/wordpress\/plugins\/seo\/ -->\n<title>Procurador de Iuiu morre em acidente na BA-160; cidade decreta luto oficial - Sudoesteacontece<\/title>\n<meta name=\"robots\" content=\"index, follow, max-snippet:-1, max-image-preview:large, max-video-preview:-1\" \/>\n<link rel=\"canonical\" href=\"https:\/\/sudoesteacontece.com.br\/?p=2673\" \/>\n<meta property=\"og:locale\" content=\"pt_BR\" \/>\n<meta property=\"og:type\" content=\"article\" \/>\n<meta property=\"og:title\" content=\"Procurador de Iuiu morre em acidente na BA-160; cidade decreta luto oficial - Sudoesteacontece\" \/>\n<meta property=\"og:description\" content=\"Um acidente na BA-160 provocou a morte do procurador do munic\u00edpio de Iuiu, Charles William Lopes Rejala, 39 anos, na noite de sexta-feira (14). Batida ocorreu por volta das 19h40, entre Iuiu e o distrito de Pindorama. Testemunhas relataram que Charles dirigia um Nissan Versa Sedan quando perdeu o controle da dire\u00e7\u00e3o no km 6 da rodovia. Ve\u00edculo desceu uma ribanceira e ficou destru\u00eddo ap\u00f3s o impacto. Equipes do Samu foram acionadas rapidamente, por\u00e9m o procurador j\u00e1 n\u00e3o apresentava sinais vitais. Profissionais realizaram os procedimentos de praxe, mas confirmaram o \u00f3bito no local. Policiais do 17\u00ba BPM isolaram a \u00e1rea para garantir a seguran\u00e7a e preservar os vest\u00edgios. Peritos do Departamento de Pol\u00edcia T\u00e9cnica (DPT) chegaram em seguida e iniciaram a an\u00e1lise da cena do acidente. O corpo de Charles foi encaminhado para o Instituto M\u00e9dico Legal (IML) de Guanambi, onde passar\u00e1 por necropsia. A libera\u00e7\u00e3o para vel\u00f3rio e sepultamento ocorrer\u00e1 ap\u00f3s conclus\u00e3o dos exames. Informa\u00e7\u00f5es sobre local e hor\u00e1rio das cerim\u00f4nias ainda n\u00e3o foram divulgadas pela fam\u00edlia. A expectativa \u00e9 que sejam anunciadas ap\u00f3s a libera\u00e7\u00e3o do corpo pelo IML. Natural de Iuiu, Charles cursou Direito e morou por muitos anos em S\u00e3o Paulo. Com a vit\u00f3ria da prefeita Valdinha, assumiu o cargo de Procurador do Munic\u00edpio em janeiro deste ano. Fam\u00edlia do procurador tem forte atua\u00e7\u00e3o pol\u00edtica na regi\u00e3o. Ele era filho da ex-vereadora Madalena Lopes, sobrinho do ex-prefeito e ex-vice-prefeito Bia, sobrinho da prefeita Valdinha e neto do ex-prefeito de Malhada, Vicente Cristo Lopes. Em nota oficial, a prefeita Valdinha lamentou profundamente a morte do sobrinho e decretou luto oficial de tr\u00eas dias. A prefeitura destacou o compromisso, o car\u00e1ter e a contribui\u00e7\u00e3o de Charles para a gest\u00e3o municipal.\" \/>\n<meta property=\"og:url\" content=\"https:\/\/sudoesteacontece.com.br\/?p=2673\" \/>\n<meta property=\"og:site_name\" content=\"Sudoesteacontece\" \/>\n<meta property=\"article:publisher\" content=\"https:\/\/www.facebook.com\/sudoesteacontece\/?locale=pt_BR\" \/>\n<meta property=\"article:published_time\" content=\"2025-11-15T13:26:20+00:00\" \/>\n<meta property=\"article:modified_time\" content=\"2025-11-15T13:26:21+00:00\" \/>\n<meta property=\"og:image\" content=\"https:\/\/sudoesteacontece.com.br\/wp-content\/uploads\/2025\/11\/Procurador-de-Iuiu-morre-em-acidente-na-BA-160-cidade-decreta-luto-oficial-sudoeste-acontece.jpg\" \/>\n\t<meta property=\"og:image:width\" content=\"900\" \/>\n\t<meta property=\"og:image:height\" content=\"600\" \/>\n\t<meta property=\"og:image:type\" content=\"image\/jpeg\" \/>\n<meta name=\"author\" content=\"Washington Tiago\" \/>\n<meta name=\"twitter:card\" content=\"summary_large_image\" \/>\n<meta name=\"twitter:label1\" content=\"Escrito por\" \/>\n\t<meta name=\"twitter:data1\" content=\"Washington Tiago\" \/>\n\t<meta name=\"twitter:label2\" content=\"Est. tempo de leitura\" \/>\n\t<meta name=\"twitter:data2\" content=\"2 minutos\" \/>\n<script type=\"application\/ld+json\" class=\"yoast-schema-graph\">{\"@context\":\"https:\/\/schema.org\",\"@graph\":[{\"@type\":\"Article\",\"@id\":\"https:\/\/sudoesteacontece.com.br\/?p=2673#article\",\"isPartOf\":{\"@id\":\"https:\/\/sudoesteacontece.com.br\/?p=2673\"},\"author\":{\"name\":\"Washington Tiago\",\"@id\":\"https:\/\/sudoesteacontece.com.br\/#\/schema\/person\/3cf2cf009926a9683ebc29d5379fa79c\"},\"headline\":\"Procurador de Iuiu morre em acidente na BA-160; cidade decreta luto oficial\",\"datePublished\":\"2025-11-15T13:26:20+00:00\",\"dateModified\":\"2025-11-15T13:26:21+00:00\",\"mainEntityOfPage\":{\"@id\":\"https:\/\/sudoesteacontece.com.br\/?p=2673\"},\"wordCount\":324,\"commentCount\":0,\"publisher\":{\"@id\":\"https:\/\/sudoesteacontece.com.br\/#organization\"},\"image\":{\"@id\":\"https:\/\/sudoesteacontece.com.br\/?p=2673#primaryimage\"},\"thumbnailUrl\":\"https:\/\/sudoesteacontece.com.br\/wp-content\/uploads\/2025\/11\/Procurador-de-Iuiu-morre-em-acidente-na-BA-160-cidade-decreta-luto-oficial-sudoeste-acontece.jpg\",\"articleSection\":[\"Acidente\",\"Cidades\",\"Iuiu\",\"Pol\u00edtica\"],\"inLanguage\":\"pt-BR\",\"potentialAction\":[{\"@type\":\"CommentAction\",\"name\":\"Comment\",\"target\":[\"https:\/\/sudoesteacontece.com.br\/?p=2673#respond\"]}]},{\"@type\":\"WebPage\",\"@id\":\"https:\/\/sudoesteacontece.com.br\/?p=2673\",\"url\":\"https:\/\/sudoesteacontece.com.br\/?p=2673\",\"name\":\"Procurador de Iuiu morre em acidente na BA-160; cidade decreta luto oficial - Sudoesteacontece\",\"isPartOf\":{\"@id\":\"https:\/\/sudoesteacontece.com.br\/#website\"},\"primaryImageOfPage\":{\"@id\":\"https:\/\/sudoesteacontece.com.br\/?p=2673#primaryimage\"},\"image\":{\"@id\":\"https:\/\/sudoesteacontece.com.br\/?p=2673#primaryimage\"},\"thumbnailUrl\":\"https:\/\/sudoesteacontece.com.br\/wp-content\/uploads\/2025\/11\/Procurador-de-Iuiu-morre-em-acidente-na-BA-160-cidade-decreta-luto-oficial-sudoeste-acontece.jpg\",\"datePublished\":\"2025-11-15T13:26:20+00:00\",\"dateModified\":\"2025-11-15T13:26:21+00:00\",\"breadcrumb\":{\"@id\":\"https:\/\/sudoesteacontece.com.br\/?p=2673#breadcrumb\"},\"inLanguage\":\"pt-BR\",\"potentialAction\":[{\"@type\":\"ReadAction\",\"target\":[\"https:\/\/sudoesteacontece.com.br\/?p=2673\"]}]},{\"@type\":\"ImageObject\",\"inLanguage\":\"pt-BR\",\"@id\":\"https:\/\/sudoesteacontece.com.br\/?p=2673#primaryimage\",\"url\":\"https:\/\/sudoesteacontece.com.br\/wp-content\/uploads\/2025\/11\/Procurador-de-Iuiu-morre-em-acidente-na-BA-160-cidade-decreta-luto-oficial-sudoeste-acontece.jpg\",\"contentUrl\":\"https:\/\/sudoesteacontece.com.br\/wp-content\/uploads\/2025\/11\/Procurador-de-Iuiu-morre-em-acidente-na-BA-160-cidade-decreta-luto-oficial-sudoeste-acontece.jpg\",\"width\":900,\"height\":600},{\"@type\":\"BreadcrumbList\",\"@id\":\"https:\/\/sudoesteacontece.com.br\/?p=2673#breadcrumb\",\"itemListElement\":[{\"@type\":\"ListItem\",\"position\":1,\"name\":\"In\u00edcio\",\"item\":\"https:\/\/sudoesteacontece.com.br\/\"},{\"@type\":\"ListItem\",\"position\":2,\"name\":\"Procurador de Iuiu morre em acidente na BA-160; cidade decreta luto oficial\"}]},{\"@type\":\"WebSite\",\"@id\":\"https:\/\/sudoesteacontece.com.br\/#website\",\"url\":\"https:\/\/sudoesteacontece.com.br\/\",\"name\":\"Sudoesteacontece\",\"description\":\"\",\"publisher\":{\"@id\":\"https:\/\/sudoesteacontece.com.br\/#organization\"},\"potentialAction\":[{\"@type\":\"SearchAction\",\"target\":{\"@type\":\"EntryPoint\",\"urlTemplate\":\"https:\/\/sudoesteacontece.com.br\/?s={search_term_string}\"},\"query-input\":{\"@type\":\"PropertyValueSpecification\",\"valueRequired\":true,\"valueName\":\"search_term_string\"}}],\"inLanguage\":\"pt-BR\"},{\"@type\":\"Organization\",\"@id\":\"https:\/\/sudoesteacontece.com.br\/#organization\",\"name\":\"Sudoesteacontece\",\"url\":\"https:\/\/sudoesteacontece.com.br\/\",\"logo\":{\"@type\":\"ImageObject\",\"inLanguage\":\"pt-BR\",\"@id\":\"https:\/\/sudoesteacontece.com.br\/#\/schema\/logo\/image\/\",\"url\":\"https:\/\/sudoesteacontece.com.br\/wp-content\/uploads\/2025\/12\/cropped-logo-2-180x180-1.png\",\"contentUrl\":\"https:\/\/sudoesteacontece.com.br\/wp-content\/uploads\/2025\/12\/cropped-logo-2-180x180-1.png\",\"width\":180,\"height\":180,\"caption\":\"Sudoesteacontece\"},\"image\":{\"@id\":\"https:\/\/sudoesteacontece.com.br\/#\/schema\/logo\/image\/\"},\"sameAs\":[\"https:\/\/www.facebook.com\/sudoesteacontece\/?locale=pt_BR\"]},{\"@type\":\"Person\",\"@id\":\"https:\/\/sudoesteacontece.com.br\/#\/schema\/person\/3cf2cf009926a9683ebc29d5379fa79c\",\"name\":\"Washington Tiago\",\"image\":{\"@type\":\"ImageObject\",\"inLanguage\":\"pt-BR\",\"@id\":\"https:\/\/sudoesteacontece.com.br\/#\/schema\/person\/image\/\",\"url\":\"https:\/\/secure.gravatar.com\/avatar\/33c43b8668157e040f9d1fe93c354bf087cbd8ba36270c1163198bd3ddcf2a56?s=96&d=mm&r=g\",\"contentUrl\":\"https:\/\/secure.gravatar.com\/avatar\/33c43b8668157e040f9d1fe93c354bf087cbd8ba36270c1163198bd3ddcf2a56?s=96&d=mm&r=g\",\"caption\":\"Washington Tiago\"},\"url\":\"https:\/\/sudoesteacontece.com.br\/?author=2\"}]}<\/script>\n<!-- \/ Yoast SEO plugin. -->","yoast_head_json":{"title":"Procurador de Iuiu morre em acidente na BA-160; cidade decreta luto oficial - Sudoesteacontece","robots":{"index":"index","follow":"follow","max-snippet":"max-snippet:-1","max-image-preview":"max-image-preview:large","max-video-preview":"max-video-preview:-1"},"canonical":"https:\/\/sudoesteacontece.com.br\/?p=2673","og_locale":"pt_BR","og_type":"article","og_title":"Procurador de Iuiu morre em acidente na BA-160; cidade decreta luto oficial - Sudoesteacontece","og_description":"Um acidente na BA-160 provocou a morte do procurador do munic\u00edpio de Iuiu, Charles William Lopes Rejala, 39 anos, na noite de sexta-feira (14). Batida ocorreu por volta das 19h40, entre Iuiu e o distrito de Pindorama. Testemunhas relataram que Charles dirigia um Nissan Versa Sedan quando perdeu o controle da dire\u00e7\u00e3o no km 6 da rodovia. Ve\u00edculo desceu uma ribanceira e ficou destru\u00eddo ap\u00f3s o impacto. Equipes do Samu foram acionadas rapidamente, por\u00e9m o procurador j\u00e1 n\u00e3o apresentava sinais vitais. Profissionais realizaram os procedimentos de praxe, mas confirmaram o \u00f3bito no local. Policiais do 17\u00ba BPM isolaram a \u00e1rea para garantir a seguran\u00e7a e preservar os vest\u00edgios. Peritos do Departamento de Pol\u00edcia T\u00e9cnica (DPT) chegaram em seguida e iniciaram a an\u00e1lise da cena do acidente. O corpo de Charles foi encaminhado para o Instituto M\u00e9dico Legal (IML) de Guanambi, onde passar\u00e1 por necropsia. A libera\u00e7\u00e3o para vel\u00f3rio e sepultamento ocorrer\u00e1 ap\u00f3s conclus\u00e3o dos exames. Informa\u00e7\u00f5es sobre local e hor\u00e1rio das cerim\u00f4nias ainda n\u00e3o foram divulgadas pela fam\u00edlia. A expectativa \u00e9 que sejam anunciadas ap\u00f3s a libera\u00e7\u00e3o do corpo pelo IML. Natural de Iuiu, Charles cursou Direito e morou por muitos anos em S\u00e3o Paulo. Com a vit\u00f3ria da prefeita Valdinha, assumiu o cargo de Procurador do Munic\u00edpio em janeiro deste ano. Fam\u00edlia do procurador tem forte atua\u00e7\u00e3o pol\u00edtica na regi\u00e3o. Ele era filho da ex-vereadora Madalena Lopes, sobrinho do ex-prefeito e ex-vice-prefeito Bia, sobrinho da prefeita Valdinha e neto do ex-prefeito de Malhada, Vicente Cristo Lopes. Em nota oficial, a prefeita Valdinha lamentou profundamente a morte do sobrinho e decretou luto oficial de tr\u00eas dias. A prefeitura destacou o compromisso, o car\u00e1ter e a contribui\u00e7\u00e3o de Charles para a gest\u00e3o municipal.","og_url":"https:\/\/sudoesteacontece.com.br\/?p=2673","og_site_name":"Sudoesteacontece","article_publisher":"https:\/\/www.facebook.com\/sudoesteacontece\/?locale=pt_BR","article_published_time":"2025-11-15T13:26:20+00:00","article_modified_time":"2025-11-15T13:26:21+00:00","og_image":[{"width":900,"height":600,"url":"https:\/\/sudoesteacontece.com.br\/wp-content\/uploads\/2025\/11\/Procurador-de-Iuiu-morre-em-acidente-na-BA-160-cidade-decreta-luto-oficial-sudoeste-acontece.jpg","type":"image\/jpeg"}],"author":"Washington Tiago","twitter_card":"summary_large_image","twitter_misc":{"Escrito por":"Washington Tiago","Est. tempo de leitura":"2 minutos"},"schema":{"@context":"https:\/\/schema.org","@graph":[{"@type":"Article","@id":"https:\/\/sudoesteacontece.com.br\/?p=2673#article","isPartOf":{"@id":"https:\/\/sudoesteacontece.com.br\/?p=2673"},"author":{"name":"Washington Tiago","@id":"https:\/\/sudoesteacontece.com.br\/#\/schema\/person\/3cf2cf009926a9683ebc29d5379fa79c"},"headline":"Procurador de Iuiu morre em acidente na BA-160; cidade decreta luto oficial","datePublished":"2025-11-15T13:26:20+00:00","dateModified":"2025-11-15T13:26:21+00:00","mainEntityOfPage":{"@id":"https:\/\/sudoesteacontece.com.br\/?p=2673"},"wordCount":324,"commentCount":0,"publisher":{"@id":"https:\/\/sudoesteacontece.com.br\/#organization"},"image":{"@id":"https:\/\/sudoesteacontece.com.br\/?p=2673#primaryimage"},"thumbnailUrl":"https:\/\/sudoesteacontece.com.br\/wp-content\/uploads\/2025\/11\/Procurador-de-Iuiu-morre-em-acidente-na-BA-160-cidade-decreta-luto-oficial-sudoeste-acontece.jpg","articleSection":["Acidente","Cidades","Iuiu","Pol\u00edtica"],"inLanguage":"pt-BR","potentialAction":[{"@type":"CommentAction","name":"Comment","target":["https:\/\/sudoesteacontece.com.br\/?p=2673#respond"]}]},{"@type":"WebPage","@id":"https:\/\/sudoesteacontece.com.br\/?p=2673","url":"https:\/\/sudoesteacontece.com.br\/?p=2673","name":"Procurador de Iuiu morre em acidente na BA-160; cidade decreta luto oficial - Sudoesteacontece","isPartOf":{"@id":"https:\/\/sudoesteacontece.com.br\/#website"},"primaryImageOfPage":{"@id":"https:\/\/sudoesteacontece.com.br\/?p=2673#primaryimage"},"image":{"@id":"https:\/\/sudoesteacontece.com.br\/?p=2673#primaryimage"},"thumbnailUrl":"https:\/\/sudoesteacontece.com.br\/wp-content\/uploads\/2025\/11\/Procurador-de-Iuiu-morre-em-acidente-na-BA-160-cidade-decreta-luto-oficial-sudoeste-acontece.jpg","datePublished":"2025-11-15T13:26:20+00:00","dateModified":"2025-11-15T13:26:21+00:00","breadcrumb":{"@id":"https:\/\/sudoesteacontece.com.br\/?p=2673#breadcrumb"},"inLanguage":"pt-BR","potentialAction":[{"@type":"ReadAction","target":["https:\/\/sudoesteacontece.com.br\/?p=2673"]}]},{"@type":"ImageObject","inLanguage":"pt-BR","@id":"https:\/\/sudoesteacontece.com.br\/?p=2673#primaryimage","url":"https:\/\/sudoesteacontece.com.br\/wp-content\/uploads\/2025\/11\/Procurador-de-Iuiu-morre-em-acidente-na-BA-160-cidade-decreta-luto-oficial-sudoeste-acontece.jpg","contentUrl":"https:\/\/sudoesteacontece.com.br\/wp-content\/uploads\/2025\/11\/Procurador-de-Iuiu-morre-em-acidente-na-BA-160-cidade-decreta-luto-oficial-sudoeste-acontece.jpg","width":900,"height":600},{"@type":"BreadcrumbList","@id":"https:\/\/sudoesteacontece.com.br\/?p=2673#breadcrumb","itemListElement":[{"@type":"ListItem","position":1,"name":"In\u00edcio","item":"https:\/\/sudoesteacontece.com.br\/"},{"@type":"ListItem","position":2,"name":"Procurador de Iuiu morre em acidente na BA-160; cidade decreta luto oficial"}]},{"@type":"WebSite","@id":"https:\/\/sudoesteacontece.com.br\/#website","url":"https:\/\/sudoesteacontece.com.br\/","name":"Sudoesteacontece","description":"","publisher":{"@id":"https:\/\/sudoesteacontece.com.br\/#organization"},"potentialAction":[{"@type":"SearchAction","target":{"@type":"EntryPoint","urlTemplate":"https:\/\/sudoesteacontece.com.br\/?s={search_term_string}"},"query-input":{"@type":"PropertyValueSpecification","valueRequired":true,"valueName":"search_term_string"}}],"inLanguage":"pt-BR"},{"@type":"Organization","@id":"https:\/\/sudoesteacontece.com.br\/#organization","name":"Sudoesteacontece","url":"https:\/\/sudoesteacontece.com.br\/","logo":{"@type":"ImageObject","inLanguage":"pt-BR","@id":"https:\/\/sudoesteacontece.com.br\/#\/schema\/logo\/image\/","url":"https:\/\/sudoesteacontece.com.br\/wp-content\/uploads\/2025\/12\/cropped-logo-2-180x180-1.png","contentUrl":"https:\/\/sudoesteacontece.com.br\/wp-content\/uploads\/2025\/12\/cropped-logo-2-180x180-1.png","width":180,"height":180,"caption":"Sudoesteacontece"},"image":{"@id":"https:\/\/sudoesteacontece.com.br\/#\/schema\/logo\/image\/"},"sameAs":["https:\/\/www.facebook.com\/sudoesteacontece\/?locale=pt_BR"]},{"@type":"Person","@id":"https:\/\/sudoesteacontece.com.br\/#\/schema\/person\/3cf2cf009926a9683ebc29d5379fa79c","name":"Washington Tiago","image":{"@type":"ImageObject","inLanguage":"pt-BR","@id":"https:\/\/sudoesteacontece.com.br\/#\/schema\/person\/image\/","url":"https:\/\/secure.gravatar.com\/avatar\/33c43b8668157e040f9d1fe93c354bf087cbd8ba36270c1163198bd3ddcf2a56?s=96&d=mm&r=g","contentUrl":"https:\/\/secure.gravatar.com\/avatar\/33c43b8668157e040f9d1fe93c354bf087cbd8ba36270c1163198bd3ddcf2a56?s=96&d=mm&r=g","caption":"Washington Tiago"},"url":"https:\/\/sudoesteacontece.com.br\/?author=2"}]}},"_links":{"self":[{"href":"https:\/\/sudoesteacontece.com.br\/index.php?rest_route=\/wp\/v2\/posts\/2673","targetHints":{"allow":["GET"]}}],"collection":[{"href":"https:\/\/sudoesteacontece.com.br\/index.php?rest_route=\/wp\/v2\/posts"}],"about":[{"href":"https:\/\/sudoesteacontece.com.br\/index.php?rest_route=\/wp\/v2\/types\/post"}],"author":[{"embeddable":true,"href":"https:\/\/sudoesteacontece.com.br\/index.php?rest_route=\/wp\/v2\/users\/2"}],"replies":[{"embeddable":true,"href":"https:\/\/sudoesteacontece.com.br\/index.php?rest_route=%2Fwp%2Fv2%2Fcomments&post=2673"}],"version-history":[{"count":0,"href":"https:\/\/sudoesteacontece.com.br\/index.php?rest_route=\/wp\/v2\/posts\/2673\/revisions"}],"wp:featuredmedia":[{"embeddable":true,"href":"https:\/\/sudoesteacontece.com.br\/index.php?rest_route=\/wp\/v2\/media\/2696"}],"wp:attachment":[{"href":"https:\/\/sudoesteacontece.com.br\/index.php?rest_route=%2Fwp%2Fv2%2Fmedia&parent=2673"}],"wp:term":[{"taxonomy":"category","embeddable":true,"href":"https:\/\/sudoesteacontece.com.br\/index.php?rest_route=%2Fwp%2Fv2%2Fcategories&post=2673"},{"taxonomy":"post_tag","embeddable":true,"href":"https:\/\/sudoesteacontece.com.br\/index.php?rest_route=%2Fwp%2Fv2%2Ftags&post=2673"}],"curies":[{"name":"wp","href":"https:\/\/api.w.org\/{rel}","templated":true}]}}