{"id":2723,"date":"2025-11-15T18:21:26","date_gmt":"2025-11-15T21:21:26","guid":{"rendered":"https:\/\/sudoesteacontece.com.br\/?p=2723"},"modified":"2025-11-15T18:21:31","modified_gmt":"2025-11-15T21:21:31","slug":"carreta-carregada-com-milho-tomba-e-bloqueia-a-br-030-em-malhada-desvio-complica-viagem","status":"publish","type":"post","link":"https:\/\/sudoesteacontece.com.br\/?p=2723","title":{"rendered":"Carreta carregada com milho tomba e bloqueia a BR-030 em Malhada; desvio complica viagem"},"content":{"rendered":"\n<figure class=\"wp-block-image size-full\"><img fetchpriority=\"high\" decoding=\"async\" width=\"900\" height=\"600\" src=\"http:\/\/sudoesteacontece.com.br\/wp-content\/uploads\/2025\/11\/Carreta-carregada-com-milho-tomba-e-bloqueia-a-BR-030-em-Malhada-desvio-complica-viagem-sudoeste-acontece.jpg\" alt=\"\" class=\"wp-image-2733\" srcset=\"https:\/\/sudoesteacontece.com.br\/wp-content\/uploads\/2025\/11\/Carreta-carregada-com-milho-tomba-e-bloqueia-a-BR-030-em-Malhada-desvio-complica-viagem-sudoeste-acontece.jpg 900w, https:\/\/sudoesteacontece.com.br\/wp-content\/uploads\/2025\/11\/Carreta-carregada-com-milho-tomba-e-bloqueia-a-BR-030-em-Malhada-desvio-complica-viagem-sudoeste-acontece-300x200.jpg 300w, https:\/\/sudoesteacontece.com.br\/wp-content\/uploads\/2025\/11\/Carreta-carregada-com-milho-tomba-e-bloqueia-a-BR-030-em-Malhada-desvio-complica-viagem-sudoeste-acontece-768x512.jpg 768w\" sizes=\"(max-width: 900px) 100vw, 900px\" \/><\/figure>\n\n\n\n<p>Acidente ocorreu em curva conhecida por riscos e deixou a rodovia interditada por tempo indeterminado. Motorista contou que tentou evitar colis\u00e3o. Tombamento de uma carreta carregada com milho interditou totalmente a BR-030, na manh\u00e3 deste s\u00e1bado (15), em Malhada.<\/p>\n\n\n\n<p>Ve\u00edculo tombou por volta das 9h30, na curva pr\u00f3xima \u00e0 comunidade quilombola de Tom\u00e9-Nunes. Motorista Tiago de Jesus Silva, de 33 anos, conduzia a Scania vermelha com placas PLI-1455 e NGC-4156. Ele seguia de Lu\u00eds Eduardo Magalh\u00e3es para Malhada com 850 sacas de milho, carga de cerca de 51 mil quilos.<\/p>\n\n\n\n<p>Relato do caminhoneiro indica que um carro de passeio surgiu no sentido contr\u00e1rio, avan\u00e7ando sobre a faixa. Ele afirmou ter freado de forma brusca para evitar a colis\u00e3o frontal, perdeu o controle na curva e acabou tombando. Carga espalhou-se pela pista e impediu completamente o tr\u00e1fego.<\/p>\n\n\n\n<p>Equipes ainda trabalham na remo\u00e7\u00e3o do milho e no reposicionamento da carreta, o que deve levar horas. Desvios foram criados para reduzir o impacto na regi\u00e3o. Quem segue de Carinhanha para Guanambi precisa entrar em Malhada, acessar a estrada para Mocambo de Cima e retornar \u00e0 BR-342 at\u00e9 o distrito do Juli\u00e3o.<\/p>\n\n\n\n<p>Motoristas que saem de Guanambi sentido Malhada devem desviar no Juli\u00e3o, seguir pela rodovia at\u00e9 Mocambo de Cima e entrar em uma vicinal que leva \u00e0 sede do munic\u00edpio. O trecho tem pavimenta\u00e7\u00e3o parcial e curvas fechadas, exigindo aten\u00e7\u00e3o redobrada. PRF mant\u00e9m o bloqueio por tempo indeterminado at\u00e9 que a carga seja recolhida e a via liberada com seguran\u00e7a.<\/p>\n","protected":false},"excerpt":{"rendered":"<p>Acidente ocorreu em curva conhecida por riscos e deixou a rodovia interditada por tempo indeterminado. Motorista contou que tentou evitar colis\u00e3o. Tombamento de uma carreta carregada com milho interditou totalmente a BR-030, na manh\u00e3 deste s\u00e1bado (15), em Malhada. Ve\u00edculo tombou por volta das 9h30, na curva pr\u00f3xima \u00e0 comunidade quilombola de Tom\u00e9-Nunes. Motorista Tiago de Jesus Silva, de 33 anos, conduzia a Scania vermelha com placas PLI-1455 e NGC-4156. Ele seguia de Lu\u00eds Eduardo Magalh\u00e3es para Malhada com 850 sacas de milho, carga de cerca de 51 mil quilos. Relato do caminhoneiro indica que um carro de passeio surgiu no sentido contr\u00e1rio, avan\u00e7ando sobre a faixa. Ele afirmou ter freado de forma brusca para evitar a colis\u00e3o frontal, perdeu o controle na curva e acabou tombando. Carga espalhou-se pela pista e impediu completamente o tr\u00e1fego. Equipes ainda trabalham na remo\u00e7\u00e3o do milho e no reposicionamento da carreta, o que deve levar horas. Desvios foram criados para reduzir o impacto na regi\u00e3o. Quem segue de Carinhanha para Guanambi precisa entrar em Malhada, acessar a estrada para Mocambo de Cima e retornar \u00e0 BR-342 at\u00e9 o distrito do Juli\u00e3o. Motoristas que saem de Guanambi sentido Malhada devem desviar no Juli\u00e3o, seguir pela rodovia at\u00e9 Mocambo de Cima e entrar em uma vicinal que leva \u00e0 sede do munic\u00edpio. O trecho tem pavimenta\u00e7\u00e3o parcial e curvas fechadas, exigindo aten\u00e7\u00e3o redobrada. PRF mant\u00e9m o bloqueio por tempo indeterminado at\u00e9 que a carga seja recolhida e a via liberada com seguran\u00e7a.<\/p>\n","protected":false},"author":2,"featured_media":2733,"comment_status":"open","ping_status":"open","sticky":false,"template":"","format":"standard","meta":{"footnotes":""},"categories":[5,4,9,3],"tags":[],"class_list":["post-2723","post","type-post","status-publish","format-standard","has-post-thumbnail","hentry","category-acidente","category-cidades","category-malhada","category-policia"],"yoast_head":"<!-- This site is optimized with the Yoast SEO plugin v26.5 - https:\/\/yoast.com\/wordpress\/plugins\/seo\/ -->\n<title>Carreta carregada com milho tomba e bloqueia a BR-030 em Malhada; desvio complica viagem - Sudoesteacontece<\/title>\n<meta name=\"robots\" content=\"index, follow, max-snippet:-1, max-image-preview:large, max-video-preview:-1\" \/>\n<link rel=\"canonical\" href=\"https:\/\/sudoesteacontece.com.br\/?p=2723\" \/>\n<meta property=\"og:locale\" content=\"pt_BR\" \/>\n<meta property=\"og:type\" content=\"article\" \/>\n<meta property=\"og:title\" content=\"Carreta carregada com milho tomba e bloqueia a BR-030 em Malhada; desvio complica viagem - Sudoesteacontece\" \/>\n<meta property=\"og:description\" content=\"Acidente ocorreu em curva conhecida por riscos e deixou a rodovia interditada por tempo indeterminado. Motorista contou que tentou evitar colis\u00e3o. Tombamento de uma carreta carregada com milho interditou totalmente a BR-030, na manh\u00e3 deste s\u00e1bado (15), em Malhada. Ve\u00edculo tombou por volta das 9h30, na curva pr\u00f3xima \u00e0 comunidade quilombola de Tom\u00e9-Nunes. Motorista Tiago de Jesus Silva, de 33 anos, conduzia a Scania vermelha com placas PLI-1455 e NGC-4156. Ele seguia de Lu\u00eds Eduardo Magalh\u00e3es para Malhada com 850 sacas de milho, carga de cerca de 51 mil quilos. Relato do caminhoneiro indica que um carro de passeio surgiu no sentido contr\u00e1rio, avan\u00e7ando sobre a faixa. Ele afirmou ter freado de forma brusca para evitar a colis\u00e3o frontal, perdeu o controle na curva e acabou tombando. Carga espalhou-se pela pista e impediu completamente o tr\u00e1fego. Equipes ainda trabalham na remo\u00e7\u00e3o do milho e no reposicionamento da carreta, o que deve levar horas. Desvios foram criados para reduzir o impacto na regi\u00e3o. Quem segue de Carinhanha para Guanambi precisa entrar em Malhada, acessar a estrada para Mocambo de Cima e retornar \u00e0 BR-342 at\u00e9 o distrito do Juli\u00e3o. Motoristas que saem de Guanambi sentido Malhada devem desviar no Juli\u00e3o, seguir pela rodovia at\u00e9 Mocambo de Cima e entrar em uma vicinal que leva \u00e0 sede do munic\u00edpio. O trecho tem pavimenta\u00e7\u00e3o parcial e curvas fechadas, exigindo aten\u00e7\u00e3o redobrada. PRF mant\u00e9m o bloqueio por tempo indeterminado at\u00e9 que a carga seja recolhida e a via liberada com seguran\u00e7a.\" \/>\n<meta property=\"og:url\" content=\"https:\/\/sudoesteacontece.com.br\/?p=2723\" \/>\n<meta property=\"og:site_name\" content=\"Sudoesteacontece\" \/>\n<meta property=\"article:publisher\" content=\"https:\/\/www.facebook.com\/sudoesteacontece\/?locale=pt_BR\" \/>\n<meta property=\"article:published_time\" content=\"2025-11-15T21:21:26+00:00\" \/>\n<meta property=\"article:modified_time\" content=\"2025-11-15T21:21:31+00:00\" \/>\n<meta property=\"og:image\" content=\"https:\/\/sudoesteacontece.com.br\/wp-content\/uploads\/2025\/11\/Carreta-carregada-com-milho-tomba-e-bloqueia-a-BR-030-em-Malhada-desvio-complica-viagem-sudoeste-acontece.jpg\" \/>\n\t<meta property=\"og:image:width\" content=\"900\" \/>\n\t<meta property=\"og:image:height\" content=\"600\" \/>\n\t<meta property=\"og:image:type\" content=\"image\/jpeg\" \/>\n<meta name=\"author\" content=\"Washington Tiago\" \/>\n<meta name=\"twitter:card\" content=\"summary_large_image\" \/>\n<meta name=\"twitter:label1\" content=\"Escrito por\" \/>\n\t<meta name=\"twitter:data1\" content=\"Washington Tiago\" \/>\n\t<meta name=\"twitter:label2\" content=\"Est. tempo de leitura\" \/>\n\t<meta name=\"twitter:data2\" content=\"1 minuto\" \/>\n<script type=\"application\/ld+json\" class=\"yoast-schema-graph\">{\"@context\":\"https:\/\/schema.org\",\"@graph\":[{\"@type\":\"Article\",\"@id\":\"https:\/\/sudoesteacontece.com.br\/?p=2723#article\",\"isPartOf\":{\"@id\":\"https:\/\/sudoesteacontece.com.br\/?p=2723\"},\"author\":{\"name\":\"Washington Tiago\",\"@id\":\"https:\/\/sudoesteacontece.com.br\/#\/schema\/person\/3cf2cf009926a9683ebc29d5379fa79c\"},\"headline\":\"Carreta carregada com milho tomba e bloqueia a BR-030 em Malhada; desvio complica viagem\",\"datePublished\":\"2025-11-15T21:21:26+00:00\",\"dateModified\":\"2025-11-15T21:21:31+00:00\",\"mainEntityOfPage\":{\"@id\":\"https:\/\/sudoesteacontece.com.br\/?p=2723\"},\"wordCount\":274,\"commentCount\":0,\"publisher\":{\"@id\":\"https:\/\/sudoesteacontece.com.br\/#organization\"},\"image\":{\"@id\":\"https:\/\/sudoesteacontece.com.br\/?p=2723#primaryimage\"},\"thumbnailUrl\":\"https:\/\/sudoesteacontece.com.br\/wp-content\/uploads\/2025\/11\/Carreta-carregada-com-milho-tomba-e-bloqueia-a-BR-030-em-Malhada-desvio-complica-viagem-sudoeste-acontece.jpg\",\"articleSection\":[\"Acidente\",\"Cidades\",\"Malhada\",\"Pol\u00edcia\"],\"inLanguage\":\"pt-BR\",\"potentialAction\":[{\"@type\":\"CommentAction\",\"name\":\"Comment\",\"target\":[\"https:\/\/sudoesteacontece.com.br\/?p=2723#respond\"]}]},{\"@type\":\"WebPage\",\"@id\":\"https:\/\/sudoesteacontece.com.br\/?p=2723\",\"url\":\"https:\/\/sudoesteacontece.com.br\/?p=2723\",\"name\":\"Carreta carregada com milho tomba e bloqueia a BR-030 em Malhada; desvio complica viagem - Sudoesteacontece\",\"isPartOf\":{\"@id\":\"https:\/\/sudoesteacontece.com.br\/#website\"},\"primaryImageOfPage\":{\"@id\":\"https:\/\/sudoesteacontece.com.br\/?p=2723#primaryimage\"},\"image\":{\"@id\":\"https:\/\/sudoesteacontece.com.br\/?p=2723#primaryimage\"},\"thumbnailUrl\":\"https:\/\/sudoesteacontece.com.br\/wp-content\/uploads\/2025\/11\/Carreta-carregada-com-milho-tomba-e-bloqueia-a-BR-030-em-Malhada-desvio-complica-viagem-sudoeste-acontece.jpg\",\"datePublished\":\"2025-11-15T21:21:26+00:00\",\"dateModified\":\"2025-11-15T21:21:31+00:00\",\"breadcrumb\":{\"@id\":\"https:\/\/sudoesteacontece.com.br\/?p=2723#breadcrumb\"},\"inLanguage\":\"pt-BR\",\"potentialAction\":[{\"@type\":\"ReadAction\",\"target\":[\"https:\/\/sudoesteacontece.com.br\/?p=2723\"]}]},{\"@type\":\"ImageObject\",\"inLanguage\":\"pt-BR\",\"@id\":\"https:\/\/sudoesteacontece.com.br\/?p=2723#primaryimage\",\"url\":\"https:\/\/sudoesteacontece.com.br\/wp-content\/uploads\/2025\/11\/Carreta-carregada-com-milho-tomba-e-bloqueia-a-BR-030-em-Malhada-desvio-complica-viagem-sudoeste-acontece.jpg\",\"contentUrl\":\"https:\/\/sudoesteacontece.com.br\/wp-content\/uploads\/2025\/11\/Carreta-carregada-com-milho-tomba-e-bloqueia-a-BR-030-em-Malhada-desvio-complica-viagem-sudoeste-acontece.jpg\",\"width\":900,\"height\":600},{\"@type\":\"BreadcrumbList\",\"@id\":\"https:\/\/sudoesteacontece.com.br\/?p=2723#breadcrumb\",\"itemListElement\":[{\"@type\":\"ListItem\",\"position\":1,\"name\":\"In\u00edcio\",\"item\":\"https:\/\/sudoesteacontece.com.br\/\"},{\"@type\":\"ListItem\",\"position\":2,\"name\":\"Carreta carregada com milho tomba e bloqueia a BR-030 em Malhada; desvio complica viagem\"}]},{\"@type\":\"WebSite\",\"@id\":\"https:\/\/sudoesteacontece.com.br\/#website\",\"url\":\"https:\/\/sudoesteacontece.com.br\/\",\"name\":\"Sudoesteacontece\",\"description\":\"\",\"publisher\":{\"@id\":\"https:\/\/sudoesteacontece.com.br\/#organization\"},\"potentialAction\":[{\"@type\":\"SearchAction\",\"target\":{\"@type\":\"EntryPoint\",\"urlTemplate\":\"https:\/\/sudoesteacontece.com.br\/?s={search_term_string}\"},\"query-input\":{\"@type\":\"PropertyValueSpecification\",\"valueRequired\":true,\"valueName\":\"search_term_string\"}}],\"inLanguage\":\"pt-BR\"},{\"@type\":\"Organization\",\"@id\":\"https:\/\/sudoesteacontece.com.br\/#organization\",\"name\":\"Sudoesteacontece\",\"url\":\"https:\/\/sudoesteacontece.com.br\/\",\"logo\":{\"@type\":\"ImageObject\",\"inLanguage\":\"pt-BR\",\"@id\":\"https:\/\/sudoesteacontece.com.br\/#\/schema\/logo\/image\/\",\"url\":\"https:\/\/sudoesteacontece.com.br\/wp-content\/uploads\/2025\/12\/cropped-logo-2-180x180-1.png\",\"contentUrl\":\"https:\/\/sudoesteacontece.com.br\/wp-content\/uploads\/2025\/12\/cropped-logo-2-180x180-1.png\",\"width\":180,\"height\":180,\"caption\":\"Sudoesteacontece\"},\"image\":{\"@id\":\"https:\/\/sudoesteacontece.com.br\/#\/schema\/logo\/image\/\"},\"sameAs\":[\"https:\/\/www.facebook.com\/sudoesteacontece\/?locale=pt_BR\"]},{\"@type\":\"Person\",\"@id\":\"https:\/\/sudoesteacontece.com.br\/#\/schema\/person\/3cf2cf009926a9683ebc29d5379fa79c\",\"name\":\"Washington Tiago\",\"image\":{\"@type\":\"ImageObject\",\"inLanguage\":\"pt-BR\",\"@id\":\"https:\/\/sudoesteacontece.com.br\/#\/schema\/person\/image\/\",\"url\":\"https:\/\/secure.gravatar.com\/avatar\/33c43b8668157e040f9d1fe93c354bf087cbd8ba36270c1163198bd3ddcf2a56?s=96&d=mm&r=g\",\"contentUrl\":\"https:\/\/secure.gravatar.com\/avatar\/33c43b8668157e040f9d1fe93c354bf087cbd8ba36270c1163198bd3ddcf2a56?s=96&d=mm&r=g\",\"caption\":\"Washington Tiago\"},\"url\":\"https:\/\/sudoesteacontece.com.br\/?author=2\"}]}<\/script>\n<!-- \/ Yoast SEO plugin. -->","yoast_head_json":{"title":"Carreta carregada com milho tomba e bloqueia a BR-030 em Malhada; desvio complica viagem - Sudoesteacontece","robots":{"index":"index","follow":"follow","max-snippet":"max-snippet:-1","max-image-preview":"max-image-preview:large","max-video-preview":"max-video-preview:-1"},"canonical":"https:\/\/sudoesteacontece.com.br\/?p=2723","og_locale":"pt_BR","og_type":"article","og_title":"Carreta carregada com milho tomba e bloqueia a BR-030 em Malhada; desvio complica viagem - Sudoesteacontece","og_description":"Acidente ocorreu em curva conhecida por riscos e deixou a rodovia interditada por tempo indeterminado. Motorista contou que tentou evitar colis\u00e3o. Tombamento de uma carreta carregada com milho interditou totalmente a BR-030, na manh\u00e3 deste s\u00e1bado (15), em Malhada. Ve\u00edculo tombou por volta das 9h30, na curva pr\u00f3xima \u00e0 comunidade quilombola de Tom\u00e9-Nunes. Motorista Tiago de Jesus Silva, de 33 anos, conduzia a Scania vermelha com placas PLI-1455 e NGC-4156. Ele seguia de Lu\u00eds Eduardo Magalh\u00e3es para Malhada com 850 sacas de milho, carga de cerca de 51 mil quilos. Relato do caminhoneiro indica que um carro de passeio surgiu no sentido contr\u00e1rio, avan\u00e7ando sobre a faixa. Ele afirmou ter freado de forma brusca para evitar a colis\u00e3o frontal, perdeu o controle na curva e acabou tombando. Carga espalhou-se pela pista e impediu completamente o tr\u00e1fego. Equipes ainda trabalham na remo\u00e7\u00e3o do milho e no reposicionamento da carreta, o que deve levar horas. Desvios foram criados para reduzir o impacto na regi\u00e3o. Quem segue de Carinhanha para Guanambi precisa entrar em Malhada, acessar a estrada para Mocambo de Cima e retornar \u00e0 BR-342 at\u00e9 o distrito do Juli\u00e3o. Motoristas que saem de Guanambi sentido Malhada devem desviar no Juli\u00e3o, seguir pela rodovia at\u00e9 Mocambo de Cima e entrar em uma vicinal que leva \u00e0 sede do munic\u00edpio. O trecho tem pavimenta\u00e7\u00e3o parcial e curvas fechadas, exigindo aten\u00e7\u00e3o redobrada. PRF mant\u00e9m o bloqueio por tempo indeterminado at\u00e9 que a carga seja recolhida e a via liberada com seguran\u00e7a.","og_url":"https:\/\/sudoesteacontece.com.br\/?p=2723","og_site_name":"Sudoesteacontece","article_publisher":"https:\/\/www.facebook.com\/sudoesteacontece\/?locale=pt_BR","article_published_time":"2025-11-15T21:21:26+00:00","article_modified_time":"2025-11-15T21:21:31+00:00","og_image":[{"width":900,"height":600,"url":"https:\/\/sudoesteacontece.com.br\/wp-content\/uploads\/2025\/11\/Carreta-carregada-com-milho-tomba-e-bloqueia-a-BR-030-em-Malhada-desvio-complica-viagem-sudoeste-acontece.jpg","type":"image\/jpeg"}],"author":"Washington Tiago","twitter_card":"summary_large_image","twitter_misc":{"Escrito por":"Washington Tiago","Est. tempo de leitura":"1 minuto"},"schema":{"@context":"https:\/\/schema.org","@graph":[{"@type":"Article","@id":"https:\/\/sudoesteacontece.com.br\/?p=2723#article","isPartOf":{"@id":"https:\/\/sudoesteacontece.com.br\/?p=2723"},"author":{"name":"Washington Tiago","@id":"https:\/\/sudoesteacontece.com.br\/#\/schema\/person\/3cf2cf009926a9683ebc29d5379fa79c"},"headline":"Carreta carregada com milho tomba e bloqueia a BR-030 em Malhada; desvio complica viagem","datePublished":"2025-11-15T21:21:26+00:00","dateModified":"2025-11-15T21:21:31+00:00","mainEntityOfPage":{"@id":"https:\/\/sudoesteacontece.com.br\/?p=2723"},"wordCount":274,"commentCount":0,"publisher":{"@id":"https:\/\/sudoesteacontece.com.br\/#organization"},"image":{"@id":"https:\/\/sudoesteacontece.com.br\/?p=2723#primaryimage"},"thumbnailUrl":"https:\/\/sudoesteacontece.com.br\/wp-content\/uploads\/2025\/11\/Carreta-carregada-com-milho-tomba-e-bloqueia-a-BR-030-em-Malhada-desvio-complica-viagem-sudoeste-acontece.jpg","articleSection":["Acidente","Cidades","Malhada","Pol\u00edcia"],"inLanguage":"pt-BR","potentialAction":[{"@type":"CommentAction","name":"Comment","target":["https:\/\/sudoesteacontece.com.br\/?p=2723#respond"]}]},{"@type":"WebPage","@id":"https:\/\/sudoesteacontece.com.br\/?p=2723","url":"https:\/\/sudoesteacontece.com.br\/?p=2723","name":"Carreta carregada com milho tomba e bloqueia a BR-030 em Malhada; desvio complica viagem - Sudoesteacontece","isPartOf":{"@id":"https:\/\/sudoesteacontece.com.br\/#website"},"primaryImageOfPage":{"@id":"https:\/\/sudoesteacontece.com.br\/?p=2723#primaryimage"},"image":{"@id":"https:\/\/sudoesteacontece.com.br\/?p=2723#primaryimage"},"thumbnailUrl":"https:\/\/sudoesteacontece.com.br\/wp-content\/uploads\/2025\/11\/Carreta-carregada-com-milho-tomba-e-bloqueia-a-BR-030-em-Malhada-desvio-complica-viagem-sudoeste-acontece.jpg","datePublished":"2025-11-15T21:21:26+00:00","dateModified":"2025-11-15T21:21:31+00:00","breadcrumb":{"@id":"https:\/\/sudoesteacontece.com.br\/?p=2723#breadcrumb"},"inLanguage":"pt-BR","potentialAction":[{"@type":"ReadAction","target":["https:\/\/sudoesteacontece.com.br\/?p=2723"]}]},{"@type":"ImageObject","inLanguage":"pt-BR","@id":"https:\/\/sudoesteacontece.com.br\/?p=2723#primaryimage","url":"https:\/\/sudoesteacontece.com.br\/wp-content\/uploads\/2025\/11\/Carreta-carregada-com-milho-tomba-e-bloqueia-a-BR-030-em-Malhada-desvio-complica-viagem-sudoeste-acontece.jpg","contentUrl":"https:\/\/sudoesteacontece.com.br\/wp-content\/uploads\/2025\/11\/Carreta-carregada-com-milho-tomba-e-bloqueia-a-BR-030-em-Malhada-desvio-complica-viagem-sudoeste-acontece.jpg","width":900,"height":600},{"@type":"BreadcrumbList","@id":"https:\/\/sudoesteacontece.com.br\/?p=2723#breadcrumb","itemListElement":[{"@type":"ListItem","position":1,"name":"In\u00edcio","item":"https:\/\/sudoesteacontece.com.br\/"},{"@type":"ListItem","position":2,"name":"Carreta carregada com milho tomba e bloqueia a BR-030 em Malhada; desvio complica viagem"}]},{"@type":"WebSite","@id":"https:\/\/sudoesteacontece.com.br\/#website","url":"https:\/\/sudoesteacontece.com.br\/","name":"Sudoesteacontece","description":"","publisher":{"@id":"https:\/\/sudoesteacontece.com.br\/#organization"},"potentialAction":[{"@type":"SearchAction","target":{"@type":"EntryPoint","urlTemplate":"https:\/\/sudoesteacontece.com.br\/?s={search_term_string}"},"query-input":{"@type":"PropertyValueSpecification","valueRequired":true,"valueName":"search_term_string"}}],"inLanguage":"pt-BR"},{"@type":"Organization","@id":"https:\/\/sudoesteacontece.com.br\/#organization","name":"Sudoesteacontece","url":"https:\/\/sudoesteacontece.com.br\/","logo":{"@type":"ImageObject","inLanguage":"pt-BR","@id":"https:\/\/sudoesteacontece.com.br\/#\/schema\/logo\/image\/","url":"https:\/\/sudoesteacontece.com.br\/wp-content\/uploads\/2025\/12\/cropped-logo-2-180x180-1.png","contentUrl":"https:\/\/sudoesteacontece.com.br\/wp-content\/uploads\/2025\/12\/cropped-logo-2-180x180-1.png","width":180,"height":180,"caption":"Sudoesteacontece"},"image":{"@id":"https:\/\/sudoesteacontece.com.br\/#\/schema\/logo\/image\/"},"sameAs":["https:\/\/www.facebook.com\/sudoesteacontece\/?locale=pt_BR"]},{"@type":"Person","@id":"https:\/\/sudoesteacontece.com.br\/#\/schema\/person\/3cf2cf009926a9683ebc29d5379fa79c","name":"Washington Tiago","image":{"@type":"ImageObject","inLanguage":"pt-BR","@id":"https:\/\/sudoesteacontece.com.br\/#\/schema\/person\/image\/","url":"https:\/\/secure.gravatar.com\/avatar\/33c43b8668157e040f9d1fe93c354bf087cbd8ba36270c1163198bd3ddcf2a56?s=96&d=mm&r=g","contentUrl":"https:\/\/secure.gravatar.com\/avatar\/33c43b8668157e040f9d1fe93c354bf087cbd8ba36270c1163198bd3ddcf2a56?s=96&d=mm&r=g","caption":"Washington Tiago"},"url":"https:\/\/sudoesteacontece.com.br\/?author=2"}]}},"_links":{"self":[{"href":"https:\/\/sudoesteacontece.com.br\/index.php?rest_route=\/wp\/v2\/posts\/2723","targetHints":{"allow":["GET"]}}],"collection":[{"href":"https:\/\/sudoesteacontece.com.br\/index.php?rest_route=\/wp\/v2\/posts"}],"about":[{"href":"https:\/\/sudoesteacontece.com.br\/index.php?rest_route=\/wp\/v2\/types\/post"}],"author":[{"embeddable":true,"href":"https:\/\/sudoesteacontece.com.br\/index.php?rest_route=\/wp\/v2\/users\/2"}],"replies":[{"embeddable":true,"href":"https:\/\/sudoesteacontece.com.br\/index.php?rest_route=%2Fwp%2Fv2%2Fcomments&post=2723"}],"version-history":[{"count":0,"href":"https:\/\/sudoesteacontece.com.br\/index.php?rest_route=\/wp\/v2\/posts\/2723\/revisions"}],"wp:featuredmedia":[{"embeddable":true,"href":"https:\/\/sudoesteacontece.com.br\/index.php?rest_route=\/wp\/v2\/media\/2733"}],"wp:attachment":[{"href":"https:\/\/sudoesteacontece.com.br\/index.php?rest_route=%2Fwp%2Fv2%2Fmedia&parent=2723"}],"wp:term":[{"taxonomy":"category","embeddable":true,"href":"https:\/\/sudoesteacontece.com.br\/index.php?rest_route=%2Fwp%2Fv2%2Fcategories&post=2723"},{"taxonomy":"post_tag","embeddable":true,"href":"https:\/\/sudoesteacontece.com.br\/index.php?rest_route=%2Fwp%2Fv2%2Ftags&post=2723"}],"curies":[{"name":"wp","href":"https:\/\/api.w.org\/{rel}","templated":true}]}}