{"id":2741,"date":"2025-11-15T21:35:53","date_gmt":"2025-11-16T00:35:53","guid":{"rendered":"https:\/\/sudoesteacontece.com.br\/?p=2741"},"modified":"2025-11-15T21:35:56","modified_gmt":"2025-11-16T00:35:56","slug":"luto-em-livramento-morre-chiquinho-do-pt-referencia-do-movimento-popular","status":"publish","type":"post","link":"https:\/\/sudoesteacontece.com.br\/?p=2741","title":{"rendered":"Luto em Livramento: Morre Chiquinho do PT, refer\u00eancia do movimento popular"},"content":{"rendered":"<div class=\"wp-block-image\">\n<figure class=\"aligncenter size-full\"><img fetchpriority=\"high\" decoding=\"async\" width=\"900\" height=\"600\" src=\"http:\/\/sudoesteacontece.com.br\/wp-content\/uploads\/2025\/11\/Luto-em-Livramento-Morre-Chiquinho-do-PT-referencia-do-movimento-popular-sudoeste-acontece.jpg\" alt=\"\" class=\"wp-image-2742\" srcset=\"https:\/\/sudoesteacontece.com.br\/wp-content\/uploads\/2025\/11\/Luto-em-Livramento-Morre-Chiquinho-do-PT-referencia-do-movimento-popular-sudoeste-acontece.jpg 900w, https:\/\/sudoesteacontece.com.br\/wp-content\/uploads\/2025\/11\/Luto-em-Livramento-Morre-Chiquinho-do-PT-referencia-do-movimento-popular-sudoeste-acontece-300x200.jpg 300w, https:\/\/sudoesteacontece.com.br\/wp-content\/uploads\/2025\/11\/Luto-em-Livramento-Morre-Chiquinho-do-PT-referencia-do-movimento-popular-sudoeste-acontece-768x512.jpg 768w\" sizes=\"(max-width: 900px) 100vw, 900px\" \/><\/figure>\n<\/div>\n\n\n<p><\/p>\n\n\n\n<p>Figura emblem\u00e1tica do PT no sudoeste da Bahia, ele sofreu um infarto ap\u00f3s sess\u00e3o de hemodi\u00e1lise em Minas Gerais. Not\u00edcia abalou Livramento de Nossa Senhora na noite deste s\u00e1bado (15). Francisco Aguiar Rocha, o Chiquinho do PT, morreu aos 64 anos em Extrema, Minas Gerais, onde fazia tratamento de sa\u00fade.<\/p>\n\n\n\n<p>Informa\u00e7\u00f5es de familiares apontam que Chiquinho sentiu-se mal ainda na sexta-feira (14). Ele chegou a ser atendido em uma unidade hospitalar, recebeu cuidados e foi liberado. Retorno ao hospital ocorreu neste s\u00e1bado para mais uma sess\u00e3o de hemodi\u00e1lise. Depois do procedimento, ele voltou para casa, onde estava acompanhado da esposa.<\/p>\n\n\n\n<p>Infarto ocorreu por volta das 19h15. O militante sofreu uma parada card\u00edaca repentina e n\u00e3o resistiu, apesar de ter recebido atendimento imediato na resid\u00eancia. Hist\u00f3ria de Chiquinho no Partido dos Trabalhadores marcou a pol\u00edtica de Livramento. <\/p>\n\n\n\n<p>Ele atuou por d\u00e9cadas em campanhas eleitorais, dialogou com movimentos sociais e defendeu de forma constante as pautas da sigla. Reconhecimento veio de militantes e lideran\u00e7as que destacaram sua presen\u00e7a firme nas ruas, sua influ\u00eancia local e o compromisso com a organiza\u00e7\u00e3o partid\u00e1ria no munic\u00edpio.<\/p>\n\n\n\n<p>Fam\u00edlia perde um pai e marido dedicado. Chiquinho deixa esposa e tr\u00eas filhos, al\u00e9m de uma trajet\u00f3ria lembrada com respeito por aliados e advers\u00e1rios. Vel\u00f3rio e sepultamento ainda n\u00e3o tiveram detalhes divulgados. A expectativa \u00e9 de grande homenagem na cidade onde ele construiu sua trajet\u00f3ria pol\u00edtica e pessoal.<\/p>\n","protected":false},"excerpt":{"rendered":"<p>Figura emblem\u00e1tica do PT no sudoeste da Bahia, ele sofreu um infarto ap\u00f3s sess\u00e3o de hemodi\u00e1lise em Minas Gerais. Not\u00edcia abalou Livramento de Nossa Senhora na noite deste s\u00e1bado (15). Francisco Aguiar Rocha, o Chiquinho do PT, morreu aos 64 anos em Extrema, Minas Gerais, onde fazia tratamento de sa\u00fade. Informa\u00e7\u00f5es de familiares apontam que Chiquinho sentiu-se mal ainda na sexta-feira (14). Ele chegou a ser atendido em uma unidade hospitalar, recebeu cuidados e foi liberado. Retorno ao hospital ocorreu neste s\u00e1bado para mais uma sess\u00e3o de hemodi\u00e1lise. Depois do procedimento, ele voltou para casa, onde estava acompanhado da esposa. Infarto ocorreu por volta das 19h15. O militante sofreu uma parada card\u00edaca repentina e n\u00e3o resistiu, apesar de ter recebido atendimento imediato na resid\u00eancia. Hist\u00f3ria de Chiquinho no Partido dos Trabalhadores marcou a pol\u00edtica de Livramento. Ele atuou por d\u00e9cadas em campanhas eleitorais, dialogou com movimentos sociais e defendeu de forma constante as pautas da sigla. Reconhecimento veio de militantes e lideran\u00e7as que destacaram sua presen\u00e7a firme nas ruas, sua influ\u00eancia local e o compromisso com a organiza\u00e7\u00e3o partid\u00e1ria no munic\u00edpio. Fam\u00edlia perde um pai e marido dedicado. Chiquinho deixa esposa e tr\u00eas filhos, al\u00e9m de uma trajet\u00f3ria lembrada com respeito por aliados e advers\u00e1rios. Vel\u00f3rio e sepultamento ainda n\u00e3o tiveram detalhes divulgados. A expectativa \u00e9 de grande homenagem na cidade onde ele construiu sua trajet\u00f3ria pol\u00edtica e pessoal.<\/p>\n","protected":false},"author":2,"featured_media":2742,"comment_status":"open","ping_status":"open","sticky":false,"template":"","format":"standard","meta":{"footnotes":""},"categories":[4,18,6],"tags":[],"class_list":["post-2741","post","type-post","status-publish","format-standard","has-post-thumbnail","hentry","category-cidades","category-livramento","category-politica"],"yoast_head":"<!-- This site is optimized with the Yoast SEO plugin v26.5 - https:\/\/yoast.com\/wordpress\/plugins\/seo\/ -->\n<title>Luto em Livramento: Morre Chiquinho do PT, refer\u00eancia do movimento popular - Sudoesteacontece<\/title>\n<meta name=\"robots\" content=\"index, follow, max-snippet:-1, max-image-preview:large, max-video-preview:-1\" \/>\n<link rel=\"canonical\" href=\"https:\/\/sudoesteacontece.com.br\/?p=2741\" \/>\n<meta property=\"og:locale\" content=\"pt_BR\" \/>\n<meta property=\"og:type\" content=\"article\" \/>\n<meta property=\"og:title\" content=\"Luto em Livramento: Morre Chiquinho do PT, refer\u00eancia do movimento popular - Sudoesteacontece\" \/>\n<meta property=\"og:description\" content=\"Figura emblem\u00e1tica do PT no sudoeste da Bahia, ele sofreu um infarto ap\u00f3s sess\u00e3o de hemodi\u00e1lise em Minas Gerais. Not\u00edcia abalou Livramento de Nossa Senhora na noite deste s\u00e1bado (15). Francisco Aguiar Rocha, o Chiquinho do PT, morreu aos 64 anos em Extrema, Minas Gerais, onde fazia tratamento de sa\u00fade. Informa\u00e7\u00f5es de familiares apontam que Chiquinho sentiu-se mal ainda na sexta-feira (14). Ele chegou a ser atendido em uma unidade hospitalar, recebeu cuidados e foi liberado. Retorno ao hospital ocorreu neste s\u00e1bado para mais uma sess\u00e3o de hemodi\u00e1lise. Depois do procedimento, ele voltou para casa, onde estava acompanhado da esposa. Infarto ocorreu por volta das 19h15. O militante sofreu uma parada card\u00edaca repentina e n\u00e3o resistiu, apesar de ter recebido atendimento imediato na resid\u00eancia. Hist\u00f3ria de Chiquinho no Partido dos Trabalhadores marcou a pol\u00edtica de Livramento. Ele atuou por d\u00e9cadas em campanhas eleitorais, dialogou com movimentos sociais e defendeu de forma constante as pautas da sigla. Reconhecimento veio de militantes e lideran\u00e7as que destacaram sua presen\u00e7a firme nas ruas, sua influ\u00eancia local e o compromisso com a organiza\u00e7\u00e3o partid\u00e1ria no munic\u00edpio. Fam\u00edlia perde um pai e marido dedicado. Chiquinho deixa esposa e tr\u00eas filhos, al\u00e9m de uma trajet\u00f3ria lembrada com respeito por aliados e advers\u00e1rios. Vel\u00f3rio e sepultamento ainda n\u00e3o tiveram detalhes divulgados. A expectativa \u00e9 de grande homenagem na cidade onde ele construiu sua trajet\u00f3ria pol\u00edtica e pessoal.\" \/>\n<meta property=\"og:url\" content=\"https:\/\/sudoesteacontece.com.br\/?p=2741\" \/>\n<meta property=\"og:site_name\" content=\"Sudoesteacontece\" \/>\n<meta property=\"article:publisher\" content=\"https:\/\/www.facebook.com\/sudoesteacontece\/?locale=pt_BR\" \/>\n<meta property=\"article:published_time\" content=\"2025-11-16T00:35:53+00:00\" \/>\n<meta property=\"article:modified_time\" content=\"2025-11-16T00:35:56+00:00\" \/>\n<meta property=\"og:image\" content=\"https:\/\/sudoesteacontece.com.br\/wp-content\/uploads\/2025\/11\/Luto-em-Livramento-Morre-Chiquinho-do-PT-referencia-do-movimento-popular-sudoeste-acontece.jpg\" \/>\n\t<meta property=\"og:image:width\" content=\"900\" \/>\n\t<meta property=\"og:image:height\" content=\"600\" \/>\n\t<meta property=\"og:image:type\" content=\"image\/jpeg\" \/>\n<meta name=\"author\" content=\"Washington Tiago\" \/>\n<meta name=\"twitter:card\" content=\"summary_large_image\" \/>\n<meta name=\"twitter:label1\" content=\"Escrito por\" \/>\n\t<meta name=\"twitter:data1\" content=\"Washington Tiago\" \/>\n\t<meta name=\"twitter:label2\" content=\"Est. tempo de leitura\" \/>\n\t<meta name=\"twitter:data2\" content=\"1 minuto\" \/>\n<script type=\"application\/ld+json\" class=\"yoast-schema-graph\">{\"@context\":\"https:\/\/schema.org\",\"@graph\":[{\"@type\":\"Article\",\"@id\":\"https:\/\/sudoesteacontece.com.br\/?p=2741#article\",\"isPartOf\":{\"@id\":\"https:\/\/sudoesteacontece.com.br\/?p=2741\"},\"author\":{\"name\":\"Washington Tiago\",\"@id\":\"https:\/\/sudoesteacontece.com.br\/#\/schema\/person\/3cf2cf009926a9683ebc29d5379fa79c\"},\"headline\":\"Luto em Livramento: Morre Chiquinho do PT, refer\u00eancia do movimento popular\",\"datePublished\":\"2025-11-16T00:35:53+00:00\",\"dateModified\":\"2025-11-16T00:35:56+00:00\",\"mainEntityOfPage\":{\"@id\":\"https:\/\/sudoesteacontece.com.br\/?p=2741\"},\"wordCount\":269,\"commentCount\":0,\"publisher\":{\"@id\":\"https:\/\/sudoesteacontece.com.br\/#organization\"},\"image\":{\"@id\":\"https:\/\/sudoesteacontece.com.br\/?p=2741#primaryimage\"},\"thumbnailUrl\":\"https:\/\/sudoesteacontece.com.br\/wp-content\/uploads\/2025\/11\/Luto-em-Livramento-Morre-Chiquinho-do-PT-referencia-do-movimento-popular-sudoeste-acontece.jpg\",\"articleSection\":[\"Cidades\",\"Livramento\",\"Pol\u00edtica\"],\"inLanguage\":\"pt-BR\",\"potentialAction\":[{\"@type\":\"CommentAction\",\"name\":\"Comment\",\"target\":[\"https:\/\/sudoesteacontece.com.br\/?p=2741#respond\"]}]},{\"@type\":\"WebPage\",\"@id\":\"https:\/\/sudoesteacontece.com.br\/?p=2741\",\"url\":\"https:\/\/sudoesteacontece.com.br\/?p=2741\",\"name\":\"Luto em Livramento: Morre Chiquinho do PT, refer\u00eancia do movimento popular - Sudoesteacontece\",\"isPartOf\":{\"@id\":\"https:\/\/sudoesteacontece.com.br\/#website\"},\"primaryImageOfPage\":{\"@id\":\"https:\/\/sudoesteacontece.com.br\/?p=2741#primaryimage\"},\"image\":{\"@id\":\"https:\/\/sudoesteacontece.com.br\/?p=2741#primaryimage\"},\"thumbnailUrl\":\"https:\/\/sudoesteacontece.com.br\/wp-content\/uploads\/2025\/11\/Luto-em-Livramento-Morre-Chiquinho-do-PT-referencia-do-movimento-popular-sudoeste-acontece.jpg\",\"datePublished\":\"2025-11-16T00:35:53+00:00\",\"dateModified\":\"2025-11-16T00:35:56+00:00\",\"breadcrumb\":{\"@id\":\"https:\/\/sudoesteacontece.com.br\/?p=2741#breadcrumb\"},\"inLanguage\":\"pt-BR\",\"potentialAction\":[{\"@type\":\"ReadAction\",\"target\":[\"https:\/\/sudoesteacontece.com.br\/?p=2741\"]}]},{\"@type\":\"ImageObject\",\"inLanguage\":\"pt-BR\",\"@id\":\"https:\/\/sudoesteacontece.com.br\/?p=2741#primaryimage\",\"url\":\"https:\/\/sudoesteacontece.com.br\/wp-content\/uploads\/2025\/11\/Luto-em-Livramento-Morre-Chiquinho-do-PT-referencia-do-movimento-popular-sudoeste-acontece.jpg\",\"contentUrl\":\"https:\/\/sudoesteacontece.com.br\/wp-content\/uploads\/2025\/11\/Luto-em-Livramento-Morre-Chiquinho-do-PT-referencia-do-movimento-popular-sudoeste-acontece.jpg\",\"width\":900,\"height\":600},{\"@type\":\"BreadcrumbList\",\"@id\":\"https:\/\/sudoesteacontece.com.br\/?p=2741#breadcrumb\",\"itemListElement\":[{\"@type\":\"ListItem\",\"position\":1,\"name\":\"In\u00edcio\",\"item\":\"https:\/\/sudoesteacontece.com.br\/\"},{\"@type\":\"ListItem\",\"position\":2,\"name\":\"Luto em Livramento: Morre Chiquinho do PT, refer\u00eancia do movimento popular\"}]},{\"@type\":\"WebSite\",\"@id\":\"https:\/\/sudoesteacontece.com.br\/#website\",\"url\":\"https:\/\/sudoesteacontece.com.br\/\",\"name\":\"Sudoesteacontece\",\"description\":\"\",\"publisher\":{\"@id\":\"https:\/\/sudoesteacontece.com.br\/#organization\"},\"potentialAction\":[{\"@type\":\"SearchAction\",\"target\":{\"@type\":\"EntryPoint\",\"urlTemplate\":\"https:\/\/sudoesteacontece.com.br\/?s={search_term_string}\"},\"query-input\":{\"@type\":\"PropertyValueSpecification\",\"valueRequired\":true,\"valueName\":\"search_term_string\"}}],\"inLanguage\":\"pt-BR\"},{\"@type\":\"Organization\",\"@id\":\"https:\/\/sudoesteacontece.com.br\/#organization\",\"name\":\"Sudoesteacontece\",\"url\":\"https:\/\/sudoesteacontece.com.br\/\",\"logo\":{\"@type\":\"ImageObject\",\"inLanguage\":\"pt-BR\",\"@id\":\"https:\/\/sudoesteacontece.com.br\/#\/schema\/logo\/image\/\",\"url\":\"https:\/\/sudoesteacontece.com.br\/wp-content\/uploads\/2025\/12\/cropped-logo-2-180x180-1.png\",\"contentUrl\":\"https:\/\/sudoesteacontece.com.br\/wp-content\/uploads\/2025\/12\/cropped-logo-2-180x180-1.png\",\"width\":180,\"height\":180,\"caption\":\"Sudoesteacontece\"},\"image\":{\"@id\":\"https:\/\/sudoesteacontece.com.br\/#\/schema\/logo\/image\/\"},\"sameAs\":[\"https:\/\/www.facebook.com\/sudoesteacontece\/?locale=pt_BR\"]},{\"@type\":\"Person\",\"@id\":\"https:\/\/sudoesteacontece.com.br\/#\/schema\/person\/3cf2cf009926a9683ebc29d5379fa79c\",\"name\":\"Washington Tiago\",\"image\":{\"@type\":\"ImageObject\",\"inLanguage\":\"pt-BR\",\"@id\":\"https:\/\/sudoesteacontece.com.br\/#\/schema\/person\/image\/\",\"url\":\"https:\/\/secure.gravatar.com\/avatar\/33c43b8668157e040f9d1fe93c354bf087cbd8ba36270c1163198bd3ddcf2a56?s=96&d=mm&r=g\",\"contentUrl\":\"https:\/\/secure.gravatar.com\/avatar\/33c43b8668157e040f9d1fe93c354bf087cbd8ba36270c1163198bd3ddcf2a56?s=96&d=mm&r=g\",\"caption\":\"Washington Tiago\"},\"url\":\"https:\/\/sudoesteacontece.com.br\/?author=2\"}]}<\/script>\n<!-- \/ Yoast SEO plugin. -->","yoast_head_json":{"title":"Luto em Livramento: Morre Chiquinho do PT, refer\u00eancia do movimento popular - Sudoesteacontece","robots":{"index":"index","follow":"follow","max-snippet":"max-snippet:-1","max-image-preview":"max-image-preview:large","max-video-preview":"max-video-preview:-1"},"canonical":"https:\/\/sudoesteacontece.com.br\/?p=2741","og_locale":"pt_BR","og_type":"article","og_title":"Luto em Livramento: Morre Chiquinho do PT, refer\u00eancia do movimento popular - Sudoesteacontece","og_description":"Figura emblem\u00e1tica do PT no sudoeste da Bahia, ele sofreu um infarto ap\u00f3s sess\u00e3o de hemodi\u00e1lise em Minas Gerais. Not\u00edcia abalou Livramento de Nossa Senhora na noite deste s\u00e1bado (15). Francisco Aguiar Rocha, o Chiquinho do PT, morreu aos 64 anos em Extrema, Minas Gerais, onde fazia tratamento de sa\u00fade. Informa\u00e7\u00f5es de familiares apontam que Chiquinho sentiu-se mal ainda na sexta-feira (14). Ele chegou a ser atendido em uma unidade hospitalar, recebeu cuidados e foi liberado. Retorno ao hospital ocorreu neste s\u00e1bado para mais uma sess\u00e3o de hemodi\u00e1lise. Depois do procedimento, ele voltou para casa, onde estava acompanhado da esposa. Infarto ocorreu por volta das 19h15. O militante sofreu uma parada card\u00edaca repentina e n\u00e3o resistiu, apesar de ter recebido atendimento imediato na resid\u00eancia. Hist\u00f3ria de Chiquinho no Partido dos Trabalhadores marcou a pol\u00edtica de Livramento. Ele atuou por d\u00e9cadas em campanhas eleitorais, dialogou com movimentos sociais e defendeu de forma constante as pautas da sigla. Reconhecimento veio de militantes e lideran\u00e7as que destacaram sua presen\u00e7a firme nas ruas, sua influ\u00eancia local e o compromisso com a organiza\u00e7\u00e3o partid\u00e1ria no munic\u00edpio. Fam\u00edlia perde um pai e marido dedicado. Chiquinho deixa esposa e tr\u00eas filhos, al\u00e9m de uma trajet\u00f3ria lembrada com respeito por aliados e advers\u00e1rios. Vel\u00f3rio e sepultamento ainda n\u00e3o tiveram detalhes divulgados. A expectativa \u00e9 de grande homenagem na cidade onde ele construiu sua trajet\u00f3ria pol\u00edtica e pessoal.","og_url":"https:\/\/sudoesteacontece.com.br\/?p=2741","og_site_name":"Sudoesteacontece","article_publisher":"https:\/\/www.facebook.com\/sudoesteacontece\/?locale=pt_BR","article_published_time":"2025-11-16T00:35:53+00:00","article_modified_time":"2025-11-16T00:35:56+00:00","og_image":[{"width":900,"height":600,"url":"https:\/\/sudoesteacontece.com.br\/wp-content\/uploads\/2025\/11\/Luto-em-Livramento-Morre-Chiquinho-do-PT-referencia-do-movimento-popular-sudoeste-acontece.jpg","type":"image\/jpeg"}],"author":"Washington Tiago","twitter_card":"summary_large_image","twitter_misc":{"Escrito por":"Washington Tiago","Est. tempo de leitura":"1 minuto"},"schema":{"@context":"https:\/\/schema.org","@graph":[{"@type":"Article","@id":"https:\/\/sudoesteacontece.com.br\/?p=2741#article","isPartOf":{"@id":"https:\/\/sudoesteacontece.com.br\/?p=2741"},"author":{"name":"Washington Tiago","@id":"https:\/\/sudoesteacontece.com.br\/#\/schema\/person\/3cf2cf009926a9683ebc29d5379fa79c"},"headline":"Luto em Livramento: Morre Chiquinho do PT, refer\u00eancia do movimento popular","datePublished":"2025-11-16T00:35:53+00:00","dateModified":"2025-11-16T00:35:56+00:00","mainEntityOfPage":{"@id":"https:\/\/sudoesteacontece.com.br\/?p=2741"},"wordCount":269,"commentCount":0,"publisher":{"@id":"https:\/\/sudoesteacontece.com.br\/#organization"},"image":{"@id":"https:\/\/sudoesteacontece.com.br\/?p=2741#primaryimage"},"thumbnailUrl":"https:\/\/sudoesteacontece.com.br\/wp-content\/uploads\/2025\/11\/Luto-em-Livramento-Morre-Chiquinho-do-PT-referencia-do-movimento-popular-sudoeste-acontece.jpg","articleSection":["Cidades","Livramento","Pol\u00edtica"],"inLanguage":"pt-BR","potentialAction":[{"@type":"CommentAction","name":"Comment","target":["https:\/\/sudoesteacontece.com.br\/?p=2741#respond"]}]},{"@type":"WebPage","@id":"https:\/\/sudoesteacontece.com.br\/?p=2741","url":"https:\/\/sudoesteacontece.com.br\/?p=2741","name":"Luto em Livramento: Morre Chiquinho do PT, refer\u00eancia do movimento popular - Sudoesteacontece","isPartOf":{"@id":"https:\/\/sudoesteacontece.com.br\/#website"},"primaryImageOfPage":{"@id":"https:\/\/sudoesteacontece.com.br\/?p=2741#primaryimage"},"image":{"@id":"https:\/\/sudoesteacontece.com.br\/?p=2741#primaryimage"},"thumbnailUrl":"https:\/\/sudoesteacontece.com.br\/wp-content\/uploads\/2025\/11\/Luto-em-Livramento-Morre-Chiquinho-do-PT-referencia-do-movimento-popular-sudoeste-acontece.jpg","datePublished":"2025-11-16T00:35:53+00:00","dateModified":"2025-11-16T00:35:56+00:00","breadcrumb":{"@id":"https:\/\/sudoesteacontece.com.br\/?p=2741#breadcrumb"},"inLanguage":"pt-BR","potentialAction":[{"@type":"ReadAction","target":["https:\/\/sudoesteacontece.com.br\/?p=2741"]}]},{"@type":"ImageObject","inLanguage":"pt-BR","@id":"https:\/\/sudoesteacontece.com.br\/?p=2741#primaryimage","url":"https:\/\/sudoesteacontece.com.br\/wp-content\/uploads\/2025\/11\/Luto-em-Livramento-Morre-Chiquinho-do-PT-referencia-do-movimento-popular-sudoeste-acontece.jpg","contentUrl":"https:\/\/sudoesteacontece.com.br\/wp-content\/uploads\/2025\/11\/Luto-em-Livramento-Morre-Chiquinho-do-PT-referencia-do-movimento-popular-sudoeste-acontece.jpg","width":900,"height":600},{"@type":"BreadcrumbList","@id":"https:\/\/sudoesteacontece.com.br\/?p=2741#breadcrumb","itemListElement":[{"@type":"ListItem","position":1,"name":"In\u00edcio","item":"https:\/\/sudoesteacontece.com.br\/"},{"@type":"ListItem","position":2,"name":"Luto em Livramento: Morre Chiquinho do PT, refer\u00eancia do movimento popular"}]},{"@type":"WebSite","@id":"https:\/\/sudoesteacontece.com.br\/#website","url":"https:\/\/sudoesteacontece.com.br\/","name":"Sudoesteacontece","description":"","publisher":{"@id":"https:\/\/sudoesteacontece.com.br\/#organization"},"potentialAction":[{"@type":"SearchAction","target":{"@type":"EntryPoint","urlTemplate":"https:\/\/sudoesteacontece.com.br\/?s={search_term_string}"},"query-input":{"@type":"PropertyValueSpecification","valueRequired":true,"valueName":"search_term_string"}}],"inLanguage":"pt-BR"},{"@type":"Organization","@id":"https:\/\/sudoesteacontece.com.br\/#organization","name":"Sudoesteacontece","url":"https:\/\/sudoesteacontece.com.br\/","logo":{"@type":"ImageObject","inLanguage":"pt-BR","@id":"https:\/\/sudoesteacontece.com.br\/#\/schema\/logo\/image\/","url":"https:\/\/sudoesteacontece.com.br\/wp-content\/uploads\/2025\/12\/cropped-logo-2-180x180-1.png","contentUrl":"https:\/\/sudoesteacontece.com.br\/wp-content\/uploads\/2025\/12\/cropped-logo-2-180x180-1.png","width":180,"height":180,"caption":"Sudoesteacontece"},"image":{"@id":"https:\/\/sudoesteacontece.com.br\/#\/schema\/logo\/image\/"},"sameAs":["https:\/\/www.facebook.com\/sudoesteacontece\/?locale=pt_BR"]},{"@type":"Person","@id":"https:\/\/sudoesteacontece.com.br\/#\/schema\/person\/3cf2cf009926a9683ebc29d5379fa79c","name":"Washington Tiago","image":{"@type":"ImageObject","inLanguage":"pt-BR","@id":"https:\/\/sudoesteacontece.com.br\/#\/schema\/person\/image\/","url":"https:\/\/secure.gravatar.com\/avatar\/33c43b8668157e040f9d1fe93c354bf087cbd8ba36270c1163198bd3ddcf2a56?s=96&d=mm&r=g","contentUrl":"https:\/\/secure.gravatar.com\/avatar\/33c43b8668157e040f9d1fe93c354bf087cbd8ba36270c1163198bd3ddcf2a56?s=96&d=mm&r=g","caption":"Washington Tiago"},"url":"https:\/\/sudoesteacontece.com.br\/?author=2"}]}},"_links":{"self":[{"href":"https:\/\/sudoesteacontece.com.br\/index.php?rest_route=\/wp\/v2\/posts\/2741","targetHints":{"allow":["GET"]}}],"collection":[{"href":"https:\/\/sudoesteacontece.com.br\/index.php?rest_route=\/wp\/v2\/posts"}],"about":[{"href":"https:\/\/sudoesteacontece.com.br\/index.php?rest_route=\/wp\/v2\/types\/post"}],"author":[{"embeddable":true,"href":"https:\/\/sudoesteacontece.com.br\/index.php?rest_route=\/wp\/v2\/users\/2"}],"replies":[{"embeddable":true,"href":"https:\/\/sudoesteacontece.com.br\/index.php?rest_route=%2Fwp%2Fv2%2Fcomments&post=2741"}],"version-history":[{"count":0,"href":"https:\/\/sudoesteacontece.com.br\/index.php?rest_route=\/wp\/v2\/posts\/2741\/revisions"}],"wp:featuredmedia":[{"embeddable":true,"href":"https:\/\/sudoesteacontece.com.br\/index.php?rest_route=\/wp\/v2\/media\/2742"}],"wp:attachment":[{"href":"https:\/\/sudoesteacontece.com.br\/index.php?rest_route=%2Fwp%2Fv2%2Fmedia&parent=2741"}],"wp:term":[{"taxonomy":"category","embeddable":true,"href":"https:\/\/sudoesteacontece.com.br\/index.php?rest_route=%2Fwp%2Fv2%2Fcategories&post=2741"},{"taxonomy":"post_tag","embeddable":true,"href":"https:\/\/sudoesteacontece.com.br\/index.php?rest_route=%2Fwp%2Fv2%2Ftags&post=2741"}],"curies":[{"name":"wp","href":"https:\/\/api.w.org\/{rel}","templated":true}]}}