{"id":2746,"date":"2025-11-16T09:59:33","date_gmt":"2025-11-16T12:59:33","guid":{"rendered":"https:\/\/sudoesteacontece.com.br\/?p=2746"},"modified":"2025-11-16T09:59:34","modified_gmt":"2025-11-16T12:59:34","slug":"imagens-de-seguranca-ajudam-pm-a-recuperar-moto-furtada-em-guanambi","status":"publish","type":"post","link":"https:\/\/sudoesteacontece.com.br\/?p=2746","title":{"rendered":"Imagens de seguran\u00e7a ajudam PM a recuperar moto furtada em Guanambi"},"content":{"rendered":"<div class=\"wp-block-image\">\n<figure class=\"aligncenter size-full\"><img fetchpriority=\"high\" decoding=\"async\" width=\"900\" height=\"600\" src=\"http:\/\/sudoesteacontece.com.br\/wp-content\/uploads\/2025\/11\/Imagens-de-seguranca-ajudam-PM-a-recuperar-moto-furtada-em-Guanambi-sudoeste-acontece.jpg\" alt=\"\" class=\"wp-image-2760\" srcset=\"https:\/\/sudoesteacontece.com.br\/wp-content\/uploads\/2025\/11\/Imagens-de-seguranca-ajudam-PM-a-recuperar-moto-furtada-em-Guanambi-sudoeste-acontece.jpg 900w, https:\/\/sudoesteacontece.com.br\/wp-content\/uploads\/2025\/11\/Imagens-de-seguranca-ajudam-PM-a-recuperar-moto-furtada-em-Guanambi-sudoeste-acontece-300x200.jpg 300w, https:\/\/sudoesteacontece.com.br\/wp-content\/uploads\/2025\/11\/Imagens-de-seguranca-ajudam-PM-a-recuperar-moto-furtada-em-Guanambi-sudoeste-acontece-768x512.jpg 768w\" sizes=\"(max-width: 900px) 100vw, 900px\" \/><\/figure>\n<\/div>\n\n\n<p> <\/p>\n\n\n\n<p>Motocicleta furtada em Guanambi foi recuperada pela Pol\u00edcia Militar na tarde desta quinta-feira (13). O ve\u00edculo chamou aten\u00e7\u00e3o depois que c\u00e2meras de seguran\u00e7a de um sacol\u00e3o no bairro P\u00f4r do Sol registraram seu poss\u00edvel uso em uma a\u00e7\u00e3o criminosa.<\/p>\n\n\n\n<p>Imagens entregues \u00e0 PM permitiram que equipes identificassem caracter\u00edsticas da moto e do capacete usado pelo suspeito. Guarni\u00e7\u00e3o iniciou buscas imediatas e intensificou o patrulhamento na regi\u00e3o.<\/p>\n\n\n\n<p>Patrulhamento pela Rua Vieira de Melo, no bairro Vomitamel, resultou na localiza\u00e7\u00e3o de uma moto com as mesmas caracter\u00edsticas vistas no v\u00eddeo. Policiais encontraram tamb\u00e9m um capacete parecido com o utilizado no furto.<\/p>\n\n\n\n<p>Homem de 49 anos, que se apresentou como propriet\u00e1rio, negou envolvimento no crime. Ele afirmou ter registrado boletim de ocorr\u00eancia informando o desaparecimento da moto, que seguia com restri\u00e7\u00e3o no sistema policial. Ve\u00edculo recuperado e suposto dono foram levados para a Delegacia de Pol\u00edcia Civil.<\/p>\n","protected":false},"excerpt":{"rendered":"<p>Motocicleta furtada em Guanambi foi recuperada pela Pol\u00edcia Militar na tarde desta quinta-feira (13). O ve\u00edculo chamou aten\u00e7\u00e3o depois que c\u00e2meras de seguran\u00e7a de um sacol\u00e3o no bairro P\u00f4r do Sol registraram seu poss\u00edvel uso em uma a\u00e7\u00e3o criminosa. Imagens entregues \u00e0 PM permitiram que equipes identificassem caracter\u00edsticas da moto e do capacete usado pelo suspeito. Guarni\u00e7\u00e3o iniciou buscas imediatas e intensificou o patrulhamento na regi\u00e3o. Patrulhamento pela Rua Vieira de Melo, no bairro Vomitamel, resultou na localiza\u00e7\u00e3o de uma moto com as mesmas caracter\u00edsticas vistas no v\u00eddeo. Policiais encontraram tamb\u00e9m um capacete parecido com o utilizado no furto. Homem de 49 anos, que se apresentou como propriet\u00e1rio, negou envolvimento no crime. Ele afirmou ter registrado boletim de ocorr\u00eancia informando o desaparecimento da moto, que seguia com restri\u00e7\u00e3o no sistema policial. Ve\u00edculo recuperado e suposto dono foram levados para a Delegacia de Pol\u00edcia Civil.<\/p>\n","protected":false},"author":2,"featured_media":2760,"comment_status":"open","ping_status":"open","sticky":false,"template":"","format":"standard","meta":{"footnotes":""},"categories":[4,17,3],"tags":[],"class_list":["post-2746","post","type-post","status-publish","format-standard","has-post-thumbnail","hentry","category-cidades","category-guanambi","category-policia"],"yoast_head":"<!-- This site is optimized with the Yoast SEO plugin v26.5 - https:\/\/yoast.com\/wordpress\/plugins\/seo\/ -->\n<title>Imagens de seguran\u00e7a ajudam PM a recuperar moto furtada em Guanambi - Sudoesteacontece<\/title>\n<meta name=\"robots\" content=\"index, follow, max-snippet:-1, max-image-preview:large, max-video-preview:-1\" \/>\n<link rel=\"canonical\" href=\"https:\/\/sudoesteacontece.com.br\/?p=2746\" \/>\n<meta property=\"og:locale\" content=\"pt_BR\" \/>\n<meta property=\"og:type\" content=\"article\" \/>\n<meta property=\"og:title\" content=\"Imagens de seguran\u00e7a ajudam PM a recuperar moto furtada em Guanambi - Sudoesteacontece\" \/>\n<meta property=\"og:description\" content=\"Motocicleta furtada em Guanambi foi recuperada pela Pol\u00edcia Militar na tarde desta quinta-feira (13). O ve\u00edculo chamou aten\u00e7\u00e3o depois que c\u00e2meras de seguran\u00e7a de um sacol\u00e3o no bairro P\u00f4r do Sol registraram seu poss\u00edvel uso em uma a\u00e7\u00e3o criminosa. Imagens entregues \u00e0 PM permitiram que equipes identificassem caracter\u00edsticas da moto e do capacete usado pelo suspeito. Guarni\u00e7\u00e3o iniciou buscas imediatas e intensificou o patrulhamento na regi\u00e3o. Patrulhamento pela Rua Vieira de Melo, no bairro Vomitamel, resultou na localiza\u00e7\u00e3o de uma moto com as mesmas caracter\u00edsticas vistas no v\u00eddeo. Policiais encontraram tamb\u00e9m um capacete parecido com o utilizado no furto. Homem de 49 anos, que se apresentou como propriet\u00e1rio, negou envolvimento no crime. Ele afirmou ter registrado boletim de ocorr\u00eancia informando o desaparecimento da moto, que seguia com restri\u00e7\u00e3o no sistema policial. Ve\u00edculo recuperado e suposto dono foram levados para a Delegacia de Pol\u00edcia Civil.\" \/>\n<meta property=\"og:url\" content=\"https:\/\/sudoesteacontece.com.br\/?p=2746\" \/>\n<meta property=\"og:site_name\" content=\"Sudoesteacontece\" \/>\n<meta property=\"article:publisher\" content=\"https:\/\/www.facebook.com\/sudoesteacontece\/?locale=pt_BR\" \/>\n<meta property=\"article:published_time\" content=\"2025-11-16T12:59:33+00:00\" \/>\n<meta property=\"article:modified_time\" content=\"2025-11-16T12:59:34+00:00\" \/>\n<meta property=\"og:image\" content=\"https:\/\/sudoesteacontece.com.br\/wp-content\/uploads\/2025\/11\/Imagens-de-seguranca-ajudam-PM-a-recuperar-moto-furtada-em-Guanambi-sudoeste-acontece.jpg\" \/>\n\t<meta property=\"og:image:width\" content=\"900\" \/>\n\t<meta property=\"og:image:height\" content=\"600\" \/>\n\t<meta property=\"og:image:type\" content=\"image\/jpeg\" \/>\n<meta name=\"author\" content=\"Washington Tiago\" \/>\n<meta name=\"twitter:card\" content=\"summary_large_image\" \/>\n<meta name=\"twitter:label1\" content=\"Escrito por\" \/>\n\t<meta name=\"twitter:data1\" content=\"Washington Tiago\" \/>\n\t<meta name=\"twitter:label2\" content=\"Est. tempo de leitura\" \/>\n\t<meta name=\"twitter:data2\" content=\"1 minuto\" \/>\n<script type=\"application\/ld+json\" class=\"yoast-schema-graph\">{\"@context\":\"https:\/\/schema.org\",\"@graph\":[{\"@type\":\"Article\",\"@id\":\"https:\/\/sudoesteacontece.com.br\/?p=2746#article\",\"isPartOf\":{\"@id\":\"https:\/\/sudoesteacontece.com.br\/?p=2746\"},\"author\":{\"name\":\"Washington Tiago\",\"@id\":\"https:\/\/sudoesteacontece.com.br\/#\/schema\/person\/3cf2cf009926a9683ebc29d5379fa79c\"},\"headline\":\"Imagens de seguran\u00e7a ajudam PM a recuperar moto furtada em Guanambi\",\"datePublished\":\"2025-11-16T12:59:33+00:00\",\"dateModified\":\"2025-11-16T12:59:34+00:00\",\"mainEntityOfPage\":{\"@id\":\"https:\/\/sudoesteacontece.com.br\/?p=2746\"},\"wordCount\":174,\"commentCount\":0,\"publisher\":{\"@id\":\"https:\/\/sudoesteacontece.com.br\/#organization\"},\"image\":{\"@id\":\"https:\/\/sudoesteacontece.com.br\/?p=2746#primaryimage\"},\"thumbnailUrl\":\"https:\/\/sudoesteacontece.com.br\/wp-content\/uploads\/2025\/11\/Imagens-de-seguranca-ajudam-PM-a-recuperar-moto-furtada-em-Guanambi-sudoeste-acontece.jpg\",\"articleSection\":[\"Cidades\",\"Guanambi\",\"Pol\u00edcia\"],\"inLanguage\":\"pt-BR\",\"potentialAction\":[{\"@type\":\"CommentAction\",\"name\":\"Comment\",\"target\":[\"https:\/\/sudoesteacontece.com.br\/?p=2746#respond\"]}]},{\"@type\":\"WebPage\",\"@id\":\"https:\/\/sudoesteacontece.com.br\/?p=2746\",\"url\":\"https:\/\/sudoesteacontece.com.br\/?p=2746\",\"name\":\"Imagens de seguran\u00e7a ajudam PM a recuperar moto furtada em Guanambi - Sudoesteacontece\",\"isPartOf\":{\"@id\":\"https:\/\/sudoesteacontece.com.br\/#website\"},\"primaryImageOfPage\":{\"@id\":\"https:\/\/sudoesteacontece.com.br\/?p=2746#primaryimage\"},\"image\":{\"@id\":\"https:\/\/sudoesteacontece.com.br\/?p=2746#primaryimage\"},\"thumbnailUrl\":\"https:\/\/sudoesteacontece.com.br\/wp-content\/uploads\/2025\/11\/Imagens-de-seguranca-ajudam-PM-a-recuperar-moto-furtada-em-Guanambi-sudoeste-acontece.jpg\",\"datePublished\":\"2025-11-16T12:59:33+00:00\",\"dateModified\":\"2025-11-16T12:59:34+00:00\",\"breadcrumb\":{\"@id\":\"https:\/\/sudoesteacontece.com.br\/?p=2746#breadcrumb\"},\"inLanguage\":\"pt-BR\",\"potentialAction\":[{\"@type\":\"ReadAction\",\"target\":[\"https:\/\/sudoesteacontece.com.br\/?p=2746\"]}]},{\"@type\":\"ImageObject\",\"inLanguage\":\"pt-BR\",\"@id\":\"https:\/\/sudoesteacontece.com.br\/?p=2746#primaryimage\",\"url\":\"https:\/\/sudoesteacontece.com.br\/wp-content\/uploads\/2025\/11\/Imagens-de-seguranca-ajudam-PM-a-recuperar-moto-furtada-em-Guanambi-sudoeste-acontece.jpg\",\"contentUrl\":\"https:\/\/sudoesteacontece.com.br\/wp-content\/uploads\/2025\/11\/Imagens-de-seguranca-ajudam-PM-a-recuperar-moto-furtada-em-Guanambi-sudoeste-acontece.jpg\",\"width\":900,\"height\":600},{\"@type\":\"BreadcrumbList\",\"@id\":\"https:\/\/sudoesteacontece.com.br\/?p=2746#breadcrumb\",\"itemListElement\":[{\"@type\":\"ListItem\",\"position\":1,\"name\":\"In\u00edcio\",\"item\":\"https:\/\/sudoesteacontece.com.br\/\"},{\"@type\":\"ListItem\",\"position\":2,\"name\":\"Imagens de seguran\u00e7a ajudam PM a recuperar moto furtada em Guanambi\"}]},{\"@type\":\"WebSite\",\"@id\":\"https:\/\/sudoesteacontece.com.br\/#website\",\"url\":\"https:\/\/sudoesteacontece.com.br\/\",\"name\":\"Sudoesteacontece\",\"description\":\"\",\"publisher\":{\"@id\":\"https:\/\/sudoesteacontece.com.br\/#organization\"},\"potentialAction\":[{\"@type\":\"SearchAction\",\"target\":{\"@type\":\"EntryPoint\",\"urlTemplate\":\"https:\/\/sudoesteacontece.com.br\/?s={search_term_string}\"},\"query-input\":{\"@type\":\"PropertyValueSpecification\",\"valueRequired\":true,\"valueName\":\"search_term_string\"}}],\"inLanguage\":\"pt-BR\"},{\"@type\":\"Organization\",\"@id\":\"https:\/\/sudoesteacontece.com.br\/#organization\",\"name\":\"Sudoesteacontece\",\"url\":\"https:\/\/sudoesteacontece.com.br\/\",\"logo\":{\"@type\":\"ImageObject\",\"inLanguage\":\"pt-BR\",\"@id\":\"https:\/\/sudoesteacontece.com.br\/#\/schema\/logo\/image\/\",\"url\":\"https:\/\/sudoesteacontece.com.br\/wp-content\/uploads\/2025\/12\/cropped-logo-2-180x180-1.png\",\"contentUrl\":\"https:\/\/sudoesteacontece.com.br\/wp-content\/uploads\/2025\/12\/cropped-logo-2-180x180-1.png\",\"width\":180,\"height\":180,\"caption\":\"Sudoesteacontece\"},\"image\":{\"@id\":\"https:\/\/sudoesteacontece.com.br\/#\/schema\/logo\/image\/\"},\"sameAs\":[\"https:\/\/www.facebook.com\/sudoesteacontece\/?locale=pt_BR\"]},{\"@type\":\"Person\",\"@id\":\"https:\/\/sudoesteacontece.com.br\/#\/schema\/person\/3cf2cf009926a9683ebc29d5379fa79c\",\"name\":\"Washington Tiago\",\"image\":{\"@type\":\"ImageObject\",\"inLanguage\":\"pt-BR\",\"@id\":\"https:\/\/sudoesteacontece.com.br\/#\/schema\/person\/image\/\",\"url\":\"https:\/\/secure.gravatar.com\/avatar\/33c43b8668157e040f9d1fe93c354bf087cbd8ba36270c1163198bd3ddcf2a56?s=96&d=mm&r=g\",\"contentUrl\":\"https:\/\/secure.gravatar.com\/avatar\/33c43b8668157e040f9d1fe93c354bf087cbd8ba36270c1163198bd3ddcf2a56?s=96&d=mm&r=g\",\"caption\":\"Washington Tiago\"},\"url\":\"https:\/\/sudoesteacontece.com.br\/?author=2\"}]}<\/script>\n<!-- \/ Yoast SEO plugin. -->","yoast_head_json":{"title":"Imagens de seguran\u00e7a ajudam PM a recuperar moto furtada em Guanambi - Sudoesteacontece","robots":{"index":"index","follow":"follow","max-snippet":"max-snippet:-1","max-image-preview":"max-image-preview:large","max-video-preview":"max-video-preview:-1"},"canonical":"https:\/\/sudoesteacontece.com.br\/?p=2746","og_locale":"pt_BR","og_type":"article","og_title":"Imagens de seguran\u00e7a ajudam PM a recuperar moto furtada em Guanambi - Sudoesteacontece","og_description":"Motocicleta furtada em Guanambi foi recuperada pela Pol\u00edcia Militar na tarde desta quinta-feira (13). O ve\u00edculo chamou aten\u00e7\u00e3o depois que c\u00e2meras de seguran\u00e7a de um sacol\u00e3o no bairro P\u00f4r do Sol registraram seu poss\u00edvel uso em uma a\u00e7\u00e3o criminosa. Imagens entregues \u00e0 PM permitiram que equipes identificassem caracter\u00edsticas da moto e do capacete usado pelo suspeito. Guarni\u00e7\u00e3o iniciou buscas imediatas e intensificou o patrulhamento na regi\u00e3o. Patrulhamento pela Rua Vieira de Melo, no bairro Vomitamel, resultou na localiza\u00e7\u00e3o de uma moto com as mesmas caracter\u00edsticas vistas no v\u00eddeo. Policiais encontraram tamb\u00e9m um capacete parecido com o utilizado no furto. Homem de 49 anos, que se apresentou como propriet\u00e1rio, negou envolvimento no crime. Ele afirmou ter registrado boletim de ocorr\u00eancia informando o desaparecimento da moto, que seguia com restri\u00e7\u00e3o no sistema policial. Ve\u00edculo recuperado e suposto dono foram levados para a Delegacia de Pol\u00edcia Civil.","og_url":"https:\/\/sudoesteacontece.com.br\/?p=2746","og_site_name":"Sudoesteacontece","article_publisher":"https:\/\/www.facebook.com\/sudoesteacontece\/?locale=pt_BR","article_published_time":"2025-11-16T12:59:33+00:00","article_modified_time":"2025-11-16T12:59:34+00:00","og_image":[{"width":900,"height":600,"url":"https:\/\/sudoesteacontece.com.br\/wp-content\/uploads\/2025\/11\/Imagens-de-seguranca-ajudam-PM-a-recuperar-moto-furtada-em-Guanambi-sudoeste-acontece.jpg","type":"image\/jpeg"}],"author":"Washington Tiago","twitter_card":"summary_large_image","twitter_misc":{"Escrito por":"Washington Tiago","Est. tempo de leitura":"1 minuto"},"schema":{"@context":"https:\/\/schema.org","@graph":[{"@type":"Article","@id":"https:\/\/sudoesteacontece.com.br\/?p=2746#article","isPartOf":{"@id":"https:\/\/sudoesteacontece.com.br\/?p=2746"},"author":{"name":"Washington Tiago","@id":"https:\/\/sudoesteacontece.com.br\/#\/schema\/person\/3cf2cf009926a9683ebc29d5379fa79c"},"headline":"Imagens de seguran\u00e7a ajudam PM a recuperar moto furtada em Guanambi","datePublished":"2025-11-16T12:59:33+00:00","dateModified":"2025-11-16T12:59:34+00:00","mainEntityOfPage":{"@id":"https:\/\/sudoesteacontece.com.br\/?p=2746"},"wordCount":174,"commentCount":0,"publisher":{"@id":"https:\/\/sudoesteacontece.com.br\/#organization"},"image":{"@id":"https:\/\/sudoesteacontece.com.br\/?p=2746#primaryimage"},"thumbnailUrl":"https:\/\/sudoesteacontece.com.br\/wp-content\/uploads\/2025\/11\/Imagens-de-seguranca-ajudam-PM-a-recuperar-moto-furtada-em-Guanambi-sudoeste-acontece.jpg","articleSection":["Cidades","Guanambi","Pol\u00edcia"],"inLanguage":"pt-BR","potentialAction":[{"@type":"CommentAction","name":"Comment","target":["https:\/\/sudoesteacontece.com.br\/?p=2746#respond"]}]},{"@type":"WebPage","@id":"https:\/\/sudoesteacontece.com.br\/?p=2746","url":"https:\/\/sudoesteacontece.com.br\/?p=2746","name":"Imagens de seguran\u00e7a ajudam PM a recuperar moto furtada em Guanambi - Sudoesteacontece","isPartOf":{"@id":"https:\/\/sudoesteacontece.com.br\/#website"},"primaryImageOfPage":{"@id":"https:\/\/sudoesteacontece.com.br\/?p=2746#primaryimage"},"image":{"@id":"https:\/\/sudoesteacontece.com.br\/?p=2746#primaryimage"},"thumbnailUrl":"https:\/\/sudoesteacontece.com.br\/wp-content\/uploads\/2025\/11\/Imagens-de-seguranca-ajudam-PM-a-recuperar-moto-furtada-em-Guanambi-sudoeste-acontece.jpg","datePublished":"2025-11-16T12:59:33+00:00","dateModified":"2025-11-16T12:59:34+00:00","breadcrumb":{"@id":"https:\/\/sudoesteacontece.com.br\/?p=2746#breadcrumb"},"inLanguage":"pt-BR","potentialAction":[{"@type":"ReadAction","target":["https:\/\/sudoesteacontece.com.br\/?p=2746"]}]},{"@type":"ImageObject","inLanguage":"pt-BR","@id":"https:\/\/sudoesteacontece.com.br\/?p=2746#primaryimage","url":"https:\/\/sudoesteacontece.com.br\/wp-content\/uploads\/2025\/11\/Imagens-de-seguranca-ajudam-PM-a-recuperar-moto-furtada-em-Guanambi-sudoeste-acontece.jpg","contentUrl":"https:\/\/sudoesteacontece.com.br\/wp-content\/uploads\/2025\/11\/Imagens-de-seguranca-ajudam-PM-a-recuperar-moto-furtada-em-Guanambi-sudoeste-acontece.jpg","width":900,"height":600},{"@type":"BreadcrumbList","@id":"https:\/\/sudoesteacontece.com.br\/?p=2746#breadcrumb","itemListElement":[{"@type":"ListItem","position":1,"name":"In\u00edcio","item":"https:\/\/sudoesteacontece.com.br\/"},{"@type":"ListItem","position":2,"name":"Imagens de seguran\u00e7a ajudam PM a recuperar moto furtada em Guanambi"}]},{"@type":"WebSite","@id":"https:\/\/sudoesteacontece.com.br\/#website","url":"https:\/\/sudoesteacontece.com.br\/","name":"Sudoesteacontece","description":"","publisher":{"@id":"https:\/\/sudoesteacontece.com.br\/#organization"},"potentialAction":[{"@type":"SearchAction","target":{"@type":"EntryPoint","urlTemplate":"https:\/\/sudoesteacontece.com.br\/?s={search_term_string}"},"query-input":{"@type":"PropertyValueSpecification","valueRequired":true,"valueName":"search_term_string"}}],"inLanguage":"pt-BR"},{"@type":"Organization","@id":"https:\/\/sudoesteacontece.com.br\/#organization","name":"Sudoesteacontece","url":"https:\/\/sudoesteacontece.com.br\/","logo":{"@type":"ImageObject","inLanguage":"pt-BR","@id":"https:\/\/sudoesteacontece.com.br\/#\/schema\/logo\/image\/","url":"https:\/\/sudoesteacontece.com.br\/wp-content\/uploads\/2025\/12\/cropped-logo-2-180x180-1.png","contentUrl":"https:\/\/sudoesteacontece.com.br\/wp-content\/uploads\/2025\/12\/cropped-logo-2-180x180-1.png","width":180,"height":180,"caption":"Sudoesteacontece"},"image":{"@id":"https:\/\/sudoesteacontece.com.br\/#\/schema\/logo\/image\/"},"sameAs":["https:\/\/www.facebook.com\/sudoesteacontece\/?locale=pt_BR"]},{"@type":"Person","@id":"https:\/\/sudoesteacontece.com.br\/#\/schema\/person\/3cf2cf009926a9683ebc29d5379fa79c","name":"Washington Tiago","image":{"@type":"ImageObject","inLanguage":"pt-BR","@id":"https:\/\/sudoesteacontece.com.br\/#\/schema\/person\/image\/","url":"https:\/\/secure.gravatar.com\/avatar\/33c43b8668157e040f9d1fe93c354bf087cbd8ba36270c1163198bd3ddcf2a56?s=96&d=mm&r=g","contentUrl":"https:\/\/secure.gravatar.com\/avatar\/33c43b8668157e040f9d1fe93c354bf087cbd8ba36270c1163198bd3ddcf2a56?s=96&d=mm&r=g","caption":"Washington Tiago"},"url":"https:\/\/sudoesteacontece.com.br\/?author=2"}]}},"_links":{"self":[{"href":"https:\/\/sudoesteacontece.com.br\/index.php?rest_route=\/wp\/v2\/posts\/2746","targetHints":{"allow":["GET"]}}],"collection":[{"href":"https:\/\/sudoesteacontece.com.br\/index.php?rest_route=\/wp\/v2\/posts"}],"about":[{"href":"https:\/\/sudoesteacontece.com.br\/index.php?rest_route=\/wp\/v2\/types\/post"}],"author":[{"embeddable":true,"href":"https:\/\/sudoesteacontece.com.br\/index.php?rest_route=\/wp\/v2\/users\/2"}],"replies":[{"embeddable":true,"href":"https:\/\/sudoesteacontece.com.br\/index.php?rest_route=%2Fwp%2Fv2%2Fcomments&post=2746"}],"version-history":[{"count":0,"href":"https:\/\/sudoesteacontece.com.br\/index.php?rest_route=\/wp\/v2\/posts\/2746\/revisions"}],"wp:featuredmedia":[{"embeddable":true,"href":"https:\/\/sudoesteacontece.com.br\/index.php?rest_route=\/wp\/v2\/media\/2760"}],"wp:attachment":[{"href":"https:\/\/sudoesteacontece.com.br\/index.php?rest_route=%2Fwp%2Fv2%2Fmedia&parent=2746"}],"wp:term":[{"taxonomy":"category","embeddable":true,"href":"https:\/\/sudoesteacontece.com.br\/index.php?rest_route=%2Fwp%2Fv2%2Fcategories&post=2746"},{"taxonomy":"post_tag","embeddable":true,"href":"https:\/\/sudoesteacontece.com.br\/index.php?rest_route=%2Fwp%2Fv2%2Ftags&post=2746"}],"curies":[{"name":"wp","href":"https:\/\/api.w.org\/{rel}","templated":true}]}}