{"id":2747,"date":"2025-11-16T10:07:57","date_gmt":"2025-11-16T13:07:57","guid":{"rendered":"https:\/\/sudoesteacontece.com.br\/?p=2747"},"modified":"2025-11-16T10:07:59","modified_gmt":"2025-11-16T13:07:59","slug":"caetite-discute-impactos-e-beneficios-de-futura-usina-solar","status":"publish","type":"post","link":"https:\/\/sudoesteacontece.com.br\/?p=2747","title":{"rendered":"Caetit\u00e9 discute impactos e benef\u00edcios de futura usina solar"},"content":{"rendered":"<div class=\"wp-block-image\">\n<figure class=\"aligncenter size-full\"><img fetchpriority=\"high\" decoding=\"async\" width=\"900\" height=\"600\" src=\"http:\/\/sudoesteacontece.com.br\/wp-content\/uploads\/2025\/11\/Caetite-discute-impactos-e-beneficios-de-futura-usina-solar-sudoeste-acontece.jpg\" alt=\"\" class=\"wp-image-2762\" srcset=\"https:\/\/sudoesteacontece.com.br\/wp-content\/uploads\/2025\/11\/Caetite-discute-impactos-e-beneficios-de-futura-usina-solar-sudoeste-acontece.jpg 900w, https:\/\/sudoesteacontece.com.br\/wp-content\/uploads\/2025\/11\/Caetite-discute-impactos-e-beneficios-de-futura-usina-solar-sudoeste-acontece-300x200.jpg 300w, https:\/\/sudoesteacontece.com.br\/wp-content\/uploads\/2025\/11\/Caetite-discute-impactos-e-beneficios-de-futura-usina-solar-sudoeste-acontece-768x512.jpg 768w\" sizes=\"(max-width: 900px) 100vw, 900px\" \/><\/figure>\n<\/div>\n\n\n<p>Comunidade de Caetit\u00e9 acompanhou, nesta ter\u00e7a (11), uma reuni\u00e3o p\u00fablica sobre o projeto da Usina Fotovoltaica Tanque Novo Associado. Encontro ocorreu na Escola Municipal ACM, no Distrito de Caldeiras, e reuniu moradores, representantes do empreendimento e autoridades locais.<\/p>\n\n\n\n<p>Apresenta\u00e7\u00e3o do Estudo de M\u00e9dio Impacto (EMI) marcou a reuni\u00e3o. T\u00e9cnicos detalharam funcionamento da usina, impactos ambientais, medidas de mitiga\u00e7\u00e3o e benef\u00edcios esperados, buscando esclarecer d\u00favidas da popula\u00e7\u00e3o sobre as opera\u00e7\u00f5es.<\/p>\n\n\n\n<p>Moradores ouviram proje\u00e7\u00f5es que indicam gera\u00e7\u00e3o de empregos, fortalecimento da matriz energ\u00e9tica renov\u00e1vel e est\u00edmulo ao desenvolvimento econ\u00f4mico. Representantes do empreendimento afirmaram que a implanta\u00e7\u00e3o seguir\u00e1 etapas planejadas e monitoradas.<\/p>\n\n\n\n<p>Participa\u00e7\u00e3o pol\u00edtica foi destaque. Vice-prefeito Walmique Trindade acompanhou as explana\u00e7\u00f5es ao lado dos vereadores Naldinho da Ra\u00e7\u00e3o, Gustavo Fran\u00e7a e J\u00falio C\u00e9sar. Eles defenderam transpar\u00eancia, di\u00e1logo e participa\u00e7\u00e3o social em projetos de grande impacto.<\/p>\n\n\n\n<p>Caetit\u00e9 se consolida como polo de energias renov\u00e1veis. Cidade j\u00e1 abriga parques e\u00f3licos e amplia presen\u00e7a no setor com a futura usina fotovoltaica, considerada mais um passo no avan\u00e7o da produ\u00e7\u00e3o limpa e sustent\u00e1vel na regi\u00e3o.<\/p>\n","protected":false},"excerpt":{"rendered":"<p>Comunidade de Caetit\u00e9 acompanhou, nesta ter\u00e7a (11), uma reuni\u00e3o p\u00fablica sobre o projeto da Usina Fotovoltaica Tanque Novo Associado. Encontro ocorreu na Escola Municipal ACM, no Distrito de Caldeiras, e reuniu moradores, representantes do empreendimento e autoridades locais. Apresenta\u00e7\u00e3o do Estudo de M\u00e9dio Impacto (EMI) marcou a reuni\u00e3o. T\u00e9cnicos detalharam funcionamento da usina, impactos ambientais, medidas de mitiga\u00e7\u00e3o e benef\u00edcios esperados, buscando esclarecer d\u00favidas da popula\u00e7\u00e3o sobre as opera\u00e7\u00f5es. Moradores ouviram proje\u00e7\u00f5es que indicam gera\u00e7\u00e3o de empregos, fortalecimento da matriz energ\u00e9tica renov\u00e1vel e est\u00edmulo ao desenvolvimento econ\u00f4mico. Representantes do empreendimento afirmaram que a implanta\u00e7\u00e3o seguir\u00e1 etapas planejadas e monitoradas. Participa\u00e7\u00e3o pol\u00edtica foi destaque. Vice-prefeito Walmique Trindade acompanhou as explana\u00e7\u00f5es ao lado dos vereadores Naldinho da Ra\u00e7\u00e3o, Gustavo Fran\u00e7a e J\u00falio C\u00e9sar. Eles defenderam transpar\u00eancia, di\u00e1logo e participa\u00e7\u00e3o social em projetos de grande impacto. Caetit\u00e9 se consolida como polo de energias renov\u00e1veis. Cidade j\u00e1 abriga parques e\u00f3licos e amplia presen\u00e7a no setor com a futura usina fotovoltaica, considerada mais um passo no avan\u00e7o da produ\u00e7\u00e3o limpa e sustent\u00e1vel na regi\u00e3o.<\/p>\n","protected":false},"author":2,"featured_media":2762,"comment_status":"open","ping_status":"open","sticky":false,"template":"","format":"standard","meta":{"footnotes":""},"categories":[49,4,59,6],"tags":[],"class_list":["post-2747","post","type-post","status-publish","format-standard","has-post-thumbnail","hentry","category-caetite","category-cidades","category-economia","category-politica"],"yoast_head":"<!-- This site is optimized with the Yoast SEO plugin v26.5 - https:\/\/yoast.com\/wordpress\/plugins\/seo\/ -->\n<title>Caetit\u00e9 discute impactos e benef\u00edcios de futura usina solar - Sudoesteacontece<\/title>\n<meta name=\"robots\" content=\"index, follow, max-snippet:-1, max-image-preview:large, max-video-preview:-1\" \/>\n<link rel=\"canonical\" href=\"http:\/\/sudoesteacontece.com.br\/?p=2747\" \/>\n<meta property=\"og:locale\" content=\"pt_BR\" \/>\n<meta property=\"og:type\" content=\"article\" \/>\n<meta property=\"og:title\" content=\"Caetit\u00e9 discute impactos e benef\u00edcios de futura usina solar - Sudoesteacontece\" \/>\n<meta property=\"og:description\" content=\"Comunidade de Caetit\u00e9 acompanhou, nesta ter\u00e7a (11), uma reuni\u00e3o p\u00fablica sobre o projeto da Usina Fotovoltaica Tanque Novo Associado. Encontro ocorreu na Escola Municipal ACM, no Distrito de Caldeiras, e reuniu moradores, representantes do empreendimento e autoridades locais. Apresenta\u00e7\u00e3o do Estudo de M\u00e9dio Impacto (EMI) marcou a reuni\u00e3o. T\u00e9cnicos detalharam funcionamento da usina, impactos ambientais, medidas de mitiga\u00e7\u00e3o e benef\u00edcios esperados, buscando esclarecer d\u00favidas da popula\u00e7\u00e3o sobre as opera\u00e7\u00f5es. Moradores ouviram proje\u00e7\u00f5es que indicam gera\u00e7\u00e3o de empregos, fortalecimento da matriz energ\u00e9tica renov\u00e1vel e est\u00edmulo ao desenvolvimento econ\u00f4mico. Representantes do empreendimento afirmaram que a implanta\u00e7\u00e3o seguir\u00e1 etapas planejadas e monitoradas. Participa\u00e7\u00e3o pol\u00edtica foi destaque. Vice-prefeito Walmique Trindade acompanhou as explana\u00e7\u00f5es ao lado dos vereadores Naldinho da Ra\u00e7\u00e3o, Gustavo Fran\u00e7a e J\u00falio C\u00e9sar. Eles defenderam transpar\u00eancia, di\u00e1logo e participa\u00e7\u00e3o social em projetos de grande impacto. Caetit\u00e9 se consolida como polo de energias renov\u00e1veis. Cidade j\u00e1 abriga parques e\u00f3licos e amplia presen\u00e7a no setor com a futura usina fotovoltaica, considerada mais um passo no avan\u00e7o da produ\u00e7\u00e3o limpa e sustent\u00e1vel na regi\u00e3o.\" \/>\n<meta property=\"og:url\" content=\"http:\/\/sudoesteacontece.com.br\/?p=2747\" \/>\n<meta property=\"og:site_name\" content=\"Sudoesteacontece\" \/>\n<meta property=\"article:publisher\" content=\"https:\/\/www.facebook.com\/sudoesteacontece\/?locale=pt_BR\" \/>\n<meta property=\"article:published_time\" content=\"2025-11-16T13:07:57+00:00\" \/>\n<meta property=\"article:modified_time\" content=\"2025-11-16T13:07:59+00:00\" \/>\n<meta property=\"og:image\" content=\"http:\/\/sudoesteacontece.com.br\/wp-content\/uploads\/2025\/11\/Caetite-discute-impactos-e-beneficios-de-futura-usina-solar-sudoeste-acontece.jpg\" \/>\n\t<meta property=\"og:image:width\" content=\"900\" \/>\n\t<meta property=\"og:image:height\" content=\"600\" \/>\n\t<meta property=\"og:image:type\" content=\"image\/jpeg\" \/>\n<meta name=\"author\" content=\"Washington Tiago\" \/>\n<meta name=\"twitter:card\" content=\"summary_large_image\" \/>\n<meta name=\"twitter:label1\" content=\"Escrito por\" \/>\n\t<meta name=\"twitter:data1\" content=\"Washington Tiago\" \/>\n\t<meta name=\"twitter:label2\" content=\"Est. tempo de leitura\" \/>\n\t<meta name=\"twitter:data2\" content=\"1 minuto\" \/>\n<script type=\"application\/ld+json\" class=\"yoast-schema-graph\">{\"@context\":\"https:\/\/schema.org\",\"@graph\":[{\"@type\":\"Article\",\"@id\":\"http:\/\/sudoesteacontece.com.br\/?p=2747#article\",\"isPartOf\":{\"@id\":\"http:\/\/sudoesteacontece.com.br\/?p=2747\"},\"author\":{\"name\":\"Washington Tiago\",\"@id\":\"https:\/\/sudoesteacontece.com.br\/#\/schema\/person\/3cf2cf009926a9683ebc29d5379fa79c\"},\"headline\":\"Caetit\u00e9 discute impactos e benef\u00edcios de futura usina solar\",\"datePublished\":\"2025-11-16T13:07:57+00:00\",\"dateModified\":\"2025-11-16T13:07:59+00:00\",\"mainEntityOfPage\":{\"@id\":\"http:\/\/sudoesteacontece.com.br\/?p=2747\"},\"wordCount\":214,\"commentCount\":0,\"publisher\":{\"@id\":\"https:\/\/sudoesteacontece.com.br\/#organization\"},\"image\":{\"@id\":\"http:\/\/sudoesteacontece.com.br\/?p=2747#primaryimage\"},\"thumbnailUrl\":\"https:\/\/sudoesteacontece.com.br\/wp-content\/uploads\/2025\/11\/Caetite-discute-impactos-e-beneficios-de-futura-usina-solar-sudoeste-acontece.jpg\",\"articleSection\":[\"Caetit\u00e9\",\"Cidades\",\"Economia\",\"Pol\u00edtica\"],\"inLanguage\":\"pt-BR\",\"potentialAction\":[{\"@type\":\"CommentAction\",\"name\":\"Comment\",\"target\":[\"http:\/\/sudoesteacontece.com.br\/?p=2747#respond\"]}]},{\"@type\":\"WebPage\",\"@id\":\"http:\/\/sudoesteacontece.com.br\/?p=2747\",\"url\":\"http:\/\/sudoesteacontece.com.br\/?p=2747\",\"name\":\"Caetit\u00e9 discute impactos e benef\u00edcios de futura usina solar - Sudoesteacontece\",\"isPartOf\":{\"@id\":\"https:\/\/sudoesteacontece.com.br\/#website\"},\"primaryImageOfPage\":{\"@id\":\"http:\/\/sudoesteacontece.com.br\/?p=2747#primaryimage\"},\"image\":{\"@id\":\"http:\/\/sudoesteacontece.com.br\/?p=2747#primaryimage\"},\"thumbnailUrl\":\"https:\/\/sudoesteacontece.com.br\/wp-content\/uploads\/2025\/11\/Caetite-discute-impactos-e-beneficios-de-futura-usina-solar-sudoeste-acontece.jpg\",\"datePublished\":\"2025-11-16T13:07:57+00:00\",\"dateModified\":\"2025-11-16T13:07:59+00:00\",\"breadcrumb\":{\"@id\":\"http:\/\/sudoesteacontece.com.br\/?p=2747#breadcrumb\"},\"inLanguage\":\"pt-BR\",\"potentialAction\":[{\"@type\":\"ReadAction\",\"target\":[\"http:\/\/sudoesteacontece.com.br\/?p=2747\"]}]},{\"@type\":\"ImageObject\",\"inLanguage\":\"pt-BR\",\"@id\":\"http:\/\/sudoesteacontece.com.br\/?p=2747#primaryimage\",\"url\":\"https:\/\/sudoesteacontece.com.br\/wp-content\/uploads\/2025\/11\/Caetite-discute-impactos-e-beneficios-de-futura-usina-solar-sudoeste-acontece.jpg\",\"contentUrl\":\"https:\/\/sudoesteacontece.com.br\/wp-content\/uploads\/2025\/11\/Caetite-discute-impactos-e-beneficios-de-futura-usina-solar-sudoeste-acontece.jpg\",\"width\":900,\"height\":600},{\"@type\":\"BreadcrumbList\",\"@id\":\"http:\/\/sudoesteacontece.com.br\/?p=2747#breadcrumb\",\"itemListElement\":[{\"@type\":\"ListItem\",\"position\":1,\"name\":\"In\u00edcio\",\"item\":\"https:\/\/sudoesteacontece.com.br\/\"},{\"@type\":\"ListItem\",\"position\":2,\"name\":\"Caetit\u00e9 discute impactos e benef\u00edcios de futura usina solar\"}]},{\"@type\":\"WebSite\",\"@id\":\"https:\/\/sudoesteacontece.com.br\/#website\",\"url\":\"https:\/\/sudoesteacontece.com.br\/\",\"name\":\"Sudoesteacontece\",\"description\":\"\",\"publisher\":{\"@id\":\"https:\/\/sudoesteacontece.com.br\/#organization\"},\"potentialAction\":[{\"@type\":\"SearchAction\",\"target\":{\"@type\":\"EntryPoint\",\"urlTemplate\":\"https:\/\/sudoesteacontece.com.br\/?s={search_term_string}\"},\"query-input\":{\"@type\":\"PropertyValueSpecification\",\"valueRequired\":true,\"valueName\":\"search_term_string\"}}],\"inLanguage\":\"pt-BR\"},{\"@type\":\"Organization\",\"@id\":\"https:\/\/sudoesteacontece.com.br\/#organization\",\"name\":\"Sudoesteacontece\",\"url\":\"https:\/\/sudoesteacontece.com.br\/\",\"logo\":{\"@type\":\"ImageObject\",\"inLanguage\":\"pt-BR\",\"@id\":\"https:\/\/sudoesteacontece.com.br\/#\/schema\/logo\/image\/\",\"url\":\"https:\/\/sudoesteacontece.com.br\/wp-content\/uploads\/2025\/12\/cropped-logo-2-180x180-1.png\",\"contentUrl\":\"https:\/\/sudoesteacontece.com.br\/wp-content\/uploads\/2025\/12\/cropped-logo-2-180x180-1.png\",\"width\":180,\"height\":180,\"caption\":\"Sudoesteacontece\"},\"image\":{\"@id\":\"https:\/\/sudoesteacontece.com.br\/#\/schema\/logo\/image\/\"},\"sameAs\":[\"https:\/\/www.facebook.com\/sudoesteacontece\/?locale=pt_BR\"]},{\"@type\":\"Person\",\"@id\":\"https:\/\/sudoesteacontece.com.br\/#\/schema\/person\/3cf2cf009926a9683ebc29d5379fa79c\",\"name\":\"Washington Tiago\",\"image\":{\"@type\":\"ImageObject\",\"inLanguage\":\"pt-BR\",\"@id\":\"https:\/\/sudoesteacontece.com.br\/#\/schema\/person\/image\/\",\"url\":\"https:\/\/secure.gravatar.com\/avatar\/33c43b8668157e040f9d1fe93c354bf087cbd8ba36270c1163198bd3ddcf2a56?s=96&d=mm&r=g\",\"contentUrl\":\"https:\/\/secure.gravatar.com\/avatar\/33c43b8668157e040f9d1fe93c354bf087cbd8ba36270c1163198bd3ddcf2a56?s=96&d=mm&r=g\",\"caption\":\"Washington Tiago\"},\"url\":\"https:\/\/sudoesteacontece.com.br\/?author=2\"}]}<\/script>\n<!-- \/ Yoast SEO plugin. -->","yoast_head_json":{"title":"Caetit\u00e9 discute impactos e benef\u00edcios de futura usina solar - Sudoesteacontece","robots":{"index":"index","follow":"follow","max-snippet":"max-snippet:-1","max-image-preview":"max-image-preview:large","max-video-preview":"max-video-preview:-1"},"canonical":"http:\/\/sudoesteacontece.com.br\/?p=2747","og_locale":"pt_BR","og_type":"article","og_title":"Caetit\u00e9 discute impactos e benef\u00edcios de futura usina solar - Sudoesteacontece","og_description":"Comunidade de Caetit\u00e9 acompanhou, nesta ter\u00e7a (11), uma reuni\u00e3o p\u00fablica sobre o projeto da Usina Fotovoltaica Tanque Novo Associado. Encontro ocorreu na Escola Municipal ACM, no Distrito de Caldeiras, e reuniu moradores, representantes do empreendimento e autoridades locais. Apresenta\u00e7\u00e3o do Estudo de M\u00e9dio Impacto (EMI) marcou a reuni\u00e3o. T\u00e9cnicos detalharam funcionamento da usina, impactos ambientais, medidas de mitiga\u00e7\u00e3o e benef\u00edcios esperados, buscando esclarecer d\u00favidas da popula\u00e7\u00e3o sobre as opera\u00e7\u00f5es. Moradores ouviram proje\u00e7\u00f5es que indicam gera\u00e7\u00e3o de empregos, fortalecimento da matriz energ\u00e9tica renov\u00e1vel e est\u00edmulo ao desenvolvimento econ\u00f4mico. Representantes do empreendimento afirmaram que a implanta\u00e7\u00e3o seguir\u00e1 etapas planejadas e monitoradas. Participa\u00e7\u00e3o pol\u00edtica foi destaque. Vice-prefeito Walmique Trindade acompanhou as explana\u00e7\u00f5es ao lado dos vereadores Naldinho da Ra\u00e7\u00e3o, Gustavo Fran\u00e7a e J\u00falio C\u00e9sar. Eles defenderam transpar\u00eancia, di\u00e1logo e participa\u00e7\u00e3o social em projetos de grande impacto. Caetit\u00e9 se consolida como polo de energias renov\u00e1veis. Cidade j\u00e1 abriga parques e\u00f3licos e amplia presen\u00e7a no setor com a futura usina fotovoltaica, considerada mais um passo no avan\u00e7o da produ\u00e7\u00e3o limpa e sustent\u00e1vel na regi\u00e3o.","og_url":"http:\/\/sudoesteacontece.com.br\/?p=2747","og_site_name":"Sudoesteacontece","article_publisher":"https:\/\/www.facebook.com\/sudoesteacontece\/?locale=pt_BR","article_published_time":"2025-11-16T13:07:57+00:00","article_modified_time":"2025-11-16T13:07:59+00:00","og_image":[{"width":900,"height":600,"url":"http:\/\/sudoesteacontece.com.br\/wp-content\/uploads\/2025\/11\/Caetite-discute-impactos-e-beneficios-de-futura-usina-solar-sudoeste-acontece.jpg","type":"image\/jpeg"}],"author":"Washington Tiago","twitter_card":"summary_large_image","twitter_misc":{"Escrito por":"Washington Tiago","Est. tempo de leitura":"1 minuto"},"schema":{"@context":"https:\/\/schema.org","@graph":[{"@type":"Article","@id":"http:\/\/sudoesteacontece.com.br\/?p=2747#article","isPartOf":{"@id":"http:\/\/sudoesteacontece.com.br\/?p=2747"},"author":{"name":"Washington Tiago","@id":"https:\/\/sudoesteacontece.com.br\/#\/schema\/person\/3cf2cf009926a9683ebc29d5379fa79c"},"headline":"Caetit\u00e9 discute impactos e benef\u00edcios de futura usina solar","datePublished":"2025-11-16T13:07:57+00:00","dateModified":"2025-11-16T13:07:59+00:00","mainEntityOfPage":{"@id":"http:\/\/sudoesteacontece.com.br\/?p=2747"},"wordCount":214,"commentCount":0,"publisher":{"@id":"https:\/\/sudoesteacontece.com.br\/#organization"},"image":{"@id":"http:\/\/sudoesteacontece.com.br\/?p=2747#primaryimage"},"thumbnailUrl":"https:\/\/sudoesteacontece.com.br\/wp-content\/uploads\/2025\/11\/Caetite-discute-impactos-e-beneficios-de-futura-usina-solar-sudoeste-acontece.jpg","articleSection":["Caetit\u00e9","Cidades","Economia","Pol\u00edtica"],"inLanguage":"pt-BR","potentialAction":[{"@type":"CommentAction","name":"Comment","target":["http:\/\/sudoesteacontece.com.br\/?p=2747#respond"]}]},{"@type":"WebPage","@id":"http:\/\/sudoesteacontece.com.br\/?p=2747","url":"http:\/\/sudoesteacontece.com.br\/?p=2747","name":"Caetit\u00e9 discute impactos e benef\u00edcios de futura usina solar - Sudoesteacontece","isPartOf":{"@id":"https:\/\/sudoesteacontece.com.br\/#website"},"primaryImageOfPage":{"@id":"http:\/\/sudoesteacontece.com.br\/?p=2747#primaryimage"},"image":{"@id":"http:\/\/sudoesteacontece.com.br\/?p=2747#primaryimage"},"thumbnailUrl":"https:\/\/sudoesteacontece.com.br\/wp-content\/uploads\/2025\/11\/Caetite-discute-impactos-e-beneficios-de-futura-usina-solar-sudoeste-acontece.jpg","datePublished":"2025-11-16T13:07:57+00:00","dateModified":"2025-11-16T13:07:59+00:00","breadcrumb":{"@id":"http:\/\/sudoesteacontece.com.br\/?p=2747#breadcrumb"},"inLanguage":"pt-BR","potentialAction":[{"@type":"ReadAction","target":["http:\/\/sudoesteacontece.com.br\/?p=2747"]}]},{"@type":"ImageObject","inLanguage":"pt-BR","@id":"http:\/\/sudoesteacontece.com.br\/?p=2747#primaryimage","url":"https:\/\/sudoesteacontece.com.br\/wp-content\/uploads\/2025\/11\/Caetite-discute-impactos-e-beneficios-de-futura-usina-solar-sudoeste-acontece.jpg","contentUrl":"https:\/\/sudoesteacontece.com.br\/wp-content\/uploads\/2025\/11\/Caetite-discute-impactos-e-beneficios-de-futura-usina-solar-sudoeste-acontece.jpg","width":900,"height":600},{"@type":"BreadcrumbList","@id":"http:\/\/sudoesteacontece.com.br\/?p=2747#breadcrumb","itemListElement":[{"@type":"ListItem","position":1,"name":"In\u00edcio","item":"https:\/\/sudoesteacontece.com.br\/"},{"@type":"ListItem","position":2,"name":"Caetit\u00e9 discute impactos e benef\u00edcios de futura usina solar"}]},{"@type":"WebSite","@id":"https:\/\/sudoesteacontece.com.br\/#website","url":"https:\/\/sudoesteacontece.com.br\/","name":"Sudoesteacontece","description":"","publisher":{"@id":"https:\/\/sudoesteacontece.com.br\/#organization"},"potentialAction":[{"@type":"SearchAction","target":{"@type":"EntryPoint","urlTemplate":"https:\/\/sudoesteacontece.com.br\/?s={search_term_string}"},"query-input":{"@type":"PropertyValueSpecification","valueRequired":true,"valueName":"search_term_string"}}],"inLanguage":"pt-BR"},{"@type":"Organization","@id":"https:\/\/sudoesteacontece.com.br\/#organization","name":"Sudoesteacontece","url":"https:\/\/sudoesteacontece.com.br\/","logo":{"@type":"ImageObject","inLanguage":"pt-BR","@id":"https:\/\/sudoesteacontece.com.br\/#\/schema\/logo\/image\/","url":"https:\/\/sudoesteacontece.com.br\/wp-content\/uploads\/2025\/12\/cropped-logo-2-180x180-1.png","contentUrl":"https:\/\/sudoesteacontece.com.br\/wp-content\/uploads\/2025\/12\/cropped-logo-2-180x180-1.png","width":180,"height":180,"caption":"Sudoesteacontece"},"image":{"@id":"https:\/\/sudoesteacontece.com.br\/#\/schema\/logo\/image\/"},"sameAs":["https:\/\/www.facebook.com\/sudoesteacontece\/?locale=pt_BR"]},{"@type":"Person","@id":"https:\/\/sudoesteacontece.com.br\/#\/schema\/person\/3cf2cf009926a9683ebc29d5379fa79c","name":"Washington Tiago","image":{"@type":"ImageObject","inLanguage":"pt-BR","@id":"https:\/\/sudoesteacontece.com.br\/#\/schema\/person\/image\/","url":"https:\/\/secure.gravatar.com\/avatar\/33c43b8668157e040f9d1fe93c354bf087cbd8ba36270c1163198bd3ddcf2a56?s=96&d=mm&r=g","contentUrl":"https:\/\/secure.gravatar.com\/avatar\/33c43b8668157e040f9d1fe93c354bf087cbd8ba36270c1163198bd3ddcf2a56?s=96&d=mm&r=g","caption":"Washington Tiago"},"url":"https:\/\/sudoesteacontece.com.br\/?author=2"}]}},"_links":{"self":[{"href":"https:\/\/sudoesteacontece.com.br\/index.php?rest_route=\/wp\/v2\/posts\/2747","targetHints":{"allow":["GET"]}}],"collection":[{"href":"https:\/\/sudoesteacontece.com.br\/index.php?rest_route=\/wp\/v2\/posts"}],"about":[{"href":"https:\/\/sudoesteacontece.com.br\/index.php?rest_route=\/wp\/v2\/types\/post"}],"author":[{"embeddable":true,"href":"https:\/\/sudoesteacontece.com.br\/index.php?rest_route=\/wp\/v2\/users\/2"}],"replies":[{"embeddable":true,"href":"https:\/\/sudoesteacontece.com.br\/index.php?rest_route=%2Fwp%2Fv2%2Fcomments&post=2747"}],"version-history":[{"count":0,"href":"https:\/\/sudoesteacontece.com.br\/index.php?rest_route=\/wp\/v2\/posts\/2747\/revisions"}],"wp:featuredmedia":[{"embeddable":true,"href":"https:\/\/sudoesteacontece.com.br\/index.php?rest_route=\/wp\/v2\/media\/2762"}],"wp:attachment":[{"href":"https:\/\/sudoesteacontece.com.br\/index.php?rest_route=%2Fwp%2Fv2%2Fmedia&parent=2747"}],"wp:term":[{"taxonomy":"category","embeddable":true,"href":"https:\/\/sudoesteacontece.com.br\/index.php?rest_route=%2Fwp%2Fv2%2Fcategories&post=2747"},{"taxonomy":"post_tag","embeddable":true,"href":"https:\/\/sudoesteacontece.com.br\/index.php?rest_route=%2Fwp%2Fv2%2Ftags&post=2747"}],"curies":[{"name":"wp","href":"https:\/\/api.w.org\/{rel}","templated":true}]}}