{"id":2778,"date":"2025-11-16T17:13:01","date_gmt":"2025-11-16T20:13:01","guid":{"rendered":"https:\/\/sudoesteacontece.com.br\/?p=2778"},"modified":"2025-11-16T17:13:06","modified_gmt":"2025-11-16T20:13:06","slug":"colisao-grave-entre-caminhao-e-carro-deixa-tres-feridos-na-br-030-em-palmas-de-monte-alto","status":"publish","type":"post","link":"https:\/\/sudoesteacontece.com.br\/?p=2778","title":{"rendered":"Colis\u00e3o grave entre caminh\u00e3o e carro deixa tr\u00eas feridos na BR-030, em Palmas de Monte Alto"},"content":{"rendered":"<div class=\"wp-block-image\">\n<figure class=\"aligncenter size-full\"><img fetchpriority=\"high\" decoding=\"async\" width=\"900\" height=\"600\" src=\"http:\/\/sudoesteacontece.com.br\/wp-content\/uploads\/2025\/11\/Colisao-grave-entre-caminhao-e-carro-deixa-tres-feridos-na-BR-030-em-Palmas-de-Monte-Alto-sudoeste-acontece.jpg\" alt=\"\" class=\"wp-image-2781\" srcset=\"https:\/\/sudoesteacontece.com.br\/wp-content\/uploads\/2025\/11\/Colisao-grave-entre-caminhao-e-carro-deixa-tres-feridos-na-BR-030-em-Palmas-de-Monte-Alto-sudoeste-acontece.jpg 900w, https:\/\/sudoesteacontece.com.br\/wp-content\/uploads\/2025\/11\/Colisao-grave-entre-caminhao-e-carro-deixa-tres-feridos-na-BR-030-em-Palmas-de-Monte-Alto-sudoeste-acontece-300x200.jpg 300w, https:\/\/sudoesteacontece.com.br\/wp-content\/uploads\/2025\/11\/Colisao-grave-entre-caminhao-e-carro-deixa-tres-feridos-na-BR-030-em-Palmas-de-Monte-Alto-sudoeste-acontece-768x512.jpg 768w\" sizes=\"(max-width: 900px) 100vw, 900px\" \/><\/figure>\n<\/div>\n\n\n<p>Acidente ocorrido na noite de s\u00e1bado (15) deixou tr\u00eas pessoas feridas na BR-030, em Palmas de Monte Alto. Batida envolveu um Fiat Uno Mille Fire e um caminh\u00e3o prancha VW\/8, pr\u00f3ximos ao distrito de Pinga Fogo, por volta das 22h15.<\/p>\n\n\n\n<p>Testemunhas relataram que os ve\u00edculos colidiram lateralmente enquanto trafegavam pela faixa central. Pol\u00edcia Militar informou que o condutor do Uno, de 61 anos, seguia para Guanambi acompanhado da esposa, de 46 anos.<\/p>\n\n\n\n<p>Mulher apresentou escoria\u00e7\u00f5es e suspeita de fratura no bra\u00e7o direito. Motorista tamb\u00e9m sofreu escoria\u00e7\u00f5es e poss\u00edvel fratura no tornozelo esquerdo, aumentando a gravidade da ocorr\u00eancia. Caminh\u00e3o envolvido seguia para Carinhanha.<\/p>\n\n\n\n<p>Condutor, de 35 anos, estava com a esposa, de 28 anos, gr\u00e1vida de seis meses. Ela teve escoria\u00e7\u00e3o no joelho, enquanto ele relatou dores na regi\u00e3o tor\u00e1cica e ferimentos leves. Danos nos ve\u00edculos impediram remo\u00e7\u00e3o imediata. Equipes deixaram os autom\u00f3veis sob responsabilidade dos propriet\u00e1rios, at\u00e9 que possam ser retirados em seguran\u00e7a do local da colis\u00e3o.<\/p>\n\n\n\n<p>Pol\u00edcia orientou motoristas e passageiros a registrarem o caso na delegacia de Pol\u00edcia Civil da cidade. Procedimento \u00e9 necess\u00e1rio para apura\u00e7\u00e3o das causas e provid\u00eancias legais ap\u00f3s o acidente na rodovia.<\/p>\n","protected":false},"excerpt":{"rendered":"<p>Acidente ocorrido na noite de s\u00e1bado (15) deixou tr\u00eas pessoas feridas na BR-030, em Palmas de Monte Alto. Batida envolveu um Fiat Uno Mille Fire e um caminh\u00e3o prancha VW\/8, pr\u00f3ximos ao distrito de Pinga Fogo, por volta das 22h15. Testemunhas relataram que os ve\u00edculos colidiram lateralmente enquanto trafegavam pela faixa central. Pol\u00edcia Militar informou que o condutor do Uno, de 61 anos, seguia para Guanambi acompanhado da esposa, de 46 anos. Mulher apresentou escoria\u00e7\u00f5es e suspeita de fratura no bra\u00e7o direito. Motorista tamb\u00e9m sofreu escoria\u00e7\u00f5es e poss\u00edvel fratura no tornozelo esquerdo, aumentando a gravidade da ocorr\u00eancia. Caminh\u00e3o envolvido seguia para Carinhanha. Condutor, de 35 anos, estava com a esposa, de 28 anos, gr\u00e1vida de seis meses. Ela teve escoria\u00e7\u00e3o no joelho, enquanto ele relatou dores na regi\u00e3o tor\u00e1cica e ferimentos leves. Danos nos ve\u00edculos impediram remo\u00e7\u00e3o imediata. Equipes deixaram os autom\u00f3veis sob responsabilidade dos propriet\u00e1rios, at\u00e9 que possam ser retirados em seguran\u00e7a do local da colis\u00e3o. Pol\u00edcia orientou motoristas e passageiros a registrarem o caso na delegacia de Pol\u00edcia Civil da cidade. Procedimento \u00e9 necess\u00e1rio para apura\u00e7\u00e3o das causas e provid\u00eancias legais ap\u00f3s o acidente na rodovia.<\/p>\n","protected":false},"author":2,"featured_media":2781,"comment_status":"open","ping_status":"open","sticky":false,"template":"","format":"standard","meta":{"footnotes":""},"categories":[5,4,48],"tags":[],"class_list":["post-2778","post","type-post","status-publish","format-standard","has-post-thumbnail","hentry","category-acidente","category-cidades","category-palmas-de-monte-alto"],"yoast_head":"<!-- This site is optimized with the Yoast SEO plugin v26.5 - https:\/\/yoast.com\/wordpress\/plugins\/seo\/ -->\n<title>Colis\u00e3o grave entre caminh\u00e3o e carro deixa tr\u00eas feridos na BR-030, em Palmas de Monte Alto - Sudoesteacontece<\/title>\n<meta name=\"robots\" content=\"index, follow, max-snippet:-1, max-image-preview:large, max-video-preview:-1\" \/>\n<link rel=\"canonical\" href=\"https:\/\/sudoesteacontece.com.br\/?p=2778\" \/>\n<meta property=\"og:locale\" content=\"pt_BR\" \/>\n<meta property=\"og:type\" content=\"article\" \/>\n<meta property=\"og:title\" content=\"Colis\u00e3o grave entre caminh\u00e3o e carro deixa tr\u00eas feridos na BR-030, em Palmas de Monte Alto - Sudoesteacontece\" \/>\n<meta property=\"og:description\" content=\"Acidente ocorrido na noite de s\u00e1bado (15) deixou tr\u00eas pessoas feridas na BR-030, em Palmas de Monte Alto. Batida envolveu um Fiat Uno Mille Fire e um caminh\u00e3o prancha VW\/8, pr\u00f3ximos ao distrito de Pinga Fogo, por volta das 22h15. Testemunhas relataram que os ve\u00edculos colidiram lateralmente enquanto trafegavam pela faixa central. Pol\u00edcia Militar informou que o condutor do Uno, de 61 anos, seguia para Guanambi acompanhado da esposa, de 46 anos. Mulher apresentou escoria\u00e7\u00f5es e suspeita de fratura no bra\u00e7o direito. Motorista tamb\u00e9m sofreu escoria\u00e7\u00f5es e poss\u00edvel fratura no tornozelo esquerdo, aumentando a gravidade da ocorr\u00eancia. Caminh\u00e3o envolvido seguia para Carinhanha. Condutor, de 35 anos, estava com a esposa, de 28 anos, gr\u00e1vida de seis meses. Ela teve escoria\u00e7\u00e3o no joelho, enquanto ele relatou dores na regi\u00e3o tor\u00e1cica e ferimentos leves. Danos nos ve\u00edculos impediram remo\u00e7\u00e3o imediata. Equipes deixaram os autom\u00f3veis sob responsabilidade dos propriet\u00e1rios, at\u00e9 que possam ser retirados em seguran\u00e7a do local da colis\u00e3o. Pol\u00edcia orientou motoristas e passageiros a registrarem o caso na delegacia de Pol\u00edcia Civil da cidade. Procedimento \u00e9 necess\u00e1rio para apura\u00e7\u00e3o das causas e provid\u00eancias legais ap\u00f3s o acidente na rodovia.\" \/>\n<meta property=\"og:url\" content=\"https:\/\/sudoesteacontece.com.br\/?p=2778\" \/>\n<meta property=\"og:site_name\" content=\"Sudoesteacontece\" \/>\n<meta property=\"article:publisher\" content=\"https:\/\/www.facebook.com\/sudoesteacontece\/?locale=pt_BR\" \/>\n<meta property=\"article:published_time\" content=\"2025-11-16T20:13:01+00:00\" \/>\n<meta property=\"article:modified_time\" content=\"2025-11-16T20:13:06+00:00\" \/>\n<meta property=\"og:image\" content=\"https:\/\/sudoesteacontece.com.br\/wp-content\/uploads\/2025\/11\/Colisao-grave-entre-caminhao-e-carro-deixa-tres-feridos-na-BR-030-em-Palmas-de-Monte-Alto-sudoeste-acontece.jpg\" \/>\n\t<meta property=\"og:image:width\" content=\"900\" \/>\n\t<meta property=\"og:image:height\" content=\"600\" \/>\n\t<meta property=\"og:image:type\" content=\"image\/jpeg\" \/>\n<meta name=\"author\" content=\"Washington Tiago\" \/>\n<meta name=\"twitter:card\" content=\"summary_large_image\" \/>\n<meta name=\"twitter:label1\" content=\"Escrito por\" \/>\n\t<meta name=\"twitter:data1\" content=\"Washington Tiago\" \/>\n\t<meta name=\"twitter:label2\" content=\"Est. tempo de leitura\" \/>\n\t<meta name=\"twitter:data2\" content=\"1 minuto\" \/>\n<script type=\"application\/ld+json\" class=\"yoast-schema-graph\">{\"@context\":\"https:\/\/schema.org\",\"@graph\":[{\"@type\":\"Article\",\"@id\":\"https:\/\/sudoesteacontece.com.br\/?p=2778#article\",\"isPartOf\":{\"@id\":\"https:\/\/sudoesteacontece.com.br\/?p=2778\"},\"author\":{\"name\":\"Washington Tiago\",\"@id\":\"https:\/\/sudoesteacontece.com.br\/#\/schema\/person\/3cf2cf009926a9683ebc29d5379fa79c\"},\"headline\":\"Colis\u00e3o grave entre caminh\u00e3o e carro deixa tr\u00eas feridos na BR-030, em Palmas de Monte Alto\",\"datePublished\":\"2025-11-16T20:13:01+00:00\",\"dateModified\":\"2025-11-16T20:13:06+00:00\",\"mainEntityOfPage\":{\"@id\":\"https:\/\/sudoesteacontece.com.br\/?p=2778\"},\"wordCount\":230,\"commentCount\":0,\"publisher\":{\"@id\":\"https:\/\/sudoesteacontece.com.br\/#organization\"},\"image\":{\"@id\":\"https:\/\/sudoesteacontece.com.br\/?p=2778#primaryimage\"},\"thumbnailUrl\":\"https:\/\/sudoesteacontece.com.br\/wp-content\/uploads\/2025\/11\/Colisao-grave-entre-caminhao-e-carro-deixa-tres-feridos-na-BR-030-em-Palmas-de-Monte-Alto-sudoeste-acontece.jpg\",\"articleSection\":[\"Acidente\",\"Cidades\",\"Palmas de Monte Alto\"],\"inLanguage\":\"pt-BR\",\"potentialAction\":[{\"@type\":\"CommentAction\",\"name\":\"Comment\",\"target\":[\"https:\/\/sudoesteacontece.com.br\/?p=2778#respond\"]}]},{\"@type\":\"WebPage\",\"@id\":\"https:\/\/sudoesteacontece.com.br\/?p=2778\",\"url\":\"https:\/\/sudoesteacontece.com.br\/?p=2778\",\"name\":\"Colis\u00e3o grave entre caminh\u00e3o e carro deixa tr\u00eas feridos na BR-030, em Palmas de Monte Alto - Sudoesteacontece\",\"isPartOf\":{\"@id\":\"https:\/\/sudoesteacontece.com.br\/#website\"},\"primaryImageOfPage\":{\"@id\":\"https:\/\/sudoesteacontece.com.br\/?p=2778#primaryimage\"},\"image\":{\"@id\":\"https:\/\/sudoesteacontece.com.br\/?p=2778#primaryimage\"},\"thumbnailUrl\":\"https:\/\/sudoesteacontece.com.br\/wp-content\/uploads\/2025\/11\/Colisao-grave-entre-caminhao-e-carro-deixa-tres-feridos-na-BR-030-em-Palmas-de-Monte-Alto-sudoeste-acontece.jpg\",\"datePublished\":\"2025-11-16T20:13:01+00:00\",\"dateModified\":\"2025-11-16T20:13:06+00:00\",\"breadcrumb\":{\"@id\":\"https:\/\/sudoesteacontece.com.br\/?p=2778#breadcrumb\"},\"inLanguage\":\"pt-BR\",\"potentialAction\":[{\"@type\":\"ReadAction\",\"target\":[\"https:\/\/sudoesteacontece.com.br\/?p=2778\"]}]},{\"@type\":\"ImageObject\",\"inLanguage\":\"pt-BR\",\"@id\":\"https:\/\/sudoesteacontece.com.br\/?p=2778#primaryimage\",\"url\":\"https:\/\/sudoesteacontece.com.br\/wp-content\/uploads\/2025\/11\/Colisao-grave-entre-caminhao-e-carro-deixa-tres-feridos-na-BR-030-em-Palmas-de-Monte-Alto-sudoeste-acontece.jpg\",\"contentUrl\":\"https:\/\/sudoesteacontece.com.br\/wp-content\/uploads\/2025\/11\/Colisao-grave-entre-caminhao-e-carro-deixa-tres-feridos-na-BR-030-em-Palmas-de-Monte-Alto-sudoeste-acontece.jpg\",\"width\":900,\"height\":600},{\"@type\":\"BreadcrumbList\",\"@id\":\"https:\/\/sudoesteacontece.com.br\/?p=2778#breadcrumb\",\"itemListElement\":[{\"@type\":\"ListItem\",\"position\":1,\"name\":\"In\u00edcio\",\"item\":\"https:\/\/sudoesteacontece.com.br\/\"},{\"@type\":\"ListItem\",\"position\":2,\"name\":\"Colis\u00e3o grave entre caminh\u00e3o e carro deixa tr\u00eas feridos na BR-030, em Palmas de Monte Alto\"}]},{\"@type\":\"WebSite\",\"@id\":\"https:\/\/sudoesteacontece.com.br\/#website\",\"url\":\"https:\/\/sudoesteacontece.com.br\/\",\"name\":\"Sudoesteacontece\",\"description\":\"\",\"publisher\":{\"@id\":\"https:\/\/sudoesteacontece.com.br\/#organization\"},\"potentialAction\":[{\"@type\":\"SearchAction\",\"target\":{\"@type\":\"EntryPoint\",\"urlTemplate\":\"https:\/\/sudoesteacontece.com.br\/?s={search_term_string}\"},\"query-input\":{\"@type\":\"PropertyValueSpecification\",\"valueRequired\":true,\"valueName\":\"search_term_string\"}}],\"inLanguage\":\"pt-BR\"},{\"@type\":\"Organization\",\"@id\":\"https:\/\/sudoesteacontece.com.br\/#organization\",\"name\":\"Sudoesteacontece\",\"url\":\"https:\/\/sudoesteacontece.com.br\/\",\"logo\":{\"@type\":\"ImageObject\",\"inLanguage\":\"pt-BR\",\"@id\":\"https:\/\/sudoesteacontece.com.br\/#\/schema\/logo\/image\/\",\"url\":\"https:\/\/sudoesteacontece.com.br\/wp-content\/uploads\/2025\/12\/cropped-logo-2-180x180-1.png\",\"contentUrl\":\"https:\/\/sudoesteacontece.com.br\/wp-content\/uploads\/2025\/12\/cropped-logo-2-180x180-1.png\",\"width\":180,\"height\":180,\"caption\":\"Sudoesteacontece\"},\"image\":{\"@id\":\"https:\/\/sudoesteacontece.com.br\/#\/schema\/logo\/image\/\"},\"sameAs\":[\"https:\/\/www.facebook.com\/sudoesteacontece\/?locale=pt_BR\"]},{\"@type\":\"Person\",\"@id\":\"https:\/\/sudoesteacontece.com.br\/#\/schema\/person\/3cf2cf009926a9683ebc29d5379fa79c\",\"name\":\"Washington Tiago\",\"image\":{\"@type\":\"ImageObject\",\"inLanguage\":\"pt-BR\",\"@id\":\"https:\/\/sudoesteacontece.com.br\/#\/schema\/person\/image\/\",\"url\":\"https:\/\/secure.gravatar.com\/avatar\/33c43b8668157e040f9d1fe93c354bf087cbd8ba36270c1163198bd3ddcf2a56?s=96&d=mm&r=g\",\"contentUrl\":\"https:\/\/secure.gravatar.com\/avatar\/33c43b8668157e040f9d1fe93c354bf087cbd8ba36270c1163198bd3ddcf2a56?s=96&d=mm&r=g\",\"caption\":\"Washington Tiago\"},\"url\":\"https:\/\/sudoesteacontece.com.br\/?author=2\"}]}<\/script>\n<!-- \/ Yoast SEO plugin. -->","yoast_head_json":{"title":"Colis\u00e3o grave entre caminh\u00e3o e carro deixa tr\u00eas feridos na BR-030, em Palmas de Monte Alto - Sudoesteacontece","robots":{"index":"index","follow":"follow","max-snippet":"max-snippet:-1","max-image-preview":"max-image-preview:large","max-video-preview":"max-video-preview:-1"},"canonical":"https:\/\/sudoesteacontece.com.br\/?p=2778","og_locale":"pt_BR","og_type":"article","og_title":"Colis\u00e3o grave entre caminh\u00e3o e carro deixa tr\u00eas feridos na BR-030, em Palmas de Monte Alto - Sudoesteacontece","og_description":"Acidente ocorrido na noite de s\u00e1bado (15) deixou tr\u00eas pessoas feridas na BR-030, em Palmas de Monte Alto. Batida envolveu um Fiat Uno Mille Fire e um caminh\u00e3o prancha VW\/8, pr\u00f3ximos ao distrito de Pinga Fogo, por volta das 22h15. Testemunhas relataram que os ve\u00edculos colidiram lateralmente enquanto trafegavam pela faixa central. Pol\u00edcia Militar informou que o condutor do Uno, de 61 anos, seguia para Guanambi acompanhado da esposa, de 46 anos. Mulher apresentou escoria\u00e7\u00f5es e suspeita de fratura no bra\u00e7o direito. Motorista tamb\u00e9m sofreu escoria\u00e7\u00f5es e poss\u00edvel fratura no tornozelo esquerdo, aumentando a gravidade da ocorr\u00eancia. Caminh\u00e3o envolvido seguia para Carinhanha. Condutor, de 35 anos, estava com a esposa, de 28 anos, gr\u00e1vida de seis meses. Ela teve escoria\u00e7\u00e3o no joelho, enquanto ele relatou dores na regi\u00e3o tor\u00e1cica e ferimentos leves. Danos nos ve\u00edculos impediram remo\u00e7\u00e3o imediata. Equipes deixaram os autom\u00f3veis sob responsabilidade dos propriet\u00e1rios, at\u00e9 que possam ser retirados em seguran\u00e7a do local da colis\u00e3o. Pol\u00edcia orientou motoristas e passageiros a registrarem o caso na delegacia de Pol\u00edcia Civil da cidade. Procedimento \u00e9 necess\u00e1rio para apura\u00e7\u00e3o das causas e provid\u00eancias legais ap\u00f3s o acidente na rodovia.","og_url":"https:\/\/sudoesteacontece.com.br\/?p=2778","og_site_name":"Sudoesteacontece","article_publisher":"https:\/\/www.facebook.com\/sudoesteacontece\/?locale=pt_BR","article_published_time":"2025-11-16T20:13:01+00:00","article_modified_time":"2025-11-16T20:13:06+00:00","og_image":[{"width":900,"height":600,"url":"https:\/\/sudoesteacontece.com.br\/wp-content\/uploads\/2025\/11\/Colisao-grave-entre-caminhao-e-carro-deixa-tres-feridos-na-BR-030-em-Palmas-de-Monte-Alto-sudoeste-acontece.jpg","type":"image\/jpeg"}],"author":"Washington Tiago","twitter_card":"summary_large_image","twitter_misc":{"Escrito por":"Washington Tiago","Est. tempo de leitura":"1 minuto"},"schema":{"@context":"https:\/\/schema.org","@graph":[{"@type":"Article","@id":"https:\/\/sudoesteacontece.com.br\/?p=2778#article","isPartOf":{"@id":"https:\/\/sudoesteacontece.com.br\/?p=2778"},"author":{"name":"Washington Tiago","@id":"https:\/\/sudoesteacontece.com.br\/#\/schema\/person\/3cf2cf009926a9683ebc29d5379fa79c"},"headline":"Colis\u00e3o grave entre caminh\u00e3o e carro deixa tr\u00eas feridos na BR-030, em Palmas de Monte Alto","datePublished":"2025-11-16T20:13:01+00:00","dateModified":"2025-11-16T20:13:06+00:00","mainEntityOfPage":{"@id":"https:\/\/sudoesteacontece.com.br\/?p=2778"},"wordCount":230,"commentCount":0,"publisher":{"@id":"https:\/\/sudoesteacontece.com.br\/#organization"},"image":{"@id":"https:\/\/sudoesteacontece.com.br\/?p=2778#primaryimage"},"thumbnailUrl":"https:\/\/sudoesteacontece.com.br\/wp-content\/uploads\/2025\/11\/Colisao-grave-entre-caminhao-e-carro-deixa-tres-feridos-na-BR-030-em-Palmas-de-Monte-Alto-sudoeste-acontece.jpg","articleSection":["Acidente","Cidades","Palmas de Monte Alto"],"inLanguage":"pt-BR","potentialAction":[{"@type":"CommentAction","name":"Comment","target":["https:\/\/sudoesteacontece.com.br\/?p=2778#respond"]}]},{"@type":"WebPage","@id":"https:\/\/sudoesteacontece.com.br\/?p=2778","url":"https:\/\/sudoesteacontece.com.br\/?p=2778","name":"Colis\u00e3o grave entre caminh\u00e3o e carro deixa tr\u00eas feridos na BR-030, em Palmas de Monte Alto - Sudoesteacontece","isPartOf":{"@id":"https:\/\/sudoesteacontece.com.br\/#website"},"primaryImageOfPage":{"@id":"https:\/\/sudoesteacontece.com.br\/?p=2778#primaryimage"},"image":{"@id":"https:\/\/sudoesteacontece.com.br\/?p=2778#primaryimage"},"thumbnailUrl":"https:\/\/sudoesteacontece.com.br\/wp-content\/uploads\/2025\/11\/Colisao-grave-entre-caminhao-e-carro-deixa-tres-feridos-na-BR-030-em-Palmas-de-Monte-Alto-sudoeste-acontece.jpg","datePublished":"2025-11-16T20:13:01+00:00","dateModified":"2025-11-16T20:13:06+00:00","breadcrumb":{"@id":"https:\/\/sudoesteacontece.com.br\/?p=2778#breadcrumb"},"inLanguage":"pt-BR","potentialAction":[{"@type":"ReadAction","target":["https:\/\/sudoesteacontece.com.br\/?p=2778"]}]},{"@type":"ImageObject","inLanguage":"pt-BR","@id":"https:\/\/sudoesteacontece.com.br\/?p=2778#primaryimage","url":"https:\/\/sudoesteacontece.com.br\/wp-content\/uploads\/2025\/11\/Colisao-grave-entre-caminhao-e-carro-deixa-tres-feridos-na-BR-030-em-Palmas-de-Monte-Alto-sudoeste-acontece.jpg","contentUrl":"https:\/\/sudoesteacontece.com.br\/wp-content\/uploads\/2025\/11\/Colisao-grave-entre-caminhao-e-carro-deixa-tres-feridos-na-BR-030-em-Palmas-de-Monte-Alto-sudoeste-acontece.jpg","width":900,"height":600},{"@type":"BreadcrumbList","@id":"https:\/\/sudoesteacontece.com.br\/?p=2778#breadcrumb","itemListElement":[{"@type":"ListItem","position":1,"name":"In\u00edcio","item":"https:\/\/sudoesteacontece.com.br\/"},{"@type":"ListItem","position":2,"name":"Colis\u00e3o grave entre caminh\u00e3o e carro deixa tr\u00eas feridos na BR-030, em Palmas de Monte Alto"}]},{"@type":"WebSite","@id":"https:\/\/sudoesteacontece.com.br\/#website","url":"https:\/\/sudoesteacontece.com.br\/","name":"Sudoesteacontece","description":"","publisher":{"@id":"https:\/\/sudoesteacontece.com.br\/#organization"},"potentialAction":[{"@type":"SearchAction","target":{"@type":"EntryPoint","urlTemplate":"https:\/\/sudoesteacontece.com.br\/?s={search_term_string}"},"query-input":{"@type":"PropertyValueSpecification","valueRequired":true,"valueName":"search_term_string"}}],"inLanguage":"pt-BR"},{"@type":"Organization","@id":"https:\/\/sudoesteacontece.com.br\/#organization","name":"Sudoesteacontece","url":"https:\/\/sudoesteacontece.com.br\/","logo":{"@type":"ImageObject","inLanguage":"pt-BR","@id":"https:\/\/sudoesteacontece.com.br\/#\/schema\/logo\/image\/","url":"https:\/\/sudoesteacontece.com.br\/wp-content\/uploads\/2025\/12\/cropped-logo-2-180x180-1.png","contentUrl":"https:\/\/sudoesteacontece.com.br\/wp-content\/uploads\/2025\/12\/cropped-logo-2-180x180-1.png","width":180,"height":180,"caption":"Sudoesteacontece"},"image":{"@id":"https:\/\/sudoesteacontece.com.br\/#\/schema\/logo\/image\/"},"sameAs":["https:\/\/www.facebook.com\/sudoesteacontece\/?locale=pt_BR"]},{"@type":"Person","@id":"https:\/\/sudoesteacontece.com.br\/#\/schema\/person\/3cf2cf009926a9683ebc29d5379fa79c","name":"Washington Tiago","image":{"@type":"ImageObject","inLanguage":"pt-BR","@id":"https:\/\/sudoesteacontece.com.br\/#\/schema\/person\/image\/","url":"https:\/\/secure.gravatar.com\/avatar\/33c43b8668157e040f9d1fe93c354bf087cbd8ba36270c1163198bd3ddcf2a56?s=96&d=mm&r=g","contentUrl":"https:\/\/secure.gravatar.com\/avatar\/33c43b8668157e040f9d1fe93c354bf087cbd8ba36270c1163198bd3ddcf2a56?s=96&d=mm&r=g","caption":"Washington Tiago"},"url":"https:\/\/sudoesteacontece.com.br\/?author=2"}]}},"_links":{"self":[{"href":"https:\/\/sudoesteacontece.com.br\/index.php?rest_route=\/wp\/v2\/posts\/2778","targetHints":{"allow":["GET"]}}],"collection":[{"href":"https:\/\/sudoesteacontece.com.br\/index.php?rest_route=\/wp\/v2\/posts"}],"about":[{"href":"https:\/\/sudoesteacontece.com.br\/index.php?rest_route=\/wp\/v2\/types\/post"}],"author":[{"embeddable":true,"href":"https:\/\/sudoesteacontece.com.br\/index.php?rest_route=\/wp\/v2\/users\/2"}],"replies":[{"embeddable":true,"href":"https:\/\/sudoesteacontece.com.br\/index.php?rest_route=%2Fwp%2Fv2%2Fcomments&post=2778"}],"version-history":[{"count":0,"href":"https:\/\/sudoesteacontece.com.br\/index.php?rest_route=\/wp\/v2\/posts\/2778\/revisions"}],"wp:featuredmedia":[{"embeddable":true,"href":"https:\/\/sudoesteacontece.com.br\/index.php?rest_route=\/wp\/v2\/media\/2781"}],"wp:attachment":[{"href":"https:\/\/sudoesteacontece.com.br\/index.php?rest_route=%2Fwp%2Fv2%2Fmedia&parent=2778"}],"wp:term":[{"taxonomy":"category","embeddable":true,"href":"https:\/\/sudoesteacontece.com.br\/index.php?rest_route=%2Fwp%2Fv2%2Fcategories&post=2778"},{"taxonomy":"post_tag","embeddable":true,"href":"https:\/\/sudoesteacontece.com.br\/index.php?rest_route=%2Fwp%2Fv2%2Ftags&post=2778"}],"curies":[{"name":"wp","href":"https:\/\/api.w.org\/{rel}","templated":true}]}}