{"id":2789,"date":"2025-11-16T17:58:18","date_gmt":"2025-11-16T20:58:18","guid":{"rendered":"https:\/\/sudoesteacontece.com.br\/?p=2789"},"modified":"2025-11-16T17:58:20","modified_gmt":"2025-11-16T20:58:20","slug":"crueldade-padre-e-torturado-e-morto-a-golpes-de-martelo","status":"publish","type":"post","link":"https:\/\/sudoesteacontece.com.br\/?p=2789","title":{"rendered":"Crueldade: Padre \u00e9 torturado e morto a golpes de martelo"},"content":{"rendered":"<div class=\"wp-block-image\">\n<figure class=\"aligncenter size-full\"><img fetchpriority=\"high\" decoding=\"async\" width=\"900\" height=\"600\" src=\"http:\/\/sudoesteacontece.com.br\/wp-content\/uploads\/2025\/11\/Crueldade-Padre-e-torturado-e-morto-a-golpes-de-martelo-sudoeste-acontece.jpg\" alt=\"\" class=\"wp-image-2790\" srcset=\"https:\/\/sudoesteacontece.com.br\/wp-content\/uploads\/2025\/11\/Crueldade-Padre-e-torturado-e-morto-a-golpes-de-martelo-sudoeste-acontece.jpg 900w, https:\/\/sudoesteacontece.com.br\/wp-content\/uploads\/2025\/11\/Crueldade-Padre-e-torturado-e-morto-a-golpes-de-martelo-sudoeste-acontece-300x200.jpg 300w, https:\/\/sudoesteacontece.com.br\/wp-content\/uploads\/2025\/11\/Crueldade-Padre-e-torturado-e-morto-a-golpes-de-martelo-sudoeste-acontece-768x512.jpg 768w\" sizes=\"(max-width: 900px) 100vw, 900px\" \/><\/figure>\n<\/div>\n\n\n<p>Viol\u00eancia extrema marcou a morte do padre Alexsandro da Silva Lima, de 44 anos, encontrado neste s\u00e1bado (15) em Douradina, distrito de Dourados (MS). O religioso estava desaparecido desde a noite anterior e, segundo a Pol\u00edcia Civil, foi v\u00edtima de latroc\u00ednio.<\/p>\n\n\n\n<p>Equipes do Setor de Investiga\u00e7\u00f5es Gerais localizaram o Jeep Renegade do sacerdote circulando pela cidade durante a madrugada. Policiais abordaram o ve\u00edculo, flagraram dois homens no interior e ouviram deles a confiss\u00e3o direta do assassinato.<\/p>\n\n\n\n<p>Informa\u00e7\u00f5es obtidas pela pol\u00edcia indicam que o crime ocorreu dentro da resid\u00eancia do padre. Corpo foi retirado da casa e levado pelos autores at\u00e9 o ponto onde acabou abandonado, enrolado em um tapete e com sinais severos de agress\u00e3o.<\/p>\n\n\n\n<p>Detalhes do laudo inicial revelam cortes profundos no pesco\u00e7o e les\u00f5es compat\u00edveis com golpes de martelo na cabe\u00e7a. Ind\u00edcios refor\u00e7am que o sacerdote foi torturado antes de ser morto pelos assaltantes.<\/p>\n\n\n\n<p>Hist\u00f3rico do religioso mostra uma lideran\u00e7a respeitada na Par\u00f3quia Nossa Senhora Aparecida de Douradina. Ordenado presb\u00edtero em 2011, ele completou 44 anos em outubro e atuava de forma ativa na vida pastoral e mission\u00e1ria da diocese.<\/p>\n\n\n\n<p>Apreens\u00f5es feitas com os criminosos inclu\u00edram um martelo, uma faca e objetos pessoais da v\u00edtima. O delegado Lucas Veppo explicou que o objetivo da dupla era roubar o carro, dinheiro, joias e demais pertences do sacerdote. Se quiser, preparo outros t\u00edtulos, uma vers\u00e3o mais forte para TV, um resumo para redes sociais ou uma mat\u00e9ria ampliada para portal.<\/p>\n\n\n\n<p><\/p>\n","protected":false},"excerpt":{"rendered":"<p>Viol\u00eancia extrema marcou a morte do padre Alexsandro da Silva Lima, de 44 anos, encontrado neste s\u00e1bado (15) em Douradina, distrito de Dourados (MS). O religioso estava desaparecido desde a noite anterior e, segundo a Pol\u00edcia Civil, foi v\u00edtima de latroc\u00ednio. Equipes do Setor de Investiga\u00e7\u00f5es Gerais localizaram o Jeep Renegade do sacerdote circulando pela cidade durante a madrugada. Policiais abordaram o ve\u00edculo, flagraram dois homens no interior e ouviram deles a confiss\u00e3o direta do assassinato. Informa\u00e7\u00f5es obtidas pela pol\u00edcia indicam que o crime ocorreu dentro da resid\u00eancia do padre. Corpo foi retirado da casa e levado pelos autores at\u00e9 o ponto onde acabou abandonado, enrolado em um tapete e com sinais severos de agress\u00e3o. Detalhes do laudo inicial revelam cortes profundos no pesco\u00e7o e les\u00f5es compat\u00edveis com golpes de martelo na cabe\u00e7a. Ind\u00edcios refor\u00e7am que o sacerdote foi torturado antes de ser morto pelos assaltantes. Hist\u00f3rico do religioso mostra uma lideran\u00e7a respeitada na Par\u00f3quia Nossa Senhora Aparecida de Douradina. Ordenado presb\u00edtero em 2011, ele completou 44 anos em outubro e atuava de forma ativa na vida pastoral e mission\u00e1ria da diocese. Apreens\u00f5es feitas com os criminosos inclu\u00edram um martelo, uma faca e objetos pessoais da v\u00edtima. O delegado Lucas Veppo explicou que o objetivo da dupla era roubar o carro, dinheiro, joias e demais pertences do sacerdote. Se quiser, preparo outros t\u00edtulos, uma vers\u00e3o mais forte para TV, um resumo para redes sociais ou uma mat\u00e9ria ampliada para portal.<\/p>\n","protected":false},"author":2,"featured_media":2790,"comment_status":"open","ping_status":"open","sticky":false,"template":"","format":"standard","meta":{"footnotes":""},"categories":[53,3,61],"tags":[],"class_list":["post-2789","post","type-post","status-publish","format-standard","has-post-thumbnail","hentry","category-brasil","category-policia","category-religiao"],"yoast_head":"<!-- This site is optimized with the Yoast SEO plugin v26.5 - https:\/\/yoast.com\/wordpress\/plugins\/seo\/ -->\n<title>Crueldade: Padre \u00e9 torturado e morto a golpes de martelo - Sudoesteacontece<\/title>\n<meta name=\"robots\" content=\"index, follow, max-snippet:-1, max-image-preview:large, max-video-preview:-1\" \/>\n<link rel=\"canonical\" href=\"https:\/\/sudoesteacontece.com.br\/?p=2789\" \/>\n<meta property=\"og:locale\" content=\"pt_BR\" \/>\n<meta property=\"og:type\" content=\"article\" \/>\n<meta property=\"og:title\" content=\"Crueldade: Padre \u00e9 torturado e morto a golpes de martelo - Sudoesteacontece\" \/>\n<meta property=\"og:description\" content=\"Viol\u00eancia extrema marcou a morte do padre Alexsandro da Silva Lima, de 44 anos, encontrado neste s\u00e1bado (15) em Douradina, distrito de Dourados (MS). O religioso estava desaparecido desde a noite anterior e, segundo a Pol\u00edcia Civil, foi v\u00edtima de latroc\u00ednio. Equipes do Setor de Investiga\u00e7\u00f5es Gerais localizaram o Jeep Renegade do sacerdote circulando pela cidade durante a madrugada. Policiais abordaram o ve\u00edculo, flagraram dois homens no interior e ouviram deles a confiss\u00e3o direta do assassinato. Informa\u00e7\u00f5es obtidas pela pol\u00edcia indicam que o crime ocorreu dentro da resid\u00eancia do padre. Corpo foi retirado da casa e levado pelos autores at\u00e9 o ponto onde acabou abandonado, enrolado em um tapete e com sinais severos de agress\u00e3o. Detalhes do laudo inicial revelam cortes profundos no pesco\u00e7o e les\u00f5es compat\u00edveis com golpes de martelo na cabe\u00e7a. Ind\u00edcios refor\u00e7am que o sacerdote foi torturado antes de ser morto pelos assaltantes. Hist\u00f3rico do religioso mostra uma lideran\u00e7a respeitada na Par\u00f3quia Nossa Senhora Aparecida de Douradina. Ordenado presb\u00edtero em 2011, ele completou 44 anos em outubro e atuava de forma ativa na vida pastoral e mission\u00e1ria da diocese. Apreens\u00f5es feitas com os criminosos inclu\u00edram um martelo, uma faca e objetos pessoais da v\u00edtima. O delegado Lucas Veppo explicou que o objetivo da dupla era roubar o carro, dinheiro, joias e demais pertences do sacerdote. Se quiser, preparo outros t\u00edtulos, uma vers\u00e3o mais forte para TV, um resumo para redes sociais ou uma mat\u00e9ria ampliada para portal.\" \/>\n<meta property=\"og:url\" content=\"https:\/\/sudoesteacontece.com.br\/?p=2789\" \/>\n<meta property=\"og:site_name\" content=\"Sudoesteacontece\" \/>\n<meta property=\"article:publisher\" content=\"https:\/\/www.facebook.com\/sudoesteacontece\/?locale=pt_BR\" \/>\n<meta property=\"article:published_time\" content=\"2025-11-16T20:58:18+00:00\" \/>\n<meta property=\"article:modified_time\" content=\"2025-11-16T20:58:20+00:00\" \/>\n<meta property=\"og:image\" content=\"https:\/\/sudoesteacontece.com.br\/wp-content\/uploads\/2025\/11\/Crueldade-Padre-e-torturado-e-morto-a-golpes-de-martelo-sudoeste-acontece.jpg\" \/>\n\t<meta property=\"og:image:width\" content=\"900\" \/>\n\t<meta property=\"og:image:height\" content=\"600\" \/>\n\t<meta property=\"og:image:type\" content=\"image\/jpeg\" \/>\n<meta name=\"author\" content=\"Washington Tiago\" \/>\n<meta name=\"twitter:card\" content=\"summary_large_image\" \/>\n<meta name=\"twitter:label1\" content=\"Escrito por\" \/>\n\t<meta name=\"twitter:data1\" content=\"Washington Tiago\" \/>\n\t<meta name=\"twitter:label2\" content=\"Est. tempo de leitura\" \/>\n\t<meta name=\"twitter:data2\" content=\"1 minuto\" \/>\n<script type=\"application\/ld+json\" class=\"yoast-schema-graph\">{\"@context\":\"https:\/\/schema.org\",\"@graph\":[{\"@type\":\"Article\",\"@id\":\"https:\/\/sudoesteacontece.com.br\/?p=2789#article\",\"isPartOf\":{\"@id\":\"https:\/\/sudoesteacontece.com.br\/?p=2789\"},\"author\":{\"name\":\"Washington Tiago\",\"@id\":\"https:\/\/sudoesteacontece.com.br\/#\/schema\/person\/3cf2cf009926a9683ebc29d5379fa79c\"},\"headline\":\"Crueldade: Padre \u00e9 torturado e morto a golpes de martelo\",\"datePublished\":\"2025-11-16T20:58:18+00:00\",\"dateModified\":\"2025-11-16T20:58:20+00:00\",\"mainEntityOfPage\":{\"@id\":\"https:\/\/sudoesteacontece.com.br\/?p=2789\"},\"wordCount\":274,\"commentCount\":0,\"publisher\":{\"@id\":\"https:\/\/sudoesteacontece.com.br\/#organization\"},\"image\":{\"@id\":\"https:\/\/sudoesteacontece.com.br\/?p=2789#primaryimage\"},\"thumbnailUrl\":\"https:\/\/sudoesteacontece.com.br\/wp-content\/uploads\/2025\/11\/Crueldade-Padre-e-torturado-e-morto-a-golpes-de-martelo-sudoeste-acontece.jpg\",\"articleSection\":[\"Brasil\",\"Pol\u00edcia\",\"Religi\u00e3o\"],\"inLanguage\":\"pt-BR\",\"potentialAction\":[{\"@type\":\"CommentAction\",\"name\":\"Comment\",\"target\":[\"https:\/\/sudoesteacontece.com.br\/?p=2789#respond\"]}]},{\"@type\":\"WebPage\",\"@id\":\"https:\/\/sudoesteacontece.com.br\/?p=2789\",\"url\":\"https:\/\/sudoesteacontece.com.br\/?p=2789\",\"name\":\"Crueldade: Padre \u00e9 torturado e morto a golpes de martelo - Sudoesteacontece\",\"isPartOf\":{\"@id\":\"https:\/\/sudoesteacontece.com.br\/#website\"},\"primaryImageOfPage\":{\"@id\":\"https:\/\/sudoesteacontece.com.br\/?p=2789#primaryimage\"},\"image\":{\"@id\":\"https:\/\/sudoesteacontece.com.br\/?p=2789#primaryimage\"},\"thumbnailUrl\":\"https:\/\/sudoesteacontece.com.br\/wp-content\/uploads\/2025\/11\/Crueldade-Padre-e-torturado-e-morto-a-golpes-de-martelo-sudoeste-acontece.jpg\",\"datePublished\":\"2025-11-16T20:58:18+00:00\",\"dateModified\":\"2025-11-16T20:58:20+00:00\",\"breadcrumb\":{\"@id\":\"https:\/\/sudoesteacontece.com.br\/?p=2789#breadcrumb\"},\"inLanguage\":\"pt-BR\",\"potentialAction\":[{\"@type\":\"ReadAction\",\"target\":[\"https:\/\/sudoesteacontece.com.br\/?p=2789\"]}]},{\"@type\":\"ImageObject\",\"inLanguage\":\"pt-BR\",\"@id\":\"https:\/\/sudoesteacontece.com.br\/?p=2789#primaryimage\",\"url\":\"https:\/\/sudoesteacontece.com.br\/wp-content\/uploads\/2025\/11\/Crueldade-Padre-e-torturado-e-morto-a-golpes-de-martelo-sudoeste-acontece.jpg\",\"contentUrl\":\"https:\/\/sudoesteacontece.com.br\/wp-content\/uploads\/2025\/11\/Crueldade-Padre-e-torturado-e-morto-a-golpes-de-martelo-sudoeste-acontece.jpg\",\"width\":900,\"height\":600},{\"@type\":\"BreadcrumbList\",\"@id\":\"https:\/\/sudoesteacontece.com.br\/?p=2789#breadcrumb\",\"itemListElement\":[{\"@type\":\"ListItem\",\"position\":1,\"name\":\"In\u00edcio\",\"item\":\"https:\/\/sudoesteacontece.com.br\/\"},{\"@type\":\"ListItem\",\"position\":2,\"name\":\"Crueldade: Padre \u00e9 torturado e morto a golpes de martelo\"}]},{\"@type\":\"WebSite\",\"@id\":\"https:\/\/sudoesteacontece.com.br\/#website\",\"url\":\"https:\/\/sudoesteacontece.com.br\/\",\"name\":\"Sudoesteacontece\",\"description\":\"\",\"publisher\":{\"@id\":\"https:\/\/sudoesteacontece.com.br\/#organization\"},\"potentialAction\":[{\"@type\":\"SearchAction\",\"target\":{\"@type\":\"EntryPoint\",\"urlTemplate\":\"https:\/\/sudoesteacontece.com.br\/?s={search_term_string}\"},\"query-input\":{\"@type\":\"PropertyValueSpecification\",\"valueRequired\":true,\"valueName\":\"search_term_string\"}}],\"inLanguage\":\"pt-BR\"},{\"@type\":\"Organization\",\"@id\":\"https:\/\/sudoesteacontece.com.br\/#organization\",\"name\":\"Sudoesteacontece\",\"url\":\"https:\/\/sudoesteacontece.com.br\/\",\"logo\":{\"@type\":\"ImageObject\",\"inLanguage\":\"pt-BR\",\"@id\":\"https:\/\/sudoesteacontece.com.br\/#\/schema\/logo\/image\/\",\"url\":\"https:\/\/sudoesteacontece.com.br\/wp-content\/uploads\/2025\/12\/cropped-logo-2-180x180-1.png\",\"contentUrl\":\"https:\/\/sudoesteacontece.com.br\/wp-content\/uploads\/2025\/12\/cropped-logo-2-180x180-1.png\",\"width\":180,\"height\":180,\"caption\":\"Sudoesteacontece\"},\"image\":{\"@id\":\"https:\/\/sudoesteacontece.com.br\/#\/schema\/logo\/image\/\"},\"sameAs\":[\"https:\/\/www.facebook.com\/sudoesteacontece\/?locale=pt_BR\"]},{\"@type\":\"Person\",\"@id\":\"https:\/\/sudoesteacontece.com.br\/#\/schema\/person\/3cf2cf009926a9683ebc29d5379fa79c\",\"name\":\"Washington Tiago\",\"image\":{\"@type\":\"ImageObject\",\"inLanguage\":\"pt-BR\",\"@id\":\"https:\/\/sudoesteacontece.com.br\/#\/schema\/person\/image\/\",\"url\":\"https:\/\/secure.gravatar.com\/avatar\/33c43b8668157e040f9d1fe93c354bf087cbd8ba36270c1163198bd3ddcf2a56?s=96&d=mm&r=g\",\"contentUrl\":\"https:\/\/secure.gravatar.com\/avatar\/33c43b8668157e040f9d1fe93c354bf087cbd8ba36270c1163198bd3ddcf2a56?s=96&d=mm&r=g\",\"caption\":\"Washington Tiago\"},\"url\":\"https:\/\/sudoesteacontece.com.br\/?author=2\"}]}<\/script>\n<!-- \/ Yoast SEO plugin. -->","yoast_head_json":{"title":"Crueldade: Padre \u00e9 torturado e morto a golpes de martelo - Sudoesteacontece","robots":{"index":"index","follow":"follow","max-snippet":"max-snippet:-1","max-image-preview":"max-image-preview:large","max-video-preview":"max-video-preview:-1"},"canonical":"https:\/\/sudoesteacontece.com.br\/?p=2789","og_locale":"pt_BR","og_type":"article","og_title":"Crueldade: Padre \u00e9 torturado e morto a golpes de martelo - Sudoesteacontece","og_description":"Viol\u00eancia extrema marcou a morte do padre Alexsandro da Silva Lima, de 44 anos, encontrado neste s\u00e1bado (15) em Douradina, distrito de Dourados (MS). O religioso estava desaparecido desde a noite anterior e, segundo a Pol\u00edcia Civil, foi v\u00edtima de latroc\u00ednio. Equipes do Setor de Investiga\u00e7\u00f5es Gerais localizaram o Jeep Renegade do sacerdote circulando pela cidade durante a madrugada. Policiais abordaram o ve\u00edculo, flagraram dois homens no interior e ouviram deles a confiss\u00e3o direta do assassinato. Informa\u00e7\u00f5es obtidas pela pol\u00edcia indicam que o crime ocorreu dentro da resid\u00eancia do padre. Corpo foi retirado da casa e levado pelos autores at\u00e9 o ponto onde acabou abandonado, enrolado em um tapete e com sinais severos de agress\u00e3o. Detalhes do laudo inicial revelam cortes profundos no pesco\u00e7o e les\u00f5es compat\u00edveis com golpes de martelo na cabe\u00e7a. Ind\u00edcios refor\u00e7am que o sacerdote foi torturado antes de ser morto pelos assaltantes. Hist\u00f3rico do religioso mostra uma lideran\u00e7a respeitada na Par\u00f3quia Nossa Senhora Aparecida de Douradina. Ordenado presb\u00edtero em 2011, ele completou 44 anos em outubro e atuava de forma ativa na vida pastoral e mission\u00e1ria da diocese. Apreens\u00f5es feitas com os criminosos inclu\u00edram um martelo, uma faca e objetos pessoais da v\u00edtima. O delegado Lucas Veppo explicou que o objetivo da dupla era roubar o carro, dinheiro, joias e demais pertences do sacerdote. Se quiser, preparo outros t\u00edtulos, uma vers\u00e3o mais forte para TV, um resumo para redes sociais ou uma mat\u00e9ria ampliada para portal.","og_url":"https:\/\/sudoesteacontece.com.br\/?p=2789","og_site_name":"Sudoesteacontece","article_publisher":"https:\/\/www.facebook.com\/sudoesteacontece\/?locale=pt_BR","article_published_time":"2025-11-16T20:58:18+00:00","article_modified_time":"2025-11-16T20:58:20+00:00","og_image":[{"width":900,"height":600,"url":"https:\/\/sudoesteacontece.com.br\/wp-content\/uploads\/2025\/11\/Crueldade-Padre-e-torturado-e-morto-a-golpes-de-martelo-sudoeste-acontece.jpg","type":"image\/jpeg"}],"author":"Washington Tiago","twitter_card":"summary_large_image","twitter_misc":{"Escrito por":"Washington Tiago","Est. tempo de leitura":"1 minuto"},"schema":{"@context":"https:\/\/schema.org","@graph":[{"@type":"Article","@id":"https:\/\/sudoesteacontece.com.br\/?p=2789#article","isPartOf":{"@id":"https:\/\/sudoesteacontece.com.br\/?p=2789"},"author":{"name":"Washington Tiago","@id":"https:\/\/sudoesteacontece.com.br\/#\/schema\/person\/3cf2cf009926a9683ebc29d5379fa79c"},"headline":"Crueldade: Padre \u00e9 torturado e morto a golpes de martelo","datePublished":"2025-11-16T20:58:18+00:00","dateModified":"2025-11-16T20:58:20+00:00","mainEntityOfPage":{"@id":"https:\/\/sudoesteacontece.com.br\/?p=2789"},"wordCount":274,"commentCount":0,"publisher":{"@id":"https:\/\/sudoesteacontece.com.br\/#organization"},"image":{"@id":"https:\/\/sudoesteacontece.com.br\/?p=2789#primaryimage"},"thumbnailUrl":"https:\/\/sudoesteacontece.com.br\/wp-content\/uploads\/2025\/11\/Crueldade-Padre-e-torturado-e-morto-a-golpes-de-martelo-sudoeste-acontece.jpg","articleSection":["Brasil","Pol\u00edcia","Religi\u00e3o"],"inLanguage":"pt-BR","potentialAction":[{"@type":"CommentAction","name":"Comment","target":["https:\/\/sudoesteacontece.com.br\/?p=2789#respond"]}]},{"@type":"WebPage","@id":"https:\/\/sudoesteacontece.com.br\/?p=2789","url":"https:\/\/sudoesteacontece.com.br\/?p=2789","name":"Crueldade: Padre \u00e9 torturado e morto a golpes de martelo - Sudoesteacontece","isPartOf":{"@id":"https:\/\/sudoesteacontece.com.br\/#website"},"primaryImageOfPage":{"@id":"https:\/\/sudoesteacontece.com.br\/?p=2789#primaryimage"},"image":{"@id":"https:\/\/sudoesteacontece.com.br\/?p=2789#primaryimage"},"thumbnailUrl":"https:\/\/sudoesteacontece.com.br\/wp-content\/uploads\/2025\/11\/Crueldade-Padre-e-torturado-e-morto-a-golpes-de-martelo-sudoeste-acontece.jpg","datePublished":"2025-11-16T20:58:18+00:00","dateModified":"2025-11-16T20:58:20+00:00","breadcrumb":{"@id":"https:\/\/sudoesteacontece.com.br\/?p=2789#breadcrumb"},"inLanguage":"pt-BR","potentialAction":[{"@type":"ReadAction","target":["https:\/\/sudoesteacontece.com.br\/?p=2789"]}]},{"@type":"ImageObject","inLanguage":"pt-BR","@id":"https:\/\/sudoesteacontece.com.br\/?p=2789#primaryimage","url":"https:\/\/sudoesteacontece.com.br\/wp-content\/uploads\/2025\/11\/Crueldade-Padre-e-torturado-e-morto-a-golpes-de-martelo-sudoeste-acontece.jpg","contentUrl":"https:\/\/sudoesteacontece.com.br\/wp-content\/uploads\/2025\/11\/Crueldade-Padre-e-torturado-e-morto-a-golpes-de-martelo-sudoeste-acontece.jpg","width":900,"height":600},{"@type":"BreadcrumbList","@id":"https:\/\/sudoesteacontece.com.br\/?p=2789#breadcrumb","itemListElement":[{"@type":"ListItem","position":1,"name":"In\u00edcio","item":"https:\/\/sudoesteacontece.com.br\/"},{"@type":"ListItem","position":2,"name":"Crueldade: Padre \u00e9 torturado e morto a golpes de martelo"}]},{"@type":"WebSite","@id":"https:\/\/sudoesteacontece.com.br\/#website","url":"https:\/\/sudoesteacontece.com.br\/","name":"Sudoesteacontece","description":"","publisher":{"@id":"https:\/\/sudoesteacontece.com.br\/#organization"},"potentialAction":[{"@type":"SearchAction","target":{"@type":"EntryPoint","urlTemplate":"https:\/\/sudoesteacontece.com.br\/?s={search_term_string}"},"query-input":{"@type":"PropertyValueSpecification","valueRequired":true,"valueName":"search_term_string"}}],"inLanguage":"pt-BR"},{"@type":"Organization","@id":"https:\/\/sudoesteacontece.com.br\/#organization","name":"Sudoesteacontece","url":"https:\/\/sudoesteacontece.com.br\/","logo":{"@type":"ImageObject","inLanguage":"pt-BR","@id":"https:\/\/sudoesteacontece.com.br\/#\/schema\/logo\/image\/","url":"https:\/\/sudoesteacontece.com.br\/wp-content\/uploads\/2025\/12\/cropped-logo-2-180x180-1.png","contentUrl":"https:\/\/sudoesteacontece.com.br\/wp-content\/uploads\/2025\/12\/cropped-logo-2-180x180-1.png","width":180,"height":180,"caption":"Sudoesteacontece"},"image":{"@id":"https:\/\/sudoesteacontece.com.br\/#\/schema\/logo\/image\/"},"sameAs":["https:\/\/www.facebook.com\/sudoesteacontece\/?locale=pt_BR"]},{"@type":"Person","@id":"https:\/\/sudoesteacontece.com.br\/#\/schema\/person\/3cf2cf009926a9683ebc29d5379fa79c","name":"Washington Tiago","image":{"@type":"ImageObject","inLanguage":"pt-BR","@id":"https:\/\/sudoesteacontece.com.br\/#\/schema\/person\/image\/","url":"https:\/\/secure.gravatar.com\/avatar\/33c43b8668157e040f9d1fe93c354bf087cbd8ba36270c1163198bd3ddcf2a56?s=96&d=mm&r=g","contentUrl":"https:\/\/secure.gravatar.com\/avatar\/33c43b8668157e040f9d1fe93c354bf087cbd8ba36270c1163198bd3ddcf2a56?s=96&d=mm&r=g","caption":"Washington Tiago"},"url":"https:\/\/sudoesteacontece.com.br\/?author=2"}]}},"_links":{"self":[{"href":"https:\/\/sudoesteacontece.com.br\/index.php?rest_route=\/wp\/v2\/posts\/2789","targetHints":{"allow":["GET"]}}],"collection":[{"href":"https:\/\/sudoesteacontece.com.br\/index.php?rest_route=\/wp\/v2\/posts"}],"about":[{"href":"https:\/\/sudoesteacontece.com.br\/index.php?rest_route=\/wp\/v2\/types\/post"}],"author":[{"embeddable":true,"href":"https:\/\/sudoesteacontece.com.br\/index.php?rest_route=\/wp\/v2\/users\/2"}],"replies":[{"embeddable":true,"href":"https:\/\/sudoesteacontece.com.br\/index.php?rest_route=%2Fwp%2Fv2%2Fcomments&post=2789"}],"version-history":[{"count":0,"href":"https:\/\/sudoesteacontece.com.br\/index.php?rest_route=\/wp\/v2\/posts\/2789\/revisions"}],"wp:featuredmedia":[{"embeddable":true,"href":"https:\/\/sudoesteacontece.com.br\/index.php?rest_route=\/wp\/v2\/media\/2790"}],"wp:attachment":[{"href":"https:\/\/sudoesteacontece.com.br\/index.php?rest_route=%2Fwp%2Fv2%2Fmedia&parent=2789"}],"wp:term":[{"taxonomy":"category","embeddable":true,"href":"https:\/\/sudoesteacontece.com.br\/index.php?rest_route=%2Fwp%2Fv2%2Fcategories&post=2789"},{"taxonomy":"post_tag","embeddable":true,"href":"https:\/\/sudoesteacontece.com.br\/index.php?rest_route=%2Fwp%2Fv2%2Ftags&post=2789"}],"curies":[{"name":"wp","href":"https:\/\/api.w.org\/{rel}","templated":true}]}}