{"id":2792,"date":"2025-11-16T18:11:45","date_gmt":"2025-11-16T21:11:45","guid":{"rendered":"https:\/\/sudoesteacontece.com.br\/?p=2792"},"modified":"2025-11-16T18:11:46","modified_gmt":"2025-11-16T21:11:46","slug":"neto-carletto-poe-fogo-no-parquinho-e-pressiona-psd-por-vaga-ao-senado-defesa-de-rui-irrita-ala-governista","status":"publish","type":"post","link":"https:\/\/sudoesteacontece.com.br\/?p=2792","title":{"rendered":"Neto Carletto p\u00f5e fogo no parquinho e pressiona PSD por vaga ao Senado; defesa de Rui irrita ala governista"},"content":{"rendered":"<div class=\"wp-block-image\">\n<figure class=\"aligncenter size-full\"><img fetchpriority=\"high\" decoding=\"async\" width=\"900\" height=\"600\" src=\"http:\/\/sudoesteacontece.com.br\/wp-content\/uploads\/2025\/11\/Neto-Carletto-poe-fogo-no-parquinho-e-pressiona-PSD-por-vaga-ao-Senado-defesa-de-Rui-irrita-ala-governista-sudoeste-acontece.jpg\" alt=\"\" class=\"wp-image-2793\" srcset=\"https:\/\/sudoesteacontece.com.br\/wp-content\/uploads\/2025\/11\/Neto-Carletto-poe-fogo-no-parquinho-e-pressiona-PSD-por-vaga-ao-Senado-defesa-de-Rui-irrita-ala-governista-sudoeste-acontece.jpg 900w, https:\/\/sudoesteacontece.com.br\/wp-content\/uploads\/2025\/11\/Neto-Carletto-poe-fogo-no-parquinho-e-pressiona-PSD-por-vaga-ao-Senado-defesa-de-Rui-irrita-ala-governista-sudoeste-acontece-300x200.jpg 300w, https:\/\/sudoesteacontece.com.br\/wp-content\/uploads\/2025\/11\/Neto-Carletto-poe-fogo-no-parquinho-e-pressiona-PSD-por-vaga-ao-Senado-defesa-de-Rui-irrita-ala-governista-sudoeste-acontece-768x512.jpg 768w\" sizes=\"(max-width: 900px) 100vw, 900px\" \/><\/figure>\n<\/div>\n\n\n<p>Neto Carletto elevou o tom e acendeu um novo pavio na disputa interna pela vaga ao Senado na base governista. O deputado voltou a defender Rui Costa como candidato natural em 2026 e empurrou o Avante para o centro da articula\u00e7\u00e3o ao reivindicar a supl\u00eancia da chapa.<\/p>\n\n\n\n<p>A declara\u00e7\u00e3o mexeu com o tabuleiro e aumentou a tens\u00e3o com o PSD, que insiste na reelei\u00e7\u00e3o de \u00c2ngelo Coronel. Nos bastidores, aliados afirmam que a fala do parlamentar \u201cn\u00e3o caiu nada bem\u201d entre pessedistas e at\u00e9 provocou irrita\u00e7\u00e3o discreta no n\u00facleo duro do governo, incluindo nomes pr\u00f3ximos a Jaques Wagner.<\/p>\n\n\n\n<p>Afirmou Neto que o ministro da Casa Civil re\u00fane todos os requisitos para a disputa. \u201cA candidatura de Rui ao Senado \u00e9 natural. Ele foi um grande governador, \u00e9 hoje ministro de uma das pastas mais importantes do pa\u00eds e tem total qualifica\u00e7\u00e3o para ajudar ainda mais a Bahia. \u00c9 o nome certo\u201d, disse ao Pol\u00edtica Livre.<\/p>\n\n\n\n<p>Refor\u00e7ou ainda que o Avante tem \u201ctamanho e hist\u00f3ria\u201d para brigar por espa\u00e7o. \u201cNossa disposi\u00e7\u00e3o \u00e9 fortalecer o grupo. Supl\u00eancia de Rui seria uma honra\u201d, declarou. Fala deixou claro que o partido quer lugar garantido na chapa majorit\u00e1ria e que n\u00e3o pretende entrar silenciosamente no jogo.<\/p>\n\n\n\n<p>Cresceu a especula\u00e7\u00e3o ap\u00f3s o nome de Ronaldo Carletto, tio do deputado e presidente estadual do Avante, voltar ao radar da supl\u00eancia. Ele mant\u00e9m rela\u00e7\u00e3o antiga com Rui e j\u00e1 circula com desenvoltura nos corredores de articula\u00e7\u00e3o.<\/p>\n\n\n\n<p>Circulou tamb\u00e9m a informa\u00e7\u00e3o de que a defesa p\u00fablica de Neto acendeu alerta dentro do PSD. Sigla trabalha pela perman\u00eancia de Coronel e teme perder espa\u00e7o na chapa liderada por Jer\u00f4nimo Rodrigues. Pessoas pr\u00f3ximas ao senador tratam a movimenta\u00e7\u00e3o como \u201cfor\u00e7a desnecess\u00e1ria\u201d do Avante.<\/p>\n\n\n\n<p>Minimizou Neto qualquer possibilidade de racha. \u201cN\u00e3o acredito em divis\u00e3o. Vejo o grupo unido e com maturidade para construir a melhor solu\u00e7\u00e3o para a Bahia\u201d, disse. Apesar disso, nos bastidores, interlocutores reconhecem que o clima ficou menos pac\u00edfico ap\u00f3s as declara\u00e7\u00f5es.<\/p>\n\n\n\n<p>Comentou-se ainda que a insist\u00eancia do deputado teria causado inc\u00f4modo no entorno de Wagner, que prefere conduzir a escolha com sil\u00eancio, cautela e sem press\u00e3o p\u00fablica. Leitura \u00e9 que o movimento de Carletto antecipa um debate que o governo tentava segurar at\u00e9 2025.<\/p>\n\n\n\n<p>Apareceu o deputado no evento de anivers\u00e1rio do prefeito de Santa Cruz Cabr\u00e1lia, Girlei Laje, no s\u00e1bado (15). Ele estava acompanhado do ex-prefeito de Gandu L\u00e9o de Neco, prioridade do Avante para a Assembleia. Tamb\u00e9m marcaram presen\u00e7a F\u00e9lix Mendon\u00e7a J\u00fanior (PDT) e o prefeito de Porto Seguro, J\u00e2nio Natal (PL).<\/p>\n\n\n\n<p>Defendeu Neto a meta agressiva do Avante para 2026. \u201cNossa meta \u00e9 eleger sete deputados estaduais e quatro federais. Vamos repetir a f\u00f3rmula de sucesso de 2024\u201d, disse. Discurso refor\u00e7a que o partido quer mais espa\u00e7o e n\u00e3o vai abrir m\u00e3o de protagonismo.<\/p>\n\n\n\n<p>Com isso, a disputa pelo Senado entra oficialmente no clima de 2026. Defesa aberta do nome de Rui, as movimenta\u00e7\u00f5es do Avante e o sil\u00eancio inc\u00f4modo do PSD esquentam a pr\u00e9via e colocam mais press\u00e3o sobre a mesa de Jer\u00f4nimo.<\/p>\n\n\n\n<p>Resta saber como o governo vai reorganizar a conviv\u00eancia interna. Uma coisa \u00e9 certa: a fala de Neto Carletto jogou combust\u00edvel no debate e reacendeu a disputa pela vaga mais cobi\u00e7ada da chapa.<\/p>\n","protected":false},"excerpt":{"rendered":"<p>Neto Carletto elevou o tom e acendeu um novo pavio na disputa interna pela vaga ao Senado na base governista. O deputado voltou a defender Rui Costa como candidato natural em 2026 e empurrou o Avante para o centro da articula\u00e7\u00e3o ao reivindicar a supl\u00eancia da chapa. A declara\u00e7\u00e3o mexeu com o tabuleiro e aumentou a tens\u00e3o com o PSD, que insiste na reelei\u00e7\u00e3o de \u00c2ngelo Coronel. Nos bastidores, aliados afirmam que a fala do parlamentar \u201cn\u00e3o caiu nada bem\u201d entre pessedistas e at\u00e9 provocou irrita\u00e7\u00e3o discreta no n\u00facleo duro do governo, incluindo nomes pr\u00f3ximos a Jaques Wagner. Afirmou Neto que o ministro da Casa Civil re\u00fane todos os requisitos para a disputa. \u201cA candidatura de Rui ao Senado \u00e9 natural. Ele foi um grande governador, \u00e9 hoje ministro de uma das pastas mais importantes do pa\u00eds e tem total qualifica\u00e7\u00e3o para ajudar ainda mais a Bahia. \u00c9 o nome certo\u201d, disse ao Pol\u00edtica Livre. Refor\u00e7ou ainda que o Avante tem \u201ctamanho e hist\u00f3ria\u201d para brigar por espa\u00e7o. \u201cNossa disposi\u00e7\u00e3o \u00e9 fortalecer o grupo. Supl\u00eancia de Rui seria uma honra\u201d, declarou. Fala deixou claro que o partido quer lugar garantido na chapa majorit\u00e1ria e que n\u00e3o pretende entrar silenciosamente no jogo. Cresceu a especula\u00e7\u00e3o ap\u00f3s o nome de Ronaldo Carletto, tio do deputado e presidente estadual do Avante, voltar ao radar da supl\u00eancia. Ele mant\u00e9m rela\u00e7\u00e3o antiga com Rui e j\u00e1 circula com desenvoltura nos corredores de articula\u00e7\u00e3o. Circulou tamb\u00e9m a informa\u00e7\u00e3o de que a defesa p\u00fablica de Neto acendeu alerta dentro do PSD. Sigla trabalha pela perman\u00eancia de Coronel e teme perder espa\u00e7o na chapa liderada por Jer\u00f4nimo Rodrigues. Pessoas pr\u00f3ximas ao senador tratam a movimenta\u00e7\u00e3o como \u201cfor\u00e7a desnecess\u00e1ria\u201d do Avante. Minimizou Neto qualquer possibilidade de racha. \u201cN\u00e3o acredito em divis\u00e3o. Vejo o grupo unido e com maturidade para construir a melhor solu\u00e7\u00e3o para a Bahia\u201d, disse. Apesar disso, nos bastidores, interlocutores reconhecem que o clima ficou menos pac\u00edfico ap\u00f3s as declara\u00e7\u00f5es. Comentou-se ainda que a insist\u00eancia do deputado teria causado inc\u00f4modo no entorno de Wagner, que prefere conduzir a escolha com sil\u00eancio, cautela e sem press\u00e3o p\u00fablica. Leitura \u00e9 que o movimento de Carletto antecipa um debate que o governo tentava segurar at\u00e9 2025. Apareceu o deputado no evento de anivers\u00e1rio do prefeito de Santa Cruz Cabr\u00e1lia, Girlei Laje, no s\u00e1bado (15). Ele estava acompanhado do ex-prefeito de Gandu L\u00e9o de Neco, prioridade do Avante para a Assembleia. Tamb\u00e9m marcaram presen\u00e7a F\u00e9lix Mendon\u00e7a J\u00fanior (PDT) e o prefeito de Porto Seguro, J\u00e2nio Natal (PL). Defendeu Neto a meta agressiva do Avante para 2026. \u201cNossa meta \u00e9 eleger sete deputados estaduais e quatro federais. Vamos repetir a f\u00f3rmula de sucesso de 2024\u201d, disse. Discurso refor\u00e7a que o partido quer mais espa\u00e7o e n\u00e3o vai abrir m\u00e3o de protagonismo. Com isso, a disputa pelo Senado entra oficialmente no clima de 2026. Defesa aberta do nome de Rui, as movimenta\u00e7\u00f5es do Avante e o sil\u00eancio inc\u00f4modo do PSD esquentam a pr\u00e9via e colocam mais press\u00e3o sobre a mesa de Jer\u00f4nimo. Resta saber como o governo vai reorganizar a conviv\u00eancia interna. Uma coisa \u00e9 certa: a fala de Neto Carletto jogou combust\u00edvel no debate e reacendeu a disputa pela vaga mais cobi\u00e7ada da chapa.<\/p>\n","protected":false},"author":4,"featured_media":2793,"comment_status":"open","ping_status":"open","sticky":false,"template":"","format":"standard","meta":{"footnotes":""},"categories":[7,4,6],"tags":[],"class_list":["post-2792","post","type-post","status-publish","format-standard","has-post-thumbnail","hentry","category-bahia","category-cidades","category-politica"],"yoast_head":"<!-- This site is optimized with the Yoast SEO plugin v26.5 - https:\/\/yoast.com\/wordpress\/plugins\/seo\/ -->\n<title>Neto Carletto p\u00f5e fogo no parquinho e pressiona PSD por vaga ao Senado; defesa de Rui irrita ala governista - Sudoesteacontece<\/title>\n<meta name=\"robots\" content=\"index, follow, max-snippet:-1, max-image-preview:large, max-video-preview:-1\" \/>\n<link rel=\"canonical\" href=\"https:\/\/sudoesteacontece.com.br\/?p=2792\" \/>\n<meta property=\"og:locale\" content=\"pt_BR\" \/>\n<meta property=\"og:type\" content=\"article\" \/>\n<meta property=\"og:title\" content=\"Neto Carletto p\u00f5e fogo no parquinho e pressiona PSD por vaga ao Senado; defesa de Rui irrita ala governista - Sudoesteacontece\" \/>\n<meta property=\"og:description\" content=\"Neto Carletto elevou o tom e acendeu um novo pavio na disputa interna pela vaga ao Senado na base governista. O deputado voltou a defender Rui Costa como candidato natural em 2026 e empurrou o Avante para o centro da articula\u00e7\u00e3o ao reivindicar a supl\u00eancia da chapa. A declara\u00e7\u00e3o mexeu com o tabuleiro e aumentou a tens\u00e3o com o PSD, que insiste na reelei\u00e7\u00e3o de \u00c2ngelo Coronel. Nos bastidores, aliados afirmam que a fala do parlamentar \u201cn\u00e3o caiu nada bem\u201d entre pessedistas e at\u00e9 provocou irrita\u00e7\u00e3o discreta no n\u00facleo duro do governo, incluindo nomes pr\u00f3ximos a Jaques Wagner. Afirmou Neto que o ministro da Casa Civil re\u00fane todos os requisitos para a disputa. \u201cA candidatura de Rui ao Senado \u00e9 natural. Ele foi um grande governador, \u00e9 hoje ministro de uma das pastas mais importantes do pa\u00eds e tem total qualifica\u00e7\u00e3o para ajudar ainda mais a Bahia. \u00c9 o nome certo\u201d, disse ao Pol\u00edtica Livre. Refor\u00e7ou ainda que o Avante tem \u201ctamanho e hist\u00f3ria\u201d para brigar por espa\u00e7o. \u201cNossa disposi\u00e7\u00e3o \u00e9 fortalecer o grupo. Supl\u00eancia de Rui seria uma honra\u201d, declarou. Fala deixou claro que o partido quer lugar garantido na chapa majorit\u00e1ria e que n\u00e3o pretende entrar silenciosamente no jogo. Cresceu a especula\u00e7\u00e3o ap\u00f3s o nome de Ronaldo Carletto, tio do deputado e presidente estadual do Avante, voltar ao radar da supl\u00eancia. Ele mant\u00e9m rela\u00e7\u00e3o antiga com Rui e j\u00e1 circula com desenvoltura nos corredores de articula\u00e7\u00e3o. Circulou tamb\u00e9m a informa\u00e7\u00e3o de que a defesa p\u00fablica de Neto acendeu alerta dentro do PSD. Sigla trabalha pela perman\u00eancia de Coronel e teme perder espa\u00e7o na chapa liderada por Jer\u00f4nimo Rodrigues. Pessoas pr\u00f3ximas ao senador tratam a movimenta\u00e7\u00e3o como \u201cfor\u00e7a desnecess\u00e1ria\u201d do Avante. Minimizou Neto qualquer possibilidade de racha. \u201cN\u00e3o acredito em divis\u00e3o. Vejo o grupo unido e com maturidade para construir a melhor solu\u00e7\u00e3o para a Bahia\u201d, disse. Apesar disso, nos bastidores, interlocutores reconhecem que o clima ficou menos pac\u00edfico ap\u00f3s as declara\u00e7\u00f5es. Comentou-se ainda que a insist\u00eancia do deputado teria causado inc\u00f4modo no entorno de Wagner, que prefere conduzir a escolha com sil\u00eancio, cautela e sem press\u00e3o p\u00fablica. Leitura \u00e9 que o movimento de Carletto antecipa um debate que o governo tentava segurar at\u00e9 2025. Apareceu o deputado no evento de anivers\u00e1rio do prefeito de Santa Cruz Cabr\u00e1lia, Girlei Laje, no s\u00e1bado (15). Ele estava acompanhado do ex-prefeito de Gandu L\u00e9o de Neco, prioridade do Avante para a Assembleia. Tamb\u00e9m marcaram presen\u00e7a F\u00e9lix Mendon\u00e7a J\u00fanior (PDT) e o prefeito de Porto Seguro, J\u00e2nio Natal (PL). Defendeu Neto a meta agressiva do Avante para 2026. \u201cNossa meta \u00e9 eleger sete deputados estaduais e quatro federais. Vamos repetir a f\u00f3rmula de sucesso de 2024\u201d, disse. Discurso refor\u00e7a que o partido quer mais espa\u00e7o e n\u00e3o vai abrir m\u00e3o de protagonismo. Com isso, a disputa pelo Senado entra oficialmente no clima de 2026. Defesa aberta do nome de Rui, as movimenta\u00e7\u00f5es do Avante e o sil\u00eancio inc\u00f4modo do PSD esquentam a pr\u00e9via e colocam mais press\u00e3o sobre a mesa de Jer\u00f4nimo. Resta saber como o governo vai reorganizar a conviv\u00eancia interna. Uma coisa \u00e9 certa: a fala de Neto Carletto jogou combust\u00edvel no debate e reacendeu a disputa pela vaga mais cobi\u00e7ada da chapa.\" \/>\n<meta property=\"og:url\" content=\"https:\/\/sudoesteacontece.com.br\/?p=2792\" \/>\n<meta property=\"og:site_name\" content=\"Sudoesteacontece\" \/>\n<meta property=\"article:publisher\" content=\"https:\/\/www.facebook.com\/sudoesteacontece\/?locale=pt_BR\" \/>\n<meta property=\"article:published_time\" content=\"2025-11-16T21:11:45+00:00\" \/>\n<meta property=\"article:modified_time\" content=\"2025-11-16T21:11:46+00:00\" \/>\n<meta property=\"og:image\" content=\"https:\/\/sudoesteacontece.com.br\/wp-content\/uploads\/2025\/11\/Neto-Carletto-poe-fogo-no-parquinho-e-pressiona-PSD-por-vaga-ao-Senado-defesa-de-Rui-irrita-ala-governista-sudoeste-acontece.jpg\" \/>\n\t<meta property=\"og:image:width\" content=\"900\" \/>\n\t<meta property=\"og:image:height\" content=\"600\" \/>\n\t<meta property=\"og:image:type\" content=\"image\/jpeg\" \/>\n<meta name=\"author\" content=\"Reda\u00e7\u00e3o\" \/>\n<meta name=\"twitter:card\" content=\"summary_large_image\" \/>\n<meta name=\"twitter:label1\" content=\"Escrito por\" \/>\n\t<meta name=\"twitter:data1\" content=\"Reda\u00e7\u00e3o\" \/>\n\t<meta name=\"twitter:label2\" content=\"Est. tempo de leitura\" \/>\n\t<meta name=\"twitter:data2\" content=\"3 minutos\" \/>\n<script type=\"application\/ld+json\" class=\"yoast-schema-graph\">{\"@context\":\"https:\/\/schema.org\",\"@graph\":[{\"@type\":\"Article\",\"@id\":\"https:\/\/sudoesteacontece.com.br\/?p=2792#article\",\"isPartOf\":{\"@id\":\"https:\/\/sudoesteacontece.com.br\/?p=2792\"},\"author\":{\"name\":\"Reda\u00e7\u00e3o\",\"@id\":\"https:\/\/sudoesteacontece.com.br\/#\/schema\/person\/a4f22429c1d0923ef8f7d43343f8dc38\"},\"headline\":\"Neto Carletto p\u00f5e fogo no parquinho e pressiona PSD por vaga ao Senado; defesa de Rui irrita ala governista\",\"datePublished\":\"2025-11-16T21:11:45+00:00\",\"dateModified\":\"2025-11-16T21:11:46+00:00\",\"mainEntityOfPage\":{\"@id\":\"https:\/\/sudoesteacontece.com.br\/?p=2792\"},\"wordCount\":610,\"commentCount\":0,\"publisher\":{\"@id\":\"https:\/\/sudoesteacontece.com.br\/#organization\"},\"image\":{\"@id\":\"https:\/\/sudoesteacontece.com.br\/?p=2792#primaryimage\"},\"thumbnailUrl\":\"https:\/\/sudoesteacontece.com.br\/wp-content\/uploads\/2025\/11\/Neto-Carletto-poe-fogo-no-parquinho-e-pressiona-PSD-por-vaga-ao-Senado-defesa-de-Rui-irrita-ala-governista-sudoeste-acontece.jpg\",\"articleSection\":[\"Bahia\",\"Cidades\",\"Pol\u00edtica\"],\"inLanguage\":\"pt-BR\",\"potentialAction\":[{\"@type\":\"CommentAction\",\"name\":\"Comment\",\"target\":[\"https:\/\/sudoesteacontece.com.br\/?p=2792#respond\"]}]},{\"@type\":\"WebPage\",\"@id\":\"https:\/\/sudoesteacontece.com.br\/?p=2792\",\"url\":\"https:\/\/sudoesteacontece.com.br\/?p=2792\",\"name\":\"Neto Carletto p\u00f5e fogo no parquinho e pressiona PSD por vaga ao Senado; defesa de Rui irrita ala governista - Sudoesteacontece\",\"isPartOf\":{\"@id\":\"https:\/\/sudoesteacontece.com.br\/#website\"},\"primaryImageOfPage\":{\"@id\":\"https:\/\/sudoesteacontece.com.br\/?p=2792#primaryimage\"},\"image\":{\"@id\":\"https:\/\/sudoesteacontece.com.br\/?p=2792#primaryimage\"},\"thumbnailUrl\":\"https:\/\/sudoesteacontece.com.br\/wp-content\/uploads\/2025\/11\/Neto-Carletto-poe-fogo-no-parquinho-e-pressiona-PSD-por-vaga-ao-Senado-defesa-de-Rui-irrita-ala-governista-sudoeste-acontece.jpg\",\"datePublished\":\"2025-11-16T21:11:45+00:00\",\"dateModified\":\"2025-11-16T21:11:46+00:00\",\"breadcrumb\":{\"@id\":\"https:\/\/sudoesteacontece.com.br\/?p=2792#breadcrumb\"},\"inLanguage\":\"pt-BR\",\"potentialAction\":[{\"@type\":\"ReadAction\",\"target\":[\"https:\/\/sudoesteacontece.com.br\/?p=2792\"]}]},{\"@type\":\"ImageObject\",\"inLanguage\":\"pt-BR\",\"@id\":\"https:\/\/sudoesteacontece.com.br\/?p=2792#primaryimage\",\"url\":\"https:\/\/sudoesteacontece.com.br\/wp-content\/uploads\/2025\/11\/Neto-Carletto-poe-fogo-no-parquinho-e-pressiona-PSD-por-vaga-ao-Senado-defesa-de-Rui-irrita-ala-governista-sudoeste-acontece.jpg\",\"contentUrl\":\"https:\/\/sudoesteacontece.com.br\/wp-content\/uploads\/2025\/11\/Neto-Carletto-poe-fogo-no-parquinho-e-pressiona-PSD-por-vaga-ao-Senado-defesa-de-Rui-irrita-ala-governista-sudoeste-acontece.jpg\",\"width\":900,\"height\":600},{\"@type\":\"BreadcrumbList\",\"@id\":\"https:\/\/sudoesteacontece.com.br\/?p=2792#breadcrumb\",\"itemListElement\":[{\"@type\":\"ListItem\",\"position\":1,\"name\":\"In\u00edcio\",\"item\":\"https:\/\/sudoesteacontece.com.br\/\"},{\"@type\":\"ListItem\",\"position\":2,\"name\":\"Neto Carletto p\u00f5e fogo no parquinho e pressiona PSD por vaga ao Senado; defesa de Rui irrita ala governista\"}]},{\"@type\":\"WebSite\",\"@id\":\"https:\/\/sudoesteacontece.com.br\/#website\",\"url\":\"https:\/\/sudoesteacontece.com.br\/\",\"name\":\"Sudoesteacontece\",\"description\":\"\",\"publisher\":{\"@id\":\"https:\/\/sudoesteacontece.com.br\/#organization\"},\"potentialAction\":[{\"@type\":\"SearchAction\",\"target\":{\"@type\":\"EntryPoint\",\"urlTemplate\":\"https:\/\/sudoesteacontece.com.br\/?s={search_term_string}\"},\"query-input\":{\"@type\":\"PropertyValueSpecification\",\"valueRequired\":true,\"valueName\":\"search_term_string\"}}],\"inLanguage\":\"pt-BR\"},{\"@type\":\"Organization\",\"@id\":\"https:\/\/sudoesteacontece.com.br\/#organization\",\"name\":\"Sudoesteacontece\",\"url\":\"https:\/\/sudoesteacontece.com.br\/\",\"logo\":{\"@type\":\"ImageObject\",\"inLanguage\":\"pt-BR\",\"@id\":\"https:\/\/sudoesteacontece.com.br\/#\/schema\/logo\/image\/\",\"url\":\"https:\/\/sudoesteacontece.com.br\/wp-content\/uploads\/2025\/12\/cropped-logo-2-180x180-1.png\",\"contentUrl\":\"https:\/\/sudoesteacontece.com.br\/wp-content\/uploads\/2025\/12\/cropped-logo-2-180x180-1.png\",\"width\":180,\"height\":180,\"caption\":\"Sudoesteacontece\"},\"image\":{\"@id\":\"https:\/\/sudoesteacontece.com.br\/#\/schema\/logo\/image\/\"},\"sameAs\":[\"https:\/\/www.facebook.com\/sudoesteacontece\/?locale=pt_BR\"]},{\"@type\":\"Person\",\"@id\":\"https:\/\/sudoesteacontece.com.br\/#\/schema\/person\/a4f22429c1d0923ef8f7d43343f8dc38\",\"name\":\"Reda\u00e7\u00e3o\",\"image\":{\"@type\":\"ImageObject\",\"inLanguage\":\"pt-BR\",\"@id\":\"https:\/\/sudoesteacontece.com.br\/#\/schema\/person\/image\/\",\"url\":\"https:\/\/secure.gravatar.com\/avatar\/c3a5b3c93f268a709c25a2df414c629a96fb3b1b4bf97a94fb3f72e54ae76903?s=96&d=mm&r=g\",\"contentUrl\":\"https:\/\/secure.gravatar.com\/avatar\/c3a5b3c93f268a709c25a2df414c629a96fb3b1b4bf97a94fb3f72e54ae76903?s=96&d=mm&r=g\",\"caption\":\"Reda\u00e7\u00e3o\"},\"url\":\"https:\/\/sudoesteacontece.com.br\/?author=4\"}]}<\/script>\n<!-- \/ Yoast SEO plugin. -->","yoast_head_json":{"title":"Neto Carletto p\u00f5e fogo no parquinho e pressiona PSD por vaga ao Senado; defesa de Rui irrita ala governista - Sudoesteacontece","robots":{"index":"index","follow":"follow","max-snippet":"max-snippet:-1","max-image-preview":"max-image-preview:large","max-video-preview":"max-video-preview:-1"},"canonical":"https:\/\/sudoesteacontece.com.br\/?p=2792","og_locale":"pt_BR","og_type":"article","og_title":"Neto Carletto p\u00f5e fogo no parquinho e pressiona PSD por vaga ao Senado; defesa de Rui irrita ala governista - Sudoesteacontece","og_description":"Neto Carletto elevou o tom e acendeu um novo pavio na disputa interna pela vaga ao Senado na base governista. O deputado voltou a defender Rui Costa como candidato natural em 2026 e empurrou o Avante para o centro da articula\u00e7\u00e3o ao reivindicar a supl\u00eancia da chapa. A declara\u00e7\u00e3o mexeu com o tabuleiro e aumentou a tens\u00e3o com o PSD, que insiste na reelei\u00e7\u00e3o de \u00c2ngelo Coronel. Nos bastidores, aliados afirmam que a fala do parlamentar \u201cn\u00e3o caiu nada bem\u201d entre pessedistas e at\u00e9 provocou irrita\u00e7\u00e3o discreta no n\u00facleo duro do governo, incluindo nomes pr\u00f3ximos a Jaques Wagner. Afirmou Neto que o ministro da Casa Civil re\u00fane todos os requisitos para a disputa. \u201cA candidatura de Rui ao Senado \u00e9 natural. Ele foi um grande governador, \u00e9 hoje ministro de uma das pastas mais importantes do pa\u00eds e tem total qualifica\u00e7\u00e3o para ajudar ainda mais a Bahia. \u00c9 o nome certo\u201d, disse ao Pol\u00edtica Livre. Refor\u00e7ou ainda que o Avante tem \u201ctamanho e hist\u00f3ria\u201d para brigar por espa\u00e7o. \u201cNossa disposi\u00e7\u00e3o \u00e9 fortalecer o grupo. Supl\u00eancia de Rui seria uma honra\u201d, declarou. Fala deixou claro que o partido quer lugar garantido na chapa majorit\u00e1ria e que n\u00e3o pretende entrar silenciosamente no jogo. Cresceu a especula\u00e7\u00e3o ap\u00f3s o nome de Ronaldo Carletto, tio do deputado e presidente estadual do Avante, voltar ao radar da supl\u00eancia. Ele mant\u00e9m rela\u00e7\u00e3o antiga com Rui e j\u00e1 circula com desenvoltura nos corredores de articula\u00e7\u00e3o. Circulou tamb\u00e9m a informa\u00e7\u00e3o de que a defesa p\u00fablica de Neto acendeu alerta dentro do PSD. Sigla trabalha pela perman\u00eancia de Coronel e teme perder espa\u00e7o na chapa liderada por Jer\u00f4nimo Rodrigues. Pessoas pr\u00f3ximas ao senador tratam a movimenta\u00e7\u00e3o como \u201cfor\u00e7a desnecess\u00e1ria\u201d do Avante. Minimizou Neto qualquer possibilidade de racha. \u201cN\u00e3o acredito em divis\u00e3o. Vejo o grupo unido e com maturidade para construir a melhor solu\u00e7\u00e3o para a Bahia\u201d, disse. Apesar disso, nos bastidores, interlocutores reconhecem que o clima ficou menos pac\u00edfico ap\u00f3s as declara\u00e7\u00f5es. Comentou-se ainda que a insist\u00eancia do deputado teria causado inc\u00f4modo no entorno de Wagner, que prefere conduzir a escolha com sil\u00eancio, cautela e sem press\u00e3o p\u00fablica. Leitura \u00e9 que o movimento de Carletto antecipa um debate que o governo tentava segurar at\u00e9 2025. Apareceu o deputado no evento de anivers\u00e1rio do prefeito de Santa Cruz Cabr\u00e1lia, Girlei Laje, no s\u00e1bado (15). Ele estava acompanhado do ex-prefeito de Gandu L\u00e9o de Neco, prioridade do Avante para a Assembleia. Tamb\u00e9m marcaram presen\u00e7a F\u00e9lix Mendon\u00e7a J\u00fanior (PDT) e o prefeito de Porto Seguro, J\u00e2nio Natal (PL). Defendeu Neto a meta agressiva do Avante para 2026. \u201cNossa meta \u00e9 eleger sete deputados estaduais e quatro federais. Vamos repetir a f\u00f3rmula de sucesso de 2024\u201d, disse. Discurso refor\u00e7a que o partido quer mais espa\u00e7o e n\u00e3o vai abrir m\u00e3o de protagonismo. Com isso, a disputa pelo Senado entra oficialmente no clima de 2026. Defesa aberta do nome de Rui, as movimenta\u00e7\u00f5es do Avante e o sil\u00eancio inc\u00f4modo do PSD esquentam a pr\u00e9via e colocam mais press\u00e3o sobre a mesa de Jer\u00f4nimo. Resta saber como o governo vai reorganizar a conviv\u00eancia interna. Uma coisa \u00e9 certa: a fala de Neto Carletto jogou combust\u00edvel no debate e reacendeu a disputa pela vaga mais cobi\u00e7ada da chapa.","og_url":"https:\/\/sudoesteacontece.com.br\/?p=2792","og_site_name":"Sudoesteacontece","article_publisher":"https:\/\/www.facebook.com\/sudoesteacontece\/?locale=pt_BR","article_published_time":"2025-11-16T21:11:45+00:00","article_modified_time":"2025-11-16T21:11:46+00:00","og_image":[{"width":900,"height":600,"url":"https:\/\/sudoesteacontece.com.br\/wp-content\/uploads\/2025\/11\/Neto-Carletto-poe-fogo-no-parquinho-e-pressiona-PSD-por-vaga-ao-Senado-defesa-de-Rui-irrita-ala-governista-sudoeste-acontece.jpg","type":"image\/jpeg"}],"author":"Reda\u00e7\u00e3o","twitter_card":"summary_large_image","twitter_misc":{"Escrito por":"Reda\u00e7\u00e3o","Est. tempo de leitura":"3 minutos"},"schema":{"@context":"https:\/\/schema.org","@graph":[{"@type":"Article","@id":"https:\/\/sudoesteacontece.com.br\/?p=2792#article","isPartOf":{"@id":"https:\/\/sudoesteacontece.com.br\/?p=2792"},"author":{"name":"Reda\u00e7\u00e3o","@id":"https:\/\/sudoesteacontece.com.br\/#\/schema\/person\/a4f22429c1d0923ef8f7d43343f8dc38"},"headline":"Neto Carletto p\u00f5e fogo no parquinho e pressiona PSD por vaga ao Senado; defesa de Rui irrita ala governista","datePublished":"2025-11-16T21:11:45+00:00","dateModified":"2025-11-16T21:11:46+00:00","mainEntityOfPage":{"@id":"https:\/\/sudoesteacontece.com.br\/?p=2792"},"wordCount":610,"commentCount":0,"publisher":{"@id":"https:\/\/sudoesteacontece.com.br\/#organization"},"image":{"@id":"https:\/\/sudoesteacontece.com.br\/?p=2792#primaryimage"},"thumbnailUrl":"https:\/\/sudoesteacontece.com.br\/wp-content\/uploads\/2025\/11\/Neto-Carletto-poe-fogo-no-parquinho-e-pressiona-PSD-por-vaga-ao-Senado-defesa-de-Rui-irrita-ala-governista-sudoeste-acontece.jpg","articleSection":["Bahia","Cidades","Pol\u00edtica"],"inLanguage":"pt-BR","potentialAction":[{"@type":"CommentAction","name":"Comment","target":["https:\/\/sudoesteacontece.com.br\/?p=2792#respond"]}]},{"@type":"WebPage","@id":"https:\/\/sudoesteacontece.com.br\/?p=2792","url":"https:\/\/sudoesteacontece.com.br\/?p=2792","name":"Neto Carletto p\u00f5e fogo no parquinho e pressiona PSD por vaga ao Senado; defesa de Rui irrita ala governista - Sudoesteacontece","isPartOf":{"@id":"https:\/\/sudoesteacontece.com.br\/#website"},"primaryImageOfPage":{"@id":"https:\/\/sudoesteacontece.com.br\/?p=2792#primaryimage"},"image":{"@id":"https:\/\/sudoesteacontece.com.br\/?p=2792#primaryimage"},"thumbnailUrl":"https:\/\/sudoesteacontece.com.br\/wp-content\/uploads\/2025\/11\/Neto-Carletto-poe-fogo-no-parquinho-e-pressiona-PSD-por-vaga-ao-Senado-defesa-de-Rui-irrita-ala-governista-sudoeste-acontece.jpg","datePublished":"2025-11-16T21:11:45+00:00","dateModified":"2025-11-16T21:11:46+00:00","breadcrumb":{"@id":"https:\/\/sudoesteacontece.com.br\/?p=2792#breadcrumb"},"inLanguage":"pt-BR","potentialAction":[{"@type":"ReadAction","target":["https:\/\/sudoesteacontece.com.br\/?p=2792"]}]},{"@type":"ImageObject","inLanguage":"pt-BR","@id":"https:\/\/sudoesteacontece.com.br\/?p=2792#primaryimage","url":"https:\/\/sudoesteacontece.com.br\/wp-content\/uploads\/2025\/11\/Neto-Carletto-poe-fogo-no-parquinho-e-pressiona-PSD-por-vaga-ao-Senado-defesa-de-Rui-irrita-ala-governista-sudoeste-acontece.jpg","contentUrl":"https:\/\/sudoesteacontece.com.br\/wp-content\/uploads\/2025\/11\/Neto-Carletto-poe-fogo-no-parquinho-e-pressiona-PSD-por-vaga-ao-Senado-defesa-de-Rui-irrita-ala-governista-sudoeste-acontece.jpg","width":900,"height":600},{"@type":"BreadcrumbList","@id":"https:\/\/sudoesteacontece.com.br\/?p=2792#breadcrumb","itemListElement":[{"@type":"ListItem","position":1,"name":"In\u00edcio","item":"https:\/\/sudoesteacontece.com.br\/"},{"@type":"ListItem","position":2,"name":"Neto Carletto p\u00f5e fogo no parquinho e pressiona PSD por vaga ao Senado; defesa de Rui irrita ala governista"}]},{"@type":"WebSite","@id":"https:\/\/sudoesteacontece.com.br\/#website","url":"https:\/\/sudoesteacontece.com.br\/","name":"Sudoesteacontece","description":"","publisher":{"@id":"https:\/\/sudoesteacontece.com.br\/#organization"},"potentialAction":[{"@type":"SearchAction","target":{"@type":"EntryPoint","urlTemplate":"https:\/\/sudoesteacontece.com.br\/?s={search_term_string}"},"query-input":{"@type":"PropertyValueSpecification","valueRequired":true,"valueName":"search_term_string"}}],"inLanguage":"pt-BR"},{"@type":"Organization","@id":"https:\/\/sudoesteacontece.com.br\/#organization","name":"Sudoesteacontece","url":"https:\/\/sudoesteacontece.com.br\/","logo":{"@type":"ImageObject","inLanguage":"pt-BR","@id":"https:\/\/sudoesteacontece.com.br\/#\/schema\/logo\/image\/","url":"https:\/\/sudoesteacontece.com.br\/wp-content\/uploads\/2025\/12\/cropped-logo-2-180x180-1.png","contentUrl":"https:\/\/sudoesteacontece.com.br\/wp-content\/uploads\/2025\/12\/cropped-logo-2-180x180-1.png","width":180,"height":180,"caption":"Sudoesteacontece"},"image":{"@id":"https:\/\/sudoesteacontece.com.br\/#\/schema\/logo\/image\/"},"sameAs":["https:\/\/www.facebook.com\/sudoesteacontece\/?locale=pt_BR"]},{"@type":"Person","@id":"https:\/\/sudoesteacontece.com.br\/#\/schema\/person\/a4f22429c1d0923ef8f7d43343f8dc38","name":"Reda\u00e7\u00e3o","image":{"@type":"ImageObject","inLanguage":"pt-BR","@id":"https:\/\/sudoesteacontece.com.br\/#\/schema\/person\/image\/","url":"https:\/\/secure.gravatar.com\/avatar\/c3a5b3c93f268a709c25a2df414c629a96fb3b1b4bf97a94fb3f72e54ae76903?s=96&d=mm&r=g","contentUrl":"https:\/\/secure.gravatar.com\/avatar\/c3a5b3c93f268a709c25a2df414c629a96fb3b1b4bf97a94fb3f72e54ae76903?s=96&d=mm&r=g","caption":"Reda\u00e7\u00e3o"},"url":"https:\/\/sudoesteacontece.com.br\/?author=4"}]}},"_links":{"self":[{"href":"https:\/\/sudoesteacontece.com.br\/index.php?rest_route=\/wp\/v2\/posts\/2792","targetHints":{"allow":["GET"]}}],"collection":[{"href":"https:\/\/sudoesteacontece.com.br\/index.php?rest_route=\/wp\/v2\/posts"}],"about":[{"href":"https:\/\/sudoesteacontece.com.br\/index.php?rest_route=\/wp\/v2\/types\/post"}],"author":[{"embeddable":true,"href":"https:\/\/sudoesteacontece.com.br\/index.php?rest_route=\/wp\/v2\/users\/4"}],"replies":[{"embeddable":true,"href":"https:\/\/sudoesteacontece.com.br\/index.php?rest_route=%2Fwp%2Fv2%2Fcomments&post=2792"}],"version-history":[{"count":0,"href":"https:\/\/sudoesteacontece.com.br\/index.php?rest_route=\/wp\/v2\/posts\/2792\/revisions"}],"wp:featuredmedia":[{"embeddable":true,"href":"https:\/\/sudoesteacontece.com.br\/index.php?rest_route=\/wp\/v2\/media\/2793"}],"wp:attachment":[{"href":"https:\/\/sudoesteacontece.com.br\/index.php?rest_route=%2Fwp%2Fv2%2Fmedia&parent=2792"}],"wp:term":[{"taxonomy":"category","embeddable":true,"href":"https:\/\/sudoesteacontece.com.br\/index.php?rest_route=%2Fwp%2Fv2%2Fcategories&post=2792"},{"taxonomy":"post_tag","embeddable":true,"href":"https:\/\/sudoesteacontece.com.br\/index.php?rest_route=%2Fwp%2Fv2%2Ftags&post=2792"}],"curies":[{"name":"wp","href":"https:\/\/api.w.org\/{rel}","templated":true}]}}