{"id":2801,"date":"2025-11-17T09:29:10","date_gmt":"2025-11-17T12:29:10","guid":{"rendered":"https:\/\/sudoesteacontece.com.br\/?p=2801"},"modified":"2025-11-17T09:29:11","modified_gmt":"2025-11-17T12:29:11","slug":"livramento-prepara-grande-celebracao-do-dia-do-evangelico-em-dezembro","status":"publish","type":"post","link":"https:\/\/sudoesteacontece.com.br\/?p=2801","title":{"rendered":"Livramento prepara grande celebra\u00e7\u00e3o do Dia do Evang\u00e9lico em dezembro"},"content":{"rendered":"<div class=\"wp-block-image\">\n<figure class=\"aligncenter size-full\"><img fetchpriority=\"high\" decoding=\"async\" width=\"900\" height=\"600\" src=\"http:\/\/sudoesteacontece.com.br\/wp-content\/uploads\/2025\/11\/Nao-aguentamos-mais-quedas-de-energia-viram-pesadelo-na-regiao-de-Livramento-sudoeste-acontece.jpeg\" alt=\"\" class=\"wp-image-2271\" srcset=\"https:\/\/sudoesteacontece.com.br\/wp-content\/uploads\/2025\/11\/Nao-aguentamos-mais-quedas-de-energia-viram-pesadelo-na-regiao-de-Livramento-sudoeste-acontece.jpeg 900w, https:\/\/sudoesteacontece.com.br\/wp-content\/uploads\/2025\/11\/Nao-aguentamos-mais-quedas-de-energia-viram-pesadelo-na-regiao-de-Livramento-sudoeste-acontece-300x200.jpeg 300w, https:\/\/sudoesteacontece.com.br\/wp-content\/uploads\/2025\/11\/Nao-aguentamos-mais-quedas-de-energia-viram-pesadelo-na-regiao-de-Livramento-sudoeste-acontece-768x512.jpeg 768w\" sizes=\"(max-width: 900px) 100vw, 900px\" \/><figcaption class=\"wp-element-caption\">Foto Washington Tiago Sudoeste Acontece<\/figcaption><\/figure>\n<\/div>\n\n\n<p>Livramento de Nossa Senhora vai celebrar o Dia do Evang\u00e9lico nos dias 12 e 13 de dezembro, em um evento que deve reunir milhares de pessoas na Pra\u00e7a Coronel Zezinho Tanajura. Munic\u00edpio confirmou que igrejas evang\u00e9licas organizam a programa\u00e7\u00e3o com apoio da Prefeitura, da Secretaria de Cultura e Turismo e do Governo do Estado, por meio da Bahia Turismo.<\/p>\n\n\n\n<p>Comunidade aguarda a divulga\u00e7\u00e3o completa das atra\u00e7\u00f5es. A organiza\u00e7\u00e3o promete momentos de f\u00e9, louvor e integra\u00e7\u00e3o, al\u00e9m de apresenta\u00e7\u00f5es especiais para marcar a data. Igrejas trabalham na montagem da estrutura e definem atividades que devem envolver m\u00fasica, ora\u00e7\u00e3o coletiva e a\u00e7\u00f5es voltadas para fam\u00edlias, jovens e crian\u00e7as.<\/p>\n\n\n\n<p>Objetivo central \u00e9 fortalecer a uni\u00e3o entre os fi\u00e9is e transformar o centro da cidade em um espa\u00e7o de adora\u00e7\u00e3o e celebra\u00e7\u00e3o crist\u00e3. Clima de expectativa j\u00e1 movimenta os bastidores. Lideran\u00e7as religiosas destacam que o encontro refor\u00e7a valores de f\u00e9 e promove um ambiente seguro e acolhedor para toda a popula\u00e7\u00e3o.<\/p>\n","protected":false},"excerpt":{"rendered":"<p>Livramento de Nossa Senhora vai celebrar o Dia do Evang\u00e9lico nos dias 12 e 13 de dezembro, em um evento que deve reunir milhares de pessoas na Pra\u00e7a Coronel Zezinho Tanajura. Munic\u00edpio confirmou que igrejas evang\u00e9licas organizam a programa\u00e7\u00e3o com apoio da Prefeitura, da Secretaria de Cultura e Turismo e do Governo do Estado, por meio da Bahia Turismo. Comunidade aguarda a divulga\u00e7\u00e3o completa das atra\u00e7\u00f5es. A organiza\u00e7\u00e3o promete momentos de f\u00e9, louvor e integra\u00e7\u00e3o, al\u00e9m de apresenta\u00e7\u00f5es especiais para marcar a data. Igrejas trabalham na montagem da estrutura e definem atividades que devem envolver m\u00fasica, ora\u00e7\u00e3o coletiva e a\u00e7\u00f5es voltadas para fam\u00edlias, jovens e crian\u00e7as. Objetivo central \u00e9 fortalecer a uni\u00e3o entre os fi\u00e9is e transformar o centro da cidade em um espa\u00e7o de adora\u00e7\u00e3o e celebra\u00e7\u00e3o crist\u00e3. Clima de expectativa j\u00e1 movimenta os bastidores. Lideran\u00e7as religiosas destacam que o encontro refor\u00e7a valores de f\u00e9 e promove um ambiente seguro e acolhedor para toda a popula\u00e7\u00e3o.<\/p>\n","protected":false},"author":4,"featured_media":2271,"comment_status":"open","ping_status":"open","sticky":false,"template":"","format":"standard","meta":{"footnotes":""},"categories":[4,18,61],"tags":[],"class_list":["post-2801","post","type-post","status-publish","format-standard","has-post-thumbnail","hentry","category-cidades","category-livramento","category-religiao"],"yoast_head":"<!-- This site is optimized with the Yoast SEO plugin v26.5 - https:\/\/yoast.com\/wordpress\/plugins\/seo\/ -->\n<title>Livramento prepara grande celebra\u00e7\u00e3o do Dia do Evang\u00e9lico em dezembro - Sudoesteacontece<\/title>\n<meta name=\"robots\" content=\"index, follow, max-snippet:-1, max-image-preview:large, max-video-preview:-1\" \/>\n<link rel=\"canonical\" href=\"https:\/\/sudoesteacontece.com.br\/?p=2801\" \/>\n<meta property=\"og:locale\" content=\"pt_BR\" \/>\n<meta property=\"og:type\" content=\"article\" \/>\n<meta property=\"og:title\" content=\"Livramento prepara grande celebra\u00e7\u00e3o do Dia do Evang\u00e9lico em dezembro - Sudoesteacontece\" \/>\n<meta property=\"og:description\" content=\"Livramento de Nossa Senhora vai celebrar o Dia do Evang\u00e9lico nos dias 12 e 13 de dezembro, em um evento que deve reunir milhares de pessoas na Pra\u00e7a Coronel Zezinho Tanajura. Munic\u00edpio confirmou que igrejas evang\u00e9licas organizam a programa\u00e7\u00e3o com apoio da Prefeitura, da Secretaria de Cultura e Turismo e do Governo do Estado, por meio da Bahia Turismo. Comunidade aguarda a divulga\u00e7\u00e3o completa das atra\u00e7\u00f5es. A organiza\u00e7\u00e3o promete momentos de f\u00e9, louvor e integra\u00e7\u00e3o, al\u00e9m de apresenta\u00e7\u00f5es especiais para marcar a data. Igrejas trabalham na montagem da estrutura e definem atividades que devem envolver m\u00fasica, ora\u00e7\u00e3o coletiva e a\u00e7\u00f5es voltadas para fam\u00edlias, jovens e crian\u00e7as. Objetivo central \u00e9 fortalecer a uni\u00e3o entre os fi\u00e9is e transformar o centro da cidade em um espa\u00e7o de adora\u00e7\u00e3o e celebra\u00e7\u00e3o crist\u00e3. Clima de expectativa j\u00e1 movimenta os bastidores. Lideran\u00e7as religiosas destacam que o encontro refor\u00e7a valores de f\u00e9 e promove um ambiente seguro e acolhedor para toda a popula\u00e7\u00e3o.\" \/>\n<meta property=\"og:url\" content=\"https:\/\/sudoesteacontece.com.br\/?p=2801\" \/>\n<meta property=\"og:site_name\" content=\"Sudoesteacontece\" \/>\n<meta property=\"article:publisher\" content=\"https:\/\/www.facebook.com\/sudoesteacontece\/?locale=pt_BR\" \/>\n<meta property=\"article:published_time\" content=\"2025-11-17T12:29:10+00:00\" \/>\n<meta property=\"article:modified_time\" content=\"2025-11-17T12:29:11+00:00\" \/>\n<meta property=\"og:image\" content=\"https:\/\/sudoesteacontece.com.br\/wp-content\/uploads\/2025\/11\/Nao-aguentamos-mais-quedas-de-energia-viram-pesadelo-na-regiao-de-Livramento-sudoeste-acontece.jpeg\" \/>\n\t<meta property=\"og:image:width\" content=\"900\" \/>\n\t<meta property=\"og:image:height\" content=\"600\" \/>\n\t<meta property=\"og:image:type\" content=\"image\/jpeg\" \/>\n<meta name=\"author\" content=\"Reda\u00e7\u00e3o\" \/>\n<meta name=\"twitter:card\" content=\"summary_large_image\" \/>\n<meta name=\"twitter:label1\" content=\"Escrito por\" \/>\n\t<meta name=\"twitter:data1\" content=\"Reda\u00e7\u00e3o\" \/>\n\t<meta name=\"twitter:label2\" content=\"Est. tempo de leitura\" \/>\n\t<meta name=\"twitter:data2\" content=\"1 minuto\" \/>\n<script type=\"application\/ld+json\" class=\"yoast-schema-graph\">{\"@context\":\"https:\/\/schema.org\",\"@graph\":[{\"@type\":\"Article\",\"@id\":\"https:\/\/sudoesteacontece.com.br\/?p=2801#article\",\"isPartOf\":{\"@id\":\"https:\/\/sudoesteacontece.com.br\/?p=2801\"},\"author\":{\"name\":\"Reda\u00e7\u00e3o\",\"@id\":\"https:\/\/sudoesteacontece.com.br\/#\/schema\/person\/a4f22429c1d0923ef8f7d43343f8dc38\"},\"headline\":\"Livramento prepara grande celebra\u00e7\u00e3o do Dia do Evang\u00e9lico em dezembro\",\"datePublished\":\"2025-11-17T12:29:10+00:00\",\"dateModified\":\"2025-11-17T12:29:11+00:00\",\"mainEntityOfPage\":{\"@id\":\"https:\/\/sudoesteacontece.com.br\/?p=2801\"},\"wordCount\":195,\"commentCount\":0,\"publisher\":{\"@id\":\"https:\/\/sudoesteacontece.com.br\/#organization\"},\"image\":{\"@id\":\"https:\/\/sudoesteacontece.com.br\/?p=2801#primaryimage\"},\"thumbnailUrl\":\"https:\/\/sudoesteacontece.com.br\/wp-content\/uploads\/2025\/11\/Nao-aguentamos-mais-quedas-de-energia-viram-pesadelo-na-regiao-de-Livramento-sudoeste-acontece.jpeg\",\"articleSection\":[\"Cidades\",\"Livramento\",\"Religi\u00e3o\"],\"inLanguage\":\"pt-BR\",\"potentialAction\":[{\"@type\":\"CommentAction\",\"name\":\"Comment\",\"target\":[\"https:\/\/sudoesteacontece.com.br\/?p=2801#respond\"]}]},{\"@type\":\"WebPage\",\"@id\":\"https:\/\/sudoesteacontece.com.br\/?p=2801\",\"url\":\"https:\/\/sudoesteacontece.com.br\/?p=2801\",\"name\":\"Livramento prepara grande celebra\u00e7\u00e3o do Dia do Evang\u00e9lico em dezembro - Sudoesteacontece\",\"isPartOf\":{\"@id\":\"https:\/\/sudoesteacontece.com.br\/#website\"},\"primaryImageOfPage\":{\"@id\":\"https:\/\/sudoesteacontece.com.br\/?p=2801#primaryimage\"},\"image\":{\"@id\":\"https:\/\/sudoesteacontece.com.br\/?p=2801#primaryimage\"},\"thumbnailUrl\":\"https:\/\/sudoesteacontece.com.br\/wp-content\/uploads\/2025\/11\/Nao-aguentamos-mais-quedas-de-energia-viram-pesadelo-na-regiao-de-Livramento-sudoeste-acontece.jpeg\",\"datePublished\":\"2025-11-17T12:29:10+00:00\",\"dateModified\":\"2025-11-17T12:29:11+00:00\",\"breadcrumb\":{\"@id\":\"https:\/\/sudoesteacontece.com.br\/?p=2801#breadcrumb\"},\"inLanguage\":\"pt-BR\",\"potentialAction\":[{\"@type\":\"ReadAction\",\"target\":[\"https:\/\/sudoesteacontece.com.br\/?p=2801\"]}]},{\"@type\":\"ImageObject\",\"inLanguage\":\"pt-BR\",\"@id\":\"https:\/\/sudoesteacontece.com.br\/?p=2801#primaryimage\",\"url\":\"https:\/\/sudoesteacontece.com.br\/wp-content\/uploads\/2025\/11\/Nao-aguentamos-mais-quedas-de-energia-viram-pesadelo-na-regiao-de-Livramento-sudoeste-acontece.jpeg\",\"contentUrl\":\"https:\/\/sudoesteacontece.com.br\/wp-content\/uploads\/2025\/11\/Nao-aguentamos-mais-quedas-de-energia-viram-pesadelo-na-regiao-de-Livramento-sudoeste-acontece.jpeg\",\"width\":900,\"height\":600,\"caption\":\"Foto Washington Tiago Sudoeste Acontece\"},{\"@type\":\"BreadcrumbList\",\"@id\":\"https:\/\/sudoesteacontece.com.br\/?p=2801#breadcrumb\",\"itemListElement\":[{\"@type\":\"ListItem\",\"position\":1,\"name\":\"In\u00edcio\",\"item\":\"https:\/\/sudoesteacontece.com.br\/\"},{\"@type\":\"ListItem\",\"position\":2,\"name\":\"Livramento prepara grande celebra\u00e7\u00e3o do Dia do Evang\u00e9lico em dezembro\"}]},{\"@type\":\"WebSite\",\"@id\":\"https:\/\/sudoesteacontece.com.br\/#website\",\"url\":\"https:\/\/sudoesteacontece.com.br\/\",\"name\":\"Sudoesteacontece\",\"description\":\"\",\"publisher\":{\"@id\":\"https:\/\/sudoesteacontece.com.br\/#organization\"},\"potentialAction\":[{\"@type\":\"SearchAction\",\"target\":{\"@type\":\"EntryPoint\",\"urlTemplate\":\"https:\/\/sudoesteacontece.com.br\/?s={search_term_string}\"},\"query-input\":{\"@type\":\"PropertyValueSpecification\",\"valueRequired\":true,\"valueName\":\"search_term_string\"}}],\"inLanguage\":\"pt-BR\"},{\"@type\":\"Organization\",\"@id\":\"https:\/\/sudoesteacontece.com.br\/#organization\",\"name\":\"Sudoesteacontece\",\"url\":\"https:\/\/sudoesteacontece.com.br\/\",\"logo\":{\"@type\":\"ImageObject\",\"inLanguage\":\"pt-BR\",\"@id\":\"https:\/\/sudoesteacontece.com.br\/#\/schema\/logo\/image\/\",\"url\":\"https:\/\/sudoesteacontece.com.br\/wp-content\/uploads\/2025\/12\/cropped-logo-2-180x180-1.png\",\"contentUrl\":\"https:\/\/sudoesteacontece.com.br\/wp-content\/uploads\/2025\/12\/cropped-logo-2-180x180-1.png\",\"width\":180,\"height\":180,\"caption\":\"Sudoesteacontece\"},\"image\":{\"@id\":\"https:\/\/sudoesteacontece.com.br\/#\/schema\/logo\/image\/\"},\"sameAs\":[\"https:\/\/www.facebook.com\/sudoesteacontece\/?locale=pt_BR\"]},{\"@type\":\"Person\",\"@id\":\"https:\/\/sudoesteacontece.com.br\/#\/schema\/person\/a4f22429c1d0923ef8f7d43343f8dc38\",\"name\":\"Reda\u00e7\u00e3o\",\"image\":{\"@type\":\"ImageObject\",\"inLanguage\":\"pt-BR\",\"@id\":\"https:\/\/sudoesteacontece.com.br\/#\/schema\/person\/image\/\",\"url\":\"https:\/\/secure.gravatar.com\/avatar\/c3a5b3c93f268a709c25a2df414c629a96fb3b1b4bf97a94fb3f72e54ae76903?s=96&d=mm&r=g\",\"contentUrl\":\"https:\/\/secure.gravatar.com\/avatar\/c3a5b3c93f268a709c25a2df414c629a96fb3b1b4bf97a94fb3f72e54ae76903?s=96&d=mm&r=g\",\"caption\":\"Reda\u00e7\u00e3o\"},\"url\":\"https:\/\/sudoesteacontece.com.br\/?author=4\"}]}<\/script>\n<!-- \/ Yoast SEO plugin. -->","yoast_head_json":{"title":"Livramento prepara grande celebra\u00e7\u00e3o do Dia do Evang\u00e9lico em dezembro - Sudoesteacontece","robots":{"index":"index","follow":"follow","max-snippet":"max-snippet:-1","max-image-preview":"max-image-preview:large","max-video-preview":"max-video-preview:-1"},"canonical":"https:\/\/sudoesteacontece.com.br\/?p=2801","og_locale":"pt_BR","og_type":"article","og_title":"Livramento prepara grande celebra\u00e7\u00e3o do Dia do Evang\u00e9lico em dezembro - Sudoesteacontece","og_description":"Livramento de Nossa Senhora vai celebrar o Dia do Evang\u00e9lico nos dias 12 e 13 de dezembro, em um evento que deve reunir milhares de pessoas na Pra\u00e7a Coronel Zezinho Tanajura. Munic\u00edpio confirmou que igrejas evang\u00e9licas organizam a programa\u00e7\u00e3o com apoio da Prefeitura, da Secretaria de Cultura e Turismo e do Governo do Estado, por meio da Bahia Turismo. Comunidade aguarda a divulga\u00e7\u00e3o completa das atra\u00e7\u00f5es. A organiza\u00e7\u00e3o promete momentos de f\u00e9, louvor e integra\u00e7\u00e3o, al\u00e9m de apresenta\u00e7\u00f5es especiais para marcar a data. Igrejas trabalham na montagem da estrutura e definem atividades que devem envolver m\u00fasica, ora\u00e7\u00e3o coletiva e a\u00e7\u00f5es voltadas para fam\u00edlias, jovens e crian\u00e7as. Objetivo central \u00e9 fortalecer a uni\u00e3o entre os fi\u00e9is e transformar o centro da cidade em um espa\u00e7o de adora\u00e7\u00e3o e celebra\u00e7\u00e3o crist\u00e3. Clima de expectativa j\u00e1 movimenta os bastidores. Lideran\u00e7as religiosas destacam que o encontro refor\u00e7a valores de f\u00e9 e promove um ambiente seguro e acolhedor para toda a popula\u00e7\u00e3o.","og_url":"https:\/\/sudoesteacontece.com.br\/?p=2801","og_site_name":"Sudoesteacontece","article_publisher":"https:\/\/www.facebook.com\/sudoesteacontece\/?locale=pt_BR","article_published_time":"2025-11-17T12:29:10+00:00","article_modified_time":"2025-11-17T12:29:11+00:00","og_image":[{"width":900,"height":600,"url":"https:\/\/sudoesteacontece.com.br\/wp-content\/uploads\/2025\/11\/Nao-aguentamos-mais-quedas-de-energia-viram-pesadelo-na-regiao-de-Livramento-sudoeste-acontece.jpeg","type":"image\/jpeg"}],"author":"Reda\u00e7\u00e3o","twitter_card":"summary_large_image","twitter_misc":{"Escrito por":"Reda\u00e7\u00e3o","Est. tempo de leitura":"1 minuto"},"schema":{"@context":"https:\/\/schema.org","@graph":[{"@type":"Article","@id":"https:\/\/sudoesteacontece.com.br\/?p=2801#article","isPartOf":{"@id":"https:\/\/sudoesteacontece.com.br\/?p=2801"},"author":{"name":"Reda\u00e7\u00e3o","@id":"https:\/\/sudoesteacontece.com.br\/#\/schema\/person\/a4f22429c1d0923ef8f7d43343f8dc38"},"headline":"Livramento prepara grande celebra\u00e7\u00e3o do Dia do Evang\u00e9lico em dezembro","datePublished":"2025-11-17T12:29:10+00:00","dateModified":"2025-11-17T12:29:11+00:00","mainEntityOfPage":{"@id":"https:\/\/sudoesteacontece.com.br\/?p=2801"},"wordCount":195,"commentCount":0,"publisher":{"@id":"https:\/\/sudoesteacontece.com.br\/#organization"},"image":{"@id":"https:\/\/sudoesteacontece.com.br\/?p=2801#primaryimage"},"thumbnailUrl":"https:\/\/sudoesteacontece.com.br\/wp-content\/uploads\/2025\/11\/Nao-aguentamos-mais-quedas-de-energia-viram-pesadelo-na-regiao-de-Livramento-sudoeste-acontece.jpeg","articleSection":["Cidades","Livramento","Religi\u00e3o"],"inLanguage":"pt-BR","potentialAction":[{"@type":"CommentAction","name":"Comment","target":["https:\/\/sudoesteacontece.com.br\/?p=2801#respond"]}]},{"@type":"WebPage","@id":"https:\/\/sudoesteacontece.com.br\/?p=2801","url":"https:\/\/sudoesteacontece.com.br\/?p=2801","name":"Livramento prepara grande celebra\u00e7\u00e3o do Dia do Evang\u00e9lico em dezembro - Sudoesteacontece","isPartOf":{"@id":"https:\/\/sudoesteacontece.com.br\/#website"},"primaryImageOfPage":{"@id":"https:\/\/sudoesteacontece.com.br\/?p=2801#primaryimage"},"image":{"@id":"https:\/\/sudoesteacontece.com.br\/?p=2801#primaryimage"},"thumbnailUrl":"https:\/\/sudoesteacontece.com.br\/wp-content\/uploads\/2025\/11\/Nao-aguentamos-mais-quedas-de-energia-viram-pesadelo-na-regiao-de-Livramento-sudoeste-acontece.jpeg","datePublished":"2025-11-17T12:29:10+00:00","dateModified":"2025-11-17T12:29:11+00:00","breadcrumb":{"@id":"https:\/\/sudoesteacontece.com.br\/?p=2801#breadcrumb"},"inLanguage":"pt-BR","potentialAction":[{"@type":"ReadAction","target":["https:\/\/sudoesteacontece.com.br\/?p=2801"]}]},{"@type":"ImageObject","inLanguage":"pt-BR","@id":"https:\/\/sudoesteacontece.com.br\/?p=2801#primaryimage","url":"https:\/\/sudoesteacontece.com.br\/wp-content\/uploads\/2025\/11\/Nao-aguentamos-mais-quedas-de-energia-viram-pesadelo-na-regiao-de-Livramento-sudoeste-acontece.jpeg","contentUrl":"https:\/\/sudoesteacontece.com.br\/wp-content\/uploads\/2025\/11\/Nao-aguentamos-mais-quedas-de-energia-viram-pesadelo-na-regiao-de-Livramento-sudoeste-acontece.jpeg","width":900,"height":600,"caption":"Foto Washington Tiago Sudoeste Acontece"},{"@type":"BreadcrumbList","@id":"https:\/\/sudoesteacontece.com.br\/?p=2801#breadcrumb","itemListElement":[{"@type":"ListItem","position":1,"name":"In\u00edcio","item":"https:\/\/sudoesteacontece.com.br\/"},{"@type":"ListItem","position":2,"name":"Livramento prepara grande celebra\u00e7\u00e3o do Dia do Evang\u00e9lico em dezembro"}]},{"@type":"WebSite","@id":"https:\/\/sudoesteacontece.com.br\/#website","url":"https:\/\/sudoesteacontece.com.br\/","name":"Sudoesteacontece","description":"","publisher":{"@id":"https:\/\/sudoesteacontece.com.br\/#organization"},"potentialAction":[{"@type":"SearchAction","target":{"@type":"EntryPoint","urlTemplate":"https:\/\/sudoesteacontece.com.br\/?s={search_term_string}"},"query-input":{"@type":"PropertyValueSpecification","valueRequired":true,"valueName":"search_term_string"}}],"inLanguage":"pt-BR"},{"@type":"Organization","@id":"https:\/\/sudoesteacontece.com.br\/#organization","name":"Sudoesteacontece","url":"https:\/\/sudoesteacontece.com.br\/","logo":{"@type":"ImageObject","inLanguage":"pt-BR","@id":"https:\/\/sudoesteacontece.com.br\/#\/schema\/logo\/image\/","url":"https:\/\/sudoesteacontece.com.br\/wp-content\/uploads\/2025\/12\/cropped-logo-2-180x180-1.png","contentUrl":"https:\/\/sudoesteacontece.com.br\/wp-content\/uploads\/2025\/12\/cropped-logo-2-180x180-1.png","width":180,"height":180,"caption":"Sudoesteacontece"},"image":{"@id":"https:\/\/sudoesteacontece.com.br\/#\/schema\/logo\/image\/"},"sameAs":["https:\/\/www.facebook.com\/sudoesteacontece\/?locale=pt_BR"]},{"@type":"Person","@id":"https:\/\/sudoesteacontece.com.br\/#\/schema\/person\/a4f22429c1d0923ef8f7d43343f8dc38","name":"Reda\u00e7\u00e3o","image":{"@type":"ImageObject","inLanguage":"pt-BR","@id":"https:\/\/sudoesteacontece.com.br\/#\/schema\/person\/image\/","url":"https:\/\/secure.gravatar.com\/avatar\/c3a5b3c93f268a709c25a2df414c629a96fb3b1b4bf97a94fb3f72e54ae76903?s=96&d=mm&r=g","contentUrl":"https:\/\/secure.gravatar.com\/avatar\/c3a5b3c93f268a709c25a2df414c629a96fb3b1b4bf97a94fb3f72e54ae76903?s=96&d=mm&r=g","caption":"Reda\u00e7\u00e3o"},"url":"https:\/\/sudoesteacontece.com.br\/?author=4"}]}},"_links":{"self":[{"href":"https:\/\/sudoesteacontece.com.br\/index.php?rest_route=\/wp\/v2\/posts\/2801","targetHints":{"allow":["GET"]}}],"collection":[{"href":"https:\/\/sudoesteacontece.com.br\/index.php?rest_route=\/wp\/v2\/posts"}],"about":[{"href":"https:\/\/sudoesteacontece.com.br\/index.php?rest_route=\/wp\/v2\/types\/post"}],"author":[{"embeddable":true,"href":"https:\/\/sudoesteacontece.com.br\/index.php?rest_route=\/wp\/v2\/users\/4"}],"replies":[{"embeddable":true,"href":"https:\/\/sudoesteacontece.com.br\/index.php?rest_route=%2Fwp%2Fv2%2Fcomments&post=2801"}],"version-history":[{"count":0,"href":"https:\/\/sudoesteacontece.com.br\/index.php?rest_route=\/wp\/v2\/posts\/2801\/revisions"}],"wp:featuredmedia":[{"embeddable":true,"href":"https:\/\/sudoesteacontece.com.br\/index.php?rest_route=\/wp\/v2\/media\/2271"}],"wp:attachment":[{"href":"https:\/\/sudoesteacontece.com.br\/index.php?rest_route=%2Fwp%2Fv2%2Fmedia&parent=2801"}],"wp:term":[{"taxonomy":"category","embeddable":true,"href":"https:\/\/sudoesteacontece.com.br\/index.php?rest_route=%2Fwp%2Fv2%2Fcategories&post=2801"},{"taxonomy":"post_tag","embeddable":true,"href":"https:\/\/sudoesteacontece.com.br\/index.php?rest_route=%2Fwp%2Fv2%2Ftags&post=2801"}],"curies":[{"name":"wp","href":"https:\/\/api.w.org\/{rel}","templated":true}]}}