{"id":2810,"date":"2025-11-17T09:45:44","date_gmt":"2025-11-17T12:45:44","guid":{"rendered":"https:\/\/sudoesteacontece.com.br\/?p=2810"},"modified":"2025-11-17T09:45:46","modified_gmt":"2025-11-17T12:45:46","slug":"reality-raiz-boninho-lanca-novo-programa-e-manda-recado-afiado-nas-redes-sociais","status":"publish","type":"post","link":"https:\/\/sudoesteacontece.com.br\/?p=2810","title":{"rendered":"Reality \u201cRaiz\u201d: Boninho lan\u00e7a novo programa e manda recado afiado nas redes sociais"},"content":{"rendered":"<div class=\"wp-block-image\">\n<figure class=\"aligncenter size-full\"><img fetchpriority=\"high\" decoding=\"async\" width=\"900\" height=\"600\" src=\"http:\/\/sudoesteacontece.com.br\/wp-content\/uploads\/2025\/11\/Reality-Raiz-Boninho-lanca-novo-programa-e-manda-recado-afiado-nas-redes-sociais-sudoeste-acontece.jpg\" alt=\"\" class=\"wp-image-2825\" srcset=\"https:\/\/sudoesteacontece.com.br\/wp-content\/uploads\/2025\/11\/Reality-Raiz-Boninho-lanca-novo-programa-e-manda-recado-afiado-nas-redes-sociais-sudoeste-acontece.jpg 900w, https:\/\/sudoesteacontece.com.br\/wp-content\/uploads\/2025\/11\/Reality-Raiz-Boninho-lanca-novo-programa-e-manda-recado-afiado-nas-redes-sociais-sudoeste-acontece-300x200.jpg 300w, https:\/\/sudoesteacontece.com.br\/wp-content\/uploads\/2025\/11\/Reality-Raiz-Boninho-lanca-novo-programa-e-manda-recado-afiado-nas-redes-sociais-sudoeste-acontece-768x512.jpg 768w\" sizes=\"(max-width: 900px) 100vw, 900px\" \/><\/figure>\n<\/div>\n\n\n<p>Boninho surpreendeu os f\u00e3s de reality show ao anunciar, neste domingo (16), a cria\u00e7\u00e3o de um novo formato que promete resgatar o esp\u00edrito das primeiras competi\u00e7\u00f5es da TV brasileira. O diretor chamou o projeto de \u201cA Casa do Patr\u00e3o\u201d e descreveu como um reality raiz, com foco em participantes comuns.<\/p>\n\n\n\n<p>Ideia apresentada por ele no Instagram veio acompanhada de uma alfinetada direta aos perfis que vivem de exposi\u00e7\u00e3o online. Diretor deixou claro que n\u00e3o quer \u201ccelebridades instant\u00e2neas\u201d no elenco. Segundo ele, o programa deve apostar em gente real, longe do glamour e da disputa por engajamento.<\/p>\n\n\n\n<p>Mensagem refor\u00e7ada por Boninho ganhou destaque no v\u00eddeo de divulga\u00e7\u00e3o. Ele pediu que os interessados enviem um material simples explicando por que devem ser escolhidos. Disse ainda que \u201cquanto menos influencer, blogueirinho e ativo nas redes, melhor\u201d. Acrescentou que n\u00e3o haver\u00e1 espa\u00e7o para \u201cex\u201d, \u201csubcelebridades\u201d ou participantes j\u00e1 conhecidos do p\u00fablico.<\/p>\n\n\n\n<p>Formato previsto para estrear entre abril e julho de 2026 deve ser exibido na Record e tamb\u00e9m na Disney Plus, plataformas marcadas pelo diretor na publica\u00e7\u00e3o. Proposta pretende buscar espontaneidade, conviv\u00eancia intensa e comportamento sem filtros, elementos cada vez mais cobrados pelos f\u00e3s do g\u00eanero.<\/p>\n","protected":false},"excerpt":{"rendered":"<p>Boninho surpreendeu os f\u00e3s de reality show ao anunciar, neste domingo (16), a cria\u00e7\u00e3o de um novo formato que promete resgatar o esp\u00edrito das primeiras competi\u00e7\u00f5es da TV brasileira. O diretor chamou o projeto de \u201cA Casa do Patr\u00e3o\u201d e descreveu como um reality raiz, com foco em participantes comuns. Ideia apresentada por ele no Instagram veio acompanhada de uma alfinetada direta aos perfis que vivem de exposi\u00e7\u00e3o online. Diretor deixou claro que n\u00e3o quer \u201ccelebridades instant\u00e2neas\u201d no elenco. Segundo ele, o programa deve apostar em gente real, longe do glamour e da disputa por engajamento. Mensagem refor\u00e7ada por Boninho ganhou destaque no v\u00eddeo de divulga\u00e7\u00e3o. Ele pediu que os interessados enviem um material simples explicando por que devem ser escolhidos. Disse ainda que \u201cquanto menos influencer, blogueirinho e ativo nas redes, melhor\u201d. Acrescentou que n\u00e3o haver\u00e1 espa\u00e7o para \u201cex\u201d, \u201csubcelebridades\u201d ou participantes j\u00e1 conhecidos do p\u00fablico. Formato previsto para estrear entre abril e julho de 2026 deve ser exibido na Record e tamb\u00e9m na Disney Plus, plataformas marcadas pelo diretor na publica\u00e7\u00e3o. Proposta pretende buscar espontaneidade, conviv\u00eancia intensa e comportamento sem filtros, elementos cada vez mais cobrados pelos f\u00e3s do g\u00eanero.<\/p>\n","protected":false},"author":2,"featured_media":2825,"comment_status":"open","ping_status":"open","sticky":false,"template":"","format":"standard","meta":{"footnotes":""},"categories":[16],"tags":[],"class_list":["post-2810","post","type-post","status-publish","format-standard","has-post-thumbnail","hentry","category-tv-radio-e-cinema"],"yoast_head":"<!-- This site is optimized with the Yoast SEO plugin v26.5 - https:\/\/yoast.com\/wordpress\/plugins\/seo\/ -->\n<title>Reality \u201cRaiz\u201d: Boninho lan\u00e7a novo programa e manda recado afiado nas redes sociais - Sudoesteacontece<\/title>\n<meta name=\"robots\" content=\"index, follow, max-snippet:-1, max-image-preview:large, max-video-preview:-1\" \/>\n<link rel=\"canonical\" href=\"https:\/\/sudoesteacontece.com.br\/?p=2810\" \/>\n<meta property=\"og:locale\" content=\"pt_BR\" \/>\n<meta property=\"og:type\" content=\"article\" \/>\n<meta property=\"og:title\" content=\"Reality \u201cRaiz\u201d: Boninho lan\u00e7a novo programa e manda recado afiado nas redes sociais - Sudoesteacontece\" \/>\n<meta property=\"og:description\" content=\"Boninho surpreendeu os f\u00e3s de reality show ao anunciar, neste domingo (16), a cria\u00e7\u00e3o de um novo formato que promete resgatar o esp\u00edrito das primeiras competi\u00e7\u00f5es da TV brasileira. O diretor chamou o projeto de \u201cA Casa do Patr\u00e3o\u201d e descreveu como um reality raiz, com foco em participantes comuns. Ideia apresentada por ele no Instagram veio acompanhada de uma alfinetada direta aos perfis que vivem de exposi\u00e7\u00e3o online. Diretor deixou claro que n\u00e3o quer \u201ccelebridades instant\u00e2neas\u201d no elenco. Segundo ele, o programa deve apostar em gente real, longe do glamour e da disputa por engajamento. Mensagem refor\u00e7ada por Boninho ganhou destaque no v\u00eddeo de divulga\u00e7\u00e3o. Ele pediu que os interessados enviem um material simples explicando por que devem ser escolhidos. Disse ainda que \u201cquanto menos influencer, blogueirinho e ativo nas redes, melhor\u201d. Acrescentou que n\u00e3o haver\u00e1 espa\u00e7o para \u201cex\u201d, \u201csubcelebridades\u201d ou participantes j\u00e1 conhecidos do p\u00fablico. Formato previsto para estrear entre abril e julho de 2026 deve ser exibido na Record e tamb\u00e9m na Disney Plus, plataformas marcadas pelo diretor na publica\u00e7\u00e3o. Proposta pretende buscar espontaneidade, conviv\u00eancia intensa e comportamento sem filtros, elementos cada vez mais cobrados pelos f\u00e3s do g\u00eanero.\" \/>\n<meta property=\"og:url\" content=\"https:\/\/sudoesteacontece.com.br\/?p=2810\" \/>\n<meta property=\"og:site_name\" content=\"Sudoesteacontece\" \/>\n<meta property=\"article:publisher\" content=\"https:\/\/www.facebook.com\/sudoesteacontece\/?locale=pt_BR\" \/>\n<meta property=\"article:published_time\" content=\"2025-11-17T12:45:44+00:00\" \/>\n<meta property=\"article:modified_time\" content=\"2025-11-17T12:45:46+00:00\" \/>\n<meta property=\"og:image\" content=\"https:\/\/sudoesteacontece.com.br\/wp-content\/uploads\/2025\/11\/Reality-Raiz-Boninho-lanca-novo-programa-e-manda-recado-afiado-nas-redes-sociais-sudoeste-acontece.jpg\" \/>\n\t<meta property=\"og:image:width\" content=\"900\" \/>\n\t<meta property=\"og:image:height\" content=\"600\" \/>\n\t<meta property=\"og:image:type\" content=\"image\/jpeg\" \/>\n<meta name=\"author\" content=\"Washington Tiago\" \/>\n<meta name=\"twitter:card\" content=\"summary_large_image\" \/>\n<meta name=\"twitter:label1\" content=\"Escrito por\" \/>\n\t<meta name=\"twitter:data1\" content=\"Washington Tiago\" \/>\n\t<meta name=\"twitter:label2\" content=\"Est. tempo de leitura\" \/>\n\t<meta name=\"twitter:data2\" content=\"1 minuto\" \/>\n<script type=\"application\/ld+json\" class=\"yoast-schema-graph\">{\"@context\":\"https:\/\/schema.org\",\"@graph\":[{\"@type\":\"Article\",\"@id\":\"https:\/\/sudoesteacontece.com.br\/?p=2810#article\",\"isPartOf\":{\"@id\":\"https:\/\/sudoesteacontece.com.br\/?p=2810\"},\"author\":{\"name\":\"Washington Tiago\",\"@id\":\"https:\/\/sudoesteacontece.com.br\/#\/schema\/person\/3cf2cf009926a9683ebc29d5379fa79c\"},\"headline\":\"Reality \u201cRaiz\u201d: Boninho lan\u00e7a novo programa e manda recado afiado nas redes sociais\",\"datePublished\":\"2025-11-17T12:45:44+00:00\",\"dateModified\":\"2025-11-17T12:45:46+00:00\",\"mainEntityOfPage\":{\"@id\":\"https:\/\/sudoesteacontece.com.br\/?p=2810\"},\"wordCount\":223,\"commentCount\":0,\"publisher\":{\"@id\":\"https:\/\/sudoesteacontece.com.br\/#organization\"},\"image\":{\"@id\":\"https:\/\/sudoesteacontece.com.br\/?p=2810#primaryimage\"},\"thumbnailUrl\":\"https:\/\/sudoesteacontece.com.br\/wp-content\/uploads\/2025\/11\/Reality-Raiz-Boninho-lanca-novo-programa-e-manda-recado-afiado-nas-redes-sociais-sudoeste-acontece.jpg\",\"articleSection\":[\"TV, R\u00e1dio e Cinema\"],\"inLanguage\":\"pt-BR\",\"potentialAction\":[{\"@type\":\"CommentAction\",\"name\":\"Comment\",\"target\":[\"https:\/\/sudoesteacontece.com.br\/?p=2810#respond\"]}]},{\"@type\":\"WebPage\",\"@id\":\"https:\/\/sudoesteacontece.com.br\/?p=2810\",\"url\":\"https:\/\/sudoesteacontece.com.br\/?p=2810\",\"name\":\"Reality \u201cRaiz\u201d: Boninho lan\u00e7a novo programa e manda recado afiado nas redes sociais - Sudoesteacontece\",\"isPartOf\":{\"@id\":\"https:\/\/sudoesteacontece.com.br\/#website\"},\"primaryImageOfPage\":{\"@id\":\"https:\/\/sudoesteacontece.com.br\/?p=2810#primaryimage\"},\"image\":{\"@id\":\"https:\/\/sudoesteacontece.com.br\/?p=2810#primaryimage\"},\"thumbnailUrl\":\"https:\/\/sudoesteacontece.com.br\/wp-content\/uploads\/2025\/11\/Reality-Raiz-Boninho-lanca-novo-programa-e-manda-recado-afiado-nas-redes-sociais-sudoeste-acontece.jpg\",\"datePublished\":\"2025-11-17T12:45:44+00:00\",\"dateModified\":\"2025-11-17T12:45:46+00:00\",\"breadcrumb\":{\"@id\":\"https:\/\/sudoesteacontece.com.br\/?p=2810#breadcrumb\"},\"inLanguage\":\"pt-BR\",\"potentialAction\":[{\"@type\":\"ReadAction\",\"target\":[\"https:\/\/sudoesteacontece.com.br\/?p=2810\"]}]},{\"@type\":\"ImageObject\",\"inLanguage\":\"pt-BR\",\"@id\":\"https:\/\/sudoesteacontece.com.br\/?p=2810#primaryimage\",\"url\":\"https:\/\/sudoesteacontece.com.br\/wp-content\/uploads\/2025\/11\/Reality-Raiz-Boninho-lanca-novo-programa-e-manda-recado-afiado-nas-redes-sociais-sudoeste-acontece.jpg\",\"contentUrl\":\"https:\/\/sudoesteacontece.com.br\/wp-content\/uploads\/2025\/11\/Reality-Raiz-Boninho-lanca-novo-programa-e-manda-recado-afiado-nas-redes-sociais-sudoeste-acontece.jpg\",\"width\":900,\"height\":600},{\"@type\":\"BreadcrumbList\",\"@id\":\"https:\/\/sudoesteacontece.com.br\/?p=2810#breadcrumb\",\"itemListElement\":[{\"@type\":\"ListItem\",\"position\":1,\"name\":\"In\u00edcio\",\"item\":\"https:\/\/sudoesteacontece.com.br\/\"},{\"@type\":\"ListItem\",\"position\":2,\"name\":\"Reality \u201cRaiz\u201d: Boninho lan\u00e7a novo programa e manda recado afiado nas redes sociais\"}]},{\"@type\":\"WebSite\",\"@id\":\"https:\/\/sudoesteacontece.com.br\/#website\",\"url\":\"https:\/\/sudoesteacontece.com.br\/\",\"name\":\"Sudoesteacontece\",\"description\":\"\",\"publisher\":{\"@id\":\"https:\/\/sudoesteacontece.com.br\/#organization\"},\"potentialAction\":[{\"@type\":\"SearchAction\",\"target\":{\"@type\":\"EntryPoint\",\"urlTemplate\":\"https:\/\/sudoesteacontece.com.br\/?s={search_term_string}\"},\"query-input\":{\"@type\":\"PropertyValueSpecification\",\"valueRequired\":true,\"valueName\":\"search_term_string\"}}],\"inLanguage\":\"pt-BR\"},{\"@type\":\"Organization\",\"@id\":\"https:\/\/sudoesteacontece.com.br\/#organization\",\"name\":\"Sudoesteacontece\",\"url\":\"https:\/\/sudoesteacontece.com.br\/\",\"logo\":{\"@type\":\"ImageObject\",\"inLanguage\":\"pt-BR\",\"@id\":\"https:\/\/sudoesteacontece.com.br\/#\/schema\/logo\/image\/\",\"url\":\"https:\/\/sudoesteacontece.com.br\/wp-content\/uploads\/2025\/12\/cropped-logo-2-180x180-1.png\",\"contentUrl\":\"https:\/\/sudoesteacontece.com.br\/wp-content\/uploads\/2025\/12\/cropped-logo-2-180x180-1.png\",\"width\":180,\"height\":180,\"caption\":\"Sudoesteacontece\"},\"image\":{\"@id\":\"https:\/\/sudoesteacontece.com.br\/#\/schema\/logo\/image\/\"},\"sameAs\":[\"https:\/\/www.facebook.com\/sudoesteacontece\/?locale=pt_BR\"]},{\"@type\":\"Person\",\"@id\":\"https:\/\/sudoesteacontece.com.br\/#\/schema\/person\/3cf2cf009926a9683ebc29d5379fa79c\",\"name\":\"Washington Tiago\",\"image\":{\"@type\":\"ImageObject\",\"inLanguage\":\"pt-BR\",\"@id\":\"https:\/\/sudoesteacontece.com.br\/#\/schema\/person\/image\/\",\"url\":\"https:\/\/secure.gravatar.com\/avatar\/33c43b8668157e040f9d1fe93c354bf087cbd8ba36270c1163198bd3ddcf2a56?s=96&d=mm&r=g\",\"contentUrl\":\"https:\/\/secure.gravatar.com\/avatar\/33c43b8668157e040f9d1fe93c354bf087cbd8ba36270c1163198bd3ddcf2a56?s=96&d=mm&r=g\",\"caption\":\"Washington Tiago\"},\"url\":\"https:\/\/sudoesteacontece.com.br\/?author=2\"}]}<\/script>\n<!-- \/ Yoast SEO plugin. -->","yoast_head_json":{"title":"Reality \u201cRaiz\u201d: Boninho lan\u00e7a novo programa e manda recado afiado nas redes sociais - Sudoesteacontece","robots":{"index":"index","follow":"follow","max-snippet":"max-snippet:-1","max-image-preview":"max-image-preview:large","max-video-preview":"max-video-preview:-1"},"canonical":"https:\/\/sudoesteacontece.com.br\/?p=2810","og_locale":"pt_BR","og_type":"article","og_title":"Reality \u201cRaiz\u201d: Boninho lan\u00e7a novo programa e manda recado afiado nas redes sociais - Sudoesteacontece","og_description":"Boninho surpreendeu os f\u00e3s de reality show ao anunciar, neste domingo (16), a cria\u00e7\u00e3o de um novo formato que promete resgatar o esp\u00edrito das primeiras competi\u00e7\u00f5es da TV brasileira. O diretor chamou o projeto de \u201cA Casa do Patr\u00e3o\u201d e descreveu como um reality raiz, com foco em participantes comuns. Ideia apresentada por ele no Instagram veio acompanhada de uma alfinetada direta aos perfis que vivem de exposi\u00e7\u00e3o online. Diretor deixou claro que n\u00e3o quer \u201ccelebridades instant\u00e2neas\u201d no elenco. Segundo ele, o programa deve apostar em gente real, longe do glamour e da disputa por engajamento. Mensagem refor\u00e7ada por Boninho ganhou destaque no v\u00eddeo de divulga\u00e7\u00e3o. Ele pediu que os interessados enviem um material simples explicando por que devem ser escolhidos. Disse ainda que \u201cquanto menos influencer, blogueirinho e ativo nas redes, melhor\u201d. Acrescentou que n\u00e3o haver\u00e1 espa\u00e7o para \u201cex\u201d, \u201csubcelebridades\u201d ou participantes j\u00e1 conhecidos do p\u00fablico. Formato previsto para estrear entre abril e julho de 2026 deve ser exibido na Record e tamb\u00e9m na Disney Plus, plataformas marcadas pelo diretor na publica\u00e7\u00e3o. Proposta pretende buscar espontaneidade, conviv\u00eancia intensa e comportamento sem filtros, elementos cada vez mais cobrados pelos f\u00e3s do g\u00eanero.","og_url":"https:\/\/sudoesteacontece.com.br\/?p=2810","og_site_name":"Sudoesteacontece","article_publisher":"https:\/\/www.facebook.com\/sudoesteacontece\/?locale=pt_BR","article_published_time":"2025-11-17T12:45:44+00:00","article_modified_time":"2025-11-17T12:45:46+00:00","og_image":[{"width":900,"height":600,"url":"https:\/\/sudoesteacontece.com.br\/wp-content\/uploads\/2025\/11\/Reality-Raiz-Boninho-lanca-novo-programa-e-manda-recado-afiado-nas-redes-sociais-sudoeste-acontece.jpg","type":"image\/jpeg"}],"author":"Washington Tiago","twitter_card":"summary_large_image","twitter_misc":{"Escrito por":"Washington Tiago","Est. tempo de leitura":"1 minuto"},"schema":{"@context":"https:\/\/schema.org","@graph":[{"@type":"Article","@id":"https:\/\/sudoesteacontece.com.br\/?p=2810#article","isPartOf":{"@id":"https:\/\/sudoesteacontece.com.br\/?p=2810"},"author":{"name":"Washington Tiago","@id":"https:\/\/sudoesteacontece.com.br\/#\/schema\/person\/3cf2cf009926a9683ebc29d5379fa79c"},"headline":"Reality \u201cRaiz\u201d: Boninho lan\u00e7a novo programa e manda recado afiado nas redes sociais","datePublished":"2025-11-17T12:45:44+00:00","dateModified":"2025-11-17T12:45:46+00:00","mainEntityOfPage":{"@id":"https:\/\/sudoesteacontece.com.br\/?p=2810"},"wordCount":223,"commentCount":0,"publisher":{"@id":"https:\/\/sudoesteacontece.com.br\/#organization"},"image":{"@id":"https:\/\/sudoesteacontece.com.br\/?p=2810#primaryimage"},"thumbnailUrl":"https:\/\/sudoesteacontece.com.br\/wp-content\/uploads\/2025\/11\/Reality-Raiz-Boninho-lanca-novo-programa-e-manda-recado-afiado-nas-redes-sociais-sudoeste-acontece.jpg","articleSection":["TV, R\u00e1dio e Cinema"],"inLanguage":"pt-BR","potentialAction":[{"@type":"CommentAction","name":"Comment","target":["https:\/\/sudoesteacontece.com.br\/?p=2810#respond"]}]},{"@type":"WebPage","@id":"https:\/\/sudoesteacontece.com.br\/?p=2810","url":"https:\/\/sudoesteacontece.com.br\/?p=2810","name":"Reality \u201cRaiz\u201d: Boninho lan\u00e7a novo programa e manda recado afiado nas redes sociais - Sudoesteacontece","isPartOf":{"@id":"https:\/\/sudoesteacontece.com.br\/#website"},"primaryImageOfPage":{"@id":"https:\/\/sudoesteacontece.com.br\/?p=2810#primaryimage"},"image":{"@id":"https:\/\/sudoesteacontece.com.br\/?p=2810#primaryimage"},"thumbnailUrl":"https:\/\/sudoesteacontece.com.br\/wp-content\/uploads\/2025\/11\/Reality-Raiz-Boninho-lanca-novo-programa-e-manda-recado-afiado-nas-redes-sociais-sudoeste-acontece.jpg","datePublished":"2025-11-17T12:45:44+00:00","dateModified":"2025-11-17T12:45:46+00:00","breadcrumb":{"@id":"https:\/\/sudoesteacontece.com.br\/?p=2810#breadcrumb"},"inLanguage":"pt-BR","potentialAction":[{"@type":"ReadAction","target":["https:\/\/sudoesteacontece.com.br\/?p=2810"]}]},{"@type":"ImageObject","inLanguage":"pt-BR","@id":"https:\/\/sudoesteacontece.com.br\/?p=2810#primaryimage","url":"https:\/\/sudoesteacontece.com.br\/wp-content\/uploads\/2025\/11\/Reality-Raiz-Boninho-lanca-novo-programa-e-manda-recado-afiado-nas-redes-sociais-sudoeste-acontece.jpg","contentUrl":"https:\/\/sudoesteacontece.com.br\/wp-content\/uploads\/2025\/11\/Reality-Raiz-Boninho-lanca-novo-programa-e-manda-recado-afiado-nas-redes-sociais-sudoeste-acontece.jpg","width":900,"height":600},{"@type":"BreadcrumbList","@id":"https:\/\/sudoesteacontece.com.br\/?p=2810#breadcrumb","itemListElement":[{"@type":"ListItem","position":1,"name":"In\u00edcio","item":"https:\/\/sudoesteacontece.com.br\/"},{"@type":"ListItem","position":2,"name":"Reality \u201cRaiz\u201d: Boninho lan\u00e7a novo programa e manda recado afiado nas redes sociais"}]},{"@type":"WebSite","@id":"https:\/\/sudoesteacontece.com.br\/#website","url":"https:\/\/sudoesteacontece.com.br\/","name":"Sudoesteacontece","description":"","publisher":{"@id":"https:\/\/sudoesteacontece.com.br\/#organization"},"potentialAction":[{"@type":"SearchAction","target":{"@type":"EntryPoint","urlTemplate":"https:\/\/sudoesteacontece.com.br\/?s={search_term_string}"},"query-input":{"@type":"PropertyValueSpecification","valueRequired":true,"valueName":"search_term_string"}}],"inLanguage":"pt-BR"},{"@type":"Organization","@id":"https:\/\/sudoesteacontece.com.br\/#organization","name":"Sudoesteacontece","url":"https:\/\/sudoesteacontece.com.br\/","logo":{"@type":"ImageObject","inLanguage":"pt-BR","@id":"https:\/\/sudoesteacontece.com.br\/#\/schema\/logo\/image\/","url":"https:\/\/sudoesteacontece.com.br\/wp-content\/uploads\/2025\/12\/cropped-logo-2-180x180-1.png","contentUrl":"https:\/\/sudoesteacontece.com.br\/wp-content\/uploads\/2025\/12\/cropped-logo-2-180x180-1.png","width":180,"height":180,"caption":"Sudoesteacontece"},"image":{"@id":"https:\/\/sudoesteacontece.com.br\/#\/schema\/logo\/image\/"},"sameAs":["https:\/\/www.facebook.com\/sudoesteacontece\/?locale=pt_BR"]},{"@type":"Person","@id":"https:\/\/sudoesteacontece.com.br\/#\/schema\/person\/3cf2cf009926a9683ebc29d5379fa79c","name":"Washington Tiago","image":{"@type":"ImageObject","inLanguage":"pt-BR","@id":"https:\/\/sudoesteacontece.com.br\/#\/schema\/person\/image\/","url":"https:\/\/secure.gravatar.com\/avatar\/33c43b8668157e040f9d1fe93c354bf087cbd8ba36270c1163198bd3ddcf2a56?s=96&d=mm&r=g","contentUrl":"https:\/\/secure.gravatar.com\/avatar\/33c43b8668157e040f9d1fe93c354bf087cbd8ba36270c1163198bd3ddcf2a56?s=96&d=mm&r=g","caption":"Washington Tiago"},"url":"https:\/\/sudoesteacontece.com.br\/?author=2"}]}},"_links":{"self":[{"href":"https:\/\/sudoesteacontece.com.br\/index.php?rest_route=\/wp\/v2\/posts\/2810","targetHints":{"allow":["GET"]}}],"collection":[{"href":"https:\/\/sudoesteacontece.com.br\/index.php?rest_route=\/wp\/v2\/posts"}],"about":[{"href":"https:\/\/sudoesteacontece.com.br\/index.php?rest_route=\/wp\/v2\/types\/post"}],"author":[{"embeddable":true,"href":"https:\/\/sudoesteacontece.com.br\/index.php?rest_route=\/wp\/v2\/users\/2"}],"replies":[{"embeddable":true,"href":"https:\/\/sudoesteacontece.com.br\/index.php?rest_route=%2Fwp%2Fv2%2Fcomments&post=2810"}],"version-history":[{"count":0,"href":"https:\/\/sudoesteacontece.com.br\/index.php?rest_route=\/wp\/v2\/posts\/2810\/revisions"}],"wp:featuredmedia":[{"embeddable":true,"href":"https:\/\/sudoesteacontece.com.br\/index.php?rest_route=\/wp\/v2\/media\/2825"}],"wp:attachment":[{"href":"https:\/\/sudoesteacontece.com.br\/index.php?rest_route=%2Fwp%2Fv2%2Fmedia&parent=2810"}],"wp:term":[{"taxonomy":"category","embeddable":true,"href":"https:\/\/sudoesteacontece.com.br\/index.php?rest_route=%2Fwp%2Fv2%2Fcategories&post=2810"},{"taxonomy":"post_tag","embeddable":true,"href":"https:\/\/sudoesteacontece.com.br\/index.php?rest_route=%2Fwp%2Fv2%2Ftags&post=2810"}],"curies":[{"name":"wp","href":"https:\/\/api.w.org\/{rel}","templated":true}]}}