{"id":2811,"date":"2025-11-17T09:55:18","date_gmt":"2025-11-17T12:55:18","guid":{"rendered":"https:\/\/sudoesteacontece.com.br\/?p=2811"},"modified":"2025-11-17T09:55:19","modified_gmt":"2025-11-17T12:55:19","slug":"apreensao-na-bahia-expoe-rota-internacional-de-armas-e-elo-do-comando-vermelho-com-politicos","status":"publish","type":"post","link":"https:\/\/sudoesteacontece.com.br\/?p=2811","title":{"rendered":"Apreens\u00e3o na Bahia exp\u00f5e rota internacional de armas e elo do Comando Vermelho com pol\u00edticos"},"content":{"rendered":"<div class=\"wp-block-image\">\n<figure class=\"aligncenter size-full\"><img fetchpriority=\"high\" decoding=\"async\" width=\"900\" height=\"600\" src=\"http:\/\/sudoesteacontece.com.br\/wp-content\/uploads\/2025\/11\/Apreensao-na-Bahia-expoe-rota-internacional-de-armas-e-elo-do-Comando-Vermelho-com-politicos.jpg\" alt=\"\" class=\"wp-image-2828\" srcset=\"https:\/\/sudoesteacontece.com.br\/wp-content\/uploads\/2025\/11\/Apreensao-na-Bahia-expoe-rota-internacional-de-armas-e-elo-do-Comando-Vermelho-com-politicos.jpg 900w, https:\/\/sudoesteacontece.com.br\/wp-content\/uploads\/2025\/11\/Apreensao-na-Bahia-expoe-rota-internacional-de-armas-e-elo-do-Comando-Vermelho-com-politicos-300x200.jpg 300w, https:\/\/sudoesteacontece.com.br\/wp-content\/uploads\/2025\/11\/Apreensao-na-Bahia-expoe-rota-internacional-de-armas-e-elo-do-Comando-Vermelho-com-politicos-768x512.jpg 768w\" sizes=\"(max-width: 900px) 100vw, 900px\" \/><\/figure>\n<\/div>\n\n\n<p>Uma apreens\u00e3o feita na Bahia acabou se tornando pe\u00e7a-chave para revelar um esquema internacional de armas com ramifica\u00e7\u00f5es na pol\u00edtica do Rio de Janeiro. Investiga\u00e7\u00e3o come\u00e7ou em novembro de 2020, quando a Pol\u00edcia Rodovi\u00e1ria Federal (PRF) encontrou 23 pistolas croatas dentro de um \u00f4nibus de turismo na BR-116, em Vit\u00f3ria da Conquista.<\/p>\n\n\n\n<p>Descoberta acendeu um alerta na Pol\u00edcia Federal. Em pouco mais de um ano, cerca de cem armas iguais apareceram em apreens\u00f5es feitas em v\u00e1rios estados. Peritos conseguiram recuperar n\u00fameros de s\u00e9rie e rastrear a origem at\u00e9 a empresa International Auto Supply (IAS), no Paraguai. A partir da\u00ed, a PF quebrou sigilos, analisou documentos e identificou um esquema que envolvia importa\u00e7\u00f5es simuladas, n\u00fameros raspados e corrup\u00e7\u00e3o dentro da Dimabel, \u00f3rg\u00e3o respons\u00e1vel pelo controle de armas no pa\u00eds vizinho.<\/p>\n\n\n\n<p>A Bahia, onde tudo come\u00e7ou, se tornou um dos pontos de partida para desbaratar a quadrilha. A investiga\u00e7\u00e3o levou \u00e0 Opera\u00e7\u00e3o Dakovo, em 2023, que mirou militares paraguaios e o empres\u00e1rio Diego Hernan Dir\u00edsio, apontado como o maior contrabandista de armas da regi\u00e3o.<\/p>\n\n\n\n<p>As apura\u00e7\u00f5es revelaram que fac\u00e7\u00f5es brasileiras abasteciam seus arsenais com as armas enviadas pelo esquema. Entre os compradores estavam l\u00edderes do Comando Vermelho, como \u201cProfessor\u201d, do Complexo do Alem\u00e3o, e \u201c\u00cdndio\u201d, chefe do tr\u00e1fico em Duque de Caxias.<\/p>\n\n\n\n<p>Conversas extra\u00eddas de celulares ampliaram o caso e mostraram aproxima\u00e7\u00e3o do crime organizado com figuras da pol\u00edtica fluminense. Pol\u00edcia Federal identificou trocas de mensagens envolvendo o deputado estadual TH Joias, al\u00e9m de um ex-secret\u00e1rio e um secret\u00e1rio do governo do Rio. Os di\u00e1logos sugerem interfer\u00eancia no policiamento, propina, pedidos de \u201capoio pol\u00edtico\u201d e at\u00e9 negocia\u00e7\u00e3o para recuperar ve\u00edculos roubados.<\/p>\n\n\n\n<p>Fase mais recente da investiga\u00e7\u00e3o levou \u00e0 Opera\u00e7\u00e3o Zargun, que prendeu \u201c\u00cdndio\u201d, TH Joias e outros envolvidos. A Pol\u00edcia Federal continua analisando documentos para entender a profundidade da infiltra\u00e7\u00e3o do Comando Vermelho em estruturas p\u00fablicas, um esquema que ganhou luz gra\u00e7as a uma apreens\u00e3o feita em Vit\u00f3ria da Conquista, no sudoeste da Bahia, e hoje revela conex\u00f5es que atravessam fronteiras e gabinetes.<\/p>\n","protected":false},"excerpt":{"rendered":"<p>Uma apreens\u00e3o feita na Bahia acabou se tornando pe\u00e7a-chave para revelar um esquema internacional de armas com ramifica\u00e7\u00f5es na pol\u00edtica do Rio de Janeiro. Investiga\u00e7\u00e3o come\u00e7ou em novembro de 2020, quando a Pol\u00edcia Rodovi\u00e1ria Federal (PRF) encontrou 23 pistolas croatas dentro de um \u00f4nibus de turismo na BR-116, em Vit\u00f3ria da Conquista. Descoberta acendeu um alerta na Pol\u00edcia Federal. Em pouco mais de um ano, cerca de cem armas iguais apareceram em apreens\u00f5es feitas em v\u00e1rios estados. Peritos conseguiram recuperar n\u00fameros de s\u00e9rie e rastrear a origem at\u00e9 a empresa International Auto Supply (IAS), no Paraguai. A partir da\u00ed, a PF quebrou sigilos, analisou documentos e identificou um esquema que envolvia importa\u00e7\u00f5es simuladas, n\u00fameros raspados e corrup\u00e7\u00e3o dentro da Dimabel, \u00f3rg\u00e3o respons\u00e1vel pelo controle de armas no pa\u00eds vizinho. A Bahia, onde tudo come\u00e7ou, se tornou um dos pontos de partida para desbaratar a quadrilha. A investiga\u00e7\u00e3o levou \u00e0 Opera\u00e7\u00e3o Dakovo, em 2023, que mirou militares paraguaios e o empres\u00e1rio Diego Hernan Dir\u00edsio, apontado como o maior contrabandista de armas da regi\u00e3o. As apura\u00e7\u00f5es revelaram que fac\u00e7\u00f5es brasileiras abasteciam seus arsenais com as armas enviadas pelo esquema. Entre os compradores estavam l\u00edderes do Comando Vermelho, como \u201cProfessor\u201d, do Complexo do Alem\u00e3o, e \u201c\u00cdndio\u201d, chefe do tr\u00e1fico em Duque de Caxias. Conversas extra\u00eddas de celulares ampliaram o caso e mostraram aproxima\u00e7\u00e3o do crime organizado com figuras da pol\u00edtica fluminense. Pol\u00edcia Federal identificou trocas de mensagens envolvendo o deputado estadual TH Joias, al\u00e9m de um ex-secret\u00e1rio e um secret\u00e1rio do governo do Rio. Os di\u00e1logos sugerem interfer\u00eancia no policiamento, propina, pedidos de \u201capoio pol\u00edtico\u201d e at\u00e9 negocia\u00e7\u00e3o para recuperar ve\u00edculos roubados. Fase mais recente da investiga\u00e7\u00e3o levou \u00e0 Opera\u00e7\u00e3o Zargun, que prendeu \u201c\u00cdndio\u201d, TH Joias e outros envolvidos. A Pol\u00edcia Federal continua analisando documentos para entender a profundidade da infiltra\u00e7\u00e3o do Comando Vermelho em estruturas p\u00fablicas, um esquema que ganhou luz gra\u00e7as a uma apreens\u00e3o feita em Vit\u00f3ria da Conquista, no sudoeste da Bahia, e hoje revela conex\u00f5es que atravessam fronteiras e gabinetes.<\/p>\n","protected":false},"author":2,"featured_media":2828,"comment_status":"open","ping_status":"open","sticky":false,"template":"","format":"standard","meta":{"footnotes":""},"categories":[7,53,3,8],"tags":[],"class_list":["post-2811","post","type-post","status-publish","format-standard","has-post-thumbnail","hentry","category-bahia","category-brasil","category-policia","category-vitoria-da-conquista"],"yoast_head":"<!-- This site is optimized with the Yoast SEO plugin v26.5 - https:\/\/yoast.com\/wordpress\/plugins\/seo\/ -->\n<title>Apreens\u00e3o na Bahia exp\u00f5e rota internacional de armas e elo do Comando Vermelho com pol\u00edticos - Sudoesteacontece<\/title>\n<meta name=\"robots\" content=\"index, follow, max-snippet:-1, max-image-preview:large, max-video-preview:-1\" \/>\n<link rel=\"canonical\" href=\"https:\/\/sudoesteacontece.com.br\/?p=2811\" \/>\n<meta property=\"og:locale\" content=\"pt_BR\" \/>\n<meta property=\"og:type\" content=\"article\" \/>\n<meta property=\"og:title\" content=\"Apreens\u00e3o na Bahia exp\u00f5e rota internacional de armas e elo do Comando Vermelho com pol\u00edticos - Sudoesteacontece\" \/>\n<meta property=\"og:description\" content=\"Uma apreens\u00e3o feita na Bahia acabou se tornando pe\u00e7a-chave para revelar um esquema internacional de armas com ramifica\u00e7\u00f5es na pol\u00edtica do Rio de Janeiro. Investiga\u00e7\u00e3o come\u00e7ou em novembro de 2020, quando a Pol\u00edcia Rodovi\u00e1ria Federal (PRF) encontrou 23 pistolas croatas dentro de um \u00f4nibus de turismo na BR-116, em Vit\u00f3ria da Conquista. Descoberta acendeu um alerta na Pol\u00edcia Federal. Em pouco mais de um ano, cerca de cem armas iguais apareceram em apreens\u00f5es feitas em v\u00e1rios estados. Peritos conseguiram recuperar n\u00fameros de s\u00e9rie e rastrear a origem at\u00e9 a empresa International Auto Supply (IAS), no Paraguai. A partir da\u00ed, a PF quebrou sigilos, analisou documentos e identificou um esquema que envolvia importa\u00e7\u00f5es simuladas, n\u00fameros raspados e corrup\u00e7\u00e3o dentro da Dimabel, \u00f3rg\u00e3o respons\u00e1vel pelo controle de armas no pa\u00eds vizinho. A Bahia, onde tudo come\u00e7ou, se tornou um dos pontos de partida para desbaratar a quadrilha. A investiga\u00e7\u00e3o levou \u00e0 Opera\u00e7\u00e3o Dakovo, em 2023, que mirou militares paraguaios e o empres\u00e1rio Diego Hernan Dir\u00edsio, apontado como o maior contrabandista de armas da regi\u00e3o. As apura\u00e7\u00f5es revelaram que fac\u00e7\u00f5es brasileiras abasteciam seus arsenais com as armas enviadas pelo esquema. Entre os compradores estavam l\u00edderes do Comando Vermelho, como \u201cProfessor\u201d, do Complexo do Alem\u00e3o, e \u201c\u00cdndio\u201d, chefe do tr\u00e1fico em Duque de Caxias. Conversas extra\u00eddas de celulares ampliaram o caso e mostraram aproxima\u00e7\u00e3o do crime organizado com figuras da pol\u00edtica fluminense. Pol\u00edcia Federal identificou trocas de mensagens envolvendo o deputado estadual TH Joias, al\u00e9m de um ex-secret\u00e1rio e um secret\u00e1rio do governo do Rio. Os di\u00e1logos sugerem interfer\u00eancia no policiamento, propina, pedidos de \u201capoio pol\u00edtico\u201d e at\u00e9 negocia\u00e7\u00e3o para recuperar ve\u00edculos roubados. Fase mais recente da investiga\u00e7\u00e3o levou \u00e0 Opera\u00e7\u00e3o Zargun, que prendeu \u201c\u00cdndio\u201d, TH Joias e outros envolvidos. A Pol\u00edcia Federal continua analisando documentos para entender a profundidade da infiltra\u00e7\u00e3o do Comando Vermelho em estruturas p\u00fablicas, um esquema que ganhou luz gra\u00e7as a uma apreens\u00e3o feita em Vit\u00f3ria da Conquista, no sudoeste da Bahia, e hoje revela conex\u00f5es que atravessam fronteiras e gabinetes.\" \/>\n<meta property=\"og:url\" content=\"https:\/\/sudoesteacontece.com.br\/?p=2811\" \/>\n<meta property=\"og:site_name\" content=\"Sudoesteacontece\" \/>\n<meta property=\"article:publisher\" content=\"https:\/\/www.facebook.com\/sudoesteacontece\/?locale=pt_BR\" \/>\n<meta property=\"article:published_time\" content=\"2025-11-17T12:55:18+00:00\" \/>\n<meta property=\"article:modified_time\" content=\"2025-11-17T12:55:19+00:00\" \/>\n<meta property=\"og:image\" content=\"https:\/\/sudoesteacontece.com.br\/wp-content\/uploads\/2025\/11\/Apreensao-na-Bahia-expoe-rota-internacional-de-armas-e-elo-do-Comando-Vermelho-com-politicos.jpg\" \/>\n\t<meta property=\"og:image:width\" content=\"900\" \/>\n\t<meta property=\"og:image:height\" content=\"600\" \/>\n\t<meta property=\"og:image:type\" content=\"image\/jpeg\" \/>\n<meta name=\"author\" content=\"Washington Tiago\" \/>\n<meta name=\"twitter:card\" content=\"summary_large_image\" \/>\n<meta name=\"twitter:label1\" content=\"Escrito por\" \/>\n\t<meta name=\"twitter:data1\" content=\"Washington Tiago\" \/>\n\t<meta name=\"twitter:label2\" content=\"Est. tempo de leitura\" \/>\n\t<meta name=\"twitter:data2\" content=\"2 minutos\" \/>\n<script type=\"application\/ld+json\" class=\"yoast-schema-graph\">{\"@context\":\"https:\/\/schema.org\",\"@graph\":[{\"@type\":\"Article\",\"@id\":\"https:\/\/sudoesteacontece.com.br\/?p=2811#article\",\"isPartOf\":{\"@id\":\"https:\/\/sudoesteacontece.com.br\/?p=2811\"},\"author\":{\"name\":\"Washington Tiago\",\"@id\":\"https:\/\/sudoesteacontece.com.br\/#\/schema\/person\/3cf2cf009926a9683ebc29d5379fa79c\"},\"headline\":\"Apreens\u00e3o na Bahia exp\u00f5e rota internacional de armas e elo do Comando Vermelho com pol\u00edticos\",\"datePublished\":\"2025-11-17T12:55:18+00:00\",\"dateModified\":\"2025-11-17T12:55:19+00:00\",\"mainEntityOfPage\":{\"@id\":\"https:\/\/sudoesteacontece.com.br\/?p=2811\"},\"wordCount\":396,\"commentCount\":0,\"publisher\":{\"@id\":\"https:\/\/sudoesteacontece.com.br\/#organization\"},\"image\":{\"@id\":\"https:\/\/sudoesteacontece.com.br\/?p=2811#primaryimage\"},\"thumbnailUrl\":\"https:\/\/sudoesteacontece.com.br\/wp-content\/uploads\/2025\/11\/Apreensao-na-Bahia-expoe-rota-internacional-de-armas-e-elo-do-Comando-Vermelho-com-politicos.jpg\",\"articleSection\":[\"Bahia\",\"Brasil\",\"Pol\u00edcia\",\"Vit\u00f3ria da Conquista\"],\"inLanguage\":\"pt-BR\",\"potentialAction\":[{\"@type\":\"CommentAction\",\"name\":\"Comment\",\"target\":[\"https:\/\/sudoesteacontece.com.br\/?p=2811#respond\"]}]},{\"@type\":\"WebPage\",\"@id\":\"https:\/\/sudoesteacontece.com.br\/?p=2811\",\"url\":\"https:\/\/sudoesteacontece.com.br\/?p=2811\",\"name\":\"Apreens\u00e3o na Bahia exp\u00f5e rota internacional de armas e elo do Comando Vermelho com pol\u00edticos - Sudoesteacontece\",\"isPartOf\":{\"@id\":\"https:\/\/sudoesteacontece.com.br\/#website\"},\"primaryImageOfPage\":{\"@id\":\"https:\/\/sudoesteacontece.com.br\/?p=2811#primaryimage\"},\"image\":{\"@id\":\"https:\/\/sudoesteacontece.com.br\/?p=2811#primaryimage\"},\"thumbnailUrl\":\"https:\/\/sudoesteacontece.com.br\/wp-content\/uploads\/2025\/11\/Apreensao-na-Bahia-expoe-rota-internacional-de-armas-e-elo-do-Comando-Vermelho-com-politicos.jpg\",\"datePublished\":\"2025-11-17T12:55:18+00:00\",\"dateModified\":\"2025-11-17T12:55:19+00:00\",\"breadcrumb\":{\"@id\":\"https:\/\/sudoesteacontece.com.br\/?p=2811#breadcrumb\"},\"inLanguage\":\"pt-BR\",\"potentialAction\":[{\"@type\":\"ReadAction\",\"target\":[\"https:\/\/sudoesteacontece.com.br\/?p=2811\"]}]},{\"@type\":\"ImageObject\",\"inLanguage\":\"pt-BR\",\"@id\":\"https:\/\/sudoesteacontece.com.br\/?p=2811#primaryimage\",\"url\":\"https:\/\/sudoesteacontece.com.br\/wp-content\/uploads\/2025\/11\/Apreensao-na-Bahia-expoe-rota-internacional-de-armas-e-elo-do-Comando-Vermelho-com-politicos.jpg\",\"contentUrl\":\"https:\/\/sudoesteacontece.com.br\/wp-content\/uploads\/2025\/11\/Apreensao-na-Bahia-expoe-rota-internacional-de-armas-e-elo-do-Comando-Vermelho-com-politicos.jpg\",\"width\":900,\"height\":600},{\"@type\":\"BreadcrumbList\",\"@id\":\"https:\/\/sudoesteacontece.com.br\/?p=2811#breadcrumb\",\"itemListElement\":[{\"@type\":\"ListItem\",\"position\":1,\"name\":\"In\u00edcio\",\"item\":\"https:\/\/sudoesteacontece.com.br\/\"},{\"@type\":\"ListItem\",\"position\":2,\"name\":\"Apreens\u00e3o na Bahia exp\u00f5e rota internacional de armas e elo do Comando Vermelho com pol\u00edticos\"}]},{\"@type\":\"WebSite\",\"@id\":\"https:\/\/sudoesteacontece.com.br\/#website\",\"url\":\"https:\/\/sudoesteacontece.com.br\/\",\"name\":\"Sudoesteacontece\",\"description\":\"\",\"publisher\":{\"@id\":\"https:\/\/sudoesteacontece.com.br\/#organization\"},\"potentialAction\":[{\"@type\":\"SearchAction\",\"target\":{\"@type\":\"EntryPoint\",\"urlTemplate\":\"https:\/\/sudoesteacontece.com.br\/?s={search_term_string}\"},\"query-input\":{\"@type\":\"PropertyValueSpecification\",\"valueRequired\":true,\"valueName\":\"search_term_string\"}}],\"inLanguage\":\"pt-BR\"},{\"@type\":\"Organization\",\"@id\":\"https:\/\/sudoesteacontece.com.br\/#organization\",\"name\":\"Sudoesteacontece\",\"url\":\"https:\/\/sudoesteacontece.com.br\/\",\"logo\":{\"@type\":\"ImageObject\",\"inLanguage\":\"pt-BR\",\"@id\":\"https:\/\/sudoesteacontece.com.br\/#\/schema\/logo\/image\/\",\"url\":\"https:\/\/sudoesteacontece.com.br\/wp-content\/uploads\/2025\/12\/cropped-logo-2-180x180-1.png\",\"contentUrl\":\"https:\/\/sudoesteacontece.com.br\/wp-content\/uploads\/2025\/12\/cropped-logo-2-180x180-1.png\",\"width\":180,\"height\":180,\"caption\":\"Sudoesteacontece\"},\"image\":{\"@id\":\"https:\/\/sudoesteacontece.com.br\/#\/schema\/logo\/image\/\"},\"sameAs\":[\"https:\/\/www.facebook.com\/sudoesteacontece\/?locale=pt_BR\"]},{\"@type\":\"Person\",\"@id\":\"https:\/\/sudoesteacontece.com.br\/#\/schema\/person\/3cf2cf009926a9683ebc29d5379fa79c\",\"name\":\"Washington Tiago\",\"image\":{\"@type\":\"ImageObject\",\"inLanguage\":\"pt-BR\",\"@id\":\"https:\/\/sudoesteacontece.com.br\/#\/schema\/person\/image\/\",\"url\":\"https:\/\/secure.gravatar.com\/avatar\/33c43b8668157e040f9d1fe93c354bf087cbd8ba36270c1163198bd3ddcf2a56?s=96&d=mm&r=g\",\"contentUrl\":\"https:\/\/secure.gravatar.com\/avatar\/33c43b8668157e040f9d1fe93c354bf087cbd8ba36270c1163198bd3ddcf2a56?s=96&d=mm&r=g\",\"caption\":\"Washington Tiago\"},\"url\":\"https:\/\/sudoesteacontece.com.br\/?author=2\"}]}<\/script>\n<!-- \/ Yoast SEO plugin. -->","yoast_head_json":{"title":"Apreens\u00e3o na Bahia exp\u00f5e rota internacional de armas e elo do Comando Vermelho com pol\u00edticos - Sudoesteacontece","robots":{"index":"index","follow":"follow","max-snippet":"max-snippet:-1","max-image-preview":"max-image-preview:large","max-video-preview":"max-video-preview:-1"},"canonical":"https:\/\/sudoesteacontece.com.br\/?p=2811","og_locale":"pt_BR","og_type":"article","og_title":"Apreens\u00e3o na Bahia exp\u00f5e rota internacional de armas e elo do Comando Vermelho com pol\u00edticos - Sudoesteacontece","og_description":"Uma apreens\u00e3o feita na Bahia acabou se tornando pe\u00e7a-chave para revelar um esquema internacional de armas com ramifica\u00e7\u00f5es na pol\u00edtica do Rio de Janeiro. Investiga\u00e7\u00e3o come\u00e7ou em novembro de 2020, quando a Pol\u00edcia Rodovi\u00e1ria Federal (PRF) encontrou 23 pistolas croatas dentro de um \u00f4nibus de turismo na BR-116, em Vit\u00f3ria da Conquista. Descoberta acendeu um alerta na Pol\u00edcia Federal. Em pouco mais de um ano, cerca de cem armas iguais apareceram em apreens\u00f5es feitas em v\u00e1rios estados. Peritos conseguiram recuperar n\u00fameros de s\u00e9rie e rastrear a origem at\u00e9 a empresa International Auto Supply (IAS), no Paraguai. A partir da\u00ed, a PF quebrou sigilos, analisou documentos e identificou um esquema que envolvia importa\u00e7\u00f5es simuladas, n\u00fameros raspados e corrup\u00e7\u00e3o dentro da Dimabel, \u00f3rg\u00e3o respons\u00e1vel pelo controle de armas no pa\u00eds vizinho. A Bahia, onde tudo come\u00e7ou, se tornou um dos pontos de partida para desbaratar a quadrilha. A investiga\u00e7\u00e3o levou \u00e0 Opera\u00e7\u00e3o Dakovo, em 2023, que mirou militares paraguaios e o empres\u00e1rio Diego Hernan Dir\u00edsio, apontado como o maior contrabandista de armas da regi\u00e3o. As apura\u00e7\u00f5es revelaram que fac\u00e7\u00f5es brasileiras abasteciam seus arsenais com as armas enviadas pelo esquema. Entre os compradores estavam l\u00edderes do Comando Vermelho, como \u201cProfessor\u201d, do Complexo do Alem\u00e3o, e \u201c\u00cdndio\u201d, chefe do tr\u00e1fico em Duque de Caxias. Conversas extra\u00eddas de celulares ampliaram o caso e mostraram aproxima\u00e7\u00e3o do crime organizado com figuras da pol\u00edtica fluminense. Pol\u00edcia Federal identificou trocas de mensagens envolvendo o deputado estadual TH Joias, al\u00e9m de um ex-secret\u00e1rio e um secret\u00e1rio do governo do Rio. Os di\u00e1logos sugerem interfer\u00eancia no policiamento, propina, pedidos de \u201capoio pol\u00edtico\u201d e at\u00e9 negocia\u00e7\u00e3o para recuperar ve\u00edculos roubados. Fase mais recente da investiga\u00e7\u00e3o levou \u00e0 Opera\u00e7\u00e3o Zargun, que prendeu \u201c\u00cdndio\u201d, TH Joias e outros envolvidos. A Pol\u00edcia Federal continua analisando documentos para entender a profundidade da infiltra\u00e7\u00e3o do Comando Vermelho em estruturas p\u00fablicas, um esquema que ganhou luz gra\u00e7as a uma apreens\u00e3o feita em Vit\u00f3ria da Conquista, no sudoeste da Bahia, e hoje revela conex\u00f5es que atravessam fronteiras e gabinetes.","og_url":"https:\/\/sudoesteacontece.com.br\/?p=2811","og_site_name":"Sudoesteacontece","article_publisher":"https:\/\/www.facebook.com\/sudoesteacontece\/?locale=pt_BR","article_published_time":"2025-11-17T12:55:18+00:00","article_modified_time":"2025-11-17T12:55:19+00:00","og_image":[{"width":900,"height":600,"url":"https:\/\/sudoesteacontece.com.br\/wp-content\/uploads\/2025\/11\/Apreensao-na-Bahia-expoe-rota-internacional-de-armas-e-elo-do-Comando-Vermelho-com-politicos.jpg","type":"image\/jpeg"}],"author":"Washington Tiago","twitter_card":"summary_large_image","twitter_misc":{"Escrito por":"Washington Tiago","Est. tempo de leitura":"2 minutos"},"schema":{"@context":"https:\/\/schema.org","@graph":[{"@type":"Article","@id":"https:\/\/sudoesteacontece.com.br\/?p=2811#article","isPartOf":{"@id":"https:\/\/sudoesteacontece.com.br\/?p=2811"},"author":{"name":"Washington Tiago","@id":"https:\/\/sudoesteacontece.com.br\/#\/schema\/person\/3cf2cf009926a9683ebc29d5379fa79c"},"headline":"Apreens\u00e3o na Bahia exp\u00f5e rota internacional de armas e elo do Comando Vermelho com pol\u00edticos","datePublished":"2025-11-17T12:55:18+00:00","dateModified":"2025-11-17T12:55:19+00:00","mainEntityOfPage":{"@id":"https:\/\/sudoesteacontece.com.br\/?p=2811"},"wordCount":396,"commentCount":0,"publisher":{"@id":"https:\/\/sudoesteacontece.com.br\/#organization"},"image":{"@id":"https:\/\/sudoesteacontece.com.br\/?p=2811#primaryimage"},"thumbnailUrl":"https:\/\/sudoesteacontece.com.br\/wp-content\/uploads\/2025\/11\/Apreensao-na-Bahia-expoe-rota-internacional-de-armas-e-elo-do-Comando-Vermelho-com-politicos.jpg","articleSection":["Bahia","Brasil","Pol\u00edcia","Vit\u00f3ria da Conquista"],"inLanguage":"pt-BR","potentialAction":[{"@type":"CommentAction","name":"Comment","target":["https:\/\/sudoesteacontece.com.br\/?p=2811#respond"]}]},{"@type":"WebPage","@id":"https:\/\/sudoesteacontece.com.br\/?p=2811","url":"https:\/\/sudoesteacontece.com.br\/?p=2811","name":"Apreens\u00e3o na Bahia exp\u00f5e rota internacional de armas e elo do Comando Vermelho com pol\u00edticos - Sudoesteacontece","isPartOf":{"@id":"https:\/\/sudoesteacontece.com.br\/#website"},"primaryImageOfPage":{"@id":"https:\/\/sudoesteacontece.com.br\/?p=2811#primaryimage"},"image":{"@id":"https:\/\/sudoesteacontece.com.br\/?p=2811#primaryimage"},"thumbnailUrl":"https:\/\/sudoesteacontece.com.br\/wp-content\/uploads\/2025\/11\/Apreensao-na-Bahia-expoe-rota-internacional-de-armas-e-elo-do-Comando-Vermelho-com-politicos.jpg","datePublished":"2025-11-17T12:55:18+00:00","dateModified":"2025-11-17T12:55:19+00:00","breadcrumb":{"@id":"https:\/\/sudoesteacontece.com.br\/?p=2811#breadcrumb"},"inLanguage":"pt-BR","potentialAction":[{"@type":"ReadAction","target":["https:\/\/sudoesteacontece.com.br\/?p=2811"]}]},{"@type":"ImageObject","inLanguage":"pt-BR","@id":"https:\/\/sudoesteacontece.com.br\/?p=2811#primaryimage","url":"https:\/\/sudoesteacontece.com.br\/wp-content\/uploads\/2025\/11\/Apreensao-na-Bahia-expoe-rota-internacional-de-armas-e-elo-do-Comando-Vermelho-com-politicos.jpg","contentUrl":"https:\/\/sudoesteacontece.com.br\/wp-content\/uploads\/2025\/11\/Apreensao-na-Bahia-expoe-rota-internacional-de-armas-e-elo-do-Comando-Vermelho-com-politicos.jpg","width":900,"height":600},{"@type":"BreadcrumbList","@id":"https:\/\/sudoesteacontece.com.br\/?p=2811#breadcrumb","itemListElement":[{"@type":"ListItem","position":1,"name":"In\u00edcio","item":"https:\/\/sudoesteacontece.com.br\/"},{"@type":"ListItem","position":2,"name":"Apreens\u00e3o na Bahia exp\u00f5e rota internacional de armas e elo do Comando Vermelho com pol\u00edticos"}]},{"@type":"WebSite","@id":"https:\/\/sudoesteacontece.com.br\/#website","url":"https:\/\/sudoesteacontece.com.br\/","name":"Sudoesteacontece","description":"","publisher":{"@id":"https:\/\/sudoesteacontece.com.br\/#organization"},"potentialAction":[{"@type":"SearchAction","target":{"@type":"EntryPoint","urlTemplate":"https:\/\/sudoesteacontece.com.br\/?s={search_term_string}"},"query-input":{"@type":"PropertyValueSpecification","valueRequired":true,"valueName":"search_term_string"}}],"inLanguage":"pt-BR"},{"@type":"Organization","@id":"https:\/\/sudoesteacontece.com.br\/#organization","name":"Sudoesteacontece","url":"https:\/\/sudoesteacontece.com.br\/","logo":{"@type":"ImageObject","inLanguage":"pt-BR","@id":"https:\/\/sudoesteacontece.com.br\/#\/schema\/logo\/image\/","url":"https:\/\/sudoesteacontece.com.br\/wp-content\/uploads\/2025\/12\/cropped-logo-2-180x180-1.png","contentUrl":"https:\/\/sudoesteacontece.com.br\/wp-content\/uploads\/2025\/12\/cropped-logo-2-180x180-1.png","width":180,"height":180,"caption":"Sudoesteacontece"},"image":{"@id":"https:\/\/sudoesteacontece.com.br\/#\/schema\/logo\/image\/"},"sameAs":["https:\/\/www.facebook.com\/sudoesteacontece\/?locale=pt_BR"]},{"@type":"Person","@id":"https:\/\/sudoesteacontece.com.br\/#\/schema\/person\/3cf2cf009926a9683ebc29d5379fa79c","name":"Washington Tiago","image":{"@type":"ImageObject","inLanguage":"pt-BR","@id":"https:\/\/sudoesteacontece.com.br\/#\/schema\/person\/image\/","url":"https:\/\/secure.gravatar.com\/avatar\/33c43b8668157e040f9d1fe93c354bf087cbd8ba36270c1163198bd3ddcf2a56?s=96&d=mm&r=g","contentUrl":"https:\/\/secure.gravatar.com\/avatar\/33c43b8668157e040f9d1fe93c354bf087cbd8ba36270c1163198bd3ddcf2a56?s=96&d=mm&r=g","caption":"Washington Tiago"},"url":"https:\/\/sudoesteacontece.com.br\/?author=2"}]}},"_links":{"self":[{"href":"https:\/\/sudoesteacontece.com.br\/index.php?rest_route=\/wp\/v2\/posts\/2811","targetHints":{"allow":["GET"]}}],"collection":[{"href":"https:\/\/sudoesteacontece.com.br\/index.php?rest_route=\/wp\/v2\/posts"}],"about":[{"href":"https:\/\/sudoesteacontece.com.br\/index.php?rest_route=\/wp\/v2\/types\/post"}],"author":[{"embeddable":true,"href":"https:\/\/sudoesteacontece.com.br\/index.php?rest_route=\/wp\/v2\/users\/2"}],"replies":[{"embeddable":true,"href":"https:\/\/sudoesteacontece.com.br\/index.php?rest_route=%2Fwp%2Fv2%2Fcomments&post=2811"}],"version-history":[{"count":0,"href":"https:\/\/sudoesteacontece.com.br\/index.php?rest_route=\/wp\/v2\/posts\/2811\/revisions"}],"wp:featuredmedia":[{"embeddable":true,"href":"https:\/\/sudoesteacontece.com.br\/index.php?rest_route=\/wp\/v2\/media\/2828"}],"wp:attachment":[{"href":"https:\/\/sudoesteacontece.com.br\/index.php?rest_route=%2Fwp%2Fv2%2Fmedia&parent=2811"}],"wp:term":[{"taxonomy":"category","embeddable":true,"href":"https:\/\/sudoesteacontece.com.br\/index.php?rest_route=%2Fwp%2Fv2%2Fcategories&post=2811"},{"taxonomy":"post_tag","embeddable":true,"href":"https:\/\/sudoesteacontece.com.br\/index.php?rest_route=%2Fwp%2Fv2%2Ftags&post=2811"}],"curies":[{"name":"wp","href":"https:\/\/api.w.org\/{rel}","templated":true}]}}