{"id":2812,"date":"2025-11-17T10:09:28","date_gmt":"2025-11-17T13:09:28","guid":{"rendered":"https:\/\/sudoesteacontece.com.br\/?p=2812"},"modified":"2025-11-17T10:09:29","modified_gmt":"2025-11-17T13:09:29","slug":"prefeita-defende-espaco-para-pratica-de-grau-em-livramento-apesar-de-rejeicao-e-polemica","status":"publish","type":"post","link":"https:\/\/sudoesteacontece.com.br\/?p=2812","title":{"rendered":"Prefeita defende espa\u00e7o para pr\u00e1tica de Grau em Livramento apesar de rejei\u00e7\u00e3o e pol\u00eamica"},"content":{"rendered":"<div class=\"wp-block-image\">\n<figure class=\"aligncenter size-full\"><img fetchpriority=\"high\" decoding=\"async\" width=\"900\" height=\"600\" src=\"http:\/\/sudoesteacontece.com.br\/wp-content\/uploads\/2025\/11\/Prefeita-defende-espaco-para-pratica-de-Grau-em-Livramento-apesar-de-rejeicao-e-polemica-sudoeste-acontece.jpg\" alt=\"\" class=\"wp-image-2832\" srcset=\"https:\/\/sudoesteacontece.com.br\/wp-content\/uploads\/2025\/11\/Prefeita-defende-espaco-para-pratica-de-Grau-em-Livramento-apesar-de-rejeicao-e-polemica-sudoeste-acontece.jpg 900w, https:\/\/sudoesteacontece.com.br\/wp-content\/uploads\/2025\/11\/Prefeita-defende-espaco-para-pratica-de-Grau-em-Livramento-apesar-de-rejeicao-e-polemica-sudoeste-acontece-300x200.jpg 300w, https:\/\/sudoesteacontece.com.br\/wp-content\/uploads\/2025\/11\/Prefeita-defende-espaco-para-pratica-de-Grau-em-Livramento-apesar-de-rejeicao-e-polemica-sudoeste-acontece-768x512.jpg 768w\" sizes=\"(max-width: 900px) 100vw, 900px\" \/><\/figure>\n<\/div>\n\n\n<p>Entretanto, a cria\u00e7\u00e3o de um espa\u00e7o exclusivo para a pr\u00e1tica do \u201cGrau\u201d reacendeu o debate em Livramento de Nossa Senhora. C\u00e2mara de Vereadores rejeita o projeto, enquanto parte da popula\u00e7\u00e3o critica a ideia. Mesmo assim, a prefeita Joanina Sampaio (PSB) demonstra apoio \u00e0 proposta e afirma que a modalidade pode trazer benef\u00edcios se for regulamentada.<\/p>\n\n\n\n<p>Ainda assim, Joanina refor\u00e7a que o Grau pode ser reconhecido como esporte e que o munic\u00edpio deve avaliar a proposta com responsabilidade. Ela declarou \u00e0 R\u00e1dio 88 FM que a administra\u00e7\u00e3o precisa analisar custos, exig\u00eancias legais e a forma correta de implementa\u00e7\u00e3o. A prefeita afirmou estar disposta a apoiar qualquer pr\u00e1tica esportiva que gere benef\u00edcios \u00e0 comunidade.<\/p>\n\n\n\n<p>Ao mesmo tempo, a gestora admite os riscos envolvidos, mas lembra que diversas modalidades esportivas tamb\u00e9m oferecem perigo. Joanina defende que, em local adequado, os riscos diminuem. Ela enfatiza a necessidade de cautela e consci\u00eancia, destacando que \u201ca vida \u00e9 sempre o bem mais importante\u201d.<\/p>\n\n\n\n<p>Por fim, Joanina prometeu estudar com calma a viabilidade do espa\u00e7o para que a pr\u00e1tica ocorra com seguran\u00e7a m\u00e1xima. Debate ganhou for\u00e7a ap\u00f3s a morte de uma crian\u00e7a de 10 anos em Caetit\u00e9, atropelada por um motociclista que praticava Grau em via p\u00fablica. Caso gerou forte como\u00e7\u00e3o regional e intensificou a pol\u00eamica sobre o projeto em Livramento.<\/p>\n","protected":false},"excerpt":{"rendered":"<p>Entretanto, a cria\u00e7\u00e3o de um espa\u00e7o exclusivo para a pr\u00e1tica do \u201cGrau\u201d reacendeu o debate em Livramento de Nossa Senhora. C\u00e2mara de Vereadores rejeita o projeto, enquanto parte da popula\u00e7\u00e3o critica a ideia. Mesmo assim, a prefeita Joanina Sampaio (PSB) demonstra apoio \u00e0 proposta e afirma que a modalidade pode trazer benef\u00edcios se for regulamentada. Ainda assim, Joanina refor\u00e7a que o Grau pode ser reconhecido como esporte e que o munic\u00edpio deve avaliar a proposta com responsabilidade. Ela declarou \u00e0 R\u00e1dio 88 FM que a administra\u00e7\u00e3o precisa analisar custos, exig\u00eancias legais e a forma correta de implementa\u00e7\u00e3o. A prefeita afirmou estar disposta a apoiar qualquer pr\u00e1tica esportiva que gere benef\u00edcios \u00e0 comunidade. Ao mesmo tempo, a gestora admite os riscos envolvidos, mas lembra que diversas modalidades esportivas tamb\u00e9m oferecem perigo. Joanina defende que, em local adequado, os riscos diminuem. Ela enfatiza a necessidade de cautela e consci\u00eancia, destacando que \u201ca vida \u00e9 sempre o bem mais importante\u201d. Por fim, Joanina prometeu estudar com calma a viabilidade do espa\u00e7o para que a pr\u00e1tica ocorra com seguran\u00e7a m\u00e1xima. Debate ganhou for\u00e7a ap\u00f3s a morte de uma crian\u00e7a de 10 anos em Caetit\u00e9, atropelada por um motociclista que praticava Grau em via p\u00fablica. Caso gerou forte como\u00e7\u00e3o regional e intensificou a pol\u00eamica sobre o projeto em Livramento.<\/p>\n","protected":false},"author":2,"featured_media":2832,"comment_status":"open","ping_status":"open","sticky":false,"template":"","format":"standard","meta":{"footnotes":""},"categories":[4,52,18,6],"tags":[],"class_list":["post-2812","post","type-post","status-publish","format-standard","has-post-thumbnail","hentry","category-cidades","category-esporte","category-livramento","category-politica"],"yoast_head":"<!-- This site is optimized with the Yoast SEO plugin v26.5 - https:\/\/yoast.com\/wordpress\/plugins\/seo\/ -->\n<title>Prefeita defende espa\u00e7o para pr\u00e1tica de Grau em Livramento apesar de rejei\u00e7\u00e3o e pol\u00eamica - Sudoesteacontece<\/title>\n<meta name=\"robots\" content=\"index, follow, max-snippet:-1, max-image-preview:large, max-video-preview:-1\" \/>\n<link rel=\"canonical\" href=\"https:\/\/sudoesteacontece.com.br\/?p=2812\" \/>\n<meta property=\"og:locale\" content=\"pt_BR\" \/>\n<meta property=\"og:type\" content=\"article\" \/>\n<meta property=\"og:title\" content=\"Prefeita defende espa\u00e7o para pr\u00e1tica de Grau em Livramento apesar de rejei\u00e7\u00e3o e pol\u00eamica - Sudoesteacontece\" \/>\n<meta property=\"og:description\" content=\"Entretanto, a cria\u00e7\u00e3o de um espa\u00e7o exclusivo para a pr\u00e1tica do \u201cGrau\u201d reacendeu o debate em Livramento de Nossa Senhora. C\u00e2mara de Vereadores rejeita o projeto, enquanto parte da popula\u00e7\u00e3o critica a ideia. Mesmo assim, a prefeita Joanina Sampaio (PSB) demonstra apoio \u00e0 proposta e afirma que a modalidade pode trazer benef\u00edcios se for regulamentada. Ainda assim, Joanina refor\u00e7a que o Grau pode ser reconhecido como esporte e que o munic\u00edpio deve avaliar a proposta com responsabilidade. Ela declarou \u00e0 R\u00e1dio 88 FM que a administra\u00e7\u00e3o precisa analisar custos, exig\u00eancias legais e a forma correta de implementa\u00e7\u00e3o. A prefeita afirmou estar disposta a apoiar qualquer pr\u00e1tica esportiva que gere benef\u00edcios \u00e0 comunidade. Ao mesmo tempo, a gestora admite os riscos envolvidos, mas lembra que diversas modalidades esportivas tamb\u00e9m oferecem perigo. Joanina defende que, em local adequado, os riscos diminuem. Ela enfatiza a necessidade de cautela e consci\u00eancia, destacando que \u201ca vida \u00e9 sempre o bem mais importante\u201d. Por fim, Joanina prometeu estudar com calma a viabilidade do espa\u00e7o para que a pr\u00e1tica ocorra com seguran\u00e7a m\u00e1xima. Debate ganhou for\u00e7a ap\u00f3s a morte de uma crian\u00e7a de 10 anos em Caetit\u00e9, atropelada por um motociclista que praticava Grau em via p\u00fablica. Caso gerou forte como\u00e7\u00e3o regional e intensificou a pol\u00eamica sobre o projeto em Livramento.\" \/>\n<meta property=\"og:url\" content=\"https:\/\/sudoesteacontece.com.br\/?p=2812\" \/>\n<meta property=\"og:site_name\" content=\"Sudoesteacontece\" \/>\n<meta property=\"article:publisher\" content=\"https:\/\/www.facebook.com\/sudoesteacontece\/?locale=pt_BR\" \/>\n<meta property=\"article:published_time\" content=\"2025-11-17T13:09:28+00:00\" \/>\n<meta property=\"article:modified_time\" content=\"2025-11-17T13:09:29+00:00\" \/>\n<meta property=\"og:image\" content=\"https:\/\/sudoesteacontece.com.br\/wp-content\/uploads\/2025\/11\/Prefeita-defende-espaco-para-pratica-de-Grau-em-Livramento-apesar-de-rejeicao-e-polemica-sudoeste-acontece.jpg\" \/>\n\t<meta property=\"og:image:width\" content=\"900\" \/>\n\t<meta property=\"og:image:height\" content=\"600\" \/>\n\t<meta property=\"og:image:type\" content=\"image\/jpeg\" \/>\n<meta name=\"author\" content=\"Washington Tiago\" \/>\n<meta name=\"twitter:card\" content=\"summary_large_image\" \/>\n<meta name=\"twitter:label1\" content=\"Escrito por\" \/>\n\t<meta name=\"twitter:data1\" content=\"Washington Tiago\" \/>\n\t<meta name=\"twitter:label2\" content=\"Est. tempo de leitura\" \/>\n\t<meta name=\"twitter:data2\" content=\"1 minuto\" \/>\n<script type=\"application\/ld+json\" class=\"yoast-schema-graph\">{\"@context\":\"https:\/\/schema.org\",\"@graph\":[{\"@type\":\"Article\",\"@id\":\"https:\/\/sudoesteacontece.com.br\/?p=2812#article\",\"isPartOf\":{\"@id\":\"https:\/\/sudoesteacontece.com.br\/?p=2812\"},\"author\":{\"name\":\"Washington Tiago\",\"@id\":\"https:\/\/sudoesteacontece.com.br\/#\/schema\/person\/3cf2cf009926a9683ebc29d5379fa79c\"},\"headline\":\"Prefeita defende espa\u00e7o para pr\u00e1tica de Grau em Livramento apesar de rejei\u00e7\u00e3o e pol\u00eamica\",\"datePublished\":\"2025-11-17T13:09:28+00:00\",\"dateModified\":\"2025-11-17T13:09:29+00:00\",\"mainEntityOfPage\":{\"@id\":\"https:\/\/sudoesteacontece.com.br\/?p=2812\"},\"wordCount\":252,\"commentCount\":0,\"publisher\":{\"@id\":\"https:\/\/sudoesteacontece.com.br\/#organization\"},\"image\":{\"@id\":\"https:\/\/sudoesteacontece.com.br\/?p=2812#primaryimage\"},\"thumbnailUrl\":\"https:\/\/sudoesteacontece.com.br\/wp-content\/uploads\/2025\/11\/Prefeita-defende-espaco-para-pratica-de-Grau-em-Livramento-apesar-de-rejeicao-e-polemica-sudoeste-acontece.jpg\",\"articleSection\":[\"Cidades\",\"Esporte\",\"Livramento\",\"Pol\u00edtica\"],\"inLanguage\":\"pt-BR\",\"potentialAction\":[{\"@type\":\"CommentAction\",\"name\":\"Comment\",\"target\":[\"https:\/\/sudoesteacontece.com.br\/?p=2812#respond\"]}]},{\"@type\":\"WebPage\",\"@id\":\"https:\/\/sudoesteacontece.com.br\/?p=2812\",\"url\":\"https:\/\/sudoesteacontece.com.br\/?p=2812\",\"name\":\"Prefeita defende espa\u00e7o para pr\u00e1tica de Grau em Livramento apesar de rejei\u00e7\u00e3o e pol\u00eamica - Sudoesteacontece\",\"isPartOf\":{\"@id\":\"https:\/\/sudoesteacontece.com.br\/#website\"},\"primaryImageOfPage\":{\"@id\":\"https:\/\/sudoesteacontece.com.br\/?p=2812#primaryimage\"},\"image\":{\"@id\":\"https:\/\/sudoesteacontece.com.br\/?p=2812#primaryimage\"},\"thumbnailUrl\":\"https:\/\/sudoesteacontece.com.br\/wp-content\/uploads\/2025\/11\/Prefeita-defende-espaco-para-pratica-de-Grau-em-Livramento-apesar-de-rejeicao-e-polemica-sudoeste-acontece.jpg\",\"datePublished\":\"2025-11-17T13:09:28+00:00\",\"dateModified\":\"2025-11-17T13:09:29+00:00\",\"breadcrumb\":{\"@id\":\"https:\/\/sudoesteacontece.com.br\/?p=2812#breadcrumb\"},\"inLanguage\":\"pt-BR\",\"potentialAction\":[{\"@type\":\"ReadAction\",\"target\":[\"https:\/\/sudoesteacontece.com.br\/?p=2812\"]}]},{\"@type\":\"ImageObject\",\"inLanguage\":\"pt-BR\",\"@id\":\"https:\/\/sudoesteacontece.com.br\/?p=2812#primaryimage\",\"url\":\"https:\/\/sudoesteacontece.com.br\/wp-content\/uploads\/2025\/11\/Prefeita-defende-espaco-para-pratica-de-Grau-em-Livramento-apesar-de-rejeicao-e-polemica-sudoeste-acontece.jpg\",\"contentUrl\":\"https:\/\/sudoesteacontece.com.br\/wp-content\/uploads\/2025\/11\/Prefeita-defende-espaco-para-pratica-de-Grau-em-Livramento-apesar-de-rejeicao-e-polemica-sudoeste-acontece.jpg\",\"width\":900,\"height\":600},{\"@type\":\"BreadcrumbList\",\"@id\":\"https:\/\/sudoesteacontece.com.br\/?p=2812#breadcrumb\",\"itemListElement\":[{\"@type\":\"ListItem\",\"position\":1,\"name\":\"In\u00edcio\",\"item\":\"https:\/\/sudoesteacontece.com.br\/\"},{\"@type\":\"ListItem\",\"position\":2,\"name\":\"Prefeita defende espa\u00e7o para pr\u00e1tica de Grau em Livramento apesar de rejei\u00e7\u00e3o e pol\u00eamica\"}]},{\"@type\":\"WebSite\",\"@id\":\"https:\/\/sudoesteacontece.com.br\/#website\",\"url\":\"https:\/\/sudoesteacontece.com.br\/\",\"name\":\"Sudoesteacontece\",\"description\":\"\",\"publisher\":{\"@id\":\"https:\/\/sudoesteacontece.com.br\/#organization\"},\"potentialAction\":[{\"@type\":\"SearchAction\",\"target\":{\"@type\":\"EntryPoint\",\"urlTemplate\":\"https:\/\/sudoesteacontece.com.br\/?s={search_term_string}\"},\"query-input\":{\"@type\":\"PropertyValueSpecification\",\"valueRequired\":true,\"valueName\":\"search_term_string\"}}],\"inLanguage\":\"pt-BR\"},{\"@type\":\"Organization\",\"@id\":\"https:\/\/sudoesteacontece.com.br\/#organization\",\"name\":\"Sudoesteacontece\",\"url\":\"https:\/\/sudoesteacontece.com.br\/\",\"logo\":{\"@type\":\"ImageObject\",\"inLanguage\":\"pt-BR\",\"@id\":\"https:\/\/sudoesteacontece.com.br\/#\/schema\/logo\/image\/\",\"url\":\"https:\/\/sudoesteacontece.com.br\/wp-content\/uploads\/2025\/12\/cropped-logo-2-180x180-1.png\",\"contentUrl\":\"https:\/\/sudoesteacontece.com.br\/wp-content\/uploads\/2025\/12\/cropped-logo-2-180x180-1.png\",\"width\":180,\"height\":180,\"caption\":\"Sudoesteacontece\"},\"image\":{\"@id\":\"https:\/\/sudoesteacontece.com.br\/#\/schema\/logo\/image\/\"},\"sameAs\":[\"https:\/\/www.facebook.com\/sudoesteacontece\/?locale=pt_BR\"]},{\"@type\":\"Person\",\"@id\":\"https:\/\/sudoesteacontece.com.br\/#\/schema\/person\/3cf2cf009926a9683ebc29d5379fa79c\",\"name\":\"Washington Tiago\",\"image\":{\"@type\":\"ImageObject\",\"inLanguage\":\"pt-BR\",\"@id\":\"https:\/\/sudoesteacontece.com.br\/#\/schema\/person\/image\/\",\"url\":\"https:\/\/secure.gravatar.com\/avatar\/33c43b8668157e040f9d1fe93c354bf087cbd8ba36270c1163198bd3ddcf2a56?s=96&d=mm&r=g\",\"contentUrl\":\"https:\/\/secure.gravatar.com\/avatar\/33c43b8668157e040f9d1fe93c354bf087cbd8ba36270c1163198bd3ddcf2a56?s=96&d=mm&r=g\",\"caption\":\"Washington Tiago\"},\"url\":\"https:\/\/sudoesteacontece.com.br\/?author=2\"}]}<\/script>\n<!-- \/ Yoast SEO plugin. -->","yoast_head_json":{"title":"Prefeita defende espa\u00e7o para pr\u00e1tica de Grau em Livramento apesar de rejei\u00e7\u00e3o e pol\u00eamica - Sudoesteacontece","robots":{"index":"index","follow":"follow","max-snippet":"max-snippet:-1","max-image-preview":"max-image-preview:large","max-video-preview":"max-video-preview:-1"},"canonical":"https:\/\/sudoesteacontece.com.br\/?p=2812","og_locale":"pt_BR","og_type":"article","og_title":"Prefeita defende espa\u00e7o para pr\u00e1tica de Grau em Livramento apesar de rejei\u00e7\u00e3o e pol\u00eamica - Sudoesteacontece","og_description":"Entretanto, a cria\u00e7\u00e3o de um espa\u00e7o exclusivo para a pr\u00e1tica do \u201cGrau\u201d reacendeu o debate em Livramento de Nossa Senhora. C\u00e2mara de Vereadores rejeita o projeto, enquanto parte da popula\u00e7\u00e3o critica a ideia. Mesmo assim, a prefeita Joanina Sampaio (PSB) demonstra apoio \u00e0 proposta e afirma que a modalidade pode trazer benef\u00edcios se for regulamentada. Ainda assim, Joanina refor\u00e7a que o Grau pode ser reconhecido como esporte e que o munic\u00edpio deve avaliar a proposta com responsabilidade. Ela declarou \u00e0 R\u00e1dio 88 FM que a administra\u00e7\u00e3o precisa analisar custos, exig\u00eancias legais e a forma correta de implementa\u00e7\u00e3o. A prefeita afirmou estar disposta a apoiar qualquer pr\u00e1tica esportiva que gere benef\u00edcios \u00e0 comunidade. Ao mesmo tempo, a gestora admite os riscos envolvidos, mas lembra que diversas modalidades esportivas tamb\u00e9m oferecem perigo. Joanina defende que, em local adequado, os riscos diminuem. Ela enfatiza a necessidade de cautela e consci\u00eancia, destacando que \u201ca vida \u00e9 sempre o bem mais importante\u201d. Por fim, Joanina prometeu estudar com calma a viabilidade do espa\u00e7o para que a pr\u00e1tica ocorra com seguran\u00e7a m\u00e1xima. Debate ganhou for\u00e7a ap\u00f3s a morte de uma crian\u00e7a de 10 anos em Caetit\u00e9, atropelada por um motociclista que praticava Grau em via p\u00fablica. Caso gerou forte como\u00e7\u00e3o regional e intensificou a pol\u00eamica sobre o projeto em Livramento.","og_url":"https:\/\/sudoesteacontece.com.br\/?p=2812","og_site_name":"Sudoesteacontece","article_publisher":"https:\/\/www.facebook.com\/sudoesteacontece\/?locale=pt_BR","article_published_time":"2025-11-17T13:09:28+00:00","article_modified_time":"2025-11-17T13:09:29+00:00","og_image":[{"width":900,"height":600,"url":"https:\/\/sudoesteacontece.com.br\/wp-content\/uploads\/2025\/11\/Prefeita-defende-espaco-para-pratica-de-Grau-em-Livramento-apesar-de-rejeicao-e-polemica-sudoeste-acontece.jpg","type":"image\/jpeg"}],"author":"Washington Tiago","twitter_card":"summary_large_image","twitter_misc":{"Escrito por":"Washington Tiago","Est. tempo de leitura":"1 minuto"},"schema":{"@context":"https:\/\/schema.org","@graph":[{"@type":"Article","@id":"https:\/\/sudoesteacontece.com.br\/?p=2812#article","isPartOf":{"@id":"https:\/\/sudoesteacontece.com.br\/?p=2812"},"author":{"name":"Washington Tiago","@id":"https:\/\/sudoesteacontece.com.br\/#\/schema\/person\/3cf2cf009926a9683ebc29d5379fa79c"},"headline":"Prefeita defende espa\u00e7o para pr\u00e1tica de Grau em Livramento apesar de rejei\u00e7\u00e3o e pol\u00eamica","datePublished":"2025-11-17T13:09:28+00:00","dateModified":"2025-11-17T13:09:29+00:00","mainEntityOfPage":{"@id":"https:\/\/sudoesteacontece.com.br\/?p=2812"},"wordCount":252,"commentCount":0,"publisher":{"@id":"https:\/\/sudoesteacontece.com.br\/#organization"},"image":{"@id":"https:\/\/sudoesteacontece.com.br\/?p=2812#primaryimage"},"thumbnailUrl":"https:\/\/sudoesteacontece.com.br\/wp-content\/uploads\/2025\/11\/Prefeita-defende-espaco-para-pratica-de-Grau-em-Livramento-apesar-de-rejeicao-e-polemica-sudoeste-acontece.jpg","articleSection":["Cidades","Esporte","Livramento","Pol\u00edtica"],"inLanguage":"pt-BR","potentialAction":[{"@type":"CommentAction","name":"Comment","target":["https:\/\/sudoesteacontece.com.br\/?p=2812#respond"]}]},{"@type":"WebPage","@id":"https:\/\/sudoesteacontece.com.br\/?p=2812","url":"https:\/\/sudoesteacontece.com.br\/?p=2812","name":"Prefeita defende espa\u00e7o para pr\u00e1tica de Grau em Livramento apesar de rejei\u00e7\u00e3o e pol\u00eamica - Sudoesteacontece","isPartOf":{"@id":"https:\/\/sudoesteacontece.com.br\/#website"},"primaryImageOfPage":{"@id":"https:\/\/sudoesteacontece.com.br\/?p=2812#primaryimage"},"image":{"@id":"https:\/\/sudoesteacontece.com.br\/?p=2812#primaryimage"},"thumbnailUrl":"https:\/\/sudoesteacontece.com.br\/wp-content\/uploads\/2025\/11\/Prefeita-defende-espaco-para-pratica-de-Grau-em-Livramento-apesar-de-rejeicao-e-polemica-sudoeste-acontece.jpg","datePublished":"2025-11-17T13:09:28+00:00","dateModified":"2025-11-17T13:09:29+00:00","breadcrumb":{"@id":"https:\/\/sudoesteacontece.com.br\/?p=2812#breadcrumb"},"inLanguage":"pt-BR","potentialAction":[{"@type":"ReadAction","target":["https:\/\/sudoesteacontece.com.br\/?p=2812"]}]},{"@type":"ImageObject","inLanguage":"pt-BR","@id":"https:\/\/sudoesteacontece.com.br\/?p=2812#primaryimage","url":"https:\/\/sudoesteacontece.com.br\/wp-content\/uploads\/2025\/11\/Prefeita-defende-espaco-para-pratica-de-Grau-em-Livramento-apesar-de-rejeicao-e-polemica-sudoeste-acontece.jpg","contentUrl":"https:\/\/sudoesteacontece.com.br\/wp-content\/uploads\/2025\/11\/Prefeita-defende-espaco-para-pratica-de-Grau-em-Livramento-apesar-de-rejeicao-e-polemica-sudoeste-acontece.jpg","width":900,"height":600},{"@type":"BreadcrumbList","@id":"https:\/\/sudoesteacontece.com.br\/?p=2812#breadcrumb","itemListElement":[{"@type":"ListItem","position":1,"name":"In\u00edcio","item":"https:\/\/sudoesteacontece.com.br\/"},{"@type":"ListItem","position":2,"name":"Prefeita defende espa\u00e7o para pr\u00e1tica de Grau em Livramento apesar de rejei\u00e7\u00e3o e pol\u00eamica"}]},{"@type":"WebSite","@id":"https:\/\/sudoesteacontece.com.br\/#website","url":"https:\/\/sudoesteacontece.com.br\/","name":"Sudoesteacontece","description":"","publisher":{"@id":"https:\/\/sudoesteacontece.com.br\/#organization"},"potentialAction":[{"@type":"SearchAction","target":{"@type":"EntryPoint","urlTemplate":"https:\/\/sudoesteacontece.com.br\/?s={search_term_string}"},"query-input":{"@type":"PropertyValueSpecification","valueRequired":true,"valueName":"search_term_string"}}],"inLanguage":"pt-BR"},{"@type":"Organization","@id":"https:\/\/sudoesteacontece.com.br\/#organization","name":"Sudoesteacontece","url":"https:\/\/sudoesteacontece.com.br\/","logo":{"@type":"ImageObject","inLanguage":"pt-BR","@id":"https:\/\/sudoesteacontece.com.br\/#\/schema\/logo\/image\/","url":"https:\/\/sudoesteacontece.com.br\/wp-content\/uploads\/2025\/12\/cropped-logo-2-180x180-1.png","contentUrl":"https:\/\/sudoesteacontece.com.br\/wp-content\/uploads\/2025\/12\/cropped-logo-2-180x180-1.png","width":180,"height":180,"caption":"Sudoesteacontece"},"image":{"@id":"https:\/\/sudoesteacontece.com.br\/#\/schema\/logo\/image\/"},"sameAs":["https:\/\/www.facebook.com\/sudoesteacontece\/?locale=pt_BR"]},{"@type":"Person","@id":"https:\/\/sudoesteacontece.com.br\/#\/schema\/person\/3cf2cf009926a9683ebc29d5379fa79c","name":"Washington Tiago","image":{"@type":"ImageObject","inLanguage":"pt-BR","@id":"https:\/\/sudoesteacontece.com.br\/#\/schema\/person\/image\/","url":"https:\/\/secure.gravatar.com\/avatar\/33c43b8668157e040f9d1fe93c354bf087cbd8ba36270c1163198bd3ddcf2a56?s=96&d=mm&r=g","contentUrl":"https:\/\/secure.gravatar.com\/avatar\/33c43b8668157e040f9d1fe93c354bf087cbd8ba36270c1163198bd3ddcf2a56?s=96&d=mm&r=g","caption":"Washington Tiago"},"url":"https:\/\/sudoesteacontece.com.br\/?author=2"}]}},"_links":{"self":[{"href":"https:\/\/sudoesteacontece.com.br\/index.php?rest_route=\/wp\/v2\/posts\/2812","targetHints":{"allow":["GET"]}}],"collection":[{"href":"https:\/\/sudoesteacontece.com.br\/index.php?rest_route=\/wp\/v2\/posts"}],"about":[{"href":"https:\/\/sudoesteacontece.com.br\/index.php?rest_route=\/wp\/v2\/types\/post"}],"author":[{"embeddable":true,"href":"https:\/\/sudoesteacontece.com.br\/index.php?rest_route=\/wp\/v2\/users\/2"}],"replies":[{"embeddable":true,"href":"https:\/\/sudoesteacontece.com.br\/index.php?rest_route=%2Fwp%2Fv2%2Fcomments&post=2812"}],"version-history":[{"count":0,"href":"https:\/\/sudoesteacontece.com.br\/index.php?rest_route=\/wp\/v2\/posts\/2812\/revisions"}],"wp:featuredmedia":[{"embeddable":true,"href":"https:\/\/sudoesteacontece.com.br\/index.php?rest_route=\/wp\/v2\/media\/2832"}],"wp:attachment":[{"href":"https:\/\/sudoesteacontece.com.br\/index.php?rest_route=%2Fwp%2Fv2%2Fmedia&parent=2812"}],"wp:term":[{"taxonomy":"category","embeddable":true,"href":"https:\/\/sudoesteacontece.com.br\/index.php?rest_route=%2Fwp%2Fv2%2Fcategories&post=2812"},{"taxonomy":"post_tag","embeddable":true,"href":"https:\/\/sudoesteacontece.com.br\/index.php?rest_route=%2Fwp%2Fv2%2Ftags&post=2812"}],"curies":[{"name":"wp","href":"https:\/\/api.w.org\/{rel}","templated":true}]}}