{"id":2818,"date":"2025-11-17T10:53:45","date_gmt":"2025-11-17T13:53:45","guid":{"rendered":"https:\/\/sudoesteacontece.com.br\/?p=2818"},"modified":"2025-11-17T10:53:46","modified_gmt":"2025-11-17T13:53:46","slug":"acidente-grave-na-br-116-em-pocoes-deixa-2-mortos-rodovia-parcialmente-interditada","status":"publish","type":"post","link":"https:\/\/sudoesteacontece.com.br\/?p=2818","title":{"rendered":"Acidente grave na BR-116 em Po\u00e7\u00f5es deixa 2 mortos; rodovia parcialmente interditada"},"content":{"rendered":"<div class=\"wp-block-image\">\n<figure class=\"aligncenter size-full\"><img fetchpriority=\"high\" decoding=\"async\" width=\"900\" height=\"600\" src=\"http:\/\/sudoesteacontece.com.br\/wp-content\/uploads\/2025\/11\/Acidente-grave-na-BR-116-em-Pocoes-deixa-2-mortos-rodovia-parcialmente-interditada-sudoeste-acontece.jpg\" alt=\"\" class=\"wp-image-2845\" srcset=\"https:\/\/sudoesteacontece.com.br\/wp-content\/uploads\/2025\/11\/Acidente-grave-na-BR-116-em-Pocoes-deixa-2-mortos-rodovia-parcialmente-interditada-sudoeste-acontece.jpg 900w, https:\/\/sudoesteacontece.com.br\/wp-content\/uploads\/2025\/11\/Acidente-grave-na-BR-116-em-Pocoes-deixa-2-mortos-rodovia-parcialmente-interditada-sudoeste-acontece-300x200.jpg 300w, https:\/\/sudoesteacontece.com.br\/wp-content\/uploads\/2025\/11\/Acidente-grave-na-BR-116-em-Pocoes-deixa-2-mortos-rodovia-parcialmente-interditada-sudoeste-acontece-768x512.jpg 768w\" sizes=\"(max-width: 900px) 100vw, 900px\" \/><\/figure>\n<\/div>\n\n\n<p>Enquanto a tarde deste domingo (16) transcorria, um carro de passeio colidiu com um caminh\u00e3o pr\u00f3ximo \u00e0 sa\u00edda para Jequi\u00e9, em Po\u00e7\u00f5es, no sudoeste da Bahia. Colis\u00e3o deixou pelo menos duas v\u00edtimas fatais no local e um cen\u00e1rio de destrui\u00e7\u00e3o \u00e0s margens da rodovia.<\/p>\n\n\n\n<p>Ap\u00f3s o acidente, a Pol\u00edcia Rodovi\u00e1ria Federal (PRF) isolou a \u00e1rea para organizar o tr\u00e2nsito e permitir o trabalho das equipes de resgate e per\u00edcia. As identidades das v\u00edtimas ainda n\u00e3o foram divulgadas. Socorristas atenderam poss\u00edveis sobreviventes e checaram o estado dos ocupantes do caminh\u00e3o.<\/p>\n\n\n\n<p>Al\u00e9m disso, o Departamento de Pol\u00edcia T\u00e9cnica (DPT) foi acionado para remover os corpos e conduzir a per\u00edcia que apontar\u00e1 as circunst\u00e2ncias da trag\u00e9dia. Trabalho das equipes foi realizado com rapidez para preservar evid\u00eancias e garantir a seguran\u00e7a no local.<\/p>\n\n\n\n<p>Consequentemente, o tr\u00e2nsito ficou lento nos dois sentidos da rodovia, com filas formadas durante o atendimento \u00e0 ocorr\u00eancia. As causas do acidente ainda est\u00e3o sendo apuradas pelas autoridades competentes, que investigam fatores como velocidade, condi\u00e7\u00f5es da pista e visibilidade.<\/p>\n\n\n\n<p><\/p>\n","protected":false},"excerpt":{"rendered":"<p>Enquanto a tarde deste domingo (16) transcorria, um carro de passeio colidiu com um caminh\u00e3o pr\u00f3ximo \u00e0 sa\u00edda para Jequi\u00e9, em Po\u00e7\u00f5es, no sudoeste da Bahia. Colis\u00e3o deixou pelo menos duas v\u00edtimas fatais no local e um cen\u00e1rio de destrui\u00e7\u00e3o \u00e0s margens da rodovia. Ap\u00f3s o acidente, a Pol\u00edcia Rodovi\u00e1ria Federal (PRF) isolou a \u00e1rea para organizar o tr\u00e2nsito e permitir o trabalho das equipes de resgate e per\u00edcia. As identidades das v\u00edtimas ainda n\u00e3o foram divulgadas. Socorristas atenderam poss\u00edveis sobreviventes e checaram o estado dos ocupantes do caminh\u00e3o. Al\u00e9m disso, o Departamento de Pol\u00edcia T\u00e9cnica (DPT) foi acionado para remover os corpos e conduzir a per\u00edcia que apontar\u00e1 as circunst\u00e2ncias da trag\u00e9dia. Trabalho das equipes foi realizado com rapidez para preservar evid\u00eancias e garantir a seguran\u00e7a no local. Consequentemente, o tr\u00e2nsito ficou lento nos dois sentidos da rodovia, com filas formadas durante o atendimento \u00e0 ocorr\u00eancia. As causas do acidente ainda est\u00e3o sendo apuradas pelas autoridades competentes, que investigam fatores como velocidade, condi\u00e7\u00f5es da pista e visibilidade.<\/p>\n","protected":false},"author":2,"featured_media":2845,"comment_status":"open","ping_status":"open","sticky":false,"template":"","format":"standard","meta":{"footnotes":""},"categories":[5,81,74],"tags":[],"class_list":["post-2818","post","type-post","status-publish","format-standard","has-post-thumbnail","hentry","category-acidente","category-jequie","category-pocoes"],"yoast_head":"<!-- This site is optimized with the Yoast SEO plugin v26.5 - https:\/\/yoast.com\/wordpress\/plugins\/seo\/ -->\n<title>Acidente grave na BR-116 em Po\u00e7\u00f5es deixa 2 mortos; rodovia parcialmente interditada - Sudoesteacontece<\/title>\n<meta name=\"robots\" content=\"index, follow, max-snippet:-1, max-image-preview:large, max-video-preview:-1\" \/>\n<link rel=\"canonical\" href=\"https:\/\/sudoesteacontece.com.br\/?p=2818\" \/>\n<meta property=\"og:locale\" content=\"pt_BR\" \/>\n<meta property=\"og:type\" content=\"article\" \/>\n<meta property=\"og:title\" content=\"Acidente grave na BR-116 em Po\u00e7\u00f5es deixa 2 mortos; rodovia parcialmente interditada - Sudoesteacontece\" \/>\n<meta property=\"og:description\" content=\"Enquanto a tarde deste domingo (16) transcorria, um carro de passeio colidiu com um caminh\u00e3o pr\u00f3ximo \u00e0 sa\u00edda para Jequi\u00e9, em Po\u00e7\u00f5es, no sudoeste da Bahia. Colis\u00e3o deixou pelo menos duas v\u00edtimas fatais no local e um cen\u00e1rio de destrui\u00e7\u00e3o \u00e0s margens da rodovia. Ap\u00f3s o acidente, a Pol\u00edcia Rodovi\u00e1ria Federal (PRF) isolou a \u00e1rea para organizar o tr\u00e2nsito e permitir o trabalho das equipes de resgate e per\u00edcia. As identidades das v\u00edtimas ainda n\u00e3o foram divulgadas. Socorristas atenderam poss\u00edveis sobreviventes e checaram o estado dos ocupantes do caminh\u00e3o. Al\u00e9m disso, o Departamento de Pol\u00edcia T\u00e9cnica (DPT) foi acionado para remover os corpos e conduzir a per\u00edcia que apontar\u00e1 as circunst\u00e2ncias da trag\u00e9dia. Trabalho das equipes foi realizado com rapidez para preservar evid\u00eancias e garantir a seguran\u00e7a no local. Consequentemente, o tr\u00e2nsito ficou lento nos dois sentidos da rodovia, com filas formadas durante o atendimento \u00e0 ocorr\u00eancia. As causas do acidente ainda est\u00e3o sendo apuradas pelas autoridades competentes, que investigam fatores como velocidade, condi\u00e7\u00f5es da pista e visibilidade.\" \/>\n<meta property=\"og:url\" content=\"https:\/\/sudoesteacontece.com.br\/?p=2818\" \/>\n<meta property=\"og:site_name\" content=\"Sudoesteacontece\" \/>\n<meta property=\"article:publisher\" content=\"https:\/\/www.facebook.com\/sudoesteacontece\/?locale=pt_BR\" \/>\n<meta property=\"article:published_time\" content=\"2025-11-17T13:53:45+00:00\" \/>\n<meta property=\"article:modified_time\" content=\"2025-11-17T13:53:46+00:00\" \/>\n<meta property=\"og:image\" content=\"https:\/\/sudoesteacontece.com.br\/wp-content\/uploads\/2025\/11\/Acidente-grave-na-BR-116-em-Pocoes-deixa-2-mortos-rodovia-parcialmente-interditada-sudoeste-acontece.jpg\" \/>\n\t<meta property=\"og:image:width\" content=\"900\" \/>\n\t<meta property=\"og:image:height\" content=\"600\" \/>\n\t<meta property=\"og:image:type\" content=\"image\/jpeg\" \/>\n<meta name=\"author\" content=\"Washington Tiago\" \/>\n<meta name=\"twitter:card\" content=\"summary_large_image\" \/>\n<meta name=\"twitter:label1\" content=\"Escrito por\" \/>\n\t<meta name=\"twitter:data1\" content=\"Washington Tiago\" \/>\n\t<meta name=\"twitter:label2\" content=\"Est. tempo de leitura\" \/>\n\t<meta name=\"twitter:data2\" content=\"1 minuto\" \/>\n<script type=\"application\/ld+json\" class=\"yoast-schema-graph\">{\"@context\":\"https:\/\/schema.org\",\"@graph\":[{\"@type\":\"Article\",\"@id\":\"https:\/\/sudoesteacontece.com.br\/?p=2818#article\",\"isPartOf\":{\"@id\":\"https:\/\/sudoesteacontece.com.br\/?p=2818\"},\"author\":{\"name\":\"Washington Tiago\",\"@id\":\"https:\/\/sudoesteacontece.com.br\/#\/schema\/person\/3cf2cf009926a9683ebc29d5379fa79c\"},\"headline\":\"Acidente grave na BR-116 em Po\u00e7\u00f5es deixa 2 mortos; rodovia parcialmente interditada\",\"datePublished\":\"2025-11-17T13:53:45+00:00\",\"dateModified\":\"2025-11-17T13:53:46+00:00\",\"mainEntityOfPage\":{\"@id\":\"https:\/\/sudoesteacontece.com.br\/?p=2818\"},\"wordCount\":206,\"commentCount\":0,\"publisher\":{\"@id\":\"https:\/\/sudoesteacontece.com.br\/#organization\"},\"image\":{\"@id\":\"https:\/\/sudoesteacontece.com.br\/?p=2818#primaryimage\"},\"thumbnailUrl\":\"https:\/\/sudoesteacontece.com.br\/wp-content\/uploads\/2025\/11\/Acidente-grave-na-BR-116-em-Pocoes-deixa-2-mortos-rodovia-parcialmente-interditada-sudoeste-acontece.jpg\",\"articleSection\":[\"Acidente\",\"Jequi\u00e9\",\"Po\u00e7\u00f5es\"],\"inLanguage\":\"pt-BR\",\"potentialAction\":[{\"@type\":\"CommentAction\",\"name\":\"Comment\",\"target\":[\"https:\/\/sudoesteacontece.com.br\/?p=2818#respond\"]}]},{\"@type\":\"WebPage\",\"@id\":\"https:\/\/sudoesteacontece.com.br\/?p=2818\",\"url\":\"https:\/\/sudoesteacontece.com.br\/?p=2818\",\"name\":\"Acidente grave na BR-116 em Po\u00e7\u00f5es deixa 2 mortos; rodovia parcialmente interditada - Sudoesteacontece\",\"isPartOf\":{\"@id\":\"https:\/\/sudoesteacontece.com.br\/#website\"},\"primaryImageOfPage\":{\"@id\":\"https:\/\/sudoesteacontece.com.br\/?p=2818#primaryimage\"},\"image\":{\"@id\":\"https:\/\/sudoesteacontece.com.br\/?p=2818#primaryimage\"},\"thumbnailUrl\":\"https:\/\/sudoesteacontece.com.br\/wp-content\/uploads\/2025\/11\/Acidente-grave-na-BR-116-em-Pocoes-deixa-2-mortos-rodovia-parcialmente-interditada-sudoeste-acontece.jpg\",\"datePublished\":\"2025-11-17T13:53:45+00:00\",\"dateModified\":\"2025-11-17T13:53:46+00:00\",\"breadcrumb\":{\"@id\":\"https:\/\/sudoesteacontece.com.br\/?p=2818#breadcrumb\"},\"inLanguage\":\"pt-BR\",\"potentialAction\":[{\"@type\":\"ReadAction\",\"target\":[\"https:\/\/sudoesteacontece.com.br\/?p=2818\"]}]},{\"@type\":\"ImageObject\",\"inLanguage\":\"pt-BR\",\"@id\":\"https:\/\/sudoesteacontece.com.br\/?p=2818#primaryimage\",\"url\":\"https:\/\/sudoesteacontece.com.br\/wp-content\/uploads\/2025\/11\/Acidente-grave-na-BR-116-em-Pocoes-deixa-2-mortos-rodovia-parcialmente-interditada-sudoeste-acontece.jpg\",\"contentUrl\":\"https:\/\/sudoesteacontece.com.br\/wp-content\/uploads\/2025\/11\/Acidente-grave-na-BR-116-em-Pocoes-deixa-2-mortos-rodovia-parcialmente-interditada-sudoeste-acontece.jpg\",\"width\":900,\"height\":600},{\"@type\":\"BreadcrumbList\",\"@id\":\"https:\/\/sudoesteacontece.com.br\/?p=2818#breadcrumb\",\"itemListElement\":[{\"@type\":\"ListItem\",\"position\":1,\"name\":\"In\u00edcio\",\"item\":\"https:\/\/sudoesteacontece.com.br\/\"},{\"@type\":\"ListItem\",\"position\":2,\"name\":\"Acidente grave na BR-116 em Po\u00e7\u00f5es deixa 2 mortos; rodovia parcialmente interditada\"}]},{\"@type\":\"WebSite\",\"@id\":\"https:\/\/sudoesteacontece.com.br\/#website\",\"url\":\"https:\/\/sudoesteacontece.com.br\/\",\"name\":\"Sudoesteacontece\",\"description\":\"\",\"publisher\":{\"@id\":\"https:\/\/sudoesteacontece.com.br\/#organization\"},\"potentialAction\":[{\"@type\":\"SearchAction\",\"target\":{\"@type\":\"EntryPoint\",\"urlTemplate\":\"https:\/\/sudoesteacontece.com.br\/?s={search_term_string}\"},\"query-input\":{\"@type\":\"PropertyValueSpecification\",\"valueRequired\":true,\"valueName\":\"search_term_string\"}}],\"inLanguage\":\"pt-BR\"},{\"@type\":\"Organization\",\"@id\":\"https:\/\/sudoesteacontece.com.br\/#organization\",\"name\":\"Sudoesteacontece\",\"url\":\"https:\/\/sudoesteacontece.com.br\/\",\"logo\":{\"@type\":\"ImageObject\",\"inLanguage\":\"pt-BR\",\"@id\":\"https:\/\/sudoesteacontece.com.br\/#\/schema\/logo\/image\/\",\"url\":\"https:\/\/sudoesteacontece.com.br\/wp-content\/uploads\/2025\/12\/cropped-logo-2-180x180-1.png\",\"contentUrl\":\"https:\/\/sudoesteacontece.com.br\/wp-content\/uploads\/2025\/12\/cropped-logo-2-180x180-1.png\",\"width\":180,\"height\":180,\"caption\":\"Sudoesteacontece\"},\"image\":{\"@id\":\"https:\/\/sudoesteacontece.com.br\/#\/schema\/logo\/image\/\"},\"sameAs\":[\"https:\/\/www.facebook.com\/sudoesteacontece\/?locale=pt_BR\"]},{\"@type\":\"Person\",\"@id\":\"https:\/\/sudoesteacontece.com.br\/#\/schema\/person\/3cf2cf009926a9683ebc29d5379fa79c\",\"name\":\"Washington Tiago\",\"image\":{\"@type\":\"ImageObject\",\"inLanguage\":\"pt-BR\",\"@id\":\"https:\/\/sudoesteacontece.com.br\/#\/schema\/person\/image\/\",\"url\":\"https:\/\/secure.gravatar.com\/avatar\/33c43b8668157e040f9d1fe93c354bf087cbd8ba36270c1163198bd3ddcf2a56?s=96&d=mm&r=g\",\"contentUrl\":\"https:\/\/secure.gravatar.com\/avatar\/33c43b8668157e040f9d1fe93c354bf087cbd8ba36270c1163198bd3ddcf2a56?s=96&d=mm&r=g\",\"caption\":\"Washington Tiago\"},\"url\":\"https:\/\/sudoesteacontece.com.br\/?author=2\"}]}<\/script>\n<!-- \/ Yoast SEO plugin. -->","yoast_head_json":{"title":"Acidente grave na BR-116 em Po\u00e7\u00f5es deixa 2 mortos; rodovia parcialmente interditada - Sudoesteacontece","robots":{"index":"index","follow":"follow","max-snippet":"max-snippet:-1","max-image-preview":"max-image-preview:large","max-video-preview":"max-video-preview:-1"},"canonical":"https:\/\/sudoesteacontece.com.br\/?p=2818","og_locale":"pt_BR","og_type":"article","og_title":"Acidente grave na BR-116 em Po\u00e7\u00f5es deixa 2 mortos; rodovia parcialmente interditada - Sudoesteacontece","og_description":"Enquanto a tarde deste domingo (16) transcorria, um carro de passeio colidiu com um caminh\u00e3o pr\u00f3ximo \u00e0 sa\u00edda para Jequi\u00e9, em Po\u00e7\u00f5es, no sudoeste da Bahia. Colis\u00e3o deixou pelo menos duas v\u00edtimas fatais no local e um cen\u00e1rio de destrui\u00e7\u00e3o \u00e0s margens da rodovia. Ap\u00f3s o acidente, a Pol\u00edcia Rodovi\u00e1ria Federal (PRF) isolou a \u00e1rea para organizar o tr\u00e2nsito e permitir o trabalho das equipes de resgate e per\u00edcia. As identidades das v\u00edtimas ainda n\u00e3o foram divulgadas. Socorristas atenderam poss\u00edveis sobreviventes e checaram o estado dos ocupantes do caminh\u00e3o. Al\u00e9m disso, o Departamento de Pol\u00edcia T\u00e9cnica (DPT) foi acionado para remover os corpos e conduzir a per\u00edcia que apontar\u00e1 as circunst\u00e2ncias da trag\u00e9dia. Trabalho das equipes foi realizado com rapidez para preservar evid\u00eancias e garantir a seguran\u00e7a no local. Consequentemente, o tr\u00e2nsito ficou lento nos dois sentidos da rodovia, com filas formadas durante o atendimento \u00e0 ocorr\u00eancia. As causas do acidente ainda est\u00e3o sendo apuradas pelas autoridades competentes, que investigam fatores como velocidade, condi\u00e7\u00f5es da pista e visibilidade.","og_url":"https:\/\/sudoesteacontece.com.br\/?p=2818","og_site_name":"Sudoesteacontece","article_publisher":"https:\/\/www.facebook.com\/sudoesteacontece\/?locale=pt_BR","article_published_time":"2025-11-17T13:53:45+00:00","article_modified_time":"2025-11-17T13:53:46+00:00","og_image":[{"width":900,"height":600,"url":"https:\/\/sudoesteacontece.com.br\/wp-content\/uploads\/2025\/11\/Acidente-grave-na-BR-116-em-Pocoes-deixa-2-mortos-rodovia-parcialmente-interditada-sudoeste-acontece.jpg","type":"image\/jpeg"}],"author":"Washington Tiago","twitter_card":"summary_large_image","twitter_misc":{"Escrito por":"Washington Tiago","Est. tempo de leitura":"1 minuto"},"schema":{"@context":"https:\/\/schema.org","@graph":[{"@type":"Article","@id":"https:\/\/sudoesteacontece.com.br\/?p=2818#article","isPartOf":{"@id":"https:\/\/sudoesteacontece.com.br\/?p=2818"},"author":{"name":"Washington Tiago","@id":"https:\/\/sudoesteacontece.com.br\/#\/schema\/person\/3cf2cf009926a9683ebc29d5379fa79c"},"headline":"Acidente grave na BR-116 em Po\u00e7\u00f5es deixa 2 mortos; rodovia parcialmente interditada","datePublished":"2025-11-17T13:53:45+00:00","dateModified":"2025-11-17T13:53:46+00:00","mainEntityOfPage":{"@id":"https:\/\/sudoesteacontece.com.br\/?p=2818"},"wordCount":206,"commentCount":0,"publisher":{"@id":"https:\/\/sudoesteacontece.com.br\/#organization"},"image":{"@id":"https:\/\/sudoesteacontece.com.br\/?p=2818#primaryimage"},"thumbnailUrl":"https:\/\/sudoesteacontece.com.br\/wp-content\/uploads\/2025\/11\/Acidente-grave-na-BR-116-em-Pocoes-deixa-2-mortos-rodovia-parcialmente-interditada-sudoeste-acontece.jpg","articleSection":["Acidente","Jequi\u00e9","Po\u00e7\u00f5es"],"inLanguage":"pt-BR","potentialAction":[{"@type":"CommentAction","name":"Comment","target":["https:\/\/sudoesteacontece.com.br\/?p=2818#respond"]}]},{"@type":"WebPage","@id":"https:\/\/sudoesteacontece.com.br\/?p=2818","url":"https:\/\/sudoesteacontece.com.br\/?p=2818","name":"Acidente grave na BR-116 em Po\u00e7\u00f5es deixa 2 mortos; rodovia parcialmente interditada - Sudoesteacontece","isPartOf":{"@id":"https:\/\/sudoesteacontece.com.br\/#website"},"primaryImageOfPage":{"@id":"https:\/\/sudoesteacontece.com.br\/?p=2818#primaryimage"},"image":{"@id":"https:\/\/sudoesteacontece.com.br\/?p=2818#primaryimage"},"thumbnailUrl":"https:\/\/sudoesteacontece.com.br\/wp-content\/uploads\/2025\/11\/Acidente-grave-na-BR-116-em-Pocoes-deixa-2-mortos-rodovia-parcialmente-interditada-sudoeste-acontece.jpg","datePublished":"2025-11-17T13:53:45+00:00","dateModified":"2025-11-17T13:53:46+00:00","breadcrumb":{"@id":"https:\/\/sudoesteacontece.com.br\/?p=2818#breadcrumb"},"inLanguage":"pt-BR","potentialAction":[{"@type":"ReadAction","target":["https:\/\/sudoesteacontece.com.br\/?p=2818"]}]},{"@type":"ImageObject","inLanguage":"pt-BR","@id":"https:\/\/sudoesteacontece.com.br\/?p=2818#primaryimage","url":"https:\/\/sudoesteacontece.com.br\/wp-content\/uploads\/2025\/11\/Acidente-grave-na-BR-116-em-Pocoes-deixa-2-mortos-rodovia-parcialmente-interditada-sudoeste-acontece.jpg","contentUrl":"https:\/\/sudoesteacontece.com.br\/wp-content\/uploads\/2025\/11\/Acidente-grave-na-BR-116-em-Pocoes-deixa-2-mortos-rodovia-parcialmente-interditada-sudoeste-acontece.jpg","width":900,"height":600},{"@type":"BreadcrumbList","@id":"https:\/\/sudoesteacontece.com.br\/?p=2818#breadcrumb","itemListElement":[{"@type":"ListItem","position":1,"name":"In\u00edcio","item":"https:\/\/sudoesteacontece.com.br\/"},{"@type":"ListItem","position":2,"name":"Acidente grave na BR-116 em Po\u00e7\u00f5es deixa 2 mortos; rodovia parcialmente interditada"}]},{"@type":"WebSite","@id":"https:\/\/sudoesteacontece.com.br\/#website","url":"https:\/\/sudoesteacontece.com.br\/","name":"Sudoesteacontece","description":"","publisher":{"@id":"https:\/\/sudoesteacontece.com.br\/#organization"},"potentialAction":[{"@type":"SearchAction","target":{"@type":"EntryPoint","urlTemplate":"https:\/\/sudoesteacontece.com.br\/?s={search_term_string}"},"query-input":{"@type":"PropertyValueSpecification","valueRequired":true,"valueName":"search_term_string"}}],"inLanguage":"pt-BR"},{"@type":"Organization","@id":"https:\/\/sudoesteacontece.com.br\/#organization","name":"Sudoesteacontece","url":"https:\/\/sudoesteacontece.com.br\/","logo":{"@type":"ImageObject","inLanguage":"pt-BR","@id":"https:\/\/sudoesteacontece.com.br\/#\/schema\/logo\/image\/","url":"https:\/\/sudoesteacontece.com.br\/wp-content\/uploads\/2025\/12\/cropped-logo-2-180x180-1.png","contentUrl":"https:\/\/sudoesteacontece.com.br\/wp-content\/uploads\/2025\/12\/cropped-logo-2-180x180-1.png","width":180,"height":180,"caption":"Sudoesteacontece"},"image":{"@id":"https:\/\/sudoesteacontece.com.br\/#\/schema\/logo\/image\/"},"sameAs":["https:\/\/www.facebook.com\/sudoesteacontece\/?locale=pt_BR"]},{"@type":"Person","@id":"https:\/\/sudoesteacontece.com.br\/#\/schema\/person\/3cf2cf009926a9683ebc29d5379fa79c","name":"Washington Tiago","image":{"@type":"ImageObject","inLanguage":"pt-BR","@id":"https:\/\/sudoesteacontece.com.br\/#\/schema\/person\/image\/","url":"https:\/\/secure.gravatar.com\/avatar\/33c43b8668157e040f9d1fe93c354bf087cbd8ba36270c1163198bd3ddcf2a56?s=96&d=mm&r=g","contentUrl":"https:\/\/secure.gravatar.com\/avatar\/33c43b8668157e040f9d1fe93c354bf087cbd8ba36270c1163198bd3ddcf2a56?s=96&d=mm&r=g","caption":"Washington Tiago"},"url":"https:\/\/sudoesteacontece.com.br\/?author=2"}]}},"_links":{"self":[{"href":"https:\/\/sudoesteacontece.com.br\/index.php?rest_route=\/wp\/v2\/posts\/2818","targetHints":{"allow":["GET"]}}],"collection":[{"href":"https:\/\/sudoesteacontece.com.br\/index.php?rest_route=\/wp\/v2\/posts"}],"about":[{"href":"https:\/\/sudoesteacontece.com.br\/index.php?rest_route=\/wp\/v2\/types\/post"}],"author":[{"embeddable":true,"href":"https:\/\/sudoesteacontece.com.br\/index.php?rest_route=\/wp\/v2\/users\/2"}],"replies":[{"embeddable":true,"href":"https:\/\/sudoesteacontece.com.br\/index.php?rest_route=%2Fwp%2Fv2%2Fcomments&post=2818"}],"version-history":[{"count":0,"href":"https:\/\/sudoesteacontece.com.br\/index.php?rest_route=\/wp\/v2\/posts\/2818\/revisions"}],"wp:featuredmedia":[{"embeddable":true,"href":"https:\/\/sudoesteacontece.com.br\/index.php?rest_route=\/wp\/v2\/media\/2845"}],"wp:attachment":[{"href":"https:\/\/sudoesteacontece.com.br\/index.php?rest_route=%2Fwp%2Fv2%2Fmedia&parent=2818"}],"wp:term":[{"taxonomy":"category","embeddable":true,"href":"https:\/\/sudoesteacontece.com.br\/index.php?rest_route=%2Fwp%2Fv2%2Fcategories&post=2818"},{"taxonomy":"post_tag","embeddable":true,"href":"https:\/\/sudoesteacontece.com.br\/index.php?rest_route=%2Fwp%2Fv2%2Ftags&post=2818"}],"curies":[{"name":"wp","href":"https:\/\/api.w.org\/{rel}","templated":true}]}}