{"id":2859,"date":"2025-11-17T11:48:46","date_gmt":"2025-11-17T14:48:46","guid":{"rendered":"https:\/\/sudoesteacontece.com.br\/?p=2859"},"modified":"2025-11-17T11:48:47","modified_gmt":"2025-11-17T14:48:47","slug":"homem-vai-a-juri-popular-por-tentativa-de-homicidio-apos-atirar-tres-vezes-contra-rival-por-ciumes-em-brumado","status":"publish","type":"post","link":"https:\/\/sudoesteacontece.com.br\/?p=2859","title":{"rendered":"Homem vai a j\u00fari popular por tentativa de homic\u00eddio ap\u00f3s atirar tr\u00eas vezes contra rival por ci\u00fames em Brumado"},"content":{"rendered":"<div class=\"wp-block-image\">\n<figure class=\"aligncenter size-full\"><img fetchpriority=\"high\" decoding=\"async\" width=\"900\" height=\"600\" src=\"http:\/\/sudoesteacontece.com.br\/wp-content\/uploads\/2025\/11\/Dono-de-empresa-de-seguranca-vai-a-juri-popular-acusado-de-matar-homem-durante-tentativa-de-furto-em-Brumado-FORUM-BRUMADO-SUDOESTE-ACONTECE.jpg\" alt=\"\" class=\"wp-image-1862\" srcset=\"https:\/\/sudoesteacontece.com.br\/wp-content\/uploads\/2025\/11\/Dono-de-empresa-de-seguranca-vai-a-juri-popular-acusado-de-matar-homem-durante-tentativa-de-furto-em-Brumado-FORUM-BRUMADO-SUDOESTE-ACONTECE.jpg 900w, https:\/\/sudoesteacontece.com.br\/wp-content\/uploads\/2025\/11\/Dono-de-empresa-de-seguranca-vai-a-juri-popular-acusado-de-matar-homem-durante-tentativa-de-furto-em-Brumado-FORUM-BRUMADO-SUDOESTE-ACONTECE-300x200.jpg 300w, https:\/\/sudoesteacontece.com.br\/wp-content\/uploads\/2025\/11\/Dono-de-empresa-de-seguranca-vai-a-juri-popular-acusado-de-matar-homem-durante-tentativa-de-furto-em-Brumado-FORUM-BRUMADO-SUDOESTE-ACONTECE-768x512.jpg 768w\" sizes=\"(max-width: 900px) 100vw, 900px\" \/><figcaption class=\"wp-element-caption\">Foto Washington Tiago Sudoeste Acontece<\/figcaption><\/figure>\n<\/div>\n\n\n<p>A Justi\u00e7a decidiu levar a j\u00fari popular nesta ter\u00e7a-feira (18), Adonai Santos Dias, acusado de tentar matar \u00c1tila Alves Gomes com tr\u00eas disparos de arma de fogo por motivo de ci\u00fames, em Brumado. Crime ocorreu em 28 de mar\u00e7o de 2021, na Vila Presidente Vargas. Decis\u00e3o aponta que h\u00e1 prova da materialidade e ind\u00edcios suficientes de autoria, requisitos para a pron\u00fancia.<\/p>\n\n\n\n<p>O r\u00e9u segue preso preventivamente. Conforme o processo, Adonai surpreendeu \u00c1tila na rua, sacou um rev\u00f3lver e atirou. Os disparos n\u00e3o o atingiram por circunst\u00e2ncias alheias \u00e0 vontade do agressor. V\u00edtima correu, caiu no ch\u00e3o e fingiu-se de morta, acreditando que s\u00f3 assim escaparia.<\/p>\n\n\n\n<p>Testemunhas relataram que a namorada do acusado tentou segur\u00e1-lo para impedir novos tiros. Ao imaginar que havia matado \u00c1tila, o r\u00e9u voltou ao carro e fugiu. Segundo a v\u00edtima, essa foi a segunda tentativa, \u00c1tila afirmou em ju\u00edzo que Adonai j\u00e1 havia tentado mat\u00e1-lo cinco dias antes.<\/p>\n\n\n\n<p>Na ocasi\u00e3o, quatro tiros foram disparados contra seu autom\u00f3vel. Acusado acreditava que ele estivesse dentro do ve\u00edculo. Motivo, segundo a v\u00edtima, seria ci\u00fame. \u00c1tila manteve um breve relacionamento com Janice, ex-companheira de Adonai. Ele diz ter sido amea\u00e7ado diversas vezes pelo r\u00e9u, inclusive via redes sociais. <\/p>\n\n\n\n<p>Dois policiais militares confirmaram que encontraram Adonai cerca de meia hora ap\u00f3s a tentativa. Ele estava em um carro com uma mulher e uma crian\u00e7a. No ve\u00edculo, a equipe apreendeu um rev\u00f3lver calibre 38 com dois cartuchos intactos. Os agentes tamb\u00e9m relataram que o acusado estava agressivo no momento da abordagem.<\/p>\n\n\n\n<p>A ex-esposa de Adonai, Janice, e a atual namorada, Raquel, apresentam vers\u00f5es divergentes. Na delegacia, Raquel afirmou que viu o r\u00e9u atirar motivado por ci\u00fames. Em ju\u00edzo, mudou a vers\u00e3o e disse n\u00e3o ter visto arma. Janice contou que ouviu os disparos e que ouviu Raquel gritar \u201cpare, pare\u201d para Adonai. Ela n\u00e3o presenciou a dire\u00e7\u00e3o dos tiros. <\/p>\n\n\n\n<p>Testemunha disse ainda que existia rixa entre o acusado e a v\u00edtima. Em interrogat\u00f3rio, Adonai admitiu ter atirado, mas alegou que os disparos foram para o alto. Disse que \u00c1tila estaria armado com faca, o que nenhuma testemunha confirmou. Ele tamb\u00e9m negou amea\u00e7as anteriores.<\/p>\n\n\n\n<p>O Minist\u00e9rio P\u00fablico defendeu a pron\u00fancia por tentativa de homic\u00eddio qualificado por motivo f\u00fatil. A acusa\u00e7\u00e3o destacou o ci\u00fame como motiva\u00e7\u00e3o, o uso da arma, os tiros direcionados e o fato de a v\u00edtima ter escapado apenas porque correu, caiu e se fingiu de morta.<\/p>\n\n\n\n<p>Defesa tentou desclassificar o crime para disparo de arma de fogo, sustentando que \u00c1tila mentiu e que Adonai n\u00e3o teria inten\u00e7\u00e3o de matar. Com a decis\u00e3o de pron\u00fancia, o caso segue agora para julgamento pelo Tribunal do J\u00fari, respons\u00e1vel por analisar crimes dolosos contra a vida. A Justi\u00e7a manteve a pris\u00e3o preventiva, citando risco de reitera\u00e7\u00e3o e o hist\u00f3rico do acusado.<\/p>\n","protected":false},"excerpt":{"rendered":"<p>A Justi\u00e7a decidiu levar a j\u00fari popular nesta ter\u00e7a-feira (18), Adonai Santos Dias, acusado de tentar matar \u00c1tila Alves Gomes com tr\u00eas disparos de arma de fogo por motivo de ci\u00fames, em Brumado. Crime ocorreu em 28 de mar\u00e7o de 2021, na Vila Presidente Vargas. Decis\u00e3o aponta que h\u00e1 prova da materialidade e ind\u00edcios suficientes de autoria, requisitos para a pron\u00fancia. O r\u00e9u segue preso preventivamente. Conforme o processo, Adonai surpreendeu \u00c1tila na rua, sacou um rev\u00f3lver e atirou. Os disparos n\u00e3o o atingiram por circunst\u00e2ncias alheias \u00e0 vontade do agressor. V\u00edtima correu, caiu no ch\u00e3o e fingiu-se de morta, acreditando que s\u00f3 assim escaparia. Testemunhas relataram que a namorada do acusado tentou segur\u00e1-lo para impedir novos tiros. Ao imaginar que havia matado \u00c1tila, o r\u00e9u voltou ao carro e fugiu. Segundo a v\u00edtima, essa foi a segunda tentativa, \u00c1tila afirmou em ju\u00edzo que Adonai j\u00e1 havia tentado mat\u00e1-lo cinco dias antes. Na ocasi\u00e3o, quatro tiros foram disparados contra seu autom\u00f3vel. Acusado acreditava que ele estivesse dentro do ve\u00edculo. Motivo, segundo a v\u00edtima, seria ci\u00fame. \u00c1tila manteve um breve relacionamento com Janice, ex-companheira de Adonai. Ele diz ter sido amea\u00e7ado diversas vezes pelo r\u00e9u, inclusive via redes sociais. Dois policiais militares confirmaram que encontraram Adonai cerca de meia hora ap\u00f3s a tentativa. Ele estava em um carro com uma mulher e uma crian\u00e7a. No ve\u00edculo, a equipe apreendeu um rev\u00f3lver calibre 38 com dois cartuchos intactos. Os agentes tamb\u00e9m relataram que o acusado estava agressivo no momento da abordagem. A ex-esposa de Adonai, Janice, e a atual namorada, Raquel, apresentam vers\u00f5es divergentes. Na delegacia, Raquel afirmou que viu o r\u00e9u atirar motivado por ci\u00fames. Em ju\u00edzo, mudou a vers\u00e3o e disse n\u00e3o ter visto arma. Janice contou que ouviu os disparos e que ouviu Raquel gritar \u201cpare, pare\u201d para Adonai. Ela n\u00e3o presenciou a dire\u00e7\u00e3o dos tiros. Testemunha disse ainda que existia rixa entre o acusado e a v\u00edtima. Em interrogat\u00f3rio, Adonai admitiu ter atirado, mas alegou que os disparos foram para o alto. Disse que \u00c1tila estaria armado com faca, o que nenhuma testemunha confirmou. Ele tamb\u00e9m negou amea\u00e7as anteriores. O Minist\u00e9rio P\u00fablico defendeu a pron\u00fancia por tentativa de homic\u00eddio qualificado por motivo f\u00fatil. A acusa\u00e7\u00e3o destacou o ci\u00fame como motiva\u00e7\u00e3o, o uso da arma, os tiros direcionados e o fato de a v\u00edtima ter escapado apenas porque correu, caiu e se fingiu de morta. Defesa tentou desclassificar o crime para disparo de arma de fogo, sustentando que \u00c1tila mentiu e que Adonai n\u00e3o teria inten\u00e7\u00e3o de matar. Com a decis\u00e3o de pron\u00fancia, o caso segue agora para julgamento pelo Tribunal do J\u00fari, respons\u00e1vel por analisar crimes dolosos contra a vida. A Justi\u00e7a manteve a pris\u00e3o preventiva, citando risco de reitera\u00e7\u00e3o e o hist\u00f3rico do acusado.<\/p>\n","protected":false},"author":2,"featured_media":1862,"comment_status":"open","ping_status":"open","sticky":false,"template":"","format":"standard","meta":{"footnotes":""},"categories":[4,13,3],"tags":[],"class_list":["post-2859","post","type-post","status-publish","format-standard","has-post-thumbnail","hentry","category-cidades","category-justica","category-policia"],"yoast_head":"<!-- This site is optimized with the Yoast SEO plugin v26.5 - https:\/\/yoast.com\/wordpress\/plugins\/seo\/ -->\n<title>Homem vai a j\u00fari popular por tentativa de homic\u00eddio ap\u00f3s atirar tr\u00eas vezes contra rival por ci\u00fames em Brumado - Sudoesteacontece<\/title>\n<meta name=\"robots\" content=\"index, follow, max-snippet:-1, max-image-preview:large, max-video-preview:-1\" \/>\n<link rel=\"canonical\" href=\"https:\/\/sudoesteacontece.com.br\/?p=2859\" \/>\n<meta property=\"og:locale\" content=\"pt_BR\" \/>\n<meta property=\"og:type\" content=\"article\" \/>\n<meta property=\"og:title\" content=\"Homem vai a j\u00fari popular por tentativa de homic\u00eddio ap\u00f3s atirar tr\u00eas vezes contra rival por ci\u00fames em Brumado - Sudoesteacontece\" \/>\n<meta property=\"og:description\" content=\"A Justi\u00e7a decidiu levar a j\u00fari popular nesta ter\u00e7a-feira (18), Adonai Santos Dias, acusado de tentar matar \u00c1tila Alves Gomes com tr\u00eas disparos de arma de fogo por motivo de ci\u00fames, em Brumado. Crime ocorreu em 28 de mar\u00e7o de 2021, na Vila Presidente Vargas. Decis\u00e3o aponta que h\u00e1 prova da materialidade e ind\u00edcios suficientes de autoria, requisitos para a pron\u00fancia. O r\u00e9u segue preso preventivamente. Conforme o processo, Adonai surpreendeu \u00c1tila na rua, sacou um rev\u00f3lver e atirou. Os disparos n\u00e3o o atingiram por circunst\u00e2ncias alheias \u00e0 vontade do agressor. V\u00edtima correu, caiu no ch\u00e3o e fingiu-se de morta, acreditando que s\u00f3 assim escaparia. Testemunhas relataram que a namorada do acusado tentou segur\u00e1-lo para impedir novos tiros. Ao imaginar que havia matado \u00c1tila, o r\u00e9u voltou ao carro e fugiu. Segundo a v\u00edtima, essa foi a segunda tentativa, \u00c1tila afirmou em ju\u00edzo que Adonai j\u00e1 havia tentado mat\u00e1-lo cinco dias antes. Na ocasi\u00e3o, quatro tiros foram disparados contra seu autom\u00f3vel. Acusado acreditava que ele estivesse dentro do ve\u00edculo. Motivo, segundo a v\u00edtima, seria ci\u00fame. \u00c1tila manteve um breve relacionamento com Janice, ex-companheira de Adonai. Ele diz ter sido amea\u00e7ado diversas vezes pelo r\u00e9u, inclusive via redes sociais. Dois policiais militares confirmaram que encontraram Adonai cerca de meia hora ap\u00f3s a tentativa. Ele estava em um carro com uma mulher e uma crian\u00e7a. No ve\u00edculo, a equipe apreendeu um rev\u00f3lver calibre 38 com dois cartuchos intactos. Os agentes tamb\u00e9m relataram que o acusado estava agressivo no momento da abordagem. A ex-esposa de Adonai, Janice, e a atual namorada, Raquel, apresentam vers\u00f5es divergentes. Na delegacia, Raquel afirmou que viu o r\u00e9u atirar motivado por ci\u00fames. Em ju\u00edzo, mudou a vers\u00e3o e disse n\u00e3o ter visto arma. Janice contou que ouviu os disparos e que ouviu Raquel gritar \u201cpare, pare\u201d para Adonai. Ela n\u00e3o presenciou a dire\u00e7\u00e3o dos tiros. Testemunha disse ainda que existia rixa entre o acusado e a v\u00edtima. Em interrogat\u00f3rio, Adonai admitiu ter atirado, mas alegou que os disparos foram para o alto. Disse que \u00c1tila estaria armado com faca, o que nenhuma testemunha confirmou. Ele tamb\u00e9m negou amea\u00e7as anteriores. O Minist\u00e9rio P\u00fablico defendeu a pron\u00fancia por tentativa de homic\u00eddio qualificado por motivo f\u00fatil. A acusa\u00e7\u00e3o destacou o ci\u00fame como motiva\u00e7\u00e3o, o uso da arma, os tiros direcionados e o fato de a v\u00edtima ter escapado apenas porque correu, caiu e se fingiu de morta. Defesa tentou desclassificar o crime para disparo de arma de fogo, sustentando que \u00c1tila mentiu e que Adonai n\u00e3o teria inten\u00e7\u00e3o de matar. Com a decis\u00e3o de pron\u00fancia, o caso segue agora para julgamento pelo Tribunal do J\u00fari, respons\u00e1vel por analisar crimes dolosos contra a vida. A Justi\u00e7a manteve a pris\u00e3o preventiva, citando risco de reitera\u00e7\u00e3o e o hist\u00f3rico do acusado.\" \/>\n<meta property=\"og:url\" content=\"https:\/\/sudoesteacontece.com.br\/?p=2859\" \/>\n<meta property=\"og:site_name\" content=\"Sudoesteacontece\" \/>\n<meta property=\"article:publisher\" content=\"https:\/\/www.facebook.com\/sudoesteacontece\/?locale=pt_BR\" \/>\n<meta property=\"article:published_time\" content=\"2025-11-17T14:48:46+00:00\" \/>\n<meta property=\"article:modified_time\" content=\"2025-11-17T14:48:47+00:00\" \/>\n<meta property=\"og:image\" content=\"https:\/\/sudoesteacontece.com.br\/wp-content\/uploads\/2025\/11\/Dono-de-empresa-de-seguranca-vai-a-juri-popular-acusado-de-matar-homem-durante-tentativa-de-furto-em-Brumado-FORUM-BRUMADO-SUDOESTE-ACONTECE.jpg\" \/>\n\t<meta property=\"og:image:width\" content=\"900\" \/>\n\t<meta property=\"og:image:height\" content=\"600\" \/>\n\t<meta property=\"og:image:type\" content=\"image\/jpeg\" \/>\n<meta name=\"author\" content=\"Washington Tiago\" \/>\n<meta name=\"twitter:card\" content=\"summary_large_image\" \/>\n<meta name=\"twitter:label1\" content=\"Escrito por\" \/>\n\t<meta name=\"twitter:data1\" content=\"Washington Tiago\" \/>\n\t<meta name=\"twitter:label2\" content=\"Est. tempo de leitura\" \/>\n\t<meta name=\"twitter:data2\" content=\"3 minutos\" \/>\n<script type=\"application\/ld+json\" class=\"yoast-schema-graph\">{\"@context\":\"https:\/\/schema.org\",\"@graph\":[{\"@type\":\"Article\",\"@id\":\"https:\/\/sudoesteacontece.com.br\/?p=2859#article\",\"isPartOf\":{\"@id\":\"https:\/\/sudoesteacontece.com.br\/?p=2859\"},\"author\":{\"name\":\"Washington Tiago\",\"@id\":\"https:\/\/sudoesteacontece.com.br\/#\/schema\/person\/3cf2cf009926a9683ebc29d5379fa79c\"},\"headline\":\"Homem vai a j\u00fari popular por tentativa de homic\u00eddio ap\u00f3s atirar tr\u00eas vezes contra rival por ci\u00fames em Brumado\",\"datePublished\":\"2025-11-17T14:48:46+00:00\",\"dateModified\":\"2025-11-17T14:48:47+00:00\",\"mainEntityOfPage\":{\"@id\":\"https:\/\/sudoesteacontece.com.br\/?p=2859\"},\"wordCount\":544,\"commentCount\":0,\"publisher\":{\"@id\":\"https:\/\/sudoesteacontece.com.br\/#organization\"},\"image\":{\"@id\":\"https:\/\/sudoesteacontece.com.br\/?p=2859#primaryimage\"},\"thumbnailUrl\":\"https:\/\/sudoesteacontece.com.br\/wp-content\/uploads\/2025\/11\/Dono-de-empresa-de-seguranca-vai-a-juri-popular-acusado-de-matar-homem-durante-tentativa-de-furto-em-Brumado-FORUM-BRUMADO-SUDOESTE-ACONTECE.jpg\",\"articleSection\":[\"Cidades\",\"Justi\u00e7a\",\"Pol\u00edcia\"],\"inLanguage\":\"pt-BR\",\"potentialAction\":[{\"@type\":\"CommentAction\",\"name\":\"Comment\",\"target\":[\"https:\/\/sudoesteacontece.com.br\/?p=2859#respond\"]}]},{\"@type\":\"WebPage\",\"@id\":\"https:\/\/sudoesteacontece.com.br\/?p=2859\",\"url\":\"https:\/\/sudoesteacontece.com.br\/?p=2859\",\"name\":\"Homem vai a j\u00fari popular por tentativa de homic\u00eddio ap\u00f3s atirar tr\u00eas vezes contra rival por ci\u00fames em Brumado - Sudoesteacontece\",\"isPartOf\":{\"@id\":\"https:\/\/sudoesteacontece.com.br\/#website\"},\"primaryImageOfPage\":{\"@id\":\"https:\/\/sudoesteacontece.com.br\/?p=2859#primaryimage\"},\"image\":{\"@id\":\"https:\/\/sudoesteacontece.com.br\/?p=2859#primaryimage\"},\"thumbnailUrl\":\"https:\/\/sudoesteacontece.com.br\/wp-content\/uploads\/2025\/11\/Dono-de-empresa-de-seguranca-vai-a-juri-popular-acusado-de-matar-homem-durante-tentativa-de-furto-em-Brumado-FORUM-BRUMADO-SUDOESTE-ACONTECE.jpg\",\"datePublished\":\"2025-11-17T14:48:46+00:00\",\"dateModified\":\"2025-11-17T14:48:47+00:00\",\"breadcrumb\":{\"@id\":\"https:\/\/sudoesteacontece.com.br\/?p=2859#breadcrumb\"},\"inLanguage\":\"pt-BR\",\"potentialAction\":[{\"@type\":\"ReadAction\",\"target\":[\"https:\/\/sudoesteacontece.com.br\/?p=2859\"]}]},{\"@type\":\"ImageObject\",\"inLanguage\":\"pt-BR\",\"@id\":\"https:\/\/sudoesteacontece.com.br\/?p=2859#primaryimage\",\"url\":\"https:\/\/sudoesteacontece.com.br\/wp-content\/uploads\/2025\/11\/Dono-de-empresa-de-seguranca-vai-a-juri-popular-acusado-de-matar-homem-durante-tentativa-de-furto-em-Brumado-FORUM-BRUMADO-SUDOESTE-ACONTECE.jpg\",\"contentUrl\":\"https:\/\/sudoesteacontece.com.br\/wp-content\/uploads\/2025\/11\/Dono-de-empresa-de-seguranca-vai-a-juri-popular-acusado-de-matar-homem-durante-tentativa-de-furto-em-Brumado-FORUM-BRUMADO-SUDOESTE-ACONTECE.jpg\",\"width\":900,\"height\":600,\"caption\":\"FM0 FC011000010:zzzzzz013 50b90 0 066435436c27c1040 92410b229 55 022b ea217 0 0 0 0 0 0 0 0217d171d148 076 0206d0c3d0a8 076 01f5d0d0d0a4 0 0 01e4d118d09c 06e 01d3d131d08f 078 01c2d146d07b 078 01b1d130d070 078 01c1d10bd06b 078 01c7d11bd074 078 01cdd110d082 078 01d3d10bd096 078 01d9d106d09c 078 01dfd10ad0a3 077 01e5d0fbd0a2 077 01ebd139d0a3 077 01f1d15dd0a4 078 01f7d11fd0b4 077 01ebd0fcd0c4 077 01ebd107d0c5 076 0\"},{\"@type\":\"BreadcrumbList\",\"@id\":\"https:\/\/sudoesteacontece.com.br\/?p=2859#breadcrumb\",\"itemListElement\":[{\"@type\":\"ListItem\",\"position\":1,\"name\":\"In\u00edcio\",\"item\":\"https:\/\/sudoesteacontece.com.br\/\"},{\"@type\":\"ListItem\",\"position\":2,\"name\":\"Homem vai a j\u00fari popular por tentativa de homic\u00eddio ap\u00f3s atirar tr\u00eas vezes contra rival por ci\u00fames em Brumado\"}]},{\"@type\":\"WebSite\",\"@id\":\"https:\/\/sudoesteacontece.com.br\/#website\",\"url\":\"https:\/\/sudoesteacontece.com.br\/\",\"name\":\"Sudoesteacontece\",\"description\":\"\",\"publisher\":{\"@id\":\"https:\/\/sudoesteacontece.com.br\/#organization\"},\"potentialAction\":[{\"@type\":\"SearchAction\",\"target\":{\"@type\":\"EntryPoint\",\"urlTemplate\":\"https:\/\/sudoesteacontece.com.br\/?s={search_term_string}\"},\"query-input\":{\"@type\":\"PropertyValueSpecification\",\"valueRequired\":true,\"valueName\":\"search_term_string\"}}],\"inLanguage\":\"pt-BR\"},{\"@type\":\"Organization\",\"@id\":\"https:\/\/sudoesteacontece.com.br\/#organization\",\"name\":\"Sudoesteacontece\",\"url\":\"https:\/\/sudoesteacontece.com.br\/\",\"logo\":{\"@type\":\"ImageObject\",\"inLanguage\":\"pt-BR\",\"@id\":\"https:\/\/sudoesteacontece.com.br\/#\/schema\/logo\/image\/\",\"url\":\"https:\/\/sudoesteacontece.com.br\/wp-content\/uploads\/2025\/12\/cropped-logo-2-180x180-1.png\",\"contentUrl\":\"https:\/\/sudoesteacontece.com.br\/wp-content\/uploads\/2025\/12\/cropped-logo-2-180x180-1.png\",\"width\":180,\"height\":180,\"caption\":\"Sudoesteacontece\"},\"image\":{\"@id\":\"https:\/\/sudoesteacontece.com.br\/#\/schema\/logo\/image\/\"},\"sameAs\":[\"https:\/\/www.facebook.com\/sudoesteacontece\/?locale=pt_BR\"]},{\"@type\":\"Person\",\"@id\":\"https:\/\/sudoesteacontece.com.br\/#\/schema\/person\/3cf2cf009926a9683ebc29d5379fa79c\",\"name\":\"Washington Tiago\",\"image\":{\"@type\":\"ImageObject\",\"inLanguage\":\"pt-BR\",\"@id\":\"https:\/\/sudoesteacontece.com.br\/#\/schema\/person\/image\/\",\"url\":\"https:\/\/secure.gravatar.com\/avatar\/33c43b8668157e040f9d1fe93c354bf087cbd8ba36270c1163198bd3ddcf2a56?s=96&d=mm&r=g\",\"contentUrl\":\"https:\/\/secure.gravatar.com\/avatar\/33c43b8668157e040f9d1fe93c354bf087cbd8ba36270c1163198bd3ddcf2a56?s=96&d=mm&r=g\",\"caption\":\"Washington Tiago\"},\"url\":\"https:\/\/sudoesteacontece.com.br\/?author=2\"}]}<\/script>\n<!-- \/ Yoast SEO plugin. -->","yoast_head_json":{"title":"Homem vai a j\u00fari popular por tentativa de homic\u00eddio ap\u00f3s atirar tr\u00eas vezes contra rival por ci\u00fames em Brumado - Sudoesteacontece","robots":{"index":"index","follow":"follow","max-snippet":"max-snippet:-1","max-image-preview":"max-image-preview:large","max-video-preview":"max-video-preview:-1"},"canonical":"https:\/\/sudoesteacontece.com.br\/?p=2859","og_locale":"pt_BR","og_type":"article","og_title":"Homem vai a j\u00fari popular por tentativa de homic\u00eddio ap\u00f3s atirar tr\u00eas vezes contra rival por ci\u00fames em Brumado - Sudoesteacontece","og_description":"A Justi\u00e7a decidiu levar a j\u00fari popular nesta ter\u00e7a-feira (18), Adonai Santos Dias, acusado de tentar matar \u00c1tila Alves Gomes com tr\u00eas disparos de arma de fogo por motivo de ci\u00fames, em Brumado. Crime ocorreu em 28 de mar\u00e7o de 2021, na Vila Presidente Vargas. Decis\u00e3o aponta que h\u00e1 prova da materialidade e ind\u00edcios suficientes de autoria, requisitos para a pron\u00fancia. O r\u00e9u segue preso preventivamente. Conforme o processo, Adonai surpreendeu \u00c1tila na rua, sacou um rev\u00f3lver e atirou. Os disparos n\u00e3o o atingiram por circunst\u00e2ncias alheias \u00e0 vontade do agressor. V\u00edtima correu, caiu no ch\u00e3o e fingiu-se de morta, acreditando que s\u00f3 assim escaparia. Testemunhas relataram que a namorada do acusado tentou segur\u00e1-lo para impedir novos tiros. Ao imaginar que havia matado \u00c1tila, o r\u00e9u voltou ao carro e fugiu. Segundo a v\u00edtima, essa foi a segunda tentativa, \u00c1tila afirmou em ju\u00edzo que Adonai j\u00e1 havia tentado mat\u00e1-lo cinco dias antes. Na ocasi\u00e3o, quatro tiros foram disparados contra seu autom\u00f3vel. Acusado acreditava que ele estivesse dentro do ve\u00edculo. Motivo, segundo a v\u00edtima, seria ci\u00fame. \u00c1tila manteve um breve relacionamento com Janice, ex-companheira de Adonai. Ele diz ter sido amea\u00e7ado diversas vezes pelo r\u00e9u, inclusive via redes sociais. Dois policiais militares confirmaram que encontraram Adonai cerca de meia hora ap\u00f3s a tentativa. Ele estava em um carro com uma mulher e uma crian\u00e7a. No ve\u00edculo, a equipe apreendeu um rev\u00f3lver calibre 38 com dois cartuchos intactos. Os agentes tamb\u00e9m relataram que o acusado estava agressivo no momento da abordagem. A ex-esposa de Adonai, Janice, e a atual namorada, Raquel, apresentam vers\u00f5es divergentes. Na delegacia, Raquel afirmou que viu o r\u00e9u atirar motivado por ci\u00fames. Em ju\u00edzo, mudou a vers\u00e3o e disse n\u00e3o ter visto arma. Janice contou que ouviu os disparos e que ouviu Raquel gritar \u201cpare, pare\u201d para Adonai. Ela n\u00e3o presenciou a dire\u00e7\u00e3o dos tiros. Testemunha disse ainda que existia rixa entre o acusado e a v\u00edtima. Em interrogat\u00f3rio, Adonai admitiu ter atirado, mas alegou que os disparos foram para o alto. Disse que \u00c1tila estaria armado com faca, o que nenhuma testemunha confirmou. Ele tamb\u00e9m negou amea\u00e7as anteriores. O Minist\u00e9rio P\u00fablico defendeu a pron\u00fancia por tentativa de homic\u00eddio qualificado por motivo f\u00fatil. A acusa\u00e7\u00e3o destacou o ci\u00fame como motiva\u00e7\u00e3o, o uso da arma, os tiros direcionados e o fato de a v\u00edtima ter escapado apenas porque correu, caiu e se fingiu de morta. Defesa tentou desclassificar o crime para disparo de arma de fogo, sustentando que \u00c1tila mentiu e que Adonai n\u00e3o teria inten\u00e7\u00e3o de matar. Com a decis\u00e3o de pron\u00fancia, o caso segue agora para julgamento pelo Tribunal do J\u00fari, respons\u00e1vel por analisar crimes dolosos contra a vida. A Justi\u00e7a manteve a pris\u00e3o preventiva, citando risco de reitera\u00e7\u00e3o e o hist\u00f3rico do acusado.","og_url":"https:\/\/sudoesteacontece.com.br\/?p=2859","og_site_name":"Sudoesteacontece","article_publisher":"https:\/\/www.facebook.com\/sudoesteacontece\/?locale=pt_BR","article_published_time":"2025-11-17T14:48:46+00:00","article_modified_time":"2025-11-17T14:48:47+00:00","og_image":[{"width":900,"height":600,"url":"https:\/\/sudoesteacontece.com.br\/wp-content\/uploads\/2025\/11\/Dono-de-empresa-de-seguranca-vai-a-juri-popular-acusado-de-matar-homem-durante-tentativa-de-furto-em-Brumado-FORUM-BRUMADO-SUDOESTE-ACONTECE.jpg","type":"image\/jpeg"}],"author":"Washington Tiago","twitter_card":"summary_large_image","twitter_misc":{"Escrito por":"Washington Tiago","Est. tempo de leitura":"3 minutos"},"schema":{"@context":"https:\/\/schema.org","@graph":[{"@type":"Article","@id":"https:\/\/sudoesteacontece.com.br\/?p=2859#article","isPartOf":{"@id":"https:\/\/sudoesteacontece.com.br\/?p=2859"},"author":{"name":"Washington Tiago","@id":"https:\/\/sudoesteacontece.com.br\/#\/schema\/person\/3cf2cf009926a9683ebc29d5379fa79c"},"headline":"Homem vai a j\u00fari popular por tentativa de homic\u00eddio ap\u00f3s atirar tr\u00eas vezes contra rival por ci\u00fames em Brumado","datePublished":"2025-11-17T14:48:46+00:00","dateModified":"2025-11-17T14:48:47+00:00","mainEntityOfPage":{"@id":"https:\/\/sudoesteacontece.com.br\/?p=2859"},"wordCount":544,"commentCount":0,"publisher":{"@id":"https:\/\/sudoesteacontece.com.br\/#organization"},"image":{"@id":"https:\/\/sudoesteacontece.com.br\/?p=2859#primaryimage"},"thumbnailUrl":"https:\/\/sudoesteacontece.com.br\/wp-content\/uploads\/2025\/11\/Dono-de-empresa-de-seguranca-vai-a-juri-popular-acusado-de-matar-homem-durante-tentativa-de-furto-em-Brumado-FORUM-BRUMADO-SUDOESTE-ACONTECE.jpg","articleSection":["Cidades","Justi\u00e7a","Pol\u00edcia"],"inLanguage":"pt-BR","potentialAction":[{"@type":"CommentAction","name":"Comment","target":["https:\/\/sudoesteacontece.com.br\/?p=2859#respond"]}]},{"@type":"WebPage","@id":"https:\/\/sudoesteacontece.com.br\/?p=2859","url":"https:\/\/sudoesteacontece.com.br\/?p=2859","name":"Homem vai a j\u00fari popular por tentativa de homic\u00eddio ap\u00f3s atirar tr\u00eas vezes contra rival por ci\u00fames em Brumado - Sudoesteacontece","isPartOf":{"@id":"https:\/\/sudoesteacontece.com.br\/#website"},"primaryImageOfPage":{"@id":"https:\/\/sudoesteacontece.com.br\/?p=2859#primaryimage"},"image":{"@id":"https:\/\/sudoesteacontece.com.br\/?p=2859#primaryimage"},"thumbnailUrl":"https:\/\/sudoesteacontece.com.br\/wp-content\/uploads\/2025\/11\/Dono-de-empresa-de-seguranca-vai-a-juri-popular-acusado-de-matar-homem-durante-tentativa-de-furto-em-Brumado-FORUM-BRUMADO-SUDOESTE-ACONTECE.jpg","datePublished":"2025-11-17T14:48:46+00:00","dateModified":"2025-11-17T14:48:47+00:00","breadcrumb":{"@id":"https:\/\/sudoesteacontece.com.br\/?p=2859#breadcrumb"},"inLanguage":"pt-BR","potentialAction":[{"@type":"ReadAction","target":["https:\/\/sudoesteacontece.com.br\/?p=2859"]}]},{"@type":"ImageObject","inLanguage":"pt-BR","@id":"https:\/\/sudoesteacontece.com.br\/?p=2859#primaryimage","url":"https:\/\/sudoesteacontece.com.br\/wp-content\/uploads\/2025\/11\/Dono-de-empresa-de-seguranca-vai-a-juri-popular-acusado-de-matar-homem-durante-tentativa-de-furto-em-Brumado-FORUM-BRUMADO-SUDOESTE-ACONTECE.jpg","contentUrl":"https:\/\/sudoesteacontece.com.br\/wp-content\/uploads\/2025\/11\/Dono-de-empresa-de-seguranca-vai-a-juri-popular-acusado-de-matar-homem-durante-tentativa-de-furto-em-Brumado-FORUM-BRUMADO-SUDOESTE-ACONTECE.jpg","width":900,"height":600,"caption":"FM0 FC011000010:zzzzzz013 50b90 0 066435436c27c1040 92410b229 55 022b ea217 0 0 0 0 0 0 0 0217d171d148 076 0206d0c3d0a8 076 01f5d0d0d0a4 0 0 01e4d118d09c 06e 01d3d131d08f 078 01c2d146d07b 078 01b1d130d070 078 01c1d10bd06b 078 01c7d11bd074 078 01cdd110d082 078 01d3d10bd096 078 01d9d106d09c 078 01dfd10ad0a3 077 01e5d0fbd0a2 077 01ebd139d0a3 077 01f1d15dd0a4 078 01f7d11fd0b4 077 01ebd0fcd0c4 077 01ebd107d0c5 076 0"},{"@type":"BreadcrumbList","@id":"https:\/\/sudoesteacontece.com.br\/?p=2859#breadcrumb","itemListElement":[{"@type":"ListItem","position":1,"name":"In\u00edcio","item":"https:\/\/sudoesteacontece.com.br\/"},{"@type":"ListItem","position":2,"name":"Homem vai a j\u00fari popular por tentativa de homic\u00eddio ap\u00f3s atirar tr\u00eas vezes contra rival por ci\u00fames em Brumado"}]},{"@type":"WebSite","@id":"https:\/\/sudoesteacontece.com.br\/#website","url":"https:\/\/sudoesteacontece.com.br\/","name":"Sudoesteacontece","description":"","publisher":{"@id":"https:\/\/sudoesteacontece.com.br\/#organization"},"potentialAction":[{"@type":"SearchAction","target":{"@type":"EntryPoint","urlTemplate":"https:\/\/sudoesteacontece.com.br\/?s={search_term_string}"},"query-input":{"@type":"PropertyValueSpecification","valueRequired":true,"valueName":"search_term_string"}}],"inLanguage":"pt-BR"},{"@type":"Organization","@id":"https:\/\/sudoesteacontece.com.br\/#organization","name":"Sudoesteacontece","url":"https:\/\/sudoesteacontece.com.br\/","logo":{"@type":"ImageObject","inLanguage":"pt-BR","@id":"https:\/\/sudoesteacontece.com.br\/#\/schema\/logo\/image\/","url":"https:\/\/sudoesteacontece.com.br\/wp-content\/uploads\/2025\/12\/cropped-logo-2-180x180-1.png","contentUrl":"https:\/\/sudoesteacontece.com.br\/wp-content\/uploads\/2025\/12\/cropped-logo-2-180x180-1.png","width":180,"height":180,"caption":"Sudoesteacontece"},"image":{"@id":"https:\/\/sudoesteacontece.com.br\/#\/schema\/logo\/image\/"},"sameAs":["https:\/\/www.facebook.com\/sudoesteacontece\/?locale=pt_BR"]},{"@type":"Person","@id":"https:\/\/sudoesteacontece.com.br\/#\/schema\/person\/3cf2cf009926a9683ebc29d5379fa79c","name":"Washington Tiago","image":{"@type":"ImageObject","inLanguage":"pt-BR","@id":"https:\/\/sudoesteacontece.com.br\/#\/schema\/person\/image\/","url":"https:\/\/secure.gravatar.com\/avatar\/33c43b8668157e040f9d1fe93c354bf087cbd8ba36270c1163198bd3ddcf2a56?s=96&d=mm&r=g","contentUrl":"https:\/\/secure.gravatar.com\/avatar\/33c43b8668157e040f9d1fe93c354bf087cbd8ba36270c1163198bd3ddcf2a56?s=96&d=mm&r=g","caption":"Washington Tiago"},"url":"https:\/\/sudoesteacontece.com.br\/?author=2"}]}},"_links":{"self":[{"href":"https:\/\/sudoesteacontece.com.br\/index.php?rest_route=\/wp\/v2\/posts\/2859","targetHints":{"allow":["GET"]}}],"collection":[{"href":"https:\/\/sudoesteacontece.com.br\/index.php?rest_route=\/wp\/v2\/posts"}],"about":[{"href":"https:\/\/sudoesteacontece.com.br\/index.php?rest_route=\/wp\/v2\/types\/post"}],"author":[{"embeddable":true,"href":"https:\/\/sudoesteacontece.com.br\/index.php?rest_route=\/wp\/v2\/users\/2"}],"replies":[{"embeddable":true,"href":"https:\/\/sudoesteacontece.com.br\/index.php?rest_route=%2Fwp%2Fv2%2Fcomments&post=2859"}],"version-history":[{"count":0,"href":"https:\/\/sudoesteacontece.com.br\/index.php?rest_route=\/wp\/v2\/posts\/2859\/revisions"}],"wp:featuredmedia":[{"embeddable":true,"href":"https:\/\/sudoesteacontece.com.br\/index.php?rest_route=\/wp\/v2\/media\/1862"}],"wp:attachment":[{"href":"https:\/\/sudoesteacontece.com.br\/index.php?rest_route=%2Fwp%2Fv2%2Fmedia&parent=2859"}],"wp:term":[{"taxonomy":"category","embeddable":true,"href":"https:\/\/sudoesteacontece.com.br\/index.php?rest_route=%2Fwp%2Fv2%2Fcategories&post=2859"},{"taxonomy":"post_tag","embeddable":true,"href":"https:\/\/sudoesteacontece.com.br\/index.php?rest_route=%2Fwp%2Fv2%2Ftags&post=2859"}],"curies":[{"name":"wp","href":"https:\/\/api.w.org\/{rel}","templated":true}]}}