{"id":28674,"date":"2026-08-31T09:09:04","date_gmt":"2026-08-31T12:09:04","guid":{"rendered":"https:\/\/sudoesteacontece.com.br\/?p=28674"},"modified":"2026-08-31T09:09:09","modified_gmt":"2026-08-31T12:09:09","slug":"prefeito-do-uniao-brasil-surpreende-e-exibe-bandeira-de-jeronimo-em-ibiassuce","status":"publish","type":"post","link":"https:\/\/sudoesteacontece.com.br\/?p=28674","title":{"rendered":"Prefeito do Uni\u00e3o Brasil surpreende e exibe bandeira de Jer\u00f4nimo em Ibiassuc\u00ea"},"content":{"rendered":"\n<figure class=\"wp-block-image size-full\"><img fetchpriority=\"high\" decoding=\"async\" width=\"900\" height=\"600\" src=\"http:\/\/sudoesteacontece.com.br\/wp-content\/uploads\/2026\/08\/Prefeito-do-Uniao-Brasil-surpreende-e-exibe-bandeira-de-Jeronimo-em-Ibiassuce.jpg\" alt=\"\" class=\"wp-image-28706\" srcset=\"https:\/\/sudoesteacontece.com.br\/wp-content\/uploads\/2026\/08\/Prefeito-do-Uniao-Brasil-surpreende-e-exibe-bandeira-de-Jeronimo-em-Ibiassuce.jpg 900w, https:\/\/sudoesteacontece.com.br\/wp-content\/uploads\/2026\/08\/Prefeito-do-Uniao-Brasil-surpreende-e-exibe-bandeira-de-Jeronimo-em-Ibiassuce-300x200.jpg 300w, https:\/\/sudoesteacontece.com.br\/wp-content\/uploads\/2026\/08\/Prefeito-do-Uniao-Brasil-surpreende-e-exibe-bandeira-de-Jeronimo-em-Ibiassuce-768x512.jpg 768w\" sizes=\"(max-width: 900px) 100vw, 900px\" \/><\/figure>\n\n\n\n<p class=\"wp-block-paragraph\">O prefeito de Ibiassuc\u00ea, Tadeuzinho Prates, filiado ao Uni\u00e3o Brasil, participou neste s\u00e1bado (29) de uma carreata ao lado do governador e candidato \u00e0 reelei\u00e7\u00e3o Jer\u00f4nimo Rodrigues (PT). Durante o ato pol\u00edtico, o prefeito levantou uma bandeira da chapa petista e percorreu as ruas do munic\u00edpio ao lado das lideran\u00e7as que acompanhavam o governador.<\/p>\n\n\n\n<p class=\"wp-block-paragraph\">Antes da carreata, Tadeuzinho recebeu Jer\u00f4nimo com um adesivo do n\u00famero 13 no peito. O gesto chamou aten\u00e7\u00e3o porque o prefeito preside o diret\u00f3rio municipal do Uni\u00e3o Brasil, partido ligado ao ex-prefeito de Salvador ACM Neto. A participa\u00e7\u00e3o tamb\u00e9m ocorreu apesar da rela\u00e7\u00e3o pol\u00edtica de Tadeuzinho com o deputado federal Paulo Azi, integrante da legenda.<\/p>\n\n\n\n<p class=\"wp-block-paragraph\">Durante o evento, o prefeito deu as m\u00e3os ao governador e caminhou ao lado de integrantes da campanha. A mobiliza\u00e7\u00e3o reuniu apoiadores e lideran\u00e7as pol\u00edticas durante a passagem de Jer\u00f4nimo por Ibiassuc\u00ea, no sudoeste da Bahia, neste s\u00e1bado.<\/p>\n\n\n\n<p class=\"wp-block-paragraph\">Al\u00e9m de Jer\u00f4nimo Rodrigues, participaram da carreata os candidatos ao Senado pela chapa governista, o senador Jaques Wagner (PT) e o ex-ministro Rui Costa (PT). A presidente da Assembleia Legislativa da Bahia, deputada Ivana Bastos, tamb\u00e9m acompanhou a agenda no munic\u00edpio.<\/p>\n\n\n\n<p class=\"wp-block-paragraph\">O epis\u00f3dio evidencia a participa\u00e7\u00e3o de um prefeito filiado ao Uni\u00e3o Brasil em uma atividade de campanha do grupo pol\u00edtico advers\u00e1rio no munic\u00edpio. Tadeuzinho Prates ocupa a Prefeitura de Ibiassuc\u00ea e preside o partido de ACM Neto na cidade.<\/p>\n","protected":false},"excerpt":{"rendered":"<p>O prefeito de Ibiassuc\u00ea, Tadeuzinho Prates, filiado ao Uni\u00e3o Brasil, participou neste s\u00e1bado (29) de uma carreata ao lado do governador e candidato \u00e0 reelei\u00e7\u00e3o Jer\u00f4nimo Rodrigues (PT). Durante o ato pol\u00edtico, o prefeito levantou uma bandeira da chapa petista e percorreu as ruas do munic\u00edpio ao lado das lideran\u00e7as que acompanhavam o governador. Antes da carreata, Tadeuzinho recebeu Jer\u00f4nimo com um adesivo do n\u00famero 13 no peito. O gesto chamou aten\u00e7\u00e3o porque o prefeito preside o diret\u00f3rio municipal do Uni\u00e3o Brasil, partido ligado ao ex-prefeito de Salvador ACM Neto. A participa\u00e7\u00e3o tamb\u00e9m ocorreu apesar da rela\u00e7\u00e3o pol\u00edtica de Tadeuzinho com o deputado federal Paulo Azi, integrante da legenda. Durante o evento, o prefeito deu as m\u00e3os ao governador e caminhou ao lado de integrantes da campanha. A mobiliza\u00e7\u00e3o reuniu apoiadores e lideran\u00e7as pol\u00edticas durante a passagem de Jer\u00f4nimo por Ibiassuc\u00ea, no sudoeste da Bahia, neste s\u00e1bado. Al\u00e9m de Jer\u00f4nimo Rodrigues, participaram da carreata os candidatos ao Senado pela chapa governista, o senador Jaques Wagner (PT) e o ex-ministro Rui Costa (PT). A presidente da Assembleia Legislativa da Bahia, deputada Ivana Bastos, tamb\u00e9m acompanhou a agenda no munic\u00edpio. O epis\u00f3dio evidencia a participa\u00e7\u00e3o de um prefeito filiado ao Uni\u00e3o Brasil em uma atividade de campanha do grupo pol\u00edtico advers\u00e1rio no munic\u00edpio. Tadeuzinho Prates ocupa a Prefeitura de Ibiassuc\u00ea e preside o partido de ACM Neto na cidade.<\/p>\n","protected":false},"author":4,"featured_media":0,"comment_status":"open","ping_status":"open","sticky":false,"template":"","format":"standard","meta":{"footnotes":""},"categories":[4,58,88,6],"tags":[],"class_list":["post-28674","post","type-post","status-publish","format-standard","hentry","category-cidades","category-eleicoes-2026","category-ibiassuce","category-politica"],"yoast_head":"<!-- This site is optimized with the Yoast SEO plugin v26.5 - https:\/\/yoast.com\/wordpress\/plugins\/seo\/ -->\n<title>Prefeito do Uni\u00e3o Brasil surpreende e exibe bandeira de Jer\u00f4nimo em Ibiassuc\u00ea - Sudoesteacontece<\/title>\n<meta name=\"robots\" content=\"index, follow, max-snippet:-1, max-image-preview:large, max-video-preview:-1\" \/>\n<link rel=\"canonical\" href=\"https:\/\/sudoesteacontece.com.br\/?p=28674\" \/>\n<meta property=\"og:locale\" content=\"pt_BR\" \/>\n<meta property=\"og:type\" content=\"article\" \/>\n<meta property=\"og:title\" content=\"Prefeito do Uni\u00e3o Brasil surpreende e exibe bandeira de Jer\u00f4nimo em Ibiassuc\u00ea - Sudoesteacontece\" \/>\n<meta property=\"og:description\" content=\"O prefeito de Ibiassuc\u00ea, Tadeuzinho Prates, filiado ao Uni\u00e3o Brasil, participou neste s\u00e1bado (29) de uma carreata ao lado do governador e candidato \u00e0 reelei\u00e7\u00e3o Jer\u00f4nimo Rodrigues (PT). Durante o ato pol\u00edtico, o prefeito levantou uma bandeira da chapa petista e percorreu as ruas do munic\u00edpio ao lado das lideran\u00e7as que acompanhavam o governador. Antes da carreata, Tadeuzinho recebeu Jer\u00f4nimo com um adesivo do n\u00famero 13 no peito. O gesto chamou aten\u00e7\u00e3o porque o prefeito preside o diret\u00f3rio municipal do Uni\u00e3o Brasil, partido ligado ao ex-prefeito de Salvador ACM Neto. A participa\u00e7\u00e3o tamb\u00e9m ocorreu apesar da rela\u00e7\u00e3o pol\u00edtica de Tadeuzinho com o deputado federal Paulo Azi, integrante da legenda. Durante o evento, o prefeito deu as m\u00e3os ao governador e caminhou ao lado de integrantes da campanha. A mobiliza\u00e7\u00e3o reuniu apoiadores e lideran\u00e7as pol\u00edticas durante a passagem de Jer\u00f4nimo por Ibiassuc\u00ea, no sudoeste da Bahia, neste s\u00e1bado. Al\u00e9m de Jer\u00f4nimo Rodrigues, participaram da carreata os candidatos ao Senado pela chapa governista, o senador Jaques Wagner (PT) e o ex-ministro Rui Costa (PT). A presidente da Assembleia Legislativa da Bahia, deputada Ivana Bastos, tamb\u00e9m acompanhou a agenda no munic\u00edpio. O epis\u00f3dio evidencia a participa\u00e7\u00e3o de um prefeito filiado ao Uni\u00e3o Brasil em uma atividade de campanha do grupo pol\u00edtico advers\u00e1rio no munic\u00edpio. Tadeuzinho Prates ocupa a Prefeitura de Ibiassuc\u00ea e preside o partido de ACM Neto na cidade.\" \/>\n<meta property=\"og:url\" content=\"https:\/\/sudoesteacontece.com.br\/?p=28674\" \/>\n<meta property=\"og:site_name\" content=\"Sudoesteacontece\" \/>\n<meta property=\"article:publisher\" content=\"https:\/\/www.facebook.com\/sudoesteacontece\/?locale=pt_BR\" \/>\n<meta property=\"article:published_time\" content=\"2026-08-31T12:09:04+00:00\" \/>\n<meta property=\"article:modified_time\" content=\"2026-08-31T12:09:09+00:00\" \/>\n<meta property=\"og:image\" content=\"https:\/\/sudoesteacontece.com.br\/wp-content\/uploads\/2026\/08\/Prefeito-do-Uniao-Brasil-surpreende-e-exibe-bandeira-de-Jeronimo-em-Ibiassuce.jpg\" \/>\n\t<meta property=\"og:image:width\" content=\"900\" \/>\n\t<meta property=\"og:image:height\" content=\"600\" \/>\n\t<meta property=\"og:image:type\" content=\"image\/jpeg\" \/>\n<meta name=\"author\" content=\"Reda\u00e7\u00e3o\" \/>\n<meta name=\"twitter:card\" content=\"summary_large_image\" \/>\n<meta name=\"twitter:label1\" content=\"Escrito por\" \/>\n\t<meta name=\"twitter:data1\" content=\"Reda\u00e7\u00e3o\" \/>\n\t<meta name=\"twitter:label2\" content=\"Est. tempo de leitura\" \/>\n\t<meta name=\"twitter:data2\" content=\"2 minutos\" \/>\n<script type=\"application\/ld+json\" class=\"yoast-schema-graph\">{\"@context\":\"https:\/\/schema.org\",\"@graph\":[{\"@type\":\"Article\",\"@id\":\"https:\/\/sudoesteacontece.com.br\/?p=28674#article\",\"isPartOf\":{\"@id\":\"https:\/\/sudoesteacontece.com.br\/?p=28674\"},\"author\":{\"name\":\"Reda\u00e7\u00e3o\",\"@id\":\"https:\/\/sudoesteacontece.com.br\/#\/schema\/person\/a4f22429c1d0923ef8f7d43343f8dc38\"},\"headline\":\"Prefeito do Uni\u00e3o Brasil surpreende e exibe bandeira de Jer\u00f4nimo em Ibiassuc\u00ea\",\"datePublished\":\"2026-08-31T12:09:04+00:00\",\"dateModified\":\"2026-08-31T12:09:09+00:00\",\"mainEntityOfPage\":{\"@id\":\"https:\/\/sudoesteacontece.com.br\/?p=28674\"},\"wordCount\":270,\"commentCount\":0,\"publisher\":{\"@id\":\"https:\/\/sudoesteacontece.com.br\/#organization\"},\"image\":{\"@id\":\"https:\/\/sudoesteacontece.com.br\/?p=28674#primaryimage\"},\"thumbnailUrl\":\"http:\/\/sudoesteacontece.com.br\/wp-content\/uploads\/2026\/08\/Prefeito-do-Uniao-Brasil-surpreende-e-exibe-bandeira-de-Jeronimo-em-Ibiassuce.jpg\",\"articleSection\":[\"Cidades\",\"Elei\u00e7\u00f5es 2026\",\"Ibiassuc\u00ea\",\"Pol\u00edtica\"],\"inLanguage\":\"pt-BR\",\"potentialAction\":[{\"@type\":\"CommentAction\",\"name\":\"Comment\",\"target\":[\"https:\/\/sudoesteacontece.com.br\/?p=28674#respond\"]}]},{\"@type\":\"WebPage\",\"@id\":\"https:\/\/sudoesteacontece.com.br\/?p=28674\",\"url\":\"https:\/\/sudoesteacontece.com.br\/?p=28674\",\"name\":\"Prefeito do Uni\u00e3o Brasil surpreende e exibe bandeira de Jer\u00f4nimo em Ibiassuc\u00ea - Sudoesteacontece\",\"isPartOf\":{\"@id\":\"https:\/\/sudoesteacontece.com.br\/#website\"},\"primaryImageOfPage\":{\"@id\":\"https:\/\/sudoesteacontece.com.br\/?p=28674#primaryimage\"},\"image\":{\"@id\":\"https:\/\/sudoesteacontece.com.br\/?p=28674#primaryimage\"},\"thumbnailUrl\":\"http:\/\/sudoesteacontece.com.br\/wp-content\/uploads\/2026\/08\/Prefeito-do-Uniao-Brasil-surpreende-e-exibe-bandeira-de-Jeronimo-em-Ibiassuce.jpg\",\"datePublished\":\"2026-08-31T12:09:04+00:00\",\"dateModified\":\"2026-08-31T12:09:09+00:00\",\"breadcrumb\":{\"@id\":\"https:\/\/sudoesteacontece.com.br\/?p=28674#breadcrumb\"},\"inLanguage\":\"pt-BR\",\"potentialAction\":[{\"@type\":\"ReadAction\",\"target\":[\"https:\/\/sudoesteacontece.com.br\/?p=28674\"]}]},{\"@type\":\"ImageObject\",\"inLanguage\":\"pt-BR\",\"@id\":\"https:\/\/sudoesteacontece.com.br\/?p=28674#primaryimage\",\"url\":\"https:\/\/sudoesteacontece.com.br\/wp-content\/uploads\/2026\/08\/Prefeito-do-Uniao-Brasil-surpreende-e-exibe-bandeira-de-Jeronimo-em-Ibiassuce.jpg\",\"contentUrl\":\"https:\/\/sudoesteacontece.com.br\/wp-content\/uploads\/2026\/08\/Prefeito-do-Uniao-Brasil-surpreende-e-exibe-bandeira-de-Jeronimo-em-Ibiassuce.jpg\",\"width\":900,\"height\":600},{\"@type\":\"BreadcrumbList\",\"@id\":\"https:\/\/sudoesteacontece.com.br\/?p=28674#breadcrumb\",\"itemListElement\":[{\"@type\":\"ListItem\",\"position\":1,\"name\":\"In\u00edcio\",\"item\":\"https:\/\/sudoesteacontece.com.br\/\"},{\"@type\":\"ListItem\",\"position\":2,\"name\":\"Prefeito do Uni\u00e3o Brasil surpreende e exibe bandeira de Jer\u00f4nimo em Ibiassuc\u00ea\"}]},{\"@type\":\"WebSite\",\"@id\":\"https:\/\/sudoesteacontece.com.br\/#website\",\"url\":\"https:\/\/sudoesteacontece.com.br\/\",\"name\":\"Sudoesteacontece\",\"description\":\"\",\"publisher\":{\"@id\":\"https:\/\/sudoesteacontece.com.br\/#organization\"},\"potentialAction\":[{\"@type\":\"SearchAction\",\"target\":{\"@type\":\"EntryPoint\",\"urlTemplate\":\"https:\/\/sudoesteacontece.com.br\/?s={search_term_string}\"},\"query-input\":{\"@type\":\"PropertyValueSpecification\",\"valueRequired\":true,\"valueName\":\"search_term_string\"}}],\"inLanguage\":\"pt-BR\"},{\"@type\":\"Organization\",\"@id\":\"https:\/\/sudoesteacontece.com.br\/#organization\",\"name\":\"Sudoesteacontece\",\"url\":\"https:\/\/sudoesteacontece.com.br\/\",\"logo\":{\"@type\":\"ImageObject\",\"inLanguage\":\"pt-BR\",\"@id\":\"https:\/\/sudoesteacontece.com.br\/#\/schema\/logo\/image\/\",\"url\":\"https:\/\/sudoesteacontece.com.br\/wp-content\/uploads\/2025\/12\/cropped-logo-2-180x180-1.png\",\"contentUrl\":\"https:\/\/sudoesteacontece.com.br\/wp-content\/uploads\/2025\/12\/cropped-logo-2-180x180-1.png\",\"width\":180,\"height\":180,\"caption\":\"Sudoesteacontece\"},\"image\":{\"@id\":\"https:\/\/sudoesteacontece.com.br\/#\/schema\/logo\/image\/\"},\"sameAs\":[\"https:\/\/www.facebook.com\/sudoesteacontece\/?locale=pt_BR\"]},{\"@type\":\"Person\",\"@id\":\"https:\/\/sudoesteacontece.com.br\/#\/schema\/person\/a4f22429c1d0923ef8f7d43343f8dc38\",\"name\":\"Reda\u00e7\u00e3o\",\"image\":{\"@type\":\"ImageObject\",\"inLanguage\":\"pt-BR\",\"@id\":\"https:\/\/sudoesteacontece.com.br\/#\/schema\/person\/image\/\",\"url\":\"https:\/\/secure.gravatar.com\/avatar\/c3a5b3c93f268a709c25a2df414c629a96fb3b1b4bf97a94fb3f72e54ae76903?s=96&d=mm&r=g\",\"contentUrl\":\"https:\/\/secure.gravatar.com\/avatar\/c3a5b3c93f268a709c25a2df414c629a96fb3b1b4bf97a94fb3f72e54ae76903?s=96&d=mm&r=g\",\"caption\":\"Reda\u00e7\u00e3o\"},\"url\":\"https:\/\/sudoesteacontece.com.br\/?author=4\"}]}<\/script>\n<!-- \/ Yoast SEO plugin. -->","yoast_head_json":{"title":"Prefeito do Uni\u00e3o Brasil surpreende e exibe bandeira de Jer\u00f4nimo em Ibiassuc\u00ea - Sudoesteacontece","robots":{"index":"index","follow":"follow","max-snippet":"max-snippet:-1","max-image-preview":"max-image-preview:large","max-video-preview":"max-video-preview:-1"},"canonical":"https:\/\/sudoesteacontece.com.br\/?p=28674","og_locale":"pt_BR","og_type":"article","og_title":"Prefeito do Uni\u00e3o Brasil surpreende e exibe bandeira de Jer\u00f4nimo em Ibiassuc\u00ea - Sudoesteacontece","og_description":"O prefeito de Ibiassuc\u00ea, Tadeuzinho Prates, filiado ao Uni\u00e3o Brasil, participou neste s\u00e1bado (29) de uma carreata ao lado do governador e candidato \u00e0 reelei\u00e7\u00e3o Jer\u00f4nimo Rodrigues (PT). Durante o ato pol\u00edtico, o prefeito levantou uma bandeira da chapa petista e percorreu as ruas do munic\u00edpio ao lado das lideran\u00e7as que acompanhavam o governador. Antes da carreata, Tadeuzinho recebeu Jer\u00f4nimo com um adesivo do n\u00famero 13 no peito. O gesto chamou aten\u00e7\u00e3o porque o prefeito preside o diret\u00f3rio municipal do Uni\u00e3o Brasil, partido ligado ao ex-prefeito de Salvador ACM Neto. A participa\u00e7\u00e3o tamb\u00e9m ocorreu apesar da rela\u00e7\u00e3o pol\u00edtica de Tadeuzinho com o deputado federal Paulo Azi, integrante da legenda. Durante o evento, o prefeito deu as m\u00e3os ao governador e caminhou ao lado de integrantes da campanha. A mobiliza\u00e7\u00e3o reuniu apoiadores e lideran\u00e7as pol\u00edticas durante a passagem de Jer\u00f4nimo por Ibiassuc\u00ea, no sudoeste da Bahia, neste s\u00e1bado. Al\u00e9m de Jer\u00f4nimo Rodrigues, participaram da carreata os candidatos ao Senado pela chapa governista, o senador Jaques Wagner (PT) e o ex-ministro Rui Costa (PT). A presidente da Assembleia Legislativa da Bahia, deputada Ivana Bastos, tamb\u00e9m acompanhou a agenda no munic\u00edpio. O epis\u00f3dio evidencia a participa\u00e7\u00e3o de um prefeito filiado ao Uni\u00e3o Brasil em uma atividade de campanha do grupo pol\u00edtico advers\u00e1rio no munic\u00edpio. Tadeuzinho Prates ocupa a Prefeitura de Ibiassuc\u00ea e preside o partido de ACM Neto na cidade.","og_url":"https:\/\/sudoesteacontece.com.br\/?p=28674","og_site_name":"Sudoesteacontece","article_publisher":"https:\/\/www.facebook.com\/sudoesteacontece\/?locale=pt_BR","article_published_time":"2026-08-31T12:09:04+00:00","article_modified_time":"2026-08-31T12:09:09+00:00","og_image":[{"width":900,"height":600,"url":"https:\/\/sudoesteacontece.com.br\/wp-content\/uploads\/2026\/08\/Prefeito-do-Uniao-Brasil-surpreende-e-exibe-bandeira-de-Jeronimo-em-Ibiassuce.jpg","type":"image\/jpeg"}],"author":"Reda\u00e7\u00e3o","twitter_card":"summary_large_image","twitter_misc":{"Escrito por":"Reda\u00e7\u00e3o","Est. tempo de leitura":"2 minutos"},"schema":{"@context":"https:\/\/schema.org","@graph":[{"@type":"Article","@id":"https:\/\/sudoesteacontece.com.br\/?p=28674#article","isPartOf":{"@id":"https:\/\/sudoesteacontece.com.br\/?p=28674"},"author":{"name":"Reda\u00e7\u00e3o","@id":"https:\/\/sudoesteacontece.com.br\/#\/schema\/person\/a4f22429c1d0923ef8f7d43343f8dc38"},"headline":"Prefeito do Uni\u00e3o Brasil surpreende e exibe bandeira de Jer\u00f4nimo em Ibiassuc\u00ea","datePublished":"2026-08-31T12:09:04+00:00","dateModified":"2026-08-31T12:09:09+00:00","mainEntityOfPage":{"@id":"https:\/\/sudoesteacontece.com.br\/?p=28674"},"wordCount":270,"commentCount":0,"publisher":{"@id":"https:\/\/sudoesteacontece.com.br\/#organization"},"image":{"@id":"https:\/\/sudoesteacontece.com.br\/?p=28674#primaryimage"},"thumbnailUrl":"http:\/\/sudoesteacontece.com.br\/wp-content\/uploads\/2026\/08\/Prefeito-do-Uniao-Brasil-surpreende-e-exibe-bandeira-de-Jeronimo-em-Ibiassuce.jpg","articleSection":["Cidades","Elei\u00e7\u00f5es 2026","Ibiassuc\u00ea","Pol\u00edtica"],"inLanguage":"pt-BR","potentialAction":[{"@type":"CommentAction","name":"Comment","target":["https:\/\/sudoesteacontece.com.br\/?p=28674#respond"]}]},{"@type":"WebPage","@id":"https:\/\/sudoesteacontece.com.br\/?p=28674","url":"https:\/\/sudoesteacontece.com.br\/?p=28674","name":"Prefeito do Uni\u00e3o Brasil surpreende e exibe bandeira de Jer\u00f4nimo em Ibiassuc\u00ea - Sudoesteacontece","isPartOf":{"@id":"https:\/\/sudoesteacontece.com.br\/#website"},"primaryImageOfPage":{"@id":"https:\/\/sudoesteacontece.com.br\/?p=28674#primaryimage"},"image":{"@id":"https:\/\/sudoesteacontece.com.br\/?p=28674#primaryimage"},"thumbnailUrl":"http:\/\/sudoesteacontece.com.br\/wp-content\/uploads\/2026\/08\/Prefeito-do-Uniao-Brasil-surpreende-e-exibe-bandeira-de-Jeronimo-em-Ibiassuce.jpg","datePublished":"2026-08-31T12:09:04+00:00","dateModified":"2026-08-31T12:09:09+00:00","breadcrumb":{"@id":"https:\/\/sudoesteacontece.com.br\/?p=28674#breadcrumb"},"inLanguage":"pt-BR","potentialAction":[{"@type":"ReadAction","target":["https:\/\/sudoesteacontece.com.br\/?p=28674"]}]},{"@type":"ImageObject","inLanguage":"pt-BR","@id":"https:\/\/sudoesteacontece.com.br\/?p=28674#primaryimage","url":"https:\/\/sudoesteacontece.com.br\/wp-content\/uploads\/2026\/08\/Prefeito-do-Uniao-Brasil-surpreende-e-exibe-bandeira-de-Jeronimo-em-Ibiassuce.jpg","contentUrl":"https:\/\/sudoesteacontece.com.br\/wp-content\/uploads\/2026\/08\/Prefeito-do-Uniao-Brasil-surpreende-e-exibe-bandeira-de-Jeronimo-em-Ibiassuce.jpg","width":900,"height":600},{"@type":"BreadcrumbList","@id":"https:\/\/sudoesteacontece.com.br\/?p=28674#breadcrumb","itemListElement":[{"@type":"ListItem","position":1,"name":"In\u00edcio","item":"https:\/\/sudoesteacontece.com.br\/"},{"@type":"ListItem","position":2,"name":"Prefeito do Uni\u00e3o Brasil surpreende e exibe bandeira de Jer\u00f4nimo em Ibiassuc\u00ea"}]},{"@type":"WebSite","@id":"https:\/\/sudoesteacontece.com.br\/#website","url":"https:\/\/sudoesteacontece.com.br\/","name":"Sudoesteacontece","description":"","publisher":{"@id":"https:\/\/sudoesteacontece.com.br\/#organization"},"potentialAction":[{"@type":"SearchAction","target":{"@type":"EntryPoint","urlTemplate":"https:\/\/sudoesteacontece.com.br\/?s={search_term_string}"},"query-input":{"@type":"PropertyValueSpecification","valueRequired":true,"valueName":"search_term_string"}}],"inLanguage":"pt-BR"},{"@type":"Organization","@id":"https:\/\/sudoesteacontece.com.br\/#organization","name":"Sudoesteacontece","url":"https:\/\/sudoesteacontece.com.br\/","logo":{"@type":"ImageObject","inLanguage":"pt-BR","@id":"https:\/\/sudoesteacontece.com.br\/#\/schema\/logo\/image\/","url":"https:\/\/sudoesteacontece.com.br\/wp-content\/uploads\/2025\/12\/cropped-logo-2-180x180-1.png","contentUrl":"https:\/\/sudoesteacontece.com.br\/wp-content\/uploads\/2025\/12\/cropped-logo-2-180x180-1.png","width":180,"height":180,"caption":"Sudoesteacontece"},"image":{"@id":"https:\/\/sudoesteacontece.com.br\/#\/schema\/logo\/image\/"},"sameAs":["https:\/\/www.facebook.com\/sudoesteacontece\/?locale=pt_BR"]},{"@type":"Person","@id":"https:\/\/sudoesteacontece.com.br\/#\/schema\/person\/a4f22429c1d0923ef8f7d43343f8dc38","name":"Reda\u00e7\u00e3o","image":{"@type":"ImageObject","inLanguage":"pt-BR","@id":"https:\/\/sudoesteacontece.com.br\/#\/schema\/person\/image\/","url":"https:\/\/secure.gravatar.com\/avatar\/c3a5b3c93f268a709c25a2df414c629a96fb3b1b4bf97a94fb3f72e54ae76903?s=96&d=mm&r=g","contentUrl":"https:\/\/secure.gravatar.com\/avatar\/c3a5b3c93f268a709c25a2df414c629a96fb3b1b4bf97a94fb3f72e54ae76903?s=96&d=mm&r=g","caption":"Reda\u00e7\u00e3o"},"url":"https:\/\/sudoesteacontece.com.br\/?author=4"}]}},"_links":{"self":[{"href":"https:\/\/sudoesteacontece.com.br\/index.php?rest_route=\/wp\/v2\/posts\/28674","targetHints":{"allow":["GET"]}}],"collection":[{"href":"https:\/\/sudoesteacontece.com.br\/index.php?rest_route=\/wp\/v2\/posts"}],"about":[{"href":"https:\/\/sudoesteacontece.com.br\/index.php?rest_route=\/wp\/v2\/types\/post"}],"author":[{"embeddable":true,"href":"https:\/\/sudoesteacontece.com.br\/index.php?rest_route=\/wp\/v2\/users\/4"}],"replies":[{"embeddable":true,"href":"https:\/\/sudoesteacontece.com.br\/index.php?rest_route=%2Fwp%2Fv2%2Fcomments&post=28674"}],"version-history":[{"count":1,"href":"https:\/\/sudoesteacontece.com.br\/index.php?rest_route=\/wp\/v2\/posts\/28674\/revisions"}],"predecessor-version":[{"id":28707,"href":"https:\/\/sudoesteacontece.com.br\/index.php?rest_route=\/wp\/v2\/posts\/28674\/revisions\/28707"}],"wp:attachment":[{"href":"https:\/\/sudoesteacontece.com.br\/index.php?rest_route=%2Fwp%2Fv2%2Fmedia&parent=28674"}],"wp:term":[{"taxonomy":"category","embeddable":true,"href":"https:\/\/sudoesteacontece.com.br\/index.php?rest_route=%2Fwp%2Fv2%2Fcategories&post=28674"},{"taxonomy":"post_tag","embeddable":true,"href":"https:\/\/sudoesteacontece.com.br\/index.php?rest_route=%2Fwp%2Fv2%2Ftags&post=28674"}],"curies":[{"name":"wp","href":"https:\/\/api.w.org\/{rel}","templated":true}]}}