{"id":28678,"date":"2026-08-31T09:14:53","date_gmt":"2026-08-31T12:14:53","guid":{"rendered":"https:\/\/sudoesteacontece.com.br\/?p=28678"},"modified":"2026-08-31T09:14:59","modified_gmt":"2026-08-31T12:14:59","slug":"acm-neto-reune-multidao-em-caminhada-pelas-ruas-de-vitoria-da-conquista","status":"publish","type":"post","link":"https:\/\/sudoesteacontece.com.br\/?p=28678","title":{"rendered":"ACM Neto re\u00fane multid\u00e3o em caminhada pelas ruas de Vit\u00f3ria da Conquista"},"content":{"rendered":"\n<figure class=\"wp-block-image size-full\"><img fetchpriority=\"high\" decoding=\"async\" width=\"900\" height=\"600\" src=\"http:\/\/sudoesteacontece.com.br\/wp-content\/uploads\/2026\/08\/ACM-Neto-reune-multidao-em-caminhada-pelas-ruas-de-Vitoria-da-Conquista.jpg\" alt=\"\" class=\"wp-image-28717\" srcset=\"https:\/\/sudoesteacontece.com.br\/wp-content\/uploads\/2026\/08\/ACM-Neto-reune-multidao-em-caminhada-pelas-ruas-de-Vitoria-da-Conquista.jpg 900w, https:\/\/sudoesteacontece.com.br\/wp-content\/uploads\/2026\/08\/ACM-Neto-reune-multidao-em-caminhada-pelas-ruas-de-Vitoria-da-Conquista-300x200.jpg 300w, https:\/\/sudoesteacontece.com.br\/wp-content\/uploads\/2026\/08\/ACM-Neto-reune-multidao-em-caminhada-pelas-ruas-de-Vitoria-da-Conquista-768x512.jpg 768w\" sizes=\"(max-width: 900px) 100vw, 900px\" \/><\/figure>\n\n\n\n<p class=\"wp-block-paragraph\">Uma multid\u00e3o acompanhou ACM Neto (Uni\u00e3o Brasil) durante uma caminhada realizada neste s\u00e1bado (29), em Vit\u00f3ria da Conquista, no sudoeste da Bahia. O candidato ao Governo do Estado percorreu as ruas ao lado da prefeita Sheila Lemos (Uni\u00e3o Brasil) e de lideran\u00e7as pol\u00edticas. Moradores e comerciantes participaram da mobiliza\u00e7\u00e3o durante o trajeto.<\/p>\n\n\n\n<p class=\"wp-block-paragraph\">Tamb\u00e9m estiveram no ato o candidato a vice-governador Z\u00e9 Coc\u00e1 (PP) e os candidatos ao Senado Jo\u00e3o Roma (PL) e Angelo Coronel (Republicanos). Deputados, prefeitos, ex-prefeitos e vereadores de Vit\u00f3ria da Conquista e de munic\u00edpios da regi\u00e3o acompanharam a agenda pol\u00edtica.<\/p>\n\n\n\n<p class=\"wp-block-paragraph\">Nas redes sociais, ACM Neto comentou a participa\u00e7\u00e3o popular na caminhada e destacou o n\u00famero de pessoas presentes. \u201cSabadou aqui em Conquista, caminhada maravilhosa, gente demais. \u00c9 a Bahia toda, d\u00e1-lhe 44\u201d, afirmou o candidato ao comentar a mobiliza\u00e7\u00e3o realizada na cidade.<\/p>\n\n\n\n<p class=\"wp-block-paragraph\">Durante o percurso, Neto tamb\u00e9m falou sobre o potencial econ\u00f4mico de Vit\u00f3ria da Conquista e defendeu um planejamento espec\u00edfico para acompanhar o crescimento do munic\u00edpio e das cidades do entorno. Para o candidato, a posi\u00e7\u00e3o regional da cidade exige medidas voltadas \u00e0 expans\u00e3o urbana.<\/p>\n\n\n\n<p class=\"wp-block-paragraph\">Segundo ACM Neto, uma das possibilidades seria a cria\u00e7\u00e3o de uma regi\u00e3o metropolitana de Vit\u00f3ria da Conquista. Ele afirmou que a medida permitiria ampliar o planejamento integrado e viabilizar a\u00e7\u00f5es de infraestrutura, incluindo obras de mobilidade e melhorias no sistema de transporte.<\/p>\n\n\n\n<p class=\"wp-block-paragraph\">Ainda conforme o candidato, a proposta busca estabelecer uma estrat\u00e9gia de desenvolvimento para a cidade e os munic\u00edpios pr\u00f3ximos. \u201cIsso vai permitir novas obras de mobilidade urbana, um sistema de transporte mais moderno e uma vis\u00e3o de planejamento de futuro\u201d, declarou.<\/p>\n\n\n\n<p class=\"wp-block-paragraph\">Ap\u00f3s a agenda em Vit\u00f3ria da Conquista, ACM Neto tem participa\u00e7\u00e3o prevista em um com\u00edcio em Buerarema, no sul da Bahia, neste s\u00e1bado. Mais cedo, em Salvador, ele participou de um encontro com lideran\u00e7as evang\u00e9licas e assinou uma carta-compromisso com diretrizes que pretende defender caso seja eleito.<\/p>\n","protected":false},"excerpt":{"rendered":"<p>Uma multid\u00e3o acompanhou ACM Neto (Uni\u00e3o Brasil) durante uma caminhada realizada neste s\u00e1bado (29), em Vit\u00f3ria da Conquista, no sudoeste da Bahia. O candidato ao Governo do Estado percorreu as ruas ao lado da prefeita Sheila Lemos (Uni\u00e3o Brasil) e de lideran\u00e7as pol\u00edticas. Moradores e comerciantes participaram da mobiliza\u00e7\u00e3o durante o trajeto. Tamb\u00e9m estiveram no ato o candidato a vice-governador Z\u00e9 Coc\u00e1 (PP) e os candidatos ao Senado Jo\u00e3o Roma (PL) e Angelo Coronel (Republicanos). Deputados, prefeitos, ex-prefeitos e vereadores de Vit\u00f3ria da Conquista e de munic\u00edpios da regi\u00e3o acompanharam a agenda pol\u00edtica. Nas redes sociais, ACM Neto comentou a participa\u00e7\u00e3o popular na caminhada e destacou o n\u00famero de pessoas presentes. \u201cSabadou aqui em Conquista, caminhada maravilhosa, gente demais. \u00c9 a Bahia toda, d\u00e1-lhe 44\u201d, afirmou o candidato ao comentar a mobiliza\u00e7\u00e3o realizada na cidade. Durante o percurso, Neto tamb\u00e9m falou sobre o potencial econ\u00f4mico de Vit\u00f3ria da Conquista e defendeu um planejamento espec\u00edfico para acompanhar o crescimento do munic\u00edpio e das cidades do entorno. Para o candidato, a posi\u00e7\u00e3o regional da cidade exige medidas voltadas \u00e0 expans\u00e3o urbana. Segundo ACM Neto, uma das possibilidades seria a cria\u00e7\u00e3o de uma regi\u00e3o metropolitana de Vit\u00f3ria da Conquista. Ele afirmou que a medida permitiria ampliar o planejamento integrado e viabilizar a\u00e7\u00f5es de infraestrutura, incluindo obras de mobilidade e melhorias no sistema de transporte. Ainda conforme o candidato, a proposta busca estabelecer uma estrat\u00e9gia de desenvolvimento para a cidade e os munic\u00edpios pr\u00f3ximos. \u201cIsso vai permitir novas obras de mobilidade urbana, um sistema de transporte mais moderno e uma vis\u00e3o de planejamento de futuro\u201d, declarou. Ap\u00f3s a agenda em Vit\u00f3ria da Conquista, ACM Neto tem participa\u00e7\u00e3o prevista em um com\u00edcio em Buerarema, no sul da Bahia, neste s\u00e1bado. Mais cedo, em Salvador, ele participou de um encontro com lideran\u00e7as evang\u00e9licas e assinou uma carta-compromisso com diretrizes que pretende defender caso seja eleito.<\/p>\n","protected":false},"author":4,"featured_media":0,"comment_status":"open","ping_status":"open","sticky":false,"template":"","format":"standard","meta":{"footnotes":""},"categories":[7,58,6],"tags":[],"class_list":["post-28678","post","type-post","status-publish","format-standard","hentry","category-bahia","category-eleicoes-2026","category-politica"],"yoast_head":"<!-- This site is optimized with the Yoast SEO plugin v26.5 - https:\/\/yoast.com\/wordpress\/plugins\/seo\/ -->\n<title>ACM Neto re\u00fane multid\u00e3o em caminhada pelas ruas de Vit\u00f3ria da Conquista - Sudoesteacontece<\/title>\n<meta name=\"robots\" content=\"index, follow, max-snippet:-1, max-image-preview:large, max-video-preview:-1\" \/>\n<link rel=\"canonical\" href=\"https:\/\/sudoesteacontece.com.br\/?p=28678\" \/>\n<meta property=\"og:locale\" content=\"pt_BR\" \/>\n<meta property=\"og:type\" content=\"article\" \/>\n<meta property=\"og:title\" content=\"ACM Neto re\u00fane multid\u00e3o em caminhada pelas ruas de Vit\u00f3ria da Conquista - Sudoesteacontece\" \/>\n<meta property=\"og:description\" content=\"Uma multid\u00e3o acompanhou ACM Neto (Uni\u00e3o Brasil) durante uma caminhada realizada neste s\u00e1bado (29), em Vit\u00f3ria da Conquista, no sudoeste da Bahia. O candidato ao Governo do Estado percorreu as ruas ao lado da prefeita Sheila Lemos (Uni\u00e3o Brasil) e de lideran\u00e7as pol\u00edticas. Moradores e comerciantes participaram da mobiliza\u00e7\u00e3o durante o trajeto. Tamb\u00e9m estiveram no ato o candidato a vice-governador Z\u00e9 Coc\u00e1 (PP) e os candidatos ao Senado Jo\u00e3o Roma (PL) e Angelo Coronel (Republicanos). Deputados, prefeitos, ex-prefeitos e vereadores de Vit\u00f3ria da Conquista e de munic\u00edpios da regi\u00e3o acompanharam a agenda pol\u00edtica. Nas redes sociais, ACM Neto comentou a participa\u00e7\u00e3o popular na caminhada e destacou o n\u00famero de pessoas presentes. \u201cSabadou aqui em Conquista, caminhada maravilhosa, gente demais. \u00c9 a Bahia toda, d\u00e1-lhe 44\u201d, afirmou o candidato ao comentar a mobiliza\u00e7\u00e3o realizada na cidade. Durante o percurso, Neto tamb\u00e9m falou sobre o potencial econ\u00f4mico de Vit\u00f3ria da Conquista e defendeu um planejamento espec\u00edfico para acompanhar o crescimento do munic\u00edpio e das cidades do entorno. Para o candidato, a posi\u00e7\u00e3o regional da cidade exige medidas voltadas \u00e0 expans\u00e3o urbana. Segundo ACM Neto, uma das possibilidades seria a cria\u00e7\u00e3o de uma regi\u00e3o metropolitana de Vit\u00f3ria da Conquista. Ele afirmou que a medida permitiria ampliar o planejamento integrado e viabilizar a\u00e7\u00f5es de infraestrutura, incluindo obras de mobilidade e melhorias no sistema de transporte. Ainda conforme o candidato, a proposta busca estabelecer uma estrat\u00e9gia de desenvolvimento para a cidade e os munic\u00edpios pr\u00f3ximos. \u201cIsso vai permitir novas obras de mobilidade urbana, um sistema de transporte mais moderno e uma vis\u00e3o de planejamento de futuro\u201d, declarou. Ap\u00f3s a agenda em Vit\u00f3ria da Conquista, ACM Neto tem participa\u00e7\u00e3o prevista em um com\u00edcio em Buerarema, no sul da Bahia, neste s\u00e1bado. Mais cedo, em Salvador, ele participou de um encontro com lideran\u00e7as evang\u00e9licas e assinou uma carta-compromisso com diretrizes que pretende defender caso seja eleito.\" \/>\n<meta property=\"og:url\" content=\"https:\/\/sudoesteacontece.com.br\/?p=28678\" \/>\n<meta property=\"og:site_name\" content=\"Sudoesteacontece\" \/>\n<meta property=\"article:publisher\" content=\"https:\/\/www.facebook.com\/sudoesteacontece\/?locale=pt_BR\" \/>\n<meta property=\"article:published_time\" content=\"2026-08-31T12:14:53+00:00\" \/>\n<meta property=\"article:modified_time\" content=\"2026-08-31T12:14:59+00:00\" \/>\n<meta property=\"og:image\" content=\"https:\/\/sudoesteacontece.com.br\/wp-content\/uploads\/2026\/08\/ACM-Neto-reune-multidao-em-caminhada-pelas-ruas-de-Vitoria-da-Conquista.jpg\" \/>\n\t<meta property=\"og:image:width\" content=\"900\" \/>\n\t<meta property=\"og:image:height\" content=\"600\" \/>\n\t<meta property=\"og:image:type\" content=\"image\/jpeg\" \/>\n<meta name=\"author\" content=\"Reda\u00e7\u00e3o\" \/>\n<meta name=\"twitter:card\" content=\"summary_large_image\" \/>\n<meta name=\"twitter:label1\" content=\"Escrito por\" \/>\n\t<meta name=\"twitter:data1\" content=\"Reda\u00e7\u00e3o\" \/>\n\t<meta name=\"twitter:label2\" content=\"Est. tempo de leitura\" \/>\n\t<meta name=\"twitter:data2\" content=\"2 minutos\" \/>\n<script type=\"application\/ld+json\" class=\"yoast-schema-graph\">{\"@context\":\"https:\/\/schema.org\",\"@graph\":[{\"@type\":\"Article\",\"@id\":\"https:\/\/sudoesteacontece.com.br\/?p=28678#article\",\"isPartOf\":{\"@id\":\"https:\/\/sudoesteacontece.com.br\/?p=28678\"},\"author\":{\"name\":\"Reda\u00e7\u00e3o\",\"@id\":\"https:\/\/sudoesteacontece.com.br\/#\/schema\/person\/a4f22429c1d0923ef8f7d43343f8dc38\"},\"headline\":\"ACM Neto re\u00fane multid\u00e3o em caminhada pelas ruas de Vit\u00f3ria da Conquista\",\"datePublished\":\"2026-08-31T12:14:53+00:00\",\"dateModified\":\"2026-08-31T12:14:59+00:00\",\"mainEntityOfPage\":{\"@id\":\"https:\/\/sudoesteacontece.com.br\/?p=28678\"},\"wordCount\":360,\"commentCount\":0,\"publisher\":{\"@id\":\"https:\/\/sudoesteacontece.com.br\/#organization\"},\"image\":{\"@id\":\"https:\/\/sudoesteacontece.com.br\/?p=28678#primaryimage\"},\"thumbnailUrl\":\"http:\/\/sudoesteacontece.com.br\/wp-content\/uploads\/2026\/08\/ACM-Neto-reune-multidao-em-caminhada-pelas-ruas-de-Vitoria-da-Conquista.jpg\",\"articleSection\":[\"Bahia\",\"Elei\u00e7\u00f5es 2026\",\"Pol\u00edtica\"],\"inLanguage\":\"pt-BR\",\"potentialAction\":[{\"@type\":\"CommentAction\",\"name\":\"Comment\",\"target\":[\"https:\/\/sudoesteacontece.com.br\/?p=28678#respond\"]}]},{\"@type\":\"WebPage\",\"@id\":\"https:\/\/sudoesteacontece.com.br\/?p=28678\",\"url\":\"https:\/\/sudoesteacontece.com.br\/?p=28678\",\"name\":\"ACM Neto re\u00fane multid\u00e3o em caminhada pelas ruas de Vit\u00f3ria da Conquista - Sudoesteacontece\",\"isPartOf\":{\"@id\":\"https:\/\/sudoesteacontece.com.br\/#website\"},\"primaryImageOfPage\":{\"@id\":\"https:\/\/sudoesteacontece.com.br\/?p=28678#primaryimage\"},\"image\":{\"@id\":\"https:\/\/sudoesteacontece.com.br\/?p=28678#primaryimage\"},\"thumbnailUrl\":\"http:\/\/sudoesteacontece.com.br\/wp-content\/uploads\/2026\/08\/ACM-Neto-reune-multidao-em-caminhada-pelas-ruas-de-Vitoria-da-Conquista.jpg\",\"datePublished\":\"2026-08-31T12:14:53+00:00\",\"dateModified\":\"2026-08-31T12:14:59+00:00\",\"breadcrumb\":{\"@id\":\"https:\/\/sudoesteacontece.com.br\/?p=28678#breadcrumb\"},\"inLanguage\":\"pt-BR\",\"potentialAction\":[{\"@type\":\"ReadAction\",\"target\":[\"https:\/\/sudoesteacontece.com.br\/?p=28678\"]}]},{\"@type\":\"ImageObject\",\"inLanguage\":\"pt-BR\",\"@id\":\"https:\/\/sudoesteacontece.com.br\/?p=28678#primaryimage\",\"url\":\"https:\/\/sudoesteacontece.com.br\/wp-content\/uploads\/2026\/08\/ACM-Neto-reune-multidao-em-caminhada-pelas-ruas-de-Vitoria-da-Conquista.jpg\",\"contentUrl\":\"https:\/\/sudoesteacontece.com.br\/wp-content\/uploads\/2026\/08\/ACM-Neto-reune-multidao-em-caminhada-pelas-ruas-de-Vitoria-da-Conquista.jpg\",\"width\":900,\"height\":600},{\"@type\":\"BreadcrumbList\",\"@id\":\"https:\/\/sudoesteacontece.com.br\/?p=28678#breadcrumb\",\"itemListElement\":[{\"@type\":\"ListItem\",\"position\":1,\"name\":\"In\u00edcio\",\"item\":\"https:\/\/sudoesteacontece.com.br\/\"},{\"@type\":\"ListItem\",\"position\":2,\"name\":\"ACM Neto re\u00fane multid\u00e3o em caminhada pelas ruas de Vit\u00f3ria da Conquista\"}]},{\"@type\":\"WebSite\",\"@id\":\"https:\/\/sudoesteacontece.com.br\/#website\",\"url\":\"https:\/\/sudoesteacontece.com.br\/\",\"name\":\"Sudoesteacontece\",\"description\":\"\",\"publisher\":{\"@id\":\"https:\/\/sudoesteacontece.com.br\/#organization\"},\"potentialAction\":[{\"@type\":\"SearchAction\",\"target\":{\"@type\":\"EntryPoint\",\"urlTemplate\":\"https:\/\/sudoesteacontece.com.br\/?s={search_term_string}\"},\"query-input\":{\"@type\":\"PropertyValueSpecification\",\"valueRequired\":true,\"valueName\":\"search_term_string\"}}],\"inLanguage\":\"pt-BR\"},{\"@type\":\"Organization\",\"@id\":\"https:\/\/sudoesteacontece.com.br\/#organization\",\"name\":\"Sudoesteacontece\",\"url\":\"https:\/\/sudoesteacontece.com.br\/\",\"logo\":{\"@type\":\"ImageObject\",\"inLanguage\":\"pt-BR\",\"@id\":\"https:\/\/sudoesteacontece.com.br\/#\/schema\/logo\/image\/\",\"url\":\"https:\/\/sudoesteacontece.com.br\/wp-content\/uploads\/2025\/12\/cropped-logo-2-180x180-1.png\",\"contentUrl\":\"https:\/\/sudoesteacontece.com.br\/wp-content\/uploads\/2025\/12\/cropped-logo-2-180x180-1.png\",\"width\":180,\"height\":180,\"caption\":\"Sudoesteacontece\"},\"image\":{\"@id\":\"https:\/\/sudoesteacontece.com.br\/#\/schema\/logo\/image\/\"},\"sameAs\":[\"https:\/\/www.facebook.com\/sudoesteacontece\/?locale=pt_BR\"]},{\"@type\":\"Person\",\"@id\":\"https:\/\/sudoesteacontece.com.br\/#\/schema\/person\/a4f22429c1d0923ef8f7d43343f8dc38\",\"name\":\"Reda\u00e7\u00e3o\",\"image\":{\"@type\":\"ImageObject\",\"inLanguage\":\"pt-BR\",\"@id\":\"https:\/\/sudoesteacontece.com.br\/#\/schema\/person\/image\/\",\"url\":\"https:\/\/secure.gravatar.com\/avatar\/c3a5b3c93f268a709c25a2df414c629a96fb3b1b4bf97a94fb3f72e54ae76903?s=96&d=mm&r=g\",\"contentUrl\":\"https:\/\/secure.gravatar.com\/avatar\/c3a5b3c93f268a709c25a2df414c629a96fb3b1b4bf97a94fb3f72e54ae76903?s=96&d=mm&r=g\",\"caption\":\"Reda\u00e7\u00e3o\"},\"url\":\"https:\/\/sudoesteacontece.com.br\/?author=4\"}]}<\/script>\n<!-- \/ Yoast SEO plugin. -->","yoast_head_json":{"title":"ACM Neto re\u00fane multid\u00e3o em caminhada pelas ruas de Vit\u00f3ria da Conquista - Sudoesteacontece","robots":{"index":"index","follow":"follow","max-snippet":"max-snippet:-1","max-image-preview":"max-image-preview:large","max-video-preview":"max-video-preview:-1"},"canonical":"https:\/\/sudoesteacontece.com.br\/?p=28678","og_locale":"pt_BR","og_type":"article","og_title":"ACM Neto re\u00fane multid\u00e3o em caminhada pelas ruas de Vit\u00f3ria da Conquista - Sudoesteacontece","og_description":"Uma multid\u00e3o acompanhou ACM Neto (Uni\u00e3o Brasil) durante uma caminhada realizada neste s\u00e1bado (29), em Vit\u00f3ria da Conquista, no sudoeste da Bahia. O candidato ao Governo do Estado percorreu as ruas ao lado da prefeita Sheila Lemos (Uni\u00e3o Brasil) e de lideran\u00e7as pol\u00edticas. Moradores e comerciantes participaram da mobiliza\u00e7\u00e3o durante o trajeto. Tamb\u00e9m estiveram no ato o candidato a vice-governador Z\u00e9 Coc\u00e1 (PP) e os candidatos ao Senado Jo\u00e3o Roma (PL) e Angelo Coronel (Republicanos). Deputados, prefeitos, ex-prefeitos e vereadores de Vit\u00f3ria da Conquista e de munic\u00edpios da regi\u00e3o acompanharam a agenda pol\u00edtica. Nas redes sociais, ACM Neto comentou a participa\u00e7\u00e3o popular na caminhada e destacou o n\u00famero de pessoas presentes. \u201cSabadou aqui em Conquista, caminhada maravilhosa, gente demais. \u00c9 a Bahia toda, d\u00e1-lhe 44\u201d, afirmou o candidato ao comentar a mobiliza\u00e7\u00e3o realizada na cidade. Durante o percurso, Neto tamb\u00e9m falou sobre o potencial econ\u00f4mico de Vit\u00f3ria da Conquista e defendeu um planejamento espec\u00edfico para acompanhar o crescimento do munic\u00edpio e das cidades do entorno. Para o candidato, a posi\u00e7\u00e3o regional da cidade exige medidas voltadas \u00e0 expans\u00e3o urbana. Segundo ACM Neto, uma das possibilidades seria a cria\u00e7\u00e3o de uma regi\u00e3o metropolitana de Vit\u00f3ria da Conquista. Ele afirmou que a medida permitiria ampliar o planejamento integrado e viabilizar a\u00e7\u00f5es de infraestrutura, incluindo obras de mobilidade e melhorias no sistema de transporte. Ainda conforme o candidato, a proposta busca estabelecer uma estrat\u00e9gia de desenvolvimento para a cidade e os munic\u00edpios pr\u00f3ximos. \u201cIsso vai permitir novas obras de mobilidade urbana, um sistema de transporte mais moderno e uma vis\u00e3o de planejamento de futuro\u201d, declarou. Ap\u00f3s a agenda em Vit\u00f3ria da Conquista, ACM Neto tem participa\u00e7\u00e3o prevista em um com\u00edcio em Buerarema, no sul da Bahia, neste s\u00e1bado. Mais cedo, em Salvador, ele participou de um encontro com lideran\u00e7as evang\u00e9licas e assinou uma carta-compromisso com diretrizes que pretende defender caso seja eleito.","og_url":"https:\/\/sudoesteacontece.com.br\/?p=28678","og_site_name":"Sudoesteacontece","article_publisher":"https:\/\/www.facebook.com\/sudoesteacontece\/?locale=pt_BR","article_published_time":"2026-08-31T12:14:53+00:00","article_modified_time":"2026-08-31T12:14:59+00:00","og_image":[{"width":900,"height":600,"url":"https:\/\/sudoesteacontece.com.br\/wp-content\/uploads\/2026\/08\/ACM-Neto-reune-multidao-em-caminhada-pelas-ruas-de-Vitoria-da-Conquista.jpg","type":"image\/jpeg"}],"author":"Reda\u00e7\u00e3o","twitter_card":"summary_large_image","twitter_misc":{"Escrito por":"Reda\u00e7\u00e3o","Est. tempo de leitura":"2 minutos"},"schema":{"@context":"https:\/\/schema.org","@graph":[{"@type":"Article","@id":"https:\/\/sudoesteacontece.com.br\/?p=28678#article","isPartOf":{"@id":"https:\/\/sudoesteacontece.com.br\/?p=28678"},"author":{"name":"Reda\u00e7\u00e3o","@id":"https:\/\/sudoesteacontece.com.br\/#\/schema\/person\/a4f22429c1d0923ef8f7d43343f8dc38"},"headline":"ACM Neto re\u00fane multid\u00e3o em caminhada pelas ruas de Vit\u00f3ria da Conquista","datePublished":"2026-08-31T12:14:53+00:00","dateModified":"2026-08-31T12:14:59+00:00","mainEntityOfPage":{"@id":"https:\/\/sudoesteacontece.com.br\/?p=28678"},"wordCount":360,"commentCount":0,"publisher":{"@id":"https:\/\/sudoesteacontece.com.br\/#organization"},"image":{"@id":"https:\/\/sudoesteacontece.com.br\/?p=28678#primaryimage"},"thumbnailUrl":"http:\/\/sudoesteacontece.com.br\/wp-content\/uploads\/2026\/08\/ACM-Neto-reune-multidao-em-caminhada-pelas-ruas-de-Vitoria-da-Conquista.jpg","articleSection":["Bahia","Elei\u00e7\u00f5es 2026","Pol\u00edtica"],"inLanguage":"pt-BR","potentialAction":[{"@type":"CommentAction","name":"Comment","target":["https:\/\/sudoesteacontece.com.br\/?p=28678#respond"]}]},{"@type":"WebPage","@id":"https:\/\/sudoesteacontece.com.br\/?p=28678","url":"https:\/\/sudoesteacontece.com.br\/?p=28678","name":"ACM Neto re\u00fane multid\u00e3o em caminhada pelas ruas de Vit\u00f3ria da Conquista - Sudoesteacontece","isPartOf":{"@id":"https:\/\/sudoesteacontece.com.br\/#website"},"primaryImageOfPage":{"@id":"https:\/\/sudoesteacontece.com.br\/?p=28678#primaryimage"},"image":{"@id":"https:\/\/sudoesteacontece.com.br\/?p=28678#primaryimage"},"thumbnailUrl":"http:\/\/sudoesteacontece.com.br\/wp-content\/uploads\/2026\/08\/ACM-Neto-reune-multidao-em-caminhada-pelas-ruas-de-Vitoria-da-Conquista.jpg","datePublished":"2026-08-31T12:14:53+00:00","dateModified":"2026-08-31T12:14:59+00:00","breadcrumb":{"@id":"https:\/\/sudoesteacontece.com.br\/?p=28678#breadcrumb"},"inLanguage":"pt-BR","potentialAction":[{"@type":"ReadAction","target":["https:\/\/sudoesteacontece.com.br\/?p=28678"]}]},{"@type":"ImageObject","inLanguage":"pt-BR","@id":"https:\/\/sudoesteacontece.com.br\/?p=28678#primaryimage","url":"https:\/\/sudoesteacontece.com.br\/wp-content\/uploads\/2026\/08\/ACM-Neto-reune-multidao-em-caminhada-pelas-ruas-de-Vitoria-da-Conquista.jpg","contentUrl":"https:\/\/sudoesteacontece.com.br\/wp-content\/uploads\/2026\/08\/ACM-Neto-reune-multidao-em-caminhada-pelas-ruas-de-Vitoria-da-Conquista.jpg","width":900,"height":600},{"@type":"BreadcrumbList","@id":"https:\/\/sudoesteacontece.com.br\/?p=28678#breadcrumb","itemListElement":[{"@type":"ListItem","position":1,"name":"In\u00edcio","item":"https:\/\/sudoesteacontece.com.br\/"},{"@type":"ListItem","position":2,"name":"ACM Neto re\u00fane multid\u00e3o em caminhada pelas ruas de Vit\u00f3ria da Conquista"}]},{"@type":"WebSite","@id":"https:\/\/sudoesteacontece.com.br\/#website","url":"https:\/\/sudoesteacontece.com.br\/","name":"Sudoesteacontece","description":"","publisher":{"@id":"https:\/\/sudoesteacontece.com.br\/#organization"},"potentialAction":[{"@type":"SearchAction","target":{"@type":"EntryPoint","urlTemplate":"https:\/\/sudoesteacontece.com.br\/?s={search_term_string}"},"query-input":{"@type":"PropertyValueSpecification","valueRequired":true,"valueName":"search_term_string"}}],"inLanguage":"pt-BR"},{"@type":"Organization","@id":"https:\/\/sudoesteacontece.com.br\/#organization","name":"Sudoesteacontece","url":"https:\/\/sudoesteacontece.com.br\/","logo":{"@type":"ImageObject","inLanguage":"pt-BR","@id":"https:\/\/sudoesteacontece.com.br\/#\/schema\/logo\/image\/","url":"https:\/\/sudoesteacontece.com.br\/wp-content\/uploads\/2025\/12\/cropped-logo-2-180x180-1.png","contentUrl":"https:\/\/sudoesteacontece.com.br\/wp-content\/uploads\/2025\/12\/cropped-logo-2-180x180-1.png","width":180,"height":180,"caption":"Sudoesteacontece"},"image":{"@id":"https:\/\/sudoesteacontece.com.br\/#\/schema\/logo\/image\/"},"sameAs":["https:\/\/www.facebook.com\/sudoesteacontece\/?locale=pt_BR"]},{"@type":"Person","@id":"https:\/\/sudoesteacontece.com.br\/#\/schema\/person\/a4f22429c1d0923ef8f7d43343f8dc38","name":"Reda\u00e7\u00e3o","image":{"@type":"ImageObject","inLanguage":"pt-BR","@id":"https:\/\/sudoesteacontece.com.br\/#\/schema\/person\/image\/","url":"https:\/\/secure.gravatar.com\/avatar\/c3a5b3c93f268a709c25a2df414c629a96fb3b1b4bf97a94fb3f72e54ae76903?s=96&d=mm&r=g","contentUrl":"https:\/\/secure.gravatar.com\/avatar\/c3a5b3c93f268a709c25a2df414c629a96fb3b1b4bf97a94fb3f72e54ae76903?s=96&d=mm&r=g","caption":"Reda\u00e7\u00e3o"},"url":"https:\/\/sudoesteacontece.com.br\/?author=4"}]}},"_links":{"self":[{"href":"https:\/\/sudoesteacontece.com.br\/index.php?rest_route=\/wp\/v2\/posts\/28678","targetHints":{"allow":["GET"]}}],"collection":[{"href":"https:\/\/sudoesteacontece.com.br\/index.php?rest_route=\/wp\/v2\/posts"}],"about":[{"href":"https:\/\/sudoesteacontece.com.br\/index.php?rest_route=\/wp\/v2\/types\/post"}],"author":[{"embeddable":true,"href":"https:\/\/sudoesteacontece.com.br\/index.php?rest_route=\/wp\/v2\/users\/4"}],"replies":[{"embeddable":true,"href":"https:\/\/sudoesteacontece.com.br\/index.php?rest_route=%2Fwp%2Fv2%2Fcomments&post=28678"}],"version-history":[{"count":1,"href":"https:\/\/sudoesteacontece.com.br\/index.php?rest_route=\/wp\/v2\/posts\/28678\/revisions"}],"predecessor-version":[{"id":28718,"href":"https:\/\/sudoesteacontece.com.br\/index.php?rest_route=\/wp\/v2\/posts\/28678\/revisions\/28718"}],"wp:attachment":[{"href":"https:\/\/sudoesteacontece.com.br\/index.php?rest_route=%2Fwp%2Fv2%2Fmedia&parent=28678"}],"wp:term":[{"taxonomy":"category","embeddable":true,"href":"https:\/\/sudoesteacontece.com.br\/index.php?rest_route=%2Fwp%2Fv2%2Fcategories&post=28678"},{"taxonomy":"post_tag","embeddable":true,"href":"https:\/\/sudoesteacontece.com.br\/index.php?rest_route=%2Fwp%2Fv2%2Ftags&post=28678"}],"curies":[{"name":"wp","href":"https:\/\/api.w.org\/{rel}","templated":true}]}}