{"id":28680,"date":"2026-08-31T09:17:02","date_gmt":"2026-08-31T12:17:02","guid":{"rendered":"https:\/\/sudoesteacontece.com.br\/?p=28680"},"modified":"2026-08-31T09:17:08","modified_gmt":"2026-08-31T12:17:08","slug":"acm-neto-assina-compromisso-com-evangelicos-e-percorre-centro-de-conquista","status":"publish","type":"post","link":"https:\/\/sudoesteacontece.com.br\/?p=28680","title":{"rendered":"ACM Neto assina compromisso com evang\u00e9licos e percorre centro de Conquista"},"content":{"rendered":"\n<figure class=\"wp-block-image size-full\"><img fetchpriority=\"high\" decoding=\"async\" width=\"900\" height=\"600\" src=\"http:\/\/sudoesteacontece.com.br\/wp-content\/uploads\/2026\/08\/ACM-Neto-assina-compromisso-com-evangelicos-e-percorre-centro-de-Conquista.jpg\" alt=\"\" class=\"wp-image-28719\" srcset=\"https:\/\/sudoesteacontece.com.br\/wp-content\/uploads\/2026\/08\/ACM-Neto-assina-compromisso-com-evangelicos-e-percorre-centro-de-Conquista.jpg 900w, https:\/\/sudoesteacontece.com.br\/wp-content\/uploads\/2026\/08\/ACM-Neto-assina-compromisso-com-evangelicos-e-percorre-centro-de-Conquista-300x200.jpg 300w, https:\/\/sudoesteacontece.com.br\/wp-content\/uploads\/2026\/08\/ACM-Neto-assina-compromisso-com-evangelicos-e-percorre-centro-de-Conquista-768x512.jpg 768w\" sizes=\"(max-width: 900px) 100vw, 900px\" \/><\/figure>\n\n\n\n<p class=\"wp-block-paragraph\">O candidato ao Governo da Bahia ACM Neto (Uni\u00e3o) participou neste s\u00e1bado (29) de um encontro com lideran\u00e7as evang\u00e9licas em Vit\u00f3ria da Conquista. Durante a agenda, ele assinou uma carta-compromisso com diretrizes que pretende defender caso seja eleito. Depois da reuni\u00e3o, Neto realizou uma caminhada pelo centro da cidade ao lado da prefeita Sheila Lemos (Uni\u00e3o) e de outras lideran\u00e7as pol\u00edticas.<\/p>\n\n\n\n<p class=\"wp-block-paragraph\">Durante o encontro, o candidato afirmou que pretende garantir espa\u00e7o para representantes evang\u00e9licos em um eventual governo. Segundo a carta, o grupo seria ouvido e teria condi\u00e7\u00f5es de participar da formula\u00e7\u00e3o de pol\u00edticas p\u00fablicas. Neto tamb\u00e9m leu um trecho de seu programa de governo que prev\u00ea participa\u00e7\u00e3o nas \u00e1reas de educa\u00e7\u00e3o, cultura, direitos humanos, seguran\u00e7a p\u00fablica e promo\u00e7\u00e3o da cidade.<\/p>\n\n\n\n<p class=\"wp-block-paragraph\">Na ocasi\u00e3o, o ex-prefeito de Salvador ficou com a voz embargada durante um trecho do discurso e quase chorou ao falar sobre as dificuldades enfrentadas durante a campanha eleitoral. \u201cTenho certeza que tudo vai valer a pena. Vai ser por um prop\u00f3sito maior\u201d, declarou. Em seguida, desejou um s\u00e1bado de paz e b\u00ean\u00e7\u00e3os \u00e0s lideran\u00e7as presentes.<\/p>\n\n\n\n<p class=\"wp-block-paragraph\">Al\u00e9m de ACM Neto, o encontro reuniu integrantes da chapa majorit\u00e1ria. Participaram o senador Angelo Coronel (Republicanos) e o ex-deputado federal Jo\u00e3o Roma (PL), candidatos ao Senado, al\u00e9m de Z\u00e9 Coc\u00e1 (PP), candidato a vice-governador. O prefeito de Salvador, Bruno Reis (Uni\u00e3o), tamb\u00e9m esteve na atividade.<\/p>\n\n\n\n<p class=\"wp-block-paragraph\">Entre as lideran\u00e7as presentes estava o deputado federal M\u00e1rcio Marinho, presidente do Republicanos na Bahia. O evento tamb\u00e9m contou com representantes do segmento evang\u00e9lico de diferentes regi\u00f5es do Estado. Wagner Alves (Uni\u00e3o), candidato a deputado estadual apoiado por Sheila Lemos e marido da prefeita, participou da programa\u00e7\u00e3o.<\/p>\n\n\n\n<p class=\"wp-block-paragraph\">Ap\u00f3s o encontro, ACM Neto e os demais integrantes da chapa seguiram para uma caminhada pelas ruas de Vit\u00f3ria da Conquista. Durante o percurso, o candidato conversou com comerciantes e moradores, tirou fotografias e recebeu manifesta\u00e7\u00f5es de apoio de pessoas que acompanhavam a agenda.<\/p>\n","protected":false},"excerpt":{"rendered":"<p>O candidato ao Governo da Bahia ACM Neto (Uni\u00e3o) participou neste s\u00e1bado (29) de um encontro com lideran\u00e7as evang\u00e9licas em Vit\u00f3ria da Conquista. Durante a agenda, ele assinou uma carta-compromisso com diretrizes que pretende defender caso seja eleito. Depois da reuni\u00e3o, Neto realizou uma caminhada pelo centro da cidade ao lado da prefeita Sheila Lemos (Uni\u00e3o) e de outras lideran\u00e7as pol\u00edticas. Durante o encontro, o candidato afirmou que pretende garantir espa\u00e7o para representantes evang\u00e9licos em um eventual governo. Segundo a carta, o grupo seria ouvido e teria condi\u00e7\u00f5es de participar da formula\u00e7\u00e3o de pol\u00edticas p\u00fablicas. Neto tamb\u00e9m leu um trecho de seu programa de governo que prev\u00ea participa\u00e7\u00e3o nas \u00e1reas de educa\u00e7\u00e3o, cultura, direitos humanos, seguran\u00e7a p\u00fablica e promo\u00e7\u00e3o da cidade. Na ocasi\u00e3o, o ex-prefeito de Salvador ficou com a voz embargada durante um trecho do discurso e quase chorou ao falar sobre as dificuldades enfrentadas durante a campanha eleitoral. \u201cTenho certeza que tudo vai valer a pena. Vai ser por um prop\u00f3sito maior\u201d, declarou. Em seguida, desejou um s\u00e1bado de paz e b\u00ean\u00e7\u00e3os \u00e0s lideran\u00e7as presentes. Al\u00e9m de ACM Neto, o encontro reuniu integrantes da chapa majorit\u00e1ria. Participaram o senador Angelo Coronel (Republicanos) e o ex-deputado federal Jo\u00e3o Roma (PL), candidatos ao Senado, al\u00e9m de Z\u00e9 Coc\u00e1 (PP), candidato a vice-governador. O prefeito de Salvador, Bruno Reis (Uni\u00e3o), tamb\u00e9m esteve na atividade. Entre as lideran\u00e7as presentes estava o deputado federal M\u00e1rcio Marinho, presidente do Republicanos na Bahia. O evento tamb\u00e9m contou com representantes do segmento evang\u00e9lico de diferentes regi\u00f5es do Estado. Wagner Alves (Uni\u00e3o), candidato a deputado estadual apoiado por Sheila Lemos e marido da prefeita, participou da programa\u00e7\u00e3o. Ap\u00f3s o encontro, ACM Neto e os demais integrantes da chapa seguiram para uma caminhada pelas ruas de Vit\u00f3ria da Conquista. Durante o percurso, o candidato conversou com comerciantes e moradores, tirou fotografias e recebeu manifesta\u00e7\u00f5es de apoio de pessoas que acompanhavam a agenda.<\/p>\n","protected":false},"author":4,"featured_media":0,"comment_status":"open","ping_status":"open","sticky":false,"template":"","format":"standard","meta":{"footnotes":""},"categories":[4,58,6,61],"tags":[],"class_list":["post-28680","post","type-post","status-publish","format-standard","hentry","category-cidades","category-eleicoes-2026","category-politica","category-religiao"],"yoast_head":"<!-- This site is optimized with the Yoast SEO plugin v26.5 - https:\/\/yoast.com\/wordpress\/plugins\/seo\/ -->\n<title>ACM Neto assina compromisso com evang\u00e9licos e percorre centro de Conquista - Sudoesteacontece<\/title>\n<meta name=\"robots\" content=\"index, follow, max-snippet:-1, max-image-preview:large, max-video-preview:-1\" \/>\n<link rel=\"canonical\" href=\"https:\/\/sudoesteacontece.com.br\/?p=28680\" \/>\n<meta property=\"og:locale\" content=\"pt_BR\" \/>\n<meta property=\"og:type\" content=\"article\" \/>\n<meta property=\"og:title\" content=\"ACM Neto assina compromisso com evang\u00e9licos e percorre centro de Conquista - Sudoesteacontece\" \/>\n<meta property=\"og:description\" content=\"O candidato ao Governo da Bahia ACM Neto (Uni\u00e3o) participou neste s\u00e1bado (29) de um encontro com lideran\u00e7as evang\u00e9licas em Vit\u00f3ria da Conquista. Durante a agenda, ele assinou uma carta-compromisso com diretrizes que pretende defender caso seja eleito. Depois da reuni\u00e3o, Neto realizou uma caminhada pelo centro da cidade ao lado da prefeita Sheila Lemos (Uni\u00e3o) e de outras lideran\u00e7as pol\u00edticas. Durante o encontro, o candidato afirmou que pretende garantir espa\u00e7o para representantes evang\u00e9licos em um eventual governo. Segundo a carta, o grupo seria ouvido e teria condi\u00e7\u00f5es de participar da formula\u00e7\u00e3o de pol\u00edticas p\u00fablicas. Neto tamb\u00e9m leu um trecho de seu programa de governo que prev\u00ea participa\u00e7\u00e3o nas \u00e1reas de educa\u00e7\u00e3o, cultura, direitos humanos, seguran\u00e7a p\u00fablica e promo\u00e7\u00e3o da cidade. Na ocasi\u00e3o, o ex-prefeito de Salvador ficou com a voz embargada durante um trecho do discurso e quase chorou ao falar sobre as dificuldades enfrentadas durante a campanha eleitoral. \u201cTenho certeza que tudo vai valer a pena. Vai ser por um prop\u00f3sito maior\u201d, declarou. Em seguida, desejou um s\u00e1bado de paz e b\u00ean\u00e7\u00e3os \u00e0s lideran\u00e7as presentes. Al\u00e9m de ACM Neto, o encontro reuniu integrantes da chapa majorit\u00e1ria. Participaram o senador Angelo Coronel (Republicanos) e o ex-deputado federal Jo\u00e3o Roma (PL), candidatos ao Senado, al\u00e9m de Z\u00e9 Coc\u00e1 (PP), candidato a vice-governador. O prefeito de Salvador, Bruno Reis (Uni\u00e3o), tamb\u00e9m esteve na atividade. Entre as lideran\u00e7as presentes estava o deputado federal M\u00e1rcio Marinho, presidente do Republicanos na Bahia. O evento tamb\u00e9m contou com representantes do segmento evang\u00e9lico de diferentes regi\u00f5es do Estado. Wagner Alves (Uni\u00e3o), candidato a deputado estadual apoiado por Sheila Lemos e marido da prefeita, participou da programa\u00e7\u00e3o. Ap\u00f3s o encontro, ACM Neto e os demais integrantes da chapa seguiram para uma caminhada pelas ruas de Vit\u00f3ria da Conquista. Durante o percurso, o candidato conversou com comerciantes e moradores, tirou fotografias e recebeu manifesta\u00e7\u00f5es de apoio de pessoas que acompanhavam a agenda.\" \/>\n<meta property=\"og:url\" content=\"https:\/\/sudoesteacontece.com.br\/?p=28680\" \/>\n<meta property=\"og:site_name\" content=\"Sudoesteacontece\" \/>\n<meta property=\"article:publisher\" content=\"https:\/\/www.facebook.com\/sudoesteacontece\/?locale=pt_BR\" \/>\n<meta property=\"article:published_time\" content=\"2026-08-31T12:17:02+00:00\" \/>\n<meta property=\"article:modified_time\" content=\"2026-08-31T12:17:08+00:00\" \/>\n<meta property=\"og:image\" content=\"https:\/\/sudoesteacontece.com.br\/wp-content\/uploads\/2026\/08\/ACM-Neto-assina-compromisso-com-evangelicos-e-percorre-centro-de-Conquista.jpg\" \/>\n\t<meta property=\"og:image:width\" content=\"900\" \/>\n\t<meta property=\"og:image:height\" content=\"600\" \/>\n\t<meta property=\"og:image:type\" content=\"image\/jpeg\" \/>\n<meta name=\"author\" content=\"Reda\u00e7\u00e3o\" \/>\n<meta name=\"twitter:card\" content=\"summary_large_image\" \/>\n<meta name=\"twitter:label1\" content=\"Escrito por\" \/>\n\t<meta name=\"twitter:data1\" content=\"Reda\u00e7\u00e3o\" \/>\n\t<meta name=\"twitter:label2\" content=\"Est. tempo de leitura\" \/>\n\t<meta name=\"twitter:data2\" content=\"2 minutos\" \/>\n<script type=\"application\/ld+json\" class=\"yoast-schema-graph\">{\"@context\":\"https:\/\/schema.org\",\"@graph\":[{\"@type\":\"Article\",\"@id\":\"https:\/\/sudoesteacontece.com.br\/?p=28680#article\",\"isPartOf\":{\"@id\":\"https:\/\/sudoesteacontece.com.br\/?p=28680\"},\"author\":{\"name\":\"Reda\u00e7\u00e3o\",\"@id\":\"https:\/\/sudoesteacontece.com.br\/#\/schema\/person\/a4f22429c1d0923ef8f7d43343f8dc38\"},\"headline\":\"ACM Neto assina compromisso com evang\u00e9licos e percorre centro de Conquista\",\"datePublished\":\"2026-08-31T12:17:02+00:00\",\"dateModified\":\"2026-08-31T12:17:08+00:00\",\"mainEntityOfPage\":{\"@id\":\"https:\/\/sudoesteacontece.com.br\/?p=28680\"},\"wordCount\":368,\"commentCount\":0,\"publisher\":{\"@id\":\"https:\/\/sudoesteacontece.com.br\/#organization\"},\"image\":{\"@id\":\"https:\/\/sudoesteacontece.com.br\/?p=28680#primaryimage\"},\"thumbnailUrl\":\"http:\/\/sudoesteacontece.com.br\/wp-content\/uploads\/2026\/08\/ACM-Neto-assina-compromisso-com-evangelicos-e-percorre-centro-de-Conquista.jpg\",\"articleSection\":[\"Cidades\",\"Elei\u00e7\u00f5es 2026\",\"Pol\u00edtica\",\"Religi\u00e3o\"],\"inLanguage\":\"pt-BR\",\"potentialAction\":[{\"@type\":\"CommentAction\",\"name\":\"Comment\",\"target\":[\"https:\/\/sudoesteacontece.com.br\/?p=28680#respond\"]}]},{\"@type\":\"WebPage\",\"@id\":\"https:\/\/sudoesteacontece.com.br\/?p=28680\",\"url\":\"https:\/\/sudoesteacontece.com.br\/?p=28680\",\"name\":\"ACM Neto assina compromisso com evang\u00e9licos e percorre centro de Conquista - Sudoesteacontece\",\"isPartOf\":{\"@id\":\"https:\/\/sudoesteacontece.com.br\/#website\"},\"primaryImageOfPage\":{\"@id\":\"https:\/\/sudoesteacontece.com.br\/?p=28680#primaryimage\"},\"image\":{\"@id\":\"https:\/\/sudoesteacontece.com.br\/?p=28680#primaryimage\"},\"thumbnailUrl\":\"http:\/\/sudoesteacontece.com.br\/wp-content\/uploads\/2026\/08\/ACM-Neto-assina-compromisso-com-evangelicos-e-percorre-centro-de-Conquista.jpg\",\"datePublished\":\"2026-08-31T12:17:02+00:00\",\"dateModified\":\"2026-08-31T12:17:08+00:00\",\"breadcrumb\":{\"@id\":\"https:\/\/sudoesteacontece.com.br\/?p=28680#breadcrumb\"},\"inLanguage\":\"pt-BR\",\"potentialAction\":[{\"@type\":\"ReadAction\",\"target\":[\"https:\/\/sudoesteacontece.com.br\/?p=28680\"]}]},{\"@type\":\"ImageObject\",\"inLanguage\":\"pt-BR\",\"@id\":\"https:\/\/sudoesteacontece.com.br\/?p=28680#primaryimage\",\"url\":\"https:\/\/sudoesteacontece.com.br\/wp-content\/uploads\/2026\/08\/ACM-Neto-assina-compromisso-com-evangelicos-e-percorre-centro-de-Conquista.jpg\",\"contentUrl\":\"https:\/\/sudoesteacontece.com.br\/wp-content\/uploads\/2026\/08\/ACM-Neto-assina-compromisso-com-evangelicos-e-percorre-centro-de-Conquista.jpg\",\"width\":900,\"height\":600},{\"@type\":\"BreadcrumbList\",\"@id\":\"https:\/\/sudoesteacontece.com.br\/?p=28680#breadcrumb\",\"itemListElement\":[{\"@type\":\"ListItem\",\"position\":1,\"name\":\"In\u00edcio\",\"item\":\"https:\/\/sudoesteacontece.com.br\/\"},{\"@type\":\"ListItem\",\"position\":2,\"name\":\"ACM Neto assina compromisso com evang\u00e9licos e percorre centro de Conquista\"}]},{\"@type\":\"WebSite\",\"@id\":\"https:\/\/sudoesteacontece.com.br\/#website\",\"url\":\"https:\/\/sudoesteacontece.com.br\/\",\"name\":\"Sudoesteacontece\",\"description\":\"\",\"publisher\":{\"@id\":\"https:\/\/sudoesteacontece.com.br\/#organization\"},\"potentialAction\":[{\"@type\":\"SearchAction\",\"target\":{\"@type\":\"EntryPoint\",\"urlTemplate\":\"https:\/\/sudoesteacontece.com.br\/?s={search_term_string}\"},\"query-input\":{\"@type\":\"PropertyValueSpecification\",\"valueRequired\":true,\"valueName\":\"search_term_string\"}}],\"inLanguage\":\"pt-BR\"},{\"@type\":\"Organization\",\"@id\":\"https:\/\/sudoesteacontece.com.br\/#organization\",\"name\":\"Sudoesteacontece\",\"url\":\"https:\/\/sudoesteacontece.com.br\/\",\"logo\":{\"@type\":\"ImageObject\",\"inLanguage\":\"pt-BR\",\"@id\":\"https:\/\/sudoesteacontece.com.br\/#\/schema\/logo\/image\/\",\"url\":\"https:\/\/sudoesteacontece.com.br\/wp-content\/uploads\/2025\/12\/cropped-logo-2-180x180-1.png\",\"contentUrl\":\"https:\/\/sudoesteacontece.com.br\/wp-content\/uploads\/2025\/12\/cropped-logo-2-180x180-1.png\",\"width\":180,\"height\":180,\"caption\":\"Sudoesteacontece\"},\"image\":{\"@id\":\"https:\/\/sudoesteacontece.com.br\/#\/schema\/logo\/image\/\"},\"sameAs\":[\"https:\/\/www.facebook.com\/sudoesteacontece\/?locale=pt_BR\"]},{\"@type\":\"Person\",\"@id\":\"https:\/\/sudoesteacontece.com.br\/#\/schema\/person\/a4f22429c1d0923ef8f7d43343f8dc38\",\"name\":\"Reda\u00e7\u00e3o\",\"image\":{\"@type\":\"ImageObject\",\"inLanguage\":\"pt-BR\",\"@id\":\"https:\/\/sudoesteacontece.com.br\/#\/schema\/person\/image\/\",\"url\":\"https:\/\/secure.gravatar.com\/avatar\/c3a5b3c93f268a709c25a2df414c629a96fb3b1b4bf97a94fb3f72e54ae76903?s=96&d=mm&r=g\",\"contentUrl\":\"https:\/\/secure.gravatar.com\/avatar\/c3a5b3c93f268a709c25a2df414c629a96fb3b1b4bf97a94fb3f72e54ae76903?s=96&d=mm&r=g\",\"caption\":\"Reda\u00e7\u00e3o\"},\"url\":\"https:\/\/sudoesteacontece.com.br\/?author=4\"}]}<\/script>\n<!-- \/ Yoast SEO plugin. -->","yoast_head_json":{"title":"ACM Neto assina compromisso com evang\u00e9licos e percorre centro de Conquista - Sudoesteacontece","robots":{"index":"index","follow":"follow","max-snippet":"max-snippet:-1","max-image-preview":"max-image-preview:large","max-video-preview":"max-video-preview:-1"},"canonical":"https:\/\/sudoesteacontece.com.br\/?p=28680","og_locale":"pt_BR","og_type":"article","og_title":"ACM Neto assina compromisso com evang\u00e9licos e percorre centro de Conquista - Sudoesteacontece","og_description":"O candidato ao Governo da Bahia ACM Neto (Uni\u00e3o) participou neste s\u00e1bado (29) de um encontro com lideran\u00e7as evang\u00e9licas em Vit\u00f3ria da Conquista. Durante a agenda, ele assinou uma carta-compromisso com diretrizes que pretende defender caso seja eleito. Depois da reuni\u00e3o, Neto realizou uma caminhada pelo centro da cidade ao lado da prefeita Sheila Lemos (Uni\u00e3o) e de outras lideran\u00e7as pol\u00edticas. Durante o encontro, o candidato afirmou que pretende garantir espa\u00e7o para representantes evang\u00e9licos em um eventual governo. Segundo a carta, o grupo seria ouvido e teria condi\u00e7\u00f5es de participar da formula\u00e7\u00e3o de pol\u00edticas p\u00fablicas. Neto tamb\u00e9m leu um trecho de seu programa de governo que prev\u00ea participa\u00e7\u00e3o nas \u00e1reas de educa\u00e7\u00e3o, cultura, direitos humanos, seguran\u00e7a p\u00fablica e promo\u00e7\u00e3o da cidade. Na ocasi\u00e3o, o ex-prefeito de Salvador ficou com a voz embargada durante um trecho do discurso e quase chorou ao falar sobre as dificuldades enfrentadas durante a campanha eleitoral. \u201cTenho certeza que tudo vai valer a pena. Vai ser por um prop\u00f3sito maior\u201d, declarou. Em seguida, desejou um s\u00e1bado de paz e b\u00ean\u00e7\u00e3os \u00e0s lideran\u00e7as presentes. Al\u00e9m de ACM Neto, o encontro reuniu integrantes da chapa majorit\u00e1ria. Participaram o senador Angelo Coronel (Republicanos) e o ex-deputado federal Jo\u00e3o Roma (PL), candidatos ao Senado, al\u00e9m de Z\u00e9 Coc\u00e1 (PP), candidato a vice-governador. O prefeito de Salvador, Bruno Reis (Uni\u00e3o), tamb\u00e9m esteve na atividade. Entre as lideran\u00e7as presentes estava o deputado federal M\u00e1rcio Marinho, presidente do Republicanos na Bahia. O evento tamb\u00e9m contou com representantes do segmento evang\u00e9lico de diferentes regi\u00f5es do Estado. Wagner Alves (Uni\u00e3o), candidato a deputado estadual apoiado por Sheila Lemos e marido da prefeita, participou da programa\u00e7\u00e3o. Ap\u00f3s o encontro, ACM Neto e os demais integrantes da chapa seguiram para uma caminhada pelas ruas de Vit\u00f3ria da Conquista. Durante o percurso, o candidato conversou com comerciantes e moradores, tirou fotografias e recebeu manifesta\u00e7\u00f5es de apoio de pessoas que acompanhavam a agenda.","og_url":"https:\/\/sudoesteacontece.com.br\/?p=28680","og_site_name":"Sudoesteacontece","article_publisher":"https:\/\/www.facebook.com\/sudoesteacontece\/?locale=pt_BR","article_published_time":"2026-08-31T12:17:02+00:00","article_modified_time":"2026-08-31T12:17:08+00:00","og_image":[{"width":900,"height":600,"url":"https:\/\/sudoesteacontece.com.br\/wp-content\/uploads\/2026\/08\/ACM-Neto-assina-compromisso-com-evangelicos-e-percorre-centro-de-Conquista.jpg","type":"image\/jpeg"}],"author":"Reda\u00e7\u00e3o","twitter_card":"summary_large_image","twitter_misc":{"Escrito por":"Reda\u00e7\u00e3o","Est. tempo de leitura":"2 minutos"},"schema":{"@context":"https:\/\/schema.org","@graph":[{"@type":"Article","@id":"https:\/\/sudoesteacontece.com.br\/?p=28680#article","isPartOf":{"@id":"https:\/\/sudoesteacontece.com.br\/?p=28680"},"author":{"name":"Reda\u00e7\u00e3o","@id":"https:\/\/sudoesteacontece.com.br\/#\/schema\/person\/a4f22429c1d0923ef8f7d43343f8dc38"},"headline":"ACM Neto assina compromisso com evang\u00e9licos e percorre centro de Conquista","datePublished":"2026-08-31T12:17:02+00:00","dateModified":"2026-08-31T12:17:08+00:00","mainEntityOfPage":{"@id":"https:\/\/sudoesteacontece.com.br\/?p=28680"},"wordCount":368,"commentCount":0,"publisher":{"@id":"https:\/\/sudoesteacontece.com.br\/#organization"},"image":{"@id":"https:\/\/sudoesteacontece.com.br\/?p=28680#primaryimage"},"thumbnailUrl":"http:\/\/sudoesteacontece.com.br\/wp-content\/uploads\/2026\/08\/ACM-Neto-assina-compromisso-com-evangelicos-e-percorre-centro-de-Conquista.jpg","articleSection":["Cidades","Elei\u00e7\u00f5es 2026","Pol\u00edtica","Religi\u00e3o"],"inLanguage":"pt-BR","potentialAction":[{"@type":"CommentAction","name":"Comment","target":["https:\/\/sudoesteacontece.com.br\/?p=28680#respond"]}]},{"@type":"WebPage","@id":"https:\/\/sudoesteacontece.com.br\/?p=28680","url":"https:\/\/sudoesteacontece.com.br\/?p=28680","name":"ACM Neto assina compromisso com evang\u00e9licos e percorre centro de Conquista - Sudoesteacontece","isPartOf":{"@id":"https:\/\/sudoesteacontece.com.br\/#website"},"primaryImageOfPage":{"@id":"https:\/\/sudoesteacontece.com.br\/?p=28680#primaryimage"},"image":{"@id":"https:\/\/sudoesteacontece.com.br\/?p=28680#primaryimage"},"thumbnailUrl":"http:\/\/sudoesteacontece.com.br\/wp-content\/uploads\/2026\/08\/ACM-Neto-assina-compromisso-com-evangelicos-e-percorre-centro-de-Conquista.jpg","datePublished":"2026-08-31T12:17:02+00:00","dateModified":"2026-08-31T12:17:08+00:00","breadcrumb":{"@id":"https:\/\/sudoesteacontece.com.br\/?p=28680#breadcrumb"},"inLanguage":"pt-BR","potentialAction":[{"@type":"ReadAction","target":["https:\/\/sudoesteacontece.com.br\/?p=28680"]}]},{"@type":"ImageObject","inLanguage":"pt-BR","@id":"https:\/\/sudoesteacontece.com.br\/?p=28680#primaryimage","url":"https:\/\/sudoesteacontece.com.br\/wp-content\/uploads\/2026\/08\/ACM-Neto-assina-compromisso-com-evangelicos-e-percorre-centro-de-Conquista.jpg","contentUrl":"https:\/\/sudoesteacontece.com.br\/wp-content\/uploads\/2026\/08\/ACM-Neto-assina-compromisso-com-evangelicos-e-percorre-centro-de-Conquista.jpg","width":900,"height":600},{"@type":"BreadcrumbList","@id":"https:\/\/sudoesteacontece.com.br\/?p=28680#breadcrumb","itemListElement":[{"@type":"ListItem","position":1,"name":"In\u00edcio","item":"https:\/\/sudoesteacontece.com.br\/"},{"@type":"ListItem","position":2,"name":"ACM Neto assina compromisso com evang\u00e9licos e percorre centro de Conquista"}]},{"@type":"WebSite","@id":"https:\/\/sudoesteacontece.com.br\/#website","url":"https:\/\/sudoesteacontece.com.br\/","name":"Sudoesteacontece","description":"","publisher":{"@id":"https:\/\/sudoesteacontece.com.br\/#organization"},"potentialAction":[{"@type":"SearchAction","target":{"@type":"EntryPoint","urlTemplate":"https:\/\/sudoesteacontece.com.br\/?s={search_term_string}"},"query-input":{"@type":"PropertyValueSpecification","valueRequired":true,"valueName":"search_term_string"}}],"inLanguage":"pt-BR"},{"@type":"Organization","@id":"https:\/\/sudoesteacontece.com.br\/#organization","name":"Sudoesteacontece","url":"https:\/\/sudoesteacontece.com.br\/","logo":{"@type":"ImageObject","inLanguage":"pt-BR","@id":"https:\/\/sudoesteacontece.com.br\/#\/schema\/logo\/image\/","url":"https:\/\/sudoesteacontece.com.br\/wp-content\/uploads\/2025\/12\/cropped-logo-2-180x180-1.png","contentUrl":"https:\/\/sudoesteacontece.com.br\/wp-content\/uploads\/2025\/12\/cropped-logo-2-180x180-1.png","width":180,"height":180,"caption":"Sudoesteacontece"},"image":{"@id":"https:\/\/sudoesteacontece.com.br\/#\/schema\/logo\/image\/"},"sameAs":["https:\/\/www.facebook.com\/sudoesteacontece\/?locale=pt_BR"]},{"@type":"Person","@id":"https:\/\/sudoesteacontece.com.br\/#\/schema\/person\/a4f22429c1d0923ef8f7d43343f8dc38","name":"Reda\u00e7\u00e3o","image":{"@type":"ImageObject","inLanguage":"pt-BR","@id":"https:\/\/sudoesteacontece.com.br\/#\/schema\/person\/image\/","url":"https:\/\/secure.gravatar.com\/avatar\/c3a5b3c93f268a709c25a2df414c629a96fb3b1b4bf97a94fb3f72e54ae76903?s=96&d=mm&r=g","contentUrl":"https:\/\/secure.gravatar.com\/avatar\/c3a5b3c93f268a709c25a2df414c629a96fb3b1b4bf97a94fb3f72e54ae76903?s=96&d=mm&r=g","caption":"Reda\u00e7\u00e3o"},"url":"https:\/\/sudoesteacontece.com.br\/?author=4"}]}},"_links":{"self":[{"href":"https:\/\/sudoesteacontece.com.br\/index.php?rest_route=\/wp\/v2\/posts\/28680","targetHints":{"allow":["GET"]}}],"collection":[{"href":"https:\/\/sudoesteacontece.com.br\/index.php?rest_route=\/wp\/v2\/posts"}],"about":[{"href":"https:\/\/sudoesteacontece.com.br\/index.php?rest_route=\/wp\/v2\/types\/post"}],"author":[{"embeddable":true,"href":"https:\/\/sudoesteacontece.com.br\/index.php?rest_route=\/wp\/v2\/users\/4"}],"replies":[{"embeddable":true,"href":"https:\/\/sudoesteacontece.com.br\/index.php?rest_route=%2Fwp%2Fv2%2Fcomments&post=28680"}],"version-history":[{"count":1,"href":"https:\/\/sudoesteacontece.com.br\/index.php?rest_route=\/wp\/v2\/posts\/28680\/revisions"}],"predecessor-version":[{"id":28724,"href":"https:\/\/sudoesteacontece.com.br\/index.php?rest_route=\/wp\/v2\/posts\/28680\/revisions\/28724"}],"wp:attachment":[{"href":"https:\/\/sudoesteacontece.com.br\/index.php?rest_route=%2Fwp%2Fv2%2Fmedia&parent=28680"}],"wp:term":[{"taxonomy":"category","embeddable":true,"href":"https:\/\/sudoesteacontece.com.br\/index.php?rest_route=%2Fwp%2Fv2%2Fcategories&post=28680"},{"taxonomy":"post_tag","embeddable":true,"href":"https:\/\/sudoesteacontece.com.br\/index.php?rest_route=%2Fwp%2Fv2%2Ftags&post=28680"}],"curies":[{"name":"wp","href":"https:\/\/api.w.org\/{rel}","templated":true}]}}