{"id":28682,"date":"2026-08-31T09:07:32","date_gmt":"2026-08-31T12:07:32","guid":{"rendered":"https:\/\/sudoesteacontece.com.br\/?p=28682"},"modified":"2026-08-31T09:07:38","modified_gmt":"2026-08-31T12:07:38","slug":"orlando-caires-aposta-em-vitoria-no-primeiro-turno-e-ve-acm-neto-forte-na-bahia","status":"publish","type":"post","link":"https:\/\/sudoesteacontece.com.br\/?p=28682","title":{"rendered":"Orlando Caires aposta em vit\u00f3ria no primeiro turno e v\u00ea ACM Neto forte na Bahia"},"content":{"rendered":"\n<figure class=\"wp-block-image size-full\"><img fetchpriority=\"high\" decoding=\"async\" width=\"900\" height=\"600\" src=\"http:\/\/sudoesteacontece.com.br\/wp-content\/uploads\/2026\/08\/Orlando-Caires-aposta-em-vitoria-no-primeiro-turno-e-ve-ACM-Neto-forte-na-Bahia.jpg\" alt=\"\" class=\"wp-image-28702\" srcset=\"https:\/\/sudoesteacontece.com.br\/wp-content\/uploads\/2026\/08\/Orlando-Caires-aposta-em-vitoria-no-primeiro-turno-e-ve-ACM-Neto-forte-na-Bahia.jpg 900w, https:\/\/sudoesteacontece.com.br\/wp-content\/uploads\/2026\/08\/Orlando-Caires-aposta-em-vitoria-no-primeiro-turno-e-ve-ACM-Neto-forte-na-Bahia-300x200.jpg 300w, https:\/\/sudoesteacontece.com.br\/wp-content\/uploads\/2026\/08\/Orlando-Caires-aposta-em-vitoria-no-primeiro-turno-e-ve-ACM-Neto-forte-na-Bahia-768x512.jpg 768w\" sizes=\"(max-width: 900px) 100vw, 900px\" \/><\/figure>\n\n\n\n<p class=\"wp-block-paragraph\">O professor e ex-candidato a prefeito de Dom Bas\u00edlio Orlando Caires afirmou neste s\u00e1bado (29) acreditar que a elei\u00e7\u00e3o para o Governo da Bahia poder\u00e1 ser definida ainda no primeiro turno. A declara\u00e7\u00e3o ocorreu durante entrevista e foi acompanhada de uma manifesta\u00e7\u00e3o de apoio ao ex-prefeito de Salvador ACM Neto. Para Caires, a disputa tende a se concentrar nos nomes com maior for\u00e7a eleitoral.<\/p>\n\n\n\n<p class=\"wp-block-paragraph\">Segundo Orlando, o n\u00famero reduzido de candidatos com capacidade para disputar diretamente a prefer\u00eancia do eleitorado pode favorecer uma defini\u00e7\u00e3o j\u00e1 na primeira etapa da vota\u00e7\u00e3o. Ele avaliou que o cen\u00e1rio estadual apresenta condi\u00e7\u00f5es para que um dos concorrentes alcance a maioria necess\u00e1ria para evitar a realiza\u00e7\u00e3o do segundo turno.<\/p>\n\n\n\n<p class=\"wp-block-paragraph\">Durante a entrevista, o professor declarou apoio a ACM Neto e afirmou que o ex-prefeito de Salvador apresenta condi\u00e7\u00f5es para participar de uma disputa competitiva pelo comando do Estado. A avalia\u00e7\u00e3o foi feita a partir do cen\u00e1rio pol\u00edtico observado por Orlando no per\u00edodo que antecede as elei\u00e7\u00f5es estaduais.<\/p>\n\n\n\n<p class=\"wp-block-paragraph\">Na an\u00e1lise do ex-candidato, a concentra\u00e7\u00e3o de votos entre os postulantes com maior densidade eleitoral ser\u00e1 um dos fatores determinantes para o resultado. \u201cNa minha avalia\u00e7\u00e3o, a elei\u00e7\u00e3o na Bahia \u00e9 decidida em primeiro turno, independentemente de quem vai ganhar\u201d, afirmou.<\/p>\n\n\n\n<p class=\"wp-block-paragraph\">Enquanto as articula\u00e7\u00f5es para a elei\u00e7\u00e3o de 2026 avan\u00e7am, Orlando Caires mant\u00e9m apoio \u00e0 candidatura de ACM Neto e considera favor\u00e1vel o cen\u00e1rio enfrentado pelo ex-prefeito. A vota\u00e7\u00e3o para o Governo da Bahia est\u00e1 prevista para ocorrer em outubro.<\/p>\n","protected":false},"excerpt":{"rendered":"<p>O professor e ex-candidato a prefeito de Dom Bas\u00edlio Orlando Caires afirmou neste s\u00e1bado (29) acreditar que a elei\u00e7\u00e3o para o Governo da Bahia poder\u00e1 ser definida ainda no primeiro turno. A declara\u00e7\u00e3o ocorreu durante entrevista e foi acompanhada de uma manifesta\u00e7\u00e3o de apoio ao ex-prefeito de Salvador ACM Neto. Para Caires, a disputa tende a se concentrar nos nomes com maior for\u00e7a eleitoral. Segundo Orlando, o n\u00famero reduzido de candidatos com capacidade para disputar diretamente a prefer\u00eancia do eleitorado pode favorecer uma defini\u00e7\u00e3o j\u00e1 na primeira etapa da vota\u00e7\u00e3o. Ele avaliou que o cen\u00e1rio estadual apresenta condi\u00e7\u00f5es para que um dos concorrentes alcance a maioria necess\u00e1ria para evitar a realiza\u00e7\u00e3o do segundo turno. Durante a entrevista, o professor declarou apoio a ACM Neto e afirmou que o ex-prefeito de Salvador apresenta condi\u00e7\u00f5es para participar de uma disputa competitiva pelo comando do Estado. A avalia\u00e7\u00e3o foi feita a partir do cen\u00e1rio pol\u00edtico observado por Orlando no per\u00edodo que antecede as elei\u00e7\u00f5es estaduais. Na an\u00e1lise do ex-candidato, a concentra\u00e7\u00e3o de votos entre os postulantes com maior densidade eleitoral ser\u00e1 um dos fatores determinantes para o resultado. \u201cNa minha avalia\u00e7\u00e3o, a elei\u00e7\u00e3o na Bahia \u00e9 decidida em primeiro turno, independentemente de quem vai ganhar\u201d, afirmou. Enquanto as articula\u00e7\u00f5es para a elei\u00e7\u00e3o de 2026 avan\u00e7am, Orlando Caires mant\u00e9m apoio \u00e0 candidatura de ACM Neto e considera favor\u00e1vel o cen\u00e1rio enfrentado pelo ex-prefeito. A vota\u00e7\u00e3o para o Governo da Bahia est\u00e1 prevista para ocorrer em outubro.<\/p>\n","protected":false},"author":4,"featured_media":28702,"comment_status":"open","ping_status":"open","sticky":false,"template":"","format":"standard","meta":{"footnotes":""},"categories":[7,4,63,58,6],"tags":[],"class_list":["post-28682","post","type-post","status-publish","format-standard","has-post-thumbnail","hentry","category-bahia","category-cidades","category-dom-basilio","category-eleicoes-2026","category-politica"],"yoast_head":"<!-- This site is optimized with the Yoast SEO plugin v26.5 - https:\/\/yoast.com\/wordpress\/plugins\/seo\/ -->\n<title>Orlando Caires aposta em vit\u00f3ria no primeiro turno e v\u00ea ACM Neto forte na Bahia - Sudoesteacontece<\/title>\n<meta name=\"robots\" content=\"index, follow, max-snippet:-1, max-image-preview:large, max-video-preview:-1\" \/>\n<link rel=\"canonical\" href=\"https:\/\/sudoesteacontece.com.br\/?p=28682\" \/>\n<meta property=\"og:locale\" content=\"pt_BR\" \/>\n<meta property=\"og:type\" content=\"article\" \/>\n<meta property=\"og:title\" content=\"Orlando Caires aposta em vit\u00f3ria no primeiro turno e v\u00ea ACM Neto forte na Bahia - Sudoesteacontece\" \/>\n<meta property=\"og:description\" content=\"O professor e ex-candidato a prefeito de Dom Bas\u00edlio Orlando Caires afirmou neste s\u00e1bado (29) acreditar que a elei\u00e7\u00e3o para o Governo da Bahia poder\u00e1 ser definida ainda no primeiro turno. A declara\u00e7\u00e3o ocorreu durante entrevista e foi acompanhada de uma manifesta\u00e7\u00e3o de apoio ao ex-prefeito de Salvador ACM Neto. Para Caires, a disputa tende a se concentrar nos nomes com maior for\u00e7a eleitoral. Segundo Orlando, o n\u00famero reduzido de candidatos com capacidade para disputar diretamente a prefer\u00eancia do eleitorado pode favorecer uma defini\u00e7\u00e3o j\u00e1 na primeira etapa da vota\u00e7\u00e3o. Ele avaliou que o cen\u00e1rio estadual apresenta condi\u00e7\u00f5es para que um dos concorrentes alcance a maioria necess\u00e1ria para evitar a realiza\u00e7\u00e3o do segundo turno. Durante a entrevista, o professor declarou apoio a ACM Neto e afirmou que o ex-prefeito de Salvador apresenta condi\u00e7\u00f5es para participar de uma disputa competitiva pelo comando do Estado. A avalia\u00e7\u00e3o foi feita a partir do cen\u00e1rio pol\u00edtico observado por Orlando no per\u00edodo que antecede as elei\u00e7\u00f5es estaduais. Na an\u00e1lise do ex-candidato, a concentra\u00e7\u00e3o de votos entre os postulantes com maior densidade eleitoral ser\u00e1 um dos fatores determinantes para o resultado. \u201cNa minha avalia\u00e7\u00e3o, a elei\u00e7\u00e3o na Bahia \u00e9 decidida em primeiro turno, independentemente de quem vai ganhar\u201d, afirmou. Enquanto as articula\u00e7\u00f5es para a elei\u00e7\u00e3o de 2026 avan\u00e7am, Orlando Caires mant\u00e9m apoio \u00e0 candidatura de ACM Neto e considera favor\u00e1vel o cen\u00e1rio enfrentado pelo ex-prefeito. A vota\u00e7\u00e3o para o Governo da Bahia est\u00e1 prevista para ocorrer em outubro.\" \/>\n<meta property=\"og:url\" content=\"https:\/\/sudoesteacontece.com.br\/?p=28682\" \/>\n<meta property=\"og:site_name\" content=\"Sudoesteacontece\" \/>\n<meta property=\"article:publisher\" content=\"https:\/\/www.facebook.com\/sudoesteacontece\/?locale=pt_BR\" \/>\n<meta property=\"article:published_time\" content=\"2026-08-31T12:07:32+00:00\" \/>\n<meta property=\"article:modified_time\" content=\"2026-08-31T12:07:38+00:00\" \/>\n<meta property=\"og:image\" content=\"http:\/\/sudoesteacontece.com.br\/wp-content\/uploads\/2026\/08\/Orlando-Caires-aposta-em-vitoria-no-primeiro-turno-e-ve-ACM-Neto-forte-na-Bahia.jpg\" \/>\n\t<meta property=\"og:image:width\" content=\"900\" \/>\n\t<meta property=\"og:image:height\" content=\"600\" \/>\n\t<meta property=\"og:image:type\" content=\"image\/jpeg\" \/>\n<meta name=\"author\" content=\"Reda\u00e7\u00e3o\" \/>\n<meta name=\"twitter:card\" content=\"summary_large_image\" \/>\n<meta name=\"twitter:label1\" content=\"Escrito por\" \/>\n\t<meta name=\"twitter:data1\" content=\"Reda\u00e7\u00e3o\" \/>\n\t<meta name=\"twitter:label2\" content=\"Est. tempo de leitura\" \/>\n\t<meta name=\"twitter:data2\" content=\"2 minutos\" \/>\n<script type=\"application\/ld+json\" class=\"yoast-schema-graph\">{\"@context\":\"https:\/\/schema.org\",\"@graph\":[{\"@type\":\"Article\",\"@id\":\"https:\/\/sudoesteacontece.com.br\/?p=28682#article\",\"isPartOf\":{\"@id\":\"https:\/\/sudoesteacontece.com.br\/?p=28682\"},\"author\":{\"name\":\"Reda\u00e7\u00e3o\",\"@id\":\"https:\/\/sudoesteacontece.com.br\/#\/schema\/person\/a4f22429c1d0923ef8f7d43343f8dc38\"},\"headline\":\"Orlando Caires aposta em vit\u00f3ria no primeiro turno e v\u00ea ACM Neto forte na Bahia\",\"datePublished\":\"2026-08-31T12:07:32+00:00\",\"dateModified\":\"2026-08-31T12:07:38+00:00\",\"mainEntityOfPage\":{\"@id\":\"https:\/\/sudoesteacontece.com.br\/?p=28682\"},\"wordCount\":285,\"commentCount\":0,\"publisher\":{\"@id\":\"https:\/\/sudoesteacontece.com.br\/#organization\"},\"image\":{\"@id\":\"https:\/\/sudoesteacontece.com.br\/?p=28682#primaryimage\"},\"thumbnailUrl\":\"https:\/\/sudoesteacontece.com.br\/wp-content\/uploads\/2026\/08\/Orlando-Caires-aposta-em-vitoria-no-primeiro-turno-e-ve-ACM-Neto-forte-na-Bahia.jpg\",\"articleSection\":[\"Bahia\",\"Cidades\",\"Dom Bas\u00edlio\",\"Elei\u00e7\u00f5es 2026\",\"Pol\u00edtica\"],\"inLanguage\":\"pt-BR\",\"potentialAction\":[{\"@type\":\"CommentAction\",\"name\":\"Comment\",\"target\":[\"https:\/\/sudoesteacontece.com.br\/?p=28682#respond\"]}]},{\"@type\":\"WebPage\",\"@id\":\"https:\/\/sudoesteacontece.com.br\/?p=28682\",\"url\":\"https:\/\/sudoesteacontece.com.br\/?p=28682\",\"name\":\"Orlando Caires aposta em vit\u00f3ria no primeiro turno e v\u00ea ACM Neto forte na Bahia - Sudoesteacontece\",\"isPartOf\":{\"@id\":\"https:\/\/sudoesteacontece.com.br\/#website\"},\"primaryImageOfPage\":{\"@id\":\"https:\/\/sudoesteacontece.com.br\/?p=28682#primaryimage\"},\"image\":{\"@id\":\"https:\/\/sudoesteacontece.com.br\/?p=28682#primaryimage\"},\"thumbnailUrl\":\"https:\/\/sudoesteacontece.com.br\/wp-content\/uploads\/2026\/08\/Orlando-Caires-aposta-em-vitoria-no-primeiro-turno-e-ve-ACM-Neto-forte-na-Bahia.jpg\",\"datePublished\":\"2026-08-31T12:07:32+00:00\",\"dateModified\":\"2026-08-31T12:07:38+00:00\",\"breadcrumb\":{\"@id\":\"https:\/\/sudoesteacontece.com.br\/?p=28682#breadcrumb\"},\"inLanguage\":\"pt-BR\",\"potentialAction\":[{\"@type\":\"ReadAction\",\"target\":[\"https:\/\/sudoesteacontece.com.br\/?p=28682\"]}]},{\"@type\":\"ImageObject\",\"inLanguage\":\"pt-BR\",\"@id\":\"https:\/\/sudoesteacontece.com.br\/?p=28682#primaryimage\",\"url\":\"https:\/\/sudoesteacontece.com.br\/wp-content\/uploads\/2026\/08\/Orlando-Caires-aposta-em-vitoria-no-primeiro-turno-e-ve-ACM-Neto-forte-na-Bahia.jpg\",\"contentUrl\":\"https:\/\/sudoesteacontece.com.br\/wp-content\/uploads\/2026\/08\/Orlando-Caires-aposta-em-vitoria-no-primeiro-turno-e-ve-ACM-Neto-forte-na-Bahia.jpg\",\"width\":900,\"height\":600},{\"@type\":\"BreadcrumbList\",\"@id\":\"https:\/\/sudoesteacontece.com.br\/?p=28682#breadcrumb\",\"itemListElement\":[{\"@type\":\"ListItem\",\"position\":1,\"name\":\"In\u00edcio\",\"item\":\"https:\/\/sudoesteacontece.com.br\/\"},{\"@type\":\"ListItem\",\"position\":2,\"name\":\"Orlando Caires aposta em vit\u00f3ria no primeiro turno e v\u00ea ACM Neto forte na Bahia\"}]},{\"@type\":\"WebSite\",\"@id\":\"https:\/\/sudoesteacontece.com.br\/#website\",\"url\":\"https:\/\/sudoesteacontece.com.br\/\",\"name\":\"Sudoesteacontece\",\"description\":\"\",\"publisher\":{\"@id\":\"https:\/\/sudoesteacontece.com.br\/#organization\"},\"potentialAction\":[{\"@type\":\"SearchAction\",\"target\":{\"@type\":\"EntryPoint\",\"urlTemplate\":\"https:\/\/sudoesteacontece.com.br\/?s={search_term_string}\"},\"query-input\":{\"@type\":\"PropertyValueSpecification\",\"valueRequired\":true,\"valueName\":\"search_term_string\"}}],\"inLanguage\":\"pt-BR\"},{\"@type\":\"Organization\",\"@id\":\"https:\/\/sudoesteacontece.com.br\/#organization\",\"name\":\"Sudoesteacontece\",\"url\":\"https:\/\/sudoesteacontece.com.br\/\",\"logo\":{\"@type\":\"ImageObject\",\"inLanguage\":\"pt-BR\",\"@id\":\"https:\/\/sudoesteacontece.com.br\/#\/schema\/logo\/image\/\",\"url\":\"https:\/\/sudoesteacontece.com.br\/wp-content\/uploads\/2025\/12\/cropped-logo-2-180x180-1.png\",\"contentUrl\":\"https:\/\/sudoesteacontece.com.br\/wp-content\/uploads\/2025\/12\/cropped-logo-2-180x180-1.png\",\"width\":180,\"height\":180,\"caption\":\"Sudoesteacontece\"},\"image\":{\"@id\":\"https:\/\/sudoesteacontece.com.br\/#\/schema\/logo\/image\/\"},\"sameAs\":[\"https:\/\/www.facebook.com\/sudoesteacontece\/?locale=pt_BR\"]},{\"@type\":\"Person\",\"@id\":\"https:\/\/sudoesteacontece.com.br\/#\/schema\/person\/a4f22429c1d0923ef8f7d43343f8dc38\",\"name\":\"Reda\u00e7\u00e3o\",\"image\":{\"@type\":\"ImageObject\",\"inLanguage\":\"pt-BR\",\"@id\":\"https:\/\/sudoesteacontece.com.br\/#\/schema\/person\/image\/\",\"url\":\"https:\/\/secure.gravatar.com\/avatar\/c3a5b3c93f268a709c25a2df414c629a96fb3b1b4bf97a94fb3f72e54ae76903?s=96&d=mm&r=g\",\"contentUrl\":\"https:\/\/secure.gravatar.com\/avatar\/c3a5b3c93f268a709c25a2df414c629a96fb3b1b4bf97a94fb3f72e54ae76903?s=96&d=mm&r=g\",\"caption\":\"Reda\u00e7\u00e3o\"},\"url\":\"https:\/\/sudoesteacontece.com.br\/?author=4\"}]}<\/script>\n<!-- \/ Yoast SEO plugin. -->","yoast_head_json":{"title":"Orlando Caires aposta em vit\u00f3ria no primeiro turno e v\u00ea ACM Neto forte na Bahia - Sudoesteacontece","robots":{"index":"index","follow":"follow","max-snippet":"max-snippet:-1","max-image-preview":"max-image-preview:large","max-video-preview":"max-video-preview:-1"},"canonical":"https:\/\/sudoesteacontece.com.br\/?p=28682","og_locale":"pt_BR","og_type":"article","og_title":"Orlando Caires aposta em vit\u00f3ria no primeiro turno e v\u00ea ACM Neto forte na Bahia - Sudoesteacontece","og_description":"O professor e ex-candidato a prefeito de Dom Bas\u00edlio Orlando Caires afirmou neste s\u00e1bado (29) acreditar que a elei\u00e7\u00e3o para o Governo da Bahia poder\u00e1 ser definida ainda no primeiro turno. A declara\u00e7\u00e3o ocorreu durante entrevista e foi acompanhada de uma manifesta\u00e7\u00e3o de apoio ao ex-prefeito de Salvador ACM Neto. Para Caires, a disputa tende a se concentrar nos nomes com maior for\u00e7a eleitoral. Segundo Orlando, o n\u00famero reduzido de candidatos com capacidade para disputar diretamente a prefer\u00eancia do eleitorado pode favorecer uma defini\u00e7\u00e3o j\u00e1 na primeira etapa da vota\u00e7\u00e3o. Ele avaliou que o cen\u00e1rio estadual apresenta condi\u00e7\u00f5es para que um dos concorrentes alcance a maioria necess\u00e1ria para evitar a realiza\u00e7\u00e3o do segundo turno. Durante a entrevista, o professor declarou apoio a ACM Neto e afirmou que o ex-prefeito de Salvador apresenta condi\u00e7\u00f5es para participar de uma disputa competitiva pelo comando do Estado. A avalia\u00e7\u00e3o foi feita a partir do cen\u00e1rio pol\u00edtico observado por Orlando no per\u00edodo que antecede as elei\u00e7\u00f5es estaduais. Na an\u00e1lise do ex-candidato, a concentra\u00e7\u00e3o de votos entre os postulantes com maior densidade eleitoral ser\u00e1 um dos fatores determinantes para o resultado. \u201cNa minha avalia\u00e7\u00e3o, a elei\u00e7\u00e3o na Bahia \u00e9 decidida em primeiro turno, independentemente de quem vai ganhar\u201d, afirmou. Enquanto as articula\u00e7\u00f5es para a elei\u00e7\u00e3o de 2026 avan\u00e7am, Orlando Caires mant\u00e9m apoio \u00e0 candidatura de ACM Neto e considera favor\u00e1vel o cen\u00e1rio enfrentado pelo ex-prefeito. A vota\u00e7\u00e3o para o Governo da Bahia est\u00e1 prevista para ocorrer em outubro.","og_url":"https:\/\/sudoesteacontece.com.br\/?p=28682","og_site_name":"Sudoesteacontece","article_publisher":"https:\/\/www.facebook.com\/sudoesteacontece\/?locale=pt_BR","article_published_time":"2026-08-31T12:07:32+00:00","article_modified_time":"2026-08-31T12:07:38+00:00","og_image":[{"width":900,"height":600,"url":"http:\/\/sudoesteacontece.com.br\/wp-content\/uploads\/2026\/08\/Orlando-Caires-aposta-em-vitoria-no-primeiro-turno-e-ve-ACM-Neto-forte-na-Bahia.jpg","type":"image\/jpeg"}],"author":"Reda\u00e7\u00e3o","twitter_card":"summary_large_image","twitter_misc":{"Escrito por":"Reda\u00e7\u00e3o","Est. tempo de leitura":"2 minutos"},"schema":{"@context":"https:\/\/schema.org","@graph":[{"@type":"Article","@id":"https:\/\/sudoesteacontece.com.br\/?p=28682#article","isPartOf":{"@id":"https:\/\/sudoesteacontece.com.br\/?p=28682"},"author":{"name":"Reda\u00e7\u00e3o","@id":"https:\/\/sudoesteacontece.com.br\/#\/schema\/person\/a4f22429c1d0923ef8f7d43343f8dc38"},"headline":"Orlando Caires aposta em vit\u00f3ria no primeiro turno e v\u00ea ACM Neto forte na Bahia","datePublished":"2026-08-31T12:07:32+00:00","dateModified":"2026-08-31T12:07:38+00:00","mainEntityOfPage":{"@id":"https:\/\/sudoesteacontece.com.br\/?p=28682"},"wordCount":285,"commentCount":0,"publisher":{"@id":"https:\/\/sudoesteacontece.com.br\/#organization"},"image":{"@id":"https:\/\/sudoesteacontece.com.br\/?p=28682#primaryimage"},"thumbnailUrl":"https:\/\/sudoesteacontece.com.br\/wp-content\/uploads\/2026\/08\/Orlando-Caires-aposta-em-vitoria-no-primeiro-turno-e-ve-ACM-Neto-forte-na-Bahia.jpg","articleSection":["Bahia","Cidades","Dom Bas\u00edlio","Elei\u00e7\u00f5es 2026","Pol\u00edtica"],"inLanguage":"pt-BR","potentialAction":[{"@type":"CommentAction","name":"Comment","target":["https:\/\/sudoesteacontece.com.br\/?p=28682#respond"]}]},{"@type":"WebPage","@id":"https:\/\/sudoesteacontece.com.br\/?p=28682","url":"https:\/\/sudoesteacontece.com.br\/?p=28682","name":"Orlando Caires aposta em vit\u00f3ria no primeiro turno e v\u00ea ACM Neto forte na Bahia - Sudoesteacontece","isPartOf":{"@id":"https:\/\/sudoesteacontece.com.br\/#website"},"primaryImageOfPage":{"@id":"https:\/\/sudoesteacontece.com.br\/?p=28682#primaryimage"},"image":{"@id":"https:\/\/sudoesteacontece.com.br\/?p=28682#primaryimage"},"thumbnailUrl":"https:\/\/sudoesteacontece.com.br\/wp-content\/uploads\/2026\/08\/Orlando-Caires-aposta-em-vitoria-no-primeiro-turno-e-ve-ACM-Neto-forte-na-Bahia.jpg","datePublished":"2026-08-31T12:07:32+00:00","dateModified":"2026-08-31T12:07:38+00:00","breadcrumb":{"@id":"https:\/\/sudoesteacontece.com.br\/?p=28682#breadcrumb"},"inLanguage":"pt-BR","potentialAction":[{"@type":"ReadAction","target":["https:\/\/sudoesteacontece.com.br\/?p=28682"]}]},{"@type":"ImageObject","inLanguage":"pt-BR","@id":"https:\/\/sudoesteacontece.com.br\/?p=28682#primaryimage","url":"https:\/\/sudoesteacontece.com.br\/wp-content\/uploads\/2026\/08\/Orlando-Caires-aposta-em-vitoria-no-primeiro-turno-e-ve-ACM-Neto-forte-na-Bahia.jpg","contentUrl":"https:\/\/sudoesteacontece.com.br\/wp-content\/uploads\/2026\/08\/Orlando-Caires-aposta-em-vitoria-no-primeiro-turno-e-ve-ACM-Neto-forte-na-Bahia.jpg","width":900,"height":600},{"@type":"BreadcrumbList","@id":"https:\/\/sudoesteacontece.com.br\/?p=28682#breadcrumb","itemListElement":[{"@type":"ListItem","position":1,"name":"In\u00edcio","item":"https:\/\/sudoesteacontece.com.br\/"},{"@type":"ListItem","position":2,"name":"Orlando Caires aposta em vit\u00f3ria no primeiro turno e v\u00ea ACM Neto forte na Bahia"}]},{"@type":"WebSite","@id":"https:\/\/sudoesteacontece.com.br\/#website","url":"https:\/\/sudoesteacontece.com.br\/","name":"Sudoesteacontece","description":"","publisher":{"@id":"https:\/\/sudoesteacontece.com.br\/#organization"},"potentialAction":[{"@type":"SearchAction","target":{"@type":"EntryPoint","urlTemplate":"https:\/\/sudoesteacontece.com.br\/?s={search_term_string}"},"query-input":{"@type":"PropertyValueSpecification","valueRequired":true,"valueName":"search_term_string"}}],"inLanguage":"pt-BR"},{"@type":"Organization","@id":"https:\/\/sudoesteacontece.com.br\/#organization","name":"Sudoesteacontece","url":"https:\/\/sudoesteacontece.com.br\/","logo":{"@type":"ImageObject","inLanguage":"pt-BR","@id":"https:\/\/sudoesteacontece.com.br\/#\/schema\/logo\/image\/","url":"https:\/\/sudoesteacontece.com.br\/wp-content\/uploads\/2025\/12\/cropped-logo-2-180x180-1.png","contentUrl":"https:\/\/sudoesteacontece.com.br\/wp-content\/uploads\/2025\/12\/cropped-logo-2-180x180-1.png","width":180,"height":180,"caption":"Sudoesteacontece"},"image":{"@id":"https:\/\/sudoesteacontece.com.br\/#\/schema\/logo\/image\/"},"sameAs":["https:\/\/www.facebook.com\/sudoesteacontece\/?locale=pt_BR"]},{"@type":"Person","@id":"https:\/\/sudoesteacontece.com.br\/#\/schema\/person\/a4f22429c1d0923ef8f7d43343f8dc38","name":"Reda\u00e7\u00e3o","image":{"@type":"ImageObject","inLanguage":"pt-BR","@id":"https:\/\/sudoesteacontece.com.br\/#\/schema\/person\/image\/","url":"https:\/\/secure.gravatar.com\/avatar\/c3a5b3c93f268a709c25a2df414c629a96fb3b1b4bf97a94fb3f72e54ae76903?s=96&d=mm&r=g","contentUrl":"https:\/\/secure.gravatar.com\/avatar\/c3a5b3c93f268a709c25a2df414c629a96fb3b1b4bf97a94fb3f72e54ae76903?s=96&d=mm&r=g","caption":"Reda\u00e7\u00e3o"},"url":"https:\/\/sudoesteacontece.com.br\/?author=4"}]}},"_links":{"self":[{"href":"https:\/\/sudoesteacontece.com.br\/index.php?rest_route=\/wp\/v2\/posts\/28682","targetHints":{"allow":["GET"]}}],"collection":[{"href":"https:\/\/sudoesteacontece.com.br\/index.php?rest_route=\/wp\/v2\/posts"}],"about":[{"href":"https:\/\/sudoesteacontece.com.br\/index.php?rest_route=\/wp\/v2\/types\/post"}],"author":[{"embeddable":true,"href":"https:\/\/sudoesteacontece.com.br\/index.php?rest_route=\/wp\/v2\/users\/4"}],"replies":[{"embeddable":true,"href":"https:\/\/sudoesteacontece.com.br\/index.php?rest_route=%2Fwp%2Fv2%2Fcomments&post=28682"}],"version-history":[{"count":1,"href":"https:\/\/sudoesteacontece.com.br\/index.php?rest_route=\/wp\/v2\/posts\/28682\/revisions"}],"predecessor-version":[{"id":28703,"href":"https:\/\/sudoesteacontece.com.br\/index.php?rest_route=\/wp\/v2\/posts\/28682\/revisions\/28703"}],"wp:featuredmedia":[{"embeddable":true,"href":"https:\/\/sudoesteacontece.com.br\/index.php?rest_route=\/wp\/v2\/media\/28702"}],"wp:attachment":[{"href":"https:\/\/sudoesteacontece.com.br\/index.php?rest_route=%2Fwp%2Fv2%2Fmedia&parent=28682"}],"wp:term":[{"taxonomy":"category","embeddable":true,"href":"https:\/\/sudoesteacontece.com.br\/index.php?rest_route=%2Fwp%2Fv2%2Fcategories&post=28682"},{"taxonomy":"post_tag","embeddable":true,"href":"https:\/\/sudoesteacontece.com.br\/index.php?rest_route=%2Fwp%2Fv2%2Ftags&post=28682"}],"curies":[{"name":"wp","href":"https:\/\/api.w.org\/{rel}","templated":true}]}}